{"id":13292,"date":"2022-02-16T21:09:51","date_gmt":"2022-02-16T21:09:51","guid":{"rendered":"https:\/\/cvinoticias.com\/v3\/?p=13292"},"modified":"2022-02-16T21:09:51","modified_gmt":"2022-02-16T21:09:51","slug":"dos-misioneros-un-colombiano-y-un-paraguayo-se-fugaron-de-la-comisaria-de-san-martin","status":"publish","type":"post","link":"https:\/\/cvinoticias.com\/v3\/dos-misioneros-un-colombiano-y-un-paraguayo-se-fugaron-de-la-comisaria-de-san-martin\/","title":{"rendered":"<br>Dos misioneros, un colombiano y un paraguayo, se fugaron de la comisar\u00eda de San Mart\u00edn"},"content":{"rendered":"\n<p><strong><em>La Polic\u00eda de Misiones realiza un amplio rastrillaje para intentar recapturar a cuatro presos federales evadidos de la comisar\u00eda local.<\/em><\/strong><\/p>\n\n\n\n<p>Son intensamente buscados:&nbsp;<strong>Deivy Montes,&nbsp;<\/strong>colombiano de 28 a\u00f1os<strong>; Roberto Viano<\/strong>&nbsp;de la misma edad<strong>&nbsp;y Cristian Pereyra&nbsp;<\/strong>de 21, ambos misioneros, y<strong>&nbsp;Celino R\u00edos,&nbsp;<\/strong>de nacionalidad paraguaya. Los cuatro estaban a disposici\u00f3n de la Justicia Federal.<\/p>\n\n\n\n<p>El jefe de la Polic\u00eda de Misiones, comisario general, Carlos Merlo encabeza el rastrillaje que se concentra en la zona centro, pero ya se ampl\u00eda estrat\u00e9gicamente a otros puntos de la Provincia.<\/p>\n\n\n\n<p>La Jefatura de Polic\u00eda investiga las circunstancias en las que se produjeron las fugas, presumiblemente entre anoche y esta madrugada. Los efectivos que constataron la evasi\u00f3n, notaron que las trabas de la celda estaban violentadas.<\/p>\n","protected":false},"excerpt":{"rendered":"<p>La Polic\u00eda de Misiones realiza un amplio rastrillaje para intentar recapturar a cuatro presos federales evadidos de la comisar\u00eda local. Son intensamente buscados:&nbsp;Deivy Montes,&nbsp;colombiano de 28 a\u00f1os; Roberto Viano&nbsp;de la misma edad&nbsp;y Cristian Pereyra&nbsp;de 21, ambos misioneros, y&nbsp;Celino R\u00edos,&nbsp;de nacionalidad paraguaya. Los cuatro estaban a disposici\u00f3n de la Justicia Federal. El jefe de la Polic\u00eda [&hellip;]<\/p>\n","protected":false},"author":2,"featured_media":13293,"comment_status":"open","ping_status":"open","sticky":false,"template":"","format":"standard","meta":{"footnotes":""},"categories":[41],"tags":[],"class_list":["post-13292","post","type-post","status-publish","format-standard","has-post-thumbnail","hentry","category-policiales"],"yoast_head":"<!-- This site is optimized with the Yoast SEO plugin v27.5 - https:\/\/yoast.com\/product\/yoast-seo-wordpress\/ -->\n<title>Dos misioneros, un colombiano y un paraguayo, se fugaron de la comisar\u00eda de San Mart\u00edn | CVI NOTICIAS<\/title>\n<meta name=\"robots\" content=\"index, follow, max-snippet:-1, max-image-preview:large, max-video-preview:-1\" \/>\n<link rel=\"canonical\" href=\"https:\/\/cvinoticias.com\/v3\/dos-misioneros-un-colombiano-y-un-paraguayo-se-fugaron-de-la-comisaria-de-san-martin\/\" \/>\n<meta property=\"og:locale\" content=\"es_ES\" \/>\n<meta property=\"og:type\" content=\"article\" \/>\n<meta property=\"og:title\" content=\"Dos misioneros, un colombiano y un paraguayo, se fugaron de la comisar\u00eda de San Mart\u00edn | CVI NOTICIAS\" \/>\n<meta property=\"og:description\" content=\"La Polic\u00eda de Misiones realiza un amplio rastrillaje para intentar recapturar a cuatro presos federales evadidos de la comisar\u00eda local. Son intensamente buscados:&nbsp;Deivy Montes,&nbsp;colombiano de 28 a\u00f1os; Roberto Viano&nbsp;de la misma edad&nbsp;y Cristian Pereyra&nbsp;de 21, ambos misioneros, y&nbsp;Celino R\u00edos,&nbsp;de nacionalidad paraguaya. Los cuatro estaban a disposici\u00f3n de la Justicia Federal. El jefe de la Polic\u00eda [&hellip;]\" \/>\n<meta property=\"og:url\" content=\"https:\/\/cvinoticias.com\/v3\/dos-misioneros-un-colombiano-y-un-paraguayo-se-fugaron-de-la-comisaria-de-san-martin\/\" \/>\n<meta property=\"og:site_name\" content=\"CVI NOTICIAS\" \/>\n<meta property=\"article:publisher\" content=\"https:\/\/www.facebook.com\/cvinoticias\" \/>\n<meta property=\"article:published_time\" content=\"2022-02-16T21:09:51+00:00\" \/>\n<meta property=\"og:image\" content=\"https:\/\/cvinoticias.com\/wp-content\/uploads\/2022\/02\/Screenshot_20220216-180846_Facebook.jpg\" \/>\n\t<meta property=\"og:image:width\" content=\"834\" \/>\n\t<meta property=\"og:image:height\" content=\"630\" \/>\n\t<meta property=\"og:image:type\" content=\"image\/jpeg\" \/>\n<meta name=\"author\" content=\"f1000024\" \/>\n<meta name=\"twitter:card\" content=\"summary_large_image\" \/>\n<meta name=\"twitter:label1\" content=\"Escrito por\" \/>\n\t<meta name=\"twitter:data1\" content=\"f1000024\" \/>\n\t<meta name=\"twitter:label2\" content=\"Tiempo de lectura\" \/>\n\t<meta name=\"twitter:data2\" content=\"1 minuto\" \/>\n<script type=\"application\/ld+json\" class=\"yoast-schema-graph\">{\"@context\":\"https:\\\/\\\/schema.org\",\"@graph\":[{\"@type\":\"Article\",\"@id\":\"https:\\\/\\\/cvinoticias.com\\\/v3\\\/dos-misioneros-un-colombiano-y-un-paraguayo-se-fugaron-de-la-comisaria-de-san-martin\\\/#article\",\"isPartOf\":{\"@id\":\"https:\\\/\\\/cvinoticias.com\\\/v3\\\/dos-misioneros-un-colombiano-y-un-paraguayo-se-fugaron-de-la-comisaria-de-san-martin\\\/\"},\"author\":{\"name\":\"f1000024\",\"@id\":\"https:\\\/\\\/cvinoticias.com\\\/v3\\\/#\\\/schema\\\/person\\\/2db77e3c6bc03c538495d7b2b8be9b66\"},\"headline\":\"Dos misioneros, un colombiano y un paraguayo, se fugaron de la comisar\u00eda de San Mart\u00edn\",\"datePublished\":\"2022-02-16T21:09:51+00:00\",\"mainEntityOfPage\":{\"@id\":\"https:\\\/\\\/cvinoticias.com\\\/v3\\\/dos-misioneros-un-colombiano-y-un-paraguayo-se-fugaron-de-la-comisaria-de-san-martin\\\/\"},\"wordCount\":156,\"commentCount\":0,\"publisher\":{\"@id\":\"https:\\\/\\\/cvinoticias.com\\\/v3\\\/#organization\"},\"image\":{\"@id\":\"https:\\\/\\\/cvinoticias.com\\\/v3\\\/dos-misioneros-un-colombiano-y-un-paraguayo-se-fugaron-de-la-comisaria-de-san-martin\\\/#primaryimage\"},\"thumbnailUrl\":\"https:\\\/\\\/cvinoticias.com\\\/wp-content\\\/uploads\\\/2022\\\/02\\\/Screenshot_20220216-180846_Facebook.jpg\",\"articleSection\":[\"Policiales\"],\"inLanguage\":\"es\",\"potentialAction\":[{\"@type\":\"CommentAction\",\"name\":\"Comment\",\"target\":[\"https:\\\/\\\/cvinoticias.com\\\/v3\\\/dos-misioneros-un-colombiano-y-un-paraguayo-se-fugaron-de-la-comisaria-de-san-martin\\\/#respond\"]}]},{\"@type\":\"WebPage\",\"@id\":\"https:\\\/\\\/cvinoticias.com\\\/v3\\\/dos-misioneros-un-colombiano-y-un-paraguayo-se-fugaron-de-la-comisaria-de-san-martin\\\/\",\"url\":\"https:\\\/\\\/cvinoticias.com\\\/v3\\\/dos-misioneros-un-colombiano-y-un-paraguayo-se-fugaron-de-la-comisaria-de-san-martin\\\/\",\"name\":\"Dos misioneros, un colombiano y un paraguayo, se fugaron de la comisar\u00eda de San Mart\u00edn | CVI NOTICIAS\",\"isPartOf\":{\"@id\":\"https:\\\/\\\/cvinoticias.com\\\/v3\\\/#website\"},\"primaryImageOfPage\":{\"@id\":\"https:\\\/\\\/cvinoticias.com\\\/v3\\\/dos-misioneros-un-colombiano-y-un-paraguayo-se-fugaron-de-la-comisaria-de-san-martin\\\/#primaryimage\"},\"image\":{\"@id\":\"https:\\\/\\\/cvinoticias.com\\\/v3\\\/dos-misioneros-un-colombiano-y-un-paraguayo-se-fugaron-de-la-comisaria-de-san-martin\\\/#primaryimage\"},\"thumbnailUrl\":\"https:\\\/\\\/cvinoticias.com\\\/wp-content\\\/uploads\\\/2022\\\/02\\\/Screenshot_20220216-180846_Facebook.jpg\",\"datePublished\":\"2022-02-16T21:09:51+00:00\",\"breadcrumb\":{\"@id\":\"https:\\\/\\\/cvinoticias.com\\\/v3\\\/dos-misioneros-un-colombiano-y-un-paraguayo-se-fugaron-de-la-comisaria-de-san-martin\\\/#breadcrumb\"},\"inLanguage\":\"es\",\"potentialAction\":[{\"@type\":\"ReadAction\",\"target\":[\"https:\\\/\\\/cvinoticias.com\\\/v3\\\/dos-misioneros-un-colombiano-y-un-paraguayo-se-fugaron-de-la-comisaria-de-san-martin\\\/\"]}]},{\"@type\":\"ImageObject\",\"inLanguage\":\"es\",\"@id\":\"https:\\\/\\\/cvinoticias.com\\\/v3\\\/dos-misioneros-un-colombiano-y-un-paraguayo-se-fugaron-de-la-comisaria-de-san-martin\\\/#primaryimage\",\"url\":\"https:\\\/\\\/cvinoticias.com\\\/wp-content\\\/uploads\\\/2022\\\/02\\\/Screenshot_20220216-180846_Facebook.jpg\",\"contentUrl\":\"https:\\\/\\\/cvinoticias.com\\\/wp-content\\\/uploads\\\/2022\\\/02\\\/Screenshot_20220216-180846_Facebook.jpg\",\"width\":834,\"height\":630},{\"@type\":\"BreadcrumbList\",\"@id\":\"https:\\\/\\\/cvinoticias.com\\\/v3\\\/dos-misioneros-un-colombiano-y-un-paraguayo-se-fugaron-de-la-comisaria-de-san-martin\\\/#breadcrumb\",\"itemListElement\":[{\"@type\":\"ListItem\",\"position\":1,\"name\":\"Portada\",\"item\":\"https:\\\/\\\/cvinoticias.com\\\/v3\\\/\"},{\"@type\":\"ListItem\",\"position\":2,\"name\":\"Dos misioneros, un colombiano y un paraguayo, se fugaron de la comisar\u00eda de San Mart\u00edn\"}]},{\"@type\":\"WebSite\",\"@id\":\"https:\\\/\\\/cvinoticias.com\\\/v3\\\/#website\",\"url\":\"https:\\\/\\\/cvinoticias.com\\\/v3\\\/\",\"name\":\"CVI NOTICIAS\",\"description\":\"\",\"publisher\":{\"@id\":\"https:\\\/\\\/cvinoticias.com\\\/v3\\\/#organization\"},\"alternateName\":\"CVI\",\"potentialAction\":[{\"@type\":\"SearchAction\",\"target\":{\"@type\":\"EntryPoint\",\"urlTemplate\":\"https:\\\/\\\/cvinoticias.com\\\/v3\\\/?s={search_term_string}\"},\"query-input\":{\"@type\":\"PropertyValueSpecification\",\"valueRequired\":true,\"valueName\":\"search_term_string\"}}],\"inLanguage\":\"es\"},{\"@type\":\"Organization\",\"@id\":\"https:\\\/\\\/cvinoticias.com\\\/v3\\\/#organization\",\"name\":\"CVI NOTICIAS\",\"url\":\"https:\\\/\\\/cvinoticias.com\\\/v3\\\/\",\"logo\":{\"@type\":\"ImageObject\",\"inLanguage\":\"es\",\"@id\":\"https:\\\/\\\/cvinoticias.com\\\/v3\\\/#\\\/schema\\\/logo\\\/image\\\/\",\"url\":\"https:\\\/\\\/cvinoticias.com\\\/wp-content\\\/uploads\\\/2023\\\/04\\\/cropped-cropped-cropped-cropped-cropped-3-1.png\",\"contentUrl\":\"https:\\\/\\\/cvinoticias.com\\\/wp-content\\\/uploads\\\/2023\\\/04\\\/cropped-cropped-cropped-cropped-cropped-3-1.png\",\"width\":95,\"height\":122,\"caption\":\"CVI NOTICIAS\"},\"image\":{\"@id\":\"https:\\\/\\\/cvinoticias.com\\\/v3\\\/#\\\/schema\\\/logo\\\/image\\\/\"},\"sameAs\":[\"https:\\\/\\\/www.facebook.com\\\/cvinoticias\",\"https:\\\/\\\/www.instagram.com\\\/cvinoticias\\\/\",\"https:\\\/\\\/www.youtube.com\\\/@CVINOTICIAS\"]},{\"@type\":\"Person\",\"@id\":\"https:\\\/\\\/cvinoticias.com\\\/v3\\\/#\\\/schema\\\/person\\\/2db77e3c6bc03c538495d7b2b8be9b66\",\"name\":\"f1000024\",\"image\":{\"@type\":\"ImageObject\",\"inLanguage\":\"es\",\"@id\":\"https:\\\/\\\/secure.gravatar.com\\\/avatar\\\/d4fe7459cfc51ff5129ce1a732bbef5928568b8092d412ef95611616376bbeed?s=96&d=mm&r=g\",\"url\":\"https:\\\/\\\/secure.gravatar.com\\\/avatar\\\/d4fe7459cfc51ff5129ce1a732bbef5928568b8092d412ef95611616376bbeed?s=96&d=mm&r=g\",\"contentUrl\":\"https:\\\/\\\/secure.gravatar.com\\\/avatar\\\/d4fe7459cfc51ff5129ce1a732bbef5928568b8092d412ef95611616376bbeed?s=96&d=mm&r=g\",\"caption\":\"f1000024\"},\"url\":\"https:\\\/\\\/cvinoticias.com\\\/v3\\\/author\\\/f1000024\\\/\"}]}<\/script>\n<!-- \/ Yoast SEO plugin. -->","yoast_head_json":{"title":"Dos misioneros, un colombiano y un paraguayo, se fugaron de la comisar\u00eda de San Mart\u00edn | CVI NOTICIAS","robots":{"index":"index","follow":"follow","max-snippet":"max-snippet:-1","max-image-preview":"max-image-preview:large","max-video-preview":"max-video-preview:-1"},"canonical":"https:\/\/cvinoticias.com\/v3\/dos-misioneros-un-colombiano-y-un-paraguayo-se-fugaron-de-la-comisaria-de-san-martin\/","og_locale":"es_ES","og_type":"article","og_title":"Dos misioneros, un colombiano y un paraguayo, se fugaron de la comisar\u00eda de San Mart\u00edn | CVI NOTICIAS","og_description":"La Polic\u00eda de Misiones realiza un amplio rastrillaje para intentar recapturar a cuatro presos federales evadidos de la comisar\u00eda local. Son intensamente buscados:&nbsp;Deivy Montes,&nbsp;colombiano de 28 a\u00f1os; Roberto Viano&nbsp;de la misma edad&nbsp;y Cristian Pereyra&nbsp;de 21, ambos misioneros, y&nbsp;Celino R\u00edos,&nbsp;de nacionalidad paraguaya. Los cuatro estaban a disposici\u00f3n de la Justicia Federal. El jefe de la Polic\u00eda [&hellip;]","og_url":"https:\/\/cvinoticias.com\/v3\/dos-misioneros-un-colombiano-y-un-paraguayo-se-fugaron-de-la-comisaria-de-san-martin\/","og_site_name":"CVI NOTICIAS","article_publisher":"https:\/\/www.facebook.com\/cvinoticias","article_published_time":"2022-02-16T21:09:51+00:00","og_image":[{"width":834,"height":630,"url":"https:\/\/cvinoticias.com\/wp-content\/uploads\/2022\/02\/Screenshot_20220216-180846_Facebook.jpg","type":"image\/jpeg"}],"author":"f1000024","twitter_card":"summary_large_image","twitter_misc":{"Escrito por":"f1000024","Tiempo de lectura":"1 minuto"},"schema":{"@context":"https:\/\/schema.org","@graph":[{"@type":"Article","@id":"https:\/\/cvinoticias.com\/v3\/dos-misioneros-un-colombiano-y-un-paraguayo-se-fugaron-de-la-comisaria-de-san-martin\/#article","isPartOf":{"@id":"https:\/\/cvinoticias.com\/v3\/dos-misioneros-un-colombiano-y-un-paraguayo-se-fugaron-de-la-comisaria-de-san-martin\/"},"author":{"name":"f1000024","@id":"https:\/\/cvinoticias.com\/v3\/#\/schema\/person\/2db77e3c6bc03c538495d7b2b8be9b66"},"headline":"Dos misioneros, un colombiano y un paraguayo, se fugaron de la comisar\u00eda de San Mart\u00edn","datePublished":"2022-02-16T21:09:51+00:00","mainEntityOfPage":{"@id":"https:\/\/cvinoticias.com\/v3\/dos-misioneros-un-colombiano-y-un-paraguayo-se-fugaron-de-la-comisaria-de-san-martin\/"},"wordCount":156,"commentCount":0,"publisher":{"@id":"https:\/\/cvinoticias.com\/v3\/#organization"},"image":{"@id":"https:\/\/cvinoticias.com\/v3\/dos-misioneros-un-colombiano-y-un-paraguayo-se-fugaron-de-la-comisaria-de-san-martin\/#primaryimage"},"thumbnailUrl":"https:\/\/cvinoticias.com\/wp-content\/uploads\/2022\/02\/Screenshot_20220216-180846_Facebook.jpg","articleSection":["Policiales"],"inLanguage":"es","potentialAction":[{"@type":"CommentAction","name":"Comment","target":["https:\/\/cvinoticias.com\/v3\/dos-misioneros-un-colombiano-y-un-paraguayo-se-fugaron-de-la-comisaria-de-san-martin\/#respond"]}]},{"@type":"WebPage","@id":"https:\/\/cvinoticias.com\/v3\/dos-misioneros-un-colombiano-y-un-paraguayo-se-fugaron-de-la-comisaria-de-san-martin\/","url":"https:\/\/cvinoticias.com\/v3\/dos-misioneros-un-colombiano-y-un-paraguayo-se-fugaron-de-la-comisaria-de-san-martin\/","name":"Dos misioneros, un colombiano y un paraguayo, se fugaron de la comisar\u00eda de San Mart\u00edn | CVI NOTICIAS","isPartOf":{"@id":"https:\/\/cvinoticias.com\/v3\/#website"},"primaryImageOfPage":{"@id":"https:\/\/cvinoticias.com\/v3\/dos-misioneros-un-colombiano-y-un-paraguayo-se-fugaron-de-la-comisaria-de-san-martin\/#primaryimage"},"image":{"@id":"https:\/\/cvinoticias.com\/v3\/dos-misioneros-un-colombiano-y-un-paraguayo-se-fugaron-de-la-comisaria-de-san-martin\/#primaryimage"},"thumbnailUrl":"https:\/\/cvinoticias.com\/wp-content\/uploads\/2022\/02\/Screenshot_20220216-180846_Facebook.jpg","datePublished":"2022-02-16T21:09:51+00:00","breadcrumb":{"@id":"https:\/\/cvinoticias.com\/v3\/dos-misioneros-un-colombiano-y-un-paraguayo-se-fugaron-de-la-comisaria-de-san-martin\/#breadcrumb"},"inLanguage":"es","potentialAction":[{"@type":"ReadAction","target":["https:\/\/cvinoticias.com\/v3\/dos-misioneros-un-colombiano-y-un-paraguayo-se-fugaron-de-la-comisaria-de-san-martin\/"]}]},{"@type":"ImageObject","inLanguage":"es","@id":"https:\/\/cvinoticias.com\/v3\/dos-misioneros-un-colombiano-y-un-paraguayo-se-fugaron-de-la-comisaria-de-san-martin\/#primaryimage","url":"https:\/\/cvinoticias.com\/wp-content\/uploads\/2022\/02\/Screenshot_20220216-180846_Facebook.jpg","contentUrl":"https:\/\/cvinoticias.com\/wp-content\/uploads\/2022\/02\/Screenshot_20220216-180846_Facebook.jpg","width":834,"height":630},{"@type":"BreadcrumbList","@id":"https:\/\/cvinoticias.com\/v3\/dos-misioneros-un-colombiano-y-un-paraguayo-se-fugaron-de-la-comisaria-de-san-martin\/#breadcrumb","itemListElement":[{"@type":"ListItem","position":1,"name":"Portada","item":"https:\/\/cvinoticias.com\/v3\/"},{"@type":"ListItem","position":2,"name":"Dos misioneros, un colombiano y un paraguayo, se fugaron de la comisar\u00eda de San Mart\u00edn"}]},{"@type":"WebSite","@id":"https:\/\/cvinoticias.com\/v3\/#website","url":"https:\/\/cvinoticias.com\/v3\/","name":"CVI NOTICIAS","description":"","publisher":{"@id":"https:\/\/cvinoticias.com\/v3\/#organization"},"alternateName":"CVI","potentialAction":[{"@type":"SearchAction","target":{"@type":"EntryPoint","urlTemplate":"https:\/\/cvinoticias.com\/v3\/?s={search_term_string}"},"query-input":{"@type":"PropertyValueSpecification","valueRequired":true,"valueName":"search_term_string"}}],"inLanguage":"es"},{"@type":"Organization","@id":"https:\/\/cvinoticias.com\/v3\/#organization","name":"CVI NOTICIAS","url":"https:\/\/cvinoticias.com\/v3\/","logo":{"@type":"ImageObject","inLanguage":"es","@id":"https:\/\/cvinoticias.com\/v3\/#\/schema\/logo\/image\/","url":"https:\/\/cvinoticias.com\/wp-content\/uploads\/2023\/04\/cropped-cropped-cropped-cropped-cropped-3-1.png","contentUrl":"https:\/\/cvinoticias.com\/wp-content\/uploads\/2023\/04\/cropped-cropped-cropped-cropped-cropped-3-1.png","width":95,"height":122,"caption":"CVI NOTICIAS"},"image":{"@id":"https:\/\/cvinoticias.com\/v3\/#\/schema\/logo\/image\/"},"sameAs":["https:\/\/www.facebook.com\/cvinoticias","https:\/\/www.instagram.com\/cvinoticias\/","https:\/\/www.youtube.com\/@CVINOTICIAS"]},{"@type":"Person","@id":"https:\/\/cvinoticias.com\/v3\/#\/schema\/person\/2db77e3c6bc03c538495d7b2b8be9b66","name":"f1000024","image":{"@type":"ImageObject","inLanguage":"es","@id":"https:\/\/secure.gravatar.com\/avatar\/d4fe7459cfc51ff5129ce1a732bbef5928568b8092d412ef95611616376bbeed?s=96&d=mm&r=g","url":"https:\/\/secure.gravatar.com\/avatar\/d4fe7459cfc51ff5129ce1a732bbef5928568b8092d412ef95611616376bbeed?s=96&d=mm&r=g","contentUrl":"https:\/\/secure.gravatar.com\/avatar\/d4fe7459cfc51ff5129ce1a732bbef5928568b8092d412ef95611616376bbeed?s=96&d=mm&r=g","caption":"f1000024"},"url":"https:\/\/cvinoticias.com\/v3\/author\/f1000024\/"}]}},"_links":{"self":[{"href":"https:\/\/cvinoticias.com\/v3\/wp-json\/wp\/v2\/posts\/13292","targetHints":{"allow":["GET"]}}],"collection":[{"href":"https:\/\/cvinoticias.com\/v3\/wp-json\/wp\/v2\/posts"}],"about":[{"href":"https:\/\/cvinoticias.com\/v3\/wp-json\/wp\/v2\/types\/post"}],"author":[{"embeddable":true,"href":"https:\/\/cvinoticias.com\/v3\/wp-json\/wp\/v2\/users\/2"}],"replies":[{"embeddable":true,"href":"https:\/\/cvinoticias.com\/v3\/wp-json\/wp\/v2\/comments?post=13292"}],"version-history":[{"count":1,"href":"https:\/\/cvinoticias.com\/v3\/wp-json\/wp\/v2\/posts\/13292\/revisions"}],"predecessor-version":[{"id":13294,"href":"https:\/\/cvinoticias.com\/v3\/wp-json\/wp\/v2\/posts\/13292\/revisions\/13294"}],"wp:featuredmedia":[{"embeddable":true,"href":"https:\/\/cvinoticias.com\/v3\/wp-json\/wp\/v2\/media\/13293"}],"wp:attachment":[{"href":"https:\/\/cvinoticias.com\/v3\/wp-json\/wp\/v2\/media?parent=13292"}],"wp:term":[{"taxonomy":"category","embeddable":true,"href":"https:\/\/cvinoticias.com\/v3\/wp-json\/wp\/v2\/categories?post=13292"},{"taxonomy":"post_tag","embeddable":true,"href":"https:\/\/cvinoticias.com\/v3\/wp-json\/wp\/v2\/tags?post=13292"}],"curies":[{"name":"wp","href":"https:\/\/api.w.org\/{rel}","templated":true}]}}