{"id":13283,"date":"2022-02-16T12:08:53","date_gmt":"2022-02-16T12:08:53","guid":{"rendered":"https:\/\/cvinoticias.com\/v3\/?p=13283"},"modified":"2022-02-16T12:08:53","modified_gmt":"2022-02-16T12:08:53","slug":"se-mantendra-la-obligatoriedad-del-uso-de-barbijo-en-las-escuelas-y-se-eliminan-las-burbujas","status":"publish","type":"post","link":"https:\/\/cvinoticias.com\/v3\/se-mantendra-la-obligatoriedad-del-uso-de-barbijo-en-las-escuelas-y-se-eliminan-las-burbujas\/","title":{"rendered":"Se mantendr\u00e1 la obligatoriedad del uso de barbijo en las escuelas y se eliminan las burbujas"},"content":{"rendered":"\n<p><em><strong>Lo acord\u00f3 el Comit\u00e9 Cient\u00edfico de Misiones para organizar el regreso a clases.<\/strong><\/em><\/p>\n\n\n\n<p>Los temas abordados en el encuentro coinciden con los lineamientos acordados en el Consejo Federal de Educaci\u00f3n.<\/p>\n\n\n\n<p>Este martes se realiz\u00f3 una reuni\u00f3n del Comit\u00e9 Cient\u00edfico de la provincia para diagramar las estrategias que aseguren un regreso a clases pleno y cuidado. El encuentro, llevado a cabo en la Casa de Gobierno, estuvo presidido por el vicegobernador de la provincia, Carlos Arce, y participaron el ministro de Educaci\u00f3n, Miguel Sedoff, su par de Salud, Oscar Alarc\u00f3n, el diputado Mart\u00edn Cesino, el presidente del Consejo General de Educaci\u00f3n (CGE), Alberto Galarza, el director de Salud Laboral, Gaspar Arg\u00fcello, el coordinador provincial de Innovaci\u00f3n y Educaci\u00f3n Disruptiva, An\u00edbal Arroyos, entre otros integrantes del comit\u00e9 y autoridades provinciales.<\/p>\n\n\n\n<figure class=\"wp-block-image size-full\"><a href=\"https:\/\/cvinoticias.com\/wp-content\/uploads\/2022\/02\/IMG-20220216-WA0001-1000x600-1.jpg\"><img decoding=\"async\" width=\"1000\" height=\"600\" data-src=\"https:\/\/cvinoticias.com\/wp-content\/uploads\/2022\/02\/IMG-20220216-WA0001-1000x600-1.jpg\" alt=\"\" class=\"wp-image-13285 lazyload\" data-srcset=\"https:\/\/cvinoticias.com\/wp-content\/uploads\/2022\/02\/IMG-20220216-WA0001-1000x600-1.jpg 1000w, https:\/\/cvinoticias.com\/wp-content\/uploads\/2022\/02\/IMG-20220216-WA0001-1000x600-1-300x180.jpg 300w, https:\/\/cvinoticias.com\/wp-content\/uploads\/2022\/02\/IMG-20220216-WA0001-1000x600-1-768x461.jpg 768w\" data-sizes=\"(max-width: 1000px) 100vw, 1000px\" src=\"data:image\/svg+xml;base64,PHN2ZyB3aWR0aD0iMSIgaGVpZ2h0PSIxIiB4bWxucz0iaHR0cDovL3d3dy53My5vcmcvMjAwMC9zdmciPjwvc3ZnPg==\" style=\"--smush-placeholder-width: 1000px; --smush-placeholder-aspect-ratio: 1000\/600;\" \/><\/a><\/figure>\n\n\n\n<p>Los principales temas abordados en el encuentro coinciden con los lineamientos acordados en el Consejo Federal de Educaci\u00f3n realizado el \u00faltimo viernes en la ciudad de Buenos Aires. La intenci\u00f3n es poder asegurar una vuelta a clases plena, segura y cuidada.<\/p>\n\n\n\n<p><strong>Estos son:<\/strong><\/p>\n\n\n\n<ul class=\"wp-block-list\"><li>La eliminaci\u00f3n de las burbujas. Gracias al avance de la vacunaci\u00f3n y a la aplicaci\u00f3n de las normas de bioseguridad actuales, se recomienda la eliminaci\u00f3n de las burbujas en los recreos y en las aulas.<\/li><\/ul>\n\n\n\n<ul class=\"wp-block-list\"><li>Uso del barbijo. Se mantendr\u00e1 vigente la obligatoriedad del uso del barbijo (establecido por la ley XVII N 118) en docentes y estudiantes a partir del 1er grado.<\/li><\/ul>\n\n\n\n<ul class=\"wp-block-list\"><li>Se conserva el distanciamiento m\u00ednimo, la ventilaci\u00f3n cruzada, el lavado de manos frecuente y dem\u00e1s requisitos establecidos en los protocolos escolares vigentes.<\/li><\/ul>\n\n\n\n<ul class=\"wp-block-list\"><li>Vacunaci\u00f3n. Se recomienda completar los esquemas de vacunaci\u00f3n, tanto a estudiantes como a docentes y a toda la comunidad educativa. Quienes tengan s\u00edntomas o malestar general no deber\u00e1n asistir a la escuela, independientemente del estado de vacunaci\u00f3n. Ante la sospecha o confirmaci\u00f3n de COVID-19, deber\u00e1n permanecer en aislamiento siguiendo los criterios vigentes para la poblaci\u00f3n general.<\/li><\/ul>\n\n\n\n<ul class=\"wp-block-list\"><li>La sospecha de brote en el aula no implicar\u00e1 la interrupci\u00f3n de las clases.<\/li><\/ul>\n\n\n\n<ul class=\"wp-block-list\"><li>Aquellos docentes que opten por no vacunarse deber\u00e1n presentar una Declaraci\u00f3n Jurada de Responsabilidad Sanitaria, donde se responsabilicen por las consecuencias en su salud producto de tal decisi\u00f3n.<\/li><\/ul>\n\n\n\n<ul class=\"wp-block-list\"><li>Para los contactos estrechos convivientes sin s\u00edntomas COVID+ no se recomienda aislamiento, s\u00ed fortalecimiento estricto del protocolo y seguimiento por la posible aparici\u00f3n de s\u00edntomas.<\/li><\/ul>\n\n\n\n<p>El Ministerio de Educaci\u00f3n, Ciencia y Tecnolog\u00eda se encuentra elaborando una Resoluci\u00f3n Conjunta con el Ministerio de Salud para aprobar, bajo indicadores sanitarios espec\u00edficos, la posibilidad real de las escuelas de acortar el distanciamiento f\u00edsico en el aula. Este documento ser\u00e1 el instrumento legal concreto del que se podr\u00e1n valer las escuelas, se elaborar\u00e1 la semana que viene y definir\u00e1 los criterios sanitarios y epidemiol\u00f3gicos por el cual se van a sostener o no los escenarios excepcionales o extraordinarios.<\/p>\n\n\n\n<p><strong>Fuente: Ministerio de Educaci\u00f3n, Ciencia y Tecnolog\u00eda de Misiones.<\/strong><\/p>\n\n\n\n<figure class=\"wp-block-image size-large\"><a href=\"https:\/\/cvinoticias.com\/wp-content\/uploads\/2022\/02\/IMG-20220216-WA0000.jpg\"><img decoding=\"async\" width=\"1024\" height=\"682\" data-src=\"https:\/\/cvinoticias.com\/wp-content\/uploads\/2022\/02\/IMG-20220216-WA0000-1024x682.jpg\" alt=\"\" class=\"wp-image-13286 lazyload\" data-srcset=\"https:\/\/cvinoticias.com\/wp-content\/uploads\/2022\/02\/IMG-20220216-WA0000-1024x682.jpg 1024w, https:\/\/cvinoticias.com\/wp-content\/uploads\/2022\/02\/IMG-20220216-WA0000-300x200.jpg 300w, https:\/\/cvinoticias.com\/wp-content\/uploads\/2022\/02\/IMG-20220216-WA0000-768x512.jpg 768w, https:\/\/cvinoticias.com\/wp-content\/uploads\/2022\/02\/IMG-20220216-WA0000.jpg 1280w\" data-sizes=\"(max-width: 1024px) 100vw, 1024px\" src=\"data:image\/svg+xml;base64,PHN2ZyB3aWR0aD0iMSIgaGVpZ2h0PSIxIiB4bWxucz0iaHR0cDovL3d3dy53My5vcmcvMjAwMC9zdmciPjwvc3ZnPg==\" style=\"--smush-placeholder-width: 1024px; --smush-placeholder-aspect-ratio: 1024\/682;\" \/><\/a><\/figure>\n","protected":false},"excerpt":{"rendered":"<p>Lo acord\u00f3 el Comit\u00e9 Cient\u00edfico de Misiones para organizar el regreso a clases. Los temas abordados en el encuentro coinciden con los lineamientos acordados en el Consejo Federal de Educaci\u00f3n. Este martes se realiz\u00f3 una reuni\u00f3n del Comit\u00e9 Cient\u00edfico de la provincia para diagramar las estrategias que aseguren un regreso a clases pleno y cuidado. [&hellip;]<\/p>\n","protected":false},"author":2,"featured_media":13284,"comment_status":"open","ping_status":"open","sticky":false,"template":"","format":"standard","meta":{"footnotes":""},"categories":[26],"tags":[],"class_list":["post-13283","post","type-post","status-publish","format-standard","has-post-thumbnail","hentry","category-educacion"],"yoast_head":"<!-- This site is optimized with the Yoast SEO plugin v27.5 - https:\/\/yoast.com\/product\/yoast-seo-wordpress\/ -->\n<title>Se mantendr\u00e1 la obligatoriedad del uso de barbijo en las escuelas y se eliminan las burbujas | CVI NOTICIAS<\/title>\n<meta name=\"robots\" content=\"index, follow, max-snippet:-1, max-image-preview:large, max-video-preview:-1\" \/>\n<link rel=\"canonical\" href=\"https:\/\/cvinoticias.com\/v3\/se-mantendra-la-obligatoriedad-del-uso-de-barbijo-en-las-escuelas-y-se-eliminan-las-burbujas\/\" \/>\n<meta property=\"og:locale\" content=\"es_ES\" \/>\n<meta property=\"og:type\" content=\"article\" \/>\n<meta property=\"og:title\" content=\"Se mantendr\u00e1 la obligatoriedad del uso de barbijo en las escuelas y se eliminan las burbujas | CVI NOTICIAS\" \/>\n<meta property=\"og:description\" content=\"Lo acord\u00f3 el Comit\u00e9 Cient\u00edfico de Misiones para organizar el regreso a clases. Los temas abordados en el encuentro coinciden con los lineamientos acordados en el Consejo Federal de Educaci\u00f3n. Este martes se realiz\u00f3 una reuni\u00f3n del Comit\u00e9 Cient\u00edfico de la provincia para diagramar las estrategias que aseguren un regreso a clases pleno y cuidado. [&hellip;]\" \/>\n<meta property=\"og:url\" content=\"https:\/\/cvinoticias.com\/v3\/se-mantendra-la-obligatoriedad-del-uso-de-barbijo-en-las-escuelas-y-se-eliminan-las-burbujas\/\" \/>\n<meta property=\"og:site_name\" content=\"CVI NOTICIAS\" \/>\n<meta property=\"article:publisher\" content=\"https:\/\/www.facebook.com\/cvinoticias\" \/>\n<meta property=\"article:published_time\" content=\"2022-02-16T12:08:53+00:00\" \/>\n<meta property=\"og:image\" content=\"https:\/\/cvinoticias.com\/wp-content\/uploads\/2022\/02\/IMG-20220216-WA0002.jpg\" \/>\n\t<meta property=\"og:image:width\" content=\"1280\" \/>\n\t<meta property=\"og:image:height\" content=\"853\" \/>\n\t<meta property=\"og:image:type\" content=\"image\/jpeg\" \/>\n<meta name=\"author\" content=\"f1000024\" \/>\n<meta name=\"twitter:card\" content=\"summary_large_image\" \/>\n<meta name=\"twitter:label1\" content=\"Escrito por\" \/>\n\t<meta name=\"twitter:data1\" content=\"f1000024\" \/>\n\t<meta name=\"twitter:label2\" content=\"Tiempo de lectura\" \/>\n\t<meta name=\"twitter:data2\" content=\"3 minutos\" \/>\n<script type=\"application\/ld+json\" class=\"yoast-schema-graph\">{\"@context\":\"https:\\\/\\\/schema.org\",\"@graph\":[{\"@type\":\"Article\",\"@id\":\"https:\\\/\\\/cvinoticias.com\\\/v3\\\/se-mantendra-la-obligatoriedad-del-uso-de-barbijo-en-las-escuelas-y-se-eliminan-las-burbujas\\\/#article\",\"isPartOf\":{\"@id\":\"https:\\\/\\\/cvinoticias.com\\\/v3\\\/se-mantendra-la-obligatoriedad-del-uso-de-barbijo-en-las-escuelas-y-se-eliminan-las-burbujas\\\/\"},\"author\":{\"name\":\"f1000024\",\"@id\":\"https:\\\/\\\/cvinoticias.com\\\/v3\\\/#\\\/schema\\\/person\\\/2db77e3c6bc03c538495d7b2b8be9b66\"},\"headline\":\"Se mantendr\u00e1 la obligatoriedad del uso de barbijo en las escuelas y se eliminan las burbujas\",\"datePublished\":\"2022-02-16T12:08:53+00:00\",\"mainEntityOfPage\":{\"@id\":\"https:\\\/\\\/cvinoticias.com\\\/v3\\\/se-mantendra-la-obligatoriedad-del-uso-de-barbijo-en-las-escuelas-y-se-eliminan-las-burbujas\\\/\"},\"wordCount\":527,\"commentCount\":0,\"publisher\":{\"@id\":\"https:\\\/\\\/cvinoticias.com\\\/v3\\\/#organization\"},\"image\":{\"@id\":\"https:\\\/\\\/cvinoticias.com\\\/v3\\\/se-mantendra-la-obligatoriedad-del-uso-de-barbijo-en-las-escuelas-y-se-eliminan-las-burbujas\\\/#primaryimage\"},\"thumbnailUrl\":\"https:\\\/\\\/cvinoticias.com\\\/wp-content\\\/uploads\\\/2022\\\/02\\\/IMG-20220216-WA0002.jpg\",\"articleSection\":[\"Educacion\"],\"inLanguage\":\"es\",\"potentialAction\":[{\"@type\":\"CommentAction\",\"name\":\"Comment\",\"target\":[\"https:\\\/\\\/cvinoticias.com\\\/v3\\\/se-mantendra-la-obligatoriedad-del-uso-de-barbijo-en-las-escuelas-y-se-eliminan-las-burbujas\\\/#respond\"]}]},{\"@type\":\"WebPage\",\"@id\":\"https:\\\/\\\/cvinoticias.com\\\/v3\\\/se-mantendra-la-obligatoriedad-del-uso-de-barbijo-en-las-escuelas-y-se-eliminan-las-burbujas\\\/\",\"url\":\"https:\\\/\\\/cvinoticias.com\\\/v3\\\/se-mantendra-la-obligatoriedad-del-uso-de-barbijo-en-las-escuelas-y-se-eliminan-las-burbujas\\\/\",\"name\":\"Se mantendr\u00e1 la obligatoriedad del uso de barbijo en las escuelas y se eliminan las burbujas | CVI NOTICIAS\",\"isPartOf\":{\"@id\":\"https:\\\/\\\/cvinoticias.com\\\/v3\\\/#website\"},\"primaryImageOfPage\":{\"@id\":\"https:\\\/\\\/cvinoticias.com\\\/v3\\\/se-mantendra-la-obligatoriedad-del-uso-de-barbijo-en-las-escuelas-y-se-eliminan-las-burbujas\\\/#primaryimage\"},\"image\":{\"@id\":\"https:\\\/\\\/cvinoticias.com\\\/v3\\\/se-mantendra-la-obligatoriedad-del-uso-de-barbijo-en-las-escuelas-y-se-eliminan-las-burbujas\\\/#primaryimage\"},\"thumbnailUrl\":\"https:\\\/\\\/cvinoticias.com\\\/wp-content\\\/uploads\\\/2022\\\/02\\\/IMG-20220216-WA0002.jpg\",\"datePublished\":\"2022-02-16T12:08:53+00:00\",\"breadcrumb\":{\"@id\":\"https:\\\/\\\/cvinoticias.com\\\/v3\\\/se-mantendra-la-obligatoriedad-del-uso-de-barbijo-en-las-escuelas-y-se-eliminan-las-burbujas\\\/#breadcrumb\"},\"inLanguage\":\"es\",\"potentialAction\":[{\"@type\":\"ReadAction\",\"target\":[\"https:\\\/\\\/cvinoticias.com\\\/v3\\\/se-mantendra-la-obligatoriedad-del-uso-de-barbijo-en-las-escuelas-y-se-eliminan-las-burbujas\\\/\"]}]},{\"@type\":\"ImageObject\",\"inLanguage\":\"es\",\"@id\":\"https:\\\/\\\/cvinoticias.com\\\/v3\\\/se-mantendra-la-obligatoriedad-del-uso-de-barbijo-en-las-escuelas-y-se-eliminan-las-burbujas\\\/#primaryimage\",\"url\":\"https:\\\/\\\/cvinoticias.com\\\/wp-content\\\/uploads\\\/2022\\\/02\\\/IMG-20220216-WA0002.jpg\",\"contentUrl\":\"https:\\\/\\\/cvinoticias.com\\\/wp-content\\\/uploads\\\/2022\\\/02\\\/IMG-20220216-WA0002.jpg\",\"width\":1280,\"height\":853},{\"@type\":\"BreadcrumbList\",\"@id\":\"https:\\\/\\\/cvinoticias.com\\\/v3\\\/se-mantendra-la-obligatoriedad-del-uso-de-barbijo-en-las-escuelas-y-se-eliminan-las-burbujas\\\/#breadcrumb\",\"itemListElement\":[{\"@type\":\"ListItem\",\"position\":1,\"name\":\"Portada\",\"item\":\"https:\\\/\\\/cvinoticias.com\\\/v3\\\/\"},{\"@type\":\"ListItem\",\"position\":2,\"name\":\"Se mantendr\u00e1 la obligatoriedad del uso de barbijo en las escuelas y se eliminan las burbujas\"}]},{\"@type\":\"WebSite\",\"@id\":\"https:\\\/\\\/cvinoticias.com\\\/v3\\\/#website\",\"url\":\"https:\\\/\\\/cvinoticias.com\\\/v3\\\/\",\"name\":\"CVI NOTICIAS\",\"description\":\"\",\"publisher\":{\"@id\":\"https:\\\/\\\/cvinoticias.com\\\/v3\\\/#organization\"},\"alternateName\":\"CVI\",\"potentialAction\":[{\"@type\":\"SearchAction\",\"target\":{\"@type\":\"EntryPoint\",\"urlTemplate\":\"https:\\\/\\\/cvinoticias.com\\\/v3\\\/?s={search_term_string}\"},\"query-input\":{\"@type\":\"PropertyValueSpecification\",\"valueRequired\":true,\"valueName\":\"search_term_string\"}}],\"inLanguage\":\"es\"},{\"@type\":\"Organization\",\"@id\":\"https:\\\/\\\/cvinoticias.com\\\/v3\\\/#organization\",\"name\":\"CVI NOTICIAS\",\"url\":\"https:\\\/\\\/cvinoticias.com\\\/v3\\\/\",\"logo\":{\"@type\":\"ImageObject\",\"inLanguage\":\"es\",\"@id\":\"https:\\\/\\\/cvinoticias.com\\\/v3\\\/#\\\/schema\\\/logo\\\/image\\\/\",\"url\":\"https:\\\/\\\/cvinoticias.com\\\/wp-content\\\/uploads\\\/2023\\\/04\\\/cropped-cropped-cropped-cropped-cropped-3-1.png\",\"contentUrl\":\"https:\\\/\\\/cvinoticias.com\\\/wp-content\\\/uploads\\\/2023\\\/04\\\/cropped-cropped-cropped-cropped-cropped-3-1.png\",\"width\":95,\"height\":122,\"caption\":\"CVI NOTICIAS\"},\"image\":{\"@id\":\"https:\\\/\\\/cvinoticias.com\\\/v3\\\/#\\\/schema\\\/logo\\\/image\\\/\"},\"sameAs\":[\"https:\\\/\\\/www.facebook.com\\\/cvinoticias\",\"https:\\\/\\\/www.instagram.com\\\/cvinoticias\\\/\",\"https:\\\/\\\/www.youtube.com\\\/@CVINOTICIAS\"]},{\"@type\":\"Person\",\"@id\":\"https:\\\/\\\/cvinoticias.com\\\/v3\\\/#\\\/schema\\\/person\\\/2db77e3c6bc03c538495d7b2b8be9b66\",\"name\":\"f1000024\",\"image\":{\"@type\":\"ImageObject\",\"inLanguage\":\"es\",\"@id\":\"https:\\\/\\\/secure.gravatar.com\\\/avatar\\\/d4fe7459cfc51ff5129ce1a732bbef5928568b8092d412ef95611616376bbeed?s=96&d=mm&r=g\",\"url\":\"https:\\\/\\\/secure.gravatar.com\\\/avatar\\\/d4fe7459cfc51ff5129ce1a732bbef5928568b8092d412ef95611616376bbeed?s=96&d=mm&r=g\",\"contentUrl\":\"https:\\\/\\\/secure.gravatar.com\\\/avatar\\\/d4fe7459cfc51ff5129ce1a732bbef5928568b8092d412ef95611616376bbeed?s=96&d=mm&r=g\",\"caption\":\"f1000024\"},\"url\":\"https:\\\/\\\/cvinoticias.com\\\/v3\\\/author\\\/f1000024\\\/\"}]}<\/script>\n<!-- \/ Yoast SEO plugin. -->","yoast_head_json":{"title":"Se mantendr\u00e1 la obligatoriedad del uso de barbijo en las escuelas y se eliminan las burbujas | CVI NOTICIAS","robots":{"index":"index","follow":"follow","max-snippet":"max-snippet:-1","max-image-preview":"max-image-preview:large","max-video-preview":"max-video-preview:-1"},"canonical":"https:\/\/cvinoticias.com\/v3\/se-mantendra-la-obligatoriedad-del-uso-de-barbijo-en-las-escuelas-y-se-eliminan-las-burbujas\/","og_locale":"es_ES","og_type":"article","og_title":"Se mantendr\u00e1 la obligatoriedad del uso de barbijo en las escuelas y se eliminan las burbujas | CVI NOTICIAS","og_description":"Lo acord\u00f3 el Comit\u00e9 Cient\u00edfico de Misiones para organizar el regreso a clases. Los temas abordados en el encuentro coinciden con los lineamientos acordados en el Consejo Federal de Educaci\u00f3n. Este martes se realiz\u00f3 una reuni\u00f3n del Comit\u00e9 Cient\u00edfico de la provincia para diagramar las estrategias que aseguren un regreso a clases pleno y cuidado. [&hellip;]","og_url":"https:\/\/cvinoticias.com\/v3\/se-mantendra-la-obligatoriedad-del-uso-de-barbijo-en-las-escuelas-y-se-eliminan-las-burbujas\/","og_site_name":"CVI NOTICIAS","article_publisher":"https:\/\/www.facebook.com\/cvinoticias","article_published_time":"2022-02-16T12:08:53+00:00","og_image":[{"width":1280,"height":853,"url":"https:\/\/cvinoticias.com\/wp-content\/uploads\/2022\/02\/IMG-20220216-WA0002.jpg","type":"image\/jpeg"}],"author":"f1000024","twitter_card":"summary_large_image","twitter_misc":{"Escrito por":"f1000024","Tiempo de lectura":"3 minutos"},"schema":{"@context":"https:\/\/schema.org","@graph":[{"@type":"Article","@id":"https:\/\/cvinoticias.com\/v3\/se-mantendra-la-obligatoriedad-del-uso-de-barbijo-en-las-escuelas-y-se-eliminan-las-burbujas\/#article","isPartOf":{"@id":"https:\/\/cvinoticias.com\/v3\/se-mantendra-la-obligatoriedad-del-uso-de-barbijo-en-las-escuelas-y-se-eliminan-las-burbujas\/"},"author":{"name":"f1000024","@id":"https:\/\/cvinoticias.com\/v3\/#\/schema\/person\/2db77e3c6bc03c538495d7b2b8be9b66"},"headline":"Se mantendr\u00e1 la obligatoriedad del uso de barbijo en las escuelas y se eliminan las burbujas","datePublished":"2022-02-16T12:08:53+00:00","mainEntityOfPage":{"@id":"https:\/\/cvinoticias.com\/v3\/se-mantendra-la-obligatoriedad-del-uso-de-barbijo-en-las-escuelas-y-se-eliminan-las-burbujas\/"},"wordCount":527,"commentCount":0,"publisher":{"@id":"https:\/\/cvinoticias.com\/v3\/#organization"},"image":{"@id":"https:\/\/cvinoticias.com\/v3\/se-mantendra-la-obligatoriedad-del-uso-de-barbijo-en-las-escuelas-y-se-eliminan-las-burbujas\/#primaryimage"},"thumbnailUrl":"https:\/\/cvinoticias.com\/wp-content\/uploads\/2022\/02\/IMG-20220216-WA0002.jpg","articleSection":["Educacion"],"inLanguage":"es","potentialAction":[{"@type":"CommentAction","name":"Comment","target":["https:\/\/cvinoticias.com\/v3\/se-mantendra-la-obligatoriedad-del-uso-de-barbijo-en-las-escuelas-y-se-eliminan-las-burbujas\/#respond"]}]},{"@type":"WebPage","@id":"https:\/\/cvinoticias.com\/v3\/se-mantendra-la-obligatoriedad-del-uso-de-barbijo-en-las-escuelas-y-se-eliminan-las-burbujas\/","url":"https:\/\/cvinoticias.com\/v3\/se-mantendra-la-obligatoriedad-del-uso-de-barbijo-en-las-escuelas-y-se-eliminan-las-burbujas\/","name":"Se mantendr\u00e1 la obligatoriedad del uso de barbijo en las escuelas y se eliminan las burbujas | CVI NOTICIAS","isPartOf":{"@id":"https:\/\/cvinoticias.com\/v3\/#website"},"primaryImageOfPage":{"@id":"https:\/\/cvinoticias.com\/v3\/se-mantendra-la-obligatoriedad-del-uso-de-barbijo-en-las-escuelas-y-se-eliminan-las-burbujas\/#primaryimage"},"image":{"@id":"https:\/\/cvinoticias.com\/v3\/se-mantendra-la-obligatoriedad-del-uso-de-barbijo-en-las-escuelas-y-se-eliminan-las-burbujas\/#primaryimage"},"thumbnailUrl":"https:\/\/cvinoticias.com\/wp-content\/uploads\/2022\/02\/IMG-20220216-WA0002.jpg","datePublished":"2022-02-16T12:08:53+00:00","breadcrumb":{"@id":"https:\/\/cvinoticias.com\/v3\/se-mantendra-la-obligatoriedad-del-uso-de-barbijo-en-las-escuelas-y-se-eliminan-las-burbujas\/#breadcrumb"},"inLanguage":"es","potentialAction":[{"@type":"ReadAction","target":["https:\/\/cvinoticias.com\/v3\/se-mantendra-la-obligatoriedad-del-uso-de-barbijo-en-las-escuelas-y-se-eliminan-las-burbujas\/"]}]},{"@type":"ImageObject","inLanguage":"es","@id":"https:\/\/cvinoticias.com\/v3\/se-mantendra-la-obligatoriedad-del-uso-de-barbijo-en-las-escuelas-y-se-eliminan-las-burbujas\/#primaryimage","url":"https:\/\/cvinoticias.com\/wp-content\/uploads\/2022\/02\/IMG-20220216-WA0002.jpg","contentUrl":"https:\/\/cvinoticias.com\/wp-content\/uploads\/2022\/02\/IMG-20220216-WA0002.jpg","width":1280,"height":853},{"@type":"BreadcrumbList","@id":"https:\/\/cvinoticias.com\/v3\/se-mantendra-la-obligatoriedad-del-uso-de-barbijo-en-las-escuelas-y-se-eliminan-las-burbujas\/#breadcrumb","itemListElement":[{"@type":"ListItem","position":1,"name":"Portada","item":"https:\/\/cvinoticias.com\/v3\/"},{"@type":"ListItem","position":2,"name":"Se mantendr\u00e1 la obligatoriedad del uso de barbijo en las escuelas y se eliminan las burbujas"}]},{"@type":"WebSite","@id":"https:\/\/cvinoticias.com\/v3\/#website","url":"https:\/\/cvinoticias.com\/v3\/","name":"CVI NOTICIAS","description":"","publisher":{"@id":"https:\/\/cvinoticias.com\/v3\/#organization"},"alternateName":"CVI","potentialAction":[{"@type":"SearchAction","target":{"@type":"EntryPoint","urlTemplate":"https:\/\/cvinoticias.com\/v3\/?s={search_term_string}"},"query-input":{"@type":"PropertyValueSpecification","valueRequired":true,"valueName":"search_term_string"}}],"inLanguage":"es"},{"@type":"Organization","@id":"https:\/\/cvinoticias.com\/v3\/#organization","name":"CVI NOTICIAS","url":"https:\/\/cvinoticias.com\/v3\/","logo":{"@type":"ImageObject","inLanguage":"es","@id":"https:\/\/cvinoticias.com\/v3\/#\/schema\/logo\/image\/","url":"https:\/\/cvinoticias.com\/wp-content\/uploads\/2023\/04\/cropped-cropped-cropped-cropped-cropped-3-1.png","contentUrl":"https:\/\/cvinoticias.com\/wp-content\/uploads\/2023\/04\/cropped-cropped-cropped-cropped-cropped-3-1.png","width":95,"height":122,"caption":"CVI NOTICIAS"},"image":{"@id":"https:\/\/cvinoticias.com\/v3\/#\/schema\/logo\/image\/"},"sameAs":["https:\/\/www.facebook.com\/cvinoticias","https:\/\/www.instagram.com\/cvinoticias\/","https:\/\/www.youtube.com\/@CVINOTICIAS"]},{"@type":"Person","@id":"https:\/\/cvinoticias.com\/v3\/#\/schema\/person\/2db77e3c6bc03c538495d7b2b8be9b66","name":"f1000024","image":{"@type":"ImageObject","inLanguage":"es","@id":"https:\/\/secure.gravatar.com\/avatar\/d4fe7459cfc51ff5129ce1a732bbef5928568b8092d412ef95611616376bbeed?s=96&d=mm&r=g","url":"https:\/\/secure.gravatar.com\/avatar\/d4fe7459cfc51ff5129ce1a732bbef5928568b8092d412ef95611616376bbeed?s=96&d=mm&r=g","contentUrl":"https:\/\/secure.gravatar.com\/avatar\/d4fe7459cfc51ff5129ce1a732bbef5928568b8092d412ef95611616376bbeed?s=96&d=mm&r=g","caption":"f1000024"},"url":"https:\/\/cvinoticias.com\/v3\/author\/f1000024\/"}]}},"_links":{"self":[{"href":"https:\/\/cvinoticias.com\/v3\/wp-json\/wp\/v2\/posts\/13283","targetHints":{"allow":["GET"]}}],"collection":[{"href":"https:\/\/cvinoticias.com\/v3\/wp-json\/wp\/v2\/posts"}],"about":[{"href":"https:\/\/cvinoticias.com\/v3\/wp-json\/wp\/v2\/types\/post"}],"author":[{"embeddable":true,"href":"https:\/\/cvinoticias.com\/v3\/wp-json\/wp\/v2\/users\/2"}],"replies":[{"embeddable":true,"href":"https:\/\/cvinoticias.com\/v3\/wp-json\/wp\/v2\/comments?post=13283"}],"version-history":[{"count":1,"href":"https:\/\/cvinoticias.com\/v3\/wp-json\/wp\/v2\/posts\/13283\/revisions"}],"predecessor-version":[{"id":13287,"href":"https:\/\/cvinoticias.com\/v3\/wp-json\/wp\/v2\/posts\/13283\/revisions\/13287"}],"wp:featuredmedia":[{"embeddable":true,"href":"https:\/\/cvinoticias.com\/v3\/wp-json\/wp\/v2\/media\/13284"}],"wp:attachment":[{"href":"https:\/\/cvinoticias.com\/v3\/wp-json\/wp\/v2\/media?parent=13283"}],"wp:term":[{"taxonomy":"category","embeddable":true,"href":"https:\/\/cvinoticias.com\/v3\/wp-json\/wp\/v2\/categories?post=13283"},{"taxonomy":"post_tag","embeddable":true,"href":"https:\/\/cvinoticias.com\/v3\/wp-json\/wp\/v2\/tags?post=13283"}],"curies":[{"name":"wp","href":"https:\/\/api.w.org\/{rel}","templated":true}]}}