{"id":13270,"date":"2022-02-16T10:57:28","date_gmt":"2022-02-16T10:57:28","guid":{"rendered":"https:\/\/cvinoticias.com\/v3\/?p=13270"},"modified":"2022-02-16T10:57:28","modified_gmt":"2022-02-16T10:57:28","slug":"inflacion-los-alimentos-registraron-la-mayor-suba-desde-2019","status":"publish","type":"post","link":"https:\/\/cvinoticias.com\/v3\/inflacion-los-alimentos-registraron-la-mayor-suba-desde-2019\/","title":{"rendered":"Inflaci\u00f3n: Los alimentos registraron la mayor suba desde 2019"},"content":{"rendered":"\n<p><strong><em>Seg\u00fan el Indec, el rubro \u00abAlimentos y bebidas no alcoh\u00f3licas\u00bb tuvieron una suba del 4.9% en enero, el mayor incremento desde noviembre del 2019.<\/em><\/strong><\/p>\n\n\n\n<p>La inflaci\u00f3n se aceler\u00f3 al 3,9% en enero, su mayor marca en 9 meses, seg\u00fan los datos oficiales publicados por el INDEC este martes. A su vez,&nbsp;la divisi\u00f3n alimentos subi\u00f3 al 4,9%, el mayor incremento mensual desde noviembre del 2019.<\/p>\n\n\n\n<p>\u00abLo m\u00e1s relevante en la divisi\u00f3n fue el incremento de Verduras, tub\u00e9rculos y legumbres, donde se destacaron el tomate, la lechuga, la papa y la cebolla, entre otras.&nbsp;Tambi\u00e9n sobresali\u00f3 dentro de la divisi\u00f3n&nbsp;el alza de Frutas, especialmente el lim\u00f3n y la naranja\u00bb,&nbsp;asegur\u00f3 el INDEC.<\/p>\n\n\n\n<h3 class=\"wp-block-heading\" id=\"los-alimentos-que-mas-subieron\">LOS ALIMENTOS QUE M\u00c1S SUBIERON<\/h3>\n\n\n\n<p>La mayor suba corresponde al tomate redondo por kilo que subi\u00f3 un 82,2%, al valer $113,26 en diciembre y elevarse a $206,33 en enero.<\/p>\n\n\n\n<p>En segundo lugar se encontr\u00f3 la lechuga que creci\u00f3 51,1% su valor, ya que de $151,67 el kilo en diciembre su precio subi\u00f3 a $229,16 en enero.&nbsp;Completa el podio el lim\u00f3n que aument\u00f3 un 30,2%, ya que su precio salt\u00f3 de $88,46 del mes previo a $115,14.<\/p>\n\n\n\n<h3 class=\"wp-block-heading\" id=\"la-inflacion-de-enero-rubro-por-rubro\">LA INFLACI\u00d3N DE ENERO, RUBRO POR RUBRO<\/h3>\n\n\n\n<p>El rubro \u00abComunicaci\u00f3n\u00bb fue el de mayor suba en el mes (7,5%), impulsada por el aumento en los Servicios de telefon\u00eda e internet. Le sigui\u00f3 \u00abRestaurantes y hoteles\u00bb, con un 5,7%, en la que se destac\u00f3 el incremento de los servicios de alojamiento durante la temporada de vacaciones.<\/p>\n\n\n\n<p>No obstante, la suba en \u00abAlimentos y bebidas no alcoh\u00f3licas\u00bb, que fue del 4,9%, fue la de mayor incidencia en todas las regiones. Lo m\u00e1s relevante en la divisi\u00f3n fue el incremento de Verduras, tub\u00e9rculos y legumbres, donde se destacaron el tomate, la lechuga, la papa y la cebolla, entre otras. Tambi\u00e9n sobresali\u00f3 dentro de la divisi\u00f3n el alza de Frutas, especialmente el lim\u00f3n y la naranja.<\/p>\n\n\n\n<p>Por otro lado, los dos rubros de menor variaci\u00f3n en enero fueron \u00abEducaci\u00f3n\u00bb (0,8%) y \u00abVivienda, agua, electricidad y otros combustibles\u00bb (1,8%). En esta \u00faltima, influy\u00f3 el efecto del bono de diciembre a los encargados de edificios, especialmente en GBA.<\/p>\n","protected":false},"excerpt":{"rendered":"<p>Seg\u00fan el Indec, el rubro \u00abAlimentos y bebidas no alcoh\u00f3licas\u00bb tuvieron una suba del 4.9% en enero, el mayor incremento desde noviembre del 2019. La inflaci\u00f3n se aceler\u00f3 al 3,9% en enero, su mayor marca en 9 meses, seg\u00fan los datos oficiales publicados por el INDEC este martes. A su vez,&nbsp;la divisi\u00f3n alimentos subi\u00f3 al [&hellip;]<\/p>\n","protected":false},"author":2,"featured_media":13271,"comment_status":"open","ping_status":"open","sticky":false,"template":"","format":"standard","meta":{"footnotes":""},"categories":[35],"tags":[],"class_list":["post-13270","post","type-post","status-publish","format-standard","has-post-thumbnail","hentry","category-informacion-general"],"yoast_head":"<!-- This site is optimized with the Yoast SEO plugin v27.5 - https:\/\/yoast.com\/product\/yoast-seo-wordpress\/ -->\n<title>Inflaci\u00f3n: Los alimentos registraron la mayor suba desde 2019 | CVI NOTICIAS<\/title>\n<meta name=\"robots\" content=\"index, follow, max-snippet:-1, max-image-preview:large, max-video-preview:-1\" \/>\n<link rel=\"canonical\" href=\"https:\/\/cvinoticias.com\/v3\/inflacion-los-alimentos-registraron-la-mayor-suba-desde-2019\/\" \/>\n<meta property=\"og:locale\" content=\"es_ES\" \/>\n<meta property=\"og:type\" content=\"article\" \/>\n<meta property=\"og:title\" content=\"Inflaci\u00f3n: Los alimentos registraron la mayor suba desde 2019 | CVI NOTICIAS\" \/>\n<meta property=\"og:description\" content=\"Seg\u00fan el Indec, el rubro \u00abAlimentos y bebidas no alcoh\u00f3licas\u00bb tuvieron una suba del 4.9% en enero, el mayor incremento desde noviembre del 2019. La inflaci\u00f3n se aceler\u00f3 al 3,9% en enero, su mayor marca en 9 meses, seg\u00fan los datos oficiales publicados por el INDEC este martes. A su vez,&nbsp;la divisi\u00f3n alimentos subi\u00f3 al [&hellip;]\" \/>\n<meta property=\"og:url\" content=\"https:\/\/cvinoticias.com\/v3\/inflacion-los-alimentos-registraron-la-mayor-suba-desde-2019\/\" \/>\n<meta property=\"og:site_name\" content=\"CVI NOTICIAS\" \/>\n<meta property=\"article:publisher\" content=\"https:\/\/www.facebook.com\/cvinoticias\" \/>\n<meta property=\"article:published_time\" content=\"2022-02-16T10:57:28+00:00\" \/>\n<meta property=\"og:image\" content=\"https:\/\/cvinoticias.com\/wp-content\/uploads\/2022\/02\/59e54b09eecd7.jpg\" \/>\n\t<meta property=\"og:image:width\" content=\"1596\" \/>\n\t<meta property=\"og:image:height\" content=\"930\" \/>\n\t<meta property=\"og:image:type\" content=\"image\/jpeg\" \/>\n<meta name=\"author\" content=\"f1000024\" \/>\n<meta name=\"twitter:card\" content=\"summary_large_image\" \/>\n<meta name=\"twitter:label1\" content=\"Escrito por\" \/>\n\t<meta name=\"twitter:data1\" content=\"f1000024\" \/>\n\t<meta name=\"twitter:label2\" content=\"Tiempo de lectura\" \/>\n\t<meta name=\"twitter:data2\" content=\"2 minutos\" \/>\n<script type=\"application\/ld+json\" class=\"yoast-schema-graph\">{\"@context\":\"https:\\\/\\\/schema.org\",\"@graph\":[{\"@type\":\"Article\",\"@id\":\"https:\\\/\\\/cvinoticias.com\\\/v3\\\/inflacion-los-alimentos-registraron-la-mayor-suba-desde-2019\\\/#article\",\"isPartOf\":{\"@id\":\"https:\\\/\\\/cvinoticias.com\\\/v3\\\/inflacion-los-alimentos-registraron-la-mayor-suba-desde-2019\\\/\"},\"author\":{\"name\":\"f1000024\",\"@id\":\"https:\\\/\\\/cvinoticias.com\\\/v3\\\/#\\\/schema\\\/person\\\/2db77e3c6bc03c538495d7b2b8be9b66\"},\"headline\":\"Inflaci\u00f3n: Los alimentos registraron la mayor suba desde 2019\",\"datePublished\":\"2022-02-16T10:57:28+00:00\",\"mainEntityOfPage\":{\"@id\":\"https:\\\/\\\/cvinoticias.com\\\/v3\\\/inflacion-los-alimentos-registraron-la-mayor-suba-desde-2019\\\/\"},\"wordCount\":370,\"commentCount\":0,\"publisher\":{\"@id\":\"https:\\\/\\\/cvinoticias.com\\\/v3\\\/#organization\"},\"image\":{\"@id\":\"https:\\\/\\\/cvinoticias.com\\\/v3\\\/inflacion-los-alimentos-registraron-la-mayor-suba-desde-2019\\\/#primaryimage\"},\"thumbnailUrl\":\"https:\\\/\\\/cvinoticias.com\\\/wp-content\\\/uploads\\\/2022\\\/02\\\/59e54b09eecd7.jpg\",\"articleSection\":[\"Informaci\u00f3n General\"],\"inLanguage\":\"es\",\"potentialAction\":[{\"@type\":\"CommentAction\",\"name\":\"Comment\",\"target\":[\"https:\\\/\\\/cvinoticias.com\\\/v3\\\/inflacion-los-alimentos-registraron-la-mayor-suba-desde-2019\\\/#respond\"]}]},{\"@type\":\"WebPage\",\"@id\":\"https:\\\/\\\/cvinoticias.com\\\/v3\\\/inflacion-los-alimentos-registraron-la-mayor-suba-desde-2019\\\/\",\"url\":\"https:\\\/\\\/cvinoticias.com\\\/v3\\\/inflacion-los-alimentos-registraron-la-mayor-suba-desde-2019\\\/\",\"name\":\"Inflaci\u00f3n: Los alimentos registraron la mayor suba desde 2019 | CVI NOTICIAS\",\"isPartOf\":{\"@id\":\"https:\\\/\\\/cvinoticias.com\\\/v3\\\/#website\"},\"primaryImageOfPage\":{\"@id\":\"https:\\\/\\\/cvinoticias.com\\\/v3\\\/inflacion-los-alimentos-registraron-la-mayor-suba-desde-2019\\\/#primaryimage\"},\"image\":{\"@id\":\"https:\\\/\\\/cvinoticias.com\\\/v3\\\/inflacion-los-alimentos-registraron-la-mayor-suba-desde-2019\\\/#primaryimage\"},\"thumbnailUrl\":\"https:\\\/\\\/cvinoticias.com\\\/wp-content\\\/uploads\\\/2022\\\/02\\\/59e54b09eecd7.jpg\",\"datePublished\":\"2022-02-16T10:57:28+00:00\",\"breadcrumb\":{\"@id\":\"https:\\\/\\\/cvinoticias.com\\\/v3\\\/inflacion-los-alimentos-registraron-la-mayor-suba-desde-2019\\\/#breadcrumb\"},\"inLanguage\":\"es\",\"potentialAction\":[{\"@type\":\"ReadAction\",\"target\":[\"https:\\\/\\\/cvinoticias.com\\\/v3\\\/inflacion-los-alimentos-registraron-la-mayor-suba-desde-2019\\\/\"]}]},{\"@type\":\"ImageObject\",\"inLanguage\":\"es\",\"@id\":\"https:\\\/\\\/cvinoticias.com\\\/v3\\\/inflacion-los-alimentos-registraron-la-mayor-suba-desde-2019\\\/#primaryimage\",\"url\":\"https:\\\/\\\/cvinoticias.com\\\/wp-content\\\/uploads\\\/2022\\\/02\\\/59e54b09eecd7.jpg\",\"contentUrl\":\"https:\\\/\\\/cvinoticias.com\\\/wp-content\\\/uploads\\\/2022\\\/02\\\/59e54b09eecd7.jpg\",\"width\":1596,\"height\":930},{\"@type\":\"BreadcrumbList\",\"@id\":\"https:\\\/\\\/cvinoticias.com\\\/v3\\\/inflacion-los-alimentos-registraron-la-mayor-suba-desde-2019\\\/#breadcrumb\",\"itemListElement\":[{\"@type\":\"ListItem\",\"position\":1,\"name\":\"Portada\",\"item\":\"https:\\\/\\\/cvinoticias.com\\\/v3\\\/\"},{\"@type\":\"ListItem\",\"position\":2,\"name\":\"Inflaci\u00f3n: Los alimentos registraron la mayor suba desde 2019\"}]},{\"@type\":\"WebSite\",\"@id\":\"https:\\\/\\\/cvinoticias.com\\\/v3\\\/#website\",\"url\":\"https:\\\/\\\/cvinoticias.com\\\/v3\\\/\",\"name\":\"CVI NOTICIAS\",\"description\":\"\",\"publisher\":{\"@id\":\"https:\\\/\\\/cvinoticias.com\\\/v3\\\/#organization\"},\"alternateName\":\"CVI\",\"potentialAction\":[{\"@type\":\"SearchAction\",\"target\":{\"@type\":\"EntryPoint\",\"urlTemplate\":\"https:\\\/\\\/cvinoticias.com\\\/v3\\\/?s={search_term_string}\"},\"query-input\":{\"@type\":\"PropertyValueSpecification\",\"valueRequired\":true,\"valueName\":\"search_term_string\"}}],\"inLanguage\":\"es\"},{\"@type\":\"Organization\",\"@id\":\"https:\\\/\\\/cvinoticias.com\\\/v3\\\/#organization\",\"name\":\"CVI NOTICIAS\",\"url\":\"https:\\\/\\\/cvinoticias.com\\\/v3\\\/\",\"logo\":{\"@type\":\"ImageObject\",\"inLanguage\":\"es\",\"@id\":\"https:\\\/\\\/cvinoticias.com\\\/v3\\\/#\\\/schema\\\/logo\\\/image\\\/\",\"url\":\"https:\\\/\\\/cvinoticias.com\\\/wp-content\\\/uploads\\\/2023\\\/04\\\/cropped-cropped-cropped-cropped-cropped-3-1.png\",\"contentUrl\":\"https:\\\/\\\/cvinoticias.com\\\/wp-content\\\/uploads\\\/2023\\\/04\\\/cropped-cropped-cropped-cropped-cropped-3-1.png\",\"width\":95,\"height\":122,\"caption\":\"CVI NOTICIAS\"},\"image\":{\"@id\":\"https:\\\/\\\/cvinoticias.com\\\/v3\\\/#\\\/schema\\\/logo\\\/image\\\/\"},\"sameAs\":[\"https:\\\/\\\/www.facebook.com\\\/cvinoticias\",\"https:\\\/\\\/www.instagram.com\\\/cvinoticias\\\/\",\"https:\\\/\\\/www.youtube.com\\\/@CVINOTICIAS\"]},{\"@type\":\"Person\",\"@id\":\"https:\\\/\\\/cvinoticias.com\\\/v3\\\/#\\\/schema\\\/person\\\/2db77e3c6bc03c538495d7b2b8be9b66\",\"name\":\"f1000024\",\"image\":{\"@type\":\"ImageObject\",\"inLanguage\":\"es\",\"@id\":\"https:\\\/\\\/secure.gravatar.com\\\/avatar\\\/d4fe7459cfc51ff5129ce1a732bbef5928568b8092d412ef95611616376bbeed?s=96&d=mm&r=g\",\"url\":\"https:\\\/\\\/secure.gravatar.com\\\/avatar\\\/d4fe7459cfc51ff5129ce1a732bbef5928568b8092d412ef95611616376bbeed?s=96&d=mm&r=g\",\"contentUrl\":\"https:\\\/\\\/secure.gravatar.com\\\/avatar\\\/d4fe7459cfc51ff5129ce1a732bbef5928568b8092d412ef95611616376bbeed?s=96&d=mm&r=g\",\"caption\":\"f1000024\"},\"url\":\"https:\\\/\\\/cvinoticias.com\\\/v3\\\/author\\\/f1000024\\\/\"}]}<\/script>\n<!-- \/ Yoast SEO plugin. -->","yoast_head_json":{"title":"Inflaci\u00f3n: Los alimentos registraron la mayor suba desde 2019 | CVI NOTICIAS","robots":{"index":"index","follow":"follow","max-snippet":"max-snippet:-1","max-image-preview":"max-image-preview:large","max-video-preview":"max-video-preview:-1"},"canonical":"https:\/\/cvinoticias.com\/v3\/inflacion-los-alimentos-registraron-la-mayor-suba-desde-2019\/","og_locale":"es_ES","og_type":"article","og_title":"Inflaci\u00f3n: Los alimentos registraron la mayor suba desde 2019 | CVI NOTICIAS","og_description":"Seg\u00fan el Indec, el rubro \u00abAlimentos y bebidas no alcoh\u00f3licas\u00bb tuvieron una suba del 4.9% en enero, el mayor incremento desde noviembre del 2019. La inflaci\u00f3n se aceler\u00f3 al 3,9% en enero, su mayor marca en 9 meses, seg\u00fan los datos oficiales publicados por el INDEC este martes. A su vez,&nbsp;la divisi\u00f3n alimentos subi\u00f3 al [&hellip;]","og_url":"https:\/\/cvinoticias.com\/v3\/inflacion-los-alimentos-registraron-la-mayor-suba-desde-2019\/","og_site_name":"CVI NOTICIAS","article_publisher":"https:\/\/www.facebook.com\/cvinoticias","article_published_time":"2022-02-16T10:57:28+00:00","og_image":[{"width":1596,"height":930,"url":"https:\/\/cvinoticias.com\/wp-content\/uploads\/2022\/02\/59e54b09eecd7.jpg","type":"image\/jpeg"}],"author":"f1000024","twitter_card":"summary_large_image","twitter_misc":{"Escrito por":"f1000024","Tiempo de lectura":"2 minutos"},"schema":{"@context":"https:\/\/schema.org","@graph":[{"@type":"Article","@id":"https:\/\/cvinoticias.com\/v3\/inflacion-los-alimentos-registraron-la-mayor-suba-desde-2019\/#article","isPartOf":{"@id":"https:\/\/cvinoticias.com\/v3\/inflacion-los-alimentos-registraron-la-mayor-suba-desde-2019\/"},"author":{"name":"f1000024","@id":"https:\/\/cvinoticias.com\/v3\/#\/schema\/person\/2db77e3c6bc03c538495d7b2b8be9b66"},"headline":"Inflaci\u00f3n: Los alimentos registraron la mayor suba desde 2019","datePublished":"2022-02-16T10:57:28+00:00","mainEntityOfPage":{"@id":"https:\/\/cvinoticias.com\/v3\/inflacion-los-alimentos-registraron-la-mayor-suba-desde-2019\/"},"wordCount":370,"commentCount":0,"publisher":{"@id":"https:\/\/cvinoticias.com\/v3\/#organization"},"image":{"@id":"https:\/\/cvinoticias.com\/v3\/inflacion-los-alimentos-registraron-la-mayor-suba-desde-2019\/#primaryimage"},"thumbnailUrl":"https:\/\/cvinoticias.com\/wp-content\/uploads\/2022\/02\/59e54b09eecd7.jpg","articleSection":["Informaci\u00f3n General"],"inLanguage":"es","potentialAction":[{"@type":"CommentAction","name":"Comment","target":["https:\/\/cvinoticias.com\/v3\/inflacion-los-alimentos-registraron-la-mayor-suba-desde-2019\/#respond"]}]},{"@type":"WebPage","@id":"https:\/\/cvinoticias.com\/v3\/inflacion-los-alimentos-registraron-la-mayor-suba-desde-2019\/","url":"https:\/\/cvinoticias.com\/v3\/inflacion-los-alimentos-registraron-la-mayor-suba-desde-2019\/","name":"Inflaci\u00f3n: Los alimentos registraron la mayor suba desde 2019 | CVI NOTICIAS","isPartOf":{"@id":"https:\/\/cvinoticias.com\/v3\/#website"},"primaryImageOfPage":{"@id":"https:\/\/cvinoticias.com\/v3\/inflacion-los-alimentos-registraron-la-mayor-suba-desde-2019\/#primaryimage"},"image":{"@id":"https:\/\/cvinoticias.com\/v3\/inflacion-los-alimentos-registraron-la-mayor-suba-desde-2019\/#primaryimage"},"thumbnailUrl":"https:\/\/cvinoticias.com\/wp-content\/uploads\/2022\/02\/59e54b09eecd7.jpg","datePublished":"2022-02-16T10:57:28+00:00","breadcrumb":{"@id":"https:\/\/cvinoticias.com\/v3\/inflacion-los-alimentos-registraron-la-mayor-suba-desde-2019\/#breadcrumb"},"inLanguage":"es","potentialAction":[{"@type":"ReadAction","target":["https:\/\/cvinoticias.com\/v3\/inflacion-los-alimentos-registraron-la-mayor-suba-desde-2019\/"]}]},{"@type":"ImageObject","inLanguage":"es","@id":"https:\/\/cvinoticias.com\/v3\/inflacion-los-alimentos-registraron-la-mayor-suba-desde-2019\/#primaryimage","url":"https:\/\/cvinoticias.com\/wp-content\/uploads\/2022\/02\/59e54b09eecd7.jpg","contentUrl":"https:\/\/cvinoticias.com\/wp-content\/uploads\/2022\/02\/59e54b09eecd7.jpg","width":1596,"height":930},{"@type":"BreadcrumbList","@id":"https:\/\/cvinoticias.com\/v3\/inflacion-los-alimentos-registraron-la-mayor-suba-desde-2019\/#breadcrumb","itemListElement":[{"@type":"ListItem","position":1,"name":"Portada","item":"https:\/\/cvinoticias.com\/v3\/"},{"@type":"ListItem","position":2,"name":"Inflaci\u00f3n: Los alimentos registraron la mayor suba desde 2019"}]},{"@type":"WebSite","@id":"https:\/\/cvinoticias.com\/v3\/#website","url":"https:\/\/cvinoticias.com\/v3\/","name":"CVI NOTICIAS","description":"","publisher":{"@id":"https:\/\/cvinoticias.com\/v3\/#organization"},"alternateName":"CVI","potentialAction":[{"@type":"SearchAction","target":{"@type":"EntryPoint","urlTemplate":"https:\/\/cvinoticias.com\/v3\/?s={search_term_string}"},"query-input":{"@type":"PropertyValueSpecification","valueRequired":true,"valueName":"search_term_string"}}],"inLanguage":"es"},{"@type":"Organization","@id":"https:\/\/cvinoticias.com\/v3\/#organization","name":"CVI NOTICIAS","url":"https:\/\/cvinoticias.com\/v3\/","logo":{"@type":"ImageObject","inLanguage":"es","@id":"https:\/\/cvinoticias.com\/v3\/#\/schema\/logo\/image\/","url":"https:\/\/cvinoticias.com\/wp-content\/uploads\/2023\/04\/cropped-cropped-cropped-cropped-cropped-3-1.png","contentUrl":"https:\/\/cvinoticias.com\/wp-content\/uploads\/2023\/04\/cropped-cropped-cropped-cropped-cropped-3-1.png","width":95,"height":122,"caption":"CVI NOTICIAS"},"image":{"@id":"https:\/\/cvinoticias.com\/v3\/#\/schema\/logo\/image\/"},"sameAs":["https:\/\/www.facebook.com\/cvinoticias","https:\/\/www.instagram.com\/cvinoticias\/","https:\/\/www.youtube.com\/@CVINOTICIAS"]},{"@type":"Person","@id":"https:\/\/cvinoticias.com\/v3\/#\/schema\/person\/2db77e3c6bc03c538495d7b2b8be9b66","name":"f1000024","image":{"@type":"ImageObject","inLanguage":"es","@id":"https:\/\/secure.gravatar.com\/avatar\/d4fe7459cfc51ff5129ce1a732bbef5928568b8092d412ef95611616376bbeed?s=96&d=mm&r=g","url":"https:\/\/secure.gravatar.com\/avatar\/d4fe7459cfc51ff5129ce1a732bbef5928568b8092d412ef95611616376bbeed?s=96&d=mm&r=g","contentUrl":"https:\/\/secure.gravatar.com\/avatar\/d4fe7459cfc51ff5129ce1a732bbef5928568b8092d412ef95611616376bbeed?s=96&d=mm&r=g","caption":"f1000024"},"url":"https:\/\/cvinoticias.com\/v3\/author\/f1000024\/"}]}},"_links":{"self":[{"href":"https:\/\/cvinoticias.com\/v3\/wp-json\/wp\/v2\/posts\/13270","targetHints":{"allow":["GET"]}}],"collection":[{"href":"https:\/\/cvinoticias.com\/v3\/wp-json\/wp\/v2\/posts"}],"about":[{"href":"https:\/\/cvinoticias.com\/v3\/wp-json\/wp\/v2\/types\/post"}],"author":[{"embeddable":true,"href":"https:\/\/cvinoticias.com\/v3\/wp-json\/wp\/v2\/users\/2"}],"replies":[{"embeddable":true,"href":"https:\/\/cvinoticias.com\/v3\/wp-json\/wp\/v2\/comments?post=13270"}],"version-history":[{"count":1,"href":"https:\/\/cvinoticias.com\/v3\/wp-json\/wp\/v2\/posts\/13270\/revisions"}],"predecessor-version":[{"id":13272,"href":"https:\/\/cvinoticias.com\/v3\/wp-json\/wp\/v2\/posts\/13270\/revisions\/13272"}],"wp:featuredmedia":[{"embeddable":true,"href":"https:\/\/cvinoticias.com\/v3\/wp-json\/wp\/v2\/media\/13271"}],"wp:attachment":[{"href":"https:\/\/cvinoticias.com\/v3\/wp-json\/wp\/v2\/media?parent=13270"}],"wp:term":[{"taxonomy":"category","embeddable":true,"href":"https:\/\/cvinoticias.com\/v3\/wp-json\/wp\/v2\/categories?post=13270"},{"taxonomy":"post_tag","embeddable":true,"href":"https:\/\/cvinoticias.com\/v3\/wp-json\/wp\/v2\/tags?post=13270"}],"curies":[{"name":"wp","href":"https:\/\/api.w.org\/{rel}","templated":true}]}}