{"id":13264,"date":"2022-02-16T10:38:38","date_gmt":"2022-02-16T10:38:38","guid":{"rendered":"https:\/\/cvinoticias.com\/v3\/?p=13264"},"modified":"2022-02-16T10:38:38","modified_gmt":"2022-02-16T10:38:38","slug":"un-intendente-de-corrientes-donara-su-salario-a-los-bomberos","status":"publish","type":"post","link":"https:\/\/cvinoticias.com\/v3\/un-intendente-de-corrientes-donara-su-salario-a-los-bomberos\/","title":{"rendered":"Un intendente de Corrientes donar\u00e1 su salario a los bomberos"},"content":{"rendered":"\n<p><strong><em>Se trata del jefe comunal de la localidad de Santa Rosa, Pedro Maidana, quien asever\u00f3 que donar\u00e1 sus haberes de todo el a\u00f1o para los voluntarios.<\/em><\/strong><\/p>\n\n\n\n<p>Los incendios no dan tregua en Corrientes, donde\u00a0el fuego ya arras\u00f3 con m\u00e1s de 500.000 hect\u00e1reas\u00a0y ya afecta a los Esteros del Iber\u00e1.\u00a0Ante el arduo trabajo de los bomberos voluntarios de la provincia y los trabajadores rurales por detener las llamas y salvar los campos, vegetaci\u00f3n y animales, el intendente de la localidad de Santa Rosa decidi\u00f3 donar su sueldo para ayudar.<\/p>\n\n\n\n<p><strong>\u00abDecid\u00ed donar mis sueldos de todo el a\u00f1o a nuestros bomberos\u00bb<\/strong>, anunci\u00f3 Pedro \u201cTitito\u201d Maidana a trav\u00e9s de su cuenta de Twitter.<\/p>\n\n\n\n<p><strong>\u201cLa situaci\u00f3n que atravesamos los tiene a ellos hace mucho tiempo en la primera l\u00ednea de combate. Es important\u00edsimo que todos ayudemos, de todas formas posibles\u201d,<\/strong>\u00a0agreg\u00f3 el intendente correntino.<\/p>\n\n\n\n<p>En la misma publicaci\u00f3n, Maidana comparti\u00f3 fotos del trabajo de los bomberos voluntarios contra los incendios que afectan a la provincia.<\/p>\n\n\n\n<p>La ayuda solidaria del intendente llega en un momento clave de la lucha. Este lunes la provincia de Corrientes perdi\u00f3 uno de los aviones hidrantes que combat\u00eda los incendios en la localidad de Ituzaing\u00f3.<\/p>\n\n\n\n<p>La aeronave sufri\u00f3 un desperfecto el\u00e9ctrico y se incendi\u00f3 mientras era reabastecida de combustible.<\/p>\n","protected":false},"excerpt":{"rendered":"<p>Se trata del jefe comunal de la localidad de Santa Rosa, Pedro Maidana, quien asever\u00f3 que donar\u00e1 sus haberes de todo el a\u00f1o para los voluntarios. Los incendios no dan tregua en Corrientes, donde\u00a0el fuego ya arras\u00f3 con m\u00e1s de 500.000 hect\u00e1reas\u00a0y ya afecta a los Esteros del Iber\u00e1.\u00a0Ante el arduo trabajo de los bomberos [&hellip;]<\/p>\n","protected":false},"author":2,"featured_media":13265,"comment_status":"open","ping_status":"open","sticky":false,"template":"","format":"standard","meta":{"footnotes":""},"categories":[47],"tags":[],"class_list":["post-13264","post","type-post","status-publish","format-standard","has-post-thumbnail","hentry","category-sociedad"],"yoast_head":"<!-- This site is optimized with the Yoast SEO plugin v27.5 - https:\/\/yoast.com\/product\/yoast-seo-wordpress\/ -->\n<title>Un intendente de Corrientes donar\u00e1 su salario a los bomberos | CVI NOTICIAS<\/title>\n<meta name=\"robots\" content=\"index, follow, max-snippet:-1, max-image-preview:large, max-video-preview:-1\" \/>\n<link rel=\"canonical\" href=\"https:\/\/cvinoticias.com\/v3\/un-intendente-de-corrientes-donara-su-salario-a-los-bomberos\/\" \/>\n<meta property=\"og:locale\" content=\"es_ES\" \/>\n<meta property=\"og:type\" content=\"article\" \/>\n<meta property=\"og:title\" content=\"Un intendente de Corrientes donar\u00e1 su salario a los bomberos | CVI NOTICIAS\" \/>\n<meta property=\"og:description\" content=\"Se trata del jefe comunal de la localidad de Santa Rosa, Pedro Maidana, quien asever\u00f3 que donar\u00e1 sus haberes de todo el a\u00f1o para los voluntarios. Los incendios no dan tregua en Corrientes, donde\u00a0el fuego ya arras\u00f3 con m\u00e1s de 500.000 hect\u00e1reas\u00a0y ya afecta a los Esteros del Iber\u00e1.\u00a0Ante el arduo trabajo de los bomberos [&hellip;]\" \/>\n<meta property=\"og:url\" content=\"https:\/\/cvinoticias.com\/v3\/un-intendente-de-corrientes-donara-su-salario-a-los-bomberos\/\" \/>\n<meta property=\"og:site_name\" content=\"CVI NOTICIAS\" \/>\n<meta property=\"article:publisher\" content=\"https:\/\/www.facebook.com\/cvinoticias\" \/>\n<meta property=\"article:published_time\" content=\"2022-02-16T10:38:38+00:00\" \/>\n<meta property=\"og:image\" content=\"https:\/\/cvinoticias.com\/wp-content\/uploads\/2022\/02\/Screenshot_20220216-073747_Facebook.jpg\" \/>\n\t<meta property=\"og:image:width\" content=\"991\" \/>\n\t<meta property=\"og:image:height\" content=\"694\" \/>\n\t<meta property=\"og:image:type\" content=\"image\/jpeg\" \/>\n<meta name=\"author\" content=\"f1000024\" \/>\n<meta name=\"twitter:card\" content=\"summary_large_image\" \/>\n<meta name=\"twitter:label1\" content=\"Escrito por\" \/>\n\t<meta name=\"twitter:data1\" content=\"f1000024\" \/>\n\t<meta name=\"twitter:label2\" content=\"Tiempo de lectura\" \/>\n\t<meta name=\"twitter:data2\" content=\"1 minuto\" \/>\n<script type=\"application\/ld+json\" class=\"yoast-schema-graph\">{\"@context\":\"https:\\\/\\\/schema.org\",\"@graph\":[{\"@type\":\"Article\",\"@id\":\"https:\\\/\\\/cvinoticias.com\\\/v3\\\/un-intendente-de-corrientes-donara-su-salario-a-los-bomberos\\\/#article\",\"isPartOf\":{\"@id\":\"https:\\\/\\\/cvinoticias.com\\\/v3\\\/un-intendente-de-corrientes-donara-su-salario-a-los-bomberos\\\/\"},\"author\":{\"name\":\"f1000024\",\"@id\":\"https:\\\/\\\/cvinoticias.com\\\/v3\\\/#\\\/schema\\\/person\\\/2db77e3c6bc03c538495d7b2b8be9b66\"},\"headline\":\"Un intendente de Corrientes donar\u00e1 su salario a los bomberos\",\"datePublished\":\"2022-02-16T10:38:38+00:00\",\"mainEntityOfPage\":{\"@id\":\"https:\\\/\\\/cvinoticias.com\\\/v3\\\/un-intendente-de-corrientes-donara-su-salario-a-los-bomberos\\\/\"},\"wordCount\":233,\"commentCount\":0,\"publisher\":{\"@id\":\"https:\\\/\\\/cvinoticias.com\\\/v3\\\/#organization\"},\"image\":{\"@id\":\"https:\\\/\\\/cvinoticias.com\\\/v3\\\/un-intendente-de-corrientes-donara-su-salario-a-los-bomberos\\\/#primaryimage\"},\"thumbnailUrl\":\"https:\\\/\\\/cvinoticias.com\\\/wp-content\\\/uploads\\\/2022\\\/02\\\/Screenshot_20220216-073747_Facebook.jpg\",\"articleSection\":[\"Sociedad\"],\"inLanguage\":\"es\",\"potentialAction\":[{\"@type\":\"CommentAction\",\"name\":\"Comment\",\"target\":[\"https:\\\/\\\/cvinoticias.com\\\/v3\\\/un-intendente-de-corrientes-donara-su-salario-a-los-bomberos\\\/#respond\"]}]},{\"@type\":\"WebPage\",\"@id\":\"https:\\\/\\\/cvinoticias.com\\\/v3\\\/un-intendente-de-corrientes-donara-su-salario-a-los-bomberos\\\/\",\"url\":\"https:\\\/\\\/cvinoticias.com\\\/v3\\\/un-intendente-de-corrientes-donara-su-salario-a-los-bomberos\\\/\",\"name\":\"Un intendente de Corrientes donar\u00e1 su salario a los bomberos | CVI NOTICIAS\",\"isPartOf\":{\"@id\":\"https:\\\/\\\/cvinoticias.com\\\/v3\\\/#website\"},\"primaryImageOfPage\":{\"@id\":\"https:\\\/\\\/cvinoticias.com\\\/v3\\\/un-intendente-de-corrientes-donara-su-salario-a-los-bomberos\\\/#primaryimage\"},\"image\":{\"@id\":\"https:\\\/\\\/cvinoticias.com\\\/v3\\\/un-intendente-de-corrientes-donara-su-salario-a-los-bomberos\\\/#primaryimage\"},\"thumbnailUrl\":\"https:\\\/\\\/cvinoticias.com\\\/wp-content\\\/uploads\\\/2022\\\/02\\\/Screenshot_20220216-073747_Facebook.jpg\",\"datePublished\":\"2022-02-16T10:38:38+00:00\",\"breadcrumb\":{\"@id\":\"https:\\\/\\\/cvinoticias.com\\\/v3\\\/un-intendente-de-corrientes-donara-su-salario-a-los-bomberos\\\/#breadcrumb\"},\"inLanguage\":\"es\",\"potentialAction\":[{\"@type\":\"ReadAction\",\"target\":[\"https:\\\/\\\/cvinoticias.com\\\/v3\\\/un-intendente-de-corrientes-donara-su-salario-a-los-bomberos\\\/\"]}]},{\"@type\":\"ImageObject\",\"inLanguage\":\"es\",\"@id\":\"https:\\\/\\\/cvinoticias.com\\\/v3\\\/un-intendente-de-corrientes-donara-su-salario-a-los-bomberos\\\/#primaryimage\",\"url\":\"https:\\\/\\\/cvinoticias.com\\\/wp-content\\\/uploads\\\/2022\\\/02\\\/Screenshot_20220216-073747_Facebook.jpg\",\"contentUrl\":\"https:\\\/\\\/cvinoticias.com\\\/wp-content\\\/uploads\\\/2022\\\/02\\\/Screenshot_20220216-073747_Facebook.jpg\",\"width\":991,\"height\":694},{\"@type\":\"BreadcrumbList\",\"@id\":\"https:\\\/\\\/cvinoticias.com\\\/v3\\\/un-intendente-de-corrientes-donara-su-salario-a-los-bomberos\\\/#breadcrumb\",\"itemListElement\":[{\"@type\":\"ListItem\",\"position\":1,\"name\":\"Portada\",\"item\":\"https:\\\/\\\/cvinoticias.com\\\/v3\\\/\"},{\"@type\":\"ListItem\",\"position\":2,\"name\":\"Un intendente de Corrientes donar\u00e1 su salario a los bomberos\"}]},{\"@type\":\"WebSite\",\"@id\":\"https:\\\/\\\/cvinoticias.com\\\/v3\\\/#website\",\"url\":\"https:\\\/\\\/cvinoticias.com\\\/v3\\\/\",\"name\":\"CVI NOTICIAS\",\"description\":\"\",\"publisher\":{\"@id\":\"https:\\\/\\\/cvinoticias.com\\\/v3\\\/#organization\"},\"alternateName\":\"CVI\",\"potentialAction\":[{\"@type\":\"SearchAction\",\"target\":{\"@type\":\"EntryPoint\",\"urlTemplate\":\"https:\\\/\\\/cvinoticias.com\\\/v3\\\/?s={search_term_string}\"},\"query-input\":{\"@type\":\"PropertyValueSpecification\",\"valueRequired\":true,\"valueName\":\"search_term_string\"}}],\"inLanguage\":\"es\"},{\"@type\":\"Organization\",\"@id\":\"https:\\\/\\\/cvinoticias.com\\\/v3\\\/#organization\",\"name\":\"CVI NOTICIAS\",\"url\":\"https:\\\/\\\/cvinoticias.com\\\/v3\\\/\",\"logo\":{\"@type\":\"ImageObject\",\"inLanguage\":\"es\",\"@id\":\"https:\\\/\\\/cvinoticias.com\\\/v3\\\/#\\\/schema\\\/logo\\\/image\\\/\",\"url\":\"https:\\\/\\\/cvinoticias.com\\\/wp-content\\\/uploads\\\/2023\\\/04\\\/cropped-cropped-cropped-cropped-cropped-3-1.png\",\"contentUrl\":\"https:\\\/\\\/cvinoticias.com\\\/wp-content\\\/uploads\\\/2023\\\/04\\\/cropped-cropped-cropped-cropped-cropped-3-1.png\",\"width\":95,\"height\":122,\"caption\":\"CVI NOTICIAS\"},\"image\":{\"@id\":\"https:\\\/\\\/cvinoticias.com\\\/v3\\\/#\\\/schema\\\/logo\\\/image\\\/\"},\"sameAs\":[\"https:\\\/\\\/www.facebook.com\\\/cvinoticias\",\"https:\\\/\\\/www.instagram.com\\\/cvinoticias\\\/\",\"https:\\\/\\\/www.youtube.com\\\/@CVINOTICIAS\"]},{\"@type\":\"Person\",\"@id\":\"https:\\\/\\\/cvinoticias.com\\\/v3\\\/#\\\/schema\\\/person\\\/2db77e3c6bc03c538495d7b2b8be9b66\",\"name\":\"f1000024\",\"image\":{\"@type\":\"ImageObject\",\"inLanguage\":\"es\",\"@id\":\"https:\\\/\\\/secure.gravatar.com\\\/avatar\\\/d4fe7459cfc51ff5129ce1a732bbef5928568b8092d412ef95611616376bbeed?s=96&d=mm&r=g\",\"url\":\"https:\\\/\\\/secure.gravatar.com\\\/avatar\\\/d4fe7459cfc51ff5129ce1a732bbef5928568b8092d412ef95611616376bbeed?s=96&d=mm&r=g\",\"contentUrl\":\"https:\\\/\\\/secure.gravatar.com\\\/avatar\\\/d4fe7459cfc51ff5129ce1a732bbef5928568b8092d412ef95611616376bbeed?s=96&d=mm&r=g\",\"caption\":\"f1000024\"},\"url\":\"https:\\\/\\\/cvinoticias.com\\\/v3\\\/author\\\/f1000024\\\/\"}]}<\/script>\n<!-- \/ Yoast SEO plugin. -->","yoast_head_json":{"title":"Un intendente de Corrientes donar\u00e1 su salario a los bomberos | CVI NOTICIAS","robots":{"index":"index","follow":"follow","max-snippet":"max-snippet:-1","max-image-preview":"max-image-preview:large","max-video-preview":"max-video-preview:-1"},"canonical":"https:\/\/cvinoticias.com\/v3\/un-intendente-de-corrientes-donara-su-salario-a-los-bomberos\/","og_locale":"es_ES","og_type":"article","og_title":"Un intendente de Corrientes donar\u00e1 su salario a los bomberos | CVI NOTICIAS","og_description":"Se trata del jefe comunal de la localidad de Santa Rosa, Pedro Maidana, quien asever\u00f3 que donar\u00e1 sus haberes de todo el a\u00f1o para los voluntarios. Los incendios no dan tregua en Corrientes, donde\u00a0el fuego ya arras\u00f3 con m\u00e1s de 500.000 hect\u00e1reas\u00a0y ya afecta a los Esteros del Iber\u00e1.\u00a0Ante el arduo trabajo de los bomberos [&hellip;]","og_url":"https:\/\/cvinoticias.com\/v3\/un-intendente-de-corrientes-donara-su-salario-a-los-bomberos\/","og_site_name":"CVI NOTICIAS","article_publisher":"https:\/\/www.facebook.com\/cvinoticias","article_published_time":"2022-02-16T10:38:38+00:00","og_image":[{"width":991,"height":694,"url":"https:\/\/cvinoticias.com\/wp-content\/uploads\/2022\/02\/Screenshot_20220216-073747_Facebook.jpg","type":"image\/jpeg"}],"author":"f1000024","twitter_card":"summary_large_image","twitter_misc":{"Escrito por":"f1000024","Tiempo de lectura":"1 minuto"},"schema":{"@context":"https:\/\/schema.org","@graph":[{"@type":"Article","@id":"https:\/\/cvinoticias.com\/v3\/un-intendente-de-corrientes-donara-su-salario-a-los-bomberos\/#article","isPartOf":{"@id":"https:\/\/cvinoticias.com\/v3\/un-intendente-de-corrientes-donara-su-salario-a-los-bomberos\/"},"author":{"name":"f1000024","@id":"https:\/\/cvinoticias.com\/v3\/#\/schema\/person\/2db77e3c6bc03c538495d7b2b8be9b66"},"headline":"Un intendente de Corrientes donar\u00e1 su salario a los bomberos","datePublished":"2022-02-16T10:38:38+00:00","mainEntityOfPage":{"@id":"https:\/\/cvinoticias.com\/v3\/un-intendente-de-corrientes-donara-su-salario-a-los-bomberos\/"},"wordCount":233,"commentCount":0,"publisher":{"@id":"https:\/\/cvinoticias.com\/v3\/#organization"},"image":{"@id":"https:\/\/cvinoticias.com\/v3\/un-intendente-de-corrientes-donara-su-salario-a-los-bomberos\/#primaryimage"},"thumbnailUrl":"https:\/\/cvinoticias.com\/wp-content\/uploads\/2022\/02\/Screenshot_20220216-073747_Facebook.jpg","articleSection":["Sociedad"],"inLanguage":"es","potentialAction":[{"@type":"CommentAction","name":"Comment","target":["https:\/\/cvinoticias.com\/v3\/un-intendente-de-corrientes-donara-su-salario-a-los-bomberos\/#respond"]}]},{"@type":"WebPage","@id":"https:\/\/cvinoticias.com\/v3\/un-intendente-de-corrientes-donara-su-salario-a-los-bomberos\/","url":"https:\/\/cvinoticias.com\/v3\/un-intendente-de-corrientes-donara-su-salario-a-los-bomberos\/","name":"Un intendente de Corrientes donar\u00e1 su salario a los bomberos | CVI NOTICIAS","isPartOf":{"@id":"https:\/\/cvinoticias.com\/v3\/#website"},"primaryImageOfPage":{"@id":"https:\/\/cvinoticias.com\/v3\/un-intendente-de-corrientes-donara-su-salario-a-los-bomberos\/#primaryimage"},"image":{"@id":"https:\/\/cvinoticias.com\/v3\/un-intendente-de-corrientes-donara-su-salario-a-los-bomberos\/#primaryimage"},"thumbnailUrl":"https:\/\/cvinoticias.com\/wp-content\/uploads\/2022\/02\/Screenshot_20220216-073747_Facebook.jpg","datePublished":"2022-02-16T10:38:38+00:00","breadcrumb":{"@id":"https:\/\/cvinoticias.com\/v3\/un-intendente-de-corrientes-donara-su-salario-a-los-bomberos\/#breadcrumb"},"inLanguage":"es","potentialAction":[{"@type":"ReadAction","target":["https:\/\/cvinoticias.com\/v3\/un-intendente-de-corrientes-donara-su-salario-a-los-bomberos\/"]}]},{"@type":"ImageObject","inLanguage":"es","@id":"https:\/\/cvinoticias.com\/v3\/un-intendente-de-corrientes-donara-su-salario-a-los-bomberos\/#primaryimage","url":"https:\/\/cvinoticias.com\/wp-content\/uploads\/2022\/02\/Screenshot_20220216-073747_Facebook.jpg","contentUrl":"https:\/\/cvinoticias.com\/wp-content\/uploads\/2022\/02\/Screenshot_20220216-073747_Facebook.jpg","width":991,"height":694},{"@type":"BreadcrumbList","@id":"https:\/\/cvinoticias.com\/v3\/un-intendente-de-corrientes-donara-su-salario-a-los-bomberos\/#breadcrumb","itemListElement":[{"@type":"ListItem","position":1,"name":"Portada","item":"https:\/\/cvinoticias.com\/v3\/"},{"@type":"ListItem","position":2,"name":"Un intendente de Corrientes donar\u00e1 su salario a los bomberos"}]},{"@type":"WebSite","@id":"https:\/\/cvinoticias.com\/v3\/#website","url":"https:\/\/cvinoticias.com\/v3\/","name":"CVI NOTICIAS","description":"","publisher":{"@id":"https:\/\/cvinoticias.com\/v3\/#organization"},"alternateName":"CVI","potentialAction":[{"@type":"SearchAction","target":{"@type":"EntryPoint","urlTemplate":"https:\/\/cvinoticias.com\/v3\/?s={search_term_string}"},"query-input":{"@type":"PropertyValueSpecification","valueRequired":true,"valueName":"search_term_string"}}],"inLanguage":"es"},{"@type":"Organization","@id":"https:\/\/cvinoticias.com\/v3\/#organization","name":"CVI NOTICIAS","url":"https:\/\/cvinoticias.com\/v3\/","logo":{"@type":"ImageObject","inLanguage":"es","@id":"https:\/\/cvinoticias.com\/v3\/#\/schema\/logo\/image\/","url":"https:\/\/cvinoticias.com\/wp-content\/uploads\/2023\/04\/cropped-cropped-cropped-cropped-cropped-3-1.png","contentUrl":"https:\/\/cvinoticias.com\/wp-content\/uploads\/2023\/04\/cropped-cropped-cropped-cropped-cropped-3-1.png","width":95,"height":122,"caption":"CVI NOTICIAS"},"image":{"@id":"https:\/\/cvinoticias.com\/v3\/#\/schema\/logo\/image\/"},"sameAs":["https:\/\/www.facebook.com\/cvinoticias","https:\/\/www.instagram.com\/cvinoticias\/","https:\/\/www.youtube.com\/@CVINOTICIAS"]},{"@type":"Person","@id":"https:\/\/cvinoticias.com\/v3\/#\/schema\/person\/2db77e3c6bc03c538495d7b2b8be9b66","name":"f1000024","image":{"@type":"ImageObject","inLanguage":"es","@id":"https:\/\/secure.gravatar.com\/avatar\/d4fe7459cfc51ff5129ce1a732bbef5928568b8092d412ef95611616376bbeed?s=96&d=mm&r=g","url":"https:\/\/secure.gravatar.com\/avatar\/d4fe7459cfc51ff5129ce1a732bbef5928568b8092d412ef95611616376bbeed?s=96&d=mm&r=g","contentUrl":"https:\/\/secure.gravatar.com\/avatar\/d4fe7459cfc51ff5129ce1a732bbef5928568b8092d412ef95611616376bbeed?s=96&d=mm&r=g","caption":"f1000024"},"url":"https:\/\/cvinoticias.com\/v3\/author\/f1000024\/"}]}},"_links":{"self":[{"href":"https:\/\/cvinoticias.com\/v3\/wp-json\/wp\/v2\/posts\/13264","targetHints":{"allow":["GET"]}}],"collection":[{"href":"https:\/\/cvinoticias.com\/v3\/wp-json\/wp\/v2\/posts"}],"about":[{"href":"https:\/\/cvinoticias.com\/v3\/wp-json\/wp\/v2\/types\/post"}],"author":[{"embeddable":true,"href":"https:\/\/cvinoticias.com\/v3\/wp-json\/wp\/v2\/users\/2"}],"replies":[{"embeddable":true,"href":"https:\/\/cvinoticias.com\/v3\/wp-json\/wp\/v2\/comments?post=13264"}],"version-history":[{"count":1,"href":"https:\/\/cvinoticias.com\/v3\/wp-json\/wp\/v2\/posts\/13264\/revisions"}],"predecessor-version":[{"id":13266,"href":"https:\/\/cvinoticias.com\/v3\/wp-json\/wp\/v2\/posts\/13264\/revisions\/13266"}],"wp:featuredmedia":[{"embeddable":true,"href":"https:\/\/cvinoticias.com\/v3\/wp-json\/wp\/v2\/media\/13265"}],"wp:attachment":[{"href":"https:\/\/cvinoticias.com\/v3\/wp-json\/wp\/v2\/media?parent=13264"}],"wp:term":[{"taxonomy":"category","embeddable":true,"href":"https:\/\/cvinoticias.com\/v3\/wp-json\/wp\/v2\/categories?post=13264"},{"taxonomy":"post_tag","embeddable":true,"href":"https:\/\/cvinoticias.com\/v3\/wp-json\/wp\/v2\/tags?post=13264"}],"curies":[{"name":"wp","href":"https:\/\/api.w.org\/{rel}","templated":true}]}}