{"id":13260,"date":"2022-02-15T21:55:59","date_gmt":"2022-02-15T21:55:59","guid":{"rendered":"https:\/\/cvinoticias.com\/v3\/?p=13260"},"modified":"2022-02-15T21:58:25","modified_gmt":"2022-02-15T21:58:25","slug":"posadas-hallaron-el-cuerpo-de-una-mujer-en-el-arroyo-zaiman-y-detuvieron-a-su-pareja-por-femicidio","status":"publish","type":"post","link":"https:\/\/cvinoticias.com\/v3\/posadas-hallaron-el-cuerpo-de-una-mujer-en-el-arroyo-zaiman-y-detuvieron-a-su-pareja-por-femicidio\/","title":{"rendered":"Posadas: Hallaron el cuerpo de una mujer en el arroyo Zaim\u00e1n y detuvieron a su pareja por femicidio"},"content":{"rendered":"\n<p><strong><em>Cerca de las 10:30 horas de esta ma\u00f1ana, efectivos de la Polic\u00eda y de la Prefectura Naval, hallaron el cuerpo de una mujer identificada como Estefan\u00eda Beatriz Ben\u00edtez quien, de acuerdo a los primeros indicios habr\u00eda sido v\u00edctima de agresi\u00f3n por parte de su pareja que fue detenido en el lugar por femicidio, con la intervenci\u00f3n del Juzgado de Instrucci\u00f3n N.\u00ba 2. Tanto la v\u00edctima como el agresor tienen nacionalidad paraguaya.<\/em><\/strong><\/p>\n\n\n\n<p>El llamado de un vecino al Centro Integral de Operaciones 911 activ\u00f3 el sistema de emergencias, ante esto la polic\u00eda lleg\u00f3 al sitio y se entrevist\u00f3 con testigos, quienes relataron que el hombre discut\u00eda con una mujer en la parte inferior del puente (sobre las piedras), luego la agredi\u00f3 y la sumergi\u00f3 hasta el fondo del cauce. Acto seguido, se arroj\u00f3 al agua e intent\u00f3 huir nadando.<\/p>\n\n\n\n<p>Inmediatamente, los uniformados rastrillaron la orilla y a unos metros del sitio divisaron al sospechoso prendido por una de las columnas de cemento de la plataforma. Por consiguiente, solicitaron la colaboraci\u00f3n de la Prefectura Naval, quienes con una embarcaci\u00f3n lograron arrestar al agresor.<\/p>\n\n\n\n<p>Por otro lado, los buzos de ambas fuerzas, hallaron cerca de este mediod\u00eda el cuerpo de la v\u00edctima. El Juez de Instrucci\u00f3n N.\u00ba 2 de Posadas orden\u00f3 la autopsia, en cuanto al detenido de 34 a\u00f1os, que este permanezca alojado en la seccional 10.\u00aa hasta su declaraci\u00f3n.<\/p>\n\n\n\n<figure class=\"wp-block-image size-large\"><a href=\"https:\/\/cvinoticias.com\/wp-content\/uploads\/2022\/02\/IMG-20220215-WA0036.jpg\"><img decoding=\"async\" width=\"1024\" height=\"452\" data-src=\"https:\/\/cvinoticias.com\/wp-content\/uploads\/2022\/02\/IMG-20220215-WA0036-1024x452.jpg\" alt=\"\" class=\"wp-image-13261 lazyload\" data-srcset=\"https:\/\/cvinoticias.com\/wp-content\/uploads\/2022\/02\/IMG-20220215-WA0036-1024x452.jpg 1024w, https:\/\/cvinoticias.com\/wp-content\/uploads\/2022\/02\/IMG-20220215-WA0036-300x133.jpg 300w, https:\/\/cvinoticias.com\/wp-content\/uploads\/2022\/02\/IMG-20220215-WA0036-768x339.jpg 768w, https:\/\/cvinoticias.com\/wp-content\/uploads\/2022\/02\/IMG-20220215-WA0036.jpg 1080w\" data-sizes=\"(max-width: 1024px) 100vw, 1024px\" src=\"data:image\/svg+xml;base64,PHN2ZyB3aWR0aD0iMSIgaGVpZ2h0PSIxIiB4bWxucz0iaHR0cDovL3d3dy53My5vcmcvMjAwMC9zdmciPjwvc3ZnPg==\" style=\"--smush-placeholder-width: 1024px; --smush-placeholder-aspect-ratio: 1024\/452;\" \/><\/a><\/figure>\n","protected":false},"excerpt":{"rendered":"<p>Cerca de las 10:30 horas de esta ma\u00f1ana, efectivos de la Polic\u00eda y de la Prefectura Naval, hallaron el cuerpo de una mujer identificada como Estefan\u00eda Beatriz Ben\u00edtez quien, de acuerdo a los primeros indicios habr\u00eda sido v\u00edctima de agresi\u00f3n por parte de su pareja que fue detenido en el lugar por femicidio, con la [&hellip;]<\/p>\n","protected":false},"author":2,"featured_media":13263,"comment_status":"open","ping_status":"open","sticky":false,"template":"","format":"standard","meta":{"footnotes":""},"categories":[41],"tags":[],"class_list":["post-13260","post","type-post","status-publish","format-standard","has-post-thumbnail","hentry","category-policiales"],"yoast_head":"<!-- This site is optimized with the Yoast SEO plugin v27.5 - https:\/\/yoast.com\/product\/yoast-seo-wordpress\/ -->\n<title>Posadas: Hallaron el cuerpo de una mujer en el arroyo Zaim\u00e1n y detuvieron a su pareja por femicidio | CVI NOTICIAS<\/title>\n<meta name=\"robots\" content=\"index, follow, max-snippet:-1, max-image-preview:large, max-video-preview:-1\" \/>\n<link rel=\"canonical\" href=\"https:\/\/cvinoticias.com\/v3\/posadas-hallaron-el-cuerpo-de-una-mujer-en-el-arroyo-zaiman-y-detuvieron-a-su-pareja-por-femicidio\/\" \/>\n<meta property=\"og:locale\" content=\"es_ES\" \/>\n<meta property=\"og:type\" content=\"article\" \/>\n<meta property=\"og:title\" content=\"Posadas: Hallaron el cuerpo de una mujer en el arroyo Zaim\u00e1n y detuvieron a su pareja por femicidio | CVI NOTICIAS\" \/>\n<meta property=\"og:description\" content=\"Cerca de las 10:30 horas de esta ma\u00f1ana, efectivos de la Polic\u00eda y de la Prefectura Naval, hallaron el cuerpo de una mujer identificada como Estefan\u00eda Beatriz Ben\u00edtez quien, de acuerdo a los primeros indicios habr\u00eda sido v\u00edctima de agresi\u00f3n por parte de su pareja que fue detenido en el lugar por femicidio, con la [&hellip;]\" \/>\n<meta property=\"og:url\" content=\"https:\/\/cvinoticias.com\/v3\/posadas-hallaron-el-cuerpo-de-una-mujer-en-el-arroyo-zaiman-y-detuvieron-a-su-pareja-por-femicidio\/\" \/>\n<meta property=\"og:site_name\" content=\"CVI NOTICIAS\" \/>\n<meta property=\"article:publisher\" content=\"https:\/\/www.facebook.com\/cvinoticias\" \/>\n<meta property=\"article:published_time\" content=\"2022-02-15T21:55:59+00:00\" \/>\n<meta property=\"article:modified_time\" content=\"2022-02-15T21:58:25+00:00\" \/>\n<meta property=\"og:image\" content=\"https:\/\/cvinoticias.com\/wp-content\/uploads\/2022\/02\/IMG-20220215-WA0035.jpg\" \/>\n\t<meta property=\"og:image:width\" content=\"1080\" \/>\n\t<meta property=\"og:image:height\" content=\"804\" \/>\n\t<meta property=\"og:image:type\" content=\"image\/jpeg\" \/>\n<meta name=\"author\" content=\"f1000024\" \/>\n<meta name=\"twitter:card\" content=\"summary_large_image\" \/>\n<meta name=\"twitter:label1\" content=\"Escrito por\" \/>\n\t<meta name=\"twitter:data1\" content=\"f1000024\" \/>\n\t<meta name=\"twitter:label2\" content=\"Tiempo de lectura\" \/>\n\t<meta name=\"twitter:data2\" content=\"1 minuto\" \/>\n<script type=\"application\/ld+json\" class=\"yoast-schema-graph\">{\"@context\":\"https:\\\/\\\/schema.org\",\"@graph\":[{\"@type\":\"Article\",\"@id\":\"https:\\\/\\\/cvinoticias.com\\\/v3\\\/posadas-hallaron-el-cuerpo-de-una-mujer-en-el-arroyo-zaiman-y-detuvieron-a-su-pareja-por-femicidio\\\/#article\",\"isPartOf\":{\"@id\":\"https:\\\/\\\/cvinoticias.com\\\/v3\\\/posadas-hallaron-el-cuerpo-de-una-mujer-en-el-arroyo-zaiman-y-detuvieron-a-su-pareja-por-femicidio\\\/\"},\"author\":{\"name\":\"f1000024\",\"@id\":\"https:\\\/\\\/cvinoticias.com\\\/v3\\\/#\\\/schema\\\/person\\\/2db77e3c6bc03c538495d7b2b8be9b66\"},\"headline\":\"Posadas: Hallaron el cuerpo de una mujer en el arroyo Zaim\u00e1n y detuvieron a su pareja por femicidio\",\"datePublished\":\"2022-02-15T21:55:59+00:00\",\"dateModified\":\"2022-02-15T21:58:25+00:00\",\"mainEntityOfPage\":{\"@id\":\"https:\\\/\\\/cvinoticias.com\\\/v3\\\/posadas-hallaron-el-cuerpo-de-una-mujer-en-el-arroyo-zaiman-y-detuvieron-a-su-pareja-por-femicidio\\\/\"},\"wordCount\":260,\"commentCount\":0,\"publisher\":{\"@id\":\"https:\\\/\\\/cvinoticias.com\\\/v3\\\/#organization\"},\"image\":{\"@id\":\"https:\\\/\\\/cvinoticias.com\\\/v3\\\/posadas-hallaron-el-cuerpo-de-una-mujer-en-el-arroyo-zaiman-y-detuvieron-a-su-pareja-por-femicidio\\\/#primaryimage\"},\"thumbnailUrl\":\"https:\\\/\\\/cvinoticias.com\\\/wp-content\\\/uploads\\\/2022\\\/02\\\/IMG-20220215-WA0035.jpg\",\"articleSection\":[\"Policiales\"],\"inLanguage\":\"es\",\"potentialAction\":[{\"@type\":\"CommentAction\",\"name\":\"Comment\",\"target\":[\"https:\\\/\\\/cvinoticias.com\\\/v3\\\/posadas-hallaron-el-cuerpo-de-una-mujer-en-el-arroyo-zaiman-y-detuvieron-a-su-pareja-por-femicidio\\\/#respond\"]}]},{\"@type\":\"WebPage\",\"@id\":\"https:\\\/\\\/cvinoticias.com\\\/v3\\\/posadas-hallaron-el-cuerpo-de-una-mujer-en-el-arroyo-zaiman-y-detuvieron-a-su-pareja-por-femicidio\\\/\",\"url\":\"https:\\\/\\\/cvinoticias.com\\\/v3\\\/posadas-hallaron-el-cuerpo-de-una-mujer-en-el-arroyo-zaiman-y-detuvieron-a-su-pareja-por-femicidio\\\/\",\"name\":\"Posadas: Hallaron el cuerpo de una mujer en el arroyo Zaim\u00e1n y detuvieron a su pareja por femicidio | CVI NOTICIAS\",\"isPartOf\":{\"@id\":\"https:\\\/\\\/cvinoticias.com\\\/v3\\\/#website\"},\"primaryImageOfPage\":{\"@id\":\"https:\\\/\\\/cvinoticias.com\\\/v3\\\/posadas-hallaron-el-cuerpo-de-una-mujer-en-el-arroyo-zaiman-y-detuvieron-a-su-pareja-por-femicidio\\\/#primaryimage\"},\"image\":{\"@id\":\"https:\\\/\\\/cvinoticias.com\\\/v3\\\/posadas-hallaron-el-cuerpo-de-una-mujer-en-el-arroyo-zaiman-y-detuvieron-a-su-pareja-por-femicidio\\\/#primaryimage\"},\"thumbnailUrl\":\"https:\\\/\\\/cvinoticias.com\\\/wp-content\\\/uploads\\\/2022\\\/02\\\/IMG-20220215-WA0035.jpg\",\"datePublished\":\"2022-02-15T21:55:59+00:00\",\"dateModified\":\"2022-02-15T21:58:25+00:00\",\"breadcrumb\":{\"@id\":\"https:\\\/\\\/cvinoticias.com\\\/v3\\\/posadas-hallaron-el-cuerpo-de-una-mujer-en-el-arroyo-zaiman-y-detuvieron-a-su-pareja-por-femicidio\\\/#breadcrumb\"},\"inLanguage\":\"es\",\"potentialAction\":[{\"@type\":\"ReadAction\",\"target\":[\"https:\\\/\\\/cvinoticias.com\\\/v3\\\/posadas-hallaron-el-cuerpo-de-una-mujer-en-el-arroyo-zaiman-y-detuvieron-a-su-pareja-por-femicidio\\\/\"]}]},{\"@type\":\"ImageObject\",\"inLanguage\":\"es\",\"@id\":\"https:\\\/\\\/cvinoticias.com\\\/v3\\\/posadas-hallaron-el-cuerpo-de-una-mujer-en-el-arroyo-zaiman-y-detuvieron-a-su-pareja-por-femicidio\\\/#primaryimage\",\"url\":\"https:\\\/\\\/cvinoticias.com\\\/wp-content\\\/uploads\\\/2022\\\/02\\\/IMG-20220215-WA0035.jpg\",\"contentUrl\":\"https:\\\/\\\/cvinoticias.com\\\/wp-content\\\/uploads\\\/2022\\\/02\\\/IMG-20220215-WA0035.jpg\",\"width\":1080,\"height\":804},{\"@type\":\"BreadcrumbList\",\"@id\":\"https:\\\/\\\/cvinoticias.com\\\/v3\\\/posadas-hallaron-el-cuerpo-de-una-mujer-en-el-arroyo-zaiman-y-detuvieron-a-su-pareja-por-femicidio\\\/#breadcrumb\",\"itemListElement\":[{\"@type\":\"ListItem\",\"position\":1,\"name\":\"Portada\",\"item\":\"https:\\\/\\\/cvinoticias.com\\\/v3\\\/\"},{\"@type\":\"ListItem\",\"position\":2,\"name\":\"Posadas: Hallaron el cuerpo de una mujer en el arroyo Zaim\u00e1n y detuvieron a su pareja por femicidio\"}]},{\"@type\":\"WebSite\",\"@id\":\"https:\\\/\\\/cvinoticias.com\\\/v3\\\/#website\",\"url\":\"https:\\\/\\\/cvinoticias.com\\\/v3\\\/\",\"name\":\"CVI NOTICIAS\",\"description\":\"\",\"publisher\":{\"@id\":\"https:\\\/\\\/cvinoticias.com\\\/v3\\\/#organization\"},\"alternateName\":\"CVI\",\"potentialAction\":[{\"@type\":\"SearchAction\",\"target\":{\"@type\":\"EntryPoint\",\"urlTemplate\":\"https:\\\/\\\/cvinoticias.com\\\/v3\\\/?s={search_term_string}\"},\"query-input\":{\"@type\":\"PropertyValueSpecification\",\"valueRequired\":true,\"valueName\":\"search_term_string\"}}],\"inLanguage\":\"es\"},{\"@type\":\"Organization\",\"@id\":\"https:\\\/\\\/cvinoticias.com\\\/v3\\\/#organization\",\"name\":\"CVI NOTICIAS\",\"url\":\"https:\\\/\\\/cvinoticias.com\\\/v3\\\/\",\"logo\":{\"@type\":\"ImageObject\",\"inLanguage\":\"es\",\"@id\":\"https:\\\/\\\/cvinoticias.com\\\/v3\\\/#\\\/schema\\\/logo\\\/image\\\/\",\"url\":\"https:\\\/\\\/cvinoticias.com\\\/wp-content\\\/uploads\\\/2023\\\/04\\\/cropped-cropped-cropped-cropped-cropped-3-1.png\",\"contentUrl\":\"https:\\\/\\\/cvinoticias.com\\\/wp-content\\\/uploads\\\/2023\\\/04\\\/cropped-cropped-cropped-cropped-cropped-3-1.png\",\"width\":95,\"height\":122,\"caption\":\"CVI NOTICIAS\"},\"image\":{\"@id\":\"https:\\\/\\\/cvinoticias.com\\\/v3\\\/#\\\/schema\\\/logo\\\/image\\\/\"},\"sameAs\":[\"https:\\\/\\\/www.facebook.com\\\/cvinoticias\",\"https:\\\/\\\/www.instagram.com\\\/cvinoticias\\\/\",\"https:\\\/\\\/www.youtube.com\\\/@CVINOTICIAS\"]},{\"@type\":\"Person\",\"@id\":\"https:\\\/\\\/cvinoticias.com\\\/v3\\\/#\\\/schema\\\/person\\\/2db77e3c6bc03c538495d7b2b8be9b66\",\"name\":\"f1000024\",\"image\":{\"@type\":\"ImageObject\",\"inLanguage\":\"es\",\"@id\":\"https:\\\/\\\/secure.gravatar.com\\\/avatar\\\/d4fe7459cfc51ff5129ce1a732bbef5928568b8092d412ef95611616376bbeed?s=96&d=mm&r=g\",\"url\":\"https:\\\/\\\/secure.gravatar.com\\\/avatar\\\/d4fe7459cfc51ff5129ce1a732bbef5928568b8092d412ef95611616376bbeed?s=96&d=mm&r=g\",\"contentUrl\":\"https:\\\/\\\/secure.gravatar.com\\\/avatar\\\/d4fe7459cfc51ff5129ce1a732bbef5928568b8092d412ef95611616376bbeed?s=96&d=mm&r=g\",\"caption\":\"f1000024\"},\"url\":\"https:\\\/\\\/cvinoticias.com\\\/v3\\\/author\\\/f1000024\\\/\"}]}<\/script>\n<!-- \/ Yoast SEO plugin. -->","yoast_head_json":{"title":"Posadas: Hallaron el cuerpo de una mujer en el arroyo Zaim\u00e1n y detuvieron a su pareja por femicidio | CVI NOTICIAS","robots":{"index":"index","follow":"follow","max-snippet":"max-snippet:-1","max-image-preview":"max-image-preview:large","max-video-preview":"max-video-preview:-1"},"canonical":"https:\/\/cvinoticias.com\/v3\/posadas-hallaron-el-cuerpo-de-una-mujer-en-el-arroyo-zaiman-y-detuvieron-a-su-pareja-por-femicidio\/","og_locale":"es_ES","og_type":"article","og_title":"Posadas: Hallaron el cuerpo de una mujer en el arroyo Zaim\u00e1n y detuvieron a su pareja por femicidio | CVI NOTICIAS","og_description":"Cerca de las 10:30 horas de esta ma\u00f1ana, efectivos de la Polic\u00eda y de la Prefectura Naval, hallaron el cuerpo de una mujer identificada como Estefan\u00eda Beatriz Ben\u00edtez quien, de acuerdo a los primeros indicios habr\u00eda sido v\u00edctima de agresi\u00f3n por parte de su pareja que fue detenido en el lugar por femicidio, con la [&hellip;]","og_url":"https:\/\/cvinoticias.com\/v3\/posadas-hallaron-el-cuerpo-de-una-mujer-en-el-arroyo-zaiman-y-detuvieron-a-su-pareja-por-femicidio\/","og_site_name":"CVI NOTICIAS","article_publisher":"https:\/\/www.facebook.com\/cvinoticias","article_published_time":"2022-02-15T21:55:59+00:00","article_modified_time":"2022-02-15T21:58:25+00:00","og_image":[{"width":1080,"height":804,"url":"https:\/\/cvinoticias.com\/wp-content\/uploads\/2022\/02\/IMG-20220215-WA0035.jpg","type":"image\/jpeg"}],"author":"f1000024","twitter_card":"summary_large_image","twitter_misc":{"Escrito por":"f1000024","Tiempo de lectura":"1 minuto"},"schema":{"@context":"https:\/\/schema.org","@graph":[{"@type":"Article","@id":"https:\/\/cvinoticias.com\/v3\/posadas-hallaron-el-cuerpo-de-una-mujer-en-el-arroyo-zaiman-y-detuvieron-a-su-pareja-por-femicidio\/#article","isPartOf":{"@id":"https:\/\/cvinoticias.com\/v3\/posadas-hallaron-el-cuerpo-de-una-mujer-en-el-arroyo-zaiman-y-detuvieron-a-su-pareja-por-femicidio\/"},"author":{"name":"f1000024","@id":"https:\/\/cvinoticias.com\/v3\/#\/schema\/person\/2db77e3c6bc03c538495d7b2b8be9b66"},"headline":"Posadas: Hallaron el cuerpo de una mujer en el arroyo Zaim\u00e1n y detuvieron a su pareja por femicidio","datePublished":"2022-02-15T21:55:59+00:00","dateModified":"2022-02-15T21:58:25+00:00","mainEntityOfPage":{"@id":"https:\/\/cvinoticias.com\/v3\/posadas-hallaron-el-cuerpo-de-una-mujer-en-el-arroyo-zaiman-y-detuvieron-a-su-pareja-por-femicidio\/"},"wordCount":260,"commentCount":0,"publisher":{"@id":"https:\/\/cvinoticias.com\/v3\/#organization"},"image":{"@id":"https:\/\/cvinoticias.com\/v3\/posadas-hallaron-el-cuerpo-de-una-mujer-en-el-arroyo-zaiman-y-detuvieron-a-su-pareja-por-femicidio\/#primaryimage"},"thumbnailUrl":"https:\/\/cvinoticias.com\/wp-content\/uploads\/2022\/02\/IMG-20220215-WA0035.jpg","articleSection":["Policiales"],"inLanguage":"es","potentialAction":[{"@type":"CommentAction","name":"Comment","target":["https:\/\/cvinoticias.com\/v3\/posadas-hallaron-el-cuerpo-de-una-mujer-en-el-arroyo-zaiman-y-detuvieron-a-su-pareja-por-femicidio\/#respond"]}]},{"@type":"WebPage","@id":"https:\/\/cvinoticias.com\/v3\/posadas-hallaron-el-cuerpo-de-una-mujer-en-el-arroyo-zaiman-y-detuvieron-a-su-pareja-por-femicidio\/","url":"https:\/\/cvinoticias.com\/v3\/posadas-hallaron-el-cuerpo-de-una-mujer-en-el-arroyo-zaiman-y-detuvieron-a-su-pareja-por-femicidio\/","name":"Posadas: Hallaron el cuerpo de una mujer en el arroyo Zaim\u00e1n y detuvieron a su pareja por femicidio | CVI NOTICIAS","isPartOf":{"@id":"https:\/\/cvinoticias.com\/v3\/#website"},"primaryImageOfPage":{"@id":"https:\/\/cvinoticias.com\/v3\/posadas-hallaron-el-cuerpo-de-una-mujer-en-el-arroyo-zaiman-y-detuvieron-a-su-pareja-por-femicidio\/#primaryimage"},"image":{"@id":"https:\/\/cvinoticias.com\/v3\/posadas-hallaron-el-cuerpo-de-una-mujer-en-el-arroyo-zaiman-y-detuvieron-a-su-pareja-por-femicidio\/#primaryimage"},"thumbnailUrl":"https:\/\/cvinoticias.com\/wp-content\/uploads\/2022\/02\/IMG-20220215-WA0035.jpg","datePublished":"2022-02-15T21:55:59+00:00","dateModified":"2022-02-15T21:58:25+00:00","breadcrumb":{"@id":"https:\/\/cvinoticias.com\/v3\/posadas-hallaron-el-cuerpo-de-una-mujer-en-el-arroyo-zaiman-y-detuvieron-a-su-pareja-por-femicidio\/#breadcrumb"},"inLanguage":"es","potentialAction":[{"@type":"ReadAction","target":["https:\/\/cvinoticias.com\/v3\/posadas-hallaron-el-cuerpo-de-una-mujer-en-el-arroyo-zaiman-y-detuvieron-a-su-pareja-por-femicidio\/"]}]},{"@type":"ImageObject","inLanguage":"es","@id":"https:\/\/cvinoticias.com\/v3\/posadas-hallaron-el-cuerpo-de-una-mujer-en-el-arroyo-zaiman-y-detuvieron-a-su-pareja-por-femicidio\/#primaryimage","url":"https:\/\/cvinoticias.com\/wp-content\/uploads\/2022\/02\/IMG-20220215-WA0035.jpg","contentUrl":"https:\/\/cvinoticias.com\/wp-content\/uploads\/2022\/02\/IMG-20220215-WA0035.jpg","width":1080,"height":804},{"@type":"BreadcrumbList","@id":"https:\/\/cvinoticias.com\/v3\/posadas-hallaron-el-cuerpo-de-una-mujer-en-el-arroyo-zaiman-y-detuvieron-a-su-pareja-por-femicidio\/#breadcrumb","itemListElement":[{"@type":"ListItem","position":1,"name":"Portada","item":"https:\/\/cvinoticias.com\/v3\/"},{"@type":"ListItem","position":2,"name":"Posadas: Hallaron el cuerpo de una mujer en el arroyo Zaim\u00e1n y detuvieron a su pareja por femicidio"}]},{"@type":"WebSite","@id":"https:\/\/cvinoticias.com\/v3\/#website","url":"https:\/\/cvinoticias.com\/v3\/","name":"CVI NOTICIAS","description":"","publisher":{"@id":"https:\/\/cvinoticias.com\/v3\/#organization"},"alternateName":"CVI","potentialAction":[{"@type":"SearchAction","target":{"@type":"EntryPoint","urlTemplate":"https:\/\/cvinoticias.com\/v3\/?s={search_term_string}"},"query-input":{"@type":"PropertyValueSpecification","valueRequired":true,"valueName":"search_term_string"}}],"inLanguage":"es"},{"@type":"Organization","@id":"https:\/\/cvinoticias.com\/v3\/#organization","name":"CVI NOTICIAS","url":"https:\/\/cvinoticias.com\/v3\/","logo":{"@type":"ImageObject","inLanguage":"es","@id":"https:\/\/cvinoticias.com\/v3\/#\/schema\/logo\/image\/","url":"https:\/\/cvinoticias.com\/wp-content\/uploads\/2023\/04\/cropped-cropped-cropped-cropped-cropped-3-1.png","contentUrl":"https:\/\/cvinoticias.com\/wp-content\/uploads\/2023\/04\/cropped-cropped-cropped-cropped-cropped-3-1.png","width":95,"height":122,"caption":"CVI NOTICIAS"},"image":{"@id":"https:\/\/cvinoticias.com\/v3\/#\/schema\/logo\/image\/"},"sameAs":["https:\/\/www.facebook.com\/cvinoticias","https:\/\/www.instagram.com\/cvinoticias\/","https:\/\/www.youtube.com\/@CVINOTICIAS"]},{"@type":"Person","@id":"https:\/\/cvinoticias.com\/v3\/#\/schema\/person\/2db77e3c6bc03c538495d7b2b8be9b66","name":"f1000024","image":{"@type":"ImageObject","inLanguage":"es","@id":"https:\/\/secure.gravatar.com\/avatar\/d4fe7459cfc51ff5129ce1a732bbef5928568b8092d412ef95611616376bbeed?s=96&d=mm&r=g","url":"https:\/\/secure.gravatar.com\/avatar\/d4fe7459cfc51ff5129ce1a732bbef5928568b8092d412ef95611616376bbeed?s=96&d=mm&r=g","contentUrl":"https:\/\/secure.gravatar.com\/avatar\/d4fe7459cfc51ff5129ce1a732bbef5928568b8092d412ef95611616376bbeed?s=96&d=mm&r=g","caption":"f1000024"},"url":"https:\/\/cvinoticias.com\/v3\/author\/f1000024\/"}]}},"_links":{"self":[{"href":"https:\/\/cvinoticias.com\/v3\/wp-json\/wp\/v2\/posts\/13260","targetHints":{"allow":["GET"]}}],"collection":[{"href":"https:\/\/cvinoticias.com\/v3\/wp-json\/wp\/v2\/posts"}],"about":[{"href":"https:\/\/cvinoticias.com\/v3\/wp-json\/wp\/v2\/types\/post"}],"author":[{"embeddable":true,"href":"https:\/\/cvinoticias.com\/v3\/wp-json\/wp\/v2\/users\/2"}],"replies":[{"embeddable":true,"href":"https:\/\/cvinoticias.com\/v3\/wp-json\/wp\/v2\/comments?post=13260"}],"version-history":[{"count":1,"href":"https:\/\/cvinoticias.com\/v3\/wp-json\/wp\/v2\/posts\/13260\/revisions"}],"predecessor-version":[{"id":13262,"href":"https:\/\/cvinoticias.com\/v3\/wp-json\/wp\/v2\/posts\/13260\/revisions\/13262"}],"wp:featuredmedia":[{"embeddable":true,"href":"https:\/\/cvinoticias.com\/v3\/wp-json\/wp\/v2\/media\/13263"}],"wp:attachment":[{"href":"https:\/\/cvinoticias.com\/v3\/wp-json\/wp\/v2\/media?parent=13260"}],"wp:term":[{"taxonomy":"category","embeddable":true,"href":"https:\/\/cvinoticias.com\/v3\/wp-json\/wp\/v2\/categories?post=13260"},{"taxonomy":"post_tag","embeddable":true,"href":"https:\/\/cvinoticias.com\/v3\/wp-json\/wp\/v2\/tags?post=13260"}],"curies":[{"name":"wp","href":"https:\/\/api.w.org\/{rel}","templated":true}]}}