{"id":13257,"date":"2022-02-15T20:48:26","date_gmt":"2022-02-15T20:48:26","guid":{"rendered":"https:\/\/cvinoticias.com\/v3\/?p=13257"},"modified":"2022-02-15T20:48:26","modified_gmt":"2022-02-15T20:48:26","slug":"la-suplica-de-los-obispos-del-nea-a-la-virgen-de-itati-por-los-incendios-rurales","status":"publish","type":"post","link":"https:\/\/cvinoticias.com\/v3\/la-suplica-de-los-obispos-del-nea-a-la-virgen-de-itati-por-los-incendios-rurales\/","title":{"rendered":"La s\u00faplica de los Obispos del Nea a la Virgen de Itat\u00ed por los incendios rurales"},"content":{"rendered":"\n<p><strong><em>Los Obispos de la regi\u00f3n Pastoral Nea, preocupados por la situaci\u00f3n que se vive ante la falta de lluvias y que genera incendios que no solo ponen en riesgo la vida de personas y animales, y genera peligro en los hogares y da\u00f1os cuantiosos en los campos, expresan su cercan\u00eda y comprometen su oraci\u00f3n.<\/em><\/strong><\/p>\n\n\n\n<p><strong>Este es su mensaje:<\/strong><\/p>\n\n\n\n<p>\u00abAnte la dram\u00e1tica situaci\u00f3n que vive nuestro pueblo, sobre todo en la zona rural a causa de los incendios, intensifiquemos la oraci\u00f3n en nuestras comunidades\u00bb, expresan en un breve comunicado conjunto.<\/p>\n\n\n\n<p>\u00abSupliquemos la intercesi\u00f3n de nuestra Tierna Madre de Itat\u00ed para que cese esta calamidad, consuele a los que han sido damnificados por esta cat\u00e1strofe clim\u00e1tica, y suscite gestos efectivos de cercan\u00eda y solidaridad hacia aquellos que han sido m\u00e1s perjudicados\u00bb, suplican uni\u00e9ndose a la oraci\u00f3n de tanta gente ante esta situaci\u00f3n.<\/p>\n\n\n\n<p>\u00ab\u00a1Tierna Madre de Itat\u00ed, ruega por nosotros!\u00bb<\/p>\n","protected":false},"excerpt":{"rendered":"<p>Los Obispos de la regi\u00f3n Pastoral Nea, preocupados por la situaci\u00f3n que se vive ante la falta de lluvias y que genera incendios que no solo ponen en riesgo la vida de personas y animales, y genera peligro en los hogares y da\u00f1os cuantiosos en los campos, expresan su cercan\u00eda y comprometen su oraci\u00f3n. Este [&hellip;]<\/p>\n","protected":false},"author":2,"featured_media":13258,"comment_status":"open","ping_status":"open","sticky":false,"template":"","format":"standard","meta":{"footnotes":""},"categories":[44],"tags":[],"class_list":["post-13257","post","type-post","status-publish","format-standard","has-post-thumbnail","hentry","category-religion"],"yoast_head":"<!-- This site is optimized with the Yoast SEO plugin v27.4 - https:\/\/yoast.com\/product\/yoast-seo-wordpress\/ -->\n<title>La s\u00faplica de los Obispos del Nea a la Virgen de Itat\u00ed por los incendios rurales | CVI NOTICIAS<\/title>\n<meta name=\"robots\" content=\"index, follow, max-snippet:-1, max-image-preview:large, max-video-preview:-1\" \/>\n<link rel=\"canonical\" href=\"https:\/\/cvinoticias.com\/v3\/la-suplica-de-los-obispos-del-nea-a-la-virgen-de-itati-por-los-incendios-rurales\/\" \/>\n<meta property=\"og:locale\" content=\"es_ES\" \/>\n<meta property=\"og:type\" content=\"article\" \/>\n<meta property=\"og:title\" content=\"La s\u00faplica de los Obispos del Nea a la Virgen de Itat\u00ed por los incendios rurales | CVI NOTICIAS\" \/>\n<meta property=\"og:description\" content=\"Los Obispos de la regi\u00f3n Pastoral Nea, preocupados por la situaci\u00f3n que se vive ante la falta de lluvias y que genera incendios que no solo ponen en riesgo la vida de personas y animales, y genera peligro en los hogares y da\u00f1os cuantiosos en los campos, expresan su cercan\u00eda y comprometen su oraci\u00f3n. Este [&hellip;]\" \/>\n<meta property=\"og:url\" content=\"https:\/\/cvinoticias.com\/v3\/la-suplica-de-los-obispos-del-nea-a-la-virgen-de-itati-por-los-incendios-rurales\/\" \/>\n<meta property=\"og:site_name\" content=\"CVI NOTICIAS\" \/>\n<meta property=\"article:publisher\" content=\"https:\/\/www.facebook.com\/cvinoticias\" \/>\n<meta property=\"article:published_time\" content=\"2022-02-15T20:48:26+00:00\" \/>\n<meta property=\"og:image\" content=\"https:\/\/cvinoticias.com\/wp-content\/uploads\/2022\/02\/272977645_3116678878647988_3581401910902312890_n.jpg\" \/>\n\t<meta property=\"og:image:width\" content=\"502\" \/>\n\t<meta property=\"og:image:height\" content=\"960\" \/>\n\t<meta property=\"og:image:type\" content=\"image\/jpeg\" \/>\n<meta name=\"author\" content=\"f1000024\" \/>\n<meta name=\"twitter:card\" content=\"summary_large_image\" \/>\n<meta name=\"twitter:label1\" content=\"Escrito por\" \/>\n\t<meta name=\"twitter:data1\" content=\"f1000024\" \/>\n\t<meta name=\"twitter:label2\" content=\"Tiempo de lectura\" \/>\n\t<meta name=\"twitter:data2\" content=\"1 minuto\" \/>\n<script type=\"application\/ld+json\" class=\"yoast-schema-graph\">{\"@context\":\"https:\\\/\\\/schema.org\",\"@graph\":[{\"@type\":\"Article\",\"@id\":\"https:\\\/\\\/cvinoticias.com\\\/v3\\\/la-suplica-de-los-obispos-del-nea-a-la-virgen-de-itati-por-los-incendios-rurales\\\/#article\",\"isPartOf\":{\"@id\":\"https:\\\/\\\/cvinoticias.com\\\/v3\\\/la-suplica-de-los-obispos-del-nea-a-la-virgen-de-itati-por-los-incendios-rurales\\\/\"},\"author\":{\"name\":\"f1000024\",\"@id\":\"https:\\\/\\\/cvinoticias.com\\\/v3\\\/#\\\/schema\\\/person\\\/2db77e3c6bc03c538495d7b2b8be9b66\"},\"headline\":\"La s\u00faplica de los Obispos del Nea a la Virgen de Itat\u00ed por los incendios rurales\",\"datePublished\":\"2022-02-15T20:48:26+00:00\",\"mainEntityOfPage\":{\"@id\":\"https:\\\/\\\/cvinoticias.com\\\/v3\\\/la-suplica-de-los-obispos-del-nea-a-la-virgen-de-itati-por-los-incendios-rurales\\\/\"},\"wordCount\":180,\"commentCount\":0,\"publisher\":{\"@id\":\"https:\\\/\\\/cvinoticias.com\\\/v3\\\/#organization\"},\"image\":{\"@id\":\"https:\\\/\\\/cvinoticias.com\\\/v3\\\/la-suplica-de-los-obispos-del-nea-a-la-virgen-de-itati-por-los-incendios-rurales\\\/#primaryimage\"},\"thumbnailUrl\":\"https:\\\/\\\/cvinoticias.com\\\/wp-content\\\/uploads\\\/2022\\\/02\\\/272977645_3116678878647988_3581401910902312890_n.jpg\",\"articleSection\":[\"Religi\u00f3n\"],\"inLanguage\":\"es\",\"potentialAction\":[{\"@type\":\"CommentAction\",\"name\":\"Comment\",\"target\":[\"https:\\\/\\\/cvinoticias.com\\\/v3\\\/la-suplica-de-los-obispos-del-nea-a-la-virgen-de-itati-por-los-incendios-rurales\\\/#respond\"]}]},{\"@type\":\"WebPage\",\"@id\":\"https:\\\/\\\/cvinoticias.com\\\/v3\\\/la-suplica-de-los-obispos-del-nea-a-la-virgen-de-itati-por-los-incendios-rurales\\\/\",\"url\":\"https:\\\/\\\/cvinoticias.com\\\/v3\\\/la-suplica-de-los-obispos-del-nea-a-la-virgen-de-itati-por-los-incendios-rurales\\\/\",\"name\":\"La s\u00faplica de los Obispos del Nea a la Virgen de Itat\u00ed por los incendios rurales | CVI NOTICIAS\",\"isPartOf\":{\"@id\":\"https:\\\/\\\/cvinoticias.com\\\/v3\\\/#website\"},\"primaryImageOfPage\":{\"@id\":\"https:\\\/\\\/cvinoticias.com\\\/v3\\\/la-suplica-de-los-obispos-del-nea-a-la-virgen-de-itati-por-los-incendios-rurales\\\/#primaryimage\"},\"image\":{\"@id\":\"https:\\\/\\\/cvinoticias.com\\\/v3\\\/la-suplica-de-los-obispos-del-nea-a-la-virgen-de-itati-por-los-incendios-rurales\\\/#primaryimage\"},\"thumbnailUrl\":\"https:\\\/\\\/cvinoticias.com\\\/wp-content\\\/uploads\\\/2022\\\/02\\\/272977645_3116678878647988_3581401910902312890_n.jpg\",\"datePublished\":\"2022-02-15T20:48:26+00:00\",\"breadcrumb\":{\"@id\":\"https:\\\/\\\/cvinoticias.com\\\/v3\\\/la-suplica-de-los-obispos-del-nea-a-la-virgen-de-itati-por-los-incendios-rurales\\\/#breadcrumb\"},\"inLanguage\":\"es\",\"potentialAction\":[{\"@type\":\"ReadAction\",\"target\":[\"https:\\\/\\\/cvinoticias.com\\\/v3\\\/la-suplica-de-los-obispos-del-nea-a-la-virgen-de-itati-por-los-incendios-rurales\\\/\"]}]},{\"@type\":\"ImageObject\",\"inLanguage\":\"es\",\"@id\":\"https:\\\/\\\/cvinoticias.com\\\/v3\\\/la-suplica-de-los-obispos-del-nea-a-la-virgen-de-itati-por-los-incendios-rurales\\\/#primaryimage\",\"url\":\"https:\\\/\\\/cvinoticias.com\\\/wp-content\\\/uploads\\\/2022\\\/02\\\/272977645_3116678878647988_3581401910902312890_n.jpg\",\"contentUrl\":\"https:\\\/\\\/cvinoticias.com\\\/wp-content\\\/uploads\\\/2022\\\/02\\\/272977645_3116678878647988_3581401910902312890_n.jpg\",\"width\":502,\"height\":960},{\"@type\":\"BreadcrumbList\",\"@id\":\"https:\\\/\\\/cvinoticias.com\\\/v3\\\/la-suplica-de-los-obispos-del-nea-a-la-virgen-de-itati-por-los-incendios-rurales\\\/#breadcrumb\",\"itemListElement\":[{\"@type\":\"ListItem\",\"position\":1,\"name\":\"Portada\",\"item\":\"https:\\\/\\\/cvinoticias.com\\\/v3\\\/\"},{\"@type\":\"ListItem\",\"position\":2,\"name\":\"La s\u00faplica de los Obispos del Nea a la Virgen de Itat\u00ed por los incendios rurales\"}]},{\"@type\":\"WebSite\",\"@id\":\"https:\\\/\\\/cvinoticias.com\\\/v3\\\/#website\",\"url\":\"https:\\\/\\\/cvinoticias.com\\\/v3\\\/\",\"name\":\"CVI NOTICIAS\",\"description\":\"\",\"publisher\":{\"@id\":\"https:\\\/\\\/cvinoticias.com\\\/v3\\\/#organization\"},\"alternateName\":\"CVI\",\"potentialAction\":[{\"@type\":\"SearchAction\",\"target\":{\"@type\":\"EntryPoint\",\"urlTemplate\":\"https:\\\/\\\/cvinoticias.com\\\/v3\\\/?s={search_term_string}\"},\"query-input\":{\"@type\":\"PropertyValueSpecification\",\"valueRequired\":true,\"valueName\":\"search_term_string\"}}],\"inLanguage\":\"es\"},{\"@type\":\"Organization\",\"@id\":\"https:\\\/\\\/cvinoticias.com\\\/v3\\\/#organization\",\"name\":\"CVI NOTICIAS\",\"url\":\"https:\\\/\\\/cvinoticias.com\\\/v3\\\/\",\"logo\":{\"@type\":\"ImageObject\",\"inLanguage\":\"es\",\"@id\":\"https:\\\/\\\/cvinoticias.com\\\/v3\\\/#\\\/schema\\\/logo\\\/image\\\/\",\"url\":\"https:\\\/\\\/cvinoticias.com\\\/wp-content\\\/uploads\\\/2023\\\/04\\\/cropped-cropped-cropped-cropped-cropped-3-1.png\",\"contentUrl\":\"https:\\\/\\\/cvinoticias.com\\\/wp-content\\\/uploads\\\/2023\\\/04\\\/cropped-cropped-cropped-cropped-cropped-3-1.png\",\"width\":95,\"height\":122,\"caption\":\"CVI NOTICIAS\"},\"image\":{\"@id\":\"https:\\\/\\\/cvinoticias.com\\\/v3\\\/#\\\/schema\\\/logo\\\/image\\\/\"},\"sameAs\":[\"https:\\\/\\\/www.facebook.com\\\/cvinoticias\",\"https:\\\/\\\/www.instagram.com\\\/cvinoticias\\\/\",\"https:\\\/\\\/www.youtube.com\\\/@CVINOTICIAS\"]},{\"@type\":\"Person\",\"@id\":\"https:\\\/\\\/cvinoticias.com\\\/v3\\\/#\\\/schema\\\/person\\\/2db77e3c6bc03c538495d7b2b8be9b66\",\"name\":\"f1000024\",\"image\":{\"@type\":\"ImageObject\",\"inLanguage\":\"es\",\"@id\":\"https:\\\/\\\/secure.gravatar.com\\\/avatar\\\/d4fe7459cfc51ff5129ce1a732bbef5928568b8092d412ef95611616376bbeed?s=96&d=mm&r=g\",\"url\":\"https:\\\/\\\/secure.gravatar.com\\\/avatar\\\/d4fe7459cfc51ff5129ce1a732bbef5928568b8092d412ef95611616376bbeed?s=96&d=mm&r=g\",\"contentUrl\":\"https:\\\/\\\/secure.gravatar.com\\\/avatar\\\/d4fe7459cfc51ff5129ce1a732bbef5928568b8092d412ef95611616376bbeed?s=96&d=mm&r=g\",\"caption\":\"f1000024\"},\"url\":\"https:\\\/\\\/cvinoticias.com\\\/v3\\\/author\\\/f1000024\\\/\"}]}<\/script>\n<!-- \/ Yoast SEO plugin. -->","yoast_head_json":{"title":"La s\u00faplica de los Obispos del Nea a la Virgen de Itat\u00ed por los incendios rurales | CVI NOTICIAS","robots":{"index":"index","follow":"follow","max-snippet":"max-snippet:-1","max-image-preview":"max-image-preview:large","max-video-preview":"max-video-preview:-1"},"canonical":"https:\/\/cvinoticias.com\/v3\/la-suplica-de-los-obispos-del-nea-a-la-virgen-de-itati-por-los-incendios-rurales\/","og_locale":"es_ES","og_type":"article","og_title":"La s\u00faplica de los Obispos del Nea a la Virgen de Itat\u00ed por los incendios rurales | CVI NOTICIAS","og_description":"Los Obispos de la regi\u00f3n Pastoral Nea, preocupados por la situaci\u00f3n que se vive ante la falta de lluvias y que genera incendios que no solo ponen en riesgo la vida de personas y animales, y genera peligro en los hogares y da\u00f1os cuantiosos en los campos, expresan su cercan\u00eda y comprometen su oraci\u00f3n. Este [&hellip;]","og_url":"https:\/\/cvinoticias.com\/v3\/la-suplica-de-los-obispos-del-nea-a-la-virgen-de-itati-por-los-incendios-rurales\/","og_site_name":"CVI NOTICIAS","article_publisher":"https:\/\/www.facebook.com\/cvinoticias","article_published_time":"2022-02-15T20:48:26+00:00","og_image":[{"width":502,"height":960,"url":"https:\/\/cvinoticias.com\/wp-content\/uploads\/2022\/02\/272977645_3116678878647988_3581401910902312890_n.jpg","type":"image\/jpeg"}],"author":"f1000024","twitter_card":"summary_large_image","twitter_misc":{"Escrito por":"f1000024","Tiempo de lectura":"1 minuto"},"schema":{"@context":"https:\/\/schema.org","@graph":[{"@type":"Article","@id":"https:\/\/cvinoticias.com\/v3\/la-suplica-de-los-obispos-del-nea-a-la-virgen-de-itati-por-los-incendios-rurales\/#article","isPartOf":{"@id":"https:\/\/cvinoticias.com\/v3\/la-suplica-de-los-obispos-del-nea-a-la-virgen-de-itati-por-los-incendios-rurales\/"},"author":{"name":"f1000024","@id":"https:\/\/cvinoticias.com\/v3\/#\/schema\/person\/2db77e3c6bc03c538495d7b2b8be9b66"},"headline":"La s\u00faplica de los Obispos del Nea a la Virgen de Itat\u00ed por los incendios rurales","datePublished":"2022-02-15T20:48:26+00:00","mainEntityOfPage":{"@id":"https:\/\/cvinoticias.com\/v3\/la-suplica-de-los-obispos-del-nea-a-la-virgen-de-itati-por-los-incendios-rurales\/"},"wordCount":180,"commentCount":0,"publisher":{"@id":"https:\/\/cvinoticias.com\/v3\/#organization"},"image":{"@id":"https:\/\/cvinoticias.com\/v3\/la-suplica-de-los-obispos-del-nea-a-la-virgen-de-itati-por-los-incendios-rurales\/#primaryimage"},"thumbnailUrl":"https:\/\/cvinoticias.com\/wp-content\/uploads\/2022\/02\/272977645_3116678878647988_3581401910902312890_n.jpg","articleSection":["Religi\u00f3n"],"inLanguage":"es","potentialAction":[{"@type":"CommentAction","name":"Comment","target":["https:\/\/cvinoticias.com\/v3\/la-suplica-de-los-obispos-del-nea-a-la-virgen-de-itati-por-los-incendios-rurales\/#respond"]}]},{"@type":"WebPage","@id":"https:\/\/cvinoticias.com\/v3\/la-suplica-de-los-obispos-del-nea-a-la-virgen-de-itati-por-los-incendios-rurales\/","url":"https:\/\/cvinoticias.com\/v3\/la-suplica-de-los-obispos-del-nea-a-la-virgen-de-itati-por-los-incendios-rurales\/","name":"La s\u00faplica de los Obispos del Nea a la Virgen de Itat\u00ed por los incendios rurales | CVI NOTICIAS","isPartOf":{"@id":"https:\/\/cvinoticias.com\/v3\/#website"},"primaryImageOfPage":{"@id":"https:\/\/cvinoticias.com\/v3\/la-suplica-de-los-obispos-del-nea-a-la-virgen-de-itati-por-los-incendios-rurales\/#primaryimage"},"image":{"@id":"https:\/\/cvinoticias.com\/v3\/la-suplica-de-los-obispos-del-nea-a-la-virgen-de-itati-por-los-incendios-rurales\/#primaryimage"},"thumbnailUrl":"https:\/\/cvinoticias.com\/wp-content\/uploads\/2022\/02\/272977645_3116678878647988_3581401910902312890_n.jpg","datePublished":"2022-02-15T20:48:26+00:00","breadcrumb":{"@id":"https:\/\/cvinoticias.com\/v3\/la-suplica-de-los-obispos-del-nea-a-la-virgen-de-itati-por-los-incendios-rurales\/#breadcrumb"},"inLanguage":"es","potentialAction":[{"@type":"ReadAction","target":["https:\/\/cvinoticias.com\/v3\/la-suplica-de-los-obispos-del-nea-a-la-virgen-de-itati-por-los-incendios-rurales\/"]}]},{"@type":"ImageObject","inLanguage":"es","@id":"https:\/\/cvinoticias.com\/v3\/la-suplica-de-los-obispos-del-nea-a-la-virgen-de-itati-por-los-incendios-rurales\/#primaryimage","url":"https:\/\/cvinoticias.com\/wp-content\/uploads\/2022\/02\/272977645_3116678878647988_3581401910902312890_n.jpg","contentUrl":"https:\/\/cvinoticias.com\/wp-content\/uploads\/2022\/02\/272977645_3116678878647988_3581401910902312890_n.jpg","width":502,"height":960},{"@type":"BreadcrumbList","@id":"https:\/\/cvinoticias.com\/v3\/la-suplica-de-los-obispos-del-nea-a-la-virgen-de-itati-por-los-incendios-rurales\/#breadcrumb","itemListElement":[{"@type":"ListItem","position":1,"name":"Portada","item":"https:\/\/cvinoticias.com\/v3\/"},{"@type":"ListItem","position":2,"name":"La s\u00faplica de los Obispos del Nea a la Virgen de Itat\u00ed por los incendios rurales"}]},{"@type":"WebSite","@id":"https:\/\/cvinoticias.com\/v3\/#website","url":"https:\/\/cvinoticias.com\/v3\/","name":"CVI NOTICIAS","description":"","publisher":{"@id":"https:\/\/cvinoticias.com\/v3\/#organization"},"alternateName":"CVI","potentialAction":[{"@type":"SearchAction","target":{"@type":"EntryPoint","urlTemplate":"https:\/\/cvinoticias.com\/v3\/?s={search_term_string}"},"query-input":{"@type":"PropertyValueSpecification","valueRequired":true,"valueName":"search_term_string"}}],"inLanguage":"es"},{"@type":"Organization","@id":"https:\/\/cvinoticias.com\/v3\/#organization","name":"CVI NOTICIAS","url":"https:\/\/cvinoticias.com\/v3\/","logo":{"@type":"ImageObject","inLanguage":"es","@id":"https:\/\/cvinoticias.com\/v3\/#\/schema\/logo\/image\/","url":"https:\/\/cvinoticias.com\/wp-content\/uploads\/2023\/04\/cropped-cropped-cropped-cropped-cropped-3-1.png","contentUrl":"https:\/\/cvinoticias.com\/wp-content\/uploads\/2023\/04\/cropped-cropped-cropped-cropped-cropped-3-1.png","width":95,"height":122,"caption":"CVI NOTICIAS"},"image":{"@id":"https:\/\/cvinoticias.com\/v3\/#\/schema\/logo\/image\/"},"sameAs":["https:\/\/www.facebook.com\/cvinoticias","https:\/\/www.instagram.com\/cvinoticias\/","https:\/\/www.youtube.com\/@CVINOTICIAS"]},{"@type":"Person","@id":"https:\/\/cvinoticias.com\/v3\/#\/schema\/person\/2db77e3c6bc03c538495d7b2b8be9b66","name":"f1000024","image":{"@type":"ImageObject","inLanguage":"es","@id":"https:\/\/secure.gravatar.com\/avatar\/d4fe7459cfc51ff5129ce1a732bbef5928568b8092d412ef95611616376bbeed?s=96&d=mm&r=g","url":"https:\/\/secure.gravatar.com\/avatar\/d4fe7459cfc51ff5129ce1a732bbef5928568b8092d412ef95611616376bbeed?s=96&d=mm&r=g","contentUrl":"https:\/\/secure.gravatar.com\/avatar\/d4fe7459cfc51ff5129ce1a732bbef5928568b8092d412ef95611616376bbeed?s=96&d=mm&r=g","caption":"f1000024"},"url":"https:\/\/cvinoticias.com\/v3\/author\/f1000024\/"}]}},"_links":{"self":[{"href":"https:\/\/cvinoticias.com\/v3\/wp-json\/wp\/v2\/posts\/13257","targetHints":{"allow":["GET"]}}],"collection":[{"href":"https:\/\/cvinoticias.com\/v3\/wp-json\/wp\/v2\/posts"}],"about":[{"href":"https:\/\/cvinoticias.com\/v3\/wp-json\/wp\/v2\/types\/post"}],"author":[{"embeddable":true,"href":"https:\/\/cvinoticias.com\/v3\/wp-json\/wp\/v2\/users\/2"}],"replies":[{"embeddable":true,"href":"https:\/\/cvinoticias.com\/v3\/wp-json\/wp\/v2\/comments?post=13257"}],"version-history":[{"count":1,"href":"https:\/\/cvinoticias.com\/v3\/wp-json\/wp\/v2\/posts\/13257\/revisions"}],"predecessor-version":[{"id":13259,"href":"https:\/\/cvinoticias.com\/v3\/wp-json\/wp\/v2\/posts\/13257\/revisions\/13259"}],"wp:featuredmedia":[{"embeddable":true,"href":"https:\/\/cvinoticias.com\/v3\/wp-json\/wp\/v2\/media\/13258"}],"wp:attachment":[{"href":"https:\/\/cvinoticias.com\/v3\/wp-json\/wp\/v2\/media?parent=13257"}],"wp:term":[{"taxonomy":"category","embeddable":true,"href":"https:\/\/cvinoticias.com\/v3\/wp-json\/wp\/v2\/categories?post=13257"},{"taxonomy":"post_tag","embeddable":true,"href":"https:\/\/cvinoticias.com\/v3\/wp-json\/wp\/v2\/tags?post=13257"}],"curies":[{"name":"wp","href":"https:\/\/api.w.org\/{rel}","templated":true}]}}