{"id":13245,"date":"2022-02-15T15:41:04","date_gmt":"2022-02-15T15:41:04","guid":{"rendered":"https:\/\/cvinoticias.com\/v3\/?p=13245"},"modified":"2022-02-15T15:41:04","modified_gmt":"2022-02-15T15:41:04","slug":"los-incendios-en-corrientes-alcanzaron-el-ingreso-a-los-esteros-del-ibera","status":"publish","type":"post","link":"https:\/\/cvinoticias.com\/v3\/los-incendios-en-corrientes-alcanzaron-el-ingreso-a-los-esteros-del-ibera\/","title":{"rendered":"Los incendios en Corrientes alcanzaron el ingreso a los Esteros del Iber\u00e1"},"content":{"rendered":"\n<p><strong><em>Las llamas ya llegaron a los portales de acceso al parque nacional. Se\u00f1alan que el calor extremo y la sequ\u00eda impactan sobre la fauna del lugar. Las hect\u00e1reas afectadas son m\u00e1s de 519 mil.<\/em><\/strong><\/p>\n\n\n\n<p>Los incendios que azotan a la provincia de Corrientes y que ya afectaron m\u00e1s de 500.000 hect\u00e1reas alcanzaron los portales de acceso a los Esteros del Iber\u00e1 y las autoridades provinciales advirtieron este mrtes que la profunda sequ\u00eda est\u00e1 afectando a los animales del ecosistema a los que deben dejarle \u00ab2.000 o 3.000 litros de agua por d\u00eda\u00bb cuando no es necesaria para el combate del fuego.<\/p>\n\n\n\n<p>El ministro de Turismo de Corrientes, Sebasti\u00e1n Slobayen, se\u00f1al\u00f3 que varios portales de ingreso est\u00e1n cerrados y que se est\u00e1 trabajando para combatir el fuego, a la vez que calific\u00f3 de \u00abcomplicada\u00bb la situaci\u00f3n en la zona norte.<\/p>\n\n\n\n<p>\u00abLa situaci\u00f3n est\u00e1 complicada en la zona norte, Ituzaing\u00f3, Villa Olivari, Loreto, San Miguel, donde cuadrillas de brigadistas y bomberos est\u00e1n trabajando para sofocar el fuego\u00bb, expres\u00f3 el funcionario provincial.<\/p>\n\n\n\n<figure class=\"wp-block-image size-full\"><a href=\"https:\/\/cvinoticias.com\/wp-content\/uploads\/2022\/02\/incendios-corrientes.jpg\"><img decoding=\"async\" width=\"725\" height=\"460\" data-src=\"https:\/\/cvinoticias.com\/wp-content\/uploads\/2022\/02\/incendios-corrientes.jpg\" alt=\"\" class=\"wp-image-13246 lazyload\" data-srcset=\"https:\/\/cvinoticias.com\/wp-content\/uploads\/2022\/02\/incendios-corrientes.jpg 725w, https:\/\/cvinoticias.com\/wp-content\/uploads\/2022\/02\/incendios-corrientes-300x190.jpg 300w\" data-sizes=\"(max-width: 725px) 100vw, 725px\" src=\"data:image\/svg+xml;base64,PHN2ZyB3aWR0aD0iMSIgaGVpZ2h0PSIxIiB4bWxucz0iaHR0cDovL3d3dy53My5vcmcvMjAwMC9zdmciPjwvc3ZnPg==\" style=\"--smush-placeholder-width: 725px; --smush-placeholder-aspect-ratio: 725\/460;\" \/><\/a><\/figure>\n\n\n\n<p>En este sentido, detall\u00f3 que \u201cpermanecen cerrados los portales de ingreso a lo esteros del Iber\u00e1: Cambiret\u00e1, Loreto, San Miguel y Concepci\u00f3n, hasta que la situaci\u00f3n mejore\u201d.<\/p>\n\n\n\n<p>Y agreg\u00f3 que \u00abpermanecen operativos otros portales, como Colonia Carlos Pellegrini, por ejemplo\u00bb.<\/p>\n\n\n\n<p>En tanto, aclar\u00f3 que \u00abes temporada baja en los esteros del Iber\u00e1, la temporada alta comienza en marzo o despu\u00e9s\u00bb y remarc\u00f3 que cuando se supere esta emergencia se realizar\u00e1 un relevamiento para evaluar las p\u00e9rdidas que dejaron los incendios.<\/p>\n\n\n\n<p>Por su parte, Andrea Boloqui, presidenta de la C\u00e1mara de Turismo de Corrientes, confirm\u00f3 que \u00abde los 10 portales del Iber\u00e1, cuatro est\u00e1n cerrados por los incendios\u00bb.<\/p>\n\n\n\n<p>Al respecto se\u00f1al\u00f3 que se trata de \u00abcuatro de los cinco portales m\u00e1s importantes de los esteros del Iber\u00e1\u00bb.<\/p>\n\n\n\n<p>\u00abEn Cambiret\u00e1 hace 30 d\u00edas que tenemos focos de incendios, se apagan unos y luego se prenden otros\u00bb, relat\u00f3 y mencion\u00f3 que los sofocaron en algunas oportunidades con la ayuda de brigadistas de Parques Nacionales.<\/p>\n\n\n\n<p>Detall\u00f3 adem\u00e1s que est\u00e1n a 30 kil\u00f3metros de la Ruta 12 \u00abestamos pegados al parque Nacional, tenemos una reserva privada de 1.600 hect\u00e1reas, de la que se quemaron 1.400\u201d.<\/p>\n\n\n\n<p>Boloqui se refiri\u00f3 al da\u00f1o que el fuego causa en los bosques nativos y tambi\u00e9n en la fauna, agravado por la sequ\u00eda excepcional y adem\u00e1s en el turismo.<\/p>\n\n\n\n<p>\u00abLos animales no tienen agua. Les dejamos agua a los monos en los \u00e1rboles y a los yacar\u00e9s dos o tres mil litros por d\u00eda, cuando no la necesitamos para apagar el fuego\u00bb, se\u00f1al\u00f3 y remarc\u00f3 que el gran problema es que \u00abel estero est\u00e1 seco\u00bb.<\/p>\n\n\n\n<p>Sobre el turismo, se\u00f1al\u00f3 que tambi\u00e9n se ve muy afectado \u00abporque generalmente gran parte de los turistas que vienen a las playas de Ituzaing\u00f3 quieren visitar el Iber\u00e1 y ahora no pueden hacerlo\u00bb.<\/p>\n\n\n\n<p>Finalmente, remarc\u00f3 en di\u00e1logo con T\u00e9lam que el fuego alcanz\u00f3 miles de hect\u00e1reas del Parque Nacional y que la fauna tardar\u00e1 meses en recuperarse por la falta de agua y los bosques nativos, a\u00f1os.<\/p>\n\n\n\n<p>\u00abNo hay pron\u00f3stico de lluvia, no sabemos hasta cu\u00e1ndo seguir\u00e1 esto\u00bb, se lament\u00f3 la titular de la C\u00e1mara de Turismo de Corrientes.<\/p>\n\n\n\n<p>En redes, en tanto, circulan videos del brutal incendio.<\/p>\n","protected":false},"excerpt":{"rendered":"<p>Las llamas ya llegaron a los portales de acceso al parque nacional. Se\u00f1alan que el calor extremo y la sequ\u00eda impactan sobre la fauna del lugar. Las hect\u00e1reas afectadas son m\u00e1s de 519 mil. Los incendios que azotan a la provincia de Corrientes y que ya afectaron m\u00e1s de 500.000 hect\u00e1reas alcanzaron los portales de [&hellip;]<\/p>\n","protected":false},"author":2,"featured_media":13247,"comment_status":"open","ping_status":"open","sticky":false,"template":"","format":"standard","meta":{"footnotes":""},"categories":[35],"tags":[],"class_list":["post-13245","post","type-post","status-publish","format-standard","has-post-thumbnail","hentry","category-informacion-general"],"yoast_head":"<!-- This site is optimized with the Yoast SEO plugin v27.5 - https:\/\/yoast.com\/product\/yoast-seo-wordpress\/ -->\n<title>Los incendios en Corrientes alcanzaron el ingreso a los Esteros del Iber\u00e1 | CVI NOTICIAS<\/title>\n<meta name=\"robots\" content=\"index, follow, max-snippet:-1, max-image-preview:large, max-video-preview:-1\" \/>\n<link rel=\"canonical\" href=\"https:\/\/cvinoticias.com\/v3\/los-incendios-en-corrientes-alcanzaron-el-ingreso-a-los-esteros-del-ibera\/\" \/>\n<meta property=\"og:locale\" content=\"es_ES\" \/>\n<meta property=\"og:type\" content=\"article\" \/>\n<meta property=\"og:title\" content=\"Los incendios en Corrientes alcanzaron el ingreso a los Esteros del Iber\u00e1 | CVI NOTICIAS\" \/>\n<meta property=\"og:description\" content=\"Las llamas ya llegaron a los portales de acceso al parque nacional. Se\u00f1alan que el calor extremo y la sequ\u00eda impactan sobre la fauna del lugar. Las hect\u00e1reas afectadas son m\u00e1s de 519 mil. Los incendios que azotan a la provincia de Corrientes y que ya afectaron m\u00e1s de 500.000 hect\u00e1reas alcanzaron los portales de [&hellip;]\" \/>\n<meta property=\"og:url\" content=\"https:\/\/cvinoticias.com\/v3\/los-incendios-en-corrientes-alcanzaron-el-ingreso-a-los-esteros-del-ibera\/\" \/>\n<meta property=\"og:site_name\" content=\"CVI NOTICIAS\" \/>\n<meta property=\"article:publisher\" content=\"https:\/\/www.facebook.com\/cvinoticias\" \/>\n<meta property=\"article:published_time\" content=\"2022-02-15T15:41:04+00:00\" \/>\n<meta property=\"og:image\" content=\"https:\/\/cvinoticias.com\/wp-content\/uploads\/2022\/02\/incendios-corrientes-1.jpg\" \/>\n\t<meta property=\"og:image:width\" content=\"730\" \/>\n\t<meta property=\"og:image:height\" content=\"460\" \/>\n\t<meta property=\"og:image:type\" content=\"image\/jpeg\" \/>\n<meta name=\"author\" content=\"f1000024\" \/>\n<meta name=\"twitter:card\" content=\"summary_large_image\" \/>\n<meta name=\"twitter:label1\" content=\"Escrito por\" \/>\n\t<meta name=\"twitter:data1\" content=\"f1000024\" \/>\n\t<meta name=\"twitter:label2\" content=\"Tiempo de lectura\" \/>\n\t<meta name=\"twitter:data2\" content=\"3 minutos\" \/>\n<script type=\"application\/ld+json\" class=\"yoast-schema-graph\">{\"@context\":\"https:\\\/\\\/schema.org\",\"@graph\":[{\"@type\":\"Article\",\"@id\":\"https:\\\/\\\/cvinoticias.com\\\/v3\\\/los-incendios-en-corrientes-alcanzaron-el-ingreso-a-los-esteros-del-ibera\\\/#article\",\"isPartOf\":{\"@id\":\"https:\\\/\\\/cvinoticias.com\\\/v3\\\/los-incendios-en-corrientes-alcanzaron-el-ingreso-a-los-esteros-del-ibera\\\/\"},\"author\":{\"name\":\"f1000024\",\"@id\":\"https:\\\/\\\/cvinoticias.com\\\/v3\\\/#\\\/schema\\\/person\\\/2db77e3c6bc03c538495d7b2b8be9b66\"},\"headline\":\"Los incendios en Corrientes alcanzaron el ingreso a los Esteros del Iber\u00e1\",\"datePublished\":\"2022-02-15T15:41:04+00:00\",\"mainEntityOfPage\":{\"@id\":\"https:\\\/\\\/cvinoticias.com\\\/v3\\\/los-incendios-en-corrientes-alcanzaron-el-ingreso-a-los-esteros-del-ibera\\\/\"},\"wordCount\":576,\"commentCount\":0,\"publisher\":{\"@id\":\"https:\\\/\\\/cvinoticias.com\\\/v3\\\/#organization\"},\"image\":{\"@id\":\"https:\\\/\\\/cvinoticias.com\\\/v3\\\/los-incendios-en-corrientes-alcanzaron-el-ingreso-a-los-esteros-del-ibera\\\/#primaryimage\"},\"thumbnailUrl\":\"https:\\\/\\\/cvinoticias.com\\\/wp-content\\\/uploads\\\/2022\\\/02\\\/incendios-corrientes-1.jpg\",\"articleSection\":[\"Informaci\u00f3n General\"],\"inLanguage\":\"es\",\"potentialAction\":[{\"@type\":\"CommentAction\",\"name\":\"Comment\",\"target\":[\"https:\\\/\\\/cvinoticias.com\\\/v3\\\/los-incendios-en-corrientes-alcanzaron-el-ingreso-a-los-esteros-del-ibera\\\/#respond\"]}]},{\"@type\":\"WebPage\",\"@id\":\"https:\\\/\\\/cvinoticias.com\\\/v3\\\/los-incendios-en-corrientes-alcanzaron-el-ingreso-a-los-esteros-del-ibera\\\/\",\"url\":\"https:\\\/\\\/cvinoticias.com\\\/v3\\\/los-incendios-en-corrientes-alcanzaron-el-ingreso-a-los-esteros-del-ibera\\\/\",\"name\":\"Los incendios en Corrientes alcanzaron el ingreso a los Esteros del Iber\u00e1 | CVI NOTICIAS\",\"isPartOf\":{\"@id\":\"https:\\\/\\\/cvinoticias.com\\\/v3\\\/#website\"},\"primaryImageOfPage\":{\"@id\":\"https:\\\/\\\/cvinoticias.com\\\/v3\\\/los-incendios-en-corrientes-alcanzaron-el-ingreso-a-los-esteros-del-ibera\\\/#primaryimage\"},\"image\":{\"@id\":\"https:\\\/\\\/cvinoticias.com\\\/v3\\\/los-incendios-en-corrientes-alcanzaron-el-ingreso-a-los-esteros-del-ibera\\\/#primaryimage\"},\"thumbnailUrl\":\"https:\\\/\\\/cvinoticias.com\\\/wp-content\\\/uploads\\\/2022\\\/02\\\/incendios-corrientes-1.jpg\",\"datePublished\":\"2022-02-15T15:41:04+00:00\",\"breadcrumb\":{\"@id\":\"https:\\\/\\\/cvinoticias.com\\\/v3\\\/los-incendios-en-corrientes-alcanzaron-el-ingreso-a-los-esteros-del-ibera\\\/#breadcrumb\"},\"inLanguage\":\"es\",\"potentialAction\":[{\"@type\":\"ReadAction\",\"target\":[\"https:\\\/\\\/cvinoticias.com\\\/v3\\\/los-incendios-en-corrientes-alcanzaron-el-ingreso-a-los-esteros-del-ibera\\\/\"]}]},{\"@type\":\"ImageObject\",\"inLanguage\":\"es\",\"@id\":\"https:\\\/\\\/cvinoticias.com\\\/v3\\\/los-incendios-en-corrientes-alcanzaron-el-ingreso-a-los-esteros-del-ibera\\\/#primaryimage\",\"url\":\"https:\\\/\\\/cvinoticias.com\\\/wp-content\\\/uploads\\\/2022\\\/02\\\/incendios-corrientes-1.jpg\",\"contentUrl\":\"https:\\\/\\\/cvinoticias.com\\\/wp-content\\\/uploads\\\/2022\\\/02\\\/incendios-corrientes-1.jpg\",\"width\":730,\"height\":460},{\"@type\":\"BreadcrumbList\",\"@id\":\"https:\\\/\\\/cvinoticias.com\\\/v3\\\/los-incendios-en-corrientes-alcanzaron-el-ingreso-a-los-esteros-del-ibera\\\/#breadcrumb\",\"itemListElement\":[{\"@type\":\"ListItem\",\"position\":1,\"name\":\"Portada\",\"item\":\"https:\\\/\\\/cvinoticias.com\\\/v3\\\/\"},{\"@type\":\"ListItem\",\"position\":2,\"name\":\"Los incendios en Corrientes alcanzaron el ingreso a los Esteros del Iber\u00e1\"}]},{\"@type\":\"WebSite\",\"@id\":\"https:\\\/\\\/cvinoticias.com\\\/v3\\\/#website\",\"url\":\"https:\\\/\\\/cvinoticias.com\\\/v3\\\/\",\"name\":\"CVI NOTICIAS\",\"description\":\"\",\"publisher\":{\"@id\":\"https:\\\/\\\/cvinoticias.com\\\/v3\\\/#organization\"},\"alternateName\":\"CVI\",\"potentialAction\":[{\"@type\":\"SearchAction\",\"target\":{\"@type\":\"EntryPoint\",\"urlTemplate\":\"https:\\\/\\\/cvinoticias.com\\\/v3\\\/?s={search_term_string}\"},\"query-input\":{\"@type\":\"PropertyValueSpecification\",\"valueRequired\":true,\"valueName\":\"search_term_string\"}}],\"inLanguage\":\"es\"},{\"@type\":\"Organization\",\"@id\":\"https:\\\/\\\/cvinoticias.com\\\/v3\\\/#organization\",\"name\":\"CVI NOTICIAS\",\"url\":\"https:\\\/\\\/cvinoticias.com\\\/v3\\\/\",\"logo\":{\"@type\":\"ImageObject\",\"inLanguage\":\"es\",\"@id\":\"https:\\\/\\\/cvinoticias.com\\\/v3\\\/#\\\/schema\\\/logo\\\/image\\\/\",\"url\":\"https:\\\/\\\/cvinoticias.com\\\/wp-content\\\/uploads\\\/2023\\\/04\\\/cropped-cropped-cropped-cropped-cropped-3-1.png\",\"contentUrl\":\"https:\\\/\\\/cvinoticias.com\\\/wp-content\\\/uploads\\\/2023\\\/04\\\/cropped-cropped-cropped-cropped-cropped-3-1.png\",\"width\":95,\"height\":122,\"caption\":\"CVI NOTICIAS\"},\"image\":{\"@id\":\"https:\\\/\\\/cvinoticias.com\\\/v3\\\/#\\\/schema\\\/logo\\\/image\\\/\"},\"sameAs\":[\"https:\\\/\\\/www.facebook.com\\\/cvinoticias\",\"https:\\\/\\\/www.instagram.com\\\/cvinoticias\\\/\",\"https:\\\/\\\/www.youtube.com\\\/@CVINOTICIAS\"]},{\"@type\":\"Person\",\"@id\":\"https:\\\/\\\/cvinoticias.com\\\/v3\\\/#\\\/schema\\\/person\\\/2db77e3c6bc03c538495d7b2b8be9b66\",\"name\":\"f1000024\",\"image\":{\"@type\":\"ImageObject\",\"inLanguage\":\"es\",\"@id\":\"https:\\\/\\\/secure.gravatar.com\\\/avatar\\\/d4fe7459cfc51ff5129ce1a732bbef5928568b8092d412ef95611616376bbeed?s=96&d=mm&r=g\",\"url\":\"https:\\\/\\\/secure.gravatar.com\\\/avatar\\\/d4fe7459cfc51ff5129ce1a732bbef5928568b8092d412ef95611616376bbeed?s=96&d=mm&r=g\",\"contentUrl\":\"https:\\\/\\\/secure.gravatar.com\\\/avatar\\\/d4fe7459cfc51ff5129ce1a732bbef5928568b8092d412ef95611616376bbeed?s=96&d=mm&r=g\",\"caption\":\"f1000024\"},\"url\":\"https:\\\/\\\/cvinoticias.com\\\/v3\\\/author\\\/f1000024\\\/\"}]}<\/script>\n<!-- \/ Yoast SEO plugin. -->","yoast_head_json":{"title":"Los incendios en Corrientes alcanzaron el ingreso a los Esteros del Iber\u00e1 | CVI NOTICIAS","robots":{"index":"index","follow":"follow","max-snippet":"max-snippet:-1","max-image-preview":"max-image-preview:large","max-video-preview":"max-video-preview:-1"},"canonical":"https:\/\/cvinoticias.com\/v3\/los-incendios-en-corrientes-alcanzaron-el-ingreso-a-los-esteros-del-ibera\/","og_locale":"es_ES","og_type":"article","og_title":"Los incendios en Corrientes alcanzaron el ingreso a los Esteros del Iber\u00e1 | CVI NOTICIAS","og_description":"Las llamas ya llegaron a los portales de acceso al parque nacional. Se\u00f1alan que el calor extremo y la sequ\u00eda impactan sobre la fauna del lugar. Las hect\u00e1reas afectadas son m\u00e1s de 519 mil. Los incendios que azotan a la provincia de Corrientes y que ya afectaron m\u00e1s de 500.000 hect\u00e1reas alcanzaron los portales de [&hellip;]","og_url":"https:\/\/cvinoticias.com\/v3\/los-incendios-en-corrientes-alcanzaron-el-ingreso-a-los-esteros-del-ibera\/","og_site_name":"CVI NOTICIAS","article_publisher":"https:\/\/www.facebook.com\/cvinoticias","article_published_time":"2022-02-15T15:41:04+00:00","og_image":[{"width":730,"height":460,"url":"https:\/\/cvinoticias.com\/wp-content\/uploads\/2022\/02\/incendios-corrientes-1.jpg","type":"image\/jpeg"}],"author":"f1000024","twitter_card":"summary_large_image","twitter_misc":{"Escrito por":"f1000024","Tiempo de lectura":"3 minutos"},"schema":{"@context":"https:\/\/schema.org","@graph":[{"@type":"Article","@id":"https:\/\/cvinoticias.com\/v3\/los-incendios-en-corrientes-alcanzaron-el-ingreso-a-los-esteros-del-ibera\/#article","isPartOf":{"@id":"https:\/\/cvinoticias.com\/v3\/los-incendios-en-corrientes-alcanzaron-el-ingreso-a-los-esteros-del-ibera\/"},"author":{"name":"f1000024","@id":"https:\/\/cvinoticias.com\/v3\/#\/schema\/person\/2db77e3c6bc03c538495d7b2b8be9b66"},"headline":"Los incendios en Corrientes alcanzaron el ingreso a los Esteros del Iber\u00e1","datePublished":"2022-02-15T15:41:04+00:00","mainEntityOfPage":{"@id":"https:\/\/cvinoticias.com\/v3\/los-incendios-en-corrientes-alcanzaron-el-ingreso-a-los-esteros-del-ibera\/"},"wordCount":576,"commentCount":0,"publisher":{"@id":"https:\/\/cvinoticias.com\/v3\/#organization"},"image":{"@id":"https:\/\/cvinoticias.com\/v3\/los-incendios-en-corrientes-alcanzaron-el-ingreso-a-los-esteros-del-ibera\/#primaryimage"},"thumbnailUrl":"https:\/\/cvinoticias.com\/wp-content\/uploads\/2022\/02\/incendios-corrientes-1.jpg","articleSection":["Informaci\u00f3n General"],"inLanguage":"es","potentialAction":[{"@type":"CommentAction","name":"Comment","target":["https:\/\/cvinoticias.com\/v3\/los-incendios-en-corrientes-alcanzaron-el-ingreso-a-los-esteros-del-ibera\/#respond"]}]},{"@type":"WebPage","@id":"https:\/\/cvinoticias.com\/v3\/los-incendios-en-corrientes-alcanzaron-el-ingreso-a-los-esteros-del-ibera\/","url":"https:\/\/cvinoticias.com\/v3\/los-incendios-en-corrientes-alcanzaron-el-ingreso-a-los-esteros-del-ibera\/","name":"Los incendios en Corrientes alcanzaron el ingreso a los Esteros del Iber\u00e1 | CVI NOTICIAS","isPartOf":{"@id":"https:\/\/cvinoticias.com\/v3\/#website"},"primaryImageOfPage":{"@id":"https:\/\/cvinoticias.com\/v3\/los-incendios-en-corrientes-alcanzaron-el-ingreso-a-los-esteros-del-ibera\/#primaryimage"},"image":{"@id":"https:\/\/cvinoticias.com\/v3\/los-incendios-en-corrientes-alcanzaron-el-ingreso-a-los-esteros-del-ibera\/#primaryimage"},"thumbnailUrl":"https:\/\/cvinoticias.com\/wp-content\/uploads\/2022\/02\/incendios-corrientes-1.jpg","datePublished":"2022-02-15T15:41:04+00:00","breadcrumb":{"@id":"https:\/\/cvinoticias.com\/v3\/los-incendios-en-corrientes-alcanzaron-el-ingreso-a-los-esteros-del-ibera\/#breadcrumb"},"inLanguage":"es","potentialAction":[{"@type":"ReadAction","target":["https:\/\/cvinoticias.com\/v3\/los-incendios-en-corrientes-alcanzaron-el-ingreso-a-los-esteros-del-ibera\/"]}]},{"@type":"ImageObject","inLanguage":"es","@id":"https:\/\/cvinoticias.com\/v3\/los-incendios-en-corrientes-alcanzaron-el-ingreso-a-los-esteros-del-ibera\/#primaryimage","url":"https:\/\/cvinoticias.com\/wp-content\/uploads\/2022\/02\/incendios-corrientes-1.jpg","contentUrl":"https:\/\/cvinoticias.com\/wp-content\/uploads\/2022\/02\/incendios-corrientes-1.jpg","width":730,"height":460},{"@type":"BreadcrumbList","@id":"https:\/\/cvinoticias.com\/v3\/los-incendios-en-corrientes-alcanzaron-el-ingreso-a-los-esteros-del-ibera\/#breadcrumb","itemListElement":[{"@type":"ListItem","position":1,"name":"Portada","item":"https:\/\/cvinoticias.com\/v3\/"},{"@type":"ListItem","position":2,"name":"Los incendios en Corrientes alcanzaron el ingreso a los Esteros del Iber\u00e1"}]},{"@type":"WebSite","@id":"https:\/\/cvinoticias.com\/v3\/#website","url":"https:\/\/cvinoticias.com\/v3\/","name":"CVI NOTICIAS","description":"","publisher":{"@id":"https:\/\/cvinoticias.com\/v3\/#organization"},"alternateName":"CVI","potentialAction":[{"@type":"SearchAction","target":{"@type":"EntryPoint","urlTemplate":"https:\/\/cvinoticias.com\/v3\/?s={search_term_string}"},"query-input":{"@type":"PropertyValueSpecification","valueRequired":true,"valueName":"search_term_string"}}],"inLanguage":"es"},{"@type":"Organization","@id":"https:\/\/cvinoticias.com\/v3\/#organization","name":"CVI NOTICIAS","url":"https:\/\/cvinoticias.com\/v3\/","logo":{"@type":"ImageObject","inLanguage":"es","@id":"https:\/\/cvinoticias.com\/v3\/#\/schema\/logo\/image\/","url":"https:\/\/cvinoticias.com\/wp-content\/uploads\/2023\/04\/cropped-cropped-cropped-cropped-cropped-3-1.png","contentUrl":"https:\/\/cvinoticias.com\/wp-content\/uploads\/2023\/04\/cropped-cropped-cropped-cropped-cropped-3-1.png","width":95,"height":122,"caption":"CVI NOTICIAS"},"image":{"@id":"https:\/\/cvinoticias.com\/v3\/#\/schema\/logo\/image\/"},"sameAs":["https:\/\/www.facebook.com\/cvinoticias","https:\/\/www.instagram.com\/cvinoticias\/","https:\/\/www.youtube.com\/@CVINOTICIAS"]},{"@type":"Person","@id":"https:\/\/cvinoticias.com\/v3\/#\/schema\/person\/2db77e3c6bc03c538495d7b2b8be9b66","name":"f1000024","image":{"@type":"ImageObject","inLanguage":"es","@id":"https:\/\/secure.gravatar.com\/avatar\/d4fe7459cfc51ff5129ce1a732bbef5928568b8092d412ef95611616376bbeed?s=96&d=mm&r=g","url":"https:\/\/secure.gravatar.com\/avatar\/d4fe7459cfc51ff5129ce1a732bbef5928568b8092d412ef95611616376bbeed?s=96&d=mm&r=g","contentUrl":"https:\/\/secure.gravatar.com\/avatar\/d4fe7459cfc51ff5129ce1a732bbef5928568b8092d412ef95611616376bbeed?s=96&d=mm&r=g","caption":"f1000024"},"url":"https:\/\/cvinoticias.com\/v3\/author\/f1000024\/"}]}},"_links":{"self":[{"href":"https:\/\/cvinoticias.com\/v3\/wp-json\/wp\/v2\/posts\/13245","targetHints":{"allow":["GET"]}}],"collection":[{"href":"https:\/\/cvinoticias.com\/v3\/wp-json\/wp\/v2\/posts"}],"about":[{"href":"https:\/\/cvinoticias.com\/v3\/wp-json\/wp\/v2\/types\/post"}],"author":[{"embeddable":true,"href":"https:\/\/cvinoticias.com\/v3\/wp-json\/wp\/v2\/users\/2"}],"replies":[{"embeddable":true,"href":"https:\/\/cvinoticias.com\/v3\/wp-json\/wp\/v2\/comments?post=13245"}],"version-history":[{"count":1,"href":"https:\/\/cvinoticias.com\/v3\/wp-json\/wp\/v2\/posts\/13245\/revisions"}],"predecessor-version":[{"id":13248,"href":"https:\/\/cvinoticias.com\/v3\/wp-json\/wp\/v2\/posts\/13245\/revisions\/13248"}],"wp:featuredmedia":[{"embeddable":true,"href":"https:\/\/cvinoticias.com\/v3\/wp-json\/wp\/v2\/media\/13247"}],"wp:attachment":[{"href":"https:\/\/cvinoticias.com\/v3\/wp-json\/wp\/v2\/media?parent=13245"}],"wp:term":[{"taxonomy":"category","embeddable":true,"href":"https:\/\/cvinoticias.com\/v3\/wp-json\/wp\/v2\/categories?post=13245"},{"taxonomy":"post_tag","embeddable":true,"href":"https:\/\/cvinoticias.com\/v3\/wp-json\/wp\/v2\/tags?post=13245"}],"curies":[{"name":"wp","href":"https:\/\/api.w.org\/{rel}","templated":true}]}}