{"id":13236,"date":"2022-02-15T13:33:38","date_gmt":"2022-02-15T13:33:38","guid":{"rendered":"https:\/\/cvinoticias.com\/v3\/?p=13236"},"modified":"2022-02-15T13:33:38","modified_gmt":"2022-02-15T13:33:38","slug":"los-nuevos-kits-del-plan-qunita-seran-fabricados-por-presos","status":"publish","type":"post","link":"https:\/\/cvinoticias.com\/v3\/los-nuevos-kits-del-plan-qunita-seran-fabricados-por-presos\/","title":{"rendered":"Los nuevos kits del Plan Qunita ser\u00e1n fabricados por presos"},"content":{"rendered":"\n<p><em><strong>El Gobierno Nacional public\u00f3 este martes en el Bolet\u00edn Oficial la adjudicaci\u00f3n de 14 mil kits de cuna-mois\u00e9s que forman parte de la nueva versi\u00f3n del Plan Qunita,\u00a0el programa que tiene como objetivo reducir la mortalidad infantil domiciliaria y acompa\u00f1ar a las mujeres embarazadas en su per\u00edodo de gestaci\u00f3n, en el marco de la Ley de los 1000 d\u00edas.<\/strong><\/em><\/p>\n\n\n\n<p>A trav\u00e9s de la Decisi\u00f3n Administrativa 175\/2022,\u00a0el Ministerio de Salud de la Naci\u00f3n aprob\u00f3 la contrataci\u00f3n directa de las cunas y accesorios como chupetes, bolsos maternos, sonajeros, camisones, pantuflas, protectores mamarios, entre otros art\u00edculos, con el Ente de Cooperaci\u00f3n T\u00e9cnica y Financiera del Servicio Penitenciario Federal (Encope), que fue solicitada por la Direcci\u00f3n de Salud Perinatal y Ni\u00f1ez de la cartera a cargo de Carla Vizzotti. La adjudicaci\u00f3n es por la suma de $277.200.000.<\/p>\n\n\n\n<p>El Encope tiene por finalidad \u201cpropender al mejor funcionamiento y la modernizaci\u00f3n de los m\u00e9todos operativos de los talleres de laborterapia para los internos alojados en jurisdicci\u00f3n de la Direcci\u00f3n Nacional del Servicio Penitenciario Federal, promoviendo la generaci\u00f3n de h\u00e1bitos laborales debidamente remunerados, a fin de que el interno una vez cumplida su condena, cuente con herramientas m\u00ednimas e imprescindibles para desarrollarse en el actual contexto socioecon\u00f3mico\u201d.<\/p>\n\n\n\n<p>El Plan Qunita original hab\u00eda sido lanzado durante la gesti\u00f3n de Cristina Kirchner pero fue discontinuado durante el gobierno de Mauricio Macri, tras denuncias judiciales por supuesta malversaci\u00f3n de fondos por compras con sobreprecios. El a\u00f1o pasado, los funcionarios acusados fueron sobrese\u00eddos y el oficialismo avanz\u00f3 con el relanzamiento de la iniciativa.<\/p>\n\n\n\n<p>A nivel nacional, Vizzotti y el ministro de Justicia, Mart\u00edn Soria, visitaron el penal de Marcos Paz donde comenzaron a fabricarse las cunas que forman parte del kit.\u00a0Seg\u00fan se anunci\u00f3 el a\u00f1o pasado, el acuerdo con el Servicio Penitenciario contemplaba la producci\u00f3n de 2000 kits por mes durante un trimestre, \u201cescalando luego mil kits por mes hasta llegar a 8 mil\u201d. Colchones, s\u00e1banas, frazadas y ropa para el beb\u00e9 y la madre, se encomend\u00f3 su producci\u00f3n a los talleres textiles del Complejo Penitenciario de Ezeiza.<\/p>\n\n\n\n<p>El Plan Qunita se enmarca dentro de la ley 27.611 de \u201cAtenci\u00f3n y Cuidado Integral de la Salud durante el Embarazo y la Primera Infancia\u201d, conocida como Ley de los 1000 d\u00edas, que fue sancionada junto a la ley de interrupci\u00f3n voluntaria del embarazo y que tiene como objetivos \u201cproteger, fortalecer y acompa\u00f1ar el cuidado integral de la vida y la salud de las personas gestantes y las ni\u00f1as y los ni\u00f1os en sus primeros 3 a\u00f1os\u201d.<\/p>\n\n\n\n<p><\/p>\n","protected":false},"excerpt":{"rendered":"<p>El Gobierno Nacional public\u00f3 este martes en el Bolet\u00edn Oficial la adjudicaci\u00f3n de 14 mil kits de cuna-mois\u00e9s que forman parte de la nueva versi\u00f3n del Plan Qunita,\u00a0el programa que tiene como objetivo reducir la mortalidad infantil domiciliaria y acompa\u00f1ar a las mujeres embarazadas en su per\u00edodo de gestaci\u00f3n, en el marco de la Ley [&hellip;]<\/p>\n","protected":false},"author":2,"featured_media":13237,"comment_status":"open","ping_status":"open","sticky":false,"template":"","format":"standard","meta":{"footnotes":""},"categories":[35],"tags":[],"class_list":["post-13236","post","type-post","status-publish","format-standard","has-post-thumbnail","hentry","category-informacion-general"],"yoast_head":"<!-- This site is optimized with the Yoast SEO plugin v27.5 - https:\/\/yoast.com\/product\/yoast-seo-wordpress\/ -->\n<title>Los nuevos kits del Plan Qunita ser\u00e1n fabricados por presos | CVI NOTICIAS<\/title>\n<meta name=\"robots\" content=\"index, follow, max-snippet:-1, max-image-preview:large, max-video-preview:-1\" \/>\n<link rel=\"canonical\" href=\"https:\/\/cvinoticias.com\/v3\/los-nuevos-kits-del-plan-qunita-seran-fabricados-por-presos\/\" \/>\n<meta property=\"og:locale\" content=\"es_ES\" \/>\n<meta property=\"og:type\" content=\"article\" \/>\n<meta property=\"og:title\" content=\"Los nuevos kits del Plan Qunita ser\u00e1n fabricados por presos | CVI NOTICIAS\" \/>\n<meta property=\"og:description\" content=\"El Gobierno Nacional public\u00f3 este martes en el Bolet\u00edn Oficial la adjudicaci\u00f3n de 14 mil kits de cuna-mois\u00e9s que forman parte de la nueva versi\u00f3n del Plan Qunita,\u00a0el programa que tiene como objetivo reducir la mortalidad infantil domiciliaria y acompa\u00f1ar a las mujeres embarazadas en su per\u00edodo de gestaci\u00f3n, en el marco de la Ley [&hellip;]\" \/>\n<meta property=\"og:url\" content=\"https:\/\/cvinoticias.com\/v3\/los-nuevos-kits-del-plan-qunita-seran-fabricados-por-presos\/\" \/>\n<meta property=\"og:site_name\" content=\"CVI NOTICIAS\" \/>\n<meta property=\"article:publisher\" content=\"https:\/\/www.facebook.com\/cvinoticias\" \/>\n<meta property=\"article:published_time\" content=\"2022-02-15T13:33:38+00:00\" \/>\n<meta property=\"og:image\" content=\"https:\/\/cvinoticias.com\/wp-content\/uploads\/2022\/02\/Screenshot_20220215-103034_Facebook.jpg\" \/>\n\t<meta property=\"og:image:width\" content=\"990\" \/>\n\t<meta property=\"og:image:height\" content=\"566\" \/>\n\t<meta property=\"og:image:type\" content=\"image\/jpeg\" \/>\n<meta name=\"author\" content=\"f1000024\" \/>\n<meta name=\"twitter:card\" content=\"summary_large_image\" \/>\n<meta name=\"twitter:label1\" content=\"Escrito por\" \/>\n\t<meta name=\"twitter:data1\" content=\"f1000024\" \/>\n\t<meta name=\"twitter:label2\" content=\"Tiempo de lectura\" \/>\n\t<meta name=\"twitter:data2\" content=\"2 minutos\" \/>\n<script type=\"application\/ld+json\" class=\"yoast-schema-graph\">{\"@context\":\"https:\\\/\\\/schema.org\",\"@graph\":[{\"@type\":\"Article\",\"@id\":\"https:\\\/\\\/cvinoticias.com\\\/v3\\\/los-nuevos-kits-del-plan-qunita-seran-fabricados-por-presos\\\/#article\",\"isPartOf\":{\"@id\":\"https:\\\/\\\/cvinoticias.com\\\/v3\\\/los-nuevos-kits-del-plan-qunita-seran-fabricados-por-presos\\\/\"},\"author\":{\"name\":\"f1000024\",\"@id\":\"https:\\\/\\\/cvinoticias.com\\\/v3\\\/#\\\/schema\\\/person\\\/2db77e3c6bc03c538495d7b2b8be9b66\"},\"headline\":\"Los nuevos kits del Plan Qunita ser\u00e1n fabricados por presos\",\"datePublished\":\"2022-02-15T13:33:38+00:00\",\"mainEntityOfPage\":{\"@id\":\"https:\\\/\\\/cvinoticias.com\\\/v3\\\/los-nuevos-kits-del-plan-qunita-seran-fabricados-por-presos\\\/\"},\"wordCount\":463,\"commentCount\":0,\"publisher\":{\"@id\":\"https:\\\/\\\/cvinoticias.com\\\/v3\\\/#organization\"},\"image\":{\"@id\":\"https:\\\/\\\/cvinoticias.com\\\/v3\\\/los-nuevos-kits-del-plan-qunita-seran-fabricados-por-presos\\\/#primaryimage\"},\"thumbnailUrl\":\"https:\\\/\\\/cvinoticias.com\\\/wp-content\\\/uploads\\\/2022\\\/02\\\/Screenshot_20220215-103034_Facebook.jpg\",\"articleSection\":[\"Informaci\u00f3n General\"],\"inLanguage\":\"es\",\"potentialAction\":[{\"@type\":\"CommentAction\",\"name\":\"Comment\",\"target\":[\"https:\\\/\\\/cvinoticias.com\\\/v3\\\/los-nuevos-kits-del-plan-qunita-seran-fabricados-por-presos\\\/#respond\"]}]},{\"@type\":\"WebPage\",\"@id\":\"https:\\\/\\\/cvinoticias.com\\\/v3\\\/los-nuevos-kits-del-plan-qunita-seran-fabricados-por-presos\\\/\",\"url\":\"https:\\\/\\\/cvinoticias.com\\\/v3\\\/los-nuevos-kits-del-plan-qunita-seran-fabricados-por-presos\\\/\",\"name\":\"Los nuevos kits del Plan Qunita ser\u00e1n fabricados por presos | CVI NOTICIAS\",\"isPartOf\":{\"@id\":\"https:\\\/\\\/cvinoticias.com\\\/v3\\\/#website\"},\"primaryImageOfPage\":{\"@id\":\"https:\\\/\\\/cvinoticias.com\\\/v3\\\/los-nuevos-kits-del-plan-qunita-seran-fabricados-por-presos\\\/#primaryimage\"},\"image\":{\"@id\":\"https:\\\/\\\/cvinoticias.com\\\/v3\\\/los-nuevos-kits-del-plan-qunita-seran-fabricados-por-presos\\\/#primaryimage\"},\"thumbnailUrl\":\"https:\\\/\\\/cvinoticias.com\\\/wp-content\\\/uploads\\\/2022\\\/02\\\/Screenshot_20220215-103034_Facebook.jpg\",\"datePublished\":\"2022-02-15T13:33:38+00:00\",\"breadcrumb\":{\"@id\":\"https:\\\/\\\/cvinoticias.com\\\/v3\\\/los-nuevos-kits-del-plan-qunita-seran-fabricados-por-presos\\\/#breadcrumb\"},\"inLanguage\":\"es\",\"potentialAction\":[{\"@type\":\"ReadAction\",\"target\":[\"https:\\\/\\\/cvinoticias.com\\\/v3\\\/los-nuevos-kits-del-plan-qunita-seran-fabricados-por-presos\\\/\"]}]},{\"@type\":\"ImageObject\",\"inLanguage\":\"es\",\"@id\":\"https:\\\/\\\/cvinoticias.com\\\/v3\\\/los-nuevos-kits-del-plan-qunita-seran-fabricados-por-presos\\\/#primaryimage\",\"url\":\"https:\\\/\\\/cvinoticias.com\\\/wp-content\\\/uploads\\\/2022\\\/02\\\/Screenshot_20220215-103034_Facebook.jpg\",\"contentUrl\":\"https:\\\/\\\/cvinoticias.com\\\/wp-content\\\/uploads\\\/2022\\\/02\\\/Screenshot_20220215-103034_Facebook.jpg\",\"width\":990,\"height\":566},{\"@type\":\"BreadcrumbList\",\"@id\":\"https:\\\/\\\/cvinoticias.com\\\/v3\\\/los-nuevos-kits-del-plan-qunita-seran-fabricados-por-presos\\\/#breadcrumb\",\"itemListElement\":[{\"@type\":\"ListItem\",\"position\":1,\"name\":\"Portada\",\"item\":\"https:\\\/\\\/cvinoticias.com\\\/v3\\\/\"},{\"@type\":\"ListItem\",\"position\":2,\"name\":\"Los nuevos kits del Plan Qunita ser\u00e1n fabricados por presos\"}]},{\"@type\":\"WebSite\",\"@id\":\"https:\\\/\\\/cvinoticias.com\\\/v3\\\/#website\",\"url\":\"https:\\\/\\\/cvinoticias.com\\\/v3\\\/\",\"name\":\"CVI NOTICIAS\",\"description\":\"\",\"publisher\":{\"@id\":\"https:\\\/\\\/cvinoticias.com\\\/v3\\\/#organization\"},\"alternateName\":\"CVI\",\"potentialAction\":[{\"@type\":\"SearchAction\",\"target\":{\"@type\":\"EntryPoint\",\"urlTemplate\":\"https:\\\/\\\/cvinoticias.com\\\/v3\\\/?s={search_term_string}\"},\"query-input\":{\"@type\":\"PropertyValueSpecification\",\"valueRequired\":true,\"valueName\":\"search_term_string\"}}],\"inLanguage\":\"es\"},{\"@type\":\"Organization\",\"@id\":\"https:\\\/\\\/cvinoticias.com\\\/v3\\\/#organization\",\"name\":\"CVI NOTICIAS\",\"url\":\"https:\\\/\\\/cvinoticias.com\\\/v3\\\/\",\"logo\":{\"@type\":\"ImageObject\",\"inLanguage\":\"es\",\"@id\":\"https:\\\/\\\/cvinoticias.com\\\/v3\\\/#\\\/schema\\\/logo\\\/image\\\/\",\"url\":\"https:\\\/\\\/cvinoticias.com\\\/wp-content\\\/uploads\\\/2023\\\/04\\\/cropped-cropped-cropped-cropped-cropped-3-1.png\",\"contentUrl\":\"https:\\\/\\\/cvinoticias.com\\\/wp-content\\\/uploads\\\/2023\\\/04\\\/cropped-cropped-cropped-cropped-cropped-3-1.png\",\"width\":95,\"height\":122,\"caption\":\"CVI NOTICIAS\"},\"image\":{\"@id\":\"https:\\\/\\\/cvinoticias.com\\\/v3\\\/#\\\/schema\\\/logo\\\/image\\\/\"},\"sameAs\":[\"https:\\\/\\\/www.facebook.com\\\/cvinoticias\",\"https:\\\/\\\/www.instagram.com\\\/cvinoticias\\\/\",\"https:\\\/\\\/www.youtube.com\\\/@CVINOTICIAS\"]},{\"@type\":\"Person\",\"@id\":\"https:\\\/\\\/cvinoticias.com\\\/v3\\\/#\\\/schema\\\/person\\\/2db77e3c6bc03c538495d7b2b8be9b66\",\"name\":\"f1000024\",\"image\":{\"@type\":\"ImageObject\",\"inLanguage\":\"es\",\"@id\":\"https:\\\/\\\/secure.gravatar.com\\\/avatar\\\/d4fe7459cfc51ff5129ce1a732bbef5928568b8092d412ef95611616376bbeed?s=96&d=mm&r=g\",\"url\":\"https:\\\/\\\/secure.gravatar.com\\\/avatar\\\/d4fe7459cfc51ff5129ce1a732bbef5928568b8092d412ef95611616376bbeed?s=96&d=mm&r=g\",\"contentUrl\":\"https:\\\/\\\/secure.gravatar.com\\\/avatar\\\/d4fe7459cfc51ff5129ce1a732bbef5928568b8092d412ef95611616376bbeed?s=96&d=mm&r=g\",\"caption\":\"f1000024\"},\"url\":\"https:\\\/\\\/cvinoticias.com\\\/v3\\\/author\\\/f1000024\\\/\"}]}<\/script>\n<!-- \/ Yoast SEO plugin. -->","yoast_head_json":{"title":"Los nuevos kits del Plan Qunita ser\u00e1n fabricados por presos | CVI NOTICIAS","robots":{"index":"index","follow":"follow","max-snippet":"max-snippet:-1","max-image-preview":"max-image-preview:large","max-video-preview":"max-video-preview:-1"},"canonical":"https:\/\/cvinoticias.com\/v3\/los-nuevos-kits-del-plan-qunita-seran-fabricados-por-presos\/","og_locale":"es_ES","og_type":"article","og_title":"Los nuevos kits del Plan Qunita ser\u00e1n fabricados por presos | CVI NOTICIAS","og_description":"El Gobierno Nacional public\u00f3 este martes en el Bolet\u00edn Oficial la adjudicaci\u00f3n de 14 mil kits de cuna-mois\u00e9s que forman parte de la nueva versi\u00f3n del Plan Qunita,\u00a0el programa que tiene como objetivo reducir la mortalidad infantil domiciliaria y acompa\u00f1ar a las mujeres embarazadas en su per\u00edodo de gestaci\u00f3n, en el marco de la Ley [&hellip;]","og_url":"https:\/\/cvinoticias.com\/v3\/los-nuevos-kits-del-plan-qunita-seran-fabricados-por-presos\/","og_site_name":"CVI NOTICIAS","article_publisher":"https:\/\/www.facebook.com\/cvinoticias","article_published_time":"2022-02-15T13:33:38+00:00","og_image":[{"width":990,"height":566,"url":"https:\/\/cvinoticias.com\/wp-content\/uploads\/2022\/02\/Screenshot_20220215-103034_Facebook.jpg","type":"image\/jpeg"}],"author":"f1000024","twitter_card":"summary_large_image","twitter_misc":{"Escrito por":"f1000024","Tiempo de lectura":"2 minutos"},"schema":{"@context":"https:\/\/schema.org","@graph":[{"@type":"Article","@id":"https:\/\/cvinoticias.com\/v3\/los-nuevos-kits-del-plan-qunita-seran-fabricados-por-presos\/#article","isPartOf":{"@id":"https:\/\/cvinoticias.com\/v3\/los-nuevos-kits-del-plan-qunita-seran-fabricados-por-presos\/"},"author":{"name":"f1000024","@id":"https:\/\/cvinoticias.com\/v3\/#\/schema\/person\/2db77e3c6bc03c538495d7b2b8be9b66"},"headline":"Los nuevos kits del Plan Qunita ser\u00e1n fabricados por presos","datePublished":"2022-02-15T13:33:38+00:00","mainEntityOfPage":{"@id":"https:\/\/cvinoticias.com\/v3\/los-nuevos-kits-del-plan-qunita-seran-fabricados-por-presos\/"},"wordCount":463,"commentCount":0,"publisher":{"@id":"https:\/\/cvinoticias.com\/v3\/#organization"},"image":{"@id":"https:\/\/cvinoticias.com\/v3\/los-nuevos-kits-del-plan-qunita-seran-fabricados-por-presos\/#primaryimage"},"thumbnailUrl":"https:\/\/cvinoticias.com\/wp-content\/uploads\/2022\/02\/Screenshot_20220215-103034_Facebook.jpg","articleSection":["Informaci\u00f3n General"],"inLanguage":"es","potentialAction":[{"@type":"CommentAction","name":"Comment","target":["https:\/\/cvinoticias.com\/v3\/los-nuevos-kits-del-plan-qunita-seran-fabricados-por-presos\/#respond"]}]},{"@type":"WebPage","@id":"https:\/\/cvinoticias.com\/v3\/los-nuevos-kits-del-plan-qunita-seran-fabricados-por-presos\/","url":"https:\/\/cvinoticias.com\/v3\/los-nuevos-kits-del-plan-qunita-seran-fabricados-por-presos\/","name":"Los nuevos kits del Plan Qunita ser\u00e1n fabricados por presos | CVI NOTICIAS","isPartOf":{"@id":"https:\/\/cvinoticias.com\/v3\/#website"},"primaryImageOfPage":{"@id":"https:\/\/cvinoticias.com\/v3\/los-nuevos-kits-del-plan-qunita-seran-fabricados-por-presos\/#primaryimage"},"image":{"@id":"https:\/\/cvinoticias.com\/v3\/los-nuevos-kits-del-plan-qunita-seran-fabricados-por-presos\/#primaryimage"},"thumbnailUrl":"https:\/\/cvinoticias.com\/wp-content\/uploads\/2022\/02\/Screenshot_20220215-103034_Facebook.jpg","datePublished":"2022-02-15T13:33:38+00:00","breadcrumb":{"@id":"https:\/\/cvinoticias.com\/v3\/los-nuevos-kits-del-plan-qunita-seran-fabricados-por-presos\/#breadcrumb"},"inLanguage":"es","potentialAction":[{"@type":"ReadAction","target":["https:\/\/cvinoticias.com\/v3\/los-nuevos-kits-del-plan-qunita-seran-fabricados-por-presos\/"]}]},{"@type":"ImageObject","inLanguage":"es","@id":"https:\/\/cvinoticias.com\/v3\/los-nuevos-kits-del-plan-qunita-seran-fabricados-por-presos\/#primaryimage","url":"https:\/\/cvinoticias.com\/wp-content\/uploads\/2022\/02\/Screenshot_20220215-103034_Facebook.jpg","contentUrl":"https:\/\/cvinoticias.com\/wp-content\/uploads\/2022\/02\/Screenshot_20220215-103034_Facebook.jpg","width":990,"height":566},{"@type":"BreadcrumbList","@id":"https:\/\/cvinoticias.com\/v3\/los-nuevos-kits-del-plan-qunita-seran-fabricados-por-presos\/#breadcrumb","itemListElement":[{"@type":"ListItem","position":1,"name":"Portada","item":"https:\/\/cvinoticias.com\/v3\/"},{"@type":"ListItem","position":2,"name":"Los nuevos kits del Plan Qunita ser\u00e1n fabricados por presos"}]},{"@type":"WebSite","@id":"https:\/\/cvinoticias.com\/v3\/#website","url":"https:\/\/cvinoticias.com\/v3\/","name":"CVI NOTICIAS","description":"","publisher":{"@id":"https:\/\/cvinoticias.com\/v3\/#organization"},"alternateName":"CVI","potentialAction":[{"@type":"SearchAction","target":{"@type":"EntryPoint","urlTemplate":"https:\/\/cvinoticias.com\/v3\/?s={search_term_string}"},"query-input":{"@type":"PropertyValueSpecification","valueRequired":true,"valueName":"search_term_string"}}],"inLanguage":"es"},{"@type":"Organization","@id":"https:\/\/cvinoticias.com\/v3\/#organization","name":"CVI NOTICIAS","url":"https:\/\/cvinoticias.com\/v3\/","logo":{"@type":"ImageObject","inLanguage":"es","@id":"https:\/\/cvinoticias.com\/v3\/#\/schema\/logo\/image\/","url":"https:\/\/cvinoticias.com\/wp-content\/uploads\/2023\/04\/cropped-cropped-cropped-cropped-cropped-3-1.png","contentUrl":"https:\/\/cvinoticias.com\/wp-content\/uploads\/2023\/04\/cropped-cropped-cropped-cropped-cropped-3-1.png","width":95,"height":122,"caption":"CVI NOTICIAS"},"image":{"@id":"https:\/\/cvinoticias.com\/v3\/#\/schema\/logo\/image\/"},"sameAs":["https:\/\/www.facebook.com\/cvinoticias","https:\/\/www.instagram.com\/cvinoticias\/","https:\/\/www.youtube.com\/@CVINOTICIAS"]},{"@type":"Person","@id":"https:\/\/cvinoticias.com\/v3\/#\/schema\/person\/2db77e3c6bc03c538495d7b2b8be9b66","name":"f1000024","image":{"@type":"ImageObject","inLanguage":"es","@id":"https:\/\/secure.gravatar.com\/avatar\/d4fe7459cfc51ff5129ce1a732bbef5928568b8092d412ef95611616376bbeed?s=96&d=mm&r=g","url":"https:\/\/secure.gravatar.com\/avatar\/d4fe7459cfc51ff5129ce1a732bbef5928568b8092d412ef95611616376bbeed?s=96&d=mm&r=g","contentUrl":"https:\/\/secure.gravatar.com\/avatar\/d4fe7459cfc51ff5129ce1a732bbef5928568b8092d412ef95611616376bbeed?s=96&d=mm&r=g","caption":"f1000024"},"url":"https:\/\/cvinoticias.com\/v3\/author\/f1000024\/"}]}},"_links":{"self":[{"href":"https:\/\/cvinoticias.com\/v3\/wp-json\/wp\/v2\/posts\/13236","targetHints":{"allow":["GET"]}}],"collection":[{"href":"https:\/\/cvinoticias.com\/v3\/wp-json\/wp\/v2\/posts"}],"about":[{"href":"https:\/\/cvinoticias.com\/v3\/wp-json\/wp\/v2\/types\/post"}],"author":[{"embeddable":true,"href":"https:\/\/cvinoticias.com\/v3\/wp-json\/wp\/v2\/users\/2"}],"replies":[{"embeddable":true,"href":"https:\/\/cvinoticias.com\/v3\/wp-json\/wp\/v2\/comments?post=13236"}],"version-history":[{"count":1,"href":"https:\/\/cvinoticias.com\/v3\/wp-json\/wp\/v2\/posts\/13236\/revisions"}],"predecessor-version":[{"id":13238,"href":"https:\/\/cvinoticias.com\/v3\/wp-json\/wp\/v2\/posts\/13236\/revisions\/13238"}],"wp:featuredmedia":[{"embeddable":true,"href":"https:\/\/cvinoticias.com\/v3\/wp-json\/wp\/v2\/media\/13237"}],"wp:attachment":[{"href":"https:\/\/cvinoticias.com\/v3\/wp-json\/wp\/v2\/media?parent=13236"}],"wp:term":[{"taxonomy":"category","embeddable":true,"href":"https:\/\/cvinoticias.com\/v3\/wp-json\/wp\/v2\/categories?post=13236"},{"taxonomy":"post_tag","embeddable":true,"href":"https:\/\/cvinoticias.com\/v3\/wp-json\/wp\/v2\/tags?post=13236"}],"curies":[{"name":"wp","href":"https:\/\/api.w.org\/{rel}","templated":true}]}}