{"id":13226,"date":"2022-02-15T12:12:09","date_gmt":"2022-02-15T12:12:09","guid":{"rendered":"https:\/\/cvinoticias.com\/v3\/?p=13226"},"modified":"2022-02-15T12:13:39","modified_gmt":"2022-02-15T12:13:39","slug":"la-anmat-prohibio-la-venta-de-unas-milanesas-de-soja","status":"publish","type":"post","link":"https:\/\/cvinoticias.com\/v3\/la-anmat-prohibio-la-venta-de-unas-milanesas-de-soja\/","title":{"rendered":"La Anmat prohibi\u00f3 la venta de unas milanesas de soja"},"content":{"rendered":"\n<h3 class=\"wp-block-heading\" id=\"la-administracion-nacional-de-medicamentos-alimentos-y-tecnologia-medica-anmat-prohibio-la-elaboracion-fraccionamiento-y-comercializacion-en-todo-el-pais-de-la-marca-de-milanesas-de-soja-precocidas-mi-soja-por-carecer-de-registros-sanitarios-y-estar-falsamente-rotulado-la-medida-se-informo-a-traves-de-la-disposicion-1228-2022-publicada-este-martes-en-el-boletin-oficial\"><strong>La Administraci\u00f3n Nacional de Medicamentos, Alimentos y Tecnolog\u00eda M\u00e9dica (Anmat) prohibi\u00f3 \u201cla elaboraci\u00f3n, fraccionamiento y comercializaci\u00f3n\u201d en todo el pa\u00eds, de la marca de milanesas de soja precocidas \u201cMi Soja\u201d, por carecer de registros sanitarios y estar falsamente rotulado<\/strong>. La medida se inform\u00f3 a trav\u00e9s de la Disposici\u00f3n 1228\/2022, publicada este martes en el Bolet\u00edn Oficial.<\/h3>\n\n\n\n<p>De acuerdo con lo que explic\u00f3 el organismo,\u00a0este alimento, que dec\u00eda estar producido \u201cartesanalmente\u201d en el establecimiento \u201cLas Gemelas\u201d, situado sobre la calle Misiones al 2519, en la localidad de Capilla del Monte, provincia de C\u00f3rdoba, no consignaba \u201cla adecuada declaraci\u00f3n de al\u00e9rgenos\u201d, por lo que era \u201cilegal\u201d.<\/p>\n\n\n\n<p>Adem\u00e1s,\u00a0las autoridades tambi\u00e9n ordenaron retirar del mercado \u201ctodos aquellos productos que en su r\u00f3tulo luzca el RNE N\u00b0 04003257\u2033, el mismo que figuraba en estas milanesas de soja, \u201cpor ser un registro dado de baja desde el 2014\u2033.<\/p>\n\n\n\n<p>Seg\u00fan se precis\u00f3, la decisi\u00f3n se tom\u00f3 luego de una serie de investigaciones que \u201cse iniciaron a ra\u00edz de que el Departamento de Higiene de los Alimentos de la provincia de Mendoza, en el marco de una auditor\u00eda, inform\u00f3 las acciones realizadas\u201d en relaci\u00f3n a este alimento.<\/p>\n\n\n\n<p>En este sentido, la ANMAT se\u00f1al\u00f3 que,\u00a0\u201cpor tratarse de un producto que no puede ser identificado en forma fehaciente y clara como producido, elaborado y\/o fraccionado en un establecimiento determinado, no podr\u00e1 ser elaborado en ninguna parte del pa\u00eds, ni comercializado ni expendido en el territorio de la Rep\u00fablica\u201d,\u00a0con el objetivo de \u201cproteger la salud de los ciudadanos ante el consumo\u201d de este tipo de alimentos \u201cque carecen de registros, motivo por el cual no pueden garantizarse su trazabilidad, sus condiciones de elaboraci\u00f3n, su calidad con adecuados niveles de control bajo las condiciones establecidas por la normativa vigente y su inocuidad\u201d.<\/p>\n","protected":false},"excerpt":{"rendered":"<p>La Administraci\u00f3n Nacional de Medicamentos, Alimentos y Tecnolog\u00eda M\u00e9dica (Anmat) prohibi\u00f3 \u201cla elaboraci\u00f3n, fraccionamiento y comercializaci\u00f3n\u201d en todo el pa\u00eds, de la marca de milanesas de soja precocidas \u201cMi Soja\u201d, por carecer de registros sanitarios y estar falsamente rotulado. La medida se inform\u00f3 a trav\u00e9s de la Disposici\u00f3n 1228\/2022, publicada este martes en el Bolet\u00edn [&hellip;]<\/p>\n","protected":false},"author":2,"featured_media":13227,"comment_status":"open","ping_status":"open","sticky":false,"template":"","format":"standard","meta":{"footnotes":""},"categories":[35],"tags":[],"class_list":["post-13226","post","type-post","status-publish","format-standard","has-post-thumbnail","hentry","category-informacion-general"],"yoast_head":"<!-- This site is optimized with the Yoast SEO plugin v27.5 - https:\/\/yoast.com\/product\/yoast-seo-wordpress\/ -->\n<title>La Anmat prohibi\u00f3 la venta de unas milanesas de soja | CVI NOTICIAS<\/title>\n<meta name=\"robots\" content=\"index, follow, max-snippet:-1, max-image-preview:large, max-video-preview:-1\" \/>\n<link rel=\"canonical\" href=\"https:\/\/cvinoticias.com\/v3\/la-anmat-prohibio-la-venta-de-unas-milanesas-de-soja\/\" \/>\n<meta property=\"og:locale\" content=\"es_ES\" \/>\n<meta property=\"og:type\" content=\"article\" \/>\n<meta property=\"og:title\" content=\"La Anmat prohibi\u00f3 la venta de unas milanesas de soja | CVI NOTICIAS\" \/>\n<meta property=\"og:description\" content=\"La Administraci\u00f3n Nacional de Medicamentos, Alimentos y Tecnolog\u00eda M\u00e9dica (Anmat) prohibi\u00f3 \u201cla elaboraci\u00f3n, fraccionamiento y comercializaci\u00f3n\u201d en todo el pa\u00eds, de la marca de milanesas de soja precocidas \u201cMi Soja\u201d, por carecer de registros sanitarios y estar falsamente rotulado. La medida se inform\u00f3 a trav\u00e9s de la Disposici\u00f3n 1228\/2022, publicada este martes en el Bolet\u00edn [&hellip;]\" \/>\n<meta property=\"og:url\" content=\"https:\/\/cvinoticias.com\/v3\/la-anmat-prohibio-la-venta-de-unas-milanesas-de-soja\/\" \/>\n<meta property=\"og:site_name\" content=\"CVI NOTICIAS\" \/>\n<meta property=\"article:publisher\" content=\"https:\/\/www.facebook.com\/cvinoticias\" \/>\n<meta property=\"article:published_time\" content=\"2022-02-15T12:12:09+00:00\" \/>\n<meta property=\"article:modified_time\" content=\"2022-02-15T12:13:39+00:00\" \/>\n<meta property=\"og:image\" content=\"https:\/\/cvinoticias.com\/wp-content\/uploads\/2022\/02\/milanesa-soja-1jpg.jpg\" \/>\n\t<meta property=\"og:image:width\" content=\"642\" \/>\n\t<meta property=\"og:image:height\" content=\"470\" \/>\n\t<meta property=\"og:image:type\" content=\"image\/jpeg\" \/>\n<meta name=\"author\" content=\"f1000024\" \/>\n<meta name=\"twitter:card\" content=\"summary_large_image\" \/>\n<meta name=\"twitter:label1\" content=\"Escrito por\" \/>\n\t<meta name=\"twitter:data1\" content=\"f1000024\" \/>\n\t<meta name=\"twitter:label2\" content=\"Tiempo de lectura\" \/>\n\t<meta name=\"twitter:data2\" content=\"2 minutos\" \/>\n<script type=\"application\/ld+json\" class=\"yoast-schema-graph\">{\"@context\":\"https:\\\/\\\/schema.org\",\"@graph\":[{\"@type\":\"Article\",\"@id\":\"https:\\\/\\\/cvinoticias.com\\\/v3\\\/la-anmat-prohibio-la-venta-de-unas-milanesas-de-soja\\\/#article\",\"isPartOf\":{\"@id\":\"https:\\\/\\\/cvinoticias.com\\\/v3\\\/la-anmat-prohibio-la-venta-de-unas-milanesas-de-soja\\\/\"},\"author\":{\"name\":\"f1000024\",\"@id\":\"https:\\\/\\\/cvinoticias.com\\\/v3\\\/#\\\/schema\\\/person\\\/2db77e3c6bc03c538495d7b2b8be9b66\"},\"headline\":\"La Anmat prohibi\u00f3 la venta de unas milanesas de soja\",\"datePublished\":\"2022-02-15T12:12:09+00:00\",\"dateModified\":\"2022-02-15T12:13:39+00:00\",\"mainEntityOfPage\":{\"@id\":\"https:\\\/\\\/cvinoticias.com\\\/v3\\\/la-anmat-prohibio-la-venta-de-unas-milanesas-de-soja\\\/\"},\"wordCount\":326,\"commentCount\":0,\"publisher\":{\"@id\":\"https:\\\/\\\/cvinoticias.com\\\/v3\\\/#organization\"},\"image\":{\"@id\":\"https:\\\/\\\/cvinoticias.com\\\/v3\\\/la-anmat-prohibio-la-venta-de-unas-milanesas-de-soja\\\/#primaryimage\"},\"thumbnailUrl\":\"https:\\\/\\\/cvinoticias.com\\\/wp-content\\\/uploads\\\/2022\\\/02\\\/milanesa-soja-1jpg.jpg\",\"articleSection\":[\"Informaci\u00f3n General\"],\"inLanguage\":\"es\",\"potentialAction\":[{\"@type\":\"CommentAction\",\"name\":\"Comment\",\"target\":[\"https:\\\/\\\/cvinoticias.com\\\/v3\\\/la-anmat-prohibio-la-venta-de-unas-milanesas-de-soja\\\/#respond\"]}]},{\"@type\":\"WebPage\",\"@id\":\"https:\\\/\\\/cvinoticias.com\\\/v3\\\/la-anmat-prohibio-la-venta-de-unas-milanesas-de-soja\\\/\",\"url\":\"https:\\\/\\\/cvinoticias.com\\\/v3\\\/la-anmat-prohibio-la-venta-de-unas-milanesas-de-soja\\\/\",\"name\":\"La Anmat prohibi\u00f3 la venta de unas milanesas de soja | CVI NOTICIAS\",\"isPartOf\":{\"@id\":\"https:\\\/\\\/cvinoticias.com\\\/v3\\\/#website\"},\"primaryImageOfPage\":{\"@id\":\"https:\\\/\\\/cvinoticias.com\\\/v3\\\/la-anmat-prohibio-la-venta-de-unas-milanesas-de-soja\\\/#primaryimage\"},\"image\":{\"@id\":\"https:\\\/\\\/cvinoticias.com\\\/v3\\\/la-anmat-prohibio-la-venta-de-unas-milanesas-de-soja\\\/#primaryimage\"},\"thumbnailUrl\":\"https:\\\/\\\/cvinoticias.com\\\/wp-content\\\/uploads\\\/2022\\\/02\\\/milanesa-soja-1jpg.jpg\",\"datePublished\":\"2022-02-15T12:12:09+00:00\",\"dateModified\":\"2022-02-15T12:13:39+00:00\",\"breadcrumb\":{\"@id\":\"https:\\\/\\\/cvinoticias.com\\\/v3\\\/la-anmat-prohibio-la-venta-de-unas-milanesas-de-soja\\\/#breadcrumb\"},\"inLanguage\":\"es\",\"potentialAction\":[{\"@type\":\"ReadAction\",\"target\":[\"https:\\\/\\\/cvinoticias.com\\\/v3\\\/la-anmat-prohibio-la-venta-de-unas-milanesas-de-soja\\\/\"]}]},{\"@type\":\"ImageObject\",\"inLanguage\":\"es\",\"@id\":\"https:\\\/\\\/cvinoticias.com\\\/v3\\\/la-anmat-prohibio-la-venta-de-unas-milanesas-de-soja\\\/#primaryimage\",\"url\":\"https:\\\/\\\/cvinoticias.com\\\/wp-content\\\/uploads\\\/2022\\\/02\\\/milanesa-soja-1jpg.jpg\",\"contentUrl\":\"https:\\\/\\\/cvinoticias.com\\\/wp-content\\\/uploads\\\/2022\\\/02\\\/milanesa-soja-1jpg.jpg\",\"width\":642,\"height\":470},{\"@type\":\"BreadcrumbList\",\"@id\":\"https:\\\/\\\/cvinoticias.com\\\/v3\\\/la-anmat-prohibio-la-venta-de-unas-milanesas-de-soja\\\/#breadcrumb\",\"itemListElement\":[{\"@type\":\"ListItem\",\"position\":1,\"name\":\"Portada\",\"item\":\"https:\\\/\\\/cvinoticias.com\\\/v3\\\/\"},{\"@type\":\"ListItem\",\"position\":2,\"name\":\"La Anmat prohibi\u00f3 la venta de unas milanesas de soja\"}]},{\"@type\":\"WebSite\",\"@id\":\"https:\\\/\\\/cvinoticias.com\\\/v3\\\/#website\",\"url\":\"https:\\\/\\\/cvinoticias.com\\\/v3\\\/\",\"name\":\"CVI NOTICIAS\",\"description\":\"\",\"publisher\":{\"@id\":\"https:\\\/\\\/cvinoticias.com\\\/v3\\\/#organization\"},\"alternateName\":\"CVI\",\"potentialAction\":[{\"@type\":\"SearchAction\",\"target\":{\"@type\":\"EntryPoint\",\"urlTemplate\":\"https:\\\/\\\/cvinoticias.com\\\/v3\\\/?s={search_term_string}\"},\"query-input\":{\"@type\":\"PropertyValueSpecification\",\"valueRequired\":true,\"valueName\":\"search_term_string\"}}],\"inLanguage\":\"es\"},{\"@type\":\"Organization\",\"@id\":\"https:\\\/\\\/cvinoticias.com\\\/v3\\\/#organization\",\"name\":\"CVI NOTICIAS\",\"url\":\"https:\\\/\\\/cvinoticias.com\\\/v3\\\/\",\"logo\":{\"@type\":\"ImageObject\",\"inLanguage\":\"es\",\"@id\":\"https:\\\/\\\/cvinoticias.com\\\/v3\\\/#\\\/schema\\\/logo\\\/image\\\/\",\"url\":\"https:\\\/\\\/cvinoticias.com\\\/wp-content\\\/uploads\\\/2023\\\/04\\\/cropped-cropped-cropped-cropped-cropped-3-1.png\",\"contentUrl\":\"https:\\\/\\\/cvinoticias.com\\\/wp-content\\\/uploads\\\/2023\\\/04\\\/cropped-cropped-cropped-cropped-cropped-3-1.png\",\"width\":95,\"height\":122,\"caption\":\"CVI NOTICIAS\"},\"image\":{\"@id\":\"https:\\\/\\\/cvinoticias.com\\\/v3\\\/#\\\/schema\\\/logo\\\/image\\\/\"},\"sameAs\":[\"https:\\\/\\\/www.facebook.com\\\/cvinoticias\",\"https:\\\/\\\/www.instagram.com\\\/cvinoticias\\\/\",\"https:\\\/\\\/www.youtube.com\\\/@CVINOTICIAS\"]},{\"@type\":\"Person\",\"@id\":\"https:\\\/\\\/cvinoticias.com\\\/v3\\\/#\\\/schema\\\/person\\\/2db77e3c6bc03c538495d7b2b8be9b66\",\"name\":\"f1000024\",\"image\":{\"@type\":\"ImageObject\",\"inLanguage\":\"es\",\"@id\":\"https:\\\/\\\/secure.gravatar.com\\\/avatar\\\/d4fe7459cfc51ff5129ce1a732bbef5928568b8092d412ef95611616376bbeed?s=96&d=mm&r=g\",\"url\":\"https:\\\/\\\/secure.gravatar.com\\\/avatar\\\/d4fe7459cfc51ff5129ce1a732bbef5928568b8092d412ef95611616376bbeed?s=96&d=mm&r=g\",\"contentUrl\":\"https:\\\/\\\/secure.gravatar.com\\\/avatar\\\/d4fe7459cfc51ff5129ce1a732bbef5928568b8092d412ef95611616376bbeed?s=96&d=mm&r=g\",\"caption\":\"f1000024\"},\"url\":\"https:\\\/\\\/cvinoticias.com\\\/v3\\\/author\\\/f1000024\\\/\"}]}<\/script>\n<!-- \/ Yoast SEO plugin. -->","yoast_head_json":{"title":"La Anmat prohibi\u00f3 la venta de unas milanesas de soja | CVI NOTICIAS","robots":{"index":"index","follow":"follow","max-snippet":"max-snippet:-1","max-image-preview":"max-image-preview:large","max-video-preview":"max-video-preview:-1"},"canonical":"https:\/\/cvinoticias.com\/v3\/la-anmat-prohibio-la-venta-de-unas-milanesas-de-soja\/","og_locale":"es_ES","og_type":"article","og_title":"La Anmat prohibi\u00f3 la venta de unas milanesas de soja | CVI NOTICIAS","og_description":"La Administraci\u00f3n Nacional de Medicamentos, Alimentos y Tecnolog\u00eda M\u00e9dica (Anmat) prohibi\u00f3 \u201cla elaboraci\u00f3n, fraccionamiento y comercializaci\u00f3n\u201d en todo el pa\u00eds, de la marca de milanesas de soja precocidas \u201cMi Soja\u201d, por carecer de registros sanitarios y estar falsamente rotulado. La medida se inform\u00f3 a trav\u00e9s de la Disposici\u00f3n 1228\/2022, publicada este martes en el Bolet\u00edn [&hellip;]","og_url":"https:\/\/cvinoticias.com\/v3\/la-anmat-prohibio-la-venta-de-unas-milanesas-de-soja\/","og_site_name":"CVI NOTICIAS","article_publisher":"https:\/\/www.facebook.com\/cvinoticias","article_published_time":"2022-02-15T12:12:09+00:00","article_modified_time":"2022-02-15T12:13:39+00:00","og_image":[{"width":642,"height":470,"url":"https:\/\/cvinoticias.com\/wp-content\/uploads\/2022\/02\/milanesa-soja-1jpg.jpg","type":"image\/jpeg"}],"author":"f1000024","twitter_card":"summary_large_image","twitter_misc":{"Escrito por":"f1000024","Tiempo de lectura":"2 minutos"},"schema":{"@context":"https:\/\/schema.org","@graph":[{"@type":"Article","@id":"https:\/\/cvinoticias.com\/v3\/la-anmat-prohibio-la-venta-de-unas-milanesas-de-soja\/#article","isPartOf":{"@id":"https:\/\/cvinoticias.com\/v3\/la-anmat-prohibio-la-venta-de-unas-milanesas-de-soja\/"},"author":{"name":"f1000024","@id":"https:\/\/cvinoticias.com\/v3\/#\/schema\/person\/2db77e3c6bc03c538495d7b2b8be9b66"},"headline":"La Anmat prohibi\u00f3 la venta de unas milanesas de soja","datePublished":"2022-02-15T12:12:09+00:00","dateModified":"2022-02-15T12:13:39+00:00","mainEntityOfPage":{"@id":"https:\/\/cvinoticias.com\/v3\/la-anmat-prohibio-la-venta-de-unas-milanesas-de-soja\/"},"wordCount":326,"commentCount":0,"publisher":{"@id":"https:\/\/cvinoticias.com\/v3\/#organization"},"image":{"@id":"https:\/\/cvinoticias.com\/v3\/la-anmat-prohibio-la-venta-de-unas-milanesas-de-soja\/#primaryimage"},"thumbnailUrl":"https:\/\/cvinoticias.com\/wp-content\/uploads\/2022\/02\/milanesa-soja-1jpg.jpg","articleSection":["Informaci\u00f3n General"],"inLanguage":"es","potentialAction":[{"@type":"CommentAction","name":"Comment","target":["https:\/\/cvinoticias.com\/v3\/la-anmat-prohibio-la-venta-de-unas-milanesas-de-soja\/#respond"]}]},{"@type":"WebPage","@id":"https:\/\/cvinoticias.com\/v3\/la-anmat-prohibio-la-venta-de-unas-milanesas-de-soja\/","url":"https:\/\/cvinoticias.com\/v3\/la-anmat-prohibio-la-venta-de-unas-milanesas-de-soja\/","name":"La Anmat prohibi\u00f3 la venta de unas milanesas de soja | CVI NOTICIAS","isPartOf":{"@id":"https:\/\/cvinoticias.com\/v3\/#website"},"primaryImageOfPage":{"@id":"https:\/\/cvinoticias.com\/v3\/la-anmat-prohibio-la-venta-de-unas-milanesas-de-soja\/#primaryimage"},"image":{"@id":"https:\/\/cvinoticias.com\/v3\/la-anmat-prohibio-la-venta-de-unas-milanesas-de-soja\/#primaryimage"},"thumbnailUrl":"https:\/\/cvinoticias.com\/wp-content\/uploads\/2022\/02\/milanesa-soja-1jpg.jpg","datePublished":"2022-02-15T12:12:09+00:00","dateModified":"2022-02-15T12:13:39+00:00","breadcrumb":{"@id":"https:\/\/cvinoticias.com\/v3\/la-anmat-prohibio-la-venta-de-unas-milanesas-de-soja\/#breadcrumb"},"inLanguage":"es","potentialAction":[{"@type":"ReadAction","target":["https:\/\/cvinoticias.com\/v3\/la-anmat-prohibio-la-venta-de-unas-milanesas-de-soja\/"]}]},{"@type":"ImageObject","inLanguage":"es","@id":"https:\/\/cvinoticias.com\/v3\/la-anmat-prohibio-la-venta-de-unas-milanesas-de-soja\/#primaryimage","url":"https:\/\/cvinoticias.com\/wp-content\/uploads\/2022\/02\/milanesa-soja-1jpg.jpg","contentUrl":"https:\/\/cvinoticias.com\/wp-content\/uploads\/2022\/02\/milanesa-soja-1jpg.jpg","width":642,"height":470},{"@type":"BreadcrumbList","@id":"https:\/\/cvinoticias.com\/v3\/la-anmat-prohibio-la-venta-de-unas-milanesas-de-soja\/#breadcrumb","itemListElement":[{"@type":"ListItem","position":1,"name":"Portada","item":"https:\/\/cvinoticias.com\/v3\/"},{"@type":"ListItem","position":2,"name":"La Anmat prohibi\u00f3 la venta de unas milanesas de soja"}]},{"@type":"WebSite","@id":"https:\/\/cvinoticias.com\/v3\/#website","url":"https:\/\/cvinoticias.com\/v3\/","name":"CVI NOTICIAS","description":"","publisher":{"@id":"https:\/\/cvinoticias.com\/v3\/#organization"},"alternateName":"CVI","potentialAction":[{"@type":"SearchAction","target":{"@type":"EntryPoint","urlTemplate":"https:\/\/cvinoticias.com\/v3\/?s={search_term_string}"},"query-input":{"@type":"PropertyValueSpecification","valueRequired":true,"valueName":"search_term_string"}}],"inLanguage":"es"},{"@type":"Organization","@id":"https:\/\/cvinoticias.com\/v3\/#organization","name":"CVI NOTICIAS","url":"https:\/\/cvinoticias.com\/v3\/","logo":{"@type":"ImageObject","inLanguage":"es","@id":"https:\/\/cvinoticias.com\/v3\/#\/schema\/logo\/image\/","url":"https:\/\/cvinoticias.com\/wp-content\/uploads\/2023\/04\/cropped-cropped-cropped-cropped-cropped-3-1.png","contentUrl":"https:\/\/cvinoticias.com\/wp-content\/uploads\/2023\/04\/cropped-cropped-cropped-cropped-cropped-3-1.png","width":95,"height":122,"caption":"CVI NOTICIAS"},"image":{"@id":"https:\/\/cvinoticias.com\/v3\/#\/schema\/logo\/image\/"},"sameAs":["https:\/\/www.facebook.com\/cvinoticias","https:\/\/www.instagram.com\/cvinoticias\/","https:\/\/www.youtube.com\/@CVINOTICIAS"]},{"@type":"Person","@id":"https:\/\/cvinoticias.com\/v3\/#\/schema\/person\/2db77e3c6bc03c538495d7b2b8be9b66","name":"f1000024","image":{"@type":"ImageObject","inLanguage":"es","@id":"https:\/\/secure.gravatar.com\/avatar\/d4fe7459cfc51ff5129ce1a732bbef5928568b8092d412ef95611616376bbeed?s=96&d=mm&r=g","url":"https:\/\/secure.gravatar.com\/avatar\/d4fe7459cfc51ff5129ce1a732bbef5928568b8092d412ef95611616376bbeed?s=96&d=mm&r=g","contentUrl":"https:\/\/secure.gravatar.com\/avatar\/d4fe7459cfc51ff5129ce1a732bbef5928568b8092d412ef95611616376bbeed?s=96&d=mm&r=g","caption":"f1000024"},"url":"https:\/\/cvinoticias.com\/v3\/author\/f1000024\/"}]}},"_links":{"self":[{"href":"https:\/\/cvinoticias.com\/v3\/wp-json\/wp\/v2\/posts\/13226","targetHints":{"allow":["GET"]}}],"collection":[{"href":"https:\/\/cvinoticias.com\/v3\/wp-json\/wp\/v2\/posts"}],"about":[{"href":"https:\/\/cvinoticias.com\/v3\/wp-json\/wp\/v2\/types\/post"}],"author":[{"embeddable":true,"href":"https:\/\/cvinoticias.com\/v3\/wp-json\/wp\/v2\/users\/2"}],"replies":[{"embeddable":true,"href":"https:\/\/cvinoticias.com\/v3\/wp-json\/wp\/v2\/comments?post=13226"}],"version-history":[{"count":2,"href":"https:\/\/cvinoticias.com\/v3\/wp-json\/wp\/v2\/posts\/13226\/revisions"}],"predecessor-version":[{"id":13229,"href":"https:\/\/cvinoticias.com\/v3\/wp-json\/wp\/v2\/posts\/13226\/revisions\/13229"}],"wp:featuredmedia":[{"embeddable":true,"href":"https:\/\/cvinoticias.com\/v3\/wp-json\/wp\/v2\/media\/13227"}],"wp:attachment":[{"href":"https:\/\/cvinoticias.com\/v3\/wp-json\/wp\/v2\/media?parent=13226"}],"wp:term":[{"taxonomy":"category","embeddable":true,"href":"https:\/\/cvinoticias.com\/v3\/wp-json\/wp\/v2\/categories?post=13226"},{"taxonomy":"post_tag","embeddable":true,"href":"https:\/\/cvinoticias.com\/v3\/wp-json\/wp\/v2\/tags?post=13226"}],"curies":[{"name":"wp","href":"https:\/\/api.w.org\/{rel}","templated":true}]}}