{"id":13220,"date":"2022-02-15T11:32:45","date_gmt":"2022-02-15T11:32:45","guid":{"rendered":"https:\/\/cvinoticias.com\/v3\/?p=13220"},"modified":"2022-02-15T11:32:45","modified_gmt":"2022-02-15T11:32:45","slug":"wanda-sustrajo-herramientas-de-un-taller-se-escondio-dentro-de-la-rueda-de-un-camion-y-termino-detenido","status":"publish","type":"post","link":"https:\/\/cvinoticias.com\/v3\/wanda-sustrajo-herramientas-de-un-taller-se-escondio-dentro-de-la-rueda-de-un-camion-y-termino-detenido\/","title":{"rendered":"Wanda: Sustrajo herramientas de un taller, se escondi\u00f3 dentro de la rueda de un cami\u00f3n y termin\u00f3 detenido"},"content":{"rendered":"\n<p><\/p>\n\n\n\n<p><strong><em>Alrededor de las 3:00 horas de la madrugada de hoy, en el barrio Lourdes, los efectivos de la comisar\u00eda local detuvieron a un joven de 26 a\u00f1os, quien fue encontrado oculto dentro de la cubierta de un cami\u00f3n, en un taller sobre la Ruta Provincial N.\u00ba 19 tras sustraer herramientas de mano.<\/em><\/strong><\/p>\n\n\n\n<p>Mientras los polic\u00edas realizaban recorridas de prevenci\u00f3n, unos vecinos los alertaron debido a que en un taller mec\u00e1nico, habr\u00eda ingresado un individuo, quien seg\u00fan el relato de las residentes, este sustrajo varias herramientas del lugar. Por esto, con permiso del due\u00f1o del inmueble, ingresaron, descubrieron al sindicado y lo detuvieron en el acto.<\/p>\n\n\n\n<figure class=\"wp-block-image size-large is-resized\"><a href=\"https:\/\/cvinoticias.com\/wp-content\/uploads\/2022\/02\/IMG-20220215-WA0002.jpg\"><img decoding=\"async\" data-src=\"https:\/\/cvinoticias.com\/wp-content\/uploads\/2022\/02\/IMG-20220215-WA0002-862x1024.jpg\" alt=\"\" class=\"wp-image-13221 lazyload\" width=\"660\" height=\"784\" data-srcset=\"https:\/\/cvinoticias.com\/wp-content\/uploads\/2022\/02\/IMG-20220215-WA0002-862x1024.jpg 862w, https:\/\/cvinoticias.com\/wp-content\/uploads\/2022\/02\/IMG-20220215-WA0002-252x300.jpg 252w, https:\/\/cvinoticias.com\/wp-content\/uploads\/2022\/02\/IMG-20220215-WA0002-768x913.jpg 768w, https:\/\/cvinoticias.com\/wp-content\/uploads\/2022\/02\/IMG-20220215-WA0002.jpg 1077w\" data-sizes=\"(max-width: 660px) 100vw, 660px\" src=\"data:image\/svg+xml;base64,PHN2ZyB3aWR0aD0iMSIgaGVpZ2h0PSIxIiB4bWxucz0iaHR0cDovL3d3dy53My5vcmcvMjAwMC9zdmciPjwvc3ZnPg==\" style=\"--smush-placeholder-width: 660px; --smush-placeholder-aspect-ratio: 660\/784;\" \/><\/a><\/figure>\n\n\n\n<p>Por ello, el se\u00f1alado qued\u00f3 alojado en la sede policial a disposici\u00f3n de la Justicia y contin\u00faa la investigaci\u00f3n a los fines de hallar los elementos sustra\u00eddos.<\/p>\n","protected":false},"excerpt":{"rendered":"<p>Alrededor de las 3:00 horas de la madrugada de hoy, en el barrio Lourdes, los efectivos de la comisar\u00eda local detuvieron a un joven de 26 a\u00f1os, quien fue encontrado oculto dentro de la cubierta de un cami\u00f3n, en un taller sobre la Ruta Provincial N.\u00ba 19 tras sustraer herramientas de mano. Mientras los polic\u00edas [&hellip;]<\/p>\n","protected":false},"author":2,"featured_media":13222,"comment_status":"open","ping_status":"open","sticky":false,"template":"","format":"standard","meta":{"footnotes":""},"categories":[41],"tags":[],"class_list":["post-13220","post","type-post","status-publish","format-standard","has-post-thumbnail","hentry","category-policiales"],"yoast_head":"<!-- This site is optimized with the Yoast SEO plugin v27.5 - https:\/\/yoast.com\/product\/yoast-seo-wordpress\/ -->\n<title>Wanda: Sustrajo herramientas de un taller, se escondi\u00f3 dentro de la rueda de un cami\u00f3n y termin\u00f3 detenido | CVI NOTICIAS<\/title>\n<meta name=\"robots\" content=\"index, follow, max-snippet:-1, max-image-preview:large, max-video-preview:-1\" \/>\n<link rel=\"canonical\" href=\"https:\/\/cvinoticias.com\/v3\/wanda-sustrajo-herramientas-de-un-taller-se-escondio-dentro-de-la-rueda-de-un-camion-y-termino-detenido\/\" \/>\n<meta property=\"og:locale\" content=\"es_ES\" \/>\n<meta property=\"og:type\" content=\"article\" \/>\n<meta property=\"og:title\" content=\"Wanda: Sustrajo herramientas de un taller, se escondi\u00f3 dentro de la rueda de un cami\u00f3n y termin\u00f3 detenido | CVI NOTICIAS\" \/>\n<meta property=\"og:description\" content=\"Alrededor de las 3:00 horas de la madrugada de hoy, en el barrio Lourdes, los efectivos de la comisar\u00eda local detuvieron a un joven de 26 a\u00f1os, quien fue encontrado oculto dentro de la cubierta de un cami\u00f3n, en un taller sobre la Ruta Provincial N.\u00ba 19 tras sustraer herramientas de mano. Mientras los polic\u00edas [&hellip;]\" \/>\n<meta property=\"og:url\" content=\"https:\/\/cvinoticias.com\/v3\/wanda-sustrajo-herramientas-de-un-taller-se-escondio-dentro-de-la-rueda-de-un-camion-y-termino-detenido\/\" \/>\n<meta property=\"og:site_name\" content=\"CVI NOTICIAS\" \/>\n<meta property=\"article:publisher\" content=\"https:\/\/www.facebook.com\/cvinoticias\" \/>\n<meta property=\"article:published_time\" content=\"2022-02-15T11:32:45+00:00\" \/>\n<meta property=\"og:image\" content=\"https:\/\/cvinoticias.com\/wp-content\/uploads\/2022\/02\/IMG-20220215-WA0001.jpg\" \/>\n\t<meta property=\"og:image:width\" content=\"826\" \/>\n\t<meta property=\"og:image:height\" content=\"788\" \/>\n\t<meta property=\"og:image:type\" content=\"image\/jpeg\" \/>\n<meta name=\"author\" content=\"f1000024\" \/>\n<meta name=\"twitter:card\" content=\"summary_large_image\" \/>\n<meta name=\"twitter:label1\" content=\"Escrito por\" \/>\n\t<meta name=\"twitter:data1\" content=\"f1000024\" \/>\n\t<meta name=\"twitter:label2\" content=\"Tiempo de lectura\" \/>\n\t<meta name=\"twitter:data2\" content=\"1 minuto\" \/>\n<script type=\"application\/ld+json\" class=\"yoast-schema-graph\">{\"@context\":\"https:\\\/\\\/schema.org\",\"@graph\":[{\"@type\":\"Article\",\"@id\":\"https:\\\/\\\/cvinoticias.com\\\/v3\\\/wanda-sustrajo-herramientas-de-un-taller-se-escondio-dentro-de-la-rueda-de-un-camion-y-termino-detenido\\\/#article\",\"isPartOf\":{\"@id\":\"https:\\\/\\\/cvinoticias.com\\\/v3\\\/wanda-sustrajo-herramientas-de-un-taller-se-escondio-dentro-de-la-rueda-de-un-camion-y-termino-detenido\\\/\"},\"author\":{\"name\":\"f1000024\",\"@id\":\"https:\\\/\\\/cvinoticias.com\\\/v3\\\/#\\\/schema\\\/person\\\/2db77e3c6bc03c538495d7b2b8be9b66\"},\"headline\":\"Wanda: Sustrajo herramientas de un taller, se escondi\u00f3 dentro de la rueda de un cami\u00f3n y termin\u00f3 detenido\",\"datePublished\":\"2022-02-15T11:32:45+00:00\",\"mainEntityOfPage\":{\"@id\":\"https:\\\/\\\/cvinoticias.com\\\/v3\\\/wanda-sustrajo-herramientas-de-un-taller-se-escondio-dentro-de-la-rueda-de-un-camion-y-termino-detenido\\\/\"},\"wordCount\":162,\"commentCount\":0,\"publisher\":{\"@id\":\"https:\\\/\\\/cvinoticias.com\\\/v3\\\/#organization\"},\"image\":{\"@id\":\"https:\\\/\\\/cvinoticias.com\\\/v3\\\/wanda-sustrajo-herramientas-de-un-taller-se-escondio-dentro-de-la-rueda-de-un-camion-y-termino-detenido\\\/#primaryimage\"},\"thumbnailUrl\":\"https:\\\/\\\/cvinoticias.com\\\/wp-content\\\/uploads\\\/2022\\\/02\\\/IMG-20220215-WA0001.jpg\",\"articleSection\":[\"Policiales\"],\"inLanguage\":\"es\",\"potentialAction\":[{\"@type\":\"CommentAction\",\"name\":\"Comment\",\"target\":[\"https:\\\/\\\/cvinoticias.com\\\/v3\\\/wanda-sustrajo-herramientas-de-un-taller-se-escondio-dentro-de-la-rueda-de-un-camion-y-termino-detenido\\\/#respond\"]}]},{\"@type\":\"WebPage\",\"@id\":\"https:\\\/\\\/cvinoticias.com\\\/v3\\\/wanda-sustrajo-herramientas-de-un-taller-se-escondio-dentro-de-la-rueda-de-un-camion-y-termino-detenido\\\/\",\"url\":\"https:\\\/\\\/cvinoticias.com\\\/v3\\\/wanda-sustrajo-herramientas-de-un-taller-se-escondio-dentro-de-la-rueda-de-un-camion-y-termino-detenido\\\/\",\"name\":\"Wanda: Sustrajo herramientas de un taller, se escondi\u00f3 dentro de la rueda de un cami\u00f3n y termin\u00f3 detenido | CVI NOTICIAS\",\"isPartOf\":{\"@id\":\"https:\\\/\\\/cvinoticias.com\\\/v3\\\/#website\"},\"primaryImageOfPage\":{\"@id\":\"https:\\\/\\\/cvinoticias.com\\\/v3\\\/wanda-sustrajo-herramientas-de-un-taller-se-escondio-dentro-de-la-rueda-de-un-camion-y-termino-detenido\\\/#primaryimage\"},\"image\":{\"@id\":\"https:\\\/\\\/cvinoticias.com\\\/v3\\\/wanda-sustrajo-herramientas-de-un-taller-se-escondio-dentro-de-la-rueda-de-un-camion-y-termino-detenido\\\/#primaryimage\"},\"thumbnailUrl\":\"https:\\\/\\\/cvinoticias.com\\\/wp-content\\\/uploads\\\/2022\\\/02\\\/IMG-20220215-WA0001.jpg\",\"datePublished\":\"2022-02-15T11:32:45+00:00\",\"breadcrumb\":{\"@id\":\"https:\\\/\\\/cvinoticias.com\\\/v3\\\/wanda-sustrajo-herramientas-de-un-taller-se-escondio-dentro-de-la-rueda-de-un-camion-y-termino-detenido\\\/#breadcrumb\"},\"inLanguage\":\"es\",\"potentialAction\":[{\"@type\":\"ReadAction\",\"target\":[\"https:\\\/\\\/cvinoticias.com\\\/v3\\\/wanda-sustrajo-herramientas-de-un-taller-se-escondio-dentro-de-la-rueda-de-un-camion-y-termino-detenido\\\/\"]}]},{\"@type\":\"ImageObject\",\"inLanguage\":\"es\",\"@id\":\"https:\\\/\\\/cvinoticias.com\\\/v3\\\/wanda-sustrajo-herramientas-de-un-taller-se-escondio-dentro-de-la-rueda-de-un-camion-y-termino-detenido\\\/#primaryimage\",\"url\":\"https:\\\/\\\/cvinoticias.com\\\/wp-content\\\/uploads\\\/2022\\\/02\\\/IMG-20220215-WA0001.jpg\",\"contentUrl\":\"https:\\\/\\\/cvinoticias.com\\\/wp-content\\\/uploads\\\/2022\\\/02\\\/IMG-20220215-WA0001.jpg\",\"width\":826,\"height\":788},{\"@type\":\"BreadcrumbList\",\"@id\":\"https:\\\/\\\/cvinoticias.com\\\/v3\\\/wanda-sustrajo-herramientas-de-un-taller-se-escondio-dentro-de-la-rueda-de-un-camion-y-termino-detenido\\\/#breadcrumb\",\"itemListElement\":[{\"@type\":\"ListItem\",\"position\":1,\"name\":\"Portada\",\"item\":\"https:\\\/\\\/cvinoticias.com\\\/v3\\\/\"},{\"@type\":\"ListItem\",\"position\":2,\"name\":\"Wanda: Sustrajo herramientas de un taller, se escondi\u00f3 dentro de la rueda de un cami\u00f3n y termin\u00f3 detenido\"}]},{\"@type\":\"WebSite\",\"@id\":\"https:\\\/\\\/cvinoticias.com\\\/v3\\\/#website\",\"url\":\"https:\\\/\\\/cvinoticias.com\\\/v3\\\/\",\"name\":\"CVI NOTICIAS\",\"description\":\"\",\"publisher\":{\"@id\":\"https:\\\/\\\/cvinoticias.com\\\/v3\\\/#organization\"},\"alternateName\":\"CVI\",\"potentialAction\":[{\"@type\":\"SearchAction\",\"target\":{\"@type\":\"EntryPoint\",\"urlTemplate\":\"https:\\\/\\\/cvinoticias.com\\\/v3\\\/?s={search_term_string}\"},\"query-input\":{\"@type\":\"PropertyValueSpecification\",\"valueRequired\":true,\"valueName\":\"search_term_string\"}}],\"inLanguage\":\"es\"},{\"@type\":\"Organization\",\"@id\":\"https:\\\/\\\/cvinoticias.com\\\/v3\\\/#organization\",\"name\":\"CVI NOTICIAS\",\"url\":\"https:\\\/\\\/cvinoticias.com\\\/v3\\\/\",\"logo\":{\"@type\":\"ImageObject\",\"inLanguage\":\"es\",\"@id\":\"https:\\\/\\\/cvinoticias.com\\\/v3\\\/#\\\/schema\\\/logo\\\/image\\\/\",\"url\":\"https:\\\/\\\/cvinoticias.com\\\/wp-content\\\/uploads\\\/2023\\\/04\\\/cropped-cropped-cropped-cropped-cropped-3-1.png\",\"contentUrl\":\"https:\\\/\\\/cvinoticias.com\\\/wp-content\\\/uploads\\\/2023\\\/04\\\/cropped-cropped-cropped-cropped-cropped-3-1.png\",\"width\":95,\"height\":122,\"caption\":\"CVI NOTICIAS\"},\"image\":{\"@id\":\"https:\\\/\\\/cvinoticias.com\\\/v3\\\/#\\\/schema\\\/logo\\\/image\\\/\"},\"sameAs\":[\"https:\\\/\\\/www.facebook.com\\\/cvinoticias\",\"https:\\\/\\\/www.instagram.com\\\/cvinoticias\\\/\",\"https:\\\/\\\/www.youtube.com\\\/@CVINOTICIAS\"]},{\"@type\":\"Person\",\"@id\":\"https:\\\/\\\/cvinoticias.com\\\/v3\\\/#\\\/schema\\\/person\\\/2db77e3c6bc03c538495d7b2b8be9b66\",\"name\":\"f1000024\",\"image\":{\"@type\":\"ImageObject\",\"inLanguage\":\"es\",\"@id\":\"https:\\\/\\\/secure.gravatar.com\\\/avatar\\\/d4fe7459cfc51ff5129ce1a732bbef5928568b8092d412ef95611616376bbeed?s=96&d=mm&r=g\",\"url\":\"https:\\\/\\\/secure.gravatar.com\\\/avatar\\\/d4fe7459cfc51ff5129ce1a732bbef5928568b8092d412ef95611616376bbeed?s=96&d=mm&r=g\",\"contentUrl\":\"https:\\\/\\\/secure.gravatar.com\\\/avatar\\\/d4fe7459cfc51ff5129ce1a732bbef5928568b8092d412ef95611616376bbeed?s=96&d=mm&r=g\",\"caption\":\"f1000024\"},\"url\":\"https:\\\/\\\/cvinoticias.com\\\/v3\\\/author\\\/f1000024\\\/\"}]}<\/script>\n<!-- \/ Yoast SEO plugin. -->","yoast_head_json":{"title":"Wanda: Sustrajo herramientas de un taller, se escondi\u00f3 dentro de la rueda de un cami\u00f3n y termin\u00f3 detenido | CVI NOTICIAS","robots":{"index":"index","follow":"follow","max-snippet":"max-snippet:-1","max-image-preview":"max-image-preview:large","max-video-preview":"max-video-preview:-1"},"canonical":"https:\/\/cvinoticias.com\/v3\/wanda-sustrajo-herramientas-de-un-taller-se-escondio-dentro-de-la-rueda-de-un-camion-y-termino-detenido\/","og_locale":"es_ES","og_type":"article","og_title":"Wanda: Sustrajo herramientas de un taller, se escondi\u00f3 dentro de la rueda de un cami\u00f3n y termin\u00f3 detenido | CVI NOTICIAS","og_description":"Alrededor de las 3:00 horas de la madrugada de hoy, en el barrio Lourdes, los efectivos de la comisar\u00eda local detuvieron a un joven de 26 a\u00f1os, quien fue encontrado oculto dentro de la cubierta de un cami\u00f3n, en un taller sobre la Ruta Provincial N.\u00ba 19 tras sustraer herramientas de mano. Mientras los polic\u00edas [&hellip;]","og_url":"https:\/\/cvinoticias.com\/v3\/wanda-sustrajo-herramientas-de-un-taller-se-escondio-dentro-de-la-rueda-de-un-camion-y-termino-detenido\/","og_site_name":"CVI NOTICIAS","article_publisher":"https:\/\/www.facebook.com\/cvinoticias","article_published_time":"2022-02-15T11:32:45+00:00","og_image":[{"width":826,"height":788,"url":"https:\/\/cvinoticias.com\/wp-content\/uploads\/2022\/02\/IMG-20220215-WA0001.jpg","type":"image\/jpeg"}],"author":"f1000024","twitter_card":"summary_large_image","twitter_misc":{"Escrito por":"f1000024","Tiempo de lectura":"1 minuto"},"schema":{"@context":"https:\/\/schema.org","@graph":[{"@type":"Article","@id":"https:\/\/cvinoticias.com\/v3\/wanda-sustrajo-herramientas-de-un-taller-se-escondio-dentro-de-la-rueda-de-un-camion-y-termino-detenido\/#article","isPartOf":{"@id":"https:\/\/cvinoticias.com\/v3\/wanda-sustrajo-herramientas-de-un-taller-se-escondio-dentro-de-la-rueda-de-un-camion-y-termino-detenido\/"},"author":{"name":"f1000024","@id":"https:\/\/cvinoticias.com\/v3\/#\/schema\/person\/2db77e3c6bc03c538495d7b2b8be9b66"},"headline":"Wanda: Sustrajo herramientas de un taller, se escondi\u00f3 dentro de la rueda de un cami\u00f3n y termin\u00f3 detenido","datePublished":"2022-02-15T11:32:45+00:00","mainEntityOfPage":{"@id":"https:\/\/cvinoticias.com\/v3\/wanda-sustrajo-herramientas-de-un-taller-se-escondio-dentro-de-la-rueda-de-un-camion-y-termino-detenido\/"},"wordCount":162,"commentCount":0,"publisher":{"@id":"https:\/\/cvinoticias.com\/v3\/#organization"},"image":{"@id":"https:\/\/cvinoticias.com\/v3\/wanda-sustrajo-herramientas-de-un-taller-se-escondio-dentro-de-la-rueda-de-un-camion-y-termino-detenido\/#primaryimage"},"thumbnailUrl":"https:\/\/cvinoticias.com\/wp-content\/uploads\/2022\/02\/IMG-20220215-WA0001.jpg","articleSection":["Policiales"],"inLanguage":"es","potentialAction":[{"@type":"CommentAction","name":"Comment","target":["https:\/\/cvinoticias.com\/v3\/wanda-sustrajo-herramientas-de-un-taller-se-escondio-dentro-de-la-rueda-de-un-camion-y-termino-detenido\/#respond"]}]},{"@type":"WebPage","@id":"https:\/\/cvinoticias.com\/v3\/wanda-sustrajo-herramientas-de-un-taller-se-escondio-dentro-de-la-rueda-de-un-camion-y-termino-detenido\/","url":"https:\/\/cvinoticias.com\/v3\/wanda-sustrajo-herramientas-de-un-taller-se-escondio-dentro-de-la-rueda-de-un-camion-y-termino-detenido\/","name":"Wanda: Sustrajo herramientas de un taller, se escondi\u00f3 dentro de la rueda de un cami\u00f3n y termin\u00f3 detenido | CVI NOTICIAS","isPartOf":{"@id":"https:\/\/cvinoticias.com\/v3\/#website"},"primaryImageOfPage":{"@id":"https:\/\/cvinoticias.com\/v3\/wanda-sustrajo-herramientas-de-un-taller-se-escondio-dentro-de-la-rueda-de-un-camion-y-termino-detenido\/#primaryimage"},"image":{"@id":"https:\/\/cvinoticias.com\/v3\/wanda-sustrajo-herramientas-de-un-taller-se-escondio-dentro-de-la-rueda-de-un-camion-y-termino-detenido\/#primaryimage"},"thumbnailUrl":"https:\/\/cvinoticias.com\/wp-content\/uploads\/2022\/02\/IMG-20220215-WA0001.jpg","datePublished":"2022-02-15T11:32:45+00:00","breadcrumb":{"@id":"https:\/\/cvinoticias.com\/v3\/wanda-sustrajo-herramientas-de-un-taller-se-escondio-dentro-de-la-rueda-de-un-camion-y-termino-detenido\/#breadcrumb"},"inLanguage":"es","potentialAction":[{"@type":"ReadAction","target":["https:\/\/cvinoticias.com\/v3\/wanda-sustrajo-herramientas-de-un-taller-se-escondio-dentro-de-la-rueda-de-un-camion-y-termino-detenido\/"]}]},{"@type":"ImageObject","inLanguage":"es","@id":"https:\/\/cvinoticias.com\/v3\/wanda-sustrajo-herramientas-de-un-taller-se-escondio-dentro-de-la-rueda-de-un-camion-y-termino-detenido\/#primaryimage","url":"https:\/\/cvinoticias.com\/wp-content\/uploads\/2022\/02\/IMG-20220215-WA0001.jpg","contentUrl":"https:\/\/cvinoticias.com\/wp-content\/uploads\/2022\/02\/IMG-20220215-WA0001.jpg","width":826,"height":788},{"@type":"BreadcrumbList","@id":"https:\/\/cvinoticias.com\/v3\/wanda-sustrajo-herramientas-de-un-taller-se-escondio-dentro-de-la-rueda-de-un-camion-y-termino-detenido\/#breadcrumb","itemListElement":[{"@type":"ListItem","position":1,"name":"Portada","item":"https:\/\/cvinoticias.com\/v3\/"},{"@type":"ListItem","position":2,"name":"Wanda: Sustrajo herramientas de un taller, se escondi\u00f3 dentro de la rueda de un cami\u00f3n y termin\u00f3 detenido"}]},{"@type":"WebSite","@id":"https:\/\/cvinoticias.com\/v3\/#website","url":"https:\/\/cvinoticias.com\/v3\/","name":"CVI NOTICIAS","description":"","publisher":{"@id":"https:\/\/cvinoticias.com\/v3\/#organization"},"alternateName":"CVI","potentialAction":[{"@type":"SearchAction","target":{"@type":"EntryPoint","urlTemplate":"https:\/\/cvinoticias.com\/v3\/?s={search_term_string}"},"query-input":{"@type":"PropertyValueSpecification","valueRequired":true,"valueName":"search_term_string"}}],"inLanguage":"es"},{"@type":"Organization","@id":"https:\/\/cvinoticias.com\/v3\/#organization","name":"CVI NOTICIAS","url":"https:\/\/cvinoticias.com\/v3\/","logo":{"@type":"ImageObject","inLanguage":"es","@id":"https:\/\/cvinoticias.com\/v3\/#\/schema\/logo\/image\/","url":"https:\/\/cvinoticias.com\/wp-content\/uploads\/2023\/04\/cropped-cropped-cropped-cropped-cropped-3-1.png","contentUrl":"https:\/\/cvinoticias.com\/wp-content\/uploads\/2023\/04\/cropped-cropped-cropped-cropped-cropped-3-1.png","width":95,"height":122,"caption":"CVI NOTICIAS"},"image":{"@id":"https:\/\/cvinoticias.com\/v3\/#\/schema\/logo\/image\/"},"sameAs":["https:\/\/www.facebook.com\/cvinoticias","https:\/\/www.instagram.com\/cvinoticias\/","https:\/\/www.youtube.com\/@CVINOTICIAS"]},{"@type":"Person","@id":"https:\/\/cvinoticias.com\/v3\/#\/schema\/person\/2db77e3c6bc03c538495d7b2b8be9b66","name":"f1000024","image":{"@type":"ImageObject","inLanguage":"es","@id":"https:\/\/secure.gravatar.com\/avatar\/d4fe7459cfc51ff5129ce1a732bbef5928568b8092d412ef95611616376bbeed?s=96&d=mm&r=g","url":"https:\/\/secure.gravatar.com\/avatar\/d4fe7459cfc51ff5129ce1a732bbef5928568b8092d412ef95611616376bbeed?s=96&d=mm&r=g","contentUrl":"https:\/\/secure.gravatar.com\/avatar\/d4fe7459cfc51ff5129ce1a732bbef5928568b8092d412ef95611616376bbeed?s=96&d=mm&r=g","caption":"f1000024"},"url":"https:\/\/cvinoticias.com\/v3\/author\/f1000024\/"}]}},"_links":{"self":[{"href":"https:\/\/cvinoticias.com\/v3\/wp-json\/wp\/v2\/posts\/13220","targetHints":{"allow":["GET"]}}],"collection":[{"href":"https:\/\/cvinoticias.com\/v3\/wp-json\/wp\/v2\/posts"}],"about":[{"href":"https:\/\/cvinoticias.com\/v3\/wp-json\/wp\/v2\/types\/post"}],"author":[{"embeddable":true,"href":"https:\/\/cvinoticias.com\/v3\/wp-json\/wp\/v2\/users\/2"}],"replies":[{"embeddable":true,"href":"https:\/\/cvinoticias.com\/v3\/wp-json\/wp\/v2\/comments?post=13220"}],"version-history":[{"count":1,"href":"https:\/\/cvinoticias.com\/v3\/wp-json\/wp\/v2\/posts\/13220\/revisions"}],"predecessor-version":[{"id":13223,"href":"https:\/\/cvinoticias.com\/v3\/wp-json\/wp\/v2\/posts\/13220\/revisions\/13223"}],"wp:featuredmedia":[{"embeddable":true,"href":"https:\/\/cvinoticias.com\/v3\/wp-json\/wp\/v2\/media\/13222"}],"wp:attachment":[{"href":"https:\/\/cvinoticias.com\/v3\/wp-json\/wp\/v2\/media?parent=13220"}],"wp:term":[{"taxonomy":"category","embeddable":true,"href":"https:\/\/cvinoticias.com\/v3\/wp-json\/wp\/v2\/categories?post=13220"},{"taxonomy":"post_tag","embeddable":true,"href":"https:\/\/cvinoticias.com\/v3\/wp-json\/wp\/v2\/tags?post=13220"}],"curies":[{"name":"wp","href":"https:\/\/api.w.org\/{rel}","templated":true}]}}