{"id":13217,"date":"2022-02-15T11:26:33","date_gmt":"2022-02-15T11:26:33","guid":{"rendered":"https:\/\/cvinoticias.com\/v3\/?p=13217"},"modified":"2022-02-15T11:26:33","modified_gmt":"2022-02-15T11:26:33","slug":"incendios-en-corrientes-ya-son-mas-de-500-mil-las-hectareas-afectadas","status":"publish","type":"post","link":"https:\/\/cvinoticias.com\/v3\/incendios-en-corrientes-ya-son-mas-de-500-mil-las-hectareas-afectadas\/","title":{"rendered":"Incendios en Corrientes: ya son m\u00e1s de 500 mil las hect\u00e1reas afectadas"},"content":{"rendered":"\n<p><strong><em>En Corrientes, los incendios avanzan sobre la provincia, arrasando con todo a su paso. Hasta el momento son m\u00e1s de 516 mil hect\u00e1reas, una superficie que equivale a casi 10 veces la Ciudad de C\u00f3rdoba.<\/em><\/strong><\/p>\n\n\n\n<p>Seg\u00fan un informe del INTA, desde enero se queman 20.000 hect\u00e1reas por d\u00eda y alertan que de no revertirse las condiciones meteorol\u00f3gicas, el cuadro podr\u00eda empeorar.<\/p>\n\n\n\n<p>\u201cLa zona m\u00e1s complicada sigue siendo Ituzaing\u00f3\u201d, dijo el jefe de Operaciones de Defensa Civil, Orlando Bertoni, sobre la localidad del norte provincial, ubicada a 250 kil\u00f3metros de la capital correntina. Adem\u00e1s, el funcionario confirm\u00f3 este lunes que un gran hotel de la cadena internacional Howard Johnson, ubicado a la vera del r\u00edo Paran\u00e1, \u201cse evacu\u00f3 por la amenaza de las llamas y especialmente por el humo\u201d, al igual que viviendas de la zona de manera preventiva.<\/p>\n\n\n\n<p>\u201cSofocamos un incendio y se prenden otros\u201d, se lament\u00f3 en di\u00e1logo con T\u00e9lam y agreg\u00f3 que el fuego en esta zona afect\u00f3 especialmente producciones forestales, adem\u00e1s de campos y esteros.<\/p>\n\n\n\n<p>Remarc\u00f3 que bomberos, brigadistas, aviones hidrantes y autobombas combaten los focos \u00edgneos, mientras que fuentes oficiales informaron que tambi\u00e9n colaboran efectivos del Ej\u00e9rcito Argentino y Vialidad Nacional aporta m\u00e1quinas y operarios para combatir los incendios.<\/p>\n\n\n\n<p>\u201cEn San Miguel y Loreto, los incendios fueron controlados y continuamos trabajando con focos en Ituzaing\u00f3 y ahora en Riachuelo\u201d, detall\u00f3 Bertoni.<\/p>\n\n\n\n<p>En tanto, el \u00faltimo informe del Instituto Nacional de Tecnolog\u00eda Agropecuaria (INTA), respecto de las \u00e1reas quemadas, se\u00f1ala que ascienden a 519 mil hect\u00e1reas y que la superficie afectada se increment\u00f3 seis veces en comparaci\u00f3n con el \u00faltimo registro de enero.<\/p>\n\n\n\n<p>\u201cLa evidencia satelital indica que hay un incremento continuo de la superficie total afectada por las quemas desde el inicio del a\u00f1o 2022, a raz\u00f3n de un promedio de casi 20 mil hect\u00e1reas por d\u00eda\u201d, se\u00f1ala el estudio realizado por los t\u00e9cnicos del INTA Griselda Sauceda, Ruth Perucca y Ditmar Kurtz.<\/p>\n\n\n\n<p>En tanto, remarca que la situaci\u00f3n generada por las \u201cescasas precipitaciones en los \u00faltimos dos a\u00f1os y las elevadas temperaturas\u201d afecta a producciones forestales, pastizales, malezales, esteros y ba\u00f1ados.<\/p>\n\n\n\n<p>En las acciones para sofocar el fuego intervienen aviones hidrantes enviados por el Ministerio de Ambiente y Desarrollo Sostenible de la Naci\u00f3n y otros contratados por el Gobierno provincial, brigadistas del Servicio Nacional del Manejo del Fuego (SNMF), bomberos de la Provincia, bomberos voluntarios y efectivos de fuerzas provinciales y federales, informaron fuentes oficiales.<\/p>\n\n\n\n<p><strong>Fuente: T\u00e9lam<\/strong><\/p>\n","protected":false},"excerpt":{"rendered":"<p>En Corrientes, los incendios avanzan sobre la provincia, arrasando con todo a su paso. Hasta el momento son m\u00e1s de 516 mil hect\u00e1reas, una superficie que equivale a casi 10 veces la Ciudad de C\u00f3rdoba. Seg\u00fan un informe del INTA, desde enero se queman 20.000 hect\u00e1reas por d\u00eda y alertan que de no revertirse las [&hellip;]<\/p>\n","protected":false},"author":2,"featured_media":13218,"comment_status":"open","ping_status":"open","sticky":false,"template":"","format":"standard","meta":{"footnotes":""},"categories":[35],"tags":[],"class_list":["post-13217","post","type-post","status-publish","format-standard","has-post-thumbnail","hentry","category-informacion-general"],"yoast_head":"<!-- This site is optimized with the Yoast SEO plugin v27.5 - https:\/\/yoast.com\/product\/yoast-seo-wordpress\/ -->\n<title>Incendios en Corrientes: ya son m\u00e1s de 500 mil las hect\u00e1reas afectadas | CVI NOTICIAS<\/title>\n<meta name=\"robots\" content=\"index, follow, max-snippet:-1, max-image-preview:large, max-video-preview:-1\" \/>\n<link rel=\"canonical\" href=\"https:\/\/cvinoticias.com\/v3\/incendios-en-corrientes-ya-son-mas-de-500-mil-las-hectareas-afectadas\/\" \/>\n<meta property=\"og:locale\" content=\"es_ES\" \/>\n<meta property=\"og:type\" content=\"article\" \/>\n<meta property=\"og:title\" content=\"Incendios en Corrientes: ya son m\u00e1s de 500 mil las hect\u00e1reas afectadas | CVI NOTICIAS\" \/>\n<meta property=\"og:description\" content=\"En Corrientes, los incendios avanzan sobre la provincia, arrasando con todo a su paso. Hasta el momento son m\u00e1s de 516 mil hect\u00e1reas, una superficie que equivale a casi 10 veces la Ciudad de C\u00f3rdoba. Seg\u00fan un informe del INTA, desde enero se queman 20.000 hect\u00e1reas por d\u00eda y alertan que de no revertirse las [&hellip;]\" \/>\n<meta property=\"og:url\" content=\"https:\/\/cvinoticias.com\/v3\/incendios-en-corrientes-ya-son-mas-de-500-mil-las-hectareas-afectadas\/\" \/>\n<meta property=\"og:site_name\" content=\"CVI NOTICIAS\" \/>\n<meta property=\"article:publisher\" content=\"https:\/\/www.facebook.com\/cvinoticias\" \/>\n<meta property=\"article:published_time\" content=\"2022-02-15T11:26:33+00:00\" \/>\n<meta property=\"og:image\" content=\"https:\/\/cvinoticias.com\/wp-content\/uploads\/2022\/02\/61e94e482ef7d_900.jpg\" \/>\n\t<meta property=\"og:image:width\" content=\"1068\" \/>\n\t<meta property=\"og:image:height\" content=\"600\" \/>\n\t<meta property=\"og:image:type\" content=\"image\/jpeg\" \/>\n<meta name=\"author\" content=\"f1000024\" \/>\n<meta name=\"twitter:card\" content=\"summary_large_image\" \/>\n<meta name=\"twitter:label1\" content=\"Escrito por\" \/>\n\t<meta name=\"twitter:data1\" content=\"f1000024\" \/>\n\t<meta name=\"twitter:label2\" content=\"Tiempo de lectura\" \/>\n\t<meta name=\"twitter:data2\" content=\"2 minutos\" \/>\n<script type=\"application\/ld+json\" class=\"yoast-schema-graph\">{\"@context\":\"https:\\\/\\\/schema.org\",\"@graph\":[{\"@type\":\"Article\",\"@id\":\"https:\\\/\\\/cvinoticias.com\\\/v3\\\/incendios-en-corrientes-ya-son-mas-de-500-mil-las-hectareas-afectadas\\\/#article\",\"isPartOf\":{\"@id\":\"https:\\\/\\\/cvinoticias.com\\\/v3\\\/incendios-en-corrientes-ya-son-mas-de-500-mil-las-hectareas-afectadas\\\/\"},\"author\":{\"name\":\"f1000024\",\"@id\":\"https:\\\/\\\/cvinoticias.com\\\/v3\\\/#\\\/schema\\\/person\\\/2db77e3c6bc03c538495d7b2b8be9b66\"},\"headline\":\"Incendios en Corrientes: ya son m\u00e1s de 500 mil las hect\u00e1reas afectadas\",\"datePublished\":\"2022-02-15T11:26:33+00:00\",\"mainEntityOfPage\":{\"@id\":\"https:\\\/\\\/cvinoticias.com\\\/v3\\\/incendios-en-corrientes-ya-son-mas-de-500-mil-las-hectareas-afectadas\\\/\"},\"wordCount\":441,\"commentCount\":0,\"publisher\":{\"@id\":\"https:\\\/\\\/cvinoticias.com\\\/v3\\\/#organization\"},\"image\":{\"@id\":\"https:\\\/\\\/cvinoticias.com\\\/v3\\\/incendios-en-corrientes-ya-son-mas-de-500-mil-las-hectareas-afectadas\\\/#primaryimage\"},\"thumbnailUrl\":\"https:\\\/\\\/cvinoticias.com\\\/wp-content\\\/uploads\\\/2022\\\/02\\\/61e94e482ef7d_900.jpg\",\"articleSection\":[\"Informaci\u00f3n General\"],\"inLanguage\":\"es\",\"potentialAction\":[{\"@type\":\"CommentAction\",\"name\":\"Comment\",\"target\":[\"https:\\\/\\\/cvinoticias.com\\\/v3\\\/incendios-en-corrientes-ya-son-mas-de-500-mil-las-hectareas-afectadas\\\/#respond\"]}]},{\"@type\":\"WebPage\",\"@id\":\"https:\\\/\\\/cvinoticias.com\\\/v3\\\/incendios-en-corrientes-ya-son-mas-de-500-mil-las-hectareas-afectadas\\\/\",\"url\":\"https:\\\/\\\/cvinoticias.com\\\/v3\\\/incendios-en-corrientes-ya-son-mas-de-500-mil-las-hectareas-afectadas\\\/\",\"name\":\"Incendios en Corrientes: ya son m\u00e1s de 500 mil las hect\u00e1reas afectadas | CVI NOTICIAS\",\"isPartOf\":{\"@id\":\"https:\\\/\\\/cvinoticias.com\\\/v3\\\/#website\"},\"primaryImageOfPage\":{\"@id\":\"https:\\\/\\\/cvinoticias.com\\\/v3\\\/incendios-en-corrientes-ya-son-mas-de-500-mil-las-hectareas-afectadas\\\/#primaryimage\"},\"image\":{\"@id\":\"https:\\\/\\\/cvinoticias.com\\\/v3\\\/incendios-en-corrientes-ya-son-mas-de-500-mil-las-hectareas-afectadas\\\/#primaryimage\"},\"thumbnailUrl\":\"https:\\\/\\\/cvinoticias.com\\\/wp-content\\\/uploads\\\/2022\\\/02\\\/61e94e482ef7d_900.jpg\",\"datePublished\":\"2022-02-15T11:26:33+00:00\",\"breadcrumb\":{\"@id\":\"https:\\\/\\\/cvinoticias.com\\\/v3\\\/incendios-en-corrientes-ya-son-mas-de-500-mil-las-hectareas-afectadas\\\/#breadcrumb\"},\"inLanguage\":\"es\",\"potentialAction\":[{\"@type\":\"ReadAction\",\"target\":[\"https:\\\/\\\/cvinoticias.com\\\/v3\\\/incendios-en-corrientes-ya-son-mas-de-500-mil-las-hectareas-afectadas\\\/\"]}]},{\"@type\":\"ImageObject\",\"inLanguage\":\"es\",\"@id\":\"https:\\\/\\\/cvinoticias.com\\\/v3\\\/incendios-en-corrientes-ya-son-mas-de-500-mil-las-hectareas-afectadas\\\/#primaryimage\",\"url\":\"https:\\\/\\\/cvinoticias.com\\\/wp-content\\\/uploads\\\/2022\\\/02\\\/61e94e482ef7d_900.jpg\",\"contentUrl\":\"https:\\\/\\\/cvinoticias.com\\\/wp-content\\\/uploads\\\/2022\\\/02\\\/61e94e482ef7d_900.jpg\",\"width\":1068,\"height\":600},{\"@type\":\"BreadcrumbList\",\"@id\":\"https:\\\/\\\/cvinoticias.com\\\/v3\\\/incendios-en-corrientes-ya-son-mas-de-500-mil-las-hectareas-afectadas\\\/#breadcrumb\",\"itemListElement\":[{\"@type\":\"ListItem\",\"position\":1,\"name\":\"Portada\",\"item\":\"https:\\\/\\\/cvinoticias.com\\\/v3\\\/\"},{\"@type\":\"ListItem\",\"position\":2,\"name\":\"Incendios en Corrientes: ya son m\u00e1s de 500 mil las hect\u00e1reas afectadas\"}]},{\"@type\":\"WebSite\",\"@id\":\"https:\\\/\\\/cvinoticias.com\\\/v3\\\/#website\",\"url\":\"https:\\\/\\\/cvinoticias.com\\\/v3\\\/\",\"name\":\"CVI NOTICIAS\",\"description\":\"\",\"publisher\":{\"@id\":\"https:\\\/\\\/cvinoticias.com\\\/v3\\\/#organization\"},\"alternateName\":\"CVI\",\"potentialAction\":[{\"@type\":\"SearchAction\",\"target\":{\"@type\":\"EntryPoint\",\"urlTemplate\":\"https:\\\/\\\/cvinoticias.com\\\/v3\\\/?s={search_term_string}\"},\"query-input\":{\"@type\":\"PropertyValueSpecification\",\"valueRequired\":true,\"valueName\":\"search_term_string\"}}],\"inLanguage\":\"es\"},{\"@type\":\"Organization\",\"@id\":\"https:\\\/\\\/cvinoticias.com\\\/v3\\\/#organization\",\"name\":\"CVI NOTICIAS\",\"url\":\"https:\\\/\\\/cvinoticias.com\\\/v3\\\/\",\"logo\":{\"@type\":\"ImageObject\",\"inLanguage\":\"es\",\"@id\":\"https:\\\/\\\/cvinoticias.com\\\/v3\\\/#\\\/schema\\\/logo\\\/image\\\/\",\"url\":\"https:\\\/\\\/cvinoticias.com\\\/wp-content\\\/uploads\\\/2023\\\/04\\\/cropped-cropped-cropped-cropped-cropped-3-1.png\",\"contentUrl\":\"https:\\\/\\\/cvinoticias.com\\\/wp-content\\\/uploads\\\/2023\\\/04\\\/cropped-cropped-cropped-cropped-cropped-3-1.png\",\"width\":95,\"height\":122,\"caption\":\"CVI NOTICIAS\"},\"image\":{\"@id\":\"https:\\\/\\\/cvinoticias.com\\\/v3\\\/#\\\/schema\\\/logo\\\/image\\\/\"},\"sameAs\":[\"https:\\\/\\\/www.facebook.com\\\/cvinoticias\",\"https:\\\/\\\/www.instagram.com\\\/cvinoticias\\\/\",\"https:\\\/\\\/www.youtube.com\\\/@CVINOTICIAS\"]},{\"@type\":\"Person\",\"@id\":\"https:\\\/\\\/cvinoticias.com\\\/v3\\\/#\\\/schema\\\/person\\\/2db77e3c6bc03c538495d7b2b8be9b66\",\"name\":\"f1000024\",\"image\":{\"@type\":\"ImageObject\",\"inLanguage\":\"es\",\"@id\":\"https:\\\/\\\/secure.gravatar.com\\\/avatar\\\/d4fe7459cfc51ff5129ce1a732bbef5928568b8092d412ef95611616376bbeed?s=96&d=mm&r=g\",\"url\":\"https:\\\/\\\/secure.gravatar.com\\\/avatar\\\/d4fe7459cfc51ff5129ce1a732bbef5928568b8092d412ef95611616376bbeed?s=96&d=mm&r=g\",\"contentUrl\":\"https:\\\/\\\/secure.gravatar.com\\\/avatar\\\/d4fe7459cfc51ff5129ce1a732bbef5928568b8092d412ef95611616376bbeed?s=96&d=mm&r=g\",\"caption\":\"f1000024\"},\"url\":\"https:\\\/\\\/cvinoticias.com\\\/v3\\\/author\\\/f1000024\\\/\"}]}<\/script>\n<!-- \/ Yoast SEO plugin. -->","yoast_head_json":{"title":"Incendios en Corrientes: ya son m\u00e1s de 500 mil las hect\u00e1reas afectadas | CVI NOTICIAS","robots":{"index":"index","follow":"follow","max-snippet":"max-snippet:-1","max-image-preview":"max-image-preview:large","max-video-preview":"max-video-preview:-1"},"canonical":"https:\/\/cvinoticias.com\/v3\/incendios-en-corrientes-ya-son-mas-de-500-mil-las-hectareas-afectadas\/","og_locale":"es_ES","og_type":"article","og_title":"Incendios en Corrientes: ya son m\u00e1s de 500 mil las hect\u00e1reas afectadas | CVI NOTICIAS","og_description":"En Corrientes, los incendios avanzan sobre la provincia, arrasando con todo a su paso. Hasta el momento son m\u00e1s de 516 mil hect\u00e1reas, una superficie que equivale a casi 10 veces la Ciudad de C\u00f3rdoba. Seg\u00fan un informe del INTA, desde enero se queman 20.000 hect\u00e1reas por d\u00eda y alertan que de no revertirse las [&hellip;]","og_url":"https:\/\/cvinoticias.com\/v3\/incendios-en-corrientes-ya-son-mas-de-500-mil-las-hectareas-afectadas\/","og_site_name":"CVI NOTICIAS","article_publisher":"https:\/\/www.facebook.com\/cvinoticias","article_published_time":"2022-02-15T11:26:33+00:00","og_image":[{"width":1068,"height":600,"url":"https:\/\/cvinoticias.com\/wp-content\/uploads\/2022\/02\/61e94e482ef7d_900.jpg","type":"image\/jpeg"}],"author":"f1000024","twitter_card":"summary_large_image","twitter_misc":{"Escrito por":"f1000024","Tiempo de lectura":"2 minutos"},"schema":{"@context":"https:\/\/schema.org","@graph":[{"@type":"Article","@id":"https:\/\/cvinoticias.com\/v3\/incendios-en-corrientes-ya-son-mas-de-500-mil-las-hectareas-afectadas\/#article","isPartOf":{"@id":"https:\/\/cvinoticias.com\/v3\/incendios-en-corrientes-ya-son-mas-de-500-mil-las-hectareas-afectadas\/"},"author":{"name":"f1000024","@id":"https:\/\/cvinoticias.com\/v3\/#\/schema\/person\/2db77e3c6bc03c538495d7b2b8be9b66"},"headline":"Incendios en Corrientes: ya son m\u00e1s de 500 mil las hect\u00e1reas afectadas","datePublished":"2022-02-15T11:26:33+00:00","mainEntityOfPage":{"@id":"https:\/\/cvinoticias.com\/v3\/incendios-en-corrientes-ya-son-mas-de-500-mil-las-hectareas-afectadas\/"},"wordCount":441,"commentCount":0,"publisher":{"@id":"https:\/\/cvinoticias.com\/v3\/#organization"},"image":{"@id":"https:\/\/cvinoticias.com\/v3\/incendios-en-corrientes-ya-son-mas-de-500-mil-las-hectareas-afectadas\/#primaryimage"},"thumbnailUrl":"https:\/\/cvinoticias.com\/wp-content\/uploads\/2022\/02\/61e94e482ef7d_900.jpg","articleSection":["Informaci\u00f3n General"],"inLanguage":"es","potentialAction":[{"@type":"CommentAction","name":"Comment","target":["https:\/\/cvinoticias.com\/v3\/incendios-en-corrientes-ya-son-mas-de-500-mil-las-hectareas-afectadas\/#respond"]}]},{"@type":"WebPage","@id":"https:\/\/cvinoticias.com\/v3\/incendios-en-corrientes-ya-son-mas-de-500-mil-las-hectareas-afectadas\/","url":"https:\/\/cvinoticias.com\/v3\/incendios-en-corrientes-ya-son-mas-de-500-mil-las-hectareas-afectadas\/","name":"Incendios en Corrientes: ya son m\u00e1s de 500 mil las hect\u00e1reas afectadas | CVI NOTICIAS","isPartOf":{"@id":"https:\/\/cvinoticias.com\/v3\/#website"},"primaryImageOfPage":{"@id":"https:\/\/cvinoticias.com\/v3\/incendios-en-corrientes-ya-son-mas-de-500-mil-las-hectareas-afectadas\/#primaryimage"},"image":{"@id":"https:\/\/cvinoticias.com\/v3\/incendios-en-corrientes-ya-son-mas-de-500-mil-las-hectareas-afectadas\/#primaryimage"},"thumbnailUrl":"https:\/\/cvinoticias.com\/wp-content\/uploads\/2022\/02\/61e94e482ef7d_900.jpg","datePublished":"2022-02-15T11:26:33+00:00","breadcrumb":{"@id":"https:\/\/cvinoticias.com\/v3\/incendios-en-corrientes-ya-son-mas-de-500-mil-las-hectareas-afectadas\/#breadcrumb"},"inLanguage":"es","potentialAction":[{"@type":"ReadAction","target":["https:\/\/cvinoticias.com\/v3\/incendios-en-corrientes-ya-son-mas-de-500-mil-las-hectareas-afectadas\/"]}]},{"@type":"ImageObject","inLanguage":"es","@id":"https:\/\/cvinoticias.com\/v3\/incendios-en-corrientes-ya-son-mas-de-500-mil-las-hectareas-afectadas\/#primaryimage","url":"https:\/\/cvinoticias.com\/wp-content\/uploads\/2022\/02\/61e94e482ef7d_900.jpg","contentUrl":"https:\/\/cvinoticias.com\/wp-content\/uploads\/2022\/02\/61e94e482ef7d_900.jpg","width":1068,"height":600},{"@type":"BreadcrumbList","@id":"https:\/\/cvinoticias.com\/v3\/incendios-en-corrientes-ya-son-mas-de-500-mil-las-hectareas-afectadas\/#breadcrumb","itemListElement":[{"@type":"ListItem","position":1,"name":"Portada","item":"https:\/\/cvinoticias.com\/v3\/"},{"@type":"ListItem","position":2,"name":"Incendios en Corrientes: ya son m\u00e1s de 500 mil las hect\u00e1reas afectadas"}]},{"@type":"WebSite","@id":"https:\/\/cvinoticias.com\/v3\/#website","url":"https:\/\/cvinoticias.com\/v3\/","name":"CVI NOTICIAS","description":"","publisher":{"@id":"https:\/\/cvinoticias.com\/v3\/#organization"},"alternateName":"CVI","potentialAction":[{"@type":"SearchAction","target":{"@type":"EntryPoint","urlTemplate":"https:\/\/cvinoticias.com\/v3\/?s={search_term_string}"},"query-input":{"@type":"PropertyValueSpecification","valueRequired":true,"valueName":"search_term_string"}}],"inLanguage":"es"},{"@type":"Organization","@id":"https:\/\/cvinoticias.com\/v3\/#organization","name":"CVI NOTICIAS","url":"https:\/\/cvinoticias.com\/v3\/","logo":{"@type":"ImageObject","inLanguage":"es","@id":"https:\/\/cvinoticias.com\/v3\/#\/schema\/logo\/image\/","url":"https:\/\/cvinoticias.com\/wp-content\/uploads\/2023\/04\/cropped-cropped-cropped-cropped-cropped-3-1.png","contentUrl":"https:\/\/cvinoticias.com\/wp-content\/uploads\/2023\/04\/cropped-cropped-cropped-cropped-cropped-3-1.png","width":95,"height":122,"caption":"CVI NOTICIAS"},"image":{"@id":"https:\/\/cvinoticias.com\/v3\/#\/schema\/logo\/image\/"},"sameAs":["https:\/\/www.facebook.com\/cvinoticias","https:\/\/www.instagram.com\/cvinoticias\/","https:\/\/www.youtube.com\/@CVINOTICIAS"]},{"@type":"Person","@id":"https:\/\/cvinoticias.com\/v3\/#\/schema\/person\/2db77e3c6bc03c538495d7b2b8be9b66","name":"f1000024","image":{"@type":"ImageObject","inLanguage":"es","@id":"https:\/\/secure.gravatar.com\/avatar\/d4fe7459cfc51ff5129ce1a732bbef5928568b8092d412ef95611616376bbeed?s=96&d=mm&r=g","url":"https:\/\/secure.gravatar.com\/avatar\/d4fe7459cfc51ff5129ce1a732bbef5928568b8092d412ef95611616376bbeed?s=96&d=mm&r=g","contentUrl":"https:\/\/secure.gravatar.com\/avatar\/d4fe7459cfc51ff5129ce1a732bbef5928568b8092d412ef95611616376bbeed?s=96&d=mm&r=g","caption":"f1000024"},"url":"https:\/\/cvinoticias.com\/v3\/author\/f1000024\/"}]}},"_links":{"self":[{"href":"https:\/\/cvinoticias.com\/v3\/wp-json\/wp\/v2\/posts\/13217","targetHints":{"allow":["GET"]}}],"collection":[{"href":"https:\/\/cvinoticias.com\/v3\/wp-json\/wp\/v2\/posts"}],"about":[{"href":"https:\/\/cvinoticias.com\/v3\/wp-json\/wp\/v2\/types\/post"}],"author":[{"embeddable":true,"href":"https:\/\/cvinoticias.com\/v3\/wp-json\/wp\/v2\/users\/2"}],"replies":[{"embeddable":true,"href":"https:\/\/cvinoticias.com\/v3\/wp-json\/wp\/v2\/comments?post=13217"}],"version-history":[{"count":1,"href":"https:\/\/cvinoticias.com\/v3\/wp-json\/wp\/v2\/posts\/13217\/revisions"}],"predecessor-version":[{"id":13219,"href":"https:\/\/cvinoticias.com\/v3\/wp-json\/wp\/v2\/posts\/13217\/revisions\/13219"}],"wp:featuredmedia":[{"embeddable":true,"href":"https:\/\/cvinoticias.com\/v3\/wp-json\/wp\/v2\/media\/13218"}],"wp:attachment":[{"href":"https:\/\/cvinoticias.com\/v3\/wp-json\/wp\/v2\/media?parent=13217"}],"wp:term":[{"taxonomy":"category","embeddable":true,"href":"https:\/\/cvinoticias.com\/v3\/wp-json\/wp\/v2\/categories?post=13217"},{"taxonomy":"post_tag","embeddable":true,"href":"https:\/\/cvinoticias.com\/v3\/wp-json\/wp\/v2\/tags?post=13217"}],"curies":[{"name":"wp","href":"https:\/\/api.w.org\/{rel}","templated":true}]}}