{"id":13209,"date":"2022-02-15T11:10:48","date_gmt":"2022-02-15T11:10:48","guid":{"rendered":"https:\/\/cvinoticias.com\/v3\/?p=13209"},"modified":"2022-02-15T11:10:48","modified_gmt":"2022-02-15T11:10:48","slug":"22-anos-despues-recibira-su-titulo-rectificado-de-ingeniera-transgenero","status":"publish","type":"post","link":"https:\/\/cvinoticias.com\/v3\/22-anos-despues-recibira-su-titulo-rectificado-de-ingeniera-transgenero\/","title":{"rendered":"22 a\u00f1os despu\u00e9s, recibir\u00e1 su t\u00edtulo rectificado de ingeniera transg\u00e9nero"},"content":{"rendered":"\n<p><strong><em>Valkiria Zarattin se gradu\u00f3 con segundo mejor promedio en 1990 y, tras transicionar en 2018, solicit\u00f3 los t\u00edtulos que la reconocen con la identidad asumida y que figura en su documento rectificado.<\/em><\/strong><\/p>\n\n\n\n<p>La Universidad Tecnol\u00f3gica Nacional (UTN) Regional La Plata entregar\u00e1 por primera vez los t\u00edtulos con datos rectificados a la ingeniera transg\u00e9nero Valentina Valkiria Zarattin, seg\u00fan establece la Ley de Identidad de G\u00e9nero, inform\u00f3 esa casa de estudios.<\/p>\n\n\n\n<p>La ceremonia se realizar\u00e1 el pr\u00f3ximo viernes en el Sal\u00f3n de Actos de la casa de estudios superiores, donde se espera la participaci\u00f3n de autoridades de los ministerios de Mujeres, G\u00e9nero y Diversidad Naci\u00f3n y de la provincia de Buenos Aires y de representantes de agrupaciones feministas, trans, travesti y de la comunidad tecnol\u00f3gica.<\/p>\n\n\n\n<p>Valkiria Zarattin se gradu\u00f3 con segundo mejor promedio en 1990 y, tras transicionar en 2018, solicit\u00f3 los t\u00edtulos que la reconocen con la identidad asumida y que figura en su documento rectificado.<\/p>\n\n\n\n<p>Ante el pedido, el rectorado de la Universidad Tecnol\u00f3gica Nacional emiti\u00f3 los nuevos t\u00edtulos solicitados por la ingeniera con el nombre correspondiente a su identidad de g\u00e9nero autopercibida.<\/p>\n\n\n\n<p>Dichos tr\u00e1mites se enmarcan en la Ley de Identidad de G\u00e9nero 26.743, sancionada en el 2012, que tiene como objetivo garantizar el libre desarrollo de las personas conforme a su identidad de g\u00e9nero.<\/p>\n\n\n\n<p>Valentina trabaj\u00f3 como ingeniera en empresas privadas como Supercemento y Nordelta, y se desempe\u00f1a en la actualidad en el \u00e1rea de inspecciones de Agua y Saneamientos Argentinos (AySA).<\/p>\n\n\n\n<p>Desde la nueva gesti\u00f3n de la Regional La Plata, encabezada por el ingeniero Luis Ricci, manifestaron \u00abel gran orgullo de recibir, despu\u00e9s de m\u00e1s de tres d\u00e9cadas, a una destacada egresada de la casa y m\u00e1s a\u00fan, de ser parte de este hecho que sienta un precedente y permite que m\u00e1s personas gocen plenamente de sus derechos\u00bb.<\/p>\n\n\n\n<p>Fuente: T\u00e9lam<\/p>\n","protected":false},"excerpt":{"rendered":"<p>Valkiria Zarattin se gradu\u00f3 con segundo mejor promedio en 1990 y, tras transicionar en 2018, solicit\u00f3 los t\u00edtulos que la reconocen con la identidad asumida y que figura en su documento rectificado. La Universidad Tecnol\u00f3gica Nacional (UTN) Regional La Plata entregar\u00e1 por primera vez los t\u00edtulos con datos rectificados a la ingeniera transg\u00e9nero Valentina Valkiria [&hellip;]<\/p>\n","protected":false},"author":2,"featured_media":13210,"comment_status":"open","ping_status":"open","sticky":false,"template":"","format":"standard","meta":{"footnotes":""},"categories":[47],"tags":[],"class_list":["post-13209","post","type-post","status-publish","format-standard","has-post-thumbnail","hentry","category-sociedad"],"yoast_head":"<!-- This site is optimized with the Yoast SEO plugin v27.5 - https:\/\/yoast.com\/product\/yoast-seo-wordpress\/ -->\n<title>22 a\u00f1os despu\u00e9s, recibir\u00e1 su t\u00edtulo rectificado de ingeniera transg\u00e9nero | CVI NOTICIAS<\/title>\n<meta name=\"robots\" content=\"index, follow, max-snippet:-1, max-image-preview:large, max-video-preview:-1\" \/>\n<link rel=\"canonical\" href=\"https:\/\/cvinoticias.com\/v3\/22-anos-despues-recibira-su-titulo-rectificado-de-ingeniera-transgenero\/\" \/>\n<meta property=\"og:locale\" content=\"es_ES\" \/>\n<meta property=\"og:type\" content=\"article\" \/>\n<meta property=\"og:title\" content=\"22 a\u00f1os despu\u00e9s, recibir\u00e1 su t\u00edtulo rectificado de ingeniera transg\u00e9nero | CVI NOTICIAS\" \/>\n<meta property=\"og:description\" content=\"Valkiria Zarattin se gradu\u00f3 con segundo mejor promedio en 1990 y, tras transicionar en 2018, solicit\u00f3 los t\u00edtulos que la reconocen con la identidad asumida y que figura en su documento rectificado. La Universidad Tecnol\u00f3gica Nacional (UTN) Regional La Plata entregar\u00e1 por primera vez los t\u00edtulos con datos rectificados a la ingeniera transg\u00e9nero Valentina Valkiria [&hellip;]\" \/>\n<meta property=\"og:url\" content=\"https:\/\/cvinoticias.com\/v3\/22-anos-despues-recibira-su-titulo-rectificado-de-ingeniera-transgenero\/\" \/>\n<meta property=\"og:site_name\" content=\"CVI NOTICIAS\" \/>\n<meta property=\"article:publisher\" content=\"https:\/\/www.facebook.com\/cvinoticias\" \/>\n<meta property=\"article:published_time\" content=\"2022-02-15T11:10:48+00:00\" \/>\n<meta property=\"og:image\" content=\"https:\/\/cvinoticias.com\/wp-content\/uploads\/2022\/02\/Screenshot_20220215-080855_Gallery.jpg\" \/>\n\t<meta property=\"og:image:width\" content=\"1080\" \/>\n\t<meta property=\"og:image:height\" content=\"606\" \/>\n\t<meta property=\"og:image:type\" content=\"image\/jpeg\" \/>\n<meta name=\"author\" content=\"f1000024\" \/>\n<meta name=\"twitter:card\" content=\"summary_large_image\" \/>\n<meta name=\"twitter:label1\" content=\"Escrito por\" \/>\n\t<meta name=\"twitter:data1\" content=\"f1000024\" \/>\n\t<meta name=\"twitter:label2\" content=\"Tiempo de lectura\" \/>\n\t<meta name=\"twitter:data2\" content=\"2 minutos\" \/>\n<script type=\"application\/ld+json\" class=\"yoast-schema-graph\">{\"@context\":\"https:\\\/\\\/schema.org\",\"@graph\":[{\"@type\":\"Article\",\"@id\":\"https:\\\/\\\/cvinoticias.com\\\/v3\\\/22-anos-despues-recibira-su-titulo-rectificado-de-ingeniera-transgenero\\\/#article\",\"isPartOf\":{\"@id\":\"https:\\\/\\\/cvinoticias.com\\\/v3\\\/22-anos-despues-recibira-su-titulo-rectificado-de-ingeniera-transgenero\\\/\"},\"author\":{\"name\":\"f1000024\",\"@id\":\"https:\\\/\\\/cvinoticias.com\\\/v3\\\/#\\\/schema\\\/person\\\/2db77e3c6bc03c538495d7b2b8be9b66\"},\"headline\":\"22 a\u00f1os despu\u00e9s, recibir\u00e1 su t\u00edtulo rectificado de ingeniera transg\u00e9nero\",\"datePublished\":\"2022-02-15T11:10:48+00:00\",\"mainEntityOfPage\":{\"@id\":\"https:\\\/\\\/cvinoticias.com\\\/v3\\\/22-anos-despues-recibira-su-titulo-rectificado-de-ingeniera-transgenero\\\/\"},\"wordCount\":338,\"commentCount\":0,\"publisher\":{\"@id\":\"https:\\\/\\\/cvinoticias.com\\\/v3\\\/#organization\"},\"image\":{\"@id\":\"https:\\\/\\\/cvinoticias.com\\\/v3\\\/22-anos-despues-recibira-su-titulo-rectificado-de-ingeniera-transgenero\\\/#primaryimage\"},\"thumbnailUrl\":\"https:\\\/\\\/cvinoticias.com\\\/wp-content\\\/uploads\\\/2022\\\/02\\\/Screenshot_20220215-080855_Gallery.jpg\",\"articleSection\":[\"Sociedad\"],\"inLanguage\":\"es\",\"potentialAction\":[{\"@type\":\"CommentAction\",\"name\":\"Comment\",\"target\":[\"https:\\\/\\\/cvinoticias.com\\\/v3\\\/22-anos-despues-recibira-su-titulo-rectificado-de-ingeniera-transgenero\\\/#respond\"]}]},{\"@type\":\"WebPage\",\"@id\":\"https:\\\/\\\/cvinoticias.com\\\/v3\\\/22-anos-despues-recibira-su-titulo-rectificado-de-ingeniera-transgenero\\\/\",\"url\":\"https:\\\/\\\/cvinoticias.com\\\/v3\\\/22-anos-despues-recibira-su-titulo-rectificado-de-ingeniera-transgenero\\\/\",\"name\":\"22 a\u00f1os despu\u00e9s, recibir\u00e1 su t\u00edtulo rectificado de ingeniera transg\u00e9nero | CVI NOTICIAS\",\"isPartOf\":{\"@id\":\"https:\\\/\\\/cvinoticias.com\\\/v3\\\/#website\"},\"primaryImageOfPage\":{\"@id\":\"https:\\\/\\\/cvinoticias.com\\\/v3\\\/22-anos-despues-recibira-su-titulo-rectificado-de-ingeniera-transgenero\\\/#primaryimage\"},\"image\":{\"@id\":\"https:\\\/\\\/cvinoticias.com\\\/v3\\\/22-anos-despues-recibira-su-titulo-rectificado-de-ingeniera-transgenero\\\/#primaryimage\"},\"thumbnailUrl\":\"https:\\\/\\\/cvinoticias.com\\\/wp-content\\\/uploads\\\/2022\\\/02\\\/Screenshot_20220215-080855_Gallery.jpg\",\"datePublished\":\"2022-02-15T11:10:48+00:00\",\"breadcrumb\":{\"@id\":\"https:\\\/\\\/cvinoticias.com\\\/v3\\\/22-anos-despues-recibira-su-titulo-rectificado-de-ingeniera-transgenero\\\/#breadcrumb\"},\"inLanguage\":\"es\",\"potentialAction\":[{\"@type\":\"ReadAction\",\"target\":[\"https:\\\/\\\/cvinoticias.com\\\/v3\\\/22-anos-despues-recibira-su-titulo-rectificado-de-ingeniera-transgenero\\\/\"]}]},{\"@type\":\"ImageObject\",\"inLanguage\":\"es\",\"@id\":\"https:\\\/\\\/cvinoticias.com\\\/v3\\\/22-anos-despues-recibira-su-titulo-rectificado-de-ingeniera-transgenero\\\/#primaryimage\",\"url\":\"https:\\\/\\\/cvinoticias.com\\\/wp-content\\\/uploads\\\/2022\\\/02\\\/Screenshot_20220215-080855_Gallery.jpg\",\"contentUrl\":\"https:\\\/\\\/cvinoticias.com\\\/wp-content\\\/uploads\\\/2022\\\/02\\\/Screenshot_20220215-080855_Gallery.jpg\",\"width\":1080,\"height\":606},{\"@type\":\"BreadcrumbList\",\"@id\":\"https:\\\/\\\/cvinoticias.com\\\/v3\\\/22-anos-despues-recibira-su-titulo-rectificado-de-ingeniera-transgenero\\\/#breadcrumb\",\"itemListElement\":[{\"@type\":\"ListItem\",\"position\":1,\"name\":\"Portada\",\"item\":\"https:\\\/\\\/cvinoticias.com\\\/v3\\\/\"},{\"@type\":\"ListItem\",\"position\":2,\"name\":\"22 a\u00f1os despu\u00e9s, recibir\u00e1 su t\u00edtulo rectificado de ingeniera transg\u00e9nero\"}]},{\"@type\":\"WebSite\",\"@id\":\"https:\\\/\\\/cvinoticias.com\\\/v3\\\/#website\",\"url\":\"https:\\\/\\\/cvinoticias.com\\\/v3\\\/\",\"name\":\"CVI NOTICIAS\",\"description\":\"\",\"publisher\":{\"@id\":\"https:\\\/\\\/cvinoticias.com\\\/v3\\\/#organization\"},\"alternateName\":\"CVI\",\"potentialAction\":[{\"@type\":\"SearchAction\",\"target\":{\"@type\":\"EntryPoint\",\"urlTemplate\":\"https:\\\/\\\/cvinoticias.com\\\/v3\\\/?s={search_term_string}\"},\"query-input\":{\"@type\":\"PropertyValueSpecification\",\"valueRequired\":true,\"valueName\":\"search_term_string\"}}],\"inLanguage\":\"es\"},{\"@type\":\"Organization\",\"@id\":\"https:\\\/\\\/cvinoticias.com\\\/v3\\\/#organization\",\"name\":\"CVI NOTICIAS\",\"url\":\"https:\\\/\\\/cvinoticias.com\\\/v3\\\/\",\"logo\":{\"@type\":\"ImageObject\",\"inLanguage\":\"es\",\"@id\":\"https:\\\/\\\/cvinoticias.com\\\/v3\\\/#\\\/schema\\\/logo\\\/image\\\/\",\"url\":\"https:\\\/\\\/cvinoticias.com\\\/wp-content\\\/uploads\\\/2023\\\/04\\\/cropped-cropped-cropped-cropped-cropped-3-1.png\",\"contentUrl\":\"https:\\\/\\\/cvinoticias.com\\\/wp-content\\\/uploads\\\/2023\\\/04\\\/cropped-cropped-cropped-cropped-cropped-3-1.png\",\"width\":95,\"height\":122,\"caption\":\"CVI NOTICIAS\"},\"image\":{\"@id\":\"https:\\\/\\\/cvinoticias.com\\\/v3\\\/#\\\/schema\\\/logo\\\/image\\\/\"},\"sameAs\":[\"https:\\\/\\\/www.facebook.com\\\/cvinoticias\",\"https:\\\/\\\/www.instagram.com\\\/cvinoticias\\\/\",\"https:\\\/\\\/www.youtube.com\\\/@CVINOTICIAS\"]},{\"@type\":\"Person\",\"@id\":\"https:\\\/\\\/cvinoticias.com\\\/v3\\\/#\\\/schema\\\/person\\\/2db77e3c6bc03c538495d7b2b8be9b66\",\"name\":\"f1000024\",\"image\":{\"@type\":\"ImageObject\",\"inLanguage\":\"es\",\"@id\":\"https:\\\/\\\/secure.gravatar.com\\\/avatar\\\/d4fe7459cfc51ff5129ce1a732bbef5928568b8092d412ef95611616376bbeed?s=96&d=mm&r=g\",\"url\":\"https:\\\/\\\/secure.gravatar.com\\\/avatar\\\/d4fe7459cfc51ff5129ce1a732bbef5928568b8092d412ef95611616376bbeed?s=96&d=mm&r=g\",\"contentUrl\":\"https:\\\/\\\/secure.gravatar.com\\\/avatar\\\/d4fe7459cfc51ff5129ce1a732bbef5928568b8092d412ef95611616376bbeed?s=96&d=mm&r=g\",\"caption\":\"f1000024\"},\"url\":\"https:\\\/\\\/cvinoticias.com\\\/v3\\\/author\\\/f1000024\\\/\"}]}<\/script>\n<!-- \/ Yoast SEO plugin. -->","yoast_head_json":{"title":"22 a\u00f1os despu\u00e9s, recibir\u00e1 su t\u00edtulo rectificado de ingeniera transg\u00e9nero | CVI NOTICIAS","robots":{"index":"index","follow":"follow","max-snippet":"max-snippet:-1","max-image-preview":"max-image-preview:large","max-video-preview":"max-video-preview:-1"},"canonical":"https:\/\/cvinoticias.com\/v3\/22-anos-despues-recibira-su-titulo-rectificado-de-ingeniera-transgenero\/","og_locale":"es_ES","og_type":"article","og_title":"22 a\u00f1os despu\u00e9s, recibir\u00e1 su t\u00edtulo rectificado de ingeniera transg\u00e9nero | CVI NOTICIAS","og_description":"Valkiria Zarattin se gradu\u00f3 con segundo mejor promedio en 1990 y, tras transicionar en 2018, solicit\u00f3 los t\u00edtulos que la reconocen con la identidad asumida y que figura en su documento rectificado. La Universidad Tecnol\u00f3gica Nacional (UTN) Regional La Plata entregar\u00e1 por primera vez los t\u00edtulos con datos rectificados a la ingeniera transg\u00e9nero Valentina Valkiria [&hellip;]","og_url":"https:\/\/cvinoticias.com\/v3\/22-anos-despues-recibira-su-titulo-rectificado-de-ingeniera-transgenero\/","og_site_name":"CVI NOTICIAS","article_publisher":"https:\/\/www.facebook.com\/cvinoticias","article_published_time":"2022-02-15T11:10:48+00:00","og_image":[{"width":1080,"height":606,"url":"https:\/\/cvinoticias.com\/wp-content\/uploads\/2022\/02\/Screenshot_20220215-080855_Gallery.jpg","type":"image\/jpeg"}],"author":"f1000024","twitter_card":"summary_large_image","twitter_misc":{"Escrito por":"f1000024","Tiempo de lectura":"2 minutos"},"schema":{"@context":"https:\/\/schema.org","@graph":[{"@type":"Article","@id":"https:\/\/cvinoticias.com\/v3\/22-anos-despues-recibira-su-titulo-rectificado-de-ingeniera-transgenero\/#article","isPartOf":{"@id":"https:\/\/cvinoticias.com\/v3\/22-anos-despues-recibira-su-titulo-rectificado-de-ingeniera-transgenero\/"},"author":{"name":"f1000024","@id":"https:\/\/cvinoticias.com\/v3\/#\/schema\/person\/2db77e3c6bc03c538495d7b2b8be9b66"},"headline":"22 a\u00f1os despu\u00e9s, recibir\u00e1 su t\u00edtulo rectificado de ingeniera transg\u00e9nero","datePublished":"2022-02-15T11:10:48+00:00","mainEntityOfPage":{"@id":"https:\/\/cvinoticias.com\/v3\/22-anos-despues-recibira-su-titulo-rectificado-de-ingeniera-transgenero\/"},"wordCount":338,"commentCount":0,"publisher":{"@id":"https:\/\/cvinoticias.com\/v3\/#organization"},"image":{"@id":"https:\/\/cvinoticias.com\/v3\/22-anos-despues-recibira-su-titulo-rectificado-de-ingeniera-transgenero\/#primaryimage"},"thumbnailUrl":"https:\/\/cvinoticias.com\/wp-content\/uploads\/2022\/02\/Screenshot_20220215-080855_Gallery.jpg","articleSection":["Sociedad"],"inLanguage":"es","potentialAction":[{"@type":"CommentAction","name":"Comment","target":["https:\/\/cvinoticias.com\/v3\/22-anos-despues-recibira-su-titulo-rectificado-de-ingeniera-transgenero\/#respond"]}]},{"@type":"WebPage","@id":"https:\/\/cvinoticias.com\/v3\/22-anos-despues-recibira-su-titulo-rectificado-de-ingeniera-transgenero\/","url":"https:\/\/cvinoticias.com\/v3\/22-anos-despues-recibira-su-titulo-rectificado-de-ingeniera-transgenero\/","name":"22 a\u00f1os despu\u00e9s, recibir\u00e1 su t\u00edtulo rectificado de ingeniera transg\u00e9nero | CVI NOTICIAS","isPartOf":{"@id":"https:\/\/cvinoticias.com\/v3\/#website"},"primaryImageOfPage":{"@id":"https:\/\/cvinoticias.com\/v3\/22-anos-despues-recibira-su-titulo-rectificado-de-ingeniera-transgenero\/#primaryimage"},"image":{"@id":"https:\/\/cvinoticias.com\/v3\/22-anos-despues-recibira-su-titulo-rectificado-de-ingeniera-transgenero\/#primaryimage"},"thumbnailUrl":"https:\/\/cvinoticias.com\/wp-content\/uploads\/2022\/02\/Screenshot_20220215-080855_Gallery.jpg","datePublished":"2022-02-15T11:10:48+00:00","breadcrumb":{"@id":"https:\/\/cvinoticias.com\/v3\/22-anos-despues-recibira-su-titulo-rectificado-de-ingeniera-transgenero\/#breadcrumb"},"inLanguage":"es","potentialAction":[{"@type":"ReadAction","target":["https:\/\/cvinoticias.com\/v3\/22-anos-despues-recibira-su-titulo-rectificado-de-ingeniera-transgenero\/"]}]},{"@type":"ImageObject","inLanguage":"es","@id":"https:\/\/cvinoticias.com\/v3\/22-anos-despues-recibira-su-titulo-rectificado-de-ingeniera-transgenero\/#primaryimage","url":"https:\/\/cvinoticias.com\/wp-content\/uploads\/2022\/02\/Screenshot_20220215-080855_Gallery.jpg","contentUrl":"https:\/\/cvinoticias.com\/wp-content\/uploads\/2022\/02\/Screenshot_20220215-080855_Gallery.jpg","width":1080,"height":606},{"@type":"BreadcrumbList","@id":"https:\/\/cvinoticias.com\/v3\/22-anos-despues-recibira-su-titulo-rectificado-de-ingeniera-transgenero\/#breadcrumb","itemListElement":[{"@type":"ListItem","position":1,"name":"Portada","item":"https:\/\/cvinoticias.com\/v3\/"},{"@type":"ListItem","position":2,"name":"22 a\u00f1os despu\u00e9s, recibir\u00e1 su t\u00edtulo rectificado de ingeniera transg\u00e9nero"}]},{"@type":"WebSite","@id":"https:\/\/cvinoticias.com\/v3\/#website","url":"https:\/\/cvinoticias.com\/v3\/","name":"CVI NOTICIAS","description":"","publisher":{"@id":"https:\/\/cvinoticias.com\/v3\/#organization"},"alternateName":"CVI","potentialAction":[{"@type":"SearchAction","target":{"@type":"EntryPoint","urlTemplate":"https:\/\/cvinoticias.com\/v3\/?s={search_term_string}"},"query-input":{"@type":"PropertyValueSpecification","valueRequired":true,"valueName":"search_term_string"}}],"inLanguage":"es"},{"@type":"Organization","@id":"https:\/\/cvinoticias.com\/v3\/#organization","name":"CVI NOTICIAS","url":"https:\/\/cvinoticias.com\/v3\/","logo":{"@type":"ImageObject","inLanguage":"es","@id":"https:\/\/cvinoticias.com\/v3\/#\/schema\/logo\/image\/","url":"https:\/\/cvinoticias.com\/wp-content\/uploads\/2023\/04\/cropped-cropped-cropped-cropped-cropped-3-1.png","contentUrl":"https:\/\/cvinoticias.com\/wp-content\/uploads\/2023\/04\/cropped-cropped-cropped-cropped-cropped-3-1.png","width":95,"height":122,"caption":"CVI NOTICIAS"},"image":{"@id":"https:\/\/cvinoticias.com\/v3\/#\/schema\/logo\/image\/"},"sameAs":["https:\/\/www.facebook.com\/cvinoticias","https:\/\/www.instagram.com\/cvinoticias\/","https:\/\/www.youtube.com\/@CVINOTICIAS"]},{"@type":"Person","@id":"https:\/\/cvinoticias.com\/v3\/#\/schema\/person\/2db77e3c6bc03c538495d7b2b8be9b66","name":"f1000024","image":{"@type":"ImageObject","inLanguage":"es","@id":"https:\/\/secure.gravatar.com\/avatar\/d4fe7459cfc51ff5129ce1a732bbef5928568b8092d412ef95611616376bbeed?s=96&d=mm&r=g","url":"https:\/\/secure.gravatar.com\/avatar\/d4fe7459cfc51ff5129ce1a732bbef5928568b8092d412ef95611616376bbeed?s=96&d=mm&r=g","contentUrl":"https:\/\/secure.gravatar.com\/avatar\/d4fe7459cfc51ff5129ce1a732bbef5928568b8092d412ef95611616376bbeed?s=96&d=mm&r=g","caption":"f1000024"},"url":"https:\/\/cvinoticias.com\/v3\/author\/f1000024\/"}]}},"_links":{"self":[{"href":"https:\/\/cvinoticias.com\/v3\/wp-json\/wp\/v2\/posts\/13209","targetHints":{"allow":["GET"]}}],"collection":[{"href":"https:\/\/cvinoticias.com\/v3\/wp-json\/wp\/v2\/posts"}],"about":[{"href":"https:\/\/cvinoticias.com\/v3\/wp-json\/wp\/v2\/types\/post"}],"author":[{"embeddable":true,"href":"https:\/\/cvinoticias.com\/v3\/wp-json\/wp\/v2\/users\/2"}],"replies":[{"embeddable":true,"href":"https:\/\/cvinoticias.com\/v3\/wp-json\/wp\/v2\/comments?post=13209"}],"version-history":[{"count":1,"href":"https:\/\/cvinoticias.com\/v3\/wp-json\/wp\/v2\/posts\/13209\/revisions"}],"predecessor-version":[{"id":13211,"href":"https:\/\/cvinoticias.com\/v3\/wp-json\/wp\/v2\/posts\/13209\/revisions\/13211"}],"wp:featuredmedia":[{"embeddable":true,"href":"https:\/\/cvinoticias.com\/v3\/wp-json\/wp\/v2\/media\/13210"}],"wp:attachment":[{"href":"https:\/\/cvinoticias.com\/v3\/wp-json\/wp\/v2\/media?parent=13209"}],"wp:term":[{"taxonomy":"category","embeddable":true,"href":"https:\/\/cvinoticias.com\/v3\/wp-json\/wp\/v2\/categories?post=13209"},{"taxonomy":"post_tag","embeddable":true,"href":"https:\/\/cvinoticias.com\/v3\/wp-json\/wp\/v2\/tags?post=13209"}],"curies":[{"name":"wp","href":"https:\/\/api.w.org\/{rel}","templated":true}]}}