{"id":13206,"date":"2022-02-15T10:58:45","date_gmt":"2022-02-15T10:58:45","guid":{"rendered":"https:\/\/cvinoticias.com\/v3\/?p=13206"},"modified":"2022-02-15T10:58:45","modified_gmt":"2022-02-15T10:58:45","slug":"autoridades-educativas-y-gremios-docentes-iniciaron-la-mesa-de-dialogo","status":"publish","type":"post","link":"https:\/\/cvinoticias.com\/v3\/autoridades-educativas-y-gremios-docentes-iniciaron-la-mesa-de-dialogo\/","title":{"rendered":"<br>Autoridades educativas y gremios docentes iniciaron la Mesa de Di\u00e1logo"},"content":{"rendered":"\n<p><strong><em>Los ministros de Educaci\u00f3n y Hacienda encabezaron este lunes la convocatoria con algunos de los gremios docentes. Hoy martes ser\u00e1 el turno de aquellos sindicatos no afines al oficialismo misionero.<\/em><\/strong><\/p>\n\n\n\n<p>En la sede del Ministerio de Educaci\u00f3n en Posadas, se inici\u00f3 este lunes las negociaciones paritarias docentes en Misiones. Miguel Sedoff y Adolfo Safr\u00e1n, ministros de Educaci\u00f3n y Hacienda respectivamente, encabezaron la Mesa de di\u00e1logo con algunos de los gremios docentes (UDPM, UDA, AMET, SEMAB-CEA y SADOP), quienes presentaron sus propuesta y manifestaron la necesidad de lograr un incremento salarial cercano al 40%. El Gobierno provincial no oficializ\u00f3 su propuesta todav\u00eda. Luego del debate se pas\u00f3 a un cuarto intermedio.<\/p>\n\n\n\n<p>Hoy martes ser\u00e1 el turno de aquellos sindicatos no afines al oficialismo misionero (UDNAM, MPL, UTEM, ATE-CTA, Tribuna Docente, etc). El viernes pasado realizaron una asamblea en la plazoleta de los Inmigrantes de Ober\u00e1, acordaron solicitar un b\u00e1sico de $31800,77 y teniendo cuenta el costo de la canasta b\u00e1sica, un sueldo m\u00ednimo inicial de $76.125.<\/p>\n\n\n\n<p><\/p>\n","protected":false},"excerpt":{"rendered":"<p>Los ministros de Educaci\u00f3n y Hacienda encabezaron este lunes la convocatoria con algunos de los gremios docentes. Hoy martes ser\u00e1 el turno de aquellos sindicatos no afines al oficialismo misionero. En la sede del Ministerio de Educaci\u00f3n en Posadas, se inici\u00f3 este lunes las negociaciones paritarias docentes en Misiones. Miguel Sedoff y Adolfo Safr\u00e1n, ministros [&hellip;]<\/p>\n","protected":false},"author":2,"featured_media":13207,"comment_status":"open","ping_status":"open","sticky":false,"template":"","format":"standard","meta":{"footnotes":""},"categories":[26],"tags":[],"class_list":["post-13206","post","type-post","status-publish","format-standard","has-post-thumbnail","hentry","category-educacion"],"yoast_head":"<!-- This site is optimized with the Yoast SEO plugin v27.5 - https:\/\/yoast.com\/product\/yoast-seo-wordpress\/ -->\n<title>Autoridades educativas y gremios docentes iniciaron la Mesa de Di\u00e1logo | CVI NOTICIAS<\/title>\n<meta name=\"robots\" content=\"index, follow, max-snippet:-1, max-image-preview:large, max-video-preview:-1\" \/>\n<link rel=\"canonical\" href=\"https:\/\/cvinoticias.com\/v3\/autoridades-educativas-y-gremios-docentes-iniciaron-la-mesa-de-dialogo\/\" \/>\n<meta property=\"og:locale\" content=\"es_ES\" \/>\n<meta property=\"og:type\" content=\"article\" \/>\n<meta property=\"og:title\" content=\"Autoridades educativas y gremios docentes iniciaron la Mesa de Di\u00e1logo | CVI NOTICIAS\" \/>\n<meta property=\"og:description\" content=\"Los ministros de Educaci\u00f3n y Hacienda encabezaron este lunes la convocatoria con algunos de los gremios docentes. Hoy martes ser\u00e1 el turno de aquellos sindicatos no afines al oficialismo misionero. En la sede del Ministerio de Educaci\u00f3n en Posadas, se inici\u00f3 este lunes las negociaciones paritarias docentes en Misiones. Miguel Sedoff y Adolfo Safr\u00e1n, ministros [&hellip;]\" \/>\n<meta property=\"og:url\" content=\"https:\/\/cvinoticias.com\/v3\/autoridades-educativas-y-gremios-docentes-iniciaron-la-mesa-de-dialogo\/\" \/>\n<meta property=\"og:site_name\" content=\"CVI NOTICIAS\" \/>\n<meta property=\"article:publisher\" content=\"https:\/\/www.facebook.com\/cvinoticias\" \/>\n<meta property=\"article:published_time\" content=\"2022-02-15T10:58:45+00:00\" \/>\n<meta property=\"og:image\" content=\"https:\/\/cvinoticias.com\/wp-content\/uploads\/2022\/02\/o_1644875003.jpg\" \/>\n\t<meta property=\"og:image:width\" content=\"1280\" \/>\n\t<meta property=\"og:image:height\" content=\"853\" \/>\n\t<meta property=\"og:image:type\" content=\"image\/jpeg\" \/>\n<meta name=\"author\" content=\"f1000024\" \/>\n<meta name=\"twitter:card\" content=\"summary_large_image\" \/>\n<meta name=\"twitter:label1\" content=\"Escrito por\" \/>\n\t<meta name=\"twitter:data1\" content=\"f1000024\" \/>\n\t<meta name=\"twitter:label2\" content=\"Tiempo de lectura\" \/>\n\t<meta name=\"twitter:data2\" content=\"1 minuto\" \/>\n<script type=\"application\/ld+json\" class=\"yoast-schema-graph\">{\"@context\":\"https:\\\/\\\/schema.org\",\"@graph\":[{\"@type\":\"Article\",\"@id\":\"https:\\\/\\\/cvinoticias.com\\\/v3\\\/autoridades-educativas-y-gremios-docentes-iniciaron-la-mesa-de-dialogo\\\/#article\",\"isPartOf\":{\"@id\":\"https:\\\/\\\/cvinoticias.com\\\/v3\\\/autoridades-educativas-y-gremios-docentes-iniciaron-la-mesa-de-dialogo\\\/\"},\"author\":{\"name\":\"f1000024\",\"@id\":\"https:\\\/\\\/cvinoticias.com\\\/v3\\\/#\\\/schema\\\/person\\\/2db77e3c6bc03c538495d7b2b8be9b66\"},\"headline\":\"Autoridades educativas y gremios docentes iniciaron la Mesa de Di\u00e1logo\",\"datePublished\":\"2022-02-15T10:58:45+00:00\",\"mainEntityOfPage\":{\"@id\":\"https:\\\/\\\/cvinoticias.com\\\/v3\\\/autoridades-educativas-y-gremios-docentes-iniciaron-la-mesa-de-dialogo\\\/\"},\"wordCount\":182,\"commentCount\":0,\"publisher\":{\"@id\":\"https:\\\/\\\/cvinoticias.com\\\/v3\\\/#organization\"},\"image\":{\"@id\":\"https:\\\/\\\/cvinoticias.com\\\/v3\\\/autoridades-educativas-y-gremios-docentes-iniciaron-la-mesa-de-dialogo\\\/#primaryimage\"},\"thumbnailUrl\":\"https:\\\/\\\/cvinoticias.com\\\/wp-content\\\/uploads\\\/2022\\\/02\\\/o_1644875003.jpg\",\"articleSection\":[\"Educacion\"],\"inLanguage\":\"es\",\"potentialAction\":[{\"@type\":\"CommentAction\",\"name\":\"Comment\",\"target\":[\"https:\\\/\\\/cvinoticias.com\\\/v3\\\/autoridades-educativas-y-gremios-docentes-iniciaron-la-mesa-de-dialogo\\\/#respond\"]}]},{\"@type\":\"WebPage\",\"@id\":\"https:\\\/\\\/cvinoticias.com\\\/v3\\\/autoridades-educativas-y-gremios-docentes-iniciaron-la-mesa-de-dialogo\\\/\",\"url\":\"https:\\\/\\\/cvinoticias.com\\\/v3\\\/autoridades-educativas-y-gremios-docentes-iniciaron-la-mesa-de-dialogo\\\/\",\"name\":\"Autoridades educativas y gremios docentes iniciaron la Mesa de Di\u00e1logo | CVI NOTICIAS\",\"isPartOf\":{\"@id\":\"https:\\\/\\\/cvinoticias.com\\\/v3\\\/#website\"},\"primaryImageOfPage\":{\"@id\":\"https:\\\/\\\/cvinoticias.com\\\/v3\\\/autoridades-educativas-y-gremios-docentes-iniciaron-la-mesa-de-dialogo\\\/#primaryimage\"},\"image\":{\"@id\":\"https:\\\/\\\/cvinoticias.com\\\/v3\\\/autoridades-educativas-y-gremios-docentes-iniciaron-la-mesa-de-dialogo\\\/#primaryimage\"},\"thumbnailUrl\":\"https:\\\/\\\/cvinoticias.com\\\/wp-content\\\/uploads\\\/2022\\\/02\\\/o_1644875003.jpg\",\"datePublished\":\"2022-02-15T10:58:45+00:00\",\"breadcrumb\":{\"@id\":\"https:\\\/\\\/cvinoticias.com\\\/v3\\\/autoridades-educativas-y-gremios-docentes-iniciaron-la-mesa-de-dialogo\\\/#breadcrumb\"},\"inLanguage\":\"es\",\"potentialAction\":[{\"@type\":\"ReadAction\",\"target\":[\"https:\\\/\\\/cvinoticias.com\\\/v3\\\/autoridades-educativas-y-gremios-docentes-iniciaron-la-mesa-de-dialogo\\\/\"]}]},{\"@type\":\"ImageObject\",\"inLanguage\":\"es\",\"@id\":\"https:\\\/\\\/cvinoticias.com\\\/v3\\\/autoridades-educativas-y-gremios-docentes-iniciaron-la-mesa-de-dialogo\\\/#primaryimage\",\"url\":\"https:\\\/\\\/cvinoticias.com\\\/wp-content\\\/uploads\\\/2022\\\/02\\\/o_1644875003.jpg\",\"contentUrl\":\"https:\\\/\\\/cvinoticias.com\\\/wp-content\\\/uploads\\\/2022\\\/02\\\/o_1644875003.jpg\",\"width\":1280,\"height\":853},{\"@type\":\"BreadcrumbList\",\"@id\":\"https:\\\/\\\/cvinoticias.com\\\/v3\\\/autoridades-educativas-y-gremios-docentes-iniciaron-la-mesa-de-dialogo\\\/#breadcrumb\",\"itemListElement\":[{\"@type\":\"ListItem\",\"position\":1,\"name\":\"Portada\",\"item\":\"https:\\\/\\\/cvinoticias.com\\\/v3\\\/\"},{\"@type\":\"ListItem\",\"position\":2,\"name\":\"Autoridades educativas y gremios docentes iniciaron la Mesa de Di\u00e1logo\"}]},{\"@type\":\"WebSite\",\"@id\":\"https:\\\/\\\/cvinoticias.com\\\/v3\\\/#website\",\"url\":\"https:\\\/\\\/cvinoticias.com\\\/v3\\\/\",\"name\":\"CVI NOTICIAS\",\"description\":\"\",\"publisher\":{\"@id\":\"https:\\\/\\\/cvinoticias.com\\\/v3\\\/#organization\"},\"alternateName\":\"CVI\",\"potentialAction\":[{\"@type\":\"SearchAction\",\"target\":{\"@type\":\"EntryPoint\",\"urlTemplate\":\"https:\\\/\\\/cvinoticias.com\\\/v3\\\/?s={search_term_string}\"},\"query-input\":{\"@type\":\"PropertyValueSpecification\",\"valueRequired\":true,\"valueName\":\"search_term_string\"}}],\"inLanguage\":\"es\"},{\"@type\":\"Organization\",\"@id\":\"https:\\\/\\\/cvinoticias.com\\\/v3\\\/#organization\",\"name\":\"CVI NOTICIAS\",\"url\":\"https:\\\/\\\/cvinoticias.com\\\/v3\\\/\",\"logo\":{\"@type\":\"ImageObject\",\"inLanguage\":\"es\",\"@id\":\"https:\\\/\\\/cvinoticias.com\\\/v3\\\/#\\\/schema\\\/logo\\\/image\\\/\",\"url\":\"https:\\\/\\\/cvinoticias.com\\\/wp-content\\\/uploads\\\/2023\\\/04\\\/cropped-cropped-cropped-cropped-cropped-3-1.png\",\"contentUrl\":\"https:\\\/\\\/cvinoticias.com\\\/wp-content\\\/uploads\\\/2023\\\/04\\\/cropped-cropped-cropped-cropped-cropped-3-1.png\",\"width\":95,\"height\":122,\"caption\":\"CVI NOTICIAS\"},\"image\":{\"@id\":\"https:\\\/\\\/cvinoticias.com\\\/v3\\\/#\\\/schema\\\/logo\\\/image\\\/\"},\"sameAs\":[\"https:\\\/\\\/www.facebook.com\\\/cvinoticias\",\"https:\\\/\\\/www.instagram.com\\\/cvinoticias\\\/\",\"https:\\\/\\\/www.youtube.com\\\/@CVINOTICIAS\"]},{\"@type\":\"Person\",\"@id\":\"https:\\\/\\\/cvinoticias.com\\\/v3\\\/#\\\/schema\\\/person\\\/2db77e3c6bc03c538495d7b2b8be9b66\",\"name\":\"f1000024\",\"image\":{\"@type\":\"ImageObject\",\"inLanguage\":\"es\",\"@id\":\"https:\\\/\\\/secure.gravatar.com\\\/avatar\\\/d4fe7459cfc51ff5129ce1a732bbef5928568b8092d412ef95611616376bbeed?s=96&d=mm&r=g\",\"url\":\"https:\\\/\\\/secure.gravatar.com\\\/avatar\\\/d4fe7459cfc51ff5129ce1a732bbef5928568b8092d412ef95611616376bbeed?s=96&d=mm&r=g\",\"contentUrl\":\"https:\\\/\\\/secure.gravatar.com\\\/avatar\\\/d4fe7459cfc51ff5129ce1a732bbef5928568b8092d412ef95611616376bbeed?s=96&d=mm&r=g\",\"caption\":\"f1000024\"},\"url\":\"https:\\\/\\\/cvinoticias.com\\\/v3\\\/author\\\/f1000024\\\/\"}]}<\/script>\n<!-- \/ Yoast SEO plugin. -->","yoast_head_json":{"title":"Autoridades educativas y gremios docentes iniciaron la Mesa de Di\u00e1logo | CVI NOTICIAS","robots":{"index":"index","follow":"follow","max-snippet":"max-snippet:-1","max-image-preview":"max-image-preview:large","max-video-preview":"max-video-preview:-1"},"canonical":"https:\/\/cvinoticias.com\/v3\/autoridades-educativas-y-gremios-docentes-iniciaron-la-mesa-de-dialogo\/","og_locale":"es_ES","og_type":"article","og_title":"Autoridades educativas y gremios docentes iniciaron la Mesa de Di\u00e1logo | CVI NOTICIAS","og_description":"Los ministros de Educaci\u00f3n y Hacienda encabezaron este lunes la convocatoria con algunos de los gremios docentes. Hoy martes ser\u00e1 el turno de aquellos sindicatos no afines al oficialismo misionero. En la sede del Ministerio de Educaci\u00f3n en Posadas, se inici\u00f3 este lunes las negociaciones paritarias docentes en Misiones. Miguel Sedoff y Adolfo Safr\u00e1n, ministros [&hellip;]","og_url":"https:\/\/cvinoticias.com\/v3\/autoridades-educativas-y-gremios-docentes-iniciaron-la-mesa-de-dialogo\/","og_site_name":"CVI NOTICIAS","article_publisher":"https:\/\/www.facebook.com\/cvinoticias","article_published_time":"2022-02-15T10:58:45+00:00","og_image":[{"width":1280,"height":853,"url":"https:\/\/cvinoticias.com\/wp-content\/uploads\/2022\/02\/o_1644875003.jpg","type":"image\/jpeg"}],"author":"f1000024","twitter_card":"summary_large_image","twitter_misc":{"Escrito por":"f1000024","Tiempo de lectura":"1 minuto"},"schema":{"@context":"https:\/\/schema.org","@graph":[{"@type":"Article","@id":"https:\/\/cvinoticias.com\/v3\/autoridades-educativas-y-gremios-docentes-iniciaron-la-mesa-de-dialogo\/#article","isPartOf":{"@id":"https:\/\/cvinoticias.com\/v3\/autoridades-educativas-y-gremios-docentes-iniciaron-la-mesa-de-dialogo\/"},"author":{"name":"f1000024","@id":"https:\/\/cvinoticias.com\/v3\/#\/schema\/person\/2db77e3c6bc03c538495d7b2b8be9b66"},"headline":"Autoridades educativas y gremios docentes iniciaron la Mesa de Di\u00e1logo","datePublished":"2022-02-15T10:58:45+00:00","mainEntityOfPage":{"@id":"https:\/\/cvinoticias.com\/v3\/autoridades-educativas-y-gremios-docentes-iniciaron-la-mesa-de-dialogo\/"},"wordCount":182,"commentCount":0,"publisher":{"@id":"https:\/\/cvinoticias.com\/v3\/#organization"},"image":{"@id":"https:\/\/cvinoticias.com\/v3\/autoridades-educativas-y-gremios-docentes-iniciaron-la-mesa-de-dialogo\/#primaryimage"},"thumbnailUrl":"https:\/\/cvinoticias.com\/wp-content\/uploads\/2022\/02\/o_1644875003.jpg","articleSection":["Educacion"],"inLanguage":"es","potentialAction":[{"@type":"CommentAction","name":"Comment","target":["https:\/\/cvinoticias.com\/v3\/autoridades-educativas-y-gremios-docentes-iniciaron-la-mesa-de-dialogo\/#respond"]}]},{"@type":"WebPage","@id":"https:\/\/cvinoticias.com\/v3\/autoridades-educativas-y-gremios-docentes-iniciaron-la-mesa-de-dialogo\/","url":"https:\/\/cvinoticias.com\/v3\/autoridades-educativas-y-gremios-docentes-iniciaron-la-mesa-de-dialogo\/","name":"Autoridades educativas y gremios docentes iniciaron la Mesa de Di\u00e1logo | CVI NOTICIAS","isPartOf":{"@id":"https:\/\/cvinoticias.com\/v3\/#website"},"primaryImageOfPage":{"@id":"https:\/\/cvinoticias.com\/v3\/autoridades-educativas-y-gremios-docentes-iniciaron-la-mesa-de-dialogo\/#primaryimage"},"image":{"@id":"https:\/\/cvinoticias.com\/v3\/autoridades-educativas-y-gremios-docentes-iniciaron-la-mesa-de-dialogo\/#primaryimage"},"thumbnailUrl":"https:\/\/cvinoticias.com\/wp-content\/uploads\/2022\/02\/o_1644875003.jpg","datePublished":"2022-02-15T10:58:45+00:00","breadcrumb":{"@id":"https:\/\/cvinoticias.com\/v3\/autoridades-educativas-y-gremios-docentes-iniciaron-la-mesa-de-dialogo\/#breadcrumb"},"inLanguage":"es","potentialAction":[{"@type":"ReadAction","target":["https:\/\/cvinoticias.com\/v3\/autoridades-educativas-y-gremios-docentes-iniciaron-la-mesa-de-dialogo\/"]}]},{"@type":"ImageObject","inLanguage":"es","@id":"https:\/\/cvinoticias.com\/v3\/autoridades-educativas-y-gremios-docentes-iniciaron-la-mesa-de-dialogo\/#primaryimage","url":"https:\/\/cvinoticias.com\/wp-content\/uploads\/2022\/02\/o_1644875003.jpg","contentUrl":"https:\/\/cvinoticias.com\/wp-content\/uploads\/2022\/02\/o_1644875003.jpg","width":1280,"height":853},{"@type":"BreadcrumbList","@id":"https:\/\/cvinoticias.com\/v3\/autoridades-educativas-y-gremios-docentes-iniciaron-la-mesa-de-dialogo\/#breadcrumb","itemListElement":[{"@type":"ListItem","position":1,"name":"Portada","item":"https:\/\/cvinoticias.com\/v3\/"},{"@type":"ListItem","position":2,"name":"Autoridades educativas y gremios docentes iniciaron la Mesa de Di\u00e1logo"}]},{"@type":"WebSite","@id":"https:\/\/cvinoticias.com\/v3\/#website","url":"https:\/\/cvinoticias.com\/v3\/","name":"CVI NOTICIAS","description":"","publisher":{"@id":"https:\/\/cvinoticias.com\/v3\/#organization"},"alternateName":"CVI","potentialAction":[{"@type":"SearchAction","target":{"@type":"EntryPoint","urlTemplate":"https:\/\/cvinoticias.com\/v3\/?s={search_term_string}"},"query-input":{"@type":"PropertyValueSpecification","valueRequired":true,"valueName":"search_term_string"}}],"inLanguage":"es"},{"@type":"Organization","@id":"https:\/\/cvinoticias.com\/v3\/#organization","name":"CVI NOTICIAS","url":"https:\/\/cvinoticias.com\/v3\/","logo":{"@type":"ImageObject","inLanguage":"es","@id":"https:\/\/cvinoticias.com\/v3\/#\/schema\/logo\/image\/","url":"https:\/\/cvinoticias.com\/wp-content\/uploads\/2023\/04\/cropped-cropped-cropped-cropped-cropped-3-1.png","contentUrl":"https:\/\/cvinoticias.com\/wp-content\/uploads\/2023\/04\/cropped-cropped-cropped-cropped-cropped-3-1.png","width":95,"height":122,"caption":"CVI NOTICIAS"},"image":{"@id":"https:\/\/cvinoticias.com\/v3\/#\/schema\/logo\/image\/"},"sameAs":["https:\/\/www.facebook.com\/cvinoticias","https:\/\/www.instagram.com\/cvinoticias\/","https:\/\/www.youtube.com\/@CVINOTICIAS"]},{"@type":"Person","@id":"https:\/\/cvinoticias.com\/v3\/#\/schema\/person\/2db77e3c6bc03c538495d7b2b8be9b66","name":"f1000024","image":{"@type":"ImageObject","inLanguage":"es","@id":"https:\/\/secure.gravatar.com\/avatar\/d4fe7459cfc51ff5129ce1a732bbef5928568b8092d412ef95611616376bbeed?s=96&d=mm&r=g","url":"https:\/\/secure.gravatar.com\/avatar\/d4fe7459cfc51ff5129ce1a732bbef5928568b8092d412ef95611616376bbeed?s=96&d=mm&r=g","contentUrl":"https:\/\/secure.gravatar.com\/avatar\/d4fe7459cfc51ff5129ce1a732bbef5928568b8092d412ef95611616376bbeed?s=96&d=mm&r=g","caption":"f1000024"},"url":"https:\/\/cvinoticias.com\/v3\/author\/f1000024\/"}]}},"_links":{"self":[{"href":"https:\/\/cvinoticias.com\/v3\/wp-json\/wp\/v2\/posts\/13206","targetHints":{"allow":["GET"]}}],"collection":[{"href":"https:\/\/cvinoticias.com\/v3\/wp-json\/wp\/v2\/posts"}],"about":[{"href":"https:\/\/cvinoticias.com\/v3\/wp-json\/wp\/v2\/types\/post"}],"author":[{"embeddable":true,"href":"https:\/\/cvinoticias.com\/v3\/wp-json\/wp\/v2\/users\/2"}],"replies":[{"embeddable":true,"href":"https:\/\/cvinoticias.com\/v3\/wp-json\/wp\/v2\/comments?post=13206"}],"version-history":[{"count":1,"href":"https:\/\/cvinoticias.com\/v3\/wp-json\/wp\/v2\/posts\/13206\/revisions"}],"predecessor-version":[{"id":13208,"href":"https:\/\/cvinoticias.com\/v3\/wp-json\/wp\/v2\/posts\/13206\/revisions\/13208"}],"wp:featuredmedia":[{"embeddable":true,"href":"https:\/\/cvinoticias.com\/v3\/wp-json\/wp\/v2\/media\/13207"}],"wp:attachment":[{"href":"https:\/\/cvinoticias.com\/v3\/wp-json\/wp\/v2\/media?parent=13206"}],"wp:term":[{"taxonomy":"category","embeddable":true,"href":"https:\/\/cvinoticias.com\/v3\/wp-json\/wp\/v2\/categories?post=13206"},{"taxonomy":"post_tag","embeddable":true,"href":"https:\/\/cvinoticias.com\/v3\/wp-json\/wp\/v2\/tags?post=13206"}],"curies":[{"name":"wp","href":"https:\/\/api.w.org\/{rel}","templated":true}]}}