{"id":13203,"date":"2022-02-15T10:47:17","date_gmt":"2022-02-15T10:47:17","guid":{"rendered":"https:\/\/cvinoticias.com\/v3\/?p=13203"},"modified":"2022-02-15T10:47:17","modified_gmt":"2022-02-15T10:47:17","slug":"el-indec-dara-a-conocer-la-inflacion-de-enero","status":"publish","type":"post","link":"https:\/\/cvinoticias.com\/v3\/el-indec-dara-a-conocer-la-inflacion-de-enero\/","title":{"rendered":"El Indec dar\u00e1 a conocer la inflaci\u00f3n de enero"},"content":{"rendered":"\n<p><strong><em>Analistas privados indican que podr\u00eda ser de 4 o 4,5 por ciento, un n\u00famero muy alto, generado por las distintas subas de alimentos y del combustible.<\/em><\/strong><\/p>\n\n\n\n<p id=\"el-indec-dara-a-conocer-este-martes-el-indice-de-precios-al-consumidor-ipc-de-enero-que-reflejaria-subas-muy-importantes-segun-especialistas\">El Indec dar\u00e1 a conocer este martes el \u00cdndice de Precios al Consumidor (IPC) de enero, que reflejar\u00eda subas muy importantes, seg\u00fan especialistas.<\/p>\n\n\n\n<p>\u00abFebrero tendr\u00e1 un piso del 4%. Y en enero esperamos subas muy importantes, por ejemplo: la harina 14%, mermelada 13,7%, cerveza 13,2%, az\u00facar 11,6%, agua mineral 8,8%\u00bb, puntualizaron analistas privados.<\/p>\n\n\n\n<p>Y aseguran: \u00abEn los \u00faltimos seis meses, nunca hab\u00edamos medido series con aumentos de dos d\u00edgitos en ning\u00fan producto. Eso es lo que pas\u00f3 en enero\u00bb.<\/p>\n\n\n\n<p>\u00abEn el primer mes del a\u00f1o, la\u00a0inflaci\u00f3n\u00a0de alimentos nos da 4,5%. Es un n\u00famero escandaloso, porque se trata de un porcentaje que se registra a\u00fan con Precios Cuidados\u00bb, agregan.<\/p>\n\n\n\n<p>Con relaci\u00f3n a ese programa, dijeron que \u00abtiene m\u00e1s de 1.300 productos y generalmente se consigue en grandes cadenas, con un cumplimiento de entre el 70 y el 80%\u00bb.<\/p>\n\n\n\n<p>Durante la semana pasada,\u00a0el secretario de Comercio Interior, Roberto Feletti, reconoci\u00f3 que la inflaci\u00f3n de enero Feletti \u00abtodav\u00eda va a ser alta, influida por hortalizas y legumbres, menos por la carne\u00bb.<\/p>\n\n\n\n<p>Sin embargo, asegur\u00f3: \u00abNo tenemos una aceleraci\u00f3n de la inflaci\u00f3n. No va a ser peor que en 2021, por ah\u00ed puede ser mejor.<\/p>\n\n\n\n<p><\/p>\n","protected":false},"excerpt":{"rendered":"<p>Analistas privados indican que podr\u00eda ser de 4 o 4,5 por ciento, un n\u00famero muy alto, generado por las distintas subas de alimentos y del combustible. El Indec dar\u00e1 a conocer este martes el \u00cdndice de Precios al Consumidor (IPC) de enero, que reflejar\u00eda subas muy importantes, seg\u00fan especialistas. \u00abFebrero tendr\u00e1 un piso del 4%. [&hellip;]<\/p>\n","protected":false},"author":2,"featured_media":13204,"comment_status":"open","ping_status":"open","sticky":false,"template":"","format":"standard","meta":{"footnotes":""},"categories":[35],"tags":[],"class_list":["post-13203","post","type-post","status-publish","format-standard","has-post-thumbnail","hentry","category-informacion-general"],"yoast_head":"<!-- This site is optimized with the Yoast SEO plugin v27.5 - https:\/\/yoast.com\/product\/yoast-seo-wordpress\/ -->\n<title>El Indec dar\u00e1 a conocer la inflaci\u00f3n de enero | CVI NOTICIAS<\/title>\n<meta name=\"robots\" content=\"index, follow, max-snippet:-1, max-image-preview:large, max-video-preview:-1\" \/>\n<link rel=\"canonical\" href=\"https:\/\/cvinoticias.com\/v3\/el-indec-dara-a-conocer-la-inflacion-de-enero\/\" \/>\n<meta property=\"og:locale\" content=\"es_ES\" \/>\n<meta property=\"og:type\" content=\"article\" \/>\n<meta property=\"og:title\" content=\"El Indec dar\u00e1 a conocer la inflaci\u00f3n de enero | CVI NOTICIAS\" \/>\n<meta property=\"og:description\" content=\"Analistas privados indican que podr\u00eda ser de 4 o 4,5 por ciento, un n\u00famero muy alto, generado por las distintas subas de alimentos y del combustible. El Indec dar\u00e1 a conocer este martes el \u00cdndice de Precios al Consumidor (IPC) de enero, que reflejar\u00eda subas muy importantes, seg\u00fan especialistas. \u00abFebrero tendr\u00e1 un piso del 4%. [&hellip;]\" \/>\n<meta property=\"og:url\" content=\"https:\/\/cvinoticias.com\/v3\/el-indec-dara-a-conocer-la-inflacion-de-enero\/\" \/>\n<meta property=\"og:site_name\" content=\"CVI NOTICIAS\" \/>\n<meta property=\"article:publisher\" content=\"https:\/\/www.facebook.com\/cvinoticias\" \/>\n<meta property=\"article:published_time\" content=\"2022-02-15T10:47:17+00:00\" \/>\n<meta property=\"og:image\" content=\"https:\/\/cvinoticias.com\/wp-content\/uploads\/2022\/02\/Screenshot_20220215-074547_Facebook.jpg\" \/>\n\t<meta property=\"og:image:width\" content=\"927\" \/>\n\t<meta property=\"og:image:height\" content=\"578\" \/>\n\t<meta property=\"og:image:type\" content=\"image\/jpeg\" \/>\n<meta name=\"author\" content=\"f1000024\" \/>\n<meta name=\"twitter:card\" content=\"summary_large_image\" \/>\n<meta name=\"twitter:label1\" content=\"Escrito por\" \/>\n\t<meta name=\"twitter:data1\" content=\"f1000024\" \/>\n\t<meta name=\"twitter:label2\" content=\"Tiempo de lectura\" \/>\n\t<meta name=\"twitter:data2\" content=\"1 minuto\" \/>\n<script type=\"application\/ld+json\" class=\"yoast-schema-graph\">{\"@context\":\"https:\\\/\\\/schema.org\",\"@graph\":[{\"@type\":\"Article\",\"@id\":\"https:\\\/\\\/cvinoticias.com\\\/v3\\\/el-indec-dara-a-conocer-la-inflacion-de-enero\\\/#article\",\"isPartOf\":{\"@id\":\"https:\\\/\\\/cvinoticias.com\\\/v3\\\/el-indec-dara-a-conocer-la-inflacion-de-enero\\\/\"},\"author\":{\"name\":\"f1000024\",\"@id\":\"https:\\\/\\\/cvinoticias.com\\\/v3\\\/#\\\/schema\\\/person\\\/2db77e3c6bc03c538495d7b2b8be9b66\"},\"headline\":\"El Indec dar\u00e1 a conocer la inflaci\u00f3n de enero\",\"datePublished\":\"2022-02-15T10:47:17+00:00\",\"mainEntityOfPage\":{\"@id\":\"https:\\\/\\\/cvinoticias.com\\\/v3\\\/el-indec-dara-a-conocer-la-inflacion-de-enero\\\/\"},\"wordCount\":235,\"commentCount\":0,\"publisher\":{\"@id\":\"https:\\\/\\\/cvinoticias.com\\\/v3\\\/#organization\"},\"image\":{\"@id\":\"https:\\\/\\\/cvinoticias.com\\\/v3\\\/el-indec-dara-a-conocer-la-inflacion-de-enero\\\/#primaryimage\"},\"thumbnailUrl\":\"https:\\\/\\\/cvinoticias.com\\\/wp-content\\\/uploads\\\/2022\\\/02\\\/Screenshot_20220215-074547_Facebook.jpg\",\"articleSection\":[\"Informaci\u00f3n General\"],\"inLanguage\":\"es\",\"potentialAction\":[{\"@type\":\"CommentAction\",\"name\":\"Comment\",\"target\":[\"https:\\\/\\\/cvinoticias.com\\\/v3\\\/el-indec-dara-a-conocer-la-inflacion-de-enero\\\/#respond\"]}]},{\"@type\":\"WebPage\",\"@id\":\"https:\\\/\\\/cvinoticias.com\\\/v3\\\/el-indec-dara-a-conocer-la-inflacion-de-enero\\\/\",\"url\":\"https:\\\/\\\/cvinoticias.com\\\/v3\\\/el-indec-dara-a-conocer-la-inflacion-de-enero\\\/\",\"name\":\"El Indec dar\u00e1 a conocer la inflaci\u00f3n de enero | CVI NOTICIAS\",\"isPartOf\":{\"@id\":\"https:\\\/\\\/cvinoticias.com\\\/v3\\\/#website\"},\"primaryImageOfPage\":{\"@id\":\"https:\\\/\\\/cvinoticias.com\\\/v3\\\/el-indec-dara-a-conocer-la-inflacion-de-enero\\\/#primaryimage\"},\"image\":{\"@id\":\"https:\\\/\\\/cvinoticias.com\\\/v3\\\/el-indec-dara-a-conocer-la-inflacion-de-enero\\\/#primaryimage\"},\"thumbnailUrl\":\"https:\\\/\\\/cvinoticias.com\\\/wp-content\\\/uploads\\\/2022\\\/02\\\/Screenshot_20220215-074547_Facebook.jpg\",\"datePublished\":\"2022-02-15T10:47:17+00:00\",\"breadcrumb\":{\"@id\":\"https:\\\/\\\/cvinoticias.com\\\/v3\\\/el-indec-dara-a-conocer-la-inflacion-de-enero\\\/#breadcrumb\"},\"inLanguage\":\"es\",\"potentialAction\":[{\"@type\":\"ReadAction\",\"target\":[\"https:\\\/\\\/cvinoticias.com\\\/v3\\\/el-indec-dara-a-conocer-la-inflacion-de-enero\\\/\"]}]},{\"@type\":\"ImageObject\",\"inLanguage\":\"es\",\"@id\":\"https:\\\/\\\/cvinoticias.com\\\/v3\\\/el-indec-dara-a-conocer-la-inflacion-de-enero\\\/#primaryimage\",\"url\":\"https:\\\/\\\/cvinoticias.com\\\/wp-content\\\/uploads\\\/2022\\\/02\\\/Screenshot_20220215-074547_Facebook.jpg\",\"contentUrl\":\"https:\\\/\\\/cvinoticias.com\\\/wp-content\\\/uploads\\\/2022\\\/02\\\/Screenshot_20220215-074547_Facebook.jpg\",\"width\":927,\"height\":578},{\"@type\":\"BreadcrumbList\",\"@id\":\"https:\\\/\\\/cvinoticias.com\\\/v3\\\/el-indec-dara-a-conocer-la-inflacion-de-enero\\\/#breadcrumb\",\"itemListElement\":[{\"@type\":\"ListItem\",\"position\":1,\"name\":\"Portada\",\"item\":\"https:\\\/\\\/cvinoticias.com\\\/v3\\\/\"},{\"@type\":\"ListItem\",\"position\":2,\"name\":\"El Indec dar\u00e1 a conocer la inflaci\u00f3n de enero\"}]},{\"@type\":\"WebSite\",\"@id\":\"https:\\\/\\\/cvinoticias.com\\\/v3\\\/#website\",\"url\":\"https:\\\/\\\/cvinoticias.com\\\/v3\\\/\",\"name\":\"CVI NOTICIAS\",\"description\":\"\",\"publisher\":{\"@id\":\"https:\\\/\\\/cvinoticias.com\\\/v3\\\/#organization\"},\"alternateName\":\"CVI\",\"potentialAction\":[{\"@type\":\"SearchAction\",\"target\":{\"@type\":\"EntryPoint\",\"urlTemplate\":\"https:\\\/\\\/cvinoticias.com\\\/v3\\\/?s={search_term_string}\"},\"query-input\":{\"@type\":\"PropertyValueSpecification\",\"valueRequired\":true,\"valueName\":\"search_term_string\"}}],\"inLanguage\":\"es\"},{\"@type\":\"Organization\",\"@id\":\"https:\\\/\\\/cvinoticias.com\\\/v3\\\/#organization\",\"name\":\"CVI NOTICIAS\",\"url\":\"https:\\\/\\\/cvinoticias.com\\\/v3\\\/\",\"logo\":{\"@type\":\"ImageObject\",\"inLanguage\":\"es\",\"@id\":\"https:\\\/\\\/cvinoticias.com\\\/v3\\\/#\\\/schema\\\/logo\\\/image\\\/\",\"url\":\"https:\\\/\\\/cvinoticias.com\\\/wp-content\\\/uploads\\\/2023\\\/04\\\/cropped-cropped-cropped-cropped-cropped-3-1.png\",\"contentUrl\":\"https:\\\/\\\/cvinoticias.com\\\/wp-content\\\/uploads\\\/2023\\\/04\\\/cropped-cropped-cropped-cropped-cropped-3-1.png\",\"width\":95,\"height\":122,\"caption\":\"CVI NOTICIAS\"},\"image\":{\"@id\":\"https:\\\/\\\/cvinoticias.com\\\/v3\\\/#\\\/schema\\\/logo\\\/image\\\/\"},\"sameAs\":[\"https:\\\/\\\/www.facebook.com\\\/cvinoticias\",\"https:\\\/\\\/www.instagram.com\\\/cvinoticias\\\/\",\"https:\\\/\\\/www.youtube.com\\\/@CVINOTICIAS\"]},{\"@type\":\"Person\",\"@id\":\"https:\\\/\\\/cvinoticias.com\\\/v3\\\/#\\\/schema\\\/person\\\/2db77e3c6bc03c538495d7b2b8be9b66\",\"name\":\"f1000024\",\"image\":{\"@type\":\"ImageObject\",\"inLanguage\":\"es\",\"@id\":\"https:\\\/\\\/secure.gravatar.com\\\/avatar\\\/d4fe7459cfc51ff5129ce1a732bbef5928568b8092d412ef95611616376bbeed?s=96&d=mm&r=g\",\"url\":\"https:\\\/\\\/secure.gravatar.com\\\/avatar\\\/d4fe7459cfc51ff5129ce1a732bbef5928568b8092d412ef95611616376bbeed?s=96&d=mm&r=g\",\"contentUrl\":\"https:\\\/\\\/secure.gravatar.com\\\/avatar\\\/d4fe7459cfc51ff5129ce1a732bbef5928568b8092d412ef95611616376bbeed?s=96&d=mm&r=g\",\"caption\":\"f1000024\"},\"url\":\"https:\\\/\\\/cvinoticias.com\\\/v3\\\/author\\\/f1000024\\\/\"}]}<\/script>\n<!-- \/ Yoast SEO plugin. -->","yoast_head_json":{"title":"El Indec dar\u00e1 a conocer la inflaci\u00f3n de enero | CVI NOTICIAS","robots":{"index":"index","follow":"follow","max-snippet":"max-snippet:-1","max-image-preview":"max-image-preview:large","max-video-preview":"max-video-preview:-1"},"canonical":"https:\/\/cvinoticias.com\/v3\/el-indec-dara-a-conocer-la-inflacion-de-enero\/","og_locale":"es_ES","og_type":"article","og_title":"El Indec dar\u00e1 a conocer la inflaci\u00f3n de enero | CVI NOTICIAS","og_description":"Analistas privados indican que podr\u00eda ser de 4 o 4,5 por ciento, un n\u00famero muy alto, generado por las distintas subas de alimentos y del combustible. El Indec dar\u00e1 a conocer este martes el \u00cdndice de Precios al Consumidor (IPC) de enero, que reflejar\u00eda subas muy importantes, seg\u00fan especialistas. \u00abFebrero tendr\u00e1 un piso del 4%. [&hellip;]","og_url":"https:\/\/cvinoticias.com\/v3\/el-indec-dara-a-conocer-la-inflacion-de-enero\/","og_site_name":"CVI NOTICIAS","article_publisher":"https:\/\/www.facebook.com\/cvinoticias","article_published_time":"2022-02-15T10:47:17+00:00","og_image":[{"width":927,"height":578,"url":"https:\/\/cvinoticias.com\/wp-content\/uploads\/2022\/02\/Screenshot_20220215-074547_Facebook.jpg","type":"image\/jpeg"}],"author":"f1000024","twitter_card":"summary_large_image","twitter_misc":{"Escrito por":"f1000024","Tiempo de lectura":"1 minuto"},"schema":{"@context":"https:\/\/schema.org","@graph":[{"@type":"Article","@id":"https:\/\/cvinoticias.com\/v3\/el-indec-dara-a-conocer-la-inflacion-de-enero\/#article","isPartOf":{"@id":"https:\/\/cvinoticias.com\/v3\/el-indec-dara-a-conocer-la-inflacion-de-enero\/"},"author":{"name":"f1000024","@id":"https:\/\/cvinoticias.com\/v3\/#\/schema\/person\/2db77e3c6bc03c538495d7b2b8be9b66"},"headline":"El Indec dar\u00e1 a conocer la inflaci\u00f3n de enero","datePublished":"2022-02-15T10:47:17+00:00","mainEntityOfPage":{"@id":"https:\/\/cvinoticias.com\/v3\/el-indec-dara-a-conocer-la-inflacion-de-enero\/"},"wordCount":235,"commentCount":0,"publisher":{"@id":"https:\/\/cvinoticias.com\/v3\/#organization"},"image":{"@id":"https:\/\/cvinoticias.com\/v3\/el-indec-dara-a-conocer-la-inflacion-de-enero\/#primaryimage"},"thumbnailUrl":"https:\/\/cvinoticias.com\/wp-content\/uploads\/2022\/02\/Screenshot_20220215-074547_Facebook.jpg","articleSection":["Informaci\u00f3n General"],"inLanguage":"es","potentialAction":[{"@type":"CommentAction","name":"Comment","target":["https:\/\/cvinoticias.com\/v3\/el-indec-dara-a-conocer-la-inflacion-de-enero\/#respond"]}]},{"@type":"WebPage","@id":"https:\/\/cvinoticias.com\/v3\/el-indec-dara-a-conocer-la-inflacion-de-enero\/","url":"https:\/\/cvinoticias.com\/v3\/el-indec-dara-a-conocer-la-inflacion-de-enero\/","name":"El Indec dar\u00e1 a conocer la inflaci\u00f3n de enero | CVI NOTICIAS","isPartOf":{"@id":"https:\/\/cvinoticias.com\/v3\/#website"},"primaryImageOfPage":{"@id":"https:\/\/cvinoticias.com\/v3\/el-indec-dara-a-conocer-la-inflacion-de-enero\/#primaryimage"},"image":{"@id":"https:\/\/cvinoticias.com\/v3\/el-indec-dara-a-conocer-la-inflacion-de-enero\/#primaryimage"},"thumbnailUrl":"https:\/\/cvinoticias.com\/wp-content\/uploads\/2022\/02\/Screenshot_20220215-074547_Facebook.jpg","datePublished":"2022-02-15T10:47:17+00:00","breadcrumb":{"@id":"https:\/\/cvinoticias.com\/v3\/el-indec-dara-a-conocer-la-inflacion-de-enero\/#breadcrumb"},"inLanguage":"es","potentialAction":[{"@type":"ReadAction","target":["https:\/\/cvinoticias.com\/v3\/el-indec-dara-a-conocer-la-inflacion-de-enero\/"]}]},{"@type":"ImageObject","inLanguage":"es","@id":"https:\/\/cvinoticias.com\/v3\/el-indec-dara-a-conocer-la-inflacion-de-enero\/#primaryimage","url":"https:\/\/cvinoticias.com\/wp-content\/uploads\/2022\/02\/Screenshot_20220215-074547_Facebook.jpg","contentUrl":"https:\/\/cvinoticias.com\/wp-content\/uploads\/2022\/02\/Screenshot_20220215-074547_Facebook.jpg","width":927,"height":578},{"@type":"BreadcrumbList","@id":"https:\/\/cvinoticias.com\/v3\/el-indec-dara-a-conocer-la-inflacion-de-enero\/#breadcrumb","itemListElement":[{"@type":"ListItem","position":1,"name":"Portada","item":"https:\/\/cvinoticias.com\/v3\/"},{"@type":"ListItem","position":2,"name":"El Indec dar\u00e1 a conocer la inflaci\u00f3n de enero"}]},{"@type":"WebSite","@id":"https:\/\/cvinoticias.com\/v3\/#website","url":"https:\/\/cvinoticias.com\/v3\/","name":"CVI NOTICIAS","description":"","publisher":{"@id":"https:\/\/cvinoticias.com\/v3\/#organization"},"alternateName":"CVI","potentialAction":[{"@type":"SearchAction","target":{"@type":"EntryPoint","urlTemplate":"https:\/\/cvinoticias.com\/v3\/?s={search_term_string}"},"query-input":{"@type":"PropertyValueSpecification","valueRequired":true,"valueName":"search_term_string"}}],"inLanguage":"es"},{"@type":"Organization","@id":"https:\/\/cvinoticias.com\/v3\/#organization","name":"CVI NOTICIAS","url":"https:\/\/cvinoticias.com\/v3\/","logo":{"@type":"ImageObject","inLanguage":"es","@id":"https:\/\/cvinoticias.com\/v3\/#\/schema\/logo\/image\/","url":"https:\/\/cvinoticias.com\/wp-content\/uploads\/2023\/04\/cropped-cropped-cropped-cropped-cropped-3-1.png","contentUrl":"https:\/\/cvinoticias.com\/wp-content\/uploads\/2023\/04\/cropped-cropped-cropped-cropped-cropped-3-1.png","width":95,"height":122,"caption":"CVI NOTICIAS"},"image":{"@id":"https:\/\/cvinoticias.com\/v3\/#\/schema\/logo\/image\/"},"sameAs":["https:\/\/www.facebook.com\/cvinoticias","https:\/\/www.instagram.com\/cvinoticias\/","https:\/\/www.youtube.com\/@CVINOTICIAS"]},{"@type":"Person","@id":"https:\/\/cvinoticias.com\/v3\/#\/schema\/person\/2db77e3c6bc03c538495d7b2b8be9b66","name":"f1000024","image":{"@type":"ImageObject","inLanguage":"es","@id":"https:\/\/secure.gravatar.com\/avatar\/d4fe7459cfc51ff5129ce1a732bbef5928568b8092d412ef95611616376bbeed?s=96&d=mm&r=g","url":"https:\/\/secure.gravatar.com\/avatar\/d4fe7459cfc51ff5129ce1a732bbef5928568b8092d412ef95611616376bbeed?s=96&d=mm&r=g","contentUrl":"https:\/\/secure.gravatar.com\/avatar\/d4fe7459cfc51ff5129ce1a732bbef5928568b8092d412ef95611616376bbeed?s=96&d=mm&r=g","caption":"f1000024"},"url":"https:\/\/cvinoticias.com\/v3\/author\/f1000024\/"}]}},"_links":{"self":[{"href":"https:\/\/cvinoticias.com\/v3\/wp-json\/wp\/v2\/posts\/13203","targetHints":{"allow":["GET"]}}],"collection":[{"href":"https:\/\/cvinoticias.com\/v3\/wp-json\/wp\/v2\/posts"}],"about":[{"href":"https:\/\/cvinoticias.com\/v3\/wp-json\/wp\/v2\/types\/post"}],"author":[{"embeddable":true,"href":"https:\/\/cvinoticias.com\/v3\/wp-json\/wp\/v2\/users\/2"}],"replies":[{"embeddable":true,"href":"https:\/\/cvinoticias.com\/v3\/wp-json\/wp\/v2\/comments?post=13203"}],"version-history":[{"count":1,"href":"https:\/\/cvinoticias.com\/v3\/wp-json\/wp\/v2\/posts\/13203\/revisions"}],"predecessor-version":[{"id":13205,"href":"https:\/\/cvinoticias.com\/v3\/wp-json\/wp\/v2\/posts\/13203\/revisions\/13205"}],"wp:featuredmedia":[{"embeddable":true,"href":"https:\/\/cvinoticias.com\/v3\/wp-json\/wp\/v2\/media\/13204"}],"wp:attachment":[{"href":"https:\/\/cvinoticias.com\/v3\/wp-json\/wp\/v2\/media?parent=13203"}],"wp:term":[{"taxonomy":"category","embeddable":true,"href":"https:\/\/cvinoticias.com\/v3\/wp-json\/wp\/v2\/categories?post=13203"},{"taxonomy":"post_tag","embeddable":true,"href":"https:\/\/cvinoticias.com\/v3\/wp-json\/wp\/v2\/tags?post=13203"}],"curies":[{"name":"wp","href":"https:\/\/api.w.org\/{rel}","templated":true}]}}