{"id":13188,"date":"2022-02-14T13:41:09","date_gmt":"2022-02-14T13:41:09","guid":{"rendered":"https:\/\/cvinoticias.com\/v3\/?p=13188"},"modified":"2022-02-14T13:41:09","modified_gmt":"2022-02-14T13:41:09","slug":"en-salto-encantado-comenzo-el-proceso-de-restauracion-de-la-selva-afectada-por-el-fuego","status":"publish","type":"post","link":"https:\/\/cvinoticias.com\/v3\/en-salto-encantado-comenzo-el-proceso-de-restauracion-de-la-selva-afectada-por-el-fuego\/","title":{"rendered":"En Salto Encantado comenz\u00f3 el proceso de restauraci\u00f3n de la Selva afectada por el fuego"},"content":{"rendered":"\n<p><em><strong>El peligro que generan los incendios forestales sigue latente, de la mano del d\u00e9ficit de precipitaciones y de las altas temperaturas que llegaron a valores hist\u00f3ricos en Misiones.<\/strong><\/em><\/p>\n\n\n\n<p>El trabajo de campo conjunto llevado adelante por guardaparques provinciales, brigadistas, bomberos, polic\u00edas, empresas y vecinos ha sido un factor determinante para atacar los distintos focos \u00edgneos. Esa tarea contin\u00faa, pero el escenario es diferente al de las primeras semanas de 2022. En las \u00faltimas horas ya comenz\u00f3 la etapa de evaluaci\u00f3n y de registro de especies afectadas, principalmente en el Parque provincial Salto Encantado del Valle del Cu\u00f1a Pir\u00fa, acci\u00f3n que dar\u00e1 paso en los pr\u00f3ximos d\u00edas a la etapa de restauraci\u00f3n de las zonas boscosas.<\/p>\n\n\n\n<figure class=\"wp-block-image size-full\"><a href=\"https:\/\/cvinoticias.com\/wp-content\/uploads\/2022\/02\/salto2.jpg\"><img decoding=\"async\" width=\"960\" height=\"540\" data-src=\"https:\/\/cvinoticias.com\/wp-content\/uploads\/2022\/02\/salto2.jpg\" alt=\"\" class=\"wp-image-13189 lazyload\" data-srcset=\"https:\/\/cvinoticias.com\/wp-content\/uploads\/2022\/02\/salto2.jpg 960w, https:\/\/cvinoticias.com\/wp-content\/uploads\/2022\/02\/salto2-300x169.jpg 300w, https:\/\/cvinoticias.com\/wp-content\/uploads\/2022\/02\/salto2-768x432.jpg 768w\" data-sizes=\"(max-width: 960px) 100vw, 960px\" src=\"data:image\/svg+xml;base64,PHN2ZyB3aWR0aD0iMSIgaGVpZ2h0PSIxIiB4bWxucz0iaHR0cDovL3d3dy53My5vcmcvMjAwMC9zdmciPjwvc3ZnPg==\" style=\"--smush-placeholder-width: 960px; --smush-placeholder-aspect-ratio: 960\/540;\" \/><\/a><\/figure>\n\n\n\n<p><strong>En primera persona<\/strong><\/p>\n\n\n\n<p>Fabio Masloch, guardaparque y Jefe del Parque Provincial Salto Encantado, fue uno de los primeros en estar al frente de los operativos y brind\u00f3 detalles de la planificaci\u00f3n que proyecta el Ministerio de Ecolog\u00eda y de Recursos Naturales Renovables en conjunto con los municipios lindantes y con la colaboraci\u00f3n de los vecinos de la zona para repoblar el monte afectado con especies arb\u00f3reas y frutales en las zonas m\u00e1s castigadas por las llamas.<\/p>\n\n\n\n<p>\u201cLa selva se va a recuperar. Ya hay proyectos de reforestaci\u00f3n, de plantaci\u00f3n de distintas especies\u201d, adelant\u00f3.<\/p>\n\n\n\n<p>Explic\u00f3 que en estos momentos \u201cestamos trabajando con todas las herramientas que nos dio el estado. Agradezco a toda la gente que siempre nos acompa\u00f1\u00f3, especialmente los guardaparques y los bomberos. La solidaridad del pueblo misionero siempre estuvo presente. Ahora tenemos que mirar para adelante con la premisa de revertir la situaci\u00f3n\u201d.<\/p>\n\n\n\n<figure class=\"wp-block-image size-large\"><a href=\"https:\/\/cvinoticias.com\/wp-content\/uploads\/2022\/02\/salto3.jpg\"><img decoding=\"async\" width=\"1024\" height=\"460\" data-src=\"https:\/\/cvinoticias.com\/wp-content\/uploads\/2022\/02\/salto3-1024x460.jpg\" alt=\"\" class=\"wp-image-13190 lazyload\" data-srcset=\"https:\/\/cvinoticias.com\/wp-content\/uploads\/2022\/02\/salto3-1024x460.jpg 1024w, https:\/\/cvinoticias.com\/wp-content\/uploads\/2022\/02\/salto3-300x135.jpg 300w, https:\/\/cvinoticias.com\/wp-content\/uploads\/2022\/02\/salto3-768x345.jpg 768w, https:\/\/cvinoticias.com\/wp-content\/uploads\/2022\/02\/salto3.jpg 1280w\" data-sizes=\"(max-width: 1024px) 100vw, 1024px\" src=\"data:image\/svg+xml;base64,PHN2ZyB3aWR0aD0iMSIgaGVpZ2h0PSIxIiB4bWxucz0iaHR0cDovL3d3dy53My5vcmcvMjAwMC9zdmciPjwvc3ZnPg==\" style=\"--smush-placeholder-width: 1024px; --smush-placeholder-aspect-ratio: 1024\/460;\" \/><\/a><\/figure>\n\n\n\n<p>Para Masloch, \u201cel cambio clim\u00e1tico vino para quedarse. Estamos haciendo el relevamiento de qu\u00e9 especies se quemaron. Tenemos la experiencia del a\u00f1o pasado, cuando se restaur\u00f3 la zona del Cu\u00f1\u00e1 Pir\u00fa. Los vecinos apoyan, est\u00e1n con ganas. Veo muchos j\u00f3venes entusiasmados con colaborar\u201d.<\/p>\n\n\n\n<p>\u201cNunca nos sentimos s\u00f3los, porque el misionero es solidario. Al comienzo nos di\u00f3 el baj\u00f3n, pero pensamos en el futuro y ahora estamos convencidos de que la selva se va a cicatrizar\u201d, asegur\u00f3 el guardaparque, emocionado.<\/p>\n\n\n\n<p>En paralelo las tareas de monitoreo contin\u00faan con guardias de brigadistas que hacen recorridas por sectores donde hubo focos de incendio.<\/p>\n\n\n\n<p>\u201cLa situaci\u00f3n actual es que el fuego est\u00e1 contenido y controlado, pero hay sectores donde a\u00fan se est\u00e1n quemando troncos\u201d, indic\u00f3 Masloch.<\/p>\n\n\n\n<p>El propio Gobernador Oscar Herrera Ahuad, junto a intendentes de la zona y parte de su gabinete recorri\u00f3 el sector afectado.<\/p>\n\n\n\n<p>Precisamente el mandatario hab\u00eda se\u00f1alado hace algunas semanas que \u201cel cambio clim\u00e1tico se va profundizando y una provincia como la nuestra, que cuida, protege, el medio ambiente se ve afectada en forma indirecta\u201d.<\/p>\n\n\n\n<p>\u201cSi nosotros asumimos la responsabilidad de no generar los focos de calor, seguramente esto se puede disminuir much\u00edsimo. Antes, en Misiones uno hac\u00eda una fogata y con la humedad con la que hab\u00eda quiz\u00e1s este se pod\u00eda disparar unos metros, hoy el fuego se extiende por kil\u00f3metros y eso es lo que tenemos que tener en cuenta\u201d, consider\u00f3 en su momento.<\/p>\n","protected":false},"excerpt":{"rendered":"<p>El peligro que generan los incendios forestales sigue latente, de la mano del d\u00e9ficit de precipitaciones y de las altas temperaturas que llegaron a valores hist\u00f3ricos en Misiones. El trabajo de campo conjunto llevado adelante por guardaparques provinciales, brigadistas, bomberos, polic\u00edas, empresas y vecinos ha sido un factor determinante para atacar los distintos focos \u00edgneos. [&hellip;]<\/p>\n","protected":false},"author":2,"featured_media":13191,"comment_status":"open","ping_status":"open","sticky":false,"template":"","format":"standard","meta":{"footnotes":""},"categories":[43],"tags":[],"class_list":["post-13188","post","type-post","status-publish","format-standard","has-post-thumbnail","hentry","category-provinciales"],"yoast_head":"<!-- This site is optimized with the Yoast SEO plugin v27.4 - https:\/\/yoast.com\/product\/yoast-seo-wordpress\/ -->\n<title>En Salto Encantado comenz\u00f3 el proceso de restauraci\u00f3n de la Selva afectada por el fuego | CVI NOTICIAS<\/title>\n<meta name=\"robots\" content=\"index, follow, max-snippet:-1, max-image-preview:large, max-video-preview:-1\" \/>\n<link rel=\"canonical\" href=\"https:\/\/cvinoticias.com\/v3\/en-salto-encantado-comenzo-el-proceso-de-restauracion-de-la-selva-afectada-por-el-fuego\/\" \/>\n<meta property=\"og:locale\" content=\"es_ES\" \/>\n<meta property=\"og:type\" content=\"article\" \/>\n<meta property=\"og:title\" content=\"En Salto Encantado comenz\u00f3 el proceso de restauraci\u00f3n de la Selva afectada por el fuego | CVI NOTICIAS\" \/>\n<meta property=\"og:description\" content=\"El peligro que generan los incendios forestales sigue latente, de la mano del d\u00e9ficit de precipitaciones y de las altas temperaturas que llegaron a valores hist\u00f3ricos en Misiones. El trabajo de campo conjunto llevado adelante por guardaparques provinciales, brigadistas, bomberos, polic\u00edas, empresas y vecinos ha sido un factor determinante para atacar los distintos focos \u00edgneos. [&hellip;]\" \/>\n<meta property=\"og:url\" content=\"https:\/\/cvinoticias.com\/v3\/en-salto-encantado-comenzo-el-proceso-de-restauracion-de-la-selva-afectada-por-el-fuego\/\" \/>\n<meta property=\"og:site_name\" content=\"CVI NOTICIAS\" \/>\n<meta property=\"article:publisher\" content=\"https:\/\/www.facebook.com\/cvinoticias\" \/>\n<meta property=\"article:published_time\" content=\"2022-02-14T13:41:09+00:00\" \/>\n<meta property=\"og:image\" content=\"https:\/\/cvinoticias.com\/wp-content\/uploads\/2022\/02\/salto1-1000x575-1.jpg\" \/>\n\t<meta property=\"og:image:width\" content=\"1000\" \/>\n\t<meta property=\"og:image:height\" content=\"575\" \/>\n\t<meta property=\"og:image:type\" content=\"image\/jpeg\" \/>\n<meta name=\"author\" content=\"f1000024\" \/>\n<meta name=\"twitter:card\" content=\"summary_large_image\" \/>\n<meta name=\"twitter:label1\" content=\"Escrito por\" \/>\n\t<meta name=\"twitter:data1\" content=\"f1000024\" \/>\n\t<meta name=\"twitter:label2\" content=\"Tiempo de lectura\" \/>\n\t<meta name=\"twitter:data2\" content=\"3 minutos\" \/>\n<script type=\"application\/ld+json\" class=\"yoast-schema-graph\">{\"@context\":\"https:\\\/\\\/schema.org\",\"@graph\":[{\"@type\":\"Article\",\"@id\":\"https:\\\/\\\/cvinoticias.com\\\/v3\\\/en-salto-encantado-comenzo-el-proceso-de-restauracion-de-la-selva-afectada-por-el-fuego\\\/#article\",\"isPartOf\":{\"@id\":\"https:\\\/\\\/cvinoticias.com\\\/v3\\\/en-salto-encantado-comenzo-el-proceso-de-restauracion-de-la-selva-afectada-por-el-fuego\\\/\"},\"author\":{\"name\":\"f1000024\",\"@id\":\"https:\\\/\\\/cvinoticias.com\\\/v3\\\/#\\\/schema\\\/person\\\/2db77e3c6bc03c538495d7b2b8be9b66\"},\"headline\":\"En Salto Encantado comenz\u00f3 el proceso de restauraci\u00f3n de la Selva afectada por el fuego\",\"datePublished\":\"2022-02-14T13:41:09+00:00\",\"mainEntityOfPage\":{\"@id\":\"https:\\\/\\\/cvinoticias.com\\\/v3\\\/en-salto-encantado-comenzo-el-proceso-de-restauracion-de-la-selva-afectada-por-el-fuego\\\/\"},\"wordCount\":549,\"commentCount\":0,\"publisher\":{\"@id\":\"https:\\\/\\\/cvinoticias.com\\\/v3\\\/#organization\"},\"image\":{\"@id\":\"https:\\\/\\\/cvinoticias.com\\\/v3\\\/en-salto-encantado-comenzo-el-proceso-de-restauracion-de-la-selva-afectada-por-el-fuego\\\/#primaryimage\"},\"thumbnailUrl\":\"https:\\\/\\\/cvinoticias.com\\\/wp-content\\\/uploads\\\/2022\\\/02\\\/salto1-1000x575-1.jpg\",\"articleSection\":[\"Provinciales\"],\"inLanguage\":\"es\",\"potentialAction\":[{\"@type\":\"CommentAction\",\"name\":\"Comment\",\"target\":[\"https:\\\/\\\/cvinoticias.com\\\/v3\\\/en-salto-encantado-comenzo-el-proceso-de-restauracion-de-la-selva-afectada-por-el-fuego\\\/#respond\"]}]},{\"@type\":\"WebPage\",\"@id\":\"https:\\\/\\\/cvinoticias.com\\\/v3\\\/en-salto-encantado-comenzo-el-proceso-de-restauracion-de-la-selva-afectada-por-el-fuego\\\/\",\"url\":\"https:\\\/\\\/cvinoticias.com\\\/v3\\\/en-salto-encantado-comenzo-el-proceso-de-restauracion-de-la-selva-afectada-por-el-fuego\\\/\",\"name\":\"En Salto Encantado comenz\u00f3 el proceso de restauraci\u00f3n de la Selva afectada por el fuego | CVI NOTICIAS\",\"isPartOf\":{\"@id\":\"https:\\\/\\\/cvinoticias.com\\\/v3\\\/#website\"},\"primaryImageOfPage\":{\"@id\":\"https:\\\/\\\/cvinoticias.com\\\/v3\\\/en-salto-encantado-comenzo-el-proceso-de-restauracion-de-la-selva-afectada-por-el-fuego\\\/#primaryimage\"},\"image\":{\"@id\":\"https:\\\/\\\/cvinoticias.com\\\/v3\\\/en-salto-encantado-comenzo-el-proceso-de-restauracion-de-la-selva-afectada-por-el-fuego\\\/#primaryimage\"},\"thumbnailUrl\":\"https:\\\/\\\/cvinoticias.com\\\/wp-content\\\/uploads\\\/2022\\\/02\\\/salto1-1000x575-1.jpg\",\"datePublished\":\"2022-02-14T13:41:09+00:00\",\"breadcrumb\":{\"@id\":\"https:\\\/\\\/cvinoticias.com\\\/v3\\\/en-salto-encantado-comenzo-el-proceso-de-restauracion-de-la-selva-afectada-por-el-fuego\\\/#breadcrumb\"},\"inLanguage\":\"es\",\"potentialAction\":[{\"@type\":\"ReadAction\",\"target\":[\"https:\\\/\\\/cvinoticias.com\\\/v3\\\/en-salto-encantado-comenzo-el-proceso-de-restauracion-de-la-selva-afectada-por-el-fuego\\\/\"]}]},{\"@type\":\"ImageObject\",\"inLanguage\":\"es\",\"@id\":\"https:\\\/\\\/cvinoticias.com\\\/v3\\\/en-salto-encantado-comenzo-el-proceso-de-restauracion-de-la-selva-afectada-por-el-fuego\\\/#primaryimage\",\"url\":\"https:\\\/\\\/cvinoticias.com\\\/wp-content\\\/uploads\\\/2022\\\/02\\\/salto1-1000x575-1.jpg\",\"contentUrl\":\"https:\\\/\\\/cvinoticias.com\\\/wp-content\\\/uploads\\\/2022\\\/02\\\/salto1-1000x575-1.jpg\",\"width\":1000,\"height\":575},{\"@type\":\"BreadcrumbList\",\"@id\":\"https:\\\/\\\/cvinoticias.com\\\/v3\\\/en-salto-encantado-comenzo-el-proceso-de-restauracion-de-la-selva-afectada-por-el-fuego\\\/#breadcrumb\",\"itemListElement\":[{\"@type\":\"ListItem\",\"position\":1,\"name\":\"Portada\",\"item\":\"https:\\\/\\\/cvinoticias.com\\\/v3\\\/\"},{\"@type\":\"ListItem\",\"position\":2,\"name\":\"En Salto Encantado comenz\u00f3 el proceso de restauraci\u00f3n de la Selva afectada por el fuego\"}]},{\"@type\":\"WebSite\",\"@id\":\"https:\\\/\\\/cvinoticias.com\\\/v3\\\/#website\",\"url\":\"https:\\\/\\\/cvinoticias.com\\\/v3\\\/\",\"name\":\"CVI NOTICIAS\",\"description\":\"\",\"publisher\":{\"@id\":\"https:\\\/\\\/cvinoticias.com\\\/v3\\\/#organization\"},\"alternateName\":\"CVI\",\"potentialAction\":[{\"@type\":\"SearchAction\",\"target\":{\"@type\":\"EntryPoint\",\"urlTemplate\":\"https:\\\/\\\/cvinoticias.com\\\/v3\\\/?s={search_term_string}\"},\"query-input\":{\"@type\":\"PropertyValueSpecification\",\"valueRequired\":true,\"valueName\":\"search_term_string\"}}],\"inLanguage\":\"es\"},{\"@type\":\"Organization\",\"@id\":\"https:\\\/\\\/cvinoticias.com\\\/v3\\\/#organization\",\"name\":\"CVI NOTICIAS\",\"url\":\"https:\\\/\\\/cvinoticias.com\\\/v3\\\/\",\"logo\":{\"@type\":\"ImageObject\",\"inLanguage\":\"es\",\"@id\":\"https:\\\/\\\/cvinoticias.com\\\/v3\\\/#\\\/schema\\\/logo\\\/image\\\/\",\"url\":\"https:\\\/\\\/cvinoticias.com\\\/wp-content\\\/uploads\\\/2023\\\/04\\\/cropped-cropped-cropped-cropped-cropped-3-1.png\",\"contentUrl\":\"https:\\\/\\\/cvinoticias.com\\\/wp-content\\\/uploads\\\/2023\\\/04\\\/cropped-cropped-cropped-cropped-cropped-3-1.png\",\"width\":95,\"height\":122,\"caption\":\"CVI NOTICIAS\"},\"image\":{\"@id\":\"https:\\\/\\\/cvinoticias.com\\\/v3\\\/#\\\/schema\\\/logo\\\/image\\\/\"},\"sameAs\":[\"https:\\\/\\\/www.facebook.com\\\/cvinoticias\",\"https:\\\/\\\/www.instagram.com\\\/cvinoticias\\\/\",\"https:\\\/\\\/www.youtube.com\\\/@CVINOTICIAS\"]},{\"@type\":\"Person\",\"@id\":\"https:\\\/\\\/cvinoticias.com\\\/v3\\\/#\\\/schema\\\/person\\\/2db77e3c6bc03c538495d7b2b8be9b66\",\"name\":\"f1000024\",\"image\":{\"@type\":\"ImageObject\",\"inLanguage\":\"es\",\"@id\":\"https:\\\/\\\/secure.gravatar.com\\\/avatar\\\/d4fe7459cfc51ff5129ce1a732bbef5928568b8092d412ef95611616376bbeed?s=96&d=mm&r=g\",\"url\":\"https:\\\/\\\/secure.gravatar.com\\\/avatar\\\/d4fe7459cfc51ff5129ce1a732bbef5928568b8092d412ef95611616376bbeed?s=96&d=mm&r=g\",\"contentUrl\":\"https:\\\/\\\/secure.gravatar.com\\\/avatar\\\/d4fe7459cfc51ff5129ce1a732bbef5928568b8092d412ef95611616376bbeed?s=96&d=mm&r=g\",\"caption\":\"f1000024\"},\"url\":\"https:\\\/\\\/cvinoticias.com\\\/v3\\\/author\\\/f1000024\\\/\"}]}<\/script>\n<!-- \/ Yoast SEO plugin. -->","yoast_head_json":{"title":"En Salto Encantado comenz\u00f3 el proceso de restauraci\u00f3n de la Selva afectada por el fuego | CVI NOTICIAS","robots":{"index":"index","follow":"follow","max-snippet":"max-snippet:-1","max-image-preview":"max-image-preview:large","max-video-preview":"max-video-preview:-1"},"canonical":"https:\/\/cvinoticias.com\/v3\/en-salto-encantado-comenzo-el-proceso-de-restauracion-de-la-selva-afectada-por-el-fuego\/","og_locale":"es_ES","og_type":"article","og_title":"En Salto Encantado comenz\u00f3 el proceso de restauraci\u00f3n de la Selva afectada por el fuego | CVI NOTICIAS","og_description":"El peligro que generan los incendios forestales sigue latente, de la mano del d\u00e9ficit de precipitaciones y de las altas temperaturas que llegaron a valores hist\u00f3ricos en Misiones. El trabajo de campo conjunto llevado adelante por guardaparques provinciales, brigadistas, bomberos, polic\u00edas, empresas y vecinos ha sido un factor determinante para atacar los distintos focos \u00edgneos. [&hellip;]","og_url":"https:\/\/cvinoticias.com\/v3\/en-salto-encantado-comenzo-el-proceso-de-restauracion-de-la-selva-afectada-por-el-fuego\/","og_site_name":"CVI NOTICIAS","article_publisher":"https:\/\/www.facebook.com\/cvinoticias","article_published_time":"2022-02-14T13:41:09+00:00","og_image":[{"width":1000,"height":575,"url":"https:\/\/cvinoticias.com\/wp-content\/uploads\/2022\/02\/salto1-1000x575-1.jpg","type":"image\/jpeg"}],"author":"f1000024","twitter_card":"summary_large_image","twitter_misc":{"Escrito por":"f1000024","Tiempo de lectura":"3 minutos"},"schema":{"@context":"https:\/\/schema.org","@graph":[{"@type":"Article","@id":"https:\/\/cvinoticias.com\/v3\/en-salto-encantado-comenzo-el-proceso-de-restauracion-de-la-selva-afectada-por-el-fuego\/#article","isPartOf":{"@id":"https:\/\/cvinoticias.com\/v3\/en-salto-encantado-comenzo-el-proceso-de-restauracion-de-la-selva-afectada-por-el-fuego\/"},"author":{"name":"f1000024","@id":"https:\/\/cvinoticias.com\/v3\/#\/schema\/person\/2db77e3c6bc03c538495d7b2b8be9b66"},"headline":"En Salto Encantado comenz\u00f3 el proceso de restauraci\u00f3n de la Selva afectada por el fuego","datePublished":"2022-02-14T13:41:09+00:00","mainEntityOfPage":{"@id":"https:\/\/cvinoticias.com\/v3\/en-salto-encantado-comenzo-el-proceso-de-restauracion-de-la-selva-afectada-por-el-fuego\/"},"wordCount":549,"commentCount":0,"publisher":{"@id":"https:\/\/cvinoticias.com\/v3\/#organization"},"image":{"@id":"https:\/\/cvinoticias.com\/v3\/en-salto-encantado-comenzo-el-proceso-de-restauracion-de-la-selva-afectada-por-el-fuego\/#primaryimage"},"thumbnailUrl":"https:\/\/cvinoticias.com\/wp-content\/uploads\/2022\/02\/salto1-1000x575-1.jpg","articleSection":["Provinciales"],"inLanguage":"es","potentialAction":[{"@type":"CommentAction","name":"Comment","target":["https:\/\/cvinoticias.com\/v3\/en-salto-encantado-comenzo-el-proceso-de-restauracion-de-la-selva-afectada-por-el-fuego\/#respond"]}]},{"@type":"WebPage","@id":"https:\/\/cvinoticias.com\/v3\/en-salto-encantado-comenzo-el-proceso-de-restauracion-de-la-selva-afectada-por-el-fuego\/","url":"https:\/\/cvinoticias.com\/v3\/en-salto-encantado-comenzo-el-proceso-de-restauracion-de-la-selva-afectada-por-el-fuego\/","name":"En Salto Encantado comenz\u00f3 el proceso de restauraci\u00f3n de la Selva afectada por el fuego | CVI NOTICIAS","isPartOf":{"@id":"https:\/\/cvinoticias.com\/v3\/#website"},"primaryImageOfPage":{"@id":"https:\/\/cvinoticias.com\/v3\/en-salto-encantado-comenzo-el-proceso-de-restauracion-de-la-selva-afectada-por-el-fuego\/#primaryimage"},"image":{"@id":"https:\/\/cvinoticias.com\/v3\/en-salto-encantado-comenzo-el-proceso-de-restauracion-de-la-selva-afectada-por-el-fuego\/#primaryimage"},"thumbnailUrl":"https:\/\/cvinoticias.com\/wp-content\/uploads\/2022\/02\/salto1-1000x575-1.jpg","datePublished":"2022-02-14T13:41:09+00:00","breadcrumb":{"@id":"https:\/\/cvinoticias.com\/v3\/en-salto-encantado-comenzo-el-proceso-de-restauracion-de-la-selva-afectada-por-el-fuego\/#breadcrumb"},"inLanguage":"es","potentialAction":[{"@type":"ReadAction","target":["https:\/\/cvinoticias.com\/v3\/en-salto-encantado-comenzo-el-proceso-de-restauracion-de-la-selva-afectada-por-el-fuego\/"]}]},{"@type":"ImageObject","inLanguage":"es","@id":"https:\/\/cvinoticias.com\/v3\/en-salto-encantado-comenzo-el-proceso-de-restauracion-de-la-selva-afectada-por-el-fuego\/#primaryimage","url":"https:\/\/cvinoticias.com\/wp-content\/uploads\/2022\/02\/salto1-1000x575-1.jpg","contentUrl":"https:\/\/cvinoticias.com\/wp-content\/uploads\/2022\/02\/salto1-1000x575-1.jpg","width":1000,"height":575},{"@type":"BreadcrumbList","@id":"https:\/\/cvinoticias.com\/v3\/en-salto-encantado-comenzo-el-proceso-de-restauracion-de-la-selva-afectada-por-el-fuego\/#breadcrumb","itemListElement":[{"@type":"ListItem","position":1,"name":"Portada","item":"https:\/\/cvinoticias.com\/v3\/"},{"@type":"ListItem","position":2,"name":"En Salto Encantado comenz\u00f3 el proceso de restauraci\u00f3n de la Selva afectada por el fuego"}]},{"@type":"WebSite","@id":"https:\/\/cvinoticias.com\/v3\/#website","url":"https:\/\/cvinoticias.com\/v3\/","name":"CVI NOTICIAS","description":"","publisher":{"@id":"https:\/\/cvinoticias.com\/v3\/#organization"},"alternateName":"CVI","potentialAction":[{"@type":"SearchAction","target":{"@type":"EntryPoint","urlTemplate":"https:\/\/cvinoticias.com\/v3\/?s={search_term_string}"},"query-input":{"@type":"PropertyValueSpecification","valueRequired":true,"valueName":"search_term_string"}}],"inLanguage":"es"},{"@type":"Organization","@id":"https:\/\/cvinoticias.com\/v3\/#organization","name":"CVI NOTICIAS","url":"https:\/\/cvinoticias.com\/v3\/","logo":{"@type":"ImageObject","inLanguage":"es","@id":"https:\/\/cvinoticias.com\/v3\/#\/schema\/logo\/image\/","url":"https:\/\/cvinoticias.com\/wp-content\/uploads\/2023\/04\/cropped-cropped-cropped-cropped-cropped-3-1.png","contentUrl":"https:\/\/cvinoticias.com\/wp-content\/uploads\/2023\/04\/cropped-cropped-cropped-cropped-cropped-3-1.png","width":95,"height":122,"caption":"CVI NOTICIAS"},"image":{"@id":"https:\/\/cvinoticias.com\/v3\/#\/schema\/logo\/image\/"},"sameAs":["https:\/\/www.facebook.com\/cvinoticias","https:\/\/www.instagram.com\/cvinoticias\/","https:\/\/www.youtube.com\/@CVINOTICIAS"]},{"@type":"Person","@id":"https:\/\/cvinoticias.com\/v3\/#\/schema\/person\/2db77e3c6bc03c538495d7b2b8be9b66","name":"f1000024","image":{"@type":"ImageObject","inLanguage":"es","@id":"https:\/\/secure.gravatar.com\/avatar\/d4fe7459cfc51ff5129ce1a732bbef5928568b8092d412ef95611616376bbeed?s=96&d=mm&r=g","url":"https:\/\/secure.gravatar.com\/avatar\/d4fe7459cfc51ff5129ce1a732bbef5928568b8092d412ef95611616376bbeed?s=96&d=mm&r=g","contentUrl":"https:\/\/secure.gravatar.com\/avatar\/d4fe7459cfc51ff5129ce1a732bbef5928568b8092d412ef95611616376bbeed?s=96&d=mm&r=g","caption":"f1000024"},"url":"https:\/\/cvinoticias.com\/v3\/author\/f1000024\/"}]}},"_links":{"self":[{"href":"https:\/\/cvinoticias.com\/v3\/wp-json\/wp\/v2\/posts\/13188","targetHints":{"allow":["GET"]}}],"collection":[{"href":"https:\/\/cvinoticias.com\/v3\/wp-json\/wp\/v2\/posts"}],"about":[{"href":"https:\/\/cvinoticias.com\/v3\/wp-json\/wp\/v2\/types\/post"}],"author":[{"embeddable":true,"href":"https:\/\/cvinoticias.com\/v3\/wp-json\/wp\/v2\/users\/2"}],"replies":[{"embeddable":true,"href":"https:\/\/cvinoticias.com\/v3\/wp-json\/wp\/v2\/comments?post=13188"}],"version-history":[{"count":1,"href":"https:\/\/cvinoticias.com\/v3\/wp-json\/wp\/v2\/posts\/13188\/revisions"}],"predecessor-version":[{"id":13192,"href":"https:\/\/cvinoticias.com\/v3\/wp-json\/wp\/v2\/posts\/13188\/revisions\/13192"}],"wp:featuredmedia":[{"embeddable":true,"href":"https:\/\/cvinoticias.com\/v3\/wp-json\/wp\/v2\/media\/13191"}],"wp:attachment":[{"href":"https:\/\/cvinoticias.com\/v3\/wp-json\/wp\/v2\/media?parent=13188"}],"wp:term":[{"taxonomy":"category","embeddable":true,"href":"https:\/\/cvinoticias.com\/v3\/wp-json\/wp\/v2\/categories?post=13188"},{"taxonomy":"post_tag","embeddable":true,"href":"https:\/\/cvinoticias.com\/v3\/wp-json\/wp\/v2\/tags?post=13188"}],"curies":[{"name":"wp","href":"https:\/\/api.w.org\/{rel}","templated":true}]}}