{"id":13183,"date":"2022-02-14T13:24:51","date_gmt":"2022-02-14T13:24:51","guid":{"rendered":"https:\/\/cvinoticias.com\/v3\/?p=13183"},"modified":"2022-02-14T13:24:51","modified_gmt":"2022-02-14T13:24:51","slug":"un-grupo-de-cetaceos-de-la-familia-de-los-delfines-encallo-en-la-bahia-de-ushuaia-este-domingo-debido-a-la-intensidad-del-viento","status":"publish","type":"post","link":"https:\/\/cvinoticias.com\/v3\/un-grupo-de-cetaceos-de-la-familia-de-los-delfines-encallo-en-la-bahia-de-ushuaia-este-domingo-debido-a-la-intensidad-del-viento\/","title":{"rendered":"Un grupo de cet\u00e1ceos de la familia de los delfines encall\u00f3 en la bah\u00eda de Ushuaia este domingo, debido a la intensidad del viento"},"content":{"rendered":"\n<p><strong><em>Los cet\u00e1ceos, tambi\u00e9n conocidos como toninas, fueron registrados por turistas y locales, quienes quedaron impactados, ya que estos aleteaban de forma desesperada en las costas de Ushuaia<\/em><\/strong><\/p>\n\n\n\n<p>El hecho ocurri\u00f3 en las premisas del puerto del Club N\u00e1utico, a pocos metros del centro de la ciudad.<\/p>\n\n\n\n<figure class=\"wp-block-image size-large\"><a href=\"https:\/\/cvinoticias.com\/wp-content\/uploads\/2022\/02\/FB_IMG_1644844827256.jpg\"><img decoding=\"async\" width=\"1024\" height=\"1024\" data-src=\"https:\/\/cvinoticias.com\/wp-content\/uploads\/2022\/02\/FB_IMG_1644844827256-1024x1024.jpg\" alt=\"\" class=\"wp-image-13184 lazyload\" data-srcset=\"https:\/\/cvinoticias.com\/wp-content\/uploads\/2022\/02\/FB_IMG_1644844827256-1024x1024.jpg 1024w, https:\/\/cvinoticias.com\/wp-content\/uploads\/2022\/02\/FB_IMG_1644844827256-300x300.jpg 300w, https:\/\/cvinoticias.com\/wp-content\/uploads\/2022\/02\/FB_IMG_1644844827256-150x150.jpg 150w, https:\/\/cvinoticias.com\/wp-content\/uploads\/2022\/02\/FB_IMG_1644844827256-768x768.jpg 768w, https:\/\/cvinoticias.com\/wp-content\/uploads\/2022\/02\/FB_IMG_1644844827256.jpg 1080w\" data-sizes=\"(max-width: 1024px) 100vw, 1024px\" src=\"data:image\/svg+xml;base64,PHN2ZyB3aWR0aD0iMSIgaGVpZ2h0PSIxIiB4bWxucz0iaHR0cDovL3d3dy53My5vcmcvMjAwMC9zdmciPjwvc3ZnPg==\" style=\"--smush-placeholder-width: 1024px; --smush-placeholder-aspect-ratio: 1024\/1024;\" \/><\/a><\/figure>\n\n\n\n<p>Si bien se sospecha que los delfines podr\u00edan haber estado escapando de alg\u00fan depredador y que la intensidad del viento habr\u00eda contribuido a la desorientaci\u00f3n repentina de los animales, las autoridades todav\u00eda no especificaron la raz\u00f3n<\/p>\n\n\n\n<p><strong>Fotos: Cristian Urrutia<\/strong><\/p>\n\n\n\n<figure class=\"wp-block-image size-large\"><a href=\"https:\/\/cvinoticias.com\/wp-content\/uploads\/2022\/02\/FB_IMG_1644844830604.jpg\"><img decoding=\"async\" width=\"1024\" height=\"1024\" data-src=\"https:\/\/cvinoticias.com\/wp-content\/uploads\/2022\/02\/FB_IMG_1644844830604-1024x1024.jpg\" alt=\"\" class=\"wp-image-13185 lazyload\" data-srcset=\"https:\/\/cvinoticias.com\/wp-content\/uploads\/2022\/02\/FB_IMG_1644844830604-1024x1024.jpg 1024w, https:\/\/cvinoticias.com\/wp-content\/uploads\/2022\/02\/FB_IMG_1644844830604-300x300.jpg 300w, https:\/\/cvinoticias.com\/wp-content\/uploads\/2022\/02\/FB_IMG_1644844830604-150x150.jpg 150w, https:\/\/cvinoticias.com\/wp-content\/uploads\/2022\/02\/FB_IMG_1644844830604-768x768.jpg 768w, https:\/\/cvinoticias.com\/wp-content\/uploads\/2022\/02\/FB_IMG_1644844830604.jpg 1080w\" data-sizes=\"(max-width: 1024px) 100vw, 1024px\" src=\"data:image\/svg+xml;base64,PHN2ZyB3aWR0aD0iMSIgaGVpZ2h0PSIxIiB4bWxucz0iaHR0cDovL3d3dy53My5vcmcvMjAwMC9zdmciPjwvc3ZnPg==\" style=\"--smush-placeholder-width: 1024px; --smush-placeholder-aspect-ratio: 1024\/1024;\" \/><\/a><\/figure>\n","protected":false},"excerpt":{"rendered":"<p>Los cet\u00e1ceos, tambi\u00e9n conocidos como toninas, fueron registrados por turistas y locales, quienes quedaron impactados, ya que estos aleteaban de forma desesperada en las costas de Ushuaia El hecho ocurri\u00f3 en las premisas del puerto del Club N\u00e1utico, a pocos metros del centro de la ciudad. Si bien se sospecha que los delfines podr\u00edan haber [&hellip;]<\/p>\n","protected":false},"author":2,"featured_media":13186,"comment_status":"open","ping_status":"open","sticky":false,"template":"","format":"standard","meta":{"footnotes":""},"categories":[35],"tags":[],"class_list":["post-13183","post","type-post","status-publish","format-standard","has-post-thumbnail","hentry","category-informacion-general"],"yoast_head":"<!-- This site is optimized with the Yoast SEO plugin v27.5 - https:\/\/yoast.com\/product\/yoast-seo-wordpress\/ -->\n<title>Un grupo de cet\u00e1ceos de la familia de los delfines encall\u00f3 en la bah\u00eda de Ushuaia este domingo, debido a la intensidad del viento | CVI NOTICIAS<\/title>\n<meta name=\"robots\" content=\"index, follow, max-snippet:-1, max-image-preview:large, max-video-preview:-1\" \/>\n<link rel=\"canonical\" href=\"https:\/\/cvinoticias.com\/v3\/un-grupo-de-cetaceos-de-la-familia-de-los-delfines-encallo-en-la-bahia-de-ushuaia-este-domingo-debido-a-la-intensidad-del-viento\/\" \/>\n<meta property=\"og:locale\" content=\"es_ES\" \/>\n<meta property=\"og:type\" content=\"article\" \/>\n<meta property=\"og:title\" content=\"Un grupo de cet\u00e1ceos de la familia de los delfines encall\u00f3 en la bah\u00eda de Ushuaia este domingo, debido a la intensidad del viento | CVI NOTICIAS\" \/>\n<meta property=\"og:description\" content=\"Los cet\u00e1ceos, tambi\u00e9n conocidos como toninas, fueron registrados por turistas y locales, quienes quedaron impactados, ya que estos aleteaban de forma desesperada en las costas de Ushuaia El hecho ocurri\u00f3 en las premisas del puerto del Club N\u00e1utico, a pocos metros del centro de la ciudad. Si bien se sospecha que los delfines podr\u00edan haber [&hellip;]\" \/>\n<meta property=\"og:url\" content=\"https:\/\/cvinoticias.com\/v3\/un-grupo-de-cetaceos-de-la-familia-de-los-delfines-encallo-en-la-bahia-de-ushuaia-este-domingo-debido-a-la-intensidad-del-viento\/\" \/>\n<meta property=\"og:site_name\" content=\"CVI NOTICIAS\" \/>\n<meta property=\"article:publisher\" content=\"https:\/\/www.facebook.com\/cvinoticias\" \/>\n<meta property=\"article:published_time\" content=\"2022-02-14T13:24:51+00:00\" \/>\n<meta property=\"og:image\" content=\"https:\/\/cvinoticias.com\/wp-content\/uploads\/2022\/02\/FB_IMG_1644844823806.jpg\" \/>\n\t<meta property=\"og:image:width\" content=\"1080\" \/>\n\t<meta property=\"og:image:height\" content=\"1080\" \/>\n\t<meta property=\"og:image:type\" content=\"image\/jpeg\" \/>\n<meta name=\"author\" content=\"f1000024\" \/>\n<meta name=\"twitter:card\" content=\"summary_large_image\" \/>\n<meta name=\"twitter:label1\" content=\"Escrito por\" \/>\n\t<meta name=\"twitter:data1\" content=\"f1000024\" \/>\n<script type=\"application\/ld+json\" class=\"yoast-schema-graph\">{\"@context\":\"https:\\\/\\\/schema.org\",\"@graph\":[{\"@type\":\"Article\",\"@id\":\"https:\\\/\\\/cvinoticias.com\\\/v3\\\/un-grupo-de-cetaceos-de-la-familia-de-los-delfines-encallo-en-la-bahia-de-ushuaia-este-domingo-debido-a-la-intensidad-del-viento\\\/#article\",\"isPartOf\":{\"@id\":\"https:\\\/\\\/cvinoticias.com\\\/v3\\\/un-grupo-de-cetaceos-de-la-familia-de-los-delfines-encallo-en-la-bahia-de-ushuaia-este-domingo-debido-a-la-intensidad-del-viento\\\/\"},\"author\":{\"name\":\"f1000024\",\"@id\":\"https:\\\/\\\/cvinoticias.com\\\/v3\\\/#\\\/schema\\\/person\\\/2db77e3c6bc03c538495d7b2b8be9b66\"},\"headline\":\"Un grupo de cet\u00e1ceos de la familia de los delfines encall\u00f3 en la bah\u00eda de Ushuaia este domingo, debido a la intensidad del viento\",\"datePublished\":\"2022-02-14T13:24:51+00:00\",\"mainEntityOfPage\":{\"@id\":\"https:\\\/\\\/cvinoticias.com\\\/v3\\\/un-grupo-de-cetaceos-de-la-familia-de-los-delfines-encallo-en-la-bahia-de-ushuaia-este-domingo-debido-a-la-intensidad-del-viento\\\/\"},\"wordCount\":120,\"commentCount\":0,\"publisher\":{\"@id\":\"https:\\\/\\\/cvinoticias.com\\\/v3\\\/#organization\"},\"image\":{\"@id\":\"https:\\\/\\\/cvinoticias.com\\\/v3\\\/un-grupo-de-cetaceos-de-la-familia-de-los-delfines-encallo-en-la-bahia-de-ushuaia-este-domingo-debido-a-la-intensidad-del-viento\\\/#primaryimage\"},\"thumbnailUrl\":\"https:\\\/\\\/cvinoticias.com\\\/wp-content\\\/uploads\\\/2022\\\/02\\\/FB_IMG_1644844823806.jpg\",\"articleSection\":[\"Informaci\u00f3n General\"],\"inLanguage\":\"es\",\"potentialAction\":[{\"@type\":\"CommentAction\",\"name\":\"Comment\",\"target\":[\"https:\\\/\\\/cvinoticias.com\\\/v3\\\/un-grupo-de-cetaceos-de-la-familia-de-los-delfines-encallo-en-la-bahia-de-ushuaia-este-domingo-debido-a-la-intensidad-del-viento\\\/#respond\"]}]},{\"@type\":\"WebPage\",\"@id\":\"https:\\\/\\\/cvinoticias.com\\\/v3\\\/un-grupo-de-cetaceos-de-la-familia-de-los-delfines-encallo-en-la-bahia-de-ushuaia-este-domingo-debido-a-la-intensidad-del-viento\\\/\",\"url\":\"https:\\\/\\\/cvinoticias.com\\\/v3\\\/un-grupo-de-cetaceos-de-la-familia-de-los-delfines-encallo-en-la-bahia-de-ushuaia-este-domingo-debido-a-la-intensidad-del-viento\\\/\",\"name\":\"Un grupo de cet\u00e1ceos de la familia de los delfines encall\u00f3 en la bah\u00eda de Ushuaia este domingo, debido a la intensidad del viento | CVI NOTICIAS\",\"isPartOf\":{\"@id\":\"https:\\\/\\\/cvinoticias.com\\\/v3\\\/#website\"},\"primaryImageOfPage\":{\"@id\":\"https:\\\/\\\/cvinoticias.com\\\/v3\\\/un-grupo-de-cetaceos-de-la-familia-de-los-delfines-encallo-en-la-bahia-de-ushuaia-este-domingo-debido-a-la-intensidad-del-viento\\\/#primaryimage\"},\"image\":{\"@id\":\"https:\\\/\\\/cvinoticias.com\\\/v3\\\/un-grupo-de-cetaceos-de-la-familia-de-los-delfines-encallo-en-la-bahia-de-ushuaia-este-domingo-debido-a-la-intensidad-del-viento\\\/#primaryimage\"},\"thumbnailUrl\":\"https:\\\/\\\/cvinoticias.com\\\/wp-content\\\/uploads\\\/2022\\\/02\\\/FB_IMG_1644844823806.jpg\",\"datePublished\":\"2022-02-14T13:24:51+00:00\",\"breadcrumb\":{\"@id\":\"https:\\\/\\\/cvinoticias.com\\\/v3\\\/un-grupo-de-cetaceos-de-la-familia-de-los-delfines-encallo-en-la-bahia-de-ushuaia-este-domingo-debido-a-la-intensidad-del-viento\\\/#breadcrumb\"},\"inLanguage\":\"es\",\"potentialAction\":[{\"@type\":\"ReadAction\",\"target\":[\"https:\\\/\\\/cvinoticias.com\\\/v3\\\/un-grupo-de-cetaceos-de-la-familia-de-los-delfines-encallo-en-la-bahia-de-ushuaia-este-domingo-debido-a-la-intensidad-del-viento\\\/\"]}]},{\"@type\":\"ImageObject\",\"inLanguage\":\"es\",\"@id\":\"https:\\\/\\\/cvinoticias.com\\\/v3\\\/un-grupo-de-cetaceos-de-la-familia-de-los-delfines-encallo-en-la-bahia-de-ushuaia-este-domingo-debido-a-la-intensidad-del-viento\\\/#primaryimage\",\"url\":\"https:\\\/\\\/cvinoticias.com\\\/wp-content\\\/uploads\\\/2022\\\/02\\\/FB_IMG_1644844823806.jpg\",\"contentUrl\":\"https:\\\/\\\/cvinoticias.com\\\/wp-content\\\/uploads\\\/2022\\\/02\\\/FB_IMG_1644844823806.jpg\",\"width\":1080,\"height\":1080},{\"@type\":\"BreadcrumbList\",\"@id\":\"https:\\\/\\\/cvinoticias.com\\\/v3\\\/un-grupo-de-cetaceos-de-la-familia-de-los-delfines-encallo-en-la-bahia-de-ushuaia-este-domingo-debido-a-la-intensidad-del-viento\\\/#breadcrumb\",\"itemListElement\":[{\"@type\":\"ListItem\",\"position\":1,\"name\":\"Portada\",\"item\":\"https:\\\/\\\/cvinoticias.com\\\/v3\\\/\"},{\"@type\":\"ListItem\",\"position\":2,\"name\":\"Un grupo de cet\u00e1ceos de la familia de los delfines encall\u00f3 en la bah\u00eda de Ushuaia este domingo, debido a la intensidad del viento\"}]},{\"@type\":\"WebSite\",\"@id\":\"https:\\\/\\\/cvinoticias.com\\\/v3\\\/#website\",\"url\":\"https:\\\/\\\/cvinoticias.com\\\/v3\\\/\",\"name\":\"CVI NOTICIAS\",\"description\":\"\",\"publisher\":{\"@id\":\"https:\\\/\\\/cvinoticias.com\\\/v3\\\/#organization\"},\"alternateName\":\"CVI\",\"potentialAction\":[{\"@type\":\"SearchAction\",\"target\":{\"@type\":\"EntryPoint\",\"urlTemplate\":\"https:\\\/\\\/cvinoticias.com\\\/v3\\\/?s={search_term_string}\"},\"query-input\":{\"@type\":\"PropertyValueSpecification\",\"valueRequired\":true,\"valueName\":\"search_term_string\"}}],\"inLanguage\":\"es\"},{\"@type\":\"Organization\",\"@id\":\"https:\\\/\\\/cvinoticias.com\\\/v3\\\/#organization\",\"name\":\"CVI NOTICIAS\",\"url\":\"https:\\\/\\\/cvinoticias.com\\\/v3\\\/\",\"logo\":{\"@type\":\"ImageObject\",\"inLanguage\":\"es\",\"@id\":\"https:\\\/\\\/cvinoticias.com\\\/v3\\\/#\\\/schema\\\/logo\\\/image\\\/\",\"url\":\"https:\\\/\\\/cvinoticias.com\\\/wp-content\\\/uploads\\\/2023\\\/04\\\/cropped-cropped-cropped-cropped-cropped-3-1.png\",\"contentUrl\":\"https:\\\/\\\/cvinoticias.com\\\/wp-content\\\/uploads\\\/2023\\\/04\\\/cropped-cropped-cropped-cropped-cropped-3-1.png\",\"width\":95,\"height\":122,\"caption\":\"CVI NOTICIAS\"},\"image\":{\"@id\":\"https:\\\/\\\/cvinoticias.com\\\/v3\\\/#\\\/schema\\\/logo\\\/image\\\/\"},\"sameAs\":[\"https:\\\/\\\/www.facebook.com\\\/cvinoticias\",\"https:\\\/\\\/www.instagram.com\\\/cvinoticias\\\/\",\"https:\\\/\\\/www.youtube.com\\\/@CVINOTICIAS\"]},{\"@type\":\"Person\",\"@id\":\"https:\\\/\\\/cvinoticias.com\\\/v3\\\/#\\\/schema\\\/person\\\/2db77e3c6bc03c538495d7b2b8be9b66\",\"name\":\"f1000024\",\"image\":{\"@type\":\"ImageObject\",\"inLanguage\":\"es\",\"@id\":\"https:\\\/\\\/secure.gravatar.com\\\/avatar\\\/d4fe7459cfc51ff5129ce1a732bbef5928568b8092d412ef95611616376bbeed?s=96&d=mm&r=g\",\"url\":\"https:\\\/\\\/secure.gravatar.com\\\/avatar\\\/d4fe7459cfc51ff5129ce1a732bbef5928568b8092d412ef95611616376bbeed?s=96&d=mm&r=g\",\"contentUrl\":\"https:\\\/\\\/secure.gravatar.com\\\/avatar\\\/d4fe7459cfc51ff5129ce1a732bbef5928568b8092d412ef95611616376bbeed?s=96&d=mm&r=g\",\"caption\":\"f1000024\"},\"url\":\"https:\\\/\\\/cvinoticias.com\\\/v3\\\/author\\\/f1000024\\\/\"}]}<\/script>\n<!-- \/ Yoast SEO plugin. -->","yoast_head_json":{"title":"Un grupo de cet\u00e1ceos de la familia de los delfines encall\u00f3 en la bah\u00eda de Ushuaia este domingo, debido a la intensidad del viento | CVI NOTICIAS","robots":{"index":"index","follow":"follow","max-snippet":"max-snippet:-1","max-image-preview":"max-image-preview:large","max-video-preview":"max-video-preview:-1"},"canonical":"https:\/\/cvinoticias.com\/v3\/un-grupo-de-cetaceos-de-la-familia-de-los-delfines-encallo-en-la-bahia-de-ushuaia-este-domingo-debido-a-la-intensidad-del-viento\/","og_locale":"es_ES","og_type":"article","og_title":"Un grupo de cet\u00e1ceos de la familia de los delfines encall\u00f3 en la bah\u00eda de Ushuaia este domingo, debido a la intensidad del viento | CVI NOTICIAS","og_description":"Los cet\u00e1ceos, tambi\u00e9n conocidos como toninas, fueron registrados por turistas y locales, quienes quedaron impactados, ya que estos aleteaban de forma desesperada en las costas de Ushuaia El hecho ocurri\u00f3 en las premisas del puerto del Club N\u00e1utico, a pocos metros del centro de la ciudad. Si bien se sospecha que los delfines podr\u00edan haber [&hellip;]","og_url":"https:\/\/cvinoticias.com\/v3\/un-grupo-de-cetaceos-de-la-familia-de-los-delfines-encallo-en-la-bahia-de-ushuaia-este-domingo-debido-a-la-intensidad-del-viento\/","og_site_name":"CVI NOTICIAS","article_publisher":"https:\/\/www.facebook.com\/cvinoticias","article_published_time":"2022-02-14T13:24:51+00:00","og_image":[{"width":1080,"height":1080,"url":"https:\/\/cvinoticias.com\/wp-content\/uploads\/2022\/02\/FB_IMG_1644844823806.jpg","type":"image\/jpeg"}],"author":"f1000024","twitter_card":"summary_large_image","twitter_misc":{"Escrito por":"f1000024"},"schema":{"@context":"https:\/\/schema.org","@graph":[{"@type":"Article","@id":"https:\/\/cvinoticias.com\/v3\/un-grupo-de-cetaceos-de-la-familia-de-los-delfines-encallo-en-la-bahia-de-ushuaia-este-domingo-debido-a-la-intensidad-del-viento\/#article","isPartOf":{"@id":"https:\/\/cvinoticias.com\/v3\/un-grupo-de-cetaceos-de-la-familia-de-los-delfines-encallo-en-la-bahia-de-ushuaia-este-domingo-debido-a-la-intensidad-del-viento\/"},"author":{"name":"f1000024","@id":"https:\/\/cvinoticias.com\/v3\/#\/schema\/person\/2db77e3c6bc03c538495d7b2b8be9b66"},"headline":"Un grupo de cet\u00e1ceos de la familia de los delfines encall\u00f3 en la bah\u00eda de Ushuaia este domingo, debido a la intensidad del viento","datePublished":"2022-02-14T13:24:51+00:00","mainEntityOfPage":{"@id":"https:\/\/cvinoticias.com\/v3\/un-grupo-de-cetaceos-de-la-familia-de-los-delfines-encallo-en-la-bahia-de-ushuaia-este-domingo-debido-a-la-intensidad-del-viento\/"},"wordCount":120,"commentCount":0,"publisher":{"@id":"https:\/\/cvinoticias.com\/v3\/#organization"},"image":{"@id":"https:\/\/cvinoticias.com\/v3\/un-grupo-de-cetaceos-de-la-familia-de-los-delfines-encallo-en-la-bahia-de-ushuaia-este-domingo-debido-a-la-intensidad-del-viento\/#primaryimage"},"thumbnailUrl":"https:\/\/cvinoticias.com\/wp-content\/uploads\/2022\/02\/FB_IMG_1644844823806.jpg","articleSection":["Informaci\u00f3n General"],"inLanguage":"es","potentialAction":[{"@type":"CommentAction","name":"Comment","target":["https:\/\/cvinoticias.com\/v3\/un-grupo-de-cetaceos-de-la-familia-de-los-delfines-encallo-en-la-bahia-de-ushuaia-este-domingo-debido-a-la-intensidad-del-viento\/#respond"]}]},{"@type":"WebPage","@id":"https:\/\/cvinoticias.com\/v3\/un-grupo-de-cetaceos-de-la-familia-de-los-delfines-encallo-en-la-bahia-de-ushuaia-este-domingo-debido-a-la-intensidad-del-viento\/","url":"https:\/\/cvinoticias.com\/v3\/un-grupo-de-cetaceos-de-la-familia-de-los-delfines-encallo-en-la-bahia-de-ushuaia-este-domingo-debido-a-la-intensidad-del-viento\/","name":"Un grupo de cet\u00e1ceos de la familia de los delfines encall\u00f3 en la bah\u00eda de Ushuaia este domingo, debido a la intensidad del viento | CVI NOTICIAS","isPartOf":{"@id":"https:\/\/cvinoticias.com\/v3\/#website"},"primaryImageOfPage":{"@id":"https:\/\/cvinoticias.com\/v3\/un-grupo-de-cetaceos-de-la-familia-de-los-delfines-encallo-en-la-bahia-de-ushuaia-este-domingo-debido-a-la-intensidad-del-viento\/#primaryimage"},"image":{"@id":"https:\/\/cvinoticias.com\/v3\/un-grupo-de-cetaceos-de-la-familia-de-los-delfines-encallo-en-la-bahia-de-ushuaia-este-domingo-debido-a-la-intensidad-del-viento\/#primaryimage"},"thumbnailUrl":"https:\/\/cvinoticias.com\/wp-content\/uploads\/2022\/02\/FB_IMG_1644844823806.jpg","datePublished":"2022-02-14T13:24:51+00:00","breadcrumb":{"@id":"https:\/\/cvinoticias.com\/v3\/un-grupo-de-cetaceos-de-la-familia-de-los-delfines-encallo-en-la-bahia-de-ushuaia-este-domingo-debido-a-la-intensidad-del-viento\/#breadcrumb"},"inLanguage":"es","potentialAction":[{"@type":"ReadAction","target":["https:\/\/cvinoticias.com\/v3\/un-grupo-de-cetaceos-de-la-familia-de-los-delfines-encallo-en-la-bahia-de-ushuaia-este-domingo-debido-a-la-intensidad-del-viento\/"]}]},{"@type":"ImageObject","inLanguage":"es","@id":"https:\/\/cvinoticias.com\/v3\/un-grupo-de-cetaceos-de-la-familia-de-los-delfines-encallo-en-la-bahia-de-ushuaia-este-domingo-debido-a-la-intensidad-del-viento\/#primaryimage","url":"https:\/\/cvinoticias.com\/wp-content\/uploads\/2022\/02\/FB_IMG_1644844823806.jpg","contentUrl":"https:\/\/cvinoticias.com\/wp-content\/uploads\/2022\/02\/FB_IMG_1644844823806.jpg","width":1080,"height":1080},{"@type":"BreadcrumbList","@id":"https:\/\/cvinoticias.com\/v3\/un-grupo-de-cetaceos-de-la-familia-de-los-delfines-encallo-en-la-bahia-de-ushuaia-este-domingo-debido-a-la-intensidad-del-viento\/#breadcrumb","itemListElement":[{"@type":"ListItem","position":1,"name":"Portada","item":"https:\/\/cvinoticias.com\/v3\/"},{"@type":"ListItem","position":2,"name":"Un grupo de cet\u00e1ceos de la familia de los delfines encall\u00f3 en la bah\u00eda de Ushuaia este domingo, debido a la intensidad del viento"}]},{"@type":"WebSite","@id":"https:\/\/cvinoticias.com\/v3\/#website","url":"https:\/\/cvinoticias.com\/v3\/","name":"CVI NOTICIAS","description":"","publisher":{"@id":"https:\/\/cvinoticias.com\/v3\/#organization"},"alternateName":"CVI","potentialAction":[{"@type":"SearchAction","target":{"@type":"EntryPoint","urlTemplate":"https:\/\/cvinoticias.com\/v3\/?s={search_term_string}"},"query-input":{"@type":"PropertyValueSpecification","valueRequired":true,"valueName":"search_term_string"}}],"inLanguage":"es"},{"@type":"Organization","@id":"https:\/\/cvinoticias.com\/v3\/#organization","name":"CVI NOTICIAS","url":"https:\/\/cvinoticias.com\/v3\/","logo":{"@type":"ImageObject","inLanguage":"es","@id":"https:\/\/cvinoticias.com\/v3\/#\/schema\/logo\/image\/","url":"https:\/\/cvinoticias.com\/wp-content\/uploads\/2023\/04\/cropped-cropped-cropped-cropped-cropped-3-1.png","contentUrl":"https:\/\/cvinoticias.com\/wp-content\/uploads\/2023\/04\/cropped-cropped-cropped-cropped-cropped-3-1.png","width":95,"height":122,"caption":"CVI NOTICIAS"},"image":{"@id":"https:\/\/cvinoticias.com\/v3\/#\/schema\/logo\/image\/"},"sameAs":["https:\/\/www.facebook.com\/cvinoticias","https:\/\/www.instagram.com\/cvinoticias\/","https:\/\/www.youtube.com\/@CVINOTICIAS"]},{"@type":"Person","@id":"https:\/\/cvinoticias.com\/v3\/#\/schema\/person\/2db77e3c6bc03c538495d7b2b8be9b66","name":"f1000024","image":{"@type":"ImageObject","inLanguage":"es","@id":"https:\/\/secure.gravatar.com\/avatar\/d4fe7459cfc51ff5129ce1a732bbef5928568b8092d412ef95611616376bbeed?s=96&d=mm&r=g","url":"https:\/\/secure.gravatar.com\/avatar\/d4fe7459cfc51ff5129ce1a732bbef5928568b8092d412ef95611616376bbeed?s=96&d=mm&r=g","contentUrl":"https:\/\/secure.gravatar.com\/avatar\/d4fe7459cfc51ff5129ce1a732bbef5928568b8092d412ef95611616376bbeed?s=96&d=mm&r=g","caption":"f1000024"},"url":"https:\/\/cvinoticias.com\/v3\/author\/f1000024\/"}]}},"_links":{"self":[{"href":"https:\/\/cvinoticias.com\/v3\/wp-json\/wp\/v2\/posts\/13183","targetHints":{"allow":["GET"]}}],"collection":[{"href":"https:\/\/cvinoticias.com\/v3\/wp-json\/wp\/v2\/posts"}],"about":[{"href":"https:\/\/cvinoticias.com\/v3\/wp-json\/wp\/v2\/types\/post"}],"author":[{"embeddable":true,"href":"https:\/\/cvinoticias.com\/v3\/wp-json\/wp\/v2\/users\/2"}],"replies":[{"embeddable":true,"href":"https:\/\/cvinoticias.com\/v3\/wp-json\/wp\/v2\/comments?post=13183"}],"version-history":[{"count":1,"href":"https:\/\/cvinoticias.com\/v3\/wp-json\/wp\/v2\/posts\/13183\/revisions"}],"predecessor-version":[{"id":13187,"href":"https:\/\/cvinoticias.com\/v3\/wp-json\/wp\/v2\/posts\/13183\/revisions\/13187"}],"wp:featuredmedia":[{"embeddable":true,"href":"https:\/\/cvinoticias.com\/v3\/wp-json\/wp\/v2\/media\/13186"}],"wp:attachment":[{"href":"https:\/\/cvinoticias.com\/v3\/wp-json\/wp\/v2\/media?parent=13183"}],"wp:term":[{"taxonomy":"category","embeddable":true,"href":"https:\/\/cvinoticias.com\/v3\/wp-json\/wp\/v2\/categories?post=13183"},{"taxonomy":"post_tag","embeddable":true,"href":"https:\/\/cvinoticias.com\/v3\/wp-json\/wp\/v2\/tags?post=13183"}],"curies":[{"name":"wp","href":"https:\/\/api.w.org\/{rel}","templated":true}]}}