{"id":13179,"date":"2022-02-13T23:46:56","date_gmt":"2022-02-13T23:46:56","guid":{"rendered":"https:\/\/cvinoticias.com\/v3\/?p=13179"},"modified":"2022-02-13T23:46:56","modified_gmt":"2022-02-13T23:46:56","slug":"alerta-en-paraguay-por-monoxido-de-carbono-proveniente-de-corrientes","status":"publish","type":"post","link":"https:\/\/cvinoticias.com\/v3\/alerta-en-paraguay-por-monoxido-de-carbono-proveniente-de-corrientes\/","title":{"rendered":"Alerta en Paraguay por mon\u00f3xido de carbono proveniente de Corrientes"},"content":{"rendered":"\n<p><strong><em>Los departamentos Misiones e Itap\u00faa, ubicados al sur de Paraguay, registraron este s\u00e1bado fuertes concentraciones de humo, luego del cambio en la direcci\u00f3n del viento. Suponen que provienen de los grandes incendios que ya quemaron m\u00e1s de medio mill\u00f3n de hect\u00e1reas durante este a\u00f1o en la provincia de Corrientes, provincia muy afectada por este flagelo, que tambi\u00e9n mantiene en vilo a la provincia de Misiones.<\/em><\/strong><\/p>\n\n\n\n<p>\u201cComo consecuencia de los masivos incendios en Corrientes y el viento sur-este nuestro pa\u00eds tendr\u00e1 un fuerte impacto de humo y altas concentraciones de mon\u00f3xido de carbono en el aire\u201d, se\u00f1al\u00f3 el ingeniero agroambiental Eduardo Dose Mart\u00ednez, oriundo de Hohenau, Itap\u00faa.<\/p>\n\n\n\n<p>Sin embargo, la organizaci\u00f3n Aire Paraguay registr\u00f3 este verano una recurrente contaminaci\u00f3n insalubre debido a las quemas rurales tanto como urbanas en la principal ciudad de ese pa\u00eds.<\/p>\n\n\n\n<p>En el centro de Asunci\u00f3n, la capital nacional, el sistema de medici\u00f3n Aire Paraguay calific\u00f3 como \u201cinsalubre\u201d la contaminaci\u00f3n del aire.<\/p>\n\n\n\n<p>Las grandes humaredas en el territorio correntino fueron fotografiadas esta semana desde las rutas a\u00e9reas y por los sat\u00e9lites en el espacio. Al punto que demostraron c\u00f3mo, por acci\u00f3n del viento Norte persistente hasta el viernes, el humo lleg\u00f3 hasta la costa del oc\u00e9ano Atl\u00e1ntico, a 700 kil\u00f3metros de Corrientes.<\/p>\n\n\n\n<p>Estos gases t\u00f3xicos producidos por la combusti\u00f3n vegetal pueden ser irritantes y asfixiantes, siendo los m\u00e1s importantes el mon\u00f3xido de carbono, cianuro, amoniaco, benceno, formaldeh\u00eddo, \u00f3xidos nitroso y n\u00edtrico.<\/p>\n\n\n\n<p>Es por esto que el ingeniero agroambiental incentiv\u00f3 a la poblaci\u00f3n paraguaya \u201ca tomar precauciones\u201d. Su advertencia fue dirigida sobre todo a personas vulnerables de los sistemas card\u00edaco y respiratorio, as\u00ed como a aquellos propensos a las alergias.<\/p>\n\n\n\n<p>Mientras que las mediciones de visibilidad a\u00e9rea en la provincia de Corrientes registraron reducciones superiores al 90% durante esta semana. Marcas similares de distancia de la visi\u00f3n son anotadas por los observatorios meteorol\u00f3gicos durante las jornadas de niebla invernal.<\/p>\n\n\n\n<p>El pron\u00f3stico de Mart\u00ednez es que el viento con predominancia del sector sur durar\u00e1 al menos hasta ma\u00f1ana. El Servicio Meteorol\u00f3gico Nacional (SMN) tambi\u00e9n prev\u00e9 vientos del sur para Corrientes desde ayer hasta este lunes.<\/p>\n\n\n\n<p><strong>Fuente: El Litoral<\/strong><\/p>\n","protected":false},"excerpt":{"rendered":"<p>Los departamentos Misiones e Itap\u00faa, ubicados al sur de Paraguay, registraron este s\u00e1bado fuertes concentraciones de humo, luego del cambio en la direcci\u00f3n del viento. Suponen que provienen de los grandes incendios que ya quemaron m\u00e1s de medio mill\u00f3n de hect\u00e1reas durante este a\u00f1o en la provincia de Corrientes, provincia muy afectada por este flagelo, [&hellip;]<\/p>\n","protected":false},"author":2,"featured_media":13180,"comment_status":"open","ping_status":"open","sticky":false,"template":"","format":"standard","meta":{"footnotes":""},"categories":[35],"tags":[],"class_list":["post-13179","post","type-post","status-publish","format-standard","has-post-thumbnail","hentry","category-informacion-general"],"yoast_head":"<!-- This site is optimized with the Yoast SEO plugin v27.5 - https:\/\/yoast.com\/product\/yoast-seo-wordpress\/ -->\n<title>Alerta en Paraguay por mon\u00f3xido de carbono proveniente de Corrientes | CVI NOTICIAS<\/title>\n<meta name=\"robots\" content=\"index, follow, max-snippet:-1, max-image-preview:large, max-video-preview:-1\" \/>\n<link rel=\"canonical\" href=\"https:\/\/cvinoticias.com\/v3\/alerta-en-paraguay-por-monoxido-de-carbono-proveniente-de-corrientes\/\" \/>\n<meta property=\"og:locale\" content=\"es_ES\" \/>\n<meta property=\"og:type\" content=\"article\" \/>\n<meta property=\"og:title\" content=\"Alerta en Paraguay por mon\u00f3xido de carbono proveniente de Corrientes | CVI NOTICIAS\" \/>\n<meta property=\"og:description\" content=\"Los departamentos Misiones e Itap\u00faa, ubicados al sur de Paraguay, registraron este s\u00e1bado fuertes concentraciones de humo, luego del cambio en la direcci\u00f3n del viento. Suponen que provienen de los grandes incendios que ya quemaron m\u00e1s de medio mill\u00f3n de hect\u00e1reas durante este a\u00f1o en la provincia de Corrientes, provincia muy afectada por este flagelo, [&hellip;]\" \/>\n<meta property=\"og:url\" content=\"https:\/\/cvinoticias.com\/v3\/alerta-en-paraguay-por-monoxido-de-carbono-proveniente-de-corrientes\/\" \/>\n<meta property=\"og:site_name\" content=\"CVI NOTICIAS\" \/>\n<meta property=\"article:publisher\" content=\"https:\/\/www.facebook.com\/cvinoticias\" \/>\n<meta property=\"article:published_time\" content=\"2022-02-13T23:46:56+00:00\" \/>\n<meta property=\"og:image\" content=\"https:\/\/cvinoticias.com\/wp-content\/uploads\/2022\/02\/IMG-20220213-WA0059.jpg\" \/>\n\t<meta property=\"og:image:width\" content=\"1600\" \/>\n\t<meta property=\"og:image:height\" content=\"737\" \/>\n\t<meta property=\"og:image:type\" content=\"image\/jpeg\" \/>\n<meta name=\"author\" content=\"f1000024\" \/>\n<meta name=\"twitter:card\" content=\"summary_large_image\" \/>\n<meta name=\"twitter:label1\" content=\"Escrito por\" \/>\n\t<meta name=\"twitter:data1\" content=\"f1000024\" \/>\n\t<meta name=\"twitter:label2\" content=\"Tiempo de lectura\" \/>\n\t<meta name=\"twitter:data2\" content=\"2 minutos\" \/>\n<script type=\"application\/ld+json\" class=\"yoast-schema-graph\">{\"@context\":\"https:\\\/\\\/schema.org\",\"@graph\":[{\"@type\":\"Article\",\"@id\":\"https:\\\/\\\/cvinoticias.com\\\/v3\\\/alerta-en-paraguay-por-monoxido-de-carbono-proveniente-de-corrientes\\\/#article\",\"isPartOf\":{\"@id\":\"https:\\\/\\\/cvinoticias.com\\\/v3\\\/alerta-en-paraguay-por-monoxido-de-carbono-proveniente-de-corrientes\\\/\"},\"author\":{\"name\":\"f1000024\",\"@id\":\"https:\\\/\\\/cvinoticias.com\\\/v3\\\/#\\\/schema\\\/person\\\/2db77e3c6bc03c538495d7b2b8be9b66\"},\"headline\":\"Alerta en Paraguay por mon\u00f3xido de carbono proveniente de Corrientes\",\"datePublished\":\"2022-02-13T23:46:56+00:00\",\"mainEntityOfPage\":{\"@id\":\"https:\\\/\\\/cvinoticias.com\\\/v3\\\/alerta-en-paraguay-por-monoxido-de-carbono-proveniente-de-corrientes\\\/\"},\"wordCount\":400,\"commentCount\":0,\"publisher\":{\"@id\":\"https:\\\/\\\/cvinoticias.com\\\/v3\\\/#organization\"},\"image\":{\"@id\":\"https:\\\/\\\/cvinoticias.com\\\/v3\\\/alerta-en-paraguay-por-monoxido-de-carbono-proveniente-de-corrientes\\\/#primaryimage\"},\"thumbnailUrl\":\"https:\\\/\\\/cvinoticias.com\\\/wp-content\\\/uploads\\\/2022\\\/02\\\/IMG-20220213-WA0059.jpg\",\"articleSection\":[\"Informaci\u00f3n General\"],\"inLanguage\":\"es\",\"potentialAction\":[{\"@type\":\"CommentAction\",\"name\":\"Comment\",\"target\":[\"https:\\\/\\\/cvinoticias.com\\\/v3\\\/alerta-en-paraguay-por-monoxido-de-carbono-proveniente-de-corrientes\\\/#respond\"]}]},{\"@type\":\"WebPage\",\"@id\":\"https:\\\/\\\/cvinoticias.com\\\/v3\\\/alerta-en-paraguay-por-monoxido-de-carbono-proveniente-de-corrientes\\\/\",\"url\":\"https:\\\/\\\/cvinoticias.com\\\/v3\\\/alerta-en-paraguay-por-monoxido-de-carbono-proveniente-de-corrientes\\\/\",\"name\":\"Alerta en Paraguay por mon\u00f3xido de carbono proveniente de Corrientes | CVI NOTICIAS\",\"isPartOf\":{\"@id\":\"https:\\\/\\\/cvinoticias.com\\\/v3\\\/#website\"},\"primaryImageOfPage\":{\"@id\":\"https:\\\/\\\/cvinoticias.com\\\/v3\\\/alerta-en-paraguay-por-monoxido-de-carbono-proveniente-de-corrientes\\\/#primaryimage\"},\"image\":{\"@id\":\"https:\\\/\\\/cvinoticias.com\\\/v3\\\/alerta-en-paraguay-por-monoxido-de-carbono-proveniente-de-corrientes\\\/#primaryimage\"},\"thumbnailUrl\":\"https:\\\/\\\/cvinoticias.com\\\/wp-content\\\/uploads\\\/2022\\\/02\\\/IMG-20220213-WA0059.jpg\",\"datePublished\":\"2022-02-13T23:46:56+00:00\",\"breadcrumb\":{\"@id\":\"https:\\\/\\\/cvinoticias.com\\\/v3\\\/alerta-en-paraguay-por-monoxido-de-carbono-proveniente-de-corrientes\\\/#breadcrumb\"},\"inLanguage\":\"es\",\"potentialAction\":[{\"@type\":\"ReadAction\",\"target\":[\"https:\\\/\\\/cvinoticias.com\\\/v3\\\/alerta-en-paraguay-por-monoxido-de-carbono-proveniente-de-corrientes\\\/\"]}]},{\"@type\":\"ImageObject\",\"inLanguage\":\"es\",\"@id\":\"https:\\\/\\\/cvinoticias.com\\\/v3\\\/alerta-en-paraguay-por-monoxido-de-carbono-proveniente-de-corrientes\\\/#primaryimage\",\"url\":\"https:\\\/\\\/cvinoticias.com\\\/wp-content\\\/uploads\\\/2022\\\/02\\\/IMG-20220213-WA0059.jpg\",\"contentUrl\":\"https:\\\/\\\/cvinoticias.com\\\/wp-content\\\/uploads\\\/2022\\\/02\\\/IMG-20220213-WA0059.jpg\",\"width\":1600,\"height\":737},{\"@type\":\"BreadcrumbList\",\"@id\":\"https:\\\/\\\/cvinoticias.com\\\/v3\\\/alerta-en-paraguay-por-monoxido-de-carbono-proveniente-de-corrientes\\\/#breadcrumb\",\"itemListElement\":[{\"@type\":\"ListItem\",\"position\":1,\"name\":\"Portada\",\"item\":\"https:\\\/\\\/cvinoticias.com\\\/v3\\\/\"},{\"@type\":\"ListItem\",\"position\":2,\"name\":\"Alerta en Paraguay por mon\u00f3xido de carbono proveniente de Corrientes\"}]},{\"@type\":\"WebSite\",\"@id\":\"https:\\\/\\\/cvinoticias.com\\\/v3\\\/#website\",\"url\":\"https:\\\/\\\/cvinoticias.com\\\/v3\\\/\",\"name\":\"CVI NOTICIAS\",\"description\":\"\",\"publisher\":{\"@id\":\"https:\\\/\\\/cvinoticias.com\\\/v3\\\/#organization\"},\"alternateName\":\"CVI\",\"potentialAction\":[{\"@type\":\"SearchAction\",\"target\":{\"@type\":\"EntryPoint\",\"urlTemplate\":\"https:\\\/\\\/cvinoticias.com\\\/v3\\\/?s={search_term_string}\"},\"query-input\":{\"@type\":\"PropertyValueSpecification\",\"valueRequired\":true,\"valueName\":\"search_term_string\"}}],\"inLanguage\":\"es\"},{\"@type\":\"Organization\",\"@id\":\"https:\\\/\\\/cvinoticias.com\\\/v3\\\/#organization\",\"name\":\"CVI NOTICIAS\",\"url\":\"https:\\\/\\\/cvinoticias.com\\\/v3\\\/\",\"logo\":{\"@type\":\"ImageObject\",\"inLanguage\":\"es\",\"@id\":\"https:\\\/\\\/cvinoticias.com\\\/v3\\\/#\\\/schema\\\/logo\\\/image\\\/\",\"url\":\"https:\\\/\\\/cvinoticias.com\\\/wp-content\\\/uploads\\\/2023\\\/04\\\/cropped-cropped-cropped-cropped-cropped-3-1.png\",\"contentUrl\":\"https:\\\/\\\/cvinoticias.com\\\/wp-content\\\/uploads\\\/2023\\\/04\\\/cropped-cropped-cropped-cropped-cropped-3-1.png\",\"width\":95,\"height\":122,\"caption\":\"CVI NOTICIAS\"},\"image\":{\"@id\":\"https:\\\/\\\/cvinoticias.com\\\/v3\\\/#\\\/schema\\\/logo\\\/image\\\/\"},\"sameAs\":[\"https:\\\/\\\/www.facebook.com\\\/cvinoticias\",\"https:\\\/\\\/www.instagram.com\\\/cvinoticias\\\/\",\"https:\\\/\\\/www.youtube.com\\\/@CVINOTICIAS\"]},{\"@type\":\"Person\",\"@id\":\"https:\\\/\\\/cvinoticias.com\\\/v3\\\/#\\\/schema\\\/person\\\/2db77e3c6bc03c538495d7b2b8be9b66\",\"name\":\"f1000024\",\"image\":{\"@type\":\"ImageObject\",\"inLanguage\":\"es\",\"@id\":\"https:\\\/\\\/secure.gravatar.com\\\/avatar\\\/d4fe7459cfc51ff5129ce1a732bbef5928568b8092d412ef95611616376bbeed?s=96&d=mm&r=g\",\"url\":\"https:\\\/\\\/secure.gravatar.com\\\/avatar\\\/d4fe7459cfc51ff5129ce1a732bbef5928568b8092d412ef95611616376bbeed?s=96&d=mm&r=g\",\"contentUrl\":\"https:\\\/\\\/secure.gravatar.com\\\/avatar\\\/d4fe7459cfc51ff5129ce1a732bbef5928568b8092d412ef95611616376bbeed?s=96&d=mm&r=g\",\"caption\":\"f1000024\"},\"url\":\"https:\\\/\\\/cvinoticias.com\\\/v3\\\/author\\\/f1000024\\\/\"}]}<\/script>\n<!-- \/ Yoast SEO plugin. -->","yoast_head_json":{"title":"Alerta en Paraguay por mon\u00f3xido de carbono proveniente de Corrientes | CVI NOTICIAS","robots":{"index":"index","follow":"follow","max-snippet":"max-snippet:-1","max-image-preview":"max-image-preview:large","max-video-preview":"max-video-preview:-1"},"canonical":"https:\/\/cvinoticias.com\/v3\/alerta-en-paraguay-por-monoxido-de-carbono-proveniente-de-corrientes\/","og_locale":"es_ES","og_type":"article","og_title":"Alerta en Paraguay por mon\u00f3xido de carbono proveniente de Corrientes | CVI NOTICIAS","og_description":"Los departamentos Misiones e Itap\u00faa, ubicados al sur de Paraguay, registraron este s\u00e1bado fuertes concentraciones de humo, luego del cambio en la direcci\u00f3n del viento. Suponen que provienen de los grandes incendios que ya quemaron m\u00e1s de medio mill\u00f3n de hect\u00e1reas durante este a\u00f1o en la provincia de Corrientes, provincia muy afectada por este flagelo, [&hellip;]","og_url":"https:\/\/cvinoticias.com\/v3\/alerta-en-paraguay-por-monoxido-de-carbono-proveniente-de-corrientes\/","og_site_name":"CVI NOTICIAS","article_publisher":"https:\/\/www.facebook.com\/cvinoticias","article_published_time":"2022-02-13T23:46:56+00:00","og_image":[{"width":1600,"height":737,"url":"https:\/\/cvinoticias.com\/wp-content\/uploads\/2022\/02\/IMG-20220213-WA0059.jpg","type":"image\/jpeg"}],"author":"f1000024","twitter_card":"summary_large_image","twitter_misc":{"Escrito por":"f1000024","Tiempo de lectura":"2 minutos"},"schema":{"@context":"https:\/\/schema.org","@graph":[{"@type":"Article","@id":"https:\/\/cvinoticias.com\/v3\/alerta-en-paraguay-por-monoxido-de-carbono-proveniente-de-corrientes\/#article","isPartOf":{"@id":"https:\/\/cvinoticias.com\/v3\/alerta-en-paraguay-por-monoxido-de-carbono-proveniente-de-corrientes\/"},"author":{"name":"f1000024","@id":"https:\/\/cvinoticias.com\/v3\/#\/schema\/person\/2db77e3c6bc03c538495d7b2b8be9b66"},"headline":"Alerta en Paraguay por mon\u00f3xido de carbono proveniente de Corrientes","datePublished":"2022-02-13T23:46:56+00:00","mainEntityOfPage":{"@id":"https:\/\/cvinoticias.com\/v3\/alerta-en-paraguay-por-monoxido-de-carbono-proveniente-de-corrientes\/"},"wordCount":400,"commentCount":0,"publisher":{"@id":"https:\/\/cvinoticias.com\/v3\/#organization"},"image":{"@id":"https:\/\/cvinoticias.com\/v3\/alerta-en-paraguay-por-monoxido-de-carbono-proveniente-de-corrientes\/#primaryimage"},"thumbnailUrl":"https:\/\/cvinoticias.com\/wp-content\/uploads\/2022\/02\/IMG-20220213-WA0059.jpg","articleSection":["Informaci\u00f3n General"],"inLanguage":"es","potentialAction":[{"@type":"CommentAction","name":"Comment","target":["https:\/\/cvinoticias.com\/v3\/alerta-en-paraguay-por-monoxido-de-carbono-proveniente-de-corrientes\/#respond"]}]},{"@type":"WebPage","@id":"https:\/\/cvinoticias.com\/v3\/alerta-en-paraguay-por-monoxido-de-carbono-proveniente-de-corrientes\/","url":"https:\/\/cvinoticias.com\/v3\/alerta-en-paraguay-por-monoxido-de-carbono-proveniente-de-corrientes\/","name":"Alerta en Paraguay por mon\u00f3xido de carbono proveniente de Corrientes | CVI NOTICIAS","isPartOf":{"@id":"https:\/\/cvinoticias.com\/v3\/#website"},"primaryImageOfPage":{"@id":"https:\/\/cvinoticias.com\/v3\/alerta-en-paraguay-por-monoxido-de-carbono-proveniente-de-corrientes\/#primaryimage"},"image":{"@id":"https:\/\/cvinoticias.com\/v3\/alerta-en-paraguay-por-monoxido-de-carbono-proveniente-de-corrientes\/#primaryimage"},"thumbnailUrl":"https:\/\/cvinoticias.com\/wp-content\/uploads\/2022\/02\/IMG-20220213-WA0059.jpg","datePublished":"2022-02-13T23:46:56+00:00","breadcrumb":{"@id":"https:\/\/cvinoticias.com\/v3\/alerta-en-paraguay-por-monoxido-de-carbono-proveniente-de-corrientes\/#breadcrumb"},"inLanguage":"es","potentialAction":[{"@type":"ReadAction","target":["https:\/\/cvinoticias.com\/v3\/alerta-en-paraguay-por-monoxido-de-carbono-proveniente-de-corrientes\/"]}]},{"@type":"ImageObject","inLanguage":"es","@id":"https:\/\/cvinoticias.com\/v3\/alerta-en-paraguay-por-monoxido-de-carbono-proveniente-de-corrientes\/#primaryimage","url":"https:\/\/cvinoticias.com\/wp-content\/uploads\/2022\/02\/IMG-20220213-WA0059.jpg","contentUrl":"https:\/\/cvinoticias.com\/wp-content\/uploads\/2022\/02\/IMG-20220213-WA0059.jpg","width":1600,"height":737},{"@type":"BreadcrumbList","@id":"https:\/\/cvinoticias.com\/v3\/alerta-en-paraguay-por-monoxido-de-carbono-proveniente-de-corrientes\/#breadcrumb","itemListElement":[{"@type":"ListItem","position":1,"name":"Portada","item":"https:\/\/cvinoticias.com\/v3\/"},{"@type":"ListItem","position":2,"name":"Alerta en Paraguay por mon\u00f3xido de carbono proveniente de Corrientes"}]},{"@type":"WebSite","@id":"https:\/\/cvinoticias.com\/v3\/#website","url":"https:\/\/cvinoticias.com\/v3\/","name":"CVI NOTICIAS","description":"","publisher":{"@id":"https:\/\/cvinoticias.com\/v3\/#organization"},"alternateName":"CVI","potentialAction":[{"@type":"SearchAction","target":{"@type":"EntryPoint","urlTemplate":"https:\/\/cvinoticias.com\/v3\/?s={search_term_string}"},"query-input":{"@type":"PropertyValueSpecification","valueRequired":true,"valueName":"search_term_string"}}],"inLanguage":"es"},{"@type":"Organization","@id":"https:\/\/cvinoticias.com\/v3\/#organization","name":"CVI NOTICIAS","url":"https:\/\/cvinoticias.com\/v3\/","logo":{"@type":"ImageObject","inLanguage":"es","@id":"https:\/\/cvinoticias.com\/v3\/#\/schema\/logo\/image\/","url":"https:\/\/cvinoticias.com\/wp-content\/uploads\/2023\/04\/cropped-cropped-cropped-cropped-cropped-3-1.png","contentUrl":"https:\/\/cvinoticias.com\/wp-content\/uploads\/2023\/04\/cropped-cropped-cropped-cropped-cropped-3-1.png","width":95,"height":122,"caption":"CVI NOTICIAS"},"image":{"@id":"https:\/\/cvinoticias.com\/v3\/#\/schema\/logo\/image\/"},"sameAs":["https:\/\/www.facebook.com\/cvinoticias","https:\/\/www.instagram.com\/cvinoticias\/","https:\/\/www.youtube.com\/@CVINOTICIAS"]},{"@type":"Person","@id":"https:\/\/cvinoticias.com\/v3\/#\/schema\/person\/2db77e3c6bc03c538495d7b2b8be9b66","name":"f1000024","image":{"@type":"ImageObject","inLanguage":"es","@id":"https:\/\/secure.gravatar.com\/avatar\/d4fe7459cfc51ff5129ce1a732bbef5928568b8092d412ef95611616376bbeed?s=96&d=mm&r=g","url":"https:\/\/secure.gravatar.com\/avatar\/d4fe7459cfc51ff5129ce1a732bbef5928568b8092d412ef95611616376bbeed?s=96&d=mm&r=g","contentUrl":"https:\/\/secure.gravatar.com\/avatar\/d4fe7459cfc51ff5129ce1a732bbef5928568b8092d412ef95611616376bbeed?s=96&d=mm&r=g","caption":"f1000024"},"url":"https:\/\/cvinoticias.com\/v3\/author\/f1000024\/"}]}},"_links":{"self":[{"href":"https:\/\/cvinoticias.com\/v3\/wp-json\/wp\/v2\/posts\/13179","targetHints":{"allow":["GET"]}}],"collection":[{"href":"https:\/\/cvinoticias.com\/v3\/wp-json\/wp\/v2\/posts"}],"about":[{"href":"https:\/\/cvinoticias.com\/v3\/wp-json\/wp\/v2\/types\/post"}],"author":[{"embeddable":true,"href":"https:\/\/cvinoticias.com\/v3\/wp-json\/wp\/v2\/users\/2"}],"replies":[{"embeddable":true,"href":"https:\/\/cvinoticias.com\/v3\/wp-json\/wp\/v2\/comments?post=13179"}],"version-history":[{"count":1,"href":"https:\/\/cvinoticias.com\/v3\/wp-json\/wp\/v2\/posts\/13179\/revisions"}],"predecessor-version":[{"id":13181,"href":"https:\/\/cvinoticias.com\/v3\/wp-json\/wp\/v2\/posts\/13179\/revisions\/13181"}],"wp:featuredmedia":[{"embeddable":true,"href":"https:\/\/cvinoticias.com\/v3\/wp-json\/wp\/v2\/media\/13180"}],"wp:attachment":[{"href":"https:\/\/cvinoticias.com\/v3\/wp-json\/wp\/v2\/media?parent=13179"}],"wp:term":[{"taxonomy":"category","embeddable":true,"href":"https:\/\/cvinoticias.com\/v3\/wp-json\/wp\/v2\/categories?post=13179"},{"taxonomy":"post_tag","embeddable":true,"href":"https:\/\/cvinoticias.com\/v3\/wp-json\/wp\/v2\/tags?post=13179"}],"curies":[{"name":"wp","href":"https:\/\/api.w.org\/{rel}","templated":true}]}}