{"id":13156,"date":"2022-02-12T21:32:37","date_gmt":"2022-02-12T21:32:37","guid":{"rendered":"https:\/\/cvinoticias.com\/v3\/?p=13156"},"modified":"2022-02-12T21:32:37","modified_gmt":"2022-02-12T21:32:37","slug":"encuentro-intercultural-impulsado-por-la-ong-rios-to-rivers","status":"publish","type":"post","link":"https:\/\/cvinoticias.com\/v3\/encuentro-intercultural-impulsado-por-la-ong-rios-to-rivers\/","title":{"rendered":"Encuentro intercultural impulsado por la ONG \u201cR\u00edos to Rivers\u201d"},"content":{"rendered":"\n<p><strong><em>El d\u00eda de ayer 11\/02 se dio inicio a una traves\u00eda n\u00e1utica de car\u00e1cter ambiental que tiene como objetivo la sensibilizaci\u00f3n y la educaci\u00f3n de j\u00f3venes de diferentes pa\u00edses sobre el cuidado de ambiente natural y la protecci\u00f3n del recurso h\u00eddrico.<\/em><\/strong><br><br>Se trata de un encuentro intercultural impulsado por la ONG \u201cR\u00edos to Rivers\u201d (R\u00edo a R\u00edo) de Colorado California, y propiciado por\u00a0 el Club N\u00e1utico Le\u00f3n Ser\u00f3 (CNLS) de la ciudad de Posadas, Misiones.<br><br>A la provincia de Misiones ya llegaron j\u00f3venes de Argentina, Uruguay, Chile, Bolivia, Per\u00fa, y Estados Unidos, de la delegaci\u00f3n tambi\u00e9n participan estudiantes de diferentes comunidades abor\u00edgenes del Cono Sur.<br><br>Como anfitriones locales, la coordinaci\u00f3n est\u00e1 a cargo del ambientalista Ra\u00fal \u201cRulo\u201d Bregagnolo, y cuenta con el apoyo del Club N\u00e1utico Le\u00f3n Ser\u00f3, entidad que brindar\u00e1 las condiciones\u00a0 propicias para que los participantes puedan acceder al r\u00edo cumpliendo requisitos de equipamiento y seguridad acordes a la actividad.<br><br>Durante el encuentro los j\u00f3venes compartir\u00e1n campamentos, visitas a comunidades Mbya Guaran\u00ed, charlas t\u00e9cnicas con expertos, caminatas; entre otras acciones culturales y recreativas. Pero la actividad a destacar se trata de una traves\u00eda en kayak que comienza el dia 13\/2 en la ciudad de Puerto Iguaz\u00fa donde los participantes descienden R\u00edo Abajo (345kmts) pasando por diferentes localidades de la provincia: Puerto Iguaz\u00fa, Wanda, Eldorado, Puerto Rico, Santo Pipo, San Ignacio, Candelaria, y llegando a la ciudad de Posadas el d\u00eda 20\/2.<\/p>\n\n\n\n<figure class=\"wp-block-image size-large\"><a href=\"https:\/\/cvinoticias.com\/wp-content\/uploads\/2022\/02\/IMG-20220212-WA0049.jpg\"><img decoding=\"async\" width=\"1024\" height=\"660\" data-src=\"https:\/\/cvinoticias.com\/wp-content\/uploads\/2022\/02\/IMG-20220212-WA0049-1024x660.jpg\" alt=\"\" class=\"wp-image-13157 lazyload\" data-srcset=\"https:\/\/cvinoticias.com\/wp-content\/uploads\/2022\/02\/IMG-20220212-WA0049-1024x660.jpg 1024w, https:\/\/cvinoticias.com\/wp-content\/uploads\/2022\/02\/IMG-20220212-WA0049-300x193.jpg 300w, https:\/\/cvinoticias.com\/wp-content\/uploads\/2022\/02\/IMG-20220212-WA0049-768x495.jpg 768w, https:\/\/cvinoticias.com\/wp-content\/uploads\/2022\/02\/IMG-20220212-WA0049.jpg 1117w\" data-sizes=\"(max-width: 1024px) 100vw, 1024px\" src=\"data:image\/svg+xml;base64,PHN2ZyB3aWR0aD0iMSIgaGVpZ2h0PSIxIiB4bWxucz0iaHR0cDovL3d3dy53My5vcmcvMjAwMC9zdmciPjwvc3ZnPg==\" style=\"--smush-placeholder-width: 1024px; --smush-placeholder-aspect-ratio: 1024\/660;\" \/><\/a><\/figure>\n\n\n\n<p><br><br>\u201cLo que buscamos hacer es encontrar j\u00f3venes que han sido perjudicados por represas o contaminaci\u00f3n del r\u00edo, con j\u00f3venes provenientes de lugares que no han sido intervenidos. De esta manera se brinda la posibilidad de visualizar cuales son las consecuencias reales del impacto de actividades mega extractivas en un servicio ecosist\u00e9mico tan esencial como lo es el R\u00edo\u201d Weston Boyles (35) Presidente de la ONG \u201cR\u00edos to Rivers\u201d.<br><br>Cabe destacar que el R\u00edo Paran\u00e1 se encuentra en una situaci\u00f3n de bajante hist\u00f3rica \u201cSe trata de una consecuencia que no es casual, sino que claramente es un reflejo de la actividad humana en las cuencas, nos muestra claramente lo que estamos haciendo mal. Ya que si\u00a0 las condiciones hoy fueran buenas podr\u00edamos remar mucho m\u00e1s por el r\u00edo Iguaz\u00fa\u201d Ra\u00fal \u201cRulo\u201d Bregagnolo, ( Fundador del grupo ecologista cu\u00f1a pir\u00fa y miembro de la mesa provincial No a las represas\u201d.<br>Ser\u00e1n d\u00edas de nutritivo intercambio que permiten la sensibilizaci\u00f3n, el respeto y el fortalecimiento del v\u00ednculo intr\u00ednseco que existe entre los seres vivos, la naturaleza, y el agua.<br><br>En esta oportunidad nos encontramos en el \u00faltimo basti\u00f3n verde de selva paranaense en la provincia de Misiones.<\/p>\n","protected":false},"excerpt":{"rendered":"<p>El d\u00eda de ayer 11\/02 se dio inicio a una traves\u00eda n\u00e1utica de car\u00e1cter ambiental que tiene como objetivo la sensibilizaci\u00f3n y la educaci\u00f3n de j\u00f3venes de diferentes pa\u00edses sobre el cuidado de ambiente natural y la protecci\u00f3n del recurso h\u00eddrico. Se trata de un encuentro intercultural impulsado por la ONG \u201cR\u00edos to Rivers\u201d (R\u00edo [&hellip;]<\/p>\n","protected":false},"author":2,"featured_media":13158,"comment_status":"open","ping_status":"open","sticky":false,"template":"","format":"standard","meta":{"footnotes":""},"categories":[43],"tags":[],"class_list":["post-13156","post","type-post","status-publish","format-standard","has-post-thumbnail","hentry","category-provinciales"],"yoast_head":"<!-- This site is optimized with the Yoast SEO plugin v27.4 - https:\/\/yoast.com\/product\/yoast-seo-wordpress\/ -->\n<title>Encuentro intercultural impulsado por la ONG \u201cR\u00edos to Rivers\u201d | CVI NOTICIAS<\/title>\n<meta name=\"robots\" content=\"index, follow, max-snippet:-1, max-image-preview:large, max-video-preview:-1\" \/>\n<link rel=\"canonical\" href=\"https:\/\/cvinoticias.com\/v3\/encuentro-intercultural-impulsado-por-la-ong-rios-to-rivers\/\" \/>\n<meta property=\"og:locale\" content=\"es_ES\" \/>\n<meta property=\"og:type\" content=\"article\" \/>\n<meta property=\"og:title\" content=\"Encuentro intercultural impulsado por la ONG \u201cR\u00edos to Rivers\u201d | CVI NOTICIAS\" \/>\n<meta property=\"og:description\" content=\"El d\u00eda de ayer 11\/02 se dio inicio a una traves\u00eda n\u00e1utica de car\u00e1cter ambiental que tiene como objetivo la sensibilizaci\u00f3n y la educaci\u00f3n de j\u00f3venes de diferentes pa\u00edses sobre el cuidado de ambiente natural y la protecci\u00f3n del recurso h\u00eddrico. Se trata de un encuentro intercultural impulsado por la ONG \u201cR\u00edos to Rivers\u201d (R\u00edo [&hellip;]\" \/>\n<meta property=\"og:url\" content=\"https:\/\/cvinoticias.com\/v3\/encuentro-intercultural-impulsado-por-la-ong-rios-to-rivers\/\" \/>\n<meta property=\"og:site_name\" content=\"CVI NOTICIAS\" \/>\n<meta property=\"article:publisher\" content=\"https:\/\/www.facebook.com\/cvinoticias\" \/>\n<meta property=\"article:published_time\" content=\"2022-02-12T21:32:37+00:00\" \/>\n<meta property=\"og:image\" content=\"https:\/\/cvinoticias.com\/wp-content\/uploads\/2022\/02\/IMG-20220212-WA0045.jpg\" \/>\n\t<meta property=\"og:image:width\" content=\"1213\" \/>\n\t<meta property=\"og:image:height\" content=\"782\" \/>\n\t<meta property=\"og:image:type\" content=\"image\/jpeg\" \/>\n<meta name=\"author\" content=\"f1000024\" \/>\n<meta name=\"twitter:card\" content=\"summary_large_image\" \/>\n<meta name=\"twitter:label1\" content=\"Escrito por\" \/>\n\t<meta name=\"twitter:data1\" content=\"f1000024\" \/>\n\t<meta name=\"twitter:label2\" content=\"Tiempo de lectura\" \/>\n\t<meta name=\"twitter:data2\" content=\"2 minutos\" \/>\n<script type=\"application\/ld+json\" class=\"yoast-schema-graph\">{\"@context\":\"https:\\\/\\\/schema.org\",\"@graph\":[{\"@type\":\"Article\",\"@id\":\"https:\\\/\\\/cvinoticias.com\\\/v3\\\/encuentro-intercultural-impulsado-por-la-ong-rios-to-rivers\\\/#article\",\"isPartOf\":{\"@id\":\"https:\\\/\\\/cvinoticias.com\\\/v3\\\/encuentro-intercultural-impulsado-por-la-ong-rios-to-rivers\\\/\"},\"author\":{\"name\":\"f1000024\",\"@id\":\"https:\\\/\\\/cvinoticias.com\\\/v3\\\/#\\\/schema\\\/person\\\/2db77e3c6bc03c538495d7b2b8be9b66\"},\"headline\":\"Encuentro intercultural impulsado por la ONG \u201cR\u00edos to Rivers\u201d\",\"datePublished\":\"2022-02-12T21:32:37+00:00\",\"mainEntityOfPage\":{\"@id\":\"https:\\\/\\\/cvinoticias.com\\\/v3\\\/encuentro-intercultural-impulsado-por-la-ong-rios-to-rivers\\\/\"},\"wordCount\":483,\"commentCount\":0,\"publisher\":{\"@id\":\"https:\\\/\\\/cvinoticias.com\\\/v3\\\/#organization\"},\"image\":{\"@id\":\"https:\\\/\\\/cvinoticias.com\\\/v3\\\/encuentro-intercultural-impulsado-por-la-ong-rios-to-rivers\\\/#primaryimage\"},\"thumbnailUrl\":\"https:\\\/\\\/cvinoticias.com\\\/wp-content\\\/uploads\\\/2022\\\/02\\\/IMG-20220212-WA0045.jpg\",\"articleSection\":[\"Provinciales\"],\"inLanguage\":\"es\",\"potentialAction\":[{\"@type\":\"CommentAction\",\"name\":\"Comment\",\"target\":[\"https:\\\/\\\/cvinoticias.com\\\/v3\\\/encuentro-intercultural-impulsado-por-la-ong-rios-to-rivers\\\/#respond\"]}]},{\"@type\":\"WebPage\",\"@id\":\"https:\\\/\\\/cvinoticias.com\\\/v3\\\/encuentro-intercultural-impulsado-por-la-ong-rios-to-rivers\\\/\",\"url\":\"https:\\\/\\\/cvinoticias.com\\\/v3\\\/encuentro-intercultural-impulsado-por-la-ong-rios-to-rivers\\\/\",\"name\":\"Encuentro intercultural impulsado por la ONG \u201cR\u00edos to Rivers\u201d | CVI NOTICIAS\",\"isPartOf\":{\"@id\":\"https:\\\/\\\/cvinoticias.com\\\/v3\\\/#website\"},\"primaryImageOfPage\":{\"@id\":\"https:\\\/\\\/cvinoticias.com\\\/v3\\\/encuentro-intercultural-impulsado-por-la-ong-rios-to-rivers\\\/#primaryimage\"},\"image\":{\"@id\":\"https:\\\/\\\/cvinoticias.com\\\/v3\\\/encuentro-intercultural-impulsado-por-la-ong-rios-to-rivers\\\/#primaryimage\"},\"thumbnailUrl\":\"https:\\\/\\\/cvinoticias.com\\\/wp-content\\\/uploads\\\/2022\\\/02\\\/IMG-20220212-WA0045.jpg\",\"datePublished\":\"2022-02-12T21:32:37+00:00\",\"breadcrumb\":{\"@id\":\"https:\\\/\\\/cvinoticias.com\\\/v3\\\/encuentro-intercultural-impulsado-por-la-ong-rios-to-rivers\\\/#breadcrumb\"},\"inLanguage\":\"es\",\"potentialAction\":[{\"@type\":\"ReadAction\",\"target\":[\"https:\\\/\\\/cvinoticias.com\\\/v3\\\/encuentro-intercultural-impulsado-por-la-ong-rios-to-rivers\\\/\"]}]},{\"@type\":\"ImageObject\",\"inLanguage\":\"es\",\"@id\":\"https:\\\/\\\/cvinoticias.com\\\/v3\\\/encuentro-intercultural-impulsado-por-la-ong-rios-to-rivers\\\/#primaryimage\",\"url\":\"https:\\\/\\\/cvinoticias.com\\\/wp-content\\\/uploads\\\/2022\\\/02\\\/IMG-20220212-WA0045.jpg\",\"contentUrl\":\"https:\\\/\\\/cvinoticias.com\\\/wp-content\\\/uploads\\\/2022\\\/02\\\/IMG-20220212-WA0045.jpg\",\"width\":1213,\"height\":782},{\"@type\":\"BreadcrumbList\",\"@id\":\"https:\\\/\\\/cvinoticias.com\\\/v3\\\/encuentro-intercultural-impulsado-por-la-ong-rios-to-rivers\\\/#breadcrumb\",\"itemListElement\":[{\"@type\":\"ListItem\",\"position\":1,\"name\":\"Portada\",\"item\":\"https:\\\/\\\/cvinoticias.com\\\/v3\\\/\"},{\"@type\":\"ListItem\",\"position\":2,\"name\":\"Encuentro intercultural impulsado por la ONG \u201cR\u00edos to Rivers\u201d\"}]},{\"@type\":\"WebSite\",\"@id\":\"https:\\\/\\\/cvinoticias.com\\\/v3\\\/#website\",\"url\":\"https:\\\/\\\/cvinoticias.com\\\/v3\\\/\",\"name\":\"CVI NOTICIAS\",\"description\":\"\",\"publisher\":{\"@id\":\"https:\\\/\\\/cvinoticias.com\\\/v3\\\/#organization\"},\"alternateName\":\"CVI\",\"potentialAction\":[{\"@type\":\"SearchAction\",\"target\":{\"@type\":\"EntryPoint\",\"urlTemplate\":\"https:\\\/\\\/cvinoticias.com\\\/v3\\\/?s={search_term_string}\"},\"query-input\":{\"@type\":\"PropertyValueSpecification\",\"valueRequired\":true,\"valueName\":\"search_term_string\"}}],\"inLanguage\":\"es\"},{\"@type\":\"Organization\",\"@id\":\"https:\\\/\\\/cvinoticias.com\\\/v3\\\/#organization\",\"name\":\"CVI NOTICIAS\",\"url\":\"https:\\\/\\\/cvinoticias.com\\\/v3\\\/\",\"logo\":{\"@type\":\"ImageObject\",\"inLanguage\":\"es\",\"@id\":\"https:\\\/\\\/cvinoticias.com\\\/v3\\\/#\\\/schema\\\/logo\\\/image\\\/\",\"url\":\"https:\\\/\\\/cvinoticias.com\\\/wp-content\\\/uploads\\\/2023\\\/04\\\/cropped-cropped-cropped-cropped-cropped-3-1.png\",\"contentUrl\":\"https:\\\/\\\/cvinoticias.com\\\/wp-content\\\/uploads\\\/2023\\\/04\\\/cropped-cropped-cropped-cropped-cropped-3-1.png\",\"width\":95,\"height\":122,\"caption\":\"CVI NOTICIAS\"},\"image\":{\"@id\":\"https:\\\/\\\/cvinoticias.com\\\/v3\\\/#\\\/schema\\\/logo\\\/image\\\/\"},\"sameAs\":[\"https:\\\/\\\/www.facebook.com\\\/cvinoticias\",\"https:\\\/\\\/www.instagram.com\\\/cvinoticias\\\/\",\"https:\\\/\\\/www.youtube.com\\\/@CVINOTICIAS\"]},{\"@type\":\"Person\",\"@id\":\"https:\\\/\\\/cvinoticias.com\\\/v3\\\/#\\\/schema\\\/person\\\/2db77e3c6bc03c538495d7b2b8be9b66\",\"name\":\"f1000024\",\"image\":{\"@type\":\"ImageObject\",\"inLanguage\":\"es\",\"@id\":\"https:\\\/\\\/secure.gravatar.com\\\/avatar\\\/d4fe7459cfc51ff5129ce1a732bbef5928568b8092d412ef95611616376bbeed?s=96&d=mm&r=g\",\"url\":\"https:\\\/\\\/secure.gravatar.com\\\/avatar\\\/d4fe7459cfc51ff5129ce1a732bbef5928568b8092d412ef95611616376bbeed?s=96&d=mm&r=g\",\"contentUrl\":\"https:\\\/\\\/secure.gravatar.com\\\/avatar\\\/d4fe7459cfc51ff5129ce1a732bbef5928568b8092d412ef95611616376bbeed?s=96&d=mm&r=g\",\"caption\":\"f1000024\"},\"url\":\"https:\\\/\\\/cvinoticias.com\\\/v3\\\/author\\\/f1000024\\\/\"}]}<\/script>\n<!-- \/ Yoast SEO plugin. -->","yoast_head_json":{"title":"Encuentro intercultural impulsado por la ONG \u201cR\u00edos to Rivers\u201d | CVI NOTICIAS","robots":{"index":"index","follow":"follow","max-snippet":"max-snippet:-1","max-image-preview":"max-image-preview:large","max-video-preview":"max-video-preview:-1"},"canonical":"https:\/\/cvinoticias.com\/v3\/encuentro-intercultural-impulsado-por-la-ong-rios-to-rivers\/","og_locale":"es_ES","og_type":"article","og_title":"Encuentro intercultural impulsado por la ONG \u201cR\u00edos to Rivers\u201d | CVI NOTICIAS","og_description":"El d\u00eda de ayer 11\/02 se dio inicio a una traves\u00eda n\u00e1utica de car\u00e1cter ambiental que tiene como objetivo la sensibilizaci\u00f3n y la educaci\u00f3n de j\u00f3venes de diferentes pa\u00edses sobre el cuidado de ambiente natural y la protecci\u00f3n del recurso h\u00eddrico. Se trata de un encuentro intercultural impulsado por la ONG \u201cR\u00edos to Rivers\u201d (R\u00edo [&hellip;]","og_url":"https:\/\/cvinoticias.com\/v3\/encuentro-intercultural-impulsado-por-la-ong-rios-to-rivers\/","og_site_name":"CVI NOTICIAS","article_publisher":"https:\/\/www.facebook.com\/cvinoticias","article_published_time":"2022-02-12T21:32:37+00:00","og_image":[{"width":1213,"height":782,"url":"https:\/\/cvinoticias.com\/wp-content\/uploads\/2022\/02\/IMG-20220212-WA0045.jpg","type":"image\/jpeg"}],"author":"f1000024","twitter_card":"summary_large_image","twitter_misc":{"Escrito por":"f1000024","Tiempo de lectura":"2 minutos"},"schema":{"@context":"https:\/\/schema.org","@graph":[{"@type":"Article","@id":"https:\/\/cvinoticias.com\/v3\/encuentro-intercultural-impulsado-por-la-ong-rios-to-rivers\/#article","isPartOf":{"@id":"https:\/\/cvinoticias.com\/v3\/encuentro-intercultural-impulsado-por-la-ong-rios-to-rivers\/"},"author":{"name":"f1000024","@id":"https:\/\/cvinoticias.com\/v3\/#\/schema\/person\/2db77e3c6bc03c538495d7b2b8be9b66"},"headline":"Encuentro intercultural impulsado por la ONG \u201cR\u00edos to Rivers\u201d","datePublished":"2022-02-12T21:32:37+00:00","mainEntityOfPage":{"@id":"https:\/\/cvinoticias.com\/v3\/encuentro-intercultural-impulsado-por-la-ong-rios-to-rivers\/"},"wordCount":483,"commentCount":0,"publisher":{"@id":"https:\/\/cvinoticias.com\/v3\/#organization"},"image":{"@id":"https:\/\/cvinoticias.com\/v3\/encuentro-intercultural-impulsado-por-la-ong-rios-to-rivers\/#primaryimage"},"thumbnailUrl":"https:\/\/cvinoticias.com\/wp-content\/uploads\/2022\/02\/IMG-20220212-WA0045.jpg","articleSection":["Provinciales"],"inLanguage":"es","potentialAction":[{"@type":"CommentAction","name":"Comment","target":["https:\/\/cvinoticias.com\/v3\/encuentro-intercultural-impulsado-por-la-ong-rios-to-rivers\/#respond"]}]},{"@type":"WebPage","@id":"https:\/\/cvinoticias.com\/v3\/encuentro-intercultural-impulsado-por-la-ong-rios-to-rivers\/","url":"https:\/\/cvinoticias.com\/v3\/encuentro-intercultural-impulsado-por-la-ong-rios-to-rivers\/","name":"Encuentro intercultural impulsado por la ONG \u201cR\u00edos to Rivers\u201d | CVI NOTICIAS","isPartOf":{"@id":"https:\/\/cvinoticias.com\/v3\/#website"},"primaryImageOfPage":{"@id":"https:\/\/cvinoticias.com\/v3\/encuentro-intercultural-impulsado-por-la-ong-rios-to-rivers\/#primaryimage"},"image":{"@id":"https:\/\/cvinoticias.com\/v3\/encuentro-intercultural-impulsado-por-la-ong-rios-to-rivers\/#primaryimage"},"thumbnailUrl":"https:\/\/cvinoticias.com\/wp-content\/uploads\/2022\/02\/IMG-20220212-WA0045.jpg","datePublished":"2022-02-12T21:32:37+00:00","breadcrumb":{"@id":"https:\/\/cvinoticias.com\/v3\/encuentro-intercultural-impulsado-por-la-ong-rios-to-rivers\/#breadcrumb"},"inLanguage":"es","potentialAction":[{"@type":"ReadAction","target":["https:\/\/cvinoticias.com\/v3\/encuentro-intercultural-impulsado-por-la-ong-rios-to-rivers\/"]}]},{"@type":"ImageObject","inLanguage":"es","@id":"https:\/\/cvinoticias.com\/v3\/encuentro-intercultural-impulsado-por-la-ong-rios-to-rivers\/#primaryimage","url":"https:\/\/cvinoticias.com\/wp-content\/uploads\/2022\/02\/IMG-20220212-WA0045.jpg","contentUrl":"https:\/\/cvinoticias.com\/wp-content\/uploads\/2022\/02\/IMG-20220212-WA0045.jpg","width":1213,"height":782},{"@type":"BreadcrumbList","@id":"https:\/\/cvinoticias.com\/v3\/encuentro-intercultural-impulsado-por-la-ong-rios-to-rivers\/#breadcrumb","itemListElement":[{"@type":"ListItem","position":1,"name":"Portada","item":"https:\/\/cvinoticias.com\/v3\/"},{"@type":"ListItem","position":2,"name":"Encuentro intercultural impulsado por la ONG \u201cR\u00edos to Rivers\u201d"}]},{"@type":"WebSite","@id":"https:\/\/cvinoticias.com\/v3\/#website","url":"https:\/\/cvinoticias.com\/v3\/","name":"CVI NOTICIAS","description":"","publisher":{"@id":"https:\/\/cvinoticias.com\/v3\/#organization"},"alternateName":"CVI","potentialAction":[{"@type":"SearchAction","target":{"@type":"EntryPoint","urlTemplate":"https:\/\/cvinoticias.com\/v3\/?s={search_term_string}"},"query-input":{"@type":"PropertyValueSpecification","valueRequired":true,"valueName":"search_term_string"}}],"inLanguage":"es"},{"@type":"Organization","@id":"https:\/\/cvinoticias.com\/v3\/#organization","name":"CVI NOTICIAS","url":"https:\/\/cvinoticias.com\/v3\/","logo":{"@type":"ImageObject","inLanguage":"es","@id":"https:\/\/cvinoticias.com\/v3\/#\/schema\/logo\/image\/","url":"https:\/\/cvinoticias.com\/wp-content\/uploads\/2023\/04\/cropped-cropped-cropped-cropped-cropped-3-1.png","contentUrl":"https:\/\/cvinoticias.com\/wp-content\/uploads\/2023\/04\/cropped-cropped-cropped-cropped-cropped-3-1.png","width":95,"height":122,"caption":"CVI NOTICIAS"},"image":{"@id":"https:\/\/cvinoticias.com\/v3\/#\/schema\/logo\/image\/"},"sameAs":["https:\/\/www.facebook.com\/cvinoticias","https:\/\/www.instagram.com\/cvinoticias\/","https:\/\/www.youtube.com\/@CVINOTICIAS"]},{"@type":"Person","@id":"https:\/\/cvinoticias.com\/v3\/#\/schema\/person\/2db77e3c6bc03c538495d7b2b8be9b66","name":"f1000024","image":{"@type":"ImageObject","inLanguage":"es","@id":"https:\/\/secure.gravatar.com\/avatar\/d4fe7459cfc51ff5129ce1a732bbef5928568b8092d412ef95611616376bbeed?s=96&d=mm&r=g","url":"https:\/\/secure.gravatar.com\/avatar\/d4fe7459cfc51ff5129ce1a732bbef5928568b8092d412ef95611616376bbeed?s=96&d=mm&r=g","contentUrl":"https:\/\/secure.gravatar.com\/avatar\/d4fe7459cfc51ff5129ce1a732bbef5928568b8092d412ef95611616376bbeed?s=96&d=mm&r=g","caption":"f1000024"},"url":"https:\/\/cvinoticias.com\/v3\/author\/f1000024\/"}]}},"_links":{"self":[{"href":"https:\/\/cvinoticias.com\/v3\/wp-json\/wp\/v2\/posts\/13156","targetHints":{"allow":["GET"]}}],"collection":[{"href":"https:\/\/cvinoticias.com\/v3\/wp-json\/wp\/v2\/posts"}],"about":[{"href":"https:\/\/cvinoticias.com\/v3\/wp-json\/wp\/v2\/types\/post"}],"author":[{"embeddable":true,"href":"https:\/\/cvinoticias.com\/v3\/wp-json\/wp\/v2\/users\/2"}],"replies":[{"embeddable":true,"href":"https:\/\/cvinoticias.com\/v3\/wp-json\/wp\/v2\/comments?post=13156"}],"version-history":[{"count":1,"href":"https:\/\/cvinoticias.com\/v3\/wp-json\/wp\/v2\/posts\/13156\/revisions"}],"predecessor-version":[{"id":13159,"href":"https:\/\/cvinoticias.com\/v3\/wp-json\/wp\/v2\/posts\/13156\/revisions\/13159"}],"wp:featuredmedia":[{"embeddable":true,"href":"https:\/\/cvinoticias.com\/v3\/wp-json\/wp\/v2\/media\/13158"}],"wp:attachment":[{"href":"https:\/\/cvinoticias.com\/v3\/wp-json\/wp\/v2\/media?parent=13156"}],"wp:term":[{"taxonomy":"category","embeddable":true,"href":"https:\/\/cvinoticias.com\/v3\/wp-json\/wp\/v2\/categories?post=13156"},{"taxonomy":"post_tag","embeddable":true,"href":"https:\/\/cvinoticias.com\/v3\/wp-json\/wp\/v2\/tags?post=13156"}],"curies":[{"name":"wp","href":"https:\/\/api.w.org\/{rel}","templated":true}]}}