{"id":13152,"date":"2022-02-12T21:04:24","date_gmt":"2022-02-12T21:04:24","guid":{"rendered":"https:\/\/cvinoticias.com\/v3\/?p=13152"},"modified":"2022-02-12T21:04:24","modified_gmt":"2022-02-12T21:04:24","slug":"obera-rescataron-sin-vida-el-cuerpo-de-un-hombre-que-cayo-a-un-pozo-de-unos-aproximados-17-metros-de-profundidad","status":"publish","type":"post","link":"https:\/\/cvinoticias.com\/v3\/obera-rescataron-sin-vida-el-cuerpo-de-un-hombre-que-cayo-a-un-pozo-de-unos-aproximados-17-metros-de-profundidad\/","title":{"rendered":"Ober\u00e1: Rescataron sin vida el cuerpo de un hombre que cay\u00f3 a un pozo de unos aproximados 17 metros de profundidad"},"content":{"rendered":"\n<p><strong><em>Esta ma\u00f1ana, en el barrio Aeroclub, un grupo de bomberos policiales y voluntarios de la localidad de Ober\u00e1, rescat\u00f3 el cuerpo sin vida de un hombre de 30 a\u00f1os, identificado como Roque Emilio Ferraz.<\/em><\/strong><\/p>\n\n\n\n<p>De acuerdo a los datos preliminares, el hombre fue contratado por un vecino para la excavaci\u00f3n de un pozo de agua, tarea que le hab\u00eda llevado hasta el momento unos 17 metros de profundidad aproximadamente, cuando a trav\u00e9s de una soga intent\u00f3 bajar para recoger una herramienta, pero por causas que se desconocen cay\u00f3 hasta el fondo.<\/p>\n\n\n\n<figure class=\"wp-block-image size-large\"><a href=\"https:\/\/cvinoticias.com\/wp-content\/uploads\/2022\/02\/IMG-20220212-WA0061.jpg\"><img decoding=\"async\" width=\"1024\" height=\"768\" data-src=\"https:\/\/cvinoticias.com\/wp-content\/uploads\/2022\/02\/IMG-20220212-WA0061-1024x768.jpg\" alt=\"\" class=\"wp-image-13154 lazyload\" data-srcset=\"https:\/\/cvinoticias.com\/wp-content\/uploads\/2022\/02\/IMG-20220212-WA0061-1024x768.jpg 1024w, https:\/\/cvinoticias.com\/wp-content\/uploads\/2022\/02\/IMG-20220212-WA0061-300x225.jpg 300w, https:\/\/cvinoticias.com\/wp-content\/uploads\/2022\/02\/IMG-20220212-WA0061-768x576.jpg 768w, https:\/\/cvinoticias.com\/wp-content\/uploads\/2022\/02\/IMG-20220212-WA0061.jpg 1280w\" data-sizes=\"(max-width: 1024px) 100vw, 1024px\" src=\"data:image\/svg+xml;base64,PHN2ZyB3aWR0aD0iMSIgaGVpZ2h0PSIxIiB4bWxucz0iaHR0cDovL3d3dy53My5vcmcvMjAwMC9zdmciPjwvc3ZnPg==\" style=\"--smush-placeholder-width: 1024px; --smush-placeholder-aspect-ratio: 1024\/768;\" \/><\/a><\/figure>\n\n\n\n<p>Seg\u00fan informaron desde la comisar\u00eda 3.\u00aa, recibieron un llamado alrededor de las 9:40 horas dando cuenta que un joven se habr\u00eda ca\u00eddo a un pozo de agua tras intentar descender al interior, sin poder salir.<\/p>\n\n\n\n<p>R\u00e1pidamente, el m\u00f3vil sali\u00f3 con urgencia hacia el lugar, ya que desconoc\u00edan si se trataba de una v\u00edctima con o sin vida. Al llegar, oyeron los gritos de auxilio y de dolor de Roque. Por esto, solicitaron la colaboraci\u00f3n de los voluntarios.<\/p>\n\n\n\n<p>El equipo de rescate comenz\u00f3 el trabajo de b\u00fasqueda y la preparaci\u00f3n de la escena, luego descendieron por una l\u00ednea dentro del oscuro pozo para proveerle ox\u00edgeno y verificar sus lesiones, pero lamentablemente su cuerpo no resisti\u00f3 debido a los gases que hab\u00edan en el hoyo y a los golpes internos que sufri\u00f3 en la ca\u00edda.<\/p>\n\n\n\n<p>Los rescatistas extrajeron el cuerpo y el m\u00e9dico policial determin\u00f3 las causales del deceso. El Juzgado de Instrucci\u00f3n N.\u00ba 2 de Ober\u00e1 orden\u00f3 el traslado a la morgue judicial de Posadas para la autopsia.<\/p>\n","protected":false},"excerpt":{"rendered":"<p>Esta ma\u00f1ana, en el barrio Aeroclub, un grupo de bomberos policiales y voluntarios de la localidad de Ober\u00e1, rescat\u00f3 el cuerpo sin vida de un hombre de 30 a\u00f1os, identificado como Roque Emilio Ferraz. De acuerdo a los datos preliminares, el hombre fue contratado por un vecino para la excavaci\u00f3n de un pozo de agua, [&hellip;]<\/p>\n","protected":false},"author":2,"featured_media":13153,"comment_status":"open","ping_status":"open","sticky":false,"template":"","format":"standard","meta":{"footnotes":""},"categories":[43],"tags":[],"class_list":["post-13152","post","type-post","status-publish","format-standard","has-post-thumbnail","hentry","category-provinciales"],"yoast_head":"<!-- This site is optimized with the Yoast SEO plugin v27.5 - https:\/\/yoast.com\/product\/yoast-seo-wordpress\/ -->\n<title>Ober\u00e1: Rescataron sin vida el cuerpo de un hombre que cay\u00f3 a un pozo de unos aproximados 17 metros de profundidad | CVI NOTICIAS<\/title>\n<meta name=\"robots\" content=\"index, follow, max-snippet:-1, max-image-preview:large, max-video-preview:-1\" \/>\n<link rel=\"canonical\" href=\"https:\/\/cvinoticias.com\/v3\/obera-rescataron-sin-vida-el-cuerpo-de-un-hombre-que-cayo-a-un-pozo-de-unos-aproximados-17-metros-de-profundidad\/\" \/>\n<meta property=\"og:locale\" content=\"es_ES\" \/>\n<meta property=\"og:type\" content=\"article\" \/>\n<meta property=\"og:title\" content=\"Ober\u00e1: Rescataron sin vida el cuerpo de un hombre que cay\u00f3 a un pozo de unos aproximados 17 metros de profundidad | CVI NOTICIAS\" \/>\n<meta property=\"og:description\" content=\"Esta ma\u00f1ana, en el barrio Aeroclub, un grupo de bomberos policiales y voluntarios de la localidad de Ober\u00e1, rescat\u00f3 el cuerpo sin vida de un hombre de 30 a\u00f1os, identificado como Roque Emilio Ferraz. De acuerdo a los datos preliminares, el hombre fue contratado por un vecino para la excavaci\u00f3n de un pozo de agua, [&hellip;]\" \/>\n<meta property=\"og:url\" content=\"https:\/\/cvinoticias.com\/v3\/obera-rescataron-sin-vida-el-cuerpo-de-un-hombre-que-cayo-a-un-pozo-de-unos-aproximados-17-metros-de-profundidad\/\" \/>\n<meta property=\"og:site_name\" content=\"CVI NOTICIAS\" \/>\n<meta property=\"article:publisher\" content=\"https:\/\/www.facebook.com\/cvinoticias\" \/>\n<meta property=\"article:published_time\" content=\"2022-02-12T21:04:24+00:00\" \/>\n<meta property=\"og:image\" content=\"https:\/\/cvinoticias.com\/wp-content\/uploads\/2022\/02\/IMG-20220212-WA0060.jpg\" \/>\n\t<meta property=\"og:image:width\" content=\"1200\" \/>\n\t<meta property=\"og:image:height\" content=\"1600\" \/>\n\t<meta property=\"og:image:type\" content=\"image\/jpeg\" \/>\n<meta name=\"author\" content=\"f1000024\" \/>\n<meta name=\"twitter:card\" content=\"summary_large_image\" \/>\n<meta name=\"twitter:label1\" content=\"Escrito por\" \/>\n\t<meta name=\"twitter:data1\" content=\"f1000024\" \/>\n\t<meta name=\"twitter:label2\" content=\"Tiempo de lectura\" \/>\n\t<meta name=\"twitter:data2\" content=\"1 minuto\" \/>\n<script type=\"application\/ld+json\" class=\"yoast-schema-graph\">{\"@context\":\"https:\\\/\\\/schema.org\",\"@graph\":[{\"@type\":\"Article\",\"@id\":\"https:\\\/\\\/cvinoticias.com\\\/v3\\\/obera-rescataron-sin-vida-el-cuerpo-de-un-hombre-que-cayo-a-un-pozo-de-unos-aproximados-17-metros-de-profundidad\\\/#article\",\"isPartOf\":{\"@id\":\"https:\\\/\\\/cvinoticias.com\\\/v3\\\/obera-rescataron-sin-vida-el-cuerpo-de-un-hombre-que-cayo-a-un-pozo-de-unos-aproximados-17-metros-de-profundidad\\\/\"},\"author\":{\"name\":\"f1000024\",\"@id\":\"https:\\\/\\\/cvinoticias.com\\\/v3\\\/#\\\/schema\\\/person\\\/2db77e3c6bc03c538495d7b2b8be9b66\"},\"headline\":\"Ober\u00e1: Rescataron sin vida el cuerpo de un hombre que cay\u00f3 a un pozo de unos aproximados 17 metros de profundidad\",\"datePublished\":\"2022-02-12T21:04:24+00:00\",\"mainEntityOfPage\":{\"@id\":\"https:\\\/\\\/cvinoticias.com\\\/v3\\\/obera-rescataron-sin-vida-el-cuerpo-de-un-hombre-que-cayo-a-un-pozo-de-unos-aproximados-17-metros-de-profundidad\\\/\"},\"wordCount\":295,\"commentCount\":0,\"publisher\":{\"@id\":\"https:\\\/\\\/cvinoticias.com\\\/v3\\\/#organization\"},\"image\":{\"@id\":\"https:\\\/\\\/cvinoticias.com\\\/v3\\\/obera-rescataron-sin-vida-el-cuerpo-de-un-hombre-que-cayo-a-un-pozo-de-unos-aproximados-17-metros-de-profundidad\\\/#primaryimage\"},\"thumbnailUrl\":\"https:\\\/\\\/cvinoticias.com\\\/wp-content\\\/uploads\\\/2022\\\/02\\\/IMG-20220212-WA0060.jpg\",\"articleSection\":[\"Provinciales\"],\"inLanguage\":\"es\",\"potentialAction\":[{\"@type\":\"CommentAction\",\"name\":\"Comment\",\"target\":[\"https:\\\/\\\/cvinoticias.com\\\/v3\\\/obera-rescataron-sin-vida-el-cuerpo-de-un-hombre-que-cayo-a-un-pozo-de-unos-aproximados-17-metros-de-profundidad\\\/#respond\"]}]},{\"@type\":\"WebPage\",\"@id\":\"https:\\\/\\\/cvinoticias.com\\\/v3\\\/obera-rescataron-sin-vida-el-cuerpo-de-un-hombre-que-cayo-a-un-pozo-de-unos-aproximados-17-metros-de-profundidad\\\/\",\"url\":\"https:\\\/\\\/cvinoticias.com\\\/v3\\\/obera-rescataron-sin-vida-el-cuerpo-de-un-hombre-que-cayo-a-un-pozo-de-unos-aproximados-17-metros-de-profundidad\\\/\",\"name\":\"Ober\u00e1: Rescataron sin vida el cuerpo de un hombre que cay\u00f3 a un pozo de unos aproximados 17 metros de profundidad | CVI NOTICIAS\",\"isPartOf\":{\"@id\":\"https:\\\/\\\/cvinoticias.com\\\/v3\\\/#website\"},\"primaryImageOfPage\":{\"@id\":\"https:\\\/\\\/cvinoticias.com\\\/v3\\\/obera-rescataron-sin-vida-el-cuerpo-de-un-hombre-que-cayo-a-un-pozo-de-unos-aproximados-17-metros-de-profundidad\\\/#primaryimage\"},\"image\":{\"@id\":\"https:\\\/\\\/cvinoticias.com\\\/v3\\\/obera-rescataron-sin-vida-el-cuerpo-de-un-hombre-que-cayo-a-un-pozo-de-unos-aproximados-17-metros-de-profundidad\\\/#primaryimage\"},\"thumbnailUrl\":\"https:\\\/\\\/cvinoticias.com\\\/wp-content\\\/uploads\\\/2022\\\/02\\\/IMG-20220212-WA0060.jpg\",\"datePublished\":\"2022-02-12T21:04:24+00:00\",\"breadcrumb\":{\"@id\":\"https:\\\/\\\/cvinoticias.com\\\/v3\\\/obera-rescataron-sin-vida-el-cuerpo-de-un-hombre-que-cayo-a-un-pozo-de-unos-aproximados-17-metros-de-profundidad\\\/#breadcrumb\"},\"inLanguage\":\"es\",\"potentialAction\":[{\"@type\":\"ReadAction\",\"target\":[\"https:\\\/\\\/cvinoticias.com\\\/v3\\\/obera-rescataron-sin-vida-el-cuerpo-de-un-hombre-que-cayo-a-un-pozo-de-unos-aproximados-17-metros-de-profundidad\\\/\"]}]},{\"@type\":\"ImageObject\",\"inLanguage\":\"es\",\"@id\":\"https:\\\/\\\/cvinoticias.com\\\/v3\\\/obera-rescataron-sin-vida-el-cuerpo-de-un-hombre-que-cayo-a-un-pozo-de-unos-aproximados-17-metros-de-profundidad\\\/#primaryimage\",\"url\":\"https:\\\/\\\/cvinoticias.com\\\/wp-content\\\/uploads\\\/2022\\\/02\\\/IMG-20220212-WA0060.jpg\",\"contentUrl\":\"https:\\\/\\\/cvinoticias.com\\\/wp-content\\\/uploads\\\/2022\\\/02\\\/IMG-20220212-WA0060.jpg\",\"width\":1200,\"height\":1600},{\"@type\":\"BreadcrumbList\",\"@id\":\"https:\\\/\\\/cvinoticias.com\\\/v3\\\/obera-rescataron-sin-vida-el-cuerpo-de-un-hombre-que-cayo-a-un-pozo-de-unos-aproximados-17-metros-de-profundidad\\\/#breadcrumb\",\"itemListElement\":[{\"@type\":\"ListItem\",\"position\":1,\"name\":\"Portada\",\"item\":\"https:\\\/\\\/cvinoticias.com\\\/v3\\\/\"},{\"@type\":\"ListItem\",\"position\":2,\"name\":\"Ober\u00e1: Rescataron sin vida el cuerpo de un hombre que cay\u00f3 a un pozo de unos aproximados 17 metros de profundidad\"}]},{\"@type\":\"WebSite\",\"@id\":\"https:\\\/\\\/cvinoticias.com\\\/v3\\\/#website\",\"url\":\"https:\\\/\\\/cvinoticias.com\\\/v3\\\/\",\"name\":\"CVI NOTICIAS\",\"description\":\"\",\"publisher\":{\"@id\":\"https:\\\/\\\/cvinoticias.com\\\/v3\\\/#organization\"},\"alternateName\":\"CVI\",\"potentialAction\":[{\"@type\":\"SearchAction\",\"target\":{\"@type\":\"EntryPoint\",\"urlTemplate\":\"https:\\\/\\\/cvinoticias.com\\\/v3\\\/?s={search_term_string}\"},\"query-input\":{\"@type\":\"PropertyValueSpecification\",\"valueRequired\":true,\"valueName\":\"search_term_string\"}}],\"inLanguage\":\"es\"},{\"@type\":\"Organization\",\"@id\":\"https:\\\/\\\/cvinoticias.com\\\/v3\\\/#organization\",\"name\":\"CVI NOTICIAS\",\"url\":\"https:\\\/\\\/cvinoticias.com\\\/v3\\\/\",\"logo\":{\"@type\":\"ImageObject\",\"inLanguage\":\"es\",\"@id\":\"https:\\\/\\\/cvinoticias.com\\\/v3\\\/#\\\/schema\\\/logo\\\/image\\\/\",\"url\":\"https:\\\/\\\/cvinoticias.com\\\/wp-content\\\/uploads\\\/2023\\\/04\\\/cropped-cropped-cropped-cropped-cropped-3-1.png\",\"contentUrl\":\"https:\\\/\\\/cvinoticias.com\\\/wp-content\\\/uploads\\\/2023\\\/04\\\/cropped-cropped-cropped-cropped-cropped-3-1.png\",\"width\":95,\"height\":122,\"caption\":\"CVI NOTICIAS\"},\"image\":{\"@id\":\"https:\\\/\\\/cvinoticias.com\\\/v3\\\/#\\\/schema\\\/logo\\\/image\\\/\"},\"sameAs\":[\"https:\\\/\\\/www.facebook.com\\\/cvinoticias\",\"https:\\\/\\\/www.instagram.com\\\/cvinoticias\\\/\",\"https:\\\/\\\/www.youtube.com\\\/@CVINOTICIAS\"]},{\"@type\":\"Person\",\"@id\":\"https:\\\/\\\/cvinoticias.com\\\/v3\\\/#\\\/schema\\\/person\\\/2db77e3c6bc03c538495d7b2b8be9b66\",\"name\":\"f1000024\",\"image\":{\"@type\":\"ImageObject\",\"inLanguage\":\"es\",\"@id\":\"https:\\\/\\\/secure.gravatar.com\\\/avatar\\\/d4fe7459cfc51ff5129ce1a732bbef5928568b8092d412ef95611616376bbeed?s=96&d=mm&r=g\",\"url\":\"https:\\\/\\\/secure.gravatar.com\\\/avatar\\\/d4fe7459cfc51ff5129ce1a732bbef5928568b8092d412ef95611616376bbeed?s=96&d=mm&r=g\",\"contentUrl\":\"https:\\\/\\\/secure.gravatar.com\\\/avatar\\\/d4fe7459cfc51ff5129ce1a732bbef5928568b8092d412ef95611616376bbeed?s=96&d=mm&r=g\",\"caption\":\"f1000024\"},\"url\":\"https:\\\/\\\/cvinoticias.com\\\/v3\\\/author\\\/f1000024\\\/\"}]}<\/script>\n<!-- \/ Yoast SEO plugin. -->","yoast_head_json":{"title":"Ober\u00e1: Rescataron sin vida el cuerpo de un hombre que cay\u00f3 a un pozo de unos aproximados 17 metros de profundidad | CVI NOTICIAS","robots":{"index":"index","follow":"follow","max-snippet":"max-snippet:-1","max-image-preview":"max-image-preview:large","max-video-preview":"max-video-preview:-1"},"canonical":"https:\/\/cvinoticias.com\/v3\/obera-rescataron-sin-vida-el-cuerpo-de-un-hombre-que-cayo-a-un-pozo-de-unos-aproximados-17-metros-de-profundidad\/","og_locale":"es_ES","og_type":"article","og_title":"Ober\u00e1: Rescataron sin vida el cuerpo de un hombre que cay\u00f3 a un pozo de unos aproximados 17 metros de profundidad | CVI NOTICIAS","og_description":"Esta ma\u00f1ana, en el barrio Aeroclub, un grupo de bomberos policiales y voluntarios de la localidad de Ober\u00e1, rescat\u00f3 el cuerpo sin vida de un hombre de 30 a\u00f1os, identificado como Roque Emilio Ferraz. De acuerdo a los datos preliminares, el hombre fue contratado por un vecino para la excavaci\u00f3n de un pozo de agua, [&hellip;]","og_url":"https:\/\/cvinoticias.com\/v3\/obera-rescataron-sin-vida-el-cuerpo-de-un-hombre-que-cayo-a-un-pozo-de-unos-aproximados-17-metros-de-profundidad\/","og_site_name":"CVI NOTICIAS","article_publisher":"https:\/\/www.facebook.com\/cvinoticias","article_published_time":"2022-02-12T21:04:24+00:00","og_image":[{"width":1200,"height":1600,"url":"https:\/\/cvinoticias.com\/wp-content\/uploads\/2022\/02\/IMG-20220212-WA0060.jpg","type":"image\/jpeg"}],"author":"f1000024","twitter_card":"summary_large_image","twitter_misc":{"Escrito por":"f1000024","Tiempo de lectura":"1 minuto"},"schema":{"@context":"https:\/\/schema.org","@graph":[{"@type":"Article","@id":"https:\/\/cvinoticias.com\/v3\/obera-rescataron-sin-vida-el-cuerpo-de-un-hombre-que-cayo-a-un-pozo-de-unos-aproximados-17-metros-de-profundidad\/#article","isPartOf":{"@id":"https:\/\/cvinoticias.com\/v3\/obera-rescataron-sin-vida-el-cuerpo-de-un-hombre-que-cayo-a-un-pozo-de-unos-aproximados-17-metros-de-profundidad\/"},"author":{"name":"f1000024","@id":"https:\/\/cvinoticias.com\/v3\/#\/schema\/person\/2db77e3c6bc03c538495d7b2b8be9b66"},"headline":"Ober\u00e1: Rescataron sin vida el cuerpo de un hombre que cay\u00f3 a un pozo de unos aproximados 17 metros de profundidad","datePublished":"2022-02-12T21:04:24+00:00","mainEntityOfPage":{"@id":"https:\/\/cvinoticias.com\/v3\/obera-rescataron-sin-vida-el-cuerpo-de-un-hombre-que-cayo-a-un-pozo-de-unos-aproximados-17-metros-de-profundidad\/"},"wordCount":295,"commentCount":0,"publisher":{"@id":"https:\/\/cvinoticias.com\/v3\/#organization"},"image":{"@id":"https:\/\/cvinoticias.com\/v3\/obera-rescataron-sin-vida-el-cuerpo-de-un-hombre-que-cayo-a-un-pozo-de-unos-aproximados-17-metros-de-profundidad\/#primaryimage"},"thumbnailUrl":"https:\/\/cvinoticias.com\/wp-content\/uploads\/2022\/02\/IMG-20220212-WA0060.jpg","articleSection":["Provinciales"],"inLanguage":"es","potentialAction":[{"@type":"CommentAction","name":"Comment","target":["https:\/\/cvinoticias.com\/v3\/obera-rescataron-sin-vida-el-cuerpo-de-un-hombre-que-cayo-a-un-pozo-de-unos-aproximados-17-metros-de-profundidad\/#respond"]}]},{"@type":"WebPage","@id":"https:\/\/cvinoticias.com\/v3\/obera-rescataron-sin-vida-el-cuerpo-de-un-hombre-que-cayo-a-un-pozo-de-unos-aproximados-17-metros-de-profundidad\/","url":"https:\/\/cvinoticias.com\/v3\/obera-rescataron-sin-vida-el-cuerpo-de-un-hombre-que-cayo-a-un-pozo-de-unos-aproximados-17-metros-de-profundidad\/","name":"Ober\u00e1: Rescataron sin vida el cuerpo de un hombre que cay\u00f3 a un pozo de unos aproximados 17 metros de profundidad | CVI NOTICIAS","isPartOf":{"@id":"https:\/\/cvinoticias.com\/v3\/#website"},"primaryImageOfPage":{"@id":"https:\/\/cvinoticias.com\/v3\/obera-rescataron-sin-vida-el-cuerpo-de-un-hombre-que-cayo-a-un-pozo-de-unos-aproximados-17-metros-de-profundidad\/#primaryimage"},"image":{"@id":"https:\/\/cvinoticias.com\/v3\/obera-rescataron-sin-vida-el-cuerpo-de-un-hombre-que-cayo-a-un-pozo-de-unos-aproximados-17-metros-de-profundidad\/#primaryimage"},"thumbnailUrl":"https:\/\/cvinoticias.com\/wp-content\/uploads\/2022\/02\/IMG-20220212-WA0060.jpg","datePublished":"2022-02-12T21:04:24+00:00","breadcrumb":{"@id":"https:\/\/cvinoticias.com\/v3\/obera-rescataron-sin-vida-el-cuerpo-de-un-hombre-que-cayo-a-un-pozo-de-unos-aproximados-17-metros-de-profundidad\/#breadcrumb"},"inLanguage":"es","potentialAction":[{"@type":"ReadAction","target":["https:\/\/cvinoticias.com\/v3\/obera-rescataron-sin-vida-el-cuerpo-de-un-hombre-que-cayo-a-un-pozo-de-unos-aproximados-17-metros-de-profundidad\/"]}]},{"@type":"ImageObject","inLanguage":"es","@id":"https:\/\/cvinoticias.com\/v3\/obera-rescataron-sin-vida-el-cuerpo-de-un-hombre-que-cayo-a-un-pozo-de-unos-aproximados-17-metros-de-profundidad\/#primaryimage","url":"https:\/\/cvinoticias.com\/wp-content\/uploads\/2022\/02\/IMG-20220212-WA0060.jpg","contentUrl":"https:\/\/cvinoticias.com\/wp-content\/uploads\/2022\/02\/IMG-20220212-WA0060.jpg","width":1200,"height":1600},{"@type":"BreadcrumbList","@id":"https:\/\/cvinoticias.com\/v3\/obera-rescataron-sin-vida-el-cuerpo-de-un-hombre-que-cayo-a-un-pozo-de-unos-aproximados-17-metros-de-profundidad\/#breadcrumb","itemListElement":[{"@type":"ListItem","position":1,"name":"Portada","item":"https:\/\/cvinoticias.com\/v3\/"},{"@type":"ListItem","position":2,"name":"Ober\u00e1: Rescataron sin vida el cuerpo de un hombre que cay\u00f3 a un pozo de unos aproximados 17 metros de profundidad"}]},{"@type":"WebSite","@id":"https:\/\/cvinoticias.com\/v3\/#website","url":"https:\/\/cvinoticias.com\/v3\/","name":"CVI NOTICIAS","description":"","publisher":{"@id":"https:\/\/cvinoticias.com\/v3\/#organization"},"alternateName":"CVI","potentialAction":[{"@type":"SearchAction","target":{"@type":"EntryPoint","urlTemplate":"https:\/\/cvinoticias.com\/v3\/?s={search_term_string}"},"query-input":{"@type":"PropertyValueSpecification","valueRequired":true,"valueName":"search_term_string"}}],"inLanguage":"es"},{"@type":"Organization","@id":"https:\/\/cvinoticias.com\/v3\/#organization","name":"CVI NOTICIAS","url":"https:\/\/cvinoticias.com\/v3\/","logo":{"@type":"ImageObject","inLanguage":"es","@id":"https:\/\/cvinoticias.com\/v3\/#\/schema\/logo\/image\/","url":"https:\/\/cvinoticias.com\/wp-content\/uploads\/2023\/04\/cropped-cropped-cropped-cropped-cropped-3-1.png","contentUrl":"https:\/\/cvinoticias.com\/wp-content\/uploads\/2023\/04\/cropped-cropped-cropped-cropped-cropped-3-1.png","width":95,"height":122,"caption":"CVI NOTICIAS"},"image":{"@id":"https:\/\/cvinoticias.com\/v3\/#\/schema\/logo\/image\/"},"sameAs":["https:\/\/www.facebook.com\/cvinoticias","https:\/\/www.instagram.com\/cvinoticias\/","https:\/\/www.youtube.com\/@CVINOTICIAS"]},{"@type":"Person","@id":"https:\/\/cvinoticias.com\/v3\/#\/schema\/person\/2db77e3c6bc03c538495d7b2b8be9b66","name":"f1000024","image":{"@type":"ImageObject","inLanguage":"es","@id":"https:\/\/secure.gravatar.com\/avatar\/d4fe7459cfc51ff5129ce1a732bbef5928568b8092d412ef95611616376bbeed?s=96&d=mm&r=g","url":"https:\/\/secure.gravatar.com\/avatar\/d4fe7459cfc51ff5129ce1a732bbef5928568b8092d412ef95611616376bbeed?s=96&d=mm&r=g","contentUrl":"https:\/\/secure.gravatar.com\/avatar\/d4fe7459cfc51ff5129ce1a732bbef5928568b8092d412ef95611616376bbeed?s=96&d=mm&r=g","caption":"f1000024"},"url":"https:\/\/cvinoticias.com\/v3\/author\/f1000024\/"}]}},"_links":{"self":[{"href":"https:\/\/cvinoticias.com\/v3\/wp-json\/wp\/v2\/posts\/13152","targetHints":{"allow":["GET"]}}],"collection":[{"href":"https:\/\/cvinoticias.com\/v3\/wp-json\/wp\/v2\/posts"}],"about":[{"href":"https:\/\/cvinoticias.com\/v3\/wp-json\/wp\/v2\/types\/post"}],"author":[{"embeddable":true,"href":"https:\/\/cvinoticias.com\/v3\/wp-json\/wp\/v2\/users\/2"}],"replies":[{"embeddable":true,"href":"https:\/\/cvinoticias.com\/v3\/wp-json\/wp\/v2\/comments?post=13152"}],"version-history":[{"count":1,"href":"https:\/\/cvinoticias.com\/v3\/wp-json\/wp\/v2\/posts\/13152\/revisions"}],"predecessor-version":[{"id":13155,"href":"https:\/\/cvinoticias.com\/v3\/wp-json\/wp\/v2\/posts\/13152\/revisions\/13155"}],"wp:featuredmedia":[{"embeddable":true,"href":"https:\/\/cvinoticias.com\/v3\/wp-json\/wp\/v2\/media\/13153"}],"wp:attachment":[{"href":"https:\/\/cvinoticias.com\/v3\/wp-json\/wp\/v2\/media?parent=13152"}],"wp:term":[{"taxonomy":"category","embeddable":true,"href":"https:\/\/cvinoticias.com\/v3\/wp-json\/wp\/v2\/categories?post=13152"},{"taxonomy":"post_tag","embeddable":true,"href":"https:\/\/cvinoticias.com\/v3\/wp-json\/wp\/v2\/tags?post=13152"}],"curies":[{"name":"wp","href":"https:\/\/api.w.org\/{rel}","templated":true}]}}