{"id":13148,"date":"2022-02-12T13:23:56","date_gmt":"2022-02-12T13:23:56","guid":{"rendered":"https:\/\/cvinoticias.com\/v3\/?p=13148"},"modified":"2022-02-12T13:23:56","modified_gmt":"2022-02-12T13:23:56","slug":"vuelve-el-tramite-de-fe-de-vida-para-los-jubilados-y-pensionados","status":"publish","type":"post","link":"https:\/\/cvinoticias.com\/v3\/vuelve-el-tramite-de-fe-de-vida-para-los-jubilados-y-pensionados\/","title":{"rendered":"Vuelve el tr\u00e1mite de \u201cfe de vida\u201d para los jubilados y pensionados"},"content":{"rendered":"\n<p class=\"wp-block-paragraph\"><strong><em>Luego de que la Anses suspendiera en 2020 el tr\u00e1mite de fe de vida -tambi\u00e9n conocido como \u201csupervivencia\u201d- para el cobro de jubilaciones y pensiones en el marco de la pandemia de coronavirus y, estableciera sucesivas pr\u00f3rrogas, el mismo volver\u00e1 a realizarse a partir del 1 de marzo de este a\u00f1o, por lo que los bancos ya comenzaron a informar a sus clientes respecto de la necesidad de tramitarlo a trav\u00e9s de diferentes modalidades.<\/em><\/strong><\/p>\n\n\n\n<p class=\"wp-block-paragraph\">Por distintas v\u00edas, el Banco Naci\u00f3n y otras entidades financieras empezaron a enviar mensajes a sus clientes jubilados con la advertencia de que a partir de marzo ser\u00e1 necesario acreditar la supervivencia cada mes, gesti\u00f3n que hab\u00eda sido suprimida por razones sanitarias para evitar que las personas mayores tuvieran que concurrir a las sucursales en el pico de la pandemia.<\/p>\n\n\n\n<p class=\"wp-block-paragraph\">No obstante, desde la Anses confirmaron que la suspensi\u00f3n del tr\u00e1mite termina a fines de este mes, sin embargo dejaron la puerta abierta y dijeron a Infobae que \u201cen los pr\u00f3ximos d\u00edas se va a informar qu\u00e9 suceder\u00e1 a partir de marzo\u201d.<\/p>\n","protected":false},"excerpt":{"rendered":"<p>Luego de que la Anses suspendiera en 2020 el tr\u00e1mite de fe de vida -tambi\u00e9n conocido como \u201csupervivencia\u201d- para el cobro de jubilaciones y pensiones en el marco de la pandemia de coronavirus y, estableciera sucesivas pr\u00f3rrogas, el mismo volver\u00e1 a realizarse a partir del 1 de marzo de este a\u00f1o, por lo que los [&hellip;]<\/p>\n","protected":false},"author":2,"featured_media":13149,"comment_status":"open","ping_status":"open","sticky":false,"template":"","format":"standard","meta":{"footnotes":""},"categories":[47],"tags":[],"class_list":["post-13148","post","type-post","status-publish","format-standard","has-post-thumbnail","hentry","category-sociedad"],"yoast_head":"<!-- This site is optimized with the Yoast SEO plugin v28.4 - https:\/\/yoast.com\/product\/yoast-seo-wordpress\/ -->\n<title>Vuelve el tr\u00e1mite de \u201cfe de vida\u201d para los jubilados y pensionados | CVI NOTICIAS<\/title>\n<meta name=\"robots\" content=\"index, follow, max-snippet:-1, max-image-preview:large, max-video-preview:-1\" \/>\n<link rel=\"canonical\" href=\"https:\/\/cvinoticias.com\/v3\/vuelve-el-tramite-de-fe-de-vida-para-los-jubilados-y-pensionados\/\" \/>\n<meta property=\"og:locale\" content=\"es_ES\" \/>\n<meta property=\"og:type\" content=\"article\" \/>\n<meta property=\"og:title\" content=\"Vuelve el tr\u00e1mite de \u201cfe de vida\u201d para los jubilados y pensionados | CVI NOTICIAS\" \/>\n<meta property=\"og:description\" content=\"Luego de que la Anses suspendiera en 2020 el tr\u00e1mite de fe de vida -tambi\u00e9n conocido como \u201csupervivencia\u201d- para el cobro de jubilaciones y pensiones en el marco de la pandemia de coronavirus y, estableciera sucesivas pr\u00f3rrogas, el mismo volver\u00e1 a realizarse a partir del 1 de marzo de este a\u00f1o, por lo que los [&hellip;]\" \/>\n<meta property=\"og:url\" content=\"https:\/\/cvinoticias.com\/v3\/vuelve-el-tramite-de-fe-de-vida-para-los-jubilados-y-pensionados\/\" \/>\n<meta property=\"og:site_name\" content=\"CVI NOTICIAS\" \/>\n<meta property=\"article:publisher\" content=\"https:\/\/www.facebook.com\/cvinoticias\" \/>\n<meta property=\"article:published_time\" content=\"2022-02-12T13:23:56+00:00\" \/>\n<meta property=\"og:image\" content=\"https:\/\/cvinoticias.com\/wp-content\/uploads\/2022\/02\/Screenshot_20220212-102317_Gallery.jpg\" \/>\n\t<meta property=\"og:image:width\" content=\"1078\" \/>\n\t<meta property=\"og:image:height\" content=\"722\" \/>\n\t<meta property=\"og:image:type\" content=\"image\/jpeg\" \/>\n<meta name=\"author\" content=\"f1000024\" \/>\n<meta name=\"twitter:card\" content=\"summary_large_image\" \/>\n<meta name=\"twitter:label1\" content=\"Escrito por\" \/>\n\t<meta name=\"twitter:data1\" content=\"f1000024\" \/>\n\t<meta name=\"twitter:label2\" content=\"Tiempo de lectura\" \/>\n\t<meta name=\"twitter:data2\" content=\"1 minuto\" \/>\n<script type=\"application\/ld+json\" class=\"yoast-schema-graph\">{\"@context\":\"https:\\\/\\\/schema.org\",\"@graph\":[{\"@type\":\"Article\",\"@id\":\"https:\\\/\\\/cvinoticias.com\\\/v3\\\/vuelve-el-tramite-de-fe-de-vida-para-los-jubilados-y-pensionados\\\/#article\",\"isPartOf\":{\"@id\":\"https:\\\/\\\/cvinoticias.com\\\/v3\\\/vuelve-el-tramite-de-fe-de-vida-para-los-jubilados-y-pensionados\\\/\"},\"author\":{\"name\":\"f1000024\",\"@id\":\"https:\\\/\\\/cvinoticias.com\\\/v3\\\/#\\\/schema\\\/person\\\/2db77e3c6bc03c538495d7b2b8be9b66\"},\"headline\":\"Vuelve el tr\u00e1mite de \u201cfe de vida\u201d para los jubilados y pensionados\",\"datePublished\":\"2022-02-12T13:23:56+00:00\",\"mainEntityOfPage\":{\"@id\":\"https:\\\/\\\/cvinoticias.com\\\/v3\\\/vuelve-el-tramite-de-fe-de-vida-para-los-jubilados-y-pensionados\\\/\"},\"wordCount\":201,\"commentCount\":0,\"publisher\":{\"@id\":\"https:\\\/\\\/cvinoticias.com\\\/v3\\\/#organization\"},\"image\":{\"@id\":\"https:\\\/\\\/cvinoticias.com\\\/v3\\\/vuelve-el-tramite-de-fe-de-vida-para-los-jubilados-y-pensionados\\\/#primaryimage\"},\"thumbnailUrl\":\"https:\\\/\\\/cvinoticias.com\\\/wp-content\\\/uploads\\\/2022\\\/02\\\/Screenshot_20220212-102317_Gallery.jpg\",\"articleSection\":[\"Sociedad\"],\"inLanguage\":\"es\",\"potentialAction\":[{\"@type\":\"CommentAction\",\"name\":\"Comment\",\"target\":[\"https:\\\/\\\/cvinoticias.com\\\/v3\\\/vuelve-el-tramite-de-fe-de-vida-para-los-jubilados-y-pensionados\\\/#respond\"]}]},{\"@type\":\"WebPage\",\"@id\":\"https:\\\/\\\/cvinoticias.com\\\/v3\\\/vuelve-el-tramite-de-fe-de-vida-para-los-jubilados-y-pensionados\\\/\",\"url\":\"https:\\\/\\\/cvinoticias.com\\\/v3\\\/vuelve-el-tramite-de-fe-de-vida-para-los-jubilados-y-pensionados\\\/\",\"name\":\"Vuelve el tr\u00e1mite de \u201cfe de vida\u201d para los jubilados y pensionados | CVI NOTICIAS\",\"isPartOf\":{\"@id\":\"https:\\\/\\\/cvinoticias.com\\\/v3\\\/#website\"},\"primaryImageOfPage\":{\"@id\":\"https:\\\/\\\/cvinoticias.com\\\/v3\\\/vuelve-el-tramite-de-fe-de-vida-para-los-jubilados-y-pensionados\\\/#primaryimage\"},\"image\":{\"@id\":\"https:\\\/\\\/cvinoticias.com\\\/v3\\\/vuelve-el-tramite-de-fe-de-vida-para-los-jubilados-y-pensionados\\\/#primaryimage\"},\"thumbnailUrl\":\"https:\\\/\\\/cvinoticias.com\\\/wp-content\\\/uploads\\\/2022\\\/02\\\/Screenshot_20220212-102317_Gallery.jpg\",\"datePublished\":\"2022-02-12T13:23:56+00:00\",\"breadcrumb\":{\"@id\":\"https:\\\/\\\/cvinoticias.com\\\/v3\\\/vuelve-el-tramite-de-fe-de-vida-para-los-jubilados-y-pensionados\\\/#breadcrumb\"},\"inLanguage\":\"es\",\"potentialAction\":[{\"@type\":\"ReadAction\",\"target\":[\"https:\\\/\\\/cvinoticias.com\\\/v3\\\/vuelve-el-tramite-de-fe-de-vida-para-los-jubilados-y-pensionados\\\/\"]}]},{\"@type\":\"ImageObject\",\"inLanguage\":\"es\",\"@id\":\"https:\\\/\\\/cvinoticias.com\\\/v3\\\/vuelve-el-tramite-de-fe-de-vida-para-los-jubilados-y-pensionados\\\/#primaryimage\",\"url\":\"https:\\\/\\\/cvinoticias.com\\\/wp-content\\\/uploads\\\/2022\\\/02\\\/Screenshot_20220212-102317_Gallery.jpg\",\"contentUrl\":\"https:\\\/\\\/cvinoticias.com\\\/wp-content\\\/uploads\\\/2022\\\/02\\\/Screenshot_20220212-102317_Gallery.jpg\",\"width\":1078,\"height\":722},{\"@type\":\"BreadcrumbList\",\"@id\":\"https:\\\/\\\/cvinoticias.com\\\/v3\\\/vuelve-el-tramite-de-fe-de-vida-para-los-jubilados-y-pensionados\\\/#breadcrumb\",\"itemListElement\":[{\"@type\":\"ListItem\",\"position\":1,\"name\":\"Portada\",\"item\":\"https:\\\/\\\/cvinoticias.com\\\/v3\\\/\"},{\"@type\":\"ListItem\",\"position\":2,\"name\":\"Vuelve el tr\u00e1mite de \u201cfe de vida\u201d para los jubilados y pensionados\"}]},{\"@type\":\"WebSite\",\"@id\":\"https:\\\/\\\/cvinoticias.com\\\/v3\\\/#website\",\"url\":\"https:\\\/\\\/cvinoticias.com\\\/v3\\\/\",\"name\":\"CVI NOTICIAS\",\"description\":\"\",\"publisher\":{\"@id\":\"https:\\\/\\\/cvinoticias.com\\\/v3\\\/#organization\"},\"alternateName\":\"CVI\",\"potentialAction\":[{\"@type\":\"SearchAction\",\"target\":{\"@type\":\"EntryPoint\",\"urlTemplate\":\"https:\\\/\\\/cvinoticias.com\\\/v3\\\/?s={search_term_string}\"},\"query-input\":{\"@type\":\"PropertyValueSpecification\",\"valueRequired\":true,\"valueName\":\"search_term_string\"}}],\"inLanguage\":\"es\"},{\"@type\":\"Organization\",\"@id\":\"https:\\\/\\\/cvinoticias.com\\\/v3\\\/#organization\",\"name\":\"CVI NOTICIAS\",\"url\":\"https:\\\/\\\/cvinoticias.com\\\/v3\\\/\",\"logo\":{\"@type\":\"ImageObject\",\"inLanguage\":\"es\",\"@id\":\"https:\\\/\\\/cvinoticias.com\\\/v3\\\/#\\\/schema\\\/logo\\\/image\\\/\",\"url\":\"https:\\\/\\\/cvinoticias.com\\\/wp-content\\\/uploads\\\/2023\\\/04\\\/cropped-cropped-cropped-cropped-cropped-3-1.png\",\"contentUrl\":\"https:\\\/\\\/cvinoticias.com\\\/wp-content\\\/uploads\\\/2023\\\/04\\\/cropped-cropped-cropped-cropped-cropped-3-1.png\",\"width\":95,\"height\":122,\"caption\":\"CVI NOTICIAS\"},\"image\":{\"@id\":\"https:\\\/\\\/cvinoticias.com\\\/v3\\\/#\\\/schema\\\/logo\\\/image\\\/\"},\"sameAs\":[\"https:\\\/\\\/www.facebook.com\\\/cvinoticias\",\"https:\\\/\\\/www.instagram.com\\\/cvinoticias\\\/\",\"https:\\\/\\\/www.youtube.com\\\/@CVINOTICIAS\"]},{\"@type\":\"Person\",\"@id\":\"https:\\\/\\\/cvinoticias.com\\\/v3\\\/#\\\/schema\\\/person\\\/2db77e3c6bc03c538495d7b2b8be9b66\",\"name\":\"f1000024\",\"image\":{\"@type\":\"ImageObject\",\"inLanguage\":\"es\",\"@id\":\"https:\\\/\\\/secure.gravatar.com\\\/avatar\\\/d4fe7459cfc51ff5129ce1a732bbef5928568b8092d412ef95611616376bbeed?s=96&d=mm&r=g\",\"url\":\"https:\\\/\\\/secure.gravatar.com\\\/avatar\\\/d4fe7459cfc51ff5129ce1a732bbef5928568b8092d412ef95611616376bbeed?s=96&d=mm&r=g\",\"contentUrl\":\"https:\\\/\\\/secure.gravatar.com\\\/avatar\\\/d4fe7459cfc51ff5129ce1a732bbef5928568b8092d412ef95611616376bbeed?s=96&d=mm&r=g\",\"caption\":\"f1000024\"},\"url\":\"https:\\\/\\\/cvinoticias.com\\\/v3\\\/author\\\/f1000024\\\/\"}]}<\/script>\n<!-- \/ Yoast SEO plugin. -->","yoast_head_json":{"title":"Vuelve el tr\u00e1mite de \u201cfe de vida\u201d para los jubilados y pensionados | CVI NOTICIAS","robots":{"index":"index","follow":"follow","max-snippet":"max-snippet:-1","max-image-preview":"max-image-preview:large","max-video-preview":"max-video-preview:-1"},"canonical":"https:\/\/cvinoticias.com\/v3\/vuelve-el-tramite-de-fe-de-vida-para-los-jubilados-y-pensionados\/","og_locale":"es_ES","og_type":"article","og_title":"Vuelve el tr\u00e1mite de \u201cfe de vida\u201d para los jubilados y pensionados | CVI NOTICIAS","og_description":"Luego de que la Anses suspendiera en 2020 el tr\u00e1mite de fe de vida -tambi\u00e9n conocido como \u201csupervivencia\u201d- para el cobro de jubilaciones y pensiones en el marco de la pandemia de coronavirus y, estableciera sucesivas pr\u00f3rrogas, el mismo volver\u00e1 a realizarse a partir del 1 de marzo de este a\u00f1o, por lo que los [&hellip;]","og_url":"https:\/\/cvinoticias.com\/v3\/vuelve-el-tramite-de-fe-de-vida-para-los-jubilados-y-pensionados\/","og_site_name":"CVI NOTICIAS","article_publisher":"https:\/\/www.facebook.com\/cvinoticias","article_published_time":"2022-02-12T13:23:56+00:00","og_image":[{"width":1078,"height":722,"url":"https:\/\/cvinoticias.com\/wp-content\/uploads\/2022\/02\/Screenshot_20220212-102317_Gallery.jpg","type":"image\/jpeg"}],"author":"f1000024","twitter_card":"summary_large_image","twitter_misc":{"Escrito por":"f1000024","Tiempo de lectura":"1 minuto"},"schema":{"@context":"https:\/\/schema.org","@graph":[{"@type":"Article","@id":"https:\/\/cvinoticias.com\/v3\/vuelve-el-tramite-de-fe-de-vida-para-los-jubilados-y-pensionados\/#article","isPartOf":{"@id":"https:\/\/cvinoticias.com\/v3\/vuelve-el-tramite-de-fe-de-vida-para-los-jubilados-y-pensionados\/"},"author":{"name":"f1000024","@id":"https:\/\/cvinoticias.com\/v3\/#\/schema\/person\/2db77e3c6bc03c538495d7b2b8be9b66"},"headline":"Vuelve el tr\u00e1mite de \u201cfe de vida\u201d para los jubilados y pensionados","datePublished":"2022-02-12T13:23:56+00:00","mainEntityOfPage":{"@id":"https:\/\/cvinoticias.com\/v3\/vuelve-el-tramite-de-fe-de-vida-para-los-jubilados-y-pensionados\/"},"wordCount":201,"commentCount":0,"publisher":{"@id":"https:\/\/cvinoticias.com\/v3\/#organization"},"image":{"@id":"https:\/\/cvinoticias.com\/v3\/vuelve-el-tramite-de-fe-de-vida-para-los-jubilados-y-pensionados\/#primaryimage"},"thumbnailUrl":"https:\/\/cvinoticias.com\/wp-content\/uploads\/2022\/02\/Screenshot_20220212-102317_Gallery.jpg","articleSection":["Sociedad"],"inLanguage":"es","potentialAction":[{"@type":"CommentAction","name":"Comment","target":["https:\/\/cvinoticias.com\/v3\/vuelve-el-tramite-de-fe-de-vida-para-los-jubilados-y-pensionados\/#respond"]}]},{"@type":"WebPage","@id":"https:\/\/cvinoticias.com\/v3\/vuelve-el-tramite-de-fe-de-vida-para-los-jubilados-y-pensionados\/","url":"https:\/\/cvinoticias.com\/v3\/vuelve-el-tramite-de-fe-de-vida-para-los-jubilados-y-pensionados\/","name":"Vuelve el tr\u00e1mite de \u201cfe de vida\u201d para los jubilados y pensionados | CVI NOTICIAS","isPartOf":{"@id":"https:\/\/cvinoticias.com\/v3\/#website"},"primaryImageOfPage":{"@id":"https:\/\/cvinoticias.com\/v3\/vuelve-el-tramite-de-fe-de-vida-para-los-jubilados-y-pensionados\/#primaryimage"},"image":{"@id":"https:\/\/cvinoticias.com\/v3\/vuelve-el-tramite-de-fe-de-vida-para-los-jubilados-y-pensionados\/#primaryimage"},"thumbnailUrl":"https:\/\/cvinoticias.com\/wp-content\/uploads\/2022\/02\/Screenshot_20220212-102317_Gallery.jpg","datePublished":"2022-02-12T13:23:56+00:00","breadcrumb":{"@id":"https:\/\/cvinoticias.com\/v3\/vuelve-el-tramite-de-fe-de-vida-para-los-jubilados-y-pensionados\/#breadcrumb"},"inLanguage":"es","potentialAction":[{"@type":"ReadAction","target":["https:\/\/cvinoticias.com\/v3\/vuelve-el-tramite-de-fe-de-vida-para-los-jubilados-y-pensionados\/"]}]},{"@type":"ImageObject","inLanguage":"es","@id":"https:\/\/cvinoticias.com\/v3\/vuelve-el-tramite-de-fe-de-vida-para-los-jubilados-y-pensionados\/#primaryimage","url":"https:\/\/cvinoticias.com\/wp-content\/uploads\/2022\/02\/Screenshot_20220212-102317_Gallery.jpg","contentUrl":"https:\/\/cvinoticias.com\/wp-content\/uploads\/2022\/02\/Screenshot_20220212-102317_Gallery.jpg","width":1078,"height":722},{"@type":"BreadcrumbList","@id":"https:\/\/cvinoticias.com\/v3\/vuelve-el-tramite-de-fe-de-vida-para-los-jubilados-y-pensionados\/#breadcrumb","itemListElement":[{"@type":"ListItem","position":1,"name":"Portada","item":"https:\/\/cvinoticias.com\/v3\/"},{"@type":"ListItem","position":2,"name":"Vuelve el tr\u00e1mite de \u201cfe de vida\u201d para los jubilados y pensionados"}]},{"@type":"WebSite","@id":"https:\/\/cvinoticias.com\/v3\/#website","url":"https:\/\/cvinoticias.com\/v3\/","name":"CVI NOTICIAS","description":"","publisher":{"@id":"https:\/\/cvinoticias.com\/v3\/#organization"},"alternateName":"CVI","potentialAction":[{"@type":"SearchAction","target":{"@type":"EntryPoint","urlTemplate":"https:\/\/cvinoticias.com\/v3\/?s={search_term_string}"},"query-input":{"@type":"PropertyValueSpecification","valueRequired":true,"valueName":"search_term_string"}}],"inLanguage":"es"},{"@type":"Organization","@id":"https:\/\/cvinoticias.com\/v3\/#organization","name":"CVI NOTICIAS","url":"https:\/\/cvinoticias.com\/v3\/","logo":{"@type":"ImageObject","inLanguage":"es","@id":"https:\/\/cvinoticias.com\/v3\/#\/schema\/logo\/image\/","url":"https:\/\/cvinoticias.com\/wp-content\/uploads\/2023\/04\/cropped-cropped-cropped-cropped-cropped-3-1.png","contentUrl":"https:\/\/cvinoticias.com\/wp-content\/uploads\/2023\/04\/cropped-cropped-cropped-cropped-cropped-3-1.png","width":95,"height":122,"caption":"CVI NOTICIAS"},"image":{"@id":"https:\/\/cvinoticias.com\/v3\/#\/schema\/logo\/image\/"},"sameAs":["https:\/\/www.facebook.com\/cvinoticias","https:\/\/www.instagram.com\/cvinoticias\/","https:\/\/www.youtube.com\/@CVINOTICIAS"]},{"@type":"Person","@id":"https:\/\/cvinoticias.com\/v3\/#\/schema\/person\/2db77e3c6bc03c538495d7b2b8be9b66","name":"f1000024","image":{"@type":"ImageObject","inLanguage":"es","@id":"https:\/\/secure.gravatar.com\/avatar\/d4fe7459cfc51ff5129ce1a732bbef5928568b8092d412ef95611616376bbeed?s=96&d=mm&r=g","url":"https:\/\/secure.gravatar.com\/avatar\/d4fe7459cfc51ff5129ce1a732bbef5928568b8092d412ef95611616376bbeed?s=96&d=mm&r=g","contentUrl":"https:\/\/secure.gravatar.com\/avatar\/d4fe7459cfc51ff5129ce1a732bbef5928568b8092d412ef95611616376bbeed?s=96&d=mm&r=g","caption":"f1000024"},"url":"https:\/\/cvinoticias.com\/v3\/author\/f1000024\/"}]}},"_links":{"self":[{"href":"https:\/\/cvinoticias.com\/v3\/wp-json\/wp\/v2\/posts\/13148","targetHints":{"allow":["GET"]}}],"collection":[{"href":"https:\/\/cvinoticias.com\/v3\/wp-json\/wp\/v2\/posts"}],"about":[{"href":"https:\/\/cvinoticias.com\/v3\/wp-json\/wp\/v2\/types\/post"}],"author":[{"embeddable":true,"href":"https:\/\/cvinoticias.com\/v3\/wp-json\/wp\/v2\/users\/2"}],"replies":[{"embeddable":true,"href":"https:\/\/cvinoticias.com\/v3\/wp-json\/wp\/v2\/comments?post=13148"}],"version-history":[{"count":1,"href":"https:\/\/cvinoticias.com\/v3\/wp-json\/wp\/v2\/posts\/13148\/revisions"}],"predecessor-version":[{"id":13150,"href":"https:\/\/cvinoticias.com\/v3\/wp-json\/wp\/v2\/posts\/13148\/revisions\/13150"}],"wp:featuredmedia":[{"embeddable":true,"href":"https:\/\/cvinoticias.com\/v3\/wp-json\/wp\/v2\/media\/13149"}],"wp:attachment":[{"href":"https:\/\/cvinoticias.com\/v3\/wp-json\/wp\/v2\/media?parent=13148"}],"wp:term":[{"taxonomy":"category","embeddable":true,"href":"https:\/\/cvinoticias.com\/v3\/wp-json\/wp\/v2\/categories?post=13148"},{"taxonomy":"post_tag","embeddable":true,"href":"https:\/\/cvinoticias.com\/v3\/wp-json\/wp\/v2\/tags?post=13148"}],"curies":[{"name":"wp","href":"https:\/\/api.w.org\/{rel}","templated":true}]}}