{"id":13140,"date":"2022-02-12T12:54:14","date_gmt":"2022-02-12T12:54:14","guid":{"rendered":"https:\/\/cvinoticias.com\/v3\/?p=13140"},"modified":"2022-02-12T12:54:14","modified_gmt":"2022-02-12T12:54:14","slug":"dos-hermanas-secuestraron-una-camioneta-robada-en-brasil-con-patentes-truchas","status":"publish","type":"post","link":"https:\/\/cvinoticias.com\/v3\/dos-hermanas-secuestraron-una-camioneta-robada-en-brasil-con-patentes-truchas\/","title":{"rendered":"Dos Hermanas: Secuestraron una camioneta robada en Brasil con patentes \u00abtruchas\u00bb"},"content":{"rendered":"\n<p><strong><em>Ayer por la noche, los efectivos de la seccional local, secuestraron una camioneta Chevrolet S10 de cabina simple, luego de realizar un allanamiento en el \u00e1rea rural de este paraje, donde tambi\u00e9n incautaron dos dominios alfanum\u00e9ricos que pertenec\u00edan a un Volkswagen Vogaye que hab\u00eda despistado en una ruta el a\u00f1o pasado.<\/em><\/strong><\/p>\n\n\n\n<p>En el marco de las tareas investigativas relacionadas con un hecho de hurto, en el que la comisar\u00eda de Bernardo de Irigoyen se aboc\u00f3 a esclarecerlo, los efectivos llegaron hasta una vivienda, en donde hallaron el automotor abandonado en el patio de la casa. Es por esto que, tras consultas efectuadas con las autoridades policiales de Brasil, se estableci\u00f3 que fue sustra\u00edda en la ciudad de Guaruja Do Sul, el d\u00eda 3 de febrero de este a\u00f1o.<\/p>\n\n\n\n<p>Consecuentemente, se puso en conocimiento al Juzgado de Instrucci\u00f3n N.\u00ba 1 de San Pedro, que interviene en la causa y dispuso el secuestro preventivo de las matr\u00edculas junto al veh\u00edculo.<\/p>\n","protected":false},"excerpt":{"rendered":"<p>Ayer por la noche, los efectivos de la seccional local, secuestraron una camioneta Chevrolet S10 de cabina simple, luego de realizar un allanamiento en el \u00e1rea rural de este paraje, donde tambi\u00e9n incautaron dos dominios alfanum\u00e9ricos que pertenec\u00edan a un Volkswagen Vogaye que hab\u00eda despistado en una ruta el a\u00f1o pasado. En el marco de [&hellip;]<\/p>\n","protected":false},"author":2,"featured_media":13141,"comment_status":"open","ping_status":"open","sticky":false,"template":"","format":"standard","meta":{"footnotes":""},"categories":[41],"tags":[],"class_list":["post-13140","post","type-post","status-publish","format-standard","has-post-thumbnail","hentry","category-policiales"],"yoast_head":"<!-- This site is optimized with the Yoast SEO plugin v27.5 - https:\/\/yoast.com\/product\/yoast-seo-wordpress\/ -->\n<title>Dos Hermanas: Secuestraron una camioneta robada en Brasil con patentes &quot;truchas&quot; | CVI NOTICIAS<\/title>\n<meta name=\"robots\" content=\"index, follow, max-snippet:-1, max-image-preview:large, max-video-preview:-1\" \/>\n<link rel=\"canonical\" href=\"https:\/\/cvinoticias.com\/v3\/dos-hermanas-secuestraron-una-camioneta-robada-en-brasil-con-patentes-truchas\/\" \/>\n<meta property=\"og:locale\" content=\"es_ES\" \/>\n<meta property=\"og:type\" content=\"article\" \/>\n<meta property=\"og:title\" content=\"Dos Hermanas: Secuestraron una camioneta robada en Brasil con patentes &quot;truchas&quot; | CVI NOTICIAS\" \/>\n<meta property=\"og:description\" content=\"Ayer por la noche, los efectivos de la seccional local, secuestraron una camioneta Chevrolet S10 de cabina simple, luego de realizar un allanamiento en el \u00e1rea rural de este paraje, donde tambi\u00e9n incautaron dos dominios alfanum\u00e9ricos que pertenec\u00edan a un Volkswagen Vogaye que hab\u00eda despistado en una ruta el a\u00f1o pasado. En el marco de [&hellip;]\" \/>\n<meta property=\"og:url\" content=\"https:\/\/cvinoticias.com\/v3\/dos-hermanas-secuestraron-una-camioneta-robada-en-brasil-con-patentes-truchas\/\" \/>\n<meta property=\"og:site_name\" content=\"CVI NOTICIAS\" \/>\n<meta property=\"article:publisher\" content=\"https:\/\/www.facebook.com\/cvinoticias\" \/>\n<meta property=\"article:published_time\" content=\"2022-02-12T12:54:14+00:00\" \/>\n<meta property=\"og:image\" content=\"https:\/\/cvinoticias.com\/wp-content\/uploads\/2022\/02\/IMG-20220212-WA0017.jpg\" \/>\n\t<meta property=\"og:image:width\" content=\"1280\" \/>\n\t<meta property=\"og:image:height\" content=\"720\" \/>\n\t<meta property=\"og:image:type\" content=\"image\/jpeg\" \/>\n<meta name=\"author\" content=\"f1000024\" \/>\n<meta name=\"twitter:card\" content=\"summary_large_image\" \/>\n<meta name=\"twitter:label1\" content=\"Escrito por\" \/>\n\t<meta name=\"twitter:data1\" content=\"f1000024\" \/>\n\t<meta name=\"twitter:label2\" content=\"Tiempo de lectura\" \/>\n\t<meta name=\"twitter:data2\" content=\"1 minuto\" \/>\n<script type=\"application\/ld+json\" class=\"yoast-schema-graph\">{\"@context\":\"https:\\\/\\\/schema.org\",\"@graph\":[{\"@type\":\"Article\",\"@id\":\"https:\\\/\\\/cvinoticias.com\\\/v3\\\/dos-hermanas-secuestraron-una-camioneta-robada-en-brasil-con-patentes-truchas\\\/#article\",\"isPartOf\":{\"@id\":\"https:\\\/\\\/cvinoticias.com\\\/v3\\\/dos-hermanas-secuestraron-una-camioneta-robada-en-brasil-con-patentes-truchas\\\/\"},\"author\":{\"name\":\"f1000024\",\"@id\":\"https:\\\/\\\/cvinoticias.com\\\/v3\\\/#\\\/schema\\\/person\\\/2db77e3c6bc03c538495d7b2b8be9b66\"},\"headline\":\"Dos Hermanas: Secuestraron una camioneta robada en Brasil con patentes \u00abtruchas\u00bb\",\"datePublished\":\"2022-02-12T12:54:14+00:00\",\"mainEntityOfPage\":{\"@id\":\"https:\\\/\\\/cvinoticias.com\\\/v3\\\/dos-hermanas-secuestraron-una-camioneta-robada-en-brasil-con-patentes-truchas\\\/\"},\"wordCount\":179,\"commentCount\":0,\"publisher\":{\"@id\":\"https:\\\/\\\/cvinoticias.com\\\/v3\\\/#organization\"},\"image\":{\"@id\":\"https:\\\/\\\/cvinoticias.com\\\/v3\\\/dos-hermanas-secuestraron-una-camioneta-robada-en-brasil-con-patentes-truchas\\\/#primaryimage\"},\"thumbnailUrl\":\"https:\\\/\\\/cvinoticias.com\\\/wp-content\\\/uploads\\\/2022\\\/02\\\/IMG-20220212-WA0017.jpg\",\"articleSection\":[\"Policiales\"],\"inLanguage\":\"es\",\"potentialAction\":[{\"@type\":\"CommentAction\",\"name\":\"Comment\",\"target\":[\"https:\\\/\\\/cvinoticias.com\\\/v3\\\/dos-hermanas-secuestraron-una-camioneta-robada-en-brasil-con-patentes-truchas\\\/#respond\"]}]},{\"@type\":\"WebPage\",\"@id\":\"https:\\\/\\\/cvinoticias.com\\\/v3\\\/dos-hermanas-secuestraron-una-camioneta-robada-en-brasil-con-patentes-truchas\\\/\",\"url\":\"https:\\\/\\\/cvinoticias.com\\\/v3\\\/dos-hermanas-secuestraron-una-camioneta-robada-en-brasil-con-patentes-truchas\\\/\",\"name\":\"Dos Hermanas: Secuestraron una camioneta robada en Brasil con patentes \\\"truchas\\\" | CVI NOTICIAS\",\"isPartOf\":{\"@id\":\"https:\\\/\\\/cvinoticias.com\\\/v3\\\/#website\"},\"primaryImageOfPage\":{\"@id\":\"https:\\\/\\\/cvinoticias.com\\\/v3\\\/dos-hermanas-secuestraron-una-camioneta-robada-en-brasil-con-patentes-truchas\\\/#primaryimage\"},\"image\":{\"@id\":\"https:\\\/\\\/cvinoticias.com\\\/v3\\\/dos-hermanas-secuestraron-una-camioneta-robada-en-brasil-con-patentes-truchas\\\/#primaryimage\"},\"thumbnailUrl\":\"https:\\\/\\\/cvinoticias.com\\\/wp-content\\\/uploads\\\/2022\\\/02\\\/IMG-20220212-WA0017.jpg\",\"datePublished\":\"2022-02-12T12:54:14+00:00\",\"breadcrumb\":{\"@id\":\"https:\\\/\\\/cvinoticias.com\\\/v3\\\/dos-hermanas-secuestraron-una-camioneta-robada-en-brasil-con-patentes-truchas\\\/#breadcrumb\"},\"inLanguage\":\"es\",\"potentialAction\":[{\"@type\":\"ReadAction\",\"target\":[\"https:\\\/\\\/cvinoticias.com\\\/v3\\\/dos-hermanas-secuestraron-una-camioneta-robada-en-brasil-con-patentes-truchas\\\/\"]}]},{\"@type\":\"ImageObject\",\"inLanguage\":\"es\",\"@id\":\"https:\\\/\\\/cvinoticias.com\\\/v3\\\/dos-hermanas-secuestraron-una-camioneta-robada-en-brasil-con-patentes-truchas\\\/#primaryimage\",\"url\":\"https:\\\/\\\/cvinoticias.com\\\/wp-content\\\/uploads\\\/2022\\\/02\\\/IMG-20220212-WA0017.jpg\",\"contentUrl\":\"https:\\\/\\\/cvinoticias.com\\\/wp-content\\\/uploads\\\/2022\\\/02\\\/IMG-20220212-WA0017.jpg\",\"width\":1280,\"height\":720},{\"@type\":\"BreadcrumbList\",\"@id\":\"https:\\\/\\\/cvinoticias.com\\\/v3\\\/dos-hermanas-secuestraron-una-camioneta-robada-en-brasil-con-patentes-truchas\\\/#breadcrumb\",\"itemListElement\":[{\"@type\":\"ListItem\",\"position\":1,\"name\":\"Portada\",\"item\":\"https:\\\/\\\/cvinoticias.com\\\/v3\\\/\"},{\"@type\":\"ListItem\",\"position\":2,\"name\":\"Dos Hermanas: Secuestraron una camioneta robada en Brasil con patentes \u00abtruchas\u00bb\"}]},{\"@type\":\"WebSite\",\"@id\":\"https:\\\/\\\/cvinoticias.com\\\/v3\\\/#website\",\"url\":\"https:\\\/\\\/cvinoticias.com\\\/v3\\\/\",\"name\":\"CVI NOTICIAS\",\"description\":\"\",\"publisher\":{\"@id\":\"https:\\\/\\\/cvinoticias.com\\\/v3\\\/#organization\"},\"alternateName\":\"CVI\",\"potentialAction\":[{\"@type\":\"SearchAction\",\"target\":{\"@type\":\"EntryPoint\",\"urlTemplate\":\"https:\\\/\\\/cvinoticias.com\\\/v3\\\/?s={search_term_string}\"},\"query-input\":{\"@type\":\"PropertyValueSpecification\",\"valueRequired\":true,\"valueName\":\"search_term_string\"}}],\"inLanguage\":\"es\"},{\"@type\":\"Organization\",\"@id\":\"https:\\\/\\\/cvinoticias.com\\\/v3\\\/#organization\",\"name\":\"CVI NOTICIAS\",\"url\":\"https:\\\/\\\/cvinoticias.com\\\/v3\\\/\",\"logo\":{\"@type\":\"ImageObject\",\"inLanguage\":\"es\",\"@id\":\"https:\\\/\\\/cvinoticias.com\\\/v3\\\/#\\\/schema\\\/logo\\\/image\\\/\",\"url\":\"https:\\\/\\\/cvinoticias.com\\\/wp-content\\\/uploads\\\/2023\\\/04\\\/cropped-cropped-cropped-cropped-cropped-3-1.png\",\"contentUrl\":\"https:\\\/\\\/cvinoticias.com\\\/wp-content\\\/uploads\\\/2023\\\/04\\\/cropped-cropped-cropped-cropped-cropped-3-1.png\",\"width\":95,\"height\":122,\"caption\":\"CVI NOTICIAS\"},\"image\":{\"@id\":\"https:\\\/\\\/cvinoticias.com\\\/v3\\\/#\\\/schema\\\/logo\\\/image\\\/\"},\"sameAs\":[\"https:\\\/\\\/www.facebook.com\\\/cvinoticias\",\"https:\\\/\\\/www.instagram.com\\\/cvinoticias\\\/\",\"https:\\\/\\\/www.youtube.com\\\/@CVINOTICIAS\"]},{\"@type\":\"Person\",\"@id\":\"https:\\\/\\\/cvinoticias.com\\\/v3\\\/#\\\/schema\\\/person\\\/2db77e3c6bc03c538495d7b2b8be9b66\",\"name\":\"f1000024\",\"image\":{\"@type\":\"ImageObject\",\"inLanguage\":\"es\",\"@id\":\"https:\\\/\\\/secure.gravatar.com\\\/avatar\\\/d4fe7459cfc51ff5129ce1a732bbef5928568b8092d412ef95611616376bbeed?s=96&d=mm&r=g\",\"url\":\"https:\\\/\\\/secure.gravatar.com\\\/avatar\\\/d4fe7459cfc51ff5129ce1a732bbef5928568b8092d412ef95611616376bbeed?s=96&d=mm&r=g\",\"contentUrl\":\"https:\\\/\\\/secure.gravatar.com\\\/avatar\\\/d4fe7459cfc51ff5129ce1a732bbef5928568b8092d412ef95611616376bbeed?s=96&d=mm&r=g\",\"caption\":\"f1000024\"},\"url\":\"https:\\\/\\\/cvinoticias.com\\\/v3\\\/author\\\/f1000024\\\/\"}]}<\/script>\n<!-- \/ Yoast SEO plugin. -->","yoast_head_json":{"title":"Dos Hermanas: Secuestraron una camioneta robada en Brasil con patentes \"truchas\" | CVI NOTICIAS","robots":{"index":"index","follow":"follow","max-snippet":"max-snippet:-1","max-image-preview":"max-image-preview:large","max-video-preview":"max-video-preview:-1"},"canonical":"https:\/\/cvinoticias.com\/v3\/dos-hermanas-secuestraron-una-camioneta-robada-en-brasil-con-patentes-truchas\/","og_locale":"es_ES","og_type":"article","og_title":"Dos Hermanas: Secuestraron una camioneta robada en Brasil con patentes \"truchas\" | CVI NOTICIAS","og_description":"Ayer por la noche, los efectivos de la seccional local, secuestraron una camioneta Chevrolet S10 de cabina simple, luego de realizar un allanamiento en el \u00e1rea rural de este paraje, donde tambi\u00e9n incautaron dos dominios alfanum\u00e9ricos que pertenec\u00edan a un Volkswagen Vogaye que hab\u00eda despistado en una ruta el a\u00f1o pasado. En el marco de [&hellip;]","og_url":"https:\/\/cvinoticias.com\/v3\/dos-hermanas-secuestraron-una-camioneta-robada-en-brasil-con-patentes-truchas\/","og_site_name":"CVI NOTICIAS","article_publisher":"https:\/\/www.facebook.com\/cvinoticias","article_published_time":"2022-02-12T12:54:14+00:00","og_image":[{"width":1280,"height":720,"url":"https:\/\/cvinoticias.com\/wp-content\/uploads\/2022\/02\/IMG-20220212-WA0017.jpg","type":"image\/jpeg"}],"author":"f1000024","twitter_card":"summary_large_image","twitter_misc":{"Escrito por":"f1000024","Tiempo de lectura":"1 minuto"},"schema":{"@context":"https:\/\/schema.org","@graph":[{"@type":"Article","@id":"https:\/\/cvinoticias.com\/v3\/dos-hermanas-secuestraron-una-camioneta-robada-en-brasil-con-patentes-truchas\/#article","isPartOf":{"@id":"https:\/\/cvinoticias.com\/v3\/dos-hermanas-secuestraron-una-camioneta-robada-en-brasil-con-patentes-truchas\/"},"author":{"name":"f1000024","@id":"https:\/\/cvinoticias.com\/v3\/#\/schema\/person\/2db77e3c6bc03c538495d7b2b8be9b66"},"headline":"Dos Hermanas: Secuestraron una camioneta robada en Brasil con patentes \u00abtruchas\u00bb","datePublished":"2022-02-12T12:54:14+00:00","mainEntityOfPage":{"@id":"https:\/\/cvinoticias.com\/v3\/dos-hermanas-secuestraron-una-camioneta-robada-en-brasil-con-patentes-truchas\/"},"wordCount":179,"commentCount":0,"publisher":{"@id":"https:\/\/cvinoticias.com\/v3\/#organization"},"image":{"@id":"https:\/\/cvinoticias.com\/v3\/dos-hermanas-secuestraron-una-camioneta-robada-en-brasil-con-patentes-truchas\/#primaryimage"},"thumbnailUrl":"https:\/\/cvinoticias.com\/wp-content\/uploads\/2022\/02\/IMG-20220212-WA0017.jpg","articleSection":["Policiales"],"inLanguage":"es","potentialAction":[{"@type":"CommentAction","name":"Comment","target":["https:\/\/cvinoticias.com\/v3\/dos-hermanas-secuestraron-una-camioneta-robada-en-brasil-con-patentes-truchas\/#respond"]}]},{"@type":"WebPage","@id":"https:\/\/cvinoticias.com\/v3\/dos-hermanas-secuestraron-una-camioneta-robada-en-brasil-con-patentes-truchas\/","url":"https:\/\/cvinoticias.com\/v3\/dos-hermanas-secuestraron-una-camioneta-robada-en-brasil-con-patentes-truchas\/","name":"Dos Hermanas: Secuestraron una camioneta robada en Brasil con patentes \"truchas\" | CVI NOTICIAS","isPartOf":{"@id":"https:\/\/cvinoticias.com\/v3\/#website"},"primaryImageOfPage":{"@id":"https:\/\/cvinoticias.com\/v3\/dos-hermanas-secuestraron-una-camioneta-robada-en-brasil-con-patentes-truchas\/#primaryimage"},"image":{"@id":"https:\/\/cvinoticias.com\/v3\/dos-hermanas-secuestraron-una-camioneta-robada-en-brasil-con-patentes-truchas\/#primaryimage"},"thumbnailUrl":"https:\/\/cvinoticias.com\/wp-content\/uploads\/2022\/02\/IMG-20220212-WA0017.jpg","datePublished":"2022-02-12T12:54:14+00:00","breadcrumb":{"@id":"https:\/\/cvinoticias.com\/v3\/dos-hermanas-secuestraron-una-camioneta-robada-en-brasil-con-patentes-truchas\/#breadcrumb"},"inLanguage":"es","potentialAction":[{"@type":"ReadAction","target":["https:\/\/cvinoticias.com\/v3\/dos-hermanas-secuestraron-una-camioneta-robada-en-brasil-con-patentes-truchas\/"]}]},{"@type":"ImageObject","inLanguage":"es","@id":"https:\/\/cvinoticias.com\/v3\/dos-hermanas-secuestraron-una-camioneta-robada-en-brasil-con-patentes-truchas\/#primaryimage","url":"https:\/\/cvinoticias.com\/wp-content\/uploads\/2022\/02\/IMG-20220212-WA0017.jpg","contentUrl":"https:\/\/cvinoticias.com\/wp-content\/uploads\/2022\/02\/IMG-20220212-WA0017.jpg","width":1280,"height":720},{"@type":"BreadcrumbList","@id":"https:\/\/cvinoticias.com\/v3\/dos-hermanas-secuestraron-una-camioneta-robada-en-brasil-con-patentes-truchas\/#breadcrumb","itemListElement":[{"@type":"ListItem","position":1,"name":"Portada","item":"https:\/\/cvinoticias.com\/v3\/"},{"@type":"ListItem","position":2,"name":"Dos Hermanas: Secuestraron una camioneta robada en Brasil con patentes \u00abtruchas\u00bb"}]},{"@type":"WebSite","@id":"https:\/\/cvinoticias.com\/v3\/#website","url":"https:\/\/cvinoticias.com\/v3\/","name":"CVI NOTICIAS","description":"","publisher":{"@id":"https:\/\/cvinoticias.com\/v3\/#organization"},"alternateName":"CVI","potentialAction":[{"@type":"SearchAction","target":{"@type":"EntryPoint","urlTemplate":"https:\/\/cvinoticias.com\/v3\/?s={search_term_string}"},"query-input":{"@type":"PropertyValueSpecification","valueRequired":true,"valueName":"search_term_string"}}],"inLanguage":"es"},{"@type":"Organization","@id":"https:\/\/cvinoticias.com\/v3\/#organization","name":"CVI NOTICIAS","url":"https:\/\/cvinoticias.com\/v3\/","logo":{"@type":"ImageObject","inLanguage":"es","@id":"https:\/\/cvinoticias.com\/v3\/#\/schema\/logo\/image\/","url":"https:\/\/cvinoticias.com\/wp-content\/uploads\/2023\/04\/cropped-cropped-cropped-cropped-cropped-3-1.png","contentUrl":"https:\/\/cvinoticias.com\/wp-content\/uploads\/2023\/04\/cropped-cropped-cropped-cropped-cropped-3-1.png","width":95,"height":122,"caption":"CVI NOTICIAS"},"image":{"@id":"https:\/\/cvinoticias.com\/v3\/#\/schema\/logo\/image\/"},"sameAs":["https:\/\/www.facebook.com\/cvinoticias","https:\/\/www.instagram.com\/cvinoticias\/","https:\/\/www.youtube.com\/@CVINOTICIAS"]},{"@type":"Person","@id":"https:\/\/cvinoticias.com\/v3\/#\/schema\/person\/2db77e3c6bc03c538495d7b2b8be9b66","name":"f1000024","image":{"@type":"ImageObject","inLanguage":"es","@id":"https:\/\/secure.gravatar.com\/avatar\/d4fe7459cfc51ff5129ce1a732bbef5928568b8092d412ef95611616376bbeed?s=96&d=mm&r=g","url":"https:\/\/secure.gravatar.com\/avatar\/d4fe7459cfc51ff5129ce1a732bbef5928568b8092d412ef95611616376bbeed?s=96&d=mm&r=g","contentUrl":"https:\/\/secure.gravatar.com\/avatar\/d4fe7459cfc51ff5129ce1a732bbef5928568b8092d412ef95611616376bbeed?s=96&d=mm&r=g","caption":"f1000024"},"url":"https:\/\/cvinoticias.com\/v3\/author\/f1000024\/"}]}},"_links":{"self":[{"href":"https:\/\/cvinoticias.com\/v3\/wp-json\/wp\/v2\/posts\/13140","targetHints":{"allow":["GET"]}}],"collection":[{"href":"https:\/\/cvinoticias.com\/v3\/wp-json\/wp\/v2\/posts"}],"about":[{"href":"https:\/\/cvinoticias.com\/v3\/wp-json\/wp\/v2\/types\/post"}],"author":[{"embeddable":true,"href":"https:\/\/cvinoticias.com\/v3\/wp-json\/wp\/v2\/users\/2"}],"replies":[{"embeddable":true,"href":"https:\/\/cvinoticias.com\/v3\/wp-json\/wp\/v2\/comments?post=13140"}],"version-history":[{"count":1,"href":"https:\/\/cvinoticias.com\/v3\/wp-json\/wp\/v2\/posts\/13140\/revisions"}],"predecessor-version":[{"id":13142,"href":"https:\/\/cvinoticias.com\/v3\/wp-json\/wp\/v2\/posts\/13140\/revisions\/13142"}],"wp:featuredmedia":[{"embeddable":true,"href":"https:\/\/cvinoticias.com\/v3\/wp-json\/wp\/v2\/media\/13141"}],"wp:attachment":[{"href":"https:\/\/cvinoticias.com\/v3\/wp-json\/wp\/v2\/media?parent=13140"}],"wp:term":[{"taxonomy":"category","embeddable":true,"href":"https:\/\/cvinoticias.com\/v3\/wp-json\/wp\/v2\/categories?post=13140"},{"taxonomy":"post_tag","embeddable":true,"href":"https:\/\/cvinoticias.com\/v3\/wp-json\/wp\/v2\/tags?post=13140"}],"curies":[{"name":"wp","href":"https:\/\/api.w.org\/{rel}","templated":true}]}}