{"id":13097,"date":"2022-02-11T12:22:39","date_gmt":"2022-02-11T12:22:39","guid":{"rendered":"https:\/\/cvinoticias.com\/v3\/?p=13097"},"modified":"2022-02-11T12:22:39","modified_gmt":"2022-02-11T12:22:39","slug":"incendios-en-corrientes-el-gobierno-nacional-aporto-200-millones-y-crearon-comando-unificado","status":"publish","type":"post","link":"https:\/\/cvinoticias.com\/v3\/incendios-en-corrientes-el-gobierno-nacional-aporto-200-millones-y-crearon-comando-unificado\/","title":{"rendered":"Incendios en Corrientes: el Gobierno nacional aport\u00f3 $200 millones y crearon Comando Unificado"},"content":{"rendered":"\n<p><strong><em>Naci\u00f3n ya lleva aportados recursos por m\u00e1s de 400 millones de pesos. Se encuentran trabajando cuatro aviones hidrantes y 80 brigadistas especializados.<\/em><\/strong><\/p>\n\n\n\n<p>El Gobierno Nscional a trav\u00e9s del Ministerio de Ambiente y Desarrollo Sostenible, contin\u00faa asistiendo a la provincia de Corrientes para combatir los incendios rurales que la afectan y ya lleva aportados recursos por m\u00e1s de 400 millones de pesos.<\/p>\n\n\n\n<p>En combinaci\u00f3n con el Estado provincial, el Ministerio que conduce Juan Cabandi\u00e9 puso en funcionamiento un Comit\u00e9 de Emergencia con el objetivo de coordinar los trabajos que se llevan adelante para combatir el fuego.<\/p>\n\n\n\n<figure class=\"wp-block-image size-full\"><a href=\"https:\/\/cvinoticias.com\/wp-content\/uploads\/2022\/02\/incendios-en-corrientes.jpg\"><img decoding=\"async\" width=\"980\" height=\"620\" data-src=\"https:\/\/cvinoticias.com\/wp-content\/uploads\/2022\/02\/incendios-en-corrientes.jpg\" alt=\"\" class=\"wp-image-13098 lazyload\" data-srcset=\"https:\/\/cvinoticias.com\/wp-content\/uploads\/2022\/02\/incendios-en-corrientes.jpg 980w, https:\/\/cvinoticias.com\/wp-content\/uploads\/2022\/02\/incendios-en-corrientes-300x190.jpg 300w, https:\/\/cvinoticias.com\/wp-content\/uploads\/2022\/02\/incendios-en-corrientes-768x486.jpg 768w\" data-sizes=\"(max-width: 980px) 100vw, 980px\" src=\"data:image\/svg+xml;base64,PHN2ZyB3aWR0aD0iMSIgaGVpZ2h0PSIxIiB4bWxucz0iaHR0cDovL3d3dy53My5vcmcvMjAwMC9zdmciPjwvc3ZnPg==\" style=\"--smush-placeholder-width: 980px; --smush-placeholder-aspect-ratio: 980\/620;\" \/><\/a><\/figure>\n\n\n\n<p>En la provincia ya se encuentran trabajando cuatro aviones hidrantes y 80 brigadistas especializados, a lo que se sumar\u00e1 un helic\u00f3ptero enviado por el Estado nacional que se utilizar\u00e1 para tareas de log\u00edstica, asistencia y emergencias.<\/p>\n\n\n\n<p>Adem\u00e1s, a trav\u00e9s del Ministerio del Interior, la Naci\u00f3n le gir\u00f3 a la administraci\u00f3n provincial unos 200 millones de pesos para financiar la lucha contra los incendios y poder afrontar los gastos derivados del desplazamiento de los brigadistas, as\u00ed como del mantenimiento de autobombas y otros veh\u00edculos.<\/p>\n\n\n\n<p>A ese monto se suman otros 200 millones de pesos por parte del Ministerio de Agricultura, Ganader\u00eda y Pesca de la Naci\u00f3n destinados a brindar asistencia financiera y cr\u00e9ditos blandos para productores agropecuarios afectados por el fuego y la sequ\u00eda.<\/p>\n\n\n\n<p>Por otra parte, se anunci\u00f3 la creaci\u00f3n en la provincia de una base y un cuerpo de brigadistas especializados en incendios rurales, que se sumar\u00e1 a otra ubicada en la localidad misionera de Ap\u00f3stoles, que tendr\u00e1 colaboraci\u00f3n constante con Corrientes.<\/p>\n","protected":false},"excerpt":{"rendered":"<p>Naci\u00f3n ya lleva aportados recursos por m\u00e1s de 400 millones de pesos. Se encuentran trabajando cuatro aviones hidrantes y 80 brigadistas especializados. El Gobierno Nscional a trav\u00e9s del Ministerio de Ambiente y Desarrollo Sostenible, contin\u00faa asistiendo a la provincia de Corrientes para combatir los incendios rurales que la afectan y ya lleva aportados recursos por [&hellip;]<\/p>\n","protected":false},"author":2,"featured_media":13099,"comment_status":"open","ping_status":"open","sticky":false,"template":"","format":"standard","meta":{"footnotes":""},"categories":[39],"tags":[],"class_list":["post-13097","post","type-post","status-publish","format-standard","has-post-thumbnail","hentry","category-nacionales"],"yoast_head":"<!-- This site is optimized with the Yoast SEO plugin v27.4 - https:\/\/yoast.com\/product\/yoast-seo-wordpress\/ -->\n<title>Incendios en Corrientes: el Gobierno nacional aport\u00f3 $200 millones y crearon Comando Unificado | CVI NOTICIAS<\/title>\n<meta name=\"robots\" content=\"index, follow, max-snippet:-1, max-image-preview:large, max-video-preview:-1\" \/>\n<link rel=\"canonical\" href=\"https:\/\/cvinoticias.com\/v3\/incendios-en-corrientes-el-gobierno-nacional-aporto-200-millones-y-crearon-comando-unificado\/\" \/>\n<meta property=\"og:locale\" content=\"es_ES\" \/>\n<meta property=\"og:type\" content=\"article\" \/>\n<meta property=\"og:title\" content=\"Incendios en Corrientes: el Gobierno nacional aport\u00f3 $200 millones y crearon Comando Unificado | CVI NOTICIAS\" \/>\n<meta property=\"og:description\" content=\"Naci\u00f3n ya lleva aportados recursos por m\u00e1s de 400 millones de pesos. Se encuentran trabajando cuatro aviones hidrantes y 80 brigadistas especializados. El Gobierno Nscional a trav\u00e9s del Ministerio de Ambiente y Desarrollo Sostenible, contin\u00faa asistiendo a la provincia de Corrientes para combatir los incendios rurales que la afectan y ya lleva aportados recursos por [&hellip;]\" \/>\n<meta property=\"og:url\" content=\"https:\/\/cvinoticias.com\/v3\/incendios-en-corrientes-el-gobierno-nacional-aporto-200-millones-y-crearon-comando-unificado\/\" \/>\n<meta property=\"og:site_name\" content=\"CVI NOTICIAS\" \/>\n<meta property=\"article:publisher\" content=\"https:\/\/www.facebook.com\/cvinoticias\" \/>\n<meta property=\"article:published_time\" content=\"2022-02-11T12:22:39+00:00\" \/>\n<meta property=\"og:image\" content=\"https:\/\/cvinoticias.com\/wp-content\/uploads\/2022\/02\/images-1.jpeg\" \/>\n\t<meta property=\"og:image:width\" content=\"300\" \/>\n\t<meta property=\"og:image:height\" content=\"168\" \/>\n\t<meta property=\"og:image:type\" content=\"image\/jpeg\" \/>\n<meta name=\"author\" content=\"f1000024\" \/>\n<meta name=\"twitter:card\" content=\"summary_large_image\" \/>\n<meta name=\"twitter:label1\" content=\"Escrito por\" \/>\n\t<meta name=\"twitter:data1\" content=\"f1000024\" \/>\n\t<meta name=\"twitter:label2\" content=\"Tiempo de lectura\" \/>\n\t<meta name=\"twitter:data2\" content=\"1 minuto\" \/>\n<script type=\"application\/ld+json\" class=\"yoast-schema-graph\">{\"@context\":\"https:\\\/\\\/schema.org\",\"@graph\":[{\"@type\":\"Article\",\"@id\":\"https:\\\/\\\/cvinoticias.com\\\/v3\\\/incendios-en-corrientes-el-gobierno-nacional-aporto-200-millones-y-crearon-comando-unificado\\\/#article\",\"isPartOf\":{\"@id\":\"https:\\\/\\\/cvinoticias.com\\\/v3\\\/incendios-en-corrientes-el-gobierno-nacional-aporto-200-millones-y-crearon-comando-unificado\\\/\"},\"author\":{\"name\":\"f1000024\",\"@id\":\"https:\\\/\\\/cvinoticias.com\\\/v3\\\/#\\\/schema\\\/person\\\/2db77e3c6bc03c538495d7b2b8be9b66\"},\"headline\":\"Incendios en Corrientes: el Gobierno nacional aport\u00f3 $200 millones y crearon Comando Unificado\",\"datePublished\":\"2022-02-11T12:22:39+00:00\",\"mainEntityOfPage\":{\"@id\":\"https:\\\/\\\/cvinoticias.com\\\/v3\\\/incendios-en-corrientes-el-gobierno-nacional-aporto-200-millones-y-crearon-comando-unificado\\\/\"},\"wordCount\":284,\"commentCount\":0,\"publisher\":{\"@id\":\"https:\\\/\\\/cvinoticias.com\\\/v3\\\/#organization\"},\"image\":{\"@id\":\"https:\\\/\\\/cvinoticias.com\\\/v3\\\/incendios-en-corrientes-el-gobierno-nacional-aporto-200-millones-y-crearon-comando-unificado\\\/#primaryimage\"},\"thumbnailUrl\":\"https:\\\/\\\/cvinoticias.com\\\/wp-content\\\/uploads\\\/2022\\\/02\\\/images-1.jpeg\",\"articleSection\":[\"Nacionales\"],\"inLanguage\":\"es\",\"potentialAction\":[{\"@type\":\"CommentAction\",\"name\":\"Comment\",\"target\":[\"https:\\\/\\\/cvinoticias.com\\\/v3\\\/incendios-en-corrientes-el-gobierno-nacional-aporto-200-millones-y-crearon-comando-unificado\\\/#respond\"]}]},{\"@type\":\"WebPage\",\"@id\":\"https:\\\/\\\/cvinoticias.com\\\/v3\\\/incendios-en-corrientes-el-gobierno-nacional-aporto-200-millones-y-crearon-comando-unificado\\\/\",\"url\":\"https:\\\/\\\/cvinoticias.com\\\/v3\\\/incendios-en-corrientes-el-gobierno-nacional-aporto-200-millones-y-crearon-comando-unificado\\\/\",\"name\":\"Incendios en Corrientes: el Gobierno nacional aport\u00f3 $200 millones y crearon Comando Unificado | CVI NOTICIAS\",\"isPartOf\":{\"@id\":\"https:\\\/\\\/cvinoticias.com\\\/v3\\\/#website\"},\"primaryImageOfPage\":{\"@id\":\"https:\\\/\\\/cvinoticias.com\\\/v3\\\/incendios-en-corrientes-el-gobierno-nacional-aporto-200-millones-y-crearon-comando-unificado\\\/#primaryimage\"},\"image\":{\"@id\":\"https:\\\/\\\/cvinoticias.com\\\/v3\\\/incendios-en-corrientes-el-gobierno-nacional-aporto-200-millones-y-crearon-comando-unificado\\\/#primaryimage\"},\"thumbnailUrl\":\"https:\\\/\\\/cvinoticias.com\\\/wp-content\\\/uploads\\\/2022\\\/02\\\/images-1.jpeg\",\"datePublished\":\"2022-02-11T12:22:39+00:00\",\"breadcrumb\":{\"@id\":\"https:\\\/\\\/cvinoticias.com\\\/v3\\\/incendios-en-corrientes-el-gobierno-nacional-aporto-200-millones-y-crearon-comando-unificado\\\/#breadcrumb\"},\"inLanguage\":\"es\",\"potentialAction\":[{\"@type\":\"ReadAction\",\"target\":[\"https:\\\/\\\/cvinoticias.com\\\/v3\\\/incendios-en-corrientes-el-gobierno-nacional-aporto-200-millones-y-crearon-comando-unificado\\\/\"]}]},{\"@type\":\"ImageObject\",\"inLanguage\":\"es\",\"@id\":\"https:\\\/\\\/cvinoticias.com\\\/v3\\\/incendios-en-corrientes-el-gobierno-nacional-aporto-200-millones-y-crearon-comando-unificado\\\/#primaryimage\",\"url\":\"https:\\\/\\\/cvinoticias.com\\\/wp-content\\\/uploads\\\/2022\\\/02\\\/images-1.jpeg\",\"contentUrl\":\"https:\\\/\\\/cvinoticias.com\\\/wp-content\\\/uploads\\\/2022\\\/02\\\/images-1.jpeg\",\"width\":300,\"height\":168},{\"@type\":\"BreadcrumbList\",\"@id\":\"https:\\\/\\\/cvinoticias.com\\\/v3\\\/incendios-en-corrientes-el-gobierno-nacional-aporto-200-millones-y-crearon-comando-unificado\\\/#breadcrumb\",\"itemListElement\":[{\"@type\":\"ListItem\",\"position\":1,\"name\":\"Portada\",\"item\":\"https:\\\/\\\/cvinoticias.com\\\/v3\\\/\"},{\"@type\":\"ListItem\",\"position\":2,\"name\":\"Incendios en Corrientes: el Gobierno nacional aport\u00f3 $200 millones y crearon Comando Unificado\"}]},{\"@type\":\"WebSite\",\"@id\":\"https:\\\/\\\/cvinoticias.com\\\/v3\\\/#website\",\"url\":\"https:\\\/\\\/cvinoticias.com\\\/v3\\\/\",\"name\":\"CVI NOTICIAS\",\"description\":\"\",\"publisher\":{\"@id\":\"https:\\\/\\\/cvinoticias.com\\\/v3\\\/#organization\"},\"alternateName\":\"CVI\",\"potentialAction\":[{\"@type\":\"SearchAction\",\"target\":{\"@type\":\"EntryPoint\",\"urlTemplate\":\"https:\\\/\\\/cvinoticias.com\\\/v3\\\/?s={search_term_string}\"},\"query-input\":{\"@type\":\"PropertyValueSpecification\",\"valueRequired\":true,\"valueName\":\"search_term_string\"}}],\"inLanguage\":\"es\"},{\"@type\":\"Organization\",\"@id\":\"https:\\\/\\\/cvinoticias.com\\\/v3\\\/#organization\",\"name\":\"CVI NOTICIAS\",\"url\":\"https:\\\/\\\/cvinoticias.com\\\/v3\\\/\",\"logo\":{\"@type\":\"ImageObject\",\"inLanguage\":\"es\",\"@id\":\"https:\\\/\\\/cvinoticias.com\\\/v3\\\/#\\\/schema\\\/logo\\\/image\\\/\",\"url\":\"https:\\\/\\\/cvinoticias.com\\\/wp-content\\\/uploads\\\/2023\\\/04\\\/cropped-cropped-cropped-cropped-cropped-3-1.png\",\"contentUrl\":\"https:\\\/\\\/cvinoticias.com\\\/wp-content\\\/uploads\\\/2023\\\/04\\\/cropped-cropped-cropped-cropped-cropped-3-1.png\",\"width\":95,\"height\":122,\"caption\":\"CVI NOTICIAS\"},\"image\":{\"@id\":\"https:\\\/\\\/cvinoticias.com\\\/v3\\\/#\\\/schema\\\/logo\\\/image\\\/\"},\"sameAs\":[\"https:\\\/\\\/www.facebook.com\\\/cvinoticias\",\"https:\\\/\\\/www.instagram.com\\\/cvinoticias\\\/\",\"https:\\\/\\\/www.youtube.com\\\/@CVINOTICIAS\"]},{\"@type\":\"Person\",\"@id\":\"https:\\\/\\\/cvinoticias.com\\\/v3\\\/#\\\/schema\\\/person\\\/2db77e3c6bc03c538495d7b2b8be9b66\",\"name\":\"f1000024\",\"image\":{\"@type\":\"ImageObject\",\"inLanguage\":\"es\",\"@id\":\"https:\\\/\\\/secure.gravatar.com\\\/avatar\\\/d4fe7459cfc51ff5129ce1a732bbef5928568b8092d412ef95611616376bbeed?s=96&d=mm&r=g\",\"url\":\"https:\\\/\\\/secure.gravatar.com\\\/avatar\\\/d4fe7459cfc51ff5129ce1a732bbef5928568b8092d412ef95611616376bbeed?s=96&d=mm&r=g\",\"contentUrl\":\"https:\\\/\\\/secure.gravatar.com\\\/avatar\\\/d4fe7459cfc51ff5129ce1a732bbef5928568b8092d412ef95611616376bbeed?s=96&d=mm&r=g\",\"caption\":\"f1000024\"},\"url\":\"https:\\\/\\\/cvinoticias.com\\\/v3\\\/author\\\/f1000024\\\/\"}]}<\/script>\n<!-- \/ Yoast SEO plugin. -->","yoast_head_json":{"title":"Incendios en Corrientes: el Gobierno nacional aport\u00f3 $200 millones y crearon Comando Unificado | CVI NOTICIAS","robots":{"index":"index","follow":"follow","max-snippet":"max-snippet:-1","max-image-preview":"max-image-preview:large","max-video-preview":"max-video-preview:-1"},"canonical":"https:\/\/cvinoticias.com\/v3\/incendios-en-corrientes-el-gobierno-nacional-aporto-200-millones-y-crearon-comando-unificado\/","og_locale":"es_ES","og_type":"article","og_title":"Incendios en Corrientes: el Gobierno nacional aport\u00f3 $200 millones y crearon Comando Unificado | CVI NOTICIAS","og_description":"Naci\u00f3n ya lleva aportados recursos por m\u00e1s de 400 millones de pesos. Se encuentran trabajando cuatro aviones hidrantes y 80 brigadistas especializados. El Gobierno Nscional a trav\u00e9s del Ministerio de Ambiente y Desarrollo Sostenible, contin\u00faa asistiendo a la provincia de Corrientes para combatir los incendios rurales que la afectan y ya lleva aportados recursos por [&hellip;]","og_url":"https:\/\/cvinoticias.com\/v3\/incendios-en-corrientes-el-gobierno-nacional-aporto-200-millones-y-crearon-comando-unificado\/","og_site_name":"CVI NOTICIAS","article_publisher":"https:\/\/www.facebook.com\/cvinoticias","article_published_time":"2022-02-11T12:22:39+00:00","og_image":[{"width":300,"height":168,"url":"https:\/\/cvinoticias.com\/wp-content\/uploads\/2022\/02\/images-1.jpeg","type":"image\/jpeg"}],"author":"f1000024","twitter_card":"summary_large_image","twitter_misc":{"Escrito por":"f1000024","Tiempo de lectura":"1 minuto"},"schema":{"@context":"https:\/\/schema.org","@graph":[{"@type":"Article","@id":"https:\/\/cvinoticias.com\/v3\/incendios-en-corrientes-el-gobierno-nacional-aporto-200-millones-y-crearon-comando-unificado\/#article","isPartOf":{"@id":"https:\/\/cvinoticias.com\/v3\/incendios-en-corrientes-el-gobierno-nacional-aporto-200-millones-y-crearon-comando-unificado\/"},"author":{"name":"f1000024","@id":"https:\/\/cvinoticias.com\/v3\/#\/schema\/person\/2db77e3c6bc03c538495d7b2b8be9b66"},"headline":"Incendios en Corrientes: el Gobierno nacional aport\u00f3 $200 millones y crearon Comando Unificado","datePublished":"2022-02-11T12:22:39+00:00","mainEntityOfPage":{"@id":"https:\/\/cvinoticias.com\/v3\/incendios-en-corrientes-el-gobierno-nacional-aporto-200-millones-y-crearon-comando-unificado\/"},"wordCount":284,"commentCount":0,"publisher":{"@id":"https:\/\/cvinoticias.com\/v3\/#organization"},"image":{"@id":"https:\/\/cvinoticias.com\/v3\/incendios-en-corrientes-el-gobierno-nacional-aporto-200-millones-y-crearon-comando-unificado\/#primaryimage"},"thumbnailUrl":"https:\/\/cvinoticias.com\/wp-content\/uploads\/2022\/02\/images-1.jpeg","articleSection":["Nacionales"],"inLanguage":"es","potentialAction":[{"@type":"CommentAction","name":"Comment","target":["https:\/\/cvinoticias.com\/v3\/incendios-en-corrientes-el-gobierno-nacional-aporto-200-millones-y-crearon-comando-unificado\/#respond"]}]},{"@type":"WebPage","@id":"https:\/\/cvinoticias.com\/v3\/incendios-en-corrientes-el-gobierno-nacional-aporto-200-millones-y-crearon-comando-unificado\/","url":"https:\/\/cvinoticias.com\/v3\/incendios-en-corrientes-el-gobierno-nacional-aporto-200-millones-y-crearon-comando-unificado\/","name":"Incendios en Corrientes: el Gobierno nacional aport\u00f3 $200 millones y crearon Comando Unificado | CVI NOTICIAS","isPartOf":{"@id":"https:\/\/cvinoticias.com\/v3\/#website"},"primaryImageOfPage":{"@id":"https:\/\/cvinoticias.com\/v3\/incendios-en-corrientes-el-gobierno-nacional-aporto-200-millones-y-crearon-comando-unificado\/#primaryimage"},"image":{"@id":"https:\/\/cvinoticias.com\/v3\/incendios-en-corrientes-el-gobierno-nacional-aporto-200-millones-y-crearon-comando-unificado\/#primaryimage"},"thumbnailUrl":"https:\/\/cvinoticias.com\/wp-content\/uploads\/2022\/02\/images-1.jpeg","datePublished":"2022-02-11T12:22:39+00:00","breadcrumb":{"@id":"https:\/\/cvinoticias.com\/v3\/incendios-en-corrientes-el-gobierno-nacional-aporto-200-millones-y-crearon-comando-unificado\/#breadcrumb"},"inLanguage":"es","potentialAction":[{"@type":"ReadAction","target":["https:\/\/cvinoticias.com\/v3\/incendios-en-corrientes-el-gobierno-nacional-aporto-200-millones-y-crearon-comando-unificado\/"]}]},{"@type":"ImageObject","inLanguage":"es","@id":"https:\/\/cvinoticias.com\/v3\/incendios-en-corrientes-el-gobierno-nacional-aporto-200-millones-y-crearon-comando-unificado\/#primaryimage","url":"https:\/\/cvinoticias.com\/wp-content\/uploads\/2022\/02\/images-1.jpeg","contentUrl":"https:\/\/cvinoticias.com\/wp-content\/uploads\/2022\/02\/images-1.jpeg","width":300,"height":168},{"@type":"BreadcrumbList","@id":"https:\/\/cvinoticias.com\/v3\/incendios-en-corrientes-el-gobierno-nacional-aporto-200-millones-y-crearon-comando-unificado\/#breadcrumb","itemListElement":[{"@type":"ListItem","position":1,"name":"Portada","item":"https:\/\/cvinoticias.com\/v3\/"},{"@type":"ListItem","position":2,"name":"Incendios en Corrientes: el Gobierno nacional aport\u00f3 $200 millones y crearon Comando Unificado"}]},{"@type":"WebSite","@id":"https:\/\/cvinoticias.com\/v3\/#website","url":"https:\/\/cvinoticias.com\/v3\/","name":"CVI NOTICIAS","description":"","publisher":{"@id":"https:\/\/cvinoticias.com\/v3\/#organization"},"alternateName":"CVI","potentialAction":[{"@type":"SearchAction","target":{"@type":"EntryPoint","urlTemplate":"https:\/\/cvinoticias.com\/v3\/?s={search_term_string}"},"query-input":{"@type":"PropertyValueSpecification","valueRequired":true,"valueName":"search_term_string"}}],"inLanguage":"es"},{"@type":"Organization","@id":"https:\/\/cvinoticias.com\/v3\/#organization","name":"CVI NOTICIAS","url":"https:\/\/cvinoticias.com\/v3\/","logo":{"@type":"ImageObject","inLanguage":"es","@id":"https:\/\/cvinoticias.com\/v3\/#\/schema\/logo\/image\/","url":"https:\/\/cvinoticias.com\/wp-content\/uploads\/2023\/04\/cropped-cropped-cropped-cropped-cropped-3-1.png","contentUrl":"https:\/\/cvinoticias.com\/wp-content\/uploads\/2023\/04\/cropped-cropped-cropped-cropped-cropped-3-1.png","width":95,"height":122,"caption":"CVI NOTICIAS"},"image":{"@id":"https:\/\/cvinoticias.com\/v3\/#\/schema\/logo\/image\/"},"sameAs":["https:\/\/www.facebook.com\/cvinoticias","https:\/\/www.instagram.com\/cvinoticias\/","https:\/\/www.youtube.com\/@CVINOTICIAS"]},{"@type":"Person","@id":"https:\/\/cvinoticias.com\/v3\/#\/schema\/person\/2db77e3c6bc03c538495d7b2b8be9b66","name":"f1000024","image":{"@type":"ImageObject","inLanguage":"es","@id":"https:\/\/secure.gravatar.com\/avatar\/d4fe7459cfc51ff5129ce1a732bbef5928568b8092d412ef95611616376bbeed?s=96&d=mm&r=g","url":"https:\/\/secure.gravatar.com\/avatar\/d4fe7459cfc51ff5129ce1a732bbef5928568b8092d412ef95611616376bbeed?s=96&d=mm&r=g","contentUrl":"https:\/\/secure.gravatar.com\/avatar\/d4fe7459cfc51ff5129ce1a732bbef5928568b8092d412ef95611616376bbeed?s=96&d=mm&r=g","caption":"f1000024"},"url":"https:\/\/cvinoticias.com\/v3\/author\/f1000024\/"}]}},"_links":{"self":[{"href":"https:\/\/cvinoticias.com\/v3\/wp-json\/wp\/v2\/posts\/13097","targetHints":{"allow":["GET"]}}],"collection":[{"href":"https:\/\/cvinoticias.com\/v3\/wp-json\/wp\/v2\/posts"}],"about":[{"href":"https:\/\/cvinoticias.com\/v3\/wp-json\/wp\/v2\/types\/post"}],"author":[{"embeddable":true,"href":"https:\/\/cvinoticias.com\/v3\/wp-json\/wp\/v2\/users\/2"}],"replies":[{"embeddable":true,"href":"https:\/\/cvinoticias.com\/v3\/wp-json\/wp\/v2\/comments?post=13097"}],"version-history":[{"count":1,"href":"https:\/\/cvinoticias.com\/v3\/wp-json\/wp\/v2\/posts\/13097\/revisions"}],"predecessor-version":[{"id":13100,"href":"https:\/\/cvinoticias.com\/v3\/wp-json\/wp\/v2\/posts\/13097\/revisions\/13100"}],"wp:featuredmedia":[{"embeddable":true,"href":"https:\/\/cvinoticias.com\/v3\/wp-json\/wp\/v2\/media\/13099"}],"wp:attachment":[{"href":"https:\/\/cvinoticias.com\/v3\/wp-json\/wp\/v2\/media?parent=13097"}],"wp:term":[{"taxonomy":"category","embeddable":true,"href":"https:\/\/cvinoticias.com\/v3\/wp-json\/wp\/v2\/categories?post=13097"},{"taxonomy":"post_tag","embeddable":true,"href":"https:\/\/cvinoticias.com\/v3\/wp-json\/wp\/v2\/tags?post=13097"}],"curies":[{"name":"wp","href":"https:\/\/api.w.org\/{rel}","templated":true}]}}