{"id":13091,"date":"2022-02-10T14:36:16","date_gmt":"2022-02-10T14:36:16","guid":{"rendered":"https:\/\/cvinoticias.com\/v3\/?p=13091"},"modified":"2022-02-10T14:36:16","modified_gmt":"2022-02-10T14:36:16","slug":"alerta-por-un-brote-de-fiebre-q-en-un-frigorifico-de-entre-rios","status":"publish","type":"post","link":"https:\/\/cvinoticias.com\/v3\/alerta-por-un-brote-de-fiebre-q-en-un-frigorifico-de-entre-rios\/","title":{"rendered":"Alerta por un brote de \u00abFiebre Q\u00bb en un frigor\u00edfico de Entre R\u00edos"},"content":{"rendered":"\n<p><strong><em>Diez trabajadores tuvieron que ser hospitalizados y \u201cevolucionan favorable luego de recibir tratamiento antibi\u00f3tico con diferentes esquemas terap\u00e9uticos\u201d.<\/em><\/strong><\/p>\n\n\n\n<p>En las \u00faltimas horas, el Ministerio de Salud de la naci\u00f3n emiti\u00f3 una alerta epidemiol\u00f3gica por un brote de fiebre Q que se origin\u00f3 en un frigor\u00edfico de la ciudad de Diamante, Entre R\u00edos. Se trata de 11 trabajadores afectados, de los cuales 10 tuvieron que ser hospitalizados.<\/p>\n\n\n\n<p>Seg\u00fan comunic\u00f3 la cartera sanitaria, todos mostraron una \u201cevoluci\u00f3n favorable luego de recibir tratamiento antibi\u00f3tico con diferentes esquemas terap\u00e9uticos\u201d. Durante el proceso, los trabajadores presentaron cuadros de cefalea, mialgias, fiebre y tos, mientras que el \u201cdiagn\u00f3stico referido fue neumon\u00eda\u201d.<\/p>\n\n\n\n<p>Tambi\u00e9n, explicaron que el brote se origin\u00f3 a partir del cierre de una campana de ventilaci\u00f3n en la zona de trabajo compartido por todos los trabajadores que resultaron contagiados.<\/p>\n\n\n\n<p>La enfermedad comenz\u00f3 a desarrollarse luego del contacto directo con tejidos y fluidos animales, adem\u00e1s del \u201cdeficiente uso de equipos de protecci\u00f3n personal e insuficiente ventilaci\u00f3n de algunos sectores de faena\u201d.<\/p>\n\n\n\n<p>Las condiciones de humedad y las potenciales zonas donde podr\u00edan acumularse fluidos tambi\u00e9n influyeron en la dispersi\u00f3n de esta enfermedad, teniendo en cuenta que todas las personas afectadas trabajan en la misma \u00e1rea de faenado de carne vacuna y de cerdo.<\/p>\n\n\n\n<p><strong>Qu\u00e9 es la \u201cFiebre Q\u201d<\/strong><\/p>\n\n\n\n<p>El Ministerio a cargo de Carla Vizzotti, se\u00f1al\u00f3 que la fiebre Q es una enfermedad que puede afectar tanto a animales como a humanos y que hasta el momento se desconoc\u00eda su prevalencia en la Argentina.<\/p>\n\n\n\n<p>Es importante destacar que quienes la padecen pueden presentar tanto cuadros asintom\u00e1ticos como graves, como neumon\u00eda o hepatitis. Los trabajadores rurales, veterinarios y ganaderos, son la poblaci\u00f3n considerada de riesgo ante esta patolog\u00eda.<\/p>\n\n\n\n<p>\u201cEn un bajo porcentaje puede presentarse la forma cr\u00f3nica de fiebre Q meses o a\u00f1os despu\u00e9s de la infecci\u00f3n inicial, que generalmente se manifiesta como endocarditis o hepatitis granulomatosa\u201d, agregaron las autoridades sanitarias.<\/p>\n\n\n\n<p>Si las mujeres se infectan en el transcurso de un embarazo podr\u00edan llegar a padecer abortos espont\u00e1neos o un parteo prematuro. La bacteria que produce esta fiebre puede infectar a los humanos a trav\u00e9s del consumo de productos l\u00e1cteos no pasteurizados y contaminados.<\/p>\n\n\n\n<p><strong>Diagn\u00f3stico<\/strong><\/p>\n\n\n\n<p>Se realiza por serolog\u00eda (IFI) ,PCR sangre entera en las primeras 2 semanas antes del tratamiento antibi\u00f3tico. Las pruebas de diagn\u00f3stico basadas en la detecci\u00f3n de anticuerpos suelen resultar negativas en los primeros 7 a 15 d\u00edas de la enfermedad. Por este motivo, el tratamiento de los pacientes debe iniciarse ante la sospecha cl\u00ednica y no esperar los resultados de laboratorio. La detecci\u00f3n del ADN de C. burnetii mediante PCR puede confirmar r\u00e1pidamente una infecci\u00f3n aguda.<\/p>\n\n\n\n<p>Idealmente, las muestras se toman durante las primeras 2 semanas de enfermedad y antes o poco despu\u00e9s de la administraci\u00f3n de doxiciclina. Para un diagn\u00f3stico definitivo en las primeras etapas de la enfermedad, se recomienda utilizar pruebas serol\u00f3gicas en combinaci\u00f3n con PCR en sangre total.<\/p>\n\n\n\n<p><strong>Tratamiento<\/strong><\/p>\n\n\n\n<p>Enfermedad aguda: doxiciclina por v\u00eda oral 200 mg\/d\u00eda durante 14 a 21 d\u00edas. En embarazadas se utiliza trimetoprima-sulfametoxazol.<br>En la enfermedad cr\u00f3nica (endocarditis): el tratamiento generalmente es con combinaci\u00f3n de f\u00e1rmacos (doxiciclina m\u00e1s hidroxicloroquina, rifampicina o quinolonas) que se administran por periodos prolongados de 18 a 36 meses. En algunos pacientes puede ser necesario el reemplazo quir\u00fargico de la v\u00e1lvula infectada.<\/p>\n","protected":false},"excerpt":{"rendered":"<p>Diez trabajadores tuvieron que ser hospitalizados y \u201cevolucionan favorable luego de recibir tratamiento antibi\u00f3tico con diferentes esquemas terap\u00e9uticos\u201d. En las \u00faltimas horas, el Ministerio de Salud de la naci\u00f3n emiti\u00f3 una alerta epidemiol\u00f3gica por un brote de fiebre Q que se origin\u00f3 en un frigor\u00edfico de la ciudad de Diamante, Entre R\u00edos. Se trata de [&hellip;]<\/p>\n","protected":false},"author":2,"featured_media":13092,"comment_status":"open","ping_status":"open","sticky":false,"template":"","format":"standard","meta":{"footnotes":""},"categories":[39],"tags":[],"class_list":["post-13091","post","type-post","status-publish","format-standard","has-post-thumbnail","hentry","category-nacionales"],"yoast_head":"<!-- This site is optimized with the Yoast SEO plugin v27.4 - https:\/\/yoast.com\/product\/yoast-seo-wordpress\/ -->\n<title>Alerta por un brote de &quot;Fiebre Q&quot; en un frigor\u00edfico de Entre R\u00edos | CVI NOTICIAS<\/title>\n<meta name=\"robots\" content=\"index, follow, max-snippet:-1, max-image-preview:large, max-video-preview:-1\" \/>\n<link rel=\"canonical\" href=\"https:\/\/cvinoticias.com\/v3\/alerta-por-un-brote-de-fiebre-q-en-un-frigorifico-de-entre-rios\/\" \/>\n<meta property=\"og:locale\" content=\"es_ES\" \/>\n<meta property=\"og:type\" content=\"article\" \/>\n<meta property=\"og:title\" content=\"Alerta por un brote de &quot;Fiebre Q&quot; en un frigor\u00edfico de Entre R\u00edos | CVI NOTICIAS\" \/>\n<meta property=\"og:description\" content=\"Diez trabajadores tuvieron que ser hospitalizados y \u201cevolucionan favorable luego de recibir tratamiento antibi\u00f3tico con diferentes esquemas terap\u00e9uticos\u201d. En las \u00faltimas horas, el Ministerio de Salud de la naci\u00f3n emiti\u00f3 una alerta epidemiol\u00f3gica por un brote de fiebre Q que se origin\u00f3 en un frigor\u00edfico de la ciudad de Diamante, Entre R\u00edos. Se trata de [&hellip;]\" \/>\n<meta property=\"og:url\" content=\"https:\/\/cvinoticias.com\/v3\/alerta-por-un-brote-de-fiebre-q-en-un-frigorifico-de-entre-rios\/\" \/>\n<meta property=\"og:site_name\" content=\"CVI NOTICIAS\" \/>\n<meta property=\"article:publisher\" content=\"https:\/\/www.facebook.com\/cvinoticias\" \/>\n<meta property=\"article:published_time\" content=\"2022-02-10T14:36:16+00:00\" \/>\n<meta property=\"og:image\" content=\"https:\/\/cvinoticias.com\/wp-content\/uploads\/2022\/02\/f608x342-408511_438234_3.jpg\" \/>\n\t<meta property=\"og:image:width\" content=\"608\" \/>\n\t<meta property=\"og:image:height\" content=\"342\" \/>\n\t<meta property=\"og:image:type\" content=\"image\/jpeg\" \/>\n<meta name=\"author\" content=\"f1000024\" \/>\n<meta name=\"twitter:card\" content=\"summary_large_image\" \/>\n<meta name=\"twitter:label1\" content=\"Escrito por\" \/>\n\t<meta name=\"twitter:data1\" content=\"f1000024\" \/>\n\t<meta name=\"twitter:label2\" content=\"Tiempo de lectura\" \/>\n\t<meta name=\"twitter:data2\" content=\"3 minutos\" \/>\n<script type=\"application\/ld+json\" class=\"yoast-schema-graph\">{\"@context\":\"https:\\\/\\\/schema.org\",\"@graph\":[{\"@type\":\"Article\",\"@id\":\"https:\\\/\\\/cvinoticias.com\\\/v3\\\/alerta-por-un-brote-de-fiebre-q-en-un-frigorifico-de-entre-rios\\\/#article\",\"isPartOf\":{\"@id\":\"https:\\\/\\\/cvinoticias.com\\\/v3\\\/alerta-por-un-brote-de-fiebre-q-en-un-frigorifico-de-entre-rios\\\/\"},\"author\":{\"name\":\"f1000024\",\"@id\":\"https:\\\/\\\/cvinoticias.com\\\/v3\\\/#\\\/schema\\\/person\\\/2db77e3c6bc03c538495d7b2b8be9b66\"},\"headline\":\"Alerta por un brote de \u00abFiebre Q\u00bb en un frigor\u00edfico de Entre R\u00edos\",\"datePublished\":\"2022-02-10T14:36:16+00:00\",\"mainEntityOfPage\":{\"@id\":\"https:\\\/\\\/cvinoticias.com\\\/v3\\\/alerta-por-un-brote-de-fiebre-q-en-un-frigorifico-de-entre-rios\\\/\"},\"wordCount\":603,\"commentCount\":0,\"publisher\":{\"@id\":\"https:\\\/\\\/cvinoticias.com\\\/v3\\\/#organization\"},\"image\":{\"@id\":\"https:\\\/\\\/cvinoticias.com\\\/v3\\\/alerta-por-un-brote-de-fiebre-q-en-un-frigorifico-de-entre-rios\\\/#primaryimage\"},\"thumbnailUrl\":\"https:\\\/\\\/cvinoticias.com\\\/wp-content\\\/uploads\\\/2022\\\/02\\\/f608x342-408511_438234_3.jpg\",\"articleSection\":[\"Nacionales\"],\"inLanguage\":\"es\",\"potentialAction\":[{\"@type\":\"CommentAction\",\"name\":\"Comment\",\"target\":[\"https:\\\/\\\/cvinoticias.com\\\/v3\\\/alerta-por-un-brote-de-fiebre-q-en-un-frigorifico-de-entre-rios\\\/#respond\"]}]},{\"@type\":\"WebPage\",\"@id\":\"https:\\\/\\\/cvinoticias.com\\\/v3\\\/alerta-por-un-brote-de-fiebre-q-en-un-frigorifico-de-entre-rios\\\/\",\"url\":\"https:\\\/\\\/cvinoticias.com\\\/v3\\\/alerta-por-un-brote-de-fiebre-q-en-un-frigorifico-de-entre-rios\\\/\",\"name\":\"Alerta por un brote de \\\"Fiebre Q\\\" en un frigor\u00edfico de Entre R\u00edos | CVI NOTICIAS\",\"isPartOf\":{\"@id\":\"https:\\\/\\\/cvinoticias.com\\\/v3\\\/#website\"},\"primaryImageOfPage\":{\"@id\":\"https:\\\/\\\/cvinoticias.com\\\/v3\\\/alerta-por-un-brote-de-fiebre-q-en-un-frigorifico-de-entre-rios\\\/#primaryimage\"},\"image\":{\"@id\":\"https:\\\/\\\/cvinoticias.com\\\/v3\\\/alerta-por-un-brote-de-fiebre-q-en-un-frigorifico-de-entre-rios\\\/#primaryimage\"},\"thumbnailUrl\":\"https:\\\/\\\/cvinoticias.com\\\/wp-content\\\/uploads\\\/2022\\\/02\\\/f608x342-408511_438234_3.jpg\",\"datePublished\":\"2022-02-10T14:36:16+00:00\",\"breadcrumb\":{\"@id\":\"https:\\\/\\\/cvinoticias.com\\\/v3\\\/alerta-por-un-brote-de-fiebre-q-en-un-frigorifico-de-entre-rios\\\/#breadcrumb\"},\"inLanguage\":\"es\",\"potentialAction\":[{\"@type\":\"ReadAction\",\"target\":[\"https:\\\/\\\/cvinoticias.com\\\/v3\\\/alerta-por-un-brote-de-fiebre-q-en-un-frigorifico-de-entre-rios\\\/\"]}]},{\"@type\":\"ImageObject\",\"inLanguage\":\"es\",\"@id\":\"https:\\\/\\\/cvinoticias.com\\\/v3\\\/alerta-por-un-brote-de-fiebre-q-en-un-frigorifico-de-entre-rios\\\/#primaryimage\",\"url\":\"https:\\\/\\\/cvinoticias.com\\\/wp-content\\\/uploads\\\/2022\\\/02\\\/f608x342-408511_438234_3.jpg\",\"contentUrl\":\"https:\\\/\\\/cvinoticias.com\\\/wp-content\\\/uploads\\\/2022\\\/02\\\/f608x342-408511_438234_3.jpg\",\"width\":608,\"height\":342},{\"@type\":\"BreadcrumbList\",\"@id\":\"https:\\\/\\\/cvinoticias.com\\\/v3\\\/alerta-por-un-brote-de-fiebre-q-en-un-frigorifico-de-entre-rios\\\/#breadcrumb\",\"itemListElement\":[{\"@type\":\"ListItem\",\"position\":1,\"name\":\"Portada\",\"item\":\"https:\\\/\\\/cvinoticias.com\\\/v3\\\/\"},{\"@type\":\"ListItem\",\"position\":2,\"name\":\"Alerta por un brote de \u00abFiebre Q\u00bb en un frigor\u00edfico de Entre R\u00edos\"}]},{\"@type\":\"WebSite\",\"@id\":\"https:\\\/\\\/cvinoticias.com\\\/v3\\\/#website\",\"url\":\"https:\\\/\\\/cvinoticias.com\\\/v3\\\/\",\"name\":\"CVI NOTICIAS\",\"description\":\"\",\"publisher\":{\"@id\":\"https:\\\/\\\/cvinoticias.com\\\/v3\\\/#organization\"},\"alternateName\":\"CVI\",\"potentialAction\":[{\"@type\":\"SearchAction\",\"target\":{\"@type\":\"EntryPoint\",\"urlTemplate\":\"https:\\\/\\\/cvinoticias.com\\\/v3\\\/?s={search_term_string}\"},\"query-input\":{\"@type\":\"PropertyValueSpecification\",\"valueRequired\":true,\"valueName\":\"search_term_string\"}}],\"inLanguage\":\"es\"},{\"@type\":\"Organization\",\"@id\":\"https:\\\/\\\/cvinoticias.com\\\/v3\\\/#organization\",\"name\":\"CVI NOTICIAS\",\"url\":\"https:\\\/\\\/cvinoticias.com\\\/v3\\\/\",\"logo\":{\"@type\":\"ImageObject\",\"inLanguage\":\"es\",\"@id\":\"https:\\\/\\\/cvinoticias.com\\\/v3\\\/#\\\/schema\\\/logo\\\/image\\\/\",\"url\":\"https:\\\/\\\/cvinoticias.com\\\/wp-content\\\/uploads\\\/2023\\\/04\\\/cropped-cropped-cropped-cropped-cropped-3-1.png\",\"contentUrl\":\"https:\\\/\\\/cvinoticias.com\\\/wp-content\\\/uploads\\\/2023\\\/04\\\/cropped-cropped-cropped-cropped-cropped-3-1.png\",\"width\":95,\"height\":122,\"caption\":\"CVI NOTICIAS\"},\"image\":{\"@id\":\"https:\\\/\\\/cvinoticias.com\\\/v3\\\/#\\\/schema\\\/logo\\\/image\\\/\"},\"sameAs\":[\"https:\\\/\\\/www.facebook.com\\\/cvinoticias\",\"https:\\\/\\\/www.instagram.com\\\/cvinoticias\\\/\",\"https:\\\/\\\/www.youtube.com\\\/@CVINOTICIAS\"]},{\"@type\":\"Person\",\"@id\":\"https:\\\/\\\/cvinoticias.com\\\/v3\\\/#\\\/schema\\\/person\\\/2db77e3c6bc03c538495d7b2b8be9b66\",\"name\":\"f1000024\",\"image\":{\"@type\":\"ImageObject\",\"inLanguage\":\"es\",\"@id\":\"https:\\\/\\\/secure.gravatar.com\\\/avatar\\\/d4fe7459cfc51ff5129ce1a732bbef5928568b8092d412ef95611616376bbeed?s=96&d=mm&r=g\",\"url\":\"https:\\\/\\\/secure.gravatar.com\\\/avatar\\\/d4fe7459cfc51ff5129ce1a732bbef5928568b8092d412ef95611616376bbeed?s=96&d=mm&r=g\",\"contentUrl\":\"https:\\\/\\\/secure.gravatar.com\\\/avatar\\\/d4fe7459cfc51ff5129ce1a732bbef5928568b8092d412ef95611616376bbeed?s=96&d=mm&r=g\",\"caption\":\"f1000024\"},\"url\":\"https:\\\/\\\/cvinoticias.com\\\/v3\\\/author\\\/f1000024\\\/\"}]}<\/script>\n<!-- \/ Yoast SEO plugin. -->","yoast_head_json":{"title":"Alerta por un brote de \"Fiebre Q\" en un frigor\u00edfico de Entre R\u00edos | CVI NOTICIAS","robots":{"index":"index","follow":"follow","max-snippet":"max-snippet:-1","max-image-preview":"max-image-preview:large","max-video-preview":"max-video-preview:-1"},"canonical":"https:\/\/cvinoticias.com\/v3\/alerta-por-un-brote-de-fiebre-q-en-un-frigorifico-de-entre-rios\/","og_locale":"es_ES","og_type":"article","og_title":"Alerta por un brote de \"Fiebre Q\" en un frigor\u00edfico de Entre R\u00edos | CVI NOTICIAS","og_description":"Diez trabajadores tuvieron que ser hospitalizados y \u201cevolucionan favorable luego de recibir tratamiento antibi\u00f3tico con diferentes esquemas terap\u00e9uticos\u201d. En las \u00faltimas horas, el Ministerio de Salud de la naci\u00f3n emiti\u00f3 una alerta epidemiol\u00f3gica por un brote de fiebre Q que se origin\u00f3 en un frigor\u00edfico de la ciudad de Diamante, Entre R\u00edos. Se trata de [&hellip;]","og_url":"https:\/\/cvinoticias.com\/v3\/alerta-por-un-brote-de-fiebre-q-en-un-frigorifico-de-entre-rios\/","og_site_name":"CVI NOTICIAS","article_publisher":"https:\/\/www.facebook.com\/cvinoticias","article_published_time":"2022-02-10T14:36:16+00:00","og_image":[{"width":608,"height":342,"url":"https:\/\/cvinoticias.com\/wp-content\/uploads\/2022\/02\/f608x342-408511_438234_3.jpg","type":"image\/jpeg"}],"author":"f1000024","twitter_card":"summary_large_image","twitter_misc":{"Escrito por":"f1000024","Tiempo de lectura":"3 minutos"},"schema":{"@context":"https:\/\/schema.org","@graph":[{"@type":"Article","@id":"https:\/\/cvinoticias.com\/v3\/alerta-por-un-brote-de-fiebre-q-en-un-frigorifico-de-entre-rios\/#article","isPartOf":{"@id":"https:\/\/cvinoticias.com\/v3\/alerta-por-un-brote-de-fiebre-q-en-un-frigorifico-de-entre-rios\/"},"author":{"name":"f1000024","@id":"https:\/\/cvinoticias.com\/v3\/#\/schema\/person\/2db77e3c6bc03c538495d7b2b8be9b66"},"headline":"Alerta por un brote de \u00abFiebre Q\u00bb en un frigor\u00edfico de Entre R\u00edos","datePublished":"2022-02-10T14:36:16+00:00","mainEntityOfPage":{"@id":"https:\/\/cvinoticias.com\/v3\/alerta-por-un-brote-de-fiebre-q-en-un-frigorifico-de-entre-rios\/"},"wordCount":603,"commentCount":0,"publisher":{"@id":"https:\/\/cvinoticias.com\/v3\/#organization"},"image":{"@id":"https:\/\/cvinoticias.com\/v3\/alerta-por-un-brote-de-fiebre-q-en-un-frigorifico-de-entre-rios\/#primaryimage"},"thumbnailUrl":"https:\/\/cvinoticias.com\/wp-content\/uploads\/2022\/02\/f608x342-408511_438234_3.jpg","articleSection":["Nacionales"],"inLanguage":"es","potentialAction":[{"@type":"CommentAction","name":"Comment","target":["https:\/\/cvinoticias.com\/v3\/alerta-por-un-brote-de-fiebre-q-en-un-frigorifico-de-entre-rios\/#respond"]}]},{"@type":"WebPage","@id":"https:\/\/cvinoticias.com\/v3\/alerta-por-un-brote-de-fiebre-q-en-un-frigorifico-de-entre-rios\/","url":"https:\/\/cvinoticias.com\/v3\/alerta-por-un-brote-de-fiebre-q-en-un-frigorifico-de-entre-rios\/","name":"Alerta por un brote de \"Fiebre Q\" en un frigor\u00edfico de Entre R\u00edos | CVI NOTICIAS","isPartOf":{"@id":"https:\/\/cvinoticias.com\/v3\/#website"},"primaryImageOfPage":{"@id":"https:\/\/cvinoticias.com\/v3\/alerta-por-un-brote-de-fiebre-q-en-un-frigorifico-de-entre-rios\/#primaryimage"},"image":{"@id":"https:\/\/cvinoticias.com\/v3\/alerta-por-un-brote-de-fiebre-q-en-un-frigorifico-de-entre-rios\/#primaryimage"},"thumbnailUrl":"https:\/\/cvinoticias.com\/wp-content\/uploads\/2022\/02\/f608x342-408511_438234_3.jpg","datePublished":"2022-02-10T14:36:16+00:00","breadcrumb":{"@id":"https:\/\/cvinoticias.com\/v3\/alerta-por-un-brote-de-fiebre-q-en-un-frigorifico-de-entre-rios\/#breadcrumb"},"inLanguage":"es","potentialAction":[{"@type":"ReadAction","target":["https:\/\/cvinoticias.com\/v3\/alerta-por-un-brote-de-fiebre-q-en-un-frigorifico-de-entre-rios\/"]}]},{"@type":"ImageObject","inLanguage":"es","@id":"https:\/\/cvinoticias.com\/v3\/alerta-por-un-brote-de-fiebre-q-en-un-frigorifico-de-entre-rios\/#primaryimage","url":"https:\/\/cvinoticias.com\/wp-content\/uploads\/2022\/02\/f608x342-408511_438234_3.jpg","contentUrl":"https:\/\/cvinoticias.com\/wp-content\/uploads\/2022\/02\/f608x342-408511_438234_3.jpg","width":608,"height":342},{"@type":"BreadcrumbList","@id":"https:\/\/cvinoticias.com\/v3\/alerta-por-un-brote-de-fiebre-q-en-un-frigorifico-de-entre-rios\/#breadcrumb","itemListElement":[{"@type":"ListItem","position":1,"name":"Portada","item":"https:\/\/cvinoticias.com\/v3\/"},{"@type":"ListItem","position":2,"name":"Alerta por un brote de \u00abFiebre Q\u00bb en un frigor\u00edfico de Entre R\u00edos"}]},{"@type":"WebSite","@id":"https:\/\/cvinoticias.com\/v3\/#website","url":"https:\/\/cvinoticias.com\/v3\/","name":"CVI NOTICIAS","description":"","publisher":{"@id":"https:\/\/cvinoticias.com\/v3\/#organization"},"alternateName":"CVI","potentialAction":[{"@type":"SearchAction","target":{"@type":"EntryPoint","urlTemplate":"https:\/\/cvinoticias.com\/v3\/?s={search_term_string}"},"query-input":{"@type":"PropertyValueSpecification","valueRequired":true,"valueName":"search_term_string"}}],"inLanguage":"es"},{"@type":"Organization","@id":"https:\/\/cvinoticias.com\/v3\/#organization","name":"CVI NOTICIAS","url":"https:\/\/cvinoticias.com\/v3\/","logo":{"@type":"ImageObject","inLanguage":"es","@id":"https:\/\/cvinoticias.com\/v3\/#\/schema\/logo\/image\/","url":"https:\/\/cvinoticias.com\/wp-content\/uploads\/2023\/04\/cropped-cropped-cropped-cropped-cropped-3-1.png","contentUrl":"https:\/\/cvinoticias.com\/wp-content\/uploads\/2023\/04\/cropped-cropped-cropped-cropped-cropped-3-1.png","width":95,"height":122,"caption":"CVI NOTICIAS"},"image":{"@id":"https:\/\/cvinoticias.com\/v3\/#\/schema\/logo\/image\/"},"sameAs":["https:\/\/www.facebook.com\/cvinoticias","https:\/\/www.instagram.com\/cvinoticias\/","https:\/\/www.youtube.com\/@CVINOTICIAS"]},{"@type":"Person","@id":"https:\/\/cvinoticias.com\/v3\/#\/schema\/person\/2db77e3c6bc03c538495d7b2b8be9b66","name":"f1000024","image":{"@type":"ImageObject","inLanguage":"es","@id":"https:\/\/secure.gravatar.com\/avatar\/d4fe7459cfc51ff5129ce1a732bbef5928568b8092d412ef95611616376bbeed?s=96&d=mm&r=g","url":"https:\/\/secure.gravatar.com\/avatar\/d4fe7459cfc51ff5129ce1a732bbef5928568b8092d412ef95611616376bbeed?s=96&d=mm&r=g","contentUrl":"https:\/\/secure.gravatar.com\/avatar\/d4fe7459cfc51ff5129ce1a732bbef5928568b8092d412ef95611616376bbeed?s=96&d=mm&r=g","caption":"f1000024"},"url":"https:\/\/cvinoticias.com\/v3\/author\/f1000024\/"}]}},"_links":{"self":[{"href":"https:\/\/cvinoticias.com\/v3\/wp-json\/wp\/v2\/posts\/13091","targetHints":{"allow":["GET"]}}],"collection":[{"href":"https:\/\/cvinoticias.com\/v3\/wp-json\/wp\/v2\/posts"}],"about":[{"href":"https:\/\/cvinoticias.com\/v3\/wp-json\/wp\/v2\/types\/post"}],"author":[{"embeddable":true,"href":"https:\/\/cvinoticias.com\/v3\/wp-json\/wp\/v2\/users\/2"}],"replies":[{"embeddable":true,"href":"https:\/\/cvinoticias.com\/v3\/wp-json\/wp\/v2\/comments?post=13091"}],"version-history":[{"count":1,"href":"https:\/\/cvinoticias.com\/v3\/wp-json\/wp\/v2\/posts\/13091\/revisions"}],"predecessor-version":[{"id":13093,"href":"https:\/\/cvinoticias.com\/v3\/wp-json\/wp\/v2\/posts\/13091\/revisions\/13093"}],"wp:featuredmedia":[{"embeddable":true,"href":"https:\/\/cvinoticias.com\/v3\/wp-json\/wp\/v2\/media\/13092"}],"wp:attachment":[{"href":"https:\/\/cvinoticias.com\/v3\/wp-json\/wp\/v2\/media?parent=13091"}],"wp:term":[{"taxonomy":"category","embeddable":true,"href":"https:\/\/cvinoticias.com\/v3\/wp-json\/wp\/v2\/categories?post=13091"},{"taxonomy":"post_tag","embeddable":true,"href":"https:\/\/cvinoticias.com\/v3\/wp-json\/wp\/v2\/tags?post=13091"}],"curies":[{"name":"wp","href":"https:\/\/api.w.org\/{rel}","templated":true}]}}