{"id":13088,"date":"2022-02-10T14:02:57","date_gmt":"2022-02-10T14:02:57","guid":{"rendered":"https:\/\/cvinoticias.com\/v3\/?p=13088"},"modified":"2022-02-10T14:02:57","modified_gmt":"2022-02-10T14:02:57","slug":"trabajo-fijo-los-requisitos-para-el-repro-ii-de-enero","status":"publish","type":"post","link":"https:\/\/cvinoticias.com\/v3\/trabajo-fijo-los-requisitos-para-el-repro-ii-de-enero\/","title":{"rendered":"Trabajo fij\u00f3 los requisitos para el Repro II de enero"},"content":{"rendered":"\n<p><strong><em>Este mi\u00e9rcoles,\u00a0la cartera que conduce\u00a0Claudio Moroni\u00a0estableci\u00f3 los requisitos de preselecci\u00f3n y selecci\u00f3n para el Programa de Recuperaci\u00f3n Productiva II (Repro II) para los salarios devengados en enero, a trav\u00e9s de la resoluci\u00f3n 97\/2022 publicada en el Bolet\u00edn Oficial.<\/em><\/strong><\/p>\n\n\n\n<p>La norma adopta las recomendaciones formuladas por el Comit\u00e9 de Evaluaci\u00f3n y Monitoreo del Programa Repro II en su acta conjunta 15, tras su reuni\u00f3n de este martes.<\/p>\n\n\n\n<p id=\"podran-acceder-al-beneficio-las-empresas-de-sectores-criticos-afectados-no-criticos-y-de-hoteleria-que-en-los-ultimos-dos-anos-hayan-tenido-una-variacion-nominal-de-su-facturacion-inferior-al-43-8-caida-del-30-en-terminos-reales-que-en-el-caso-del-sector-salud-se-eleva-al-105-5-sin-variacion-real-en-linea-con-la-inflacion-acumulada-en-ese-periodo\">Podr\u00e1n acceder al beneficio las empresas de sectores cr\u00edticos, afectados no cr\u00edticos y de hoteler\u00eda que en los \u00faltimos dos a\u00f1os hayan tenido una variaci\u00f3n nominal de su facturaci\u00f3n inferior al 43,8% (ca\u00edda del 30% en t\u00e9rminos reales), que en el caso del sector salud se eleva al 105,5% (sin variaci\u00f3n real), en l\u00ednea con la inflaci\u00f3n acumulada en ese per\u00edodo.<\/p>\n\n\n\n<p>En comparaci\u00f3n con la resoluci\u00f3n previa (12\/2022) que rigi\u00f3 para los salarios devengados en diciembre de 2021, no hubo cambios en el porcentaje de variaci\u00f3n nominal y real de facturaci\u00f3n para sectores cr\u00edticos, afectados no cr\u00edticos y hoteles, aunque en el caso de salud hubo un aumento de dos d\u00e9cimas de punto porcentual respecto del 105,3% del mes anterior.<\/p>\n\n\n\n<p>La principal modificaci\u00f3n en relaci\u00f3n con la recomendaci\u00f3n del Comit\u00e9 se encuentra en el IVA Compras, para el que se fij\u00f3 una variaci\u00f3n porcentual nominal menor al 43,8%, en vez del 67% de las resoluciones anteriores, y del 105,5% para el sector salud.<\/p>\n\n\n\n<p>El Comit\u00e9 fundament\u00f3 el cambio de porcentaje en \u00abla evoluci\u00f3n de la situaci\u00f3n productiva y laboral, que refleja una situaci\u00f3n expansiva en la mayor\u00eda de las actividades econ\u00f3micas\u00bb.<\/p>\n\n\n\n<p>Para acceder al beneficio del programa Repro II, las empresas deben cumplir con las condiciones de acuerdo con el sector que est\u00e9n encuadrados, seg\u00fan los par\u00e1metros fijados para cada uno.<\/p>\n\n\n\n<p>En el caso de los sectores afectados tanto cr\u00edticos como no cr\u00edticos, deben alcanzar el cumplimiento de al menos cuatro de los seis par\u00e1metros establecidos, de los cuales ser\u00e1n de cumplimiento obligatorio las variaciones del IVA compras y de la relaci\u00f3n entre el costo laboral y la facturaci\u00f3n.<\/p>\n\n\n\n<p>Para el sector salud, entre los cuatro par\u00e1metros que se deben cumplir debe estar incluida la variaci\u00f3n porcentual de la relaci\u00f3n entre el costo laboral y la facturaci\u00f3n.<\/p>\n","protected":false},"excerpt":{"rendered":"<p>Este mi\u00e9rcoles,\u00a0la cartera que conduce\u00a0Claudio Moroni\u00a0estableci\u00f3 los requisitos de preselecci\u00f3n y selecci\u00f3n para el Programa de Recuperaci\u00f3n Productiva II (Repro II) para los salarios devengados en enero, a trav\u00e9s de la resoluci\u00f3n 97\/2022 publicada en el Bolet\u00edn Oficial. La norma adopta las recomendaciones formuladas por el Comit\u00e9 de Evaluaci\u00f3n y Monitoreo del Programa Repro II [&hellip;]<\/p>\n","protected":false},"author":2,"featured_media":13089,"comment_status":"open","ping_status":"open","sticky":false,"template":"","format":"standard","meta":{"footnotes":""},"categories":[35],"tags":[],"class_list":["post-13088","post","type-post","status-publish","format-standard","has-post-thumbnail","hentry","category-informacion-general"],"yoast_head":"<!-- This site is optimized with the Yoast SEO plugin v27.5 - https:\/\/yoast.com\/product\/yoast-seo-wordpress\/ -->\n<title>Trabajo fij\u00f3 los requisitos para el Repro II de enero | CVI NOTICIAS<\/title>\n<meta name=\"robots\" content=\"index, follow, max-snippet:-1, max-image-preview:large, max-video-preview:-1\" \/>\n<link rel=\"canonical\" href=\"https:\/\/cvinoticias.com\/v3\/trabajo-fijo-los-requisitos-para-el-repro-ii-de-enero\/\" \/>\n<meta property=\"og:locale\" content=\"es_ES\" \/>\n<meta property=\"og:type\" content=\"article\" \/>\n<meta property=\"og:title\" content=\"Trabajo fij\u00f3 los requisitos para el Repro II de enero | CVI NOTICIAS\" \/>\n<meta property=\"og:description\" content=\"Este mi\u00e9rcoles,\u00a0la cartera que conduce\u00a0Claudio Moroni\u00a0estableci\u00f3 los requisitos de preselecci\u00f3n y selecci\u00f3n para el Programa de Recuperaci\u00f3n Productiva II (Repro II) para los salarios devengados en enero, a trav\u00e9s de la resoluci\u00f3n 97\/2022 publicada en el Bolet\u00edn Oficial. La norma adopta las recomendaciones formuladas por el Comit\u00e9 de Evaluaci\u00f3n y Monitoreo del Programa Repro II [&hellip;]\" \/>\n<meta property=\"og:url\" content=\"https:\/\/cvinoticias.com\/v3\/trabajo-fijo-los-requisitos-para-el-repro-ii-de-enero\/\" \/>\n<meta property=\"og:site_name\" content=\"CVI NOTICIAS\" \/>\n<meta property=\"article:publisher\" content=\"https:\/\/www.facebook.com\/cvinoticias\" \/>\n<meta property=\"article:published_time\" content=\"2022-02-10T14:02:57+00:00\" \/>\n<meta property=\"og:image\" content=\"https:\/\/cvinoticias.com\/wp-content\/uploads\/2022\/02\/PROGRAMA-REPRO-II-MINISTERIO-DE-TRABAJO-IGNACIO-ONLINe.jpg\" \/>\n\t<meta property=\"og:image:width\" content=\"800\" \/>\n\t<meta property=\"og:image:height\" content=\"450\" \/>\n\t<meta property=\"og:image:type\" content=\"image\/jpeg\" \/>\n<meta name=\"author\" content=\"f1000024\" \/>\n<meta name=\"twitter:card\" content=\"summary_large_image\" \/>\n<meta name=\"twitter:label1\" content=\"Escrito por\" \/>\n\t<meta name=\"twitter:data1\" content=\"f1000024\" \/>\n\t<meta name=\"twitter:label2\" content=\"Tiempo de lectura\" \/>\n\t<meta name=\"twitter:data2\" content=\"2 minutos\" \/>\n<script type=\"application\/ld+json\" class=\"yoast-schema-graph\">{\"@context\":\"https:\\\/\\\/schema.org\",\"@graph\":[{\"@type\":\"Article\",\"@id\":\"https:\\\/\\\/cvinoticias.com\\\/v3\\\/trabajo-fijo-los-requisitos-para-el-repro-ii-de-enero\\\/#article\",\"isPartOf\":{\"@id\":\"https:\\\/\\\/cvinoticias.com\\\/v3\\\/trabajo-fijo-los-requisitos-para-el-repro-ii-de-enero\\\/\"},\"author\":{\"name\":\"f1000024\",\"@id\":\"https:\\\/\\\/cvinoticias.com\\\/v3\\\/#\\\/schema\\\/person\\\/2db77e3c6bc03c538495d7b2b8be9b66\"},\"headline\":\"Trabajo fij\u00f3 los requisitos para el Repro II de enero\",\"datePublished\":\"2022-02-10T14:02:57+00:00\",\"mainEntityOfPage\":{\"@id\":\"https:\\\/\\\/cvinoticias.com\\\/v3\\\/trabajo-fijo-los-requisitos-para-el-repro-ii-de-enero\\\/\"},\"wordCount\":416,\"commentCount\":0,\"publisher\":{\"@id\":\"https:\\\/\\\/cvinoticias.com\\\/v3\\\/#organization\"},\"image\":{\"@id\":\"https:\\\/\\\/cvinoticias.com\\\/v3\\\/trabajo-fijo-los-requisitos-para-el-repro-ii-de-enero\\\/#primaryimage\"},\"thumbnailUrl\":\"https:\\\/\\\/cvinoticias.com\\\/wp-content\\\/uploads\\\/2022\\\/02\\\/PROGRAMA-REPRO-II-MINISTERIO-DE-TRABAJO-IGNACIO-ONLINe.jpg\",\"articleSection\":[\"Informaci\u00f3n General\"],\"inLanguage\":\"es\",\"potentialAction\":[{\"@type\":\"CommentAction\",\"name\":\"Comment\",\"target\":[\"https:\\\/\\\/cvinoticias.com\\\/v3\\\/trabajo-fijo-los-requisitos-para-el-repro-ii-de-enero\\\/#respond\"]}]},{\"@type\":\"WebPage\",\"@id\":\"https:\\\/\\\/cvinoticias.com\\\/v3\\\/trabajo-fijo-los-requisitos-para-el-repro-ii-de-enero\\\/\",\"url\":\"https:\\\/\\\/cvinoticias.com\\\/v3\\\/trabajo-fijo-los-requisitos-para-el-repro-ii-de-enero\\\/\",\"name\":\"Trabajo fij\u00f3 los requisitos para el Repro II de enero | CVI NOTICIAS\",\"isPartOf\":{\"@id\":\"https:\\\/\\\/cvinoticias.com\\\/v3\\\/#website\"},\"primaryImageOfPage\":{\"@id\":\"https:\\\/\\\/cvinoticias.com\\\/v3\\\/trabajo-fijo-los-requisitos-para-el-repro-ii-de-enero\\\/#primaryimage\"},\"image\":{\"@id\":\"https:\\\/\\\/cvinoticias.com\\\/v3\\\/trabajo-fijo-los-requisitos-para-el-repro-ii-de-enero\\\/#primaryimage\"},\"thumbnailUrl\":\"https:\\\/\\\/cvinoticias.com\\\/wp-content\\\/uploads\\\/2022\\\/02\\\/PROGRAMA-REPRO-II-MINISTERIO-DE-TRABAJO-IGNACIO-ONLINe.jpg\",\"datePublished\":\"2022-02-10T14:02:57+00:00\",\"breadcrumb\":{\"@id\":\"https:\\\/\\\/cvinoticias.com\\\/v3\\\/trabajo-fijo-los-requisitos-para-el-repro-ii-de-enero\\\/#breadcrumb\"},\"inLanguage\":\"es\",\"potentialAction\":[{\"@type\":\"ReadAction\",\"target\":[\"https:\\\/\\\/cvinoticias.com\\\/v3\\\/trabajo-fijo-los-requisitos-para-el-repro-ii-de-enero\\\/\"]}]},{\"@type\":\"ImageObject\",\"inLanguage\":\"es\",\"@id\":\"https:\\\/\\\/cvinoticias.com\\\/v3\\\/trabajo-fijo-los-requisitos-para-el-repro-ii-de-enero\\\/#primaryimage\",\"url\":\"https:\\\/\\\/cvinoticias.com\\\/wp-content\\\/uploads\\\/2022\\\/02\\\/PROGRAMA-REPRO-II-MINISTERIO-DE-TRABAJO-IGNACIO-ONLINe.jpg\",\"contentUrl\":\"https:\\\/\\\/cvinoticias.com\\\/wp-content\\\/uploads\\\/2022\\\/02\\\/PROGRAMA-REPRO-II-MINISTERIO-DE-TRABAJO-IGNACIO-ONLINe.jpg\",\"width\":800,\"height\":450},{\"@type\":\"BreadcrumbList\",\"@id\":\"https:\\\/\\\/cvinoticias.com\\\/v3\\\/trabajo-fijo-los-requisitos-para-el-repro-ii-de-enero\\\/#breadcrumb\",\"itemListElement\":[{\"@type\":\"ListItem\",\"position\":1,\"name\":\"Portada\",\"item\":\"https:\\\/\\\/cvinoticias.com\\\/v3\\\/\"},{\"@type\":\"ListItem\",\"position\":2,\"name\":\"Trabajo fij\u00f3 los requisitos para el Repro II de enero\"}]},{\"@type\":\"WebSite\",\"@id\":\"https:\\\/\\\/cvinoticias.com\\\/v3\\\/#website\",\"url\":\"https:\\\/\\\/cvinoticias.com\\\/v3\\\/\",\"name\":\"CVI NOTICIAS\",\"description\":\"\",\"publisher\":{\"@id\":\"https:\\\/\\\/cvinoticias.com\\\/v3\\\/#organization\"},\"alternateName\":\"CVI\",\"potentialAction\":[{\"@type\":\"SearchAction\",\"target\":{\"@type\":\"EntryPoint\",\"urlTemplate\":\"https:\\\/\\\/cvinoticias.com\\\/v3\\\/?s={search_term_string}\"},\"query-input\":{\"@type\":\"PropertyValueSpecification\",\"valueRequired\":true,\"valueName\":\"search_term_string\"}}],\"inLanguage\":\"es\"},{\"@type\":\"Organization\",\"@id\":\"https:\\\/\\\/cvinoticias.com\\\/v3\\\/#organization\",\"name\":\"CVI NOTICIAS\",\"url\":\"https:\\\/\\\/cvinoticias.com\\\/v3\\\/\",\"logo\":{\"@type\":\"ImageObject\",\"inLanguage\":\"es\",\"@id\":\"https:\\\/\\\/cvinoticias.com\\\/v3\\\/#\\\/schema\\\/logo\\\/image\\\/\",\"url\":\"https:\\\/\\\/cvinoticias.com\\\/wp-content\\\/uploads\\\/2023\\\/04\\\/cropped-cropped-cropped-cropped-cropped-3-1.png\",\"contentUrl\":\"https:\\\/\\\/cvinoticias.com\\\/wp-content\\\/uploads\\\/2023\\\/04\\\/cropped-cropped-cropped-cropped-cropped-3-1.png\",\"width\":95,\"height\":122,\"caption\":\"CVI NOTICIAS\"},\"image\":{\"@id\":\"https:\\\/\\\/cvinoticias.com\\\/v3\\\/#\\\/schema\\\/logo\\\/image\\\/\"},\"sameAs\":[\"https:\\\/\\\/www.facebook.com\\\/cvinoticias\",\"https:\\\/\\\/www.instagram.com\\\/cvinoticias\\\/\",\"https:\\\/\\\/www.youtube.com\\\/@CVINOTICIAS\"]},{\"@type\":\"Person\",\"@id\":\"https:\\\/\\\/cvinoticias.com\\\/v3\\\/#\\\/schema\\\/person\\\/2db77e3c6bc03c538495d7b2b8be9b66\",\"name\":\"f1000024\",\"image\":{\"@type\":\"ImageObject\",\"inLanguage\":\"es\",\"@id\":\"https:\\\/\\\/secure.gravatar.com\\\/avatar\\\/d4fe7459cfc51ff5129ce1a732bbef5928568b8092d412ef95611616376bbeed?s=96&d=mm&r=g\",\"url\":\"https:\\\/\\\/secure.gravatar.com\\\/avatar\\\/d4fe7459cfc51ff5129ce1a732bbef5928568b8092d412ef95611616376bbeed?s=96&d=mm&r=g\",\"contentUrl\":\"https:\\\/\\\/secure.gravatar.com\\\/avatar\\\/d4fe7459cfc51ff5129ce1a732bbef5928568b8092d412ef95611616376bbeed?s=96&d=mm&r=g\",\"caption\":\"f1000024\"},\"url\":\"https:\\\/\\\/cvinoticias.com\\\/v3\\\/author\\\/f1000024\\\/\"}]}<\/script>\n<!-- \/ Yoast SEO plugin. -->","yoast_head_json":{"title":"Trabajo fij\u00f3 los requisitos para el Repro II de enero | CVI NOTICIAS","robots":{"index":"index","follow":"follow","max-snippet":"max-snippet:-1","max-image-preview":"max-image-preview:large","max-video-preview":"max-video-preview:-1"},"canonical":"https:\/\/cvinoticias.com\/v3\/trabajo-fijo-los-requisitos-para-el-repro-ii-de-enero\/","og_locale":"es_ES","og_type":"article","og_title":"Trabajo fij\u00f3 los requisitos para el Repro II de enero | CVI NOTICIAS","og_description":"Este mi\u00e9rcoles,\u00a0la cartera que conduce\u00a0Claudio Moroni\u00a0estableci\u00f3 los requisitos de preselecci\u00f3n y selecci\u00f3n para el Programa de Recuperaci\u00f3n Productiva II (Repro II) para los salarios devengados en enero, a trav\u00e9s de la resoluci\u00f3n 97\/2022 publicada en el Bolet\u00edn Oficial. La norma adopta las recomendaciones formuladas por el Comit\u00e9 de Evaluaci\u00f3n y Monitoreo del Programa Repro II [&hellip;]","og_url":"https:\/\/cvinoticias.com\/v3\/trabajo-fijo-los-requisitos-para-el-repro-ii-de-enero\/","og_site_name":"CVI NOTICIAS","article_publisher":"https:\/\/www.facebook.com\/cvinoticias","article_published_time":"2022-02-10T14:02:57+00:00","og_image":[{"width":800,"height":450,"url":"https:\/\/cvinoticias.com\/wp-content\/uploads\/2022\/02\/PROGRAMA-REPRO-II-MINISTERIO-DE-TRABAJO-IGNACIO-ONLINe.jpg","type":"image\/jpeg"}],"author":"f1000024","twitter_card":"summary_large_image","twitter_misc":{"Escrito por":"f1000024","Tiempo de lectura":"2 minutos"},"schema":{"@context":"https:\/\/schema.org","@graph":[{"@type":"Article","@id":"https:\/\/cvinoticias.com\/v3\/trabajo-fijo-los-requisitos-para-el-repro-ii-de-enero\/#article","isPartOf":{"@id":"https:\/\/cvinoticias.com\/v3\/trabajo-fijo-los-requisitos-para-el-repro-ii-de-enero\/"},"author":{"name":"f1000024","@id":"https:\/\/cvinoticias.com\/v3\/#\/schema\/person\/2db77e3c6bc03c538495d7b2b8be9b66"},"headline":"Trabajo fij\u00f3 los requisitos para el Repro II de enero","datePublished":"2022-02-10T14:02:57+00:00","mainEntityOfPage":{"@id":"https:\/\/cvinoticias.com\/v3\/trabajo-fijo-los-requisitos-para-el-repro-ii-de-enero\/"},"wordCount":416,"commentCount":0,"publisher":{"@id":"https:\/\/cvinoticias.com\/v3\/#organization"},"image":{"@id":"https:\/\/cvinoticias.com\/v3\/trabajo-fijo-los-requisitos-para-el-repro-ii-de-enero\/#primaryimage"},"thumbnailUrl":"https:\/\/cvinoticias.com\/wp-content\/uploads\/2022\/02\/PROGRAMA-REPRO-II-MINISTERIO-DE-TRABAJO-IGNACIO-ONLINe.jpg","articleSection":["Informaci\u00f3n General"],"inLanguage":"es","potentialAction":[{"@type":"CommentAction","name":"Comment","target":["https:\/\/cvinoticias.com\/v3\/trabajo-fijo-los-requisitos-para-el-repro-ii-de-enero\/#respond"]}]},{"@type":"WebPage","@id":"https:\/\/cvinoticias.com\/v3\/trabajo-fijo-los-requisitos-para-el-repro-ii-de-enero\/","url":"https:\/\/cvinoticias.com\/v3\/trabajo-fijo-los-requisitos-para-el-repro-ii-de-enero\/","name":"Trabajo fij\u00f3 los requisitos para el Repro II de enero | CVI NOTICIAS","isPartOf":{"@id":"https:\/\/cvinoticias.com\/v3\/#website"},"primaryImageOfPage":{"@id":"https:\/\/cvinoticias.com\/v3\/trabajo-fijo-los-requisitos-para-el-repro-ii-de-enero\/#primaryimage"},"image":{"@id":"https:\/\/cvinoticias.com\/v3\/trabajo-fijo-los-requisitos-para-el-repro-ii-de-enero\/#primaryimage"},"thumbnailUrl":"https:\/\/cvinoticias.com\/wp-content\/uploads\/2022\/02\/PROGRAMA-REPRO-II-MINISTERIO-DE-TRABAJO-IGNACIO-ONLINe.jpg","datePublished":"2022-02-10T14:02:57+00:00","breadcrumb":{"@id":"https:\/\/cvinoticias.com\/v3\/trabajo-fijo-los-requisitos-para-el-repro-ii-de-enero\/#breadcrumb"},"inLanguage":"es","potentialAction":[{"@type":"ReadAction","target":["https:\/\/cvinoticias.com\/v3\/trabajo-fijo-los-requisitos-para-el-repro-ii-de-enero\/"]}]},{"@type":"ImageObject","inLanguage":"es","@id":"https:\/\/cvinoticias.com\/v3\/trabajo-fijo-los-requisitos-para-el-repro-ii-de-enero\/#primaryimage","url":"https:\/\/cvinoticias.com\/wp-content\/uploads\/2022\/02\/PROGRAMA-REPRO-II-MINISTERIO-DE-TRABAJO-IGNACIO-ONLINe.jpg","contentUrl":"https:\/\/cvinoticias.com\/wp-content\/uploads\/2022\/02\/PROGRAMA-REPRO-II-MINISTERIO-DE-TRABAJO-IGNACIO-ONLINe.jpg","width":800,"height":450},{"@type":"BreadcrumbList","@id":"https:\/\/cvinoticias.com\/v3\/trabajo-fijo-los-requisitos-para-el-repro-ii-de-enero\/#breadcrumb","itemListElement":[{"@type":"ListItem","position":1,"name":"Portada","item":"https:\/\/cvinoticias.com\/v3\/"},{"@type":"ListItem","position":2,"name":"Trabajo fij\u00f3 los requisitos para el Repro II de enero"}]},{"@type":"WebSite","@id":"https:\/\/cvinoticias.com\/v3\/#website","url":"https:\/\/cvinoticias.com\/v3\/","name":"CVI NOTICIAS","description":"","publisher":{"@id":"https:\/\/cvinoticias.com\/v3\/#organization"},"alternateName":"CVI","potentialAction":[{"@type":"SearchAction","target":{"@type":"EntryPoint","urlTemplate":"https:\/\/cvinoticias.com\/v3\/?s={search_term_string}"},"query-input":{"@type":"PropertyValueSpecification","valueRequired":true,"valueName":"search_term_string"}}],"inLanguage":"es"},{"@type":"Organization","@id":"https:\/\/cvinoticias.com\/v3\/#organization","name":"CVI NOTICIAS","url":"https:\/\/cvinoticias.com\/v3\/","logo":{"@type":"ImageObject","inLanguage":"es","@id":"https:\/\/cvinoticias.com\/v3\/#\/schema\/logo\/image\/","url":"https:\/\/cvinoticias.com\/wp-content\/uploads\/2023\/04\/cropped-cropped-cropped-cropped-cropped-3-1.png","contentUrl":"https:\/\/cvinoticias.com\/wp-content\/uploads\/2023\/04\/cropped-cropped-cropped-cropped-cropped-3-1.png","width":95,"height":122,"caption":"CVI NOTICIAS"},"image":{"@id":"https:\/\/cvinoticias.com\/v3\/#\/schema\/logo\/image\/"},"sameAs":["https:\/\/www.facebook.com\/cvinoticias","https:\/\/www.instagram.com\/cvinoticias\/","https:\/\/www.youtube.com\/@CVINOTICIAS"]},{"@type":"Person","@id":"https:\/\/cvinoticias.com\/v3\/#\/schema\/person\/2db77e3c6bc03c538495d7b2b8be9b66","name":"f1000024","image":{"@type":"ImageObject","inLanguage":"es","@id":"https:\/\/secure.gravatar.com\/avatar\/d4fe7459cfc51ff5129ce1a732bbef5928568b8092d412ef95611616376bbeed?s=96&d=mm&r=g","url":"https:\/\/secure.gravatar.com\/avatar\/d4fe7459cfc51ff5129ce1a732bbef5928568b8092d412ef95611616376bbeed?s=96&d=mm&r=g","contentUrl":"https:\/\/secure.gravatar.com\/avatar\/d4fe7459cfc51ff5129ce1a732bbef5928568b8092d412ef95611616376bbeed?s=96&d=mm&r=g","caption":"f1000024"},"url":"https:\/\/cvinoticias.com\/v3\/author\/f1000024\/"}]}},"_links":{"self":[{"href":"https:\/\/cvinoticias.com\/v3\/wp-json\/wp\/v2\/posts\/13088","targetHints":{"allow":["GET"]}}],"collection":[{"href":"https:\/\/cvinoticias.com\/v3\/wp-json\/wp\/v2\/posts"}],"about":[{"href":"https:\/\/cvinoticias.com\/v3\/wp-json\/wp\/v2\/types\/post"}],"author":[{"embeddable":true,"href":"https:\/\/cvinoticias.com\/v3\/wp-json\/wp\/v2\/users\/2"}],"replies":[{"embeddable":true,"href":"https:\/\/cvinoticias.com\/v3\/wp-json\/wp\/v2\/comments?post=13088"}],"version-history":[{"count":1,"href":"https:\/\/cvinoticias.com\/v3\/wp-json\/wp\/v2\/posts\/13088\/revisions"}],"predecessor-version":[{"id":13090,"href":"https:\/\/cvinoticias.com\/v3\/wp-json\/wp\/v2\/posts\/13088\/revisions\/13090"}],"wp:featuredmedia":[{"embeddable":true,"href":"https:\/\/cvinoticias.com\/v3\/wp-json\/wp\/v2\/media\/13089"}],"wp:attachment":[{"href":"https:\/\/cvinoticias.com\/v3\/wp-json\/wp\/v2\/media?parent=13088"}],"wp:term":[{"taxonomy":"category","embeddable":true,"href":"https:\/\/cvinoticias.com\/v3\/wp-json\/wp\/v2\/categories?post=13088"},{"taxonomy":"post_tag","embeddable":true,"href":"https:\/\/cvinoticias.com\/v3\/wp-json\/wp\/v2\/tags?post=13088"}],"curies":[{"name":"wp","href":"https:\/\/api.w.org\/{rel}","templated":true}]}}