{"id":13084,"date":"2022-02-10T00:03:37","date_gmt":"2022-02-10T00:03:37","guid":{"rendered":"https:\/\/cvinoticias.com\/v3\/?p=13084"},"modified":"2022-02-10T00:03:37","modified_gmt":"2022-02-10T00:03:37","slug":"puerto-iguazu-detuvieron-a-un-joven-implicado-en-dos-robos-contra-la-propiedad","status":"publish","type":"post","link":"https:\/\/cvinoticias.com\/v3\/puerto-iguazu-detuvieron-a-un-joven-implicado-en-dos-robos-contra-la-propiedad\/","title":{"rendered":"Puerto Iguaz\u00fa: Detuvieron a un joven implicado en dos robos contra la propiedad"},"content":{"rendered":"\n<p><strong><em>Hoy a la madrugada en la calle Juan Pablo II del barrio Bicentenario, los efectivos de la Divisi\u00f3n Investigaciones y Drogas Peligrosas de la Unidad Regional II, detuvieron a un joven de 20 a\u00f1os, el cual est\u00e1 vinculado a dos hechos de robo ocurridos d\u00edas atr\u00e1s.<\/em><\/strong><\/p>\n\n\n\n<p>La primera denuncia fue realizada por un hombre de 33 a\u00f1os de Buenos Aires, en la comisar\u00eda 2.\u00aa donde relat\u00f3 que, cuando se encontraba alojado en unos departamentos de la avenida Rep\u00fablica Argentina le sustrajeron una mochila el cual conten\u00eda varias pertenencias, suceso que qued\u00f3 registrado por las c\u00e1maras del lugar.<\/p>\n\n\n\n<p>La segunda denuncia fue efectuada por una mujer de 36 a\u00f1os, quien manifest\u00f3 la sustracci\u00f3n de dinero en efectivo y dos tablets de 7 pulgadas de su vivienda, las cuales les fueron entregadas a los uniformados por parte de un vecino de la zona tras conocer la procedencia de los dispositivos.<\/p>\n\n\n\n<figure class=\"wp-block-image size-full\"><a href=\"https:\/\/cvinoticias.com\/wp-content\/uploads\/2022\/02\/IMG-20220209-WA0099.jpg\"><img decoding=\"async\" width=\"648\" height=\"1000\" data-src=\"https:\/\/cvinoticias.com\/wp-content\/uploads\/2022\/02\/IMG-20220209-WA0099.jpg\" alt=\"\" class=\"wp-image-13085 lazyload\" data-srcset=\"https:\/\/cvinoticias.com\/wp-content\/uploads\/2022\/02\/IMG-20220209-WA0099.jpg 648w, https:\/\/cvinoticias.com\/wp-content\/uploads\/2022\/02\/IMG-20220209-WA0099-194x300.jpg 194w\" data-sizes=\"(max-width: 648px) 100vw, 648px\" src=\"data:image\/svg+xml;base64,PHN2ZyB3aWR0aD0iMSIgaGVpZ2h0PSIxIiB4bWxucz0iaHR0cDovL3d3dy53My5vcmcvMjAwMC9zdmciPjwvc3ZnPg==\" style=\"--smush-placeholder-width: 648px; --smush-placeholder-aspect-ratio: 648\/1000;\" \/><\/a><\/figure>\n\n\n\n<p>Finalmente, luego verificar los registros f\u00edlmicos, los efectivos confirmaron la identidad del autor, quien fue detenido hoy a la madrugada en el vecindario mencionado, asimismo alojado en la sede policial a disposici\u00f3n de la Justicia. En cuanto a los secuestros, estos ser\u00e1n restituidos a la damnificada luego del reconocimiento.<\/p>\n","protected":false},"excerpt":{"rendered":"<p>Hoy a la madrugada en la calle Juan Pablo II del barrio Bicentenario, los efectivos de la Divisi\u00f3n Investigaciones y Drogas Peligrosas de la Unidad Regional II, detuvieron a un joven de 20 a\u00f1os, el cual est\u00e1 vinculado a dos hechos de robo ocurridos d\u00edas atr\u00e1s. La primera denuncia fue realizada por un hombre de [&hellip;]<\/p>\n","protected":false},"author":2,"featured_media":13086,"comment_status":"open","ping_status":"open","sticky":false,"template":"","format":"standard","meta":{"footnotes":""},"categories":[41],"tags":[],"class_list":["post-13084","post","type-post","status-publish","format-standard","has-post-thumbnail","hentry","category-policiales"],"yoast_head":"<!-- This site is optimized with the Yoast SEO plugin v27.5 - https:\/\/yoast.com\/product\/yoast-seo-wordpress\/ -->\n<title>Puerto Iguaz\u00fa: Detuvieron a un joven implicado en dos robos contra la propiedad | CVI NOTICIAS<\/title>\n<meta name=\"robots\" content=\"index, follow, max-snippet:-1, max-image-preview:large, max-video-preview:-1\" \/>\n<link rel=\"canonical\" href=\"https:\/\/cvinoticias.com\/v3\/puerto-iguazu-detuvieron-a-un-joven-implicado-en-dos-robos-contra-la-propiedad\/\" \/>\n<meta property=\"og:locale\" content=\"es_ES\" \/>\n<meta property=\"og:type\" content=\"article\" \/>\n<meta property=\"og:title\" content=\"Puerto Iguaz\u00fa: Detuvieron a un joven implicado en dos robos contra la propiedad | CVI NOTICIAS\" \/>\n<meta property=\"og:description\" content=\"Hoy a la madrugada en la calle Juan Pablo II del barrio Bicentenario, los efectivos de la Divisi\u00f3n Investigaciones y Drogas Peligrosas de la Unidad Regional II, detuvieron a un joven de 20 a\u00f1os, el cual est\u00e1 vinculado a dos hechos de robo ocurridos d\u00edas atr\u00e1s. La primera denuncia fue realizada por un hombre de [&hellip;]\" \/>\n<meta property=\"og:url\" content=\"https:\/\/cvinoticias.com\/v3\/puerto-iguazu-detuvieron-a-un-joven-implicado-en-dos-robos-contra-la-propiedad\/\" \/>\n<meta property=\"og:site_name\" content=\"CVI NOTICIAS\" \/>\n<meta property=\"article:publisher\" content=\"https:\/\/www.facebook.com\/cvinoticias\" \/>\n<meta property=\"article:published_time\" content=\"2022-02-10T00:03:37+00:00\" \/>\n<meta property=\"og:image\" content=\"https:\/\/cvinoticias.com\/wp-content\/uploads\/2022\/02\/IMG-20220209-WA0100.jpg\" \/>\n\t<meta property=\"og:image:width\" content=\"960\" \/>\n\t<meta property=\"og:image:height\" content=\"928\" \/>\n\t<meta property=\"og:image:type\" content=\"image\/jpeg\" \/>\n<meta name=\"author\" content=\"f1000024\" \/>\n<meta name=\"twitter:card\" content=\"summary_large_image\" \/>\n<meta name=\"twitter:label1\" content=\"Escrito por\" \/>\n\t<meta name=\"twitter:data1\" content=\"f1000024\" \/>\n\t<meta name=\"twitter:label2\" content=\"Tiempo de lectura\" \/>\n\t<meta name=\"twitter:data2\" content=\"1 minuto\" \/>\n<script type=\"application\/ld+json\" class=\"yoast-schema-graph\">{\"@context\":\"https:\\\/\\\/schema.org\",\"@graph\":[{\"@type\":\"Article\",\"@id\":\"https:\\\/\\\/cvinoticias.com\\\/v3\\\/puerto-iguazu-detuvieron-a-un-joven-implicado-en-dos-robos-contra-la-propiedad\\\/#article\",\"isPartOf\":{\"@id\":\"https:\\\/\\\/cvinoticias.com\\\/v3\\\/puerto-iguazu-detuvieron-a-un-joven-implicado-en-dos-robos-contra-la-propiedad\\\/\"},\"author\":{\"name\":\"f1000024\",\"@id\":\"https:\\\/\\\/cvinoticias.com\\\/v3\\\/#\\\/schema\\\/person\\\/2db77e3c6bc03c538495d7b2b8be9b66\"},\"headline\":\"Puerto Iguaz\u00fa: Detuvieron a un joven implicado en dos robos contra la propiedad\",\"datePublished\":\"2022-02-10T00:03:37+00:00\",\"mainEntityOfPage\":{\"@id\":\"https:\\\/\\\/cvinoticias.com\\\/v3\\\/puerto-iguazu-detuvieron-a-un-joven-implicado-en-dos-robos-contra-la-propiedad\\\/\"},\"wordCount\":219,\"commentCount\":0,\"publisher\":{\"@id\":\"https:\\\/\\\/cvinoticias.com\\\/v3\\\/#organization\"},\"image\":{\"@id\":\"https:\\\/\\\/cvinoticias.com\\\/v3\\\/puerto-iguazu-detuvieron-a-un-joven-implicado-en-dos-robos-contra-la-propiedad\\\/#primaryimage\"},\"thumbnailUrl\":\"https:\\\/\\\/cvinoticias.com\\\/wp-content\\\/uploads\\\/2022\\\/02\\\/IMG-20220209-WA0100.jpg\",\"articleSection\":[\"Policiales\"],\"inLanguage\":\"es\",\"potentialAction\":[{\"@type\":\"CommentAction\",\"name\":\"Comment\",\"target\":[\"https:\\\/\\\/cvinoticias.com\\\/v3\\\/puerto-iguazu-detuvieron-a-un-joven-implicado-en-dos-robos-contra-la-propiedad\\\/#respond\"]}]},{\"@type\":\"WebPage\",\"@id\":\"https:\\\/\\\/cvinoticias.com\\\/v3\\\/puerto-iguazu-detuvieron-a-un-joven-implicado-en-dos-robos-contra-la-propiedad\\\/\",\"url\":\"https:\\\/\\\/cvinoticias.com\\\/v3\\\/puerto-iguazu-detuvieron-a-un-joven-implicado-en-dos-robos-contra-la-propiedad\\\/\",\"name\":\"Puerto Iguaz\u00fa: Detuvieron a un joven implicado en dos robos contra la propiedad | CVI NOTICIAS\",\"isPartOf\":{\"@id\":\"https:\\\/\\\/cvinoticias.com\\\/v3\\\/#website\"},\"primaryImageOfPage\":{\"@id\":\"https:\\\/\\\/cvinoticias.com\\\/v3\\\/puerto-iguazu-detuvieron-a-un-joven-implicado-en-dos-robos-contra-la-propiedad\\\/#primaryimage\"},\"image\":{\"@id\":\"https:\\\/\\\/cvinoticias.com\\\/v3\\\/puerto-iguazu-detuvieron-a-un-joven-implicado-en-dos-robos-contra-la-propiedad\\\/#primaryimage\"},\"thumbnailUrl\":\"https:\\\/\\\/cvinoticias.com\\\/wp-content\\\/uploads\\\/2022\\\/02\\\/IMG-20220209-WA0100.jpg\",\"datePublished\":\"2022-02-10T00:03:37+00:00\",\"breadcrumb\":{\"@id\":\"https:\\\/\\\/cvinoticias.com\\\/v3\\\/puerto-iguazu-detuvieron-a-un-joven-implicado-en-dos-robos-contra-la-propiedad\\\/#breadcrumb\"},\"inLanguage\":\"es\",\"potentialAction\":[{\"@type\":\"ReadAction\",\"target\":[\"https:\\\/\\\/cvinoticias.com\\\/v3\\\/puerto-iguazu-detuvieron-a-un-joven-implicado-en-dos-robos-contra-la-propiedad\\\/\"]}]},{\"@type\":\"ImageObject\",\"inLanguage\":\"es\",\"@id\":\"https:\\\/\\\/cvinoticias.com\\\/v3\\\/puerto-iguazu-detuvieron-a-un-joven-implicado-en-dos-robos-contra-la-propiedad\\\/#primaryimage\",\"url\":\"https:\\\/\\\/cvinoticias.com\\\/wp-content\\\/uploads\\\/2022\\\/02\\\/IMG-20220209-WA0100.jpg\",\"contentUrl\":\"https:\\\/\\\/cvinoticias.com\\\/wp-content\\\/uploads\\\/2022\\\/02\\\/IMG-20220209-WA0100.jpg\",\"width\":960,\"height\":928},{\"@type\":\"BreadcrumbList\",\"@id\":\"https:\\\/\\\/cvinoticias.com\\\/v3\\\/puerto-iguazu-detuvieron-a-un-joven-implicado-en-dos-robos-contra-la-propiedad\\\/#breadcrumb\",\"itemListElement\":[{\"@type\":\"ListItem\",\"position\":1,\"name\":\"Portada\",\"item\":\"https:\\\/\\\/cvinoticias.com\\\/v3\\\/\"},{\"@type\":\"ListItem\",\"position\":2,\"name\":\"Puerto Iguaz\u00fa: Detuvieron a un joven implicado en dos robos contra la propiedad\"}]},{\"@type\":\"WebSite\",\"@id\":\"https:\\\/\\\/cvinoticias.com\\\/v3\\\/#website\",\"url\":\"https:\\\/\\\/cvinoticias.com\\\/v3\\\/\",\"name\":\"CVI NOTICIAS\",\"description\":\"\",\"publisher\":{\"@id\":\"https:\\\/\\\/cvinoticias.com\\\/v3\\\/#organization\"},\"alternateName\":\"CVI\",\"potentialAction\":[{\"@type\":\"SearchAction\",\"target\":{\"@type\":\"EntryPoint\",\"urlTemplate\":\"https:\\\/\\\/cvinoticias.com\\\/v3\\\/?s={search_term_string}\"},\"query-input\":{\"@type\":\"PropertyValueSpecification\",\"valueRequired\":true,\"valueName\":\"search_term_string\"}}],\"inLanguage\":\"es\"},{\"@type\":\"Organization\",\"@id\":\"https:\\\/\\\/cvinoticias.com\\\/v3\\\/#organization\",\"name\":\"CVI NOTICIAS\",\"url\":\"https:\\\/\\\/cvinoticias.com\\\/v3\\\/\",\"logo\":{\"@type\":\"ImageObject\",\"inLanguage\":\"es\",\"@id\":\"https:\\\/\\\/cvinoticias.com\\\/v3\\\/#\\\/schema\\\/logo\\\/image\\\/\",\"url\":\"https:\\\/\\\/cvinoticias.com\\\/wp-content\\\/uploads\\\/2023\\\/04\\\/cropped-cropped-cropped-cropped-cropped-3-1.png\",\"contentUrl\":\"https:\\\/\\\/cvinoticias.com\\\/wp-content\\\/uploads\\\/2023\\\/04\\\/cropped-cropped-cropped-cropped-cropped-3-1.png\",\"width\":95,\"height\":122,\"caption\":\"CVI NOTICIAS\"},\"image\":{\"@id\":\"https:\\\/\\\/cvinoticias.com\\\/v3\\\/#\\\/schema\\\/logo\\\/image\\\/\"},\"sameAs\":[\"https:\\\/\\\/www.facebook.com\\\/cvinoticias\",\"https:\\\/\\\/www.instagram.com\\\/cvinoticias\\\/\",\"https:\\\/\\\/www.youtube.com\\\/@CVINOTICIAS\"]},{\"@type\":\"Person\",\"@id\":\"https:\\\/\\\/cvinoticias.com\\\/v3\\\/#\\\/schema\\\/person\\\/2db77e3c6bc03c538495d7b2b8be9b66\",\"name\":\"f1000024\",\"image\":{\"@type\":\"ImageObject\",\"inLanguage\":\"es\",\"@id\":\"https:\\\/\\\/secure.gravatar.com\\\/avatar\\\/d4fe7459cfc51ff5129ce1a732bbef5928568b8092d412ef95611616376bbeed?s=96&d=mm&r=g\",\"url\":\"https:\\\/\\\/secure.gravatar.com\\\/avatar\\\/d4fe7459cfc51ff5129ce1a732bbef5928568b8092d412ef95611616376bbeed?s=96&d=mm&r=g\",\"contentUrl\":\"https:\\\/\\\/secure.gravatar.com\\\/avatar\\\/d4fe7459cfc51ff5129ce1a732bbef5928568b8092d412ef95611616376bbeed?s=96&d=mm&r=g\",\"caption\":\"f1000024\"},\"url\":\"https:\\\/\\\/cvinoticias.com\\\/v3\\\/author\\\/f1000024\\\/\"}]}<\/script>\n<!-- \/ Yoast SEO plugin. -->","yoast_head_json":{"title":"Puerto Iguaz\u00fa: Detuvieron a un joven implicado en dos robos contra la propiedad | CVI NOTICIAS","robots":{"index":"index","follow":"follow","max-snippet":"max-snippet:-1","max-image-preview":"max-image-preview:large","max-video-preview":"max-video-preview:-1"},"canonical":"https:\/\/cvinoticias.com\/v3\/puerto-iguazu-detuvieron-a-un-joven-implicado-en-dos-robos-contra-la-propiedad\/","og_locale":"es_ES","og_type":"article","og_title":"Puerto Iguaz\u00fa: Detuvieron a un joven implicado en dos robos contra la propiedad | CVI NOTICIAS","og_description":"Hoy a la madrugada en la calle Juan Pablo II del barrio Bicentenario, los efectivos de la Divisi\u00f3n Investigaciones y Drogas Peligrosas de la Unidad Regional II, detuvieron a un joven de 20 a\u00f1os, el cual est\u00e1 vinculado a dos hechos de robo ocurridos d\u00edas atr\u00e1s. La primera denuncia fue realizada por un hombre de [&hellip;]","og_url":"https:\/\/cvinoticias.com\/v3\/puerto-iguazu-detuvieron-a-un-joven-implicado-en-dos-robos-contra-la-propiedad\/","og_site_name":"CVI NOTICIAS","article_publisher":"https:\/\/www.facebook.com\/cvinoticias","article_published_time":"2022-02-10T00:03:37+00:00","og_image":[{"width":960,"height":928,"url":"https:\/\/cvinoticias.com\/wp-content\/uploads\/2022\/02\/IMG-20220209-WA0100.jpg","type":"image\/jpeg"}],"author":"f1000024","twitter_card":"summary_large_image","twitter_misc":{"Escrito por":"f1000024","Tiempo de lectura":"1 minuto"},"schema":{"@context":"https:\/\/schema.org","@graph":[{"@type":"Article","@id":"https:\/\/cvinoticias.com\/v3\/puerto-iguazu-detuvieron-a-un-joven-implicado-en-dos-robos-contra-la-propiedad\/#article","isPartOf":{"@id":"https:\/\/cvinoticias.com\/v3\/puerto-iguazu-detuvieron-a-un-joven-implicado-en-dos-robos-contra-la-propiedad\/"},"author":{"name":"f1000024","@id":"https:\/\/cvinoticias.com\/v3\/#\/schema\/person\/2db77e3c6bc03c538495d7b2b8be9b66"},"headline":"Puerto Iguaz\u00fa: Detuvieron a un joven implicado en dos robos contra la propiedad","datePublished":"2022-02-10T00:03:37+00:00","mainEntityOfPage":{"@id":"https:\/\/cvinoticias.com\/v3\/puerto-iguazu-detuvieron-a-un-joven-implicado-en-dos-robos-contra-la-propiedad\/"},"wordCount":219,"commentCount":0,"publisher":{"@id":"https:\/\/cvinoticias.com\/v3\/#organization"},"image":{"@id":"https:\/\/cvinoticias.com\/v3\/puerto-iguazu-detuvieron-a-un-joven-implicado-en-dos-robos-contra-la-propiedad\/#primaryimage"},"thumbnailUrl":"https:\/\/cvinoticias.com\/wp-content\/uploads\/2022\/02\/IMG-20220209-WA0100.jpg","articleSection":["Policiales"],"inLanguage":"es","potentialAction":[{"@type":"CommentAction","name":"Comment","target":["https:\/\/cvinoticias.com\/v3\/puerto-iguazu-detuvieron-a-un-joven-implicado-en-dos-robos-contra-la-propiedad\/#respond"]}]},{"@type":"WebPage","@id":"https:\/\/cvinoticias.com\/v3\/puerto-iguazu-detuvieron-a-un-joven-implicado-en-dos-robos-contra-la-propiedad\/","url":"https:\/\/cvinoticias.com\/v3\/puerto-iguazu-detuvieron-a-un-joven-implicado-en-dos-robos-contra-la-propiedad\/","name":"Puerto Iguaz\u00fa: Detuvieron a un joven implicado en dos robos contra la propiedad | CVI NOTICIAS","isPartOf":{"@id":"https:\/\/cvinoticias.com\/v3\/#website"},"primaryImageOfPage":{"@id":"https:\/\/cvinoticias.com\/v3\/puerto-iguazu-detuvieron-a-un-joven-implicado-en-dos-robos-contra-la-propiedad\/#primaryimage"},"image":{"@id":"https:\/\/cvinoticias.com\/v3\/puerto-iguazu-detuvieron-a-un-joven-implicado-en-dos-robos-contra-la-propiedad\/#primaryimage"},"thumbnailUrl":"https:\/\/cvinoticias.com\/wp-content\/uploads\/2022\/02\/IMG-20220209-WA0100.jpg","datePublished":"2022-02-10T00:03:37+00:00","breadcrumb":{"@id":"https:\/\/cvinoticias.com\/v3\/puerto-iguazu-detuvieron-a-un-joven-implicado-en-dos-robos-contra-la-propiedad\/#breadcrumb"},"inLanguage":"es","potentialAction":[{"@type":"ReadAction","target":["https:\/\/cvinoticias.com\/v3\/puerto-iguazu-detuvieron-a-un-joven-implicado-en-dos-robos-contra-la-propiedad\/"]}]},{"@type":"ImageObject","inLanguage":"es","@id":"https:\/\/cvinoticias.com\/v3\/puerto-iguazu-detuvieron-a-un-joven-implicado-en-dos-robos-contra-la-propiedad\/#primaryimage","url":"https:\/\/cvinoticias.com\/wp-content\/uploads\/2022\/02\/IMG-20220209-WA0100.jpg","contentUrl":"https:\/\/cvinoticias.com\/wp-content\/uploads\/2022\/02\/IMG-20220209-WA0100.jpg","width":960,"height":928},{"@type":"BreadcrumbList","@id":"https:\/\/cvinoticias.com\/v3\/puerto-iguazu-detuvieron-a-un-joven-implicado-en-dos-robos-contra-la-propiedad\/#breadcrumb","itemListElement":[{"@type":"ListItem","position":1,"name":"Portada","item":"https:\/\/cvinoticias.com\/v3\/"},{"@type":"ListItem","position":2,"name":"Puerto Iguaz\u00fa: Detuvieron a un joven implicado en dos robos contra la propiedad"}]},{"@type":"WebSite","@id":"https:\/\/cvinoticias.com\/v3\/#website","url":"https:\/\/cvinoticias.com\/v3\/","name":"CVI NOTICIAS","description":"","publisher":{"@id":"https:\/\/cvinoticias.com\/v3\/#organization"},"alternateName":"CVI","potentialAction":[{"@type":"SearchAction","target":{"@type":"EntryPoint","urlTemplate":"https:\/\/cvinoticias.com\/v3\/?s={search_term_string}"},"query-input":{"@type":"PropertyValueSpecification","valueRequired":true,"valueName":"search_term_string"}}],"inLanguage":"es"},{"@type":"Organization","@id":"https:\/\/cvinoticias.com\/v3\/#organization","name":"CVI NOTICIAS","url":"https:\/\/cvinoticias.com\/v3\/","logo":{"@type":"ImageObject","inLanguage":"es","@id":"https:\/\/cvinoticias.com\/v3\/#\/schema\/logo\/image\/","url":"https:\/\/cvinoticias.com\/wp-content\/uploads\/2023\/04\/cropped-cropped-cropped-cropped-cropped-3-1.png","contentUrl":"https:\/\/cvinoticias.com\/wp-content\/uploads\/2023\/04\/cropped-cropped-cropped-cropped-cropped-3-1.png","width":95,"height":122,"caption":"CVI NOTICIAS"},"image":{"@id":"https:\/\/cvinoticias.com\/v3\/#\/schema\/logo\/image\/"},"sameAs":["https:\/\/www.facebook.com\/cvinoticias","https:\/\/www.instagram.com\/cvinoticias\/","https:\/\/www.youtube.com\/@CVINOTICIAS"]},{"@type":"Person","@id":"https:\/\/cvinoticias.com\/v3\/#\/schema\/person\/2db77e3c6bc03c538495d7b2b8be9b66","name":"f1000024","image":{"@type":"ImageObject","inLanguage":"es","@id":"https:\/\/secure.gravatar.com\/avatar\/d4fe7459cfc51ff5129ce1a732bbef5928568b8092d412ef95611616376bbeed?s=96&d=mm&r=g","url":"https:\/\/secure.gravatar.com\/avatar\/d4fe7459cfc51ff5129ce1a732bbef5928568b8092d412ef95611616376bbeed?s=96&d=mm&r=g","contentUrl":"https:\/\/secure.gravatar.com\/avatar\/d4fe7459cfc51ff5129ce1a732bbef5928568b8092d412ef95611616376bbeed?s=96&d=mm&r=g","caption":"f1000024"},"url":"https:\/\/cvinoticias.com\/v3\/author\/f1000024\/"}]}},"_links":{"self":[{"href":"https:\/\/cvinoticias.com\/v3\/wp-json\/wp\/v2\/posts\/13084","targetHints":{"allow":["GET"]}}],"collection":[{"href":"https:\/\/cvinoticias.com\/v3\/wp-json\/wp\/v2\/posts"}],"about":[{"href":"https:\/\/cvinoticias.com\/v3\/wp-json\/wp\/v2\/types\/post"}],"author":[{"embeddable":true,"href":"https:\/\/cvinoticias.com\/v3\/wp-json\/wp\/v2\/users\/2"}],"replies":[{"embeddable":true,"href":"https:\/\/cvinoticias.com\/v3\/wp-json\/wp\/v2\/comments?post=13084"}],"version-history":[{"count":1,"href":"https:\/\/cvinoticias.com\/v3\/wp-json\/wp\/v2\/posts\/13084\/revisions"}],"predecessor-version":[{"id":13087,"href":"https:\/\/cvinoticias.com\/v3\/wp-json\/wp\/v2\/posts\/13084\/revisions\/13087"}],"wp:featuredmedia":[{"embeddable":true,"href":"https:\/\/cvinoticias.com\/v3\/wp-json\/wp\/v2\/media\/13086"}],"wp:attachment":[{"href":"https:\/\/cvinoticias.com\/v3\/wp-json\/wp\/v2\/media?parent=13084"}],"wp:term":[{"taxonomy":"category","embeddable":true,"href":"https:\/\/cvinoticias.com\/v3\/wp-json\/wp\/v2\/categories?post=13084"},{"taxonomy":"post_tag","embeddable":true,"href":"https:\/\/cvinoticias.com\/v3\/wp-json\/wp\/v2\/tags?post=13084"}],"curies":[{"name":"wp","href":"https:\/\/api.w.org\/{rel}","templated":true}]}}