{"id":13079,"date":"2022-02-09T23:35:57","date_gmt":"2022-02-09T23:35:57","guid":{"rendered":"https:\/\/cvinoticias.com\/v3\/?p=13079"},"modified":"2022-02-09T23:35:57","modified_gmt":"2022-02-09T23:35:57","slug":"hallaron-muerto-a-un-joven-buscado-en-bernardo-de-irigoyen-hay-un-detenido","status":"publish","type":"post","link":"https:\/\/cvinoticias.com\/v3\/hallaron-muerto-a-un-joven-buscado-en-bernardo-de-irigoyen-hay-un-detenido\/","title":{"rendered":"Hallaron muerto a un joven buscado en Bernardo de Irigoyen: hay un detenido"},"content":{"rendered":"\n<p><strong><em>Hoy a la ma\u00f1ana, los efectivos de la Unidad Regional XII de Bernardo de Irigoyen, detuvieron a un joven de 18 a\u00f1os, se\u00f1alado de ser el autor del homicidio de Ariel Camargo de Lara, un joven de 19 a\u00f1os desaparecido desde el jueves pasado en horas de la madrugada, quien fue hallado a las 13hs en un malezal, tapado con ramas y con un disparo en la cabeza.<\/em><\/strong><\/p>\n\n\n\n<p>La b\u00fasqueda tuvo un importante giro cuando dos hermanas de 26 y 16 a\u00f1os manifestaron a los uniformados que dos individuos habr\u00edan buscado en un auto a Ariel y tras enga\u00f1os, lo llevaron hasta una zona conocida como Cuatro Bocas, en donde uno de ellos, luego de mencionar que una de las ruedas estaba averiada, Ariel baj\u00f3 del autom\u00f3vil para verificarlo. En ese momento, el presunto homicida se acerc\u00f3 por atr\u00e1s, desenfund\u00f3 un arma y le efectu\u00f3 un disparo que termin\u00f3 con la vida del joven buscado.<\/p>\n\n\n\n<figure class=\"wp-block-image size-large\"><a href=\"https:\/\/cvinoticias.com\/wp-content\/uploads\/2022\/02\/IMG-20220209-WA0097.jpg\"><img decoding=\"async\" width=\"1024\" height=\"768\" data-src=\"https:\/\/cvinoticias.com\/wp-content\/uploads\/2022\/02\/IMG-20220209-WA0097-1024x768.jpg\" alt=\"\" class=\"wp-image-13080 lazyload\" data-srcset=\"https:\/\/cvinoticias.com\/wp-content\/uploads\/2022\/02\/IMG-20220209-WA0097-1024x768.jpg 1024w, https:\/\/cvinoticias.com\/wp-content\/uploads\/2022\/02\/IMG-20220209-WA0097-300x225.jpg 300w, https:\/\/cvinoticias.com\/wp-content\/uploads\/2022\/02\/IMG-20220209-WA0097-768x576.jpg 768w, https:\/\/cvinoticias.com\/wp-content\/uploads\/2022\/02\/IMG-20220209-WA0097-1536x1153.jpg 1536w, https:\/\/cvinoticias.com\/wp-content\/uploads\/2022\/02\/IMG-20220209-WA0097.jpg 1599w\" data-sizes=\"(max-width: 1024px) 100vw, 1024px\" src=\"data:image\/svg+xml;base64,PHN2ZyB3aWR0aD0iMSIgaGVpZ2h0PSIxIiB4bWxucz0iaHR0cDovL3d3dy53My5vcmcvMjAwMC9zdmciPjwvc3ZnPg==\" style=\"--smush-placeholder-width: 1024px; --smush-placeholder-aspect-ratio: 1024\/768;\" \/><\/a><\/figure>\n\n\n\n<p>Luego de recibir los testimonios, los polic\u00edas recabaron datos certeros de quien ser\u00eda el agresor, por lo que iniciaron operativos a fines de dar con el mismo, el cual fue encontrado en horas de la ma\u00f1ana en el barrio mencionado, donde fue aprehendido.<\/p>\n\n\n\n<p>Mediante las \u00f3rdenes del Juzgado de Instrucci\u00f3n N\u00ba 1 de San Pedro, la Polic\u00eda Cient\u00edfica realiz\u00f3 las tareas espec\u00edficas en el lugar y luego de los resultados, trasladaron el cuerpo hasta la morgue judicial de la ciudad de Posadas para la correspondiente autopsia. En cuanto al presunto autor del hecho que ya se encontraba aprehendido, se orden\u00f3 la detenci\u00f3n del mismo, luego de que este alegara su participaci\u00f3n en el suceso en horas de la tarde.<\/p>\n\n\n\n<figure class=\"wp-block-image size-large\"><a href=\"https:\/\/cvinoticias.com\/wp-content\/uploads\/2022\/02\/IMG-20220209-WA0098.jpg\"><img decoding=\"async\" width=\"1024\" height=\"768\" data-src=\"https:\/\/cvinoticias.com\/wp-content\/uploads\/2022\/02\/IMG-20220209-WA0098-1024x768.jpg\" alt=\"\" class=\"wp-image-13081 lazyload\" data-srcset=\"https:\/\/cvinoticias.com\/wp-content\/uploads\/2022\/02\/IMG-20220209-WA0098-1024x768.jpg 1024w, https:\/\/cvinoticias.com\/wp-content\/uploads\/2022\/02\/IMG-20220209-WA0098-300x225.jpg 300w, https:\/\/cvinoticias.com\/wp-content\/uploads\/2022\/02\/IMG-20220209-WA0098-768x576.jpg 768w, https:\/\/cvinoticias.com\/wp-content\/uploads\/2022\/02\/IMG-20220209-WA0098-1536x1153.jpg 1536w, https:\/\/cvinoticias.com\/wp-content\/uploads\/2022\/02\/IMG-20220209-WA0098.jpg 1599w\" data-sizes=\"(max-width: 1024px) 100vw, 1024px\" src=\"data:image\/svg+xml;base64,PHN2ZyB3aWR0aD0iMSIgaGVpZ2h0PSIxIiB4bWxucz0iaHR0cDovL3d3dy53My5vcmcvMjAwMC9zdmciPjwvc3ZnPg==\" style=\"--smush-placeholder-width: 1024px; --smush-placeholder-aspect-ratio: 1024\/768;\" \/><\/a><\/figure>\n","protected":false},"excerpt":{"rendered":"<p>Hoy a la ma\u00f1ana, los efectivos de la Unidad Regional XII de Bernardo de Irigoyen, detuvieron a un joven de 18 a\u00f1os, se\u00f1alado de ser el autor del homicidio de Ariel Camargo de Lara, un joven de 19 a\u00f1os desaparecido desde el jueves pasado en horas de la madrugada, quien fue hallado a las 13hs [&hellip;]<\/p>\n","protected":false},"author":2,"featured_media":13082,"comment_status":"open","ping_status":"open","sticky":false,"template":"","format":"standard","meta":{"footnotes":""},"categories":[41],"tags":[],"class_list":["post-13079","post","type-post","status-publish","format-standard","has-post-thumbnail","hentry","category-policiales"],"yoast_head":"<!-- This site is optimized with the Yoast SEO plugin v27.5 - https:\/\/yoast.com\/product\/yoast-seo-wordpress\/ -->\n<title>Hallaron muerto a un joven buscado en Bernardo de Irigoyen: hay un detenido | CVI NOTICIAS<\/title>\n<meta name=\"robots\" content=\"index, follow, max-snippet:-1, max-image-preview:large, max-video-preview:-1\" \/>\n<link rel=\"canonical\" href=\"https:\/\/cvinoticias.com\/v3\/hallaron-muerto-a-un-joven-buscado-en-bernardo-de-irigoyen-hay-un-detenido\/\" \/>\n<meta property=\"og:locale\" content=\"es_ES\" \/>\n<meta property=\"og:type\" content=\"article\" \/>\n<meta property=\"og:title\" content=\"Hallaron muerto a un joven buscado en Bernardo de Irigoyen: hay un detenido | CVI NOTICIAS\" \/>\n<meta property=\"og:description\" content=\"Hoy a la ma\u00f1ana, los efectivos de la Unidad Regional XII de Bernardo de Irigoyen, detuvieron a un joven de 18 a\u00f1os, se\u00f1alado de ser el autor del homicidio de Ariel Camargo de Lara, un joven de 19 a\u00f1os desaparecido desde el jueves pasado en horas de la madrugada, quien fue hallado a las 13hs [&hellip;]\" \/>\n<meta property=\"og:url\" content=\"https:\/\/cvinoticias.com\/v3\/hallaron-muerto-a-un-joven-buscado-en-bernardo-de-irigoyen-hay-un-detenido\/\" \/>\n<meta property=\"og:site_name\" content=\"CVI NOTICIAS\" \/>\n<meta property=\"article:publisher\" content=\"https:\/\/www.facebook.com\/cvinoticias\" \/>\n<meta property=\"article:published_time\" content=\"2022-02-09T23:35:57+00:00\" \/>\n<meta property=\"og:image\" content=\"https:\/\/cvinoticias.com\/wp-content\/uploads\/2022\/02\/IMG-20220209-WA0096.jpg\" \/>\n\t<meta property=\"og:image:width\" content=\"634\" \/>\n\t<meta property=\"og:image:height\" content=\"1280\" \/>\n\t<meta property=\"og:image:type\" content=\"image\/jpeg\" \/>\n<meta name=\"author\" content=\"f1000024\" \/>\n<meta name=\"twitter:card\" content=\"summary_large_image\" \/>\n<meta name=\"twitter:label1\" content=\"Escrito por\" \/>\n\t<meta name=\"twitter:data1\" content=\"f1000024\" \/>\n\t<meta name=\"twitter:label2\" content=\"Tiempo de lectura\" \/>\n\t<meta name=\"twitter:data2\" content=\"1 minuto\" \/>\n<script type=\"application\/ld+json\" class=\"yoast-schema-graph\">{\"@context\":\"https:\\\/\\\/schema.org\",\"@graph\":[{\"@type\":\"Article\",\"@id\":\"https:\\\/\\\/cvinoticias.com\\\/v3\\\/hallaron-muerto-a-un-joven-buscado-en-bernardo-de-irigoyen-hay-un-detenido\\\/#article\",\"isPartOf\":{\"@id\":\"https:\\\/\\\/cvinoticias.com\\\/v3\\\/hallaron-muerto-a-un-joven-buscado-en-bernardo-de-irigoyen-hay-un-detenido\\\/\"},\"author\":{\"name\":\"f1000024\",\"@id\":\"https:\\\/\\\/cvinoticias.com\\\/v3\\\/#\\\/schema\\\/person\\\/2db77e3c6bc03c538495d7b2b8be9b66\"},\"headline\":\"Hallaron muerto a un joven buscado en Bernardo de Irigoyen: hay un detenido\",\"datePublished\":\"2022-02-09T23:35:57+00:00\",\"mainEntityOfPage\":{\"@id\":\"https:\\\/\\\/cvinoticias.com\\\/v3\\\/hallaron-muerto-a-un-joven-buscado-en-bernardo-de-irigoyen-hay-un-detenido\\\/\"},\"wordCount\":301,\"commentCount\":0,\"publisher\":{\"@id\":\"https:\\\/\\\/cvinoticias.com\\\/v3\\\/#organization\"},\"image\":{\"@id\":\"https:\\\/\\\/cvinoticias.com\\\/v3\\\/hallaron-muerto-a-un-joven-buscado-en-bernardo-de-irigoyen-hay-un-detenido\\\/#primaryimage\"},\"thumbnailUrl\":\"https:\\\/\\\/cvinoticias.com\\\/wp-content\\\/uploads\\\/2022\\\/02\\\/IMG-20220209-WA0096.jpg\",\"articleSection\":[\"Policiales\"],\"inLanguage\":\"es\",\"potentialAction\":[{\"@type\":\"CommentAction\",\"name\":\"Comment\",\"target\":[\"https:\\\/\\\/cvinoticias.com\\\/v3\\\/hallaron-muerto-a-un-joven-buscado-en-bernardo-de-irigoyen-hay-un-detenido\\\/#respond\"]}]},{\"@type\":\"WebPage\",\"@id\":\"https:\\\/\\\/cvinoticias.com\\\/v3\\\/hallaron-muerto-a-un-joven-buscado-en-bernardo-de-irigoyen-hay-un-detenido\\\/\",\"url\":\"https:\\\/\\\/cvinoticias.com\\\/v3\\\/hallaron-muerto-a-un-joven-buscado-en-bernardo-de-irigoyen-hay-un-detenido\\\/\",\"name\":\"Hallaron muerto a un joven buscado en Bernardo de Irigoyen: hay un detenido | CVI NOTICIAS\",\"isPartOf\":{\"@id\":\"https:\\\/\\\/cvinoticias.com\\\/v3\\\/#website\"},\"primaryImageOfPage\":{\"@id\":\"https:\\\/\\\/cvinoticias.com\\\/v3\\\/hallaron-muerto-a-un-joven-buscado-en-bernardo-de-irigoyen-hay-un-detenido\\\/#primaryimage\"},\"image\":{\"@id\":\"https:\\\/\\\/cvinoticias.com\\\/v3\\\/hallaron-muerto-a-un-joven-buscado-en-bernardo-de-irigoyen-hay-un-detenido\\\/#primaryimage\"},\"thumbnailUrl\":\"https:\\\/\\\/cvinoticias.com\\\/wp-content\\\/uploads\\\/2022\\\/02\\\/IMG-20220209-WA0096.jpg\",\"datePublished\":\"2022-02-09T23:35:57+00:00\",\"breadcrumb\":{\"@id\":\"https:\\\/\\\/cvinoticias.com\\\/v3\\\/hallaron-muerto-a-un-joven-buscado-en-bernardo-de-irigoyen-hay-un-detenido\\\/#breadcrumb\"},\"inLanguage\":\"es\",\"potentialAction\":[{\"@type\":\"ReadAction\",\"target\":[\"https:\\\/\\\/cvinoticias.com\\\/v3\\\/hallaron-muerto-a-un-joven-buscado-en-bernardo-de-irigoyen-hay-un-detenido\\\/\"]}]},{\"@type\":\"ImageObject\",\"inLanguage\":\"es\",\"@id\":\"https:\\\/\\\/cvinoticias.com\\\/v3\\\/hallaron-muerto-a-un-joven-buscado-en-bernardo-de-irigoyen-hay-un-detenido\\\/#primaryimage\",\"url\":\"https:\\\/\\\/cvinoticias.com\\\/wp-content\\\/uploads\\\/2022\\\/02\\\/IMG-20220209-WA0096.jpg\",\"contentUrl\":\"https:\\\/\\\/cvinoticias.com\\\/wp-content\\\/uploads\\\/2022\\\/02\\\/IMG-20220209-WA0096.jpg\",\"width\":634,\"height\":1280},{\"@type\":\"BreadcrumbList\",\"@id\":\"https:\\\/\\\/cvinoticias.com\\\/v3\\\/hallaron-muerto-a-un-joven-buscado-en-bernardo-de-irigoyen-hay-un-detenido\\\/#breadcrumb\",\"itemListElement\":[{\"@type\":\"ListItem\",\"position\":1,\"name\":\"Portada\",\"item\":\"https:\\\/\\\/cvinoticias.com\\\/v3\\\/\"},{\"@type\":\"ListItem\",\"position\":2,\"name\":\"Hallaron muerto a un joven buscado en Bernardo de Irigoyen: hay un detenido\"}]},{\"@type\":\"WebSite\",\"@id\":\"https:\\\/\\\/cvinoticias.com\\\/v3\\\/#website\",\"url\":\"https:\\\/\\\/cvinoticias.com\\\/v3\\\/\",\"name\":\"CVI NOTICIAS\",\"description\":\"\",\"publisher\":{\"@id\":\"https:\\\/\\\/cvinoticias.com\\\/v3\\\/#organization\"},\"alternateName\":\"CVI\",\"potentialAction\":[{\"@type\":\"SearchAction\",\"target\":{\"@type\":\"EntryPoint\",\"urlTemplate\":\"https:\\\/\\\/cvinoticias.com\\\/v3\\\/?s={search_term_string}\"},\"query-input\":{\"@type\":\"PropertyValueSpecification\",\"valueRequired\":true,\"valueName\":\"search_term_string\"}}],\"inLanguage\":\"es\"},{\"@type\":\"Organization\",\"@id\":\"https:\\\/\\\/cvinoticias.com\\\/v3\\\/#organization\",\"name\":\"CVI NOTICIAS\",\"url\":\"https:\\\/\\\/cvinoticias.com\\\/v3\\\/\",\"logo\":{\"@type\":\"ImageObject\",\"inLanguage\":\"es\",\"@id\":\"https:\\\/\\\/cvinoticias.com\\\/v3\\\/#\\\/schema\\\/logo\\\/image\\\/\",\"url\":\"https:\\\/\\\/cvinoticias.com\\\/wp-content\\\/uploads\\\/2023\\\/04\\\/cropped-cropped-cropped-cropped-cropped-3-1.png\",\"contentUrl\":\"https:\\\/\\\/cvinoticias.com\\\/wp-content\\\/uploads\\\/2023\\\/04\\\/cropped-cropped-cropped-cropped-cropped-3-1.png\",\"width\":95,\"height\":122,\"caption\":\"CVI NOTICIAS\"},\"image\":{\"@id\":\"https:\\\/\\\/cvinoticias.com\\\/v3\\\/#\\\/schema\\\/logo\\\/image\\\/\"},\"sameAs\":[\"https:\\\/\\\/www.facebook.com\\\/cvinoticias\",\"https:\\\/\\\/www.instagram.com\\\/cvinoticias\\\/\",\"https:\\\/\\\/www.youtube.com\\\/@CVINOTICIAS\"]},{\"@type\":\"Person\",\"@id\":\"https:\\\/\\\/cvinoticias.com\\\/v3\\\/#\\\/schema\\\/person\\\/2db77e3c6bc03c538495d7b2b8be9b66\",\"name\":\"f1000024\",\"image\":{\"@type\":\"ImageObject\",\"inLanguage\":\"es\",\"@id\":\"https:\\\/\\\/secure.gravatar.com\\\/avatar\\\/d4fe7459cfc51ff5129ce1a732bbef5928568b8092d412ef95611616376bbeed?s=96&d=mm&r=g\",\"url\":\"https:\\\/\\\/secure.gravatar.com\\\/avatar\\\/d4fe7459cfc51ff5129ce1a732bbef5928568b8092d412ef95611616376bbeed?s=96&d=mm&r=g\",\"contentUrl\":\"https:\\\/\\\/secure.gravatar.com\\\/avatar\\\/d4fe7459cfc51ff5129ce1a732bbef5928568b8092d412ef95611616376bbeed?s=96&d=mm&r=g\",\"caption\":\"f1000024\"},\"url\":\"https:\\\/\\\/cvinoticias.com\\\/v3\\\/author\\\/f1000024\\\/\"}]}<\/script>\n<!-- \/ Yoast SEO plugin. -->","yoast_head_json":{"title":"Hallaron muerto a un joven buscado en Bernardo de Irigoyen: hay un detenido | CVI NOTICIAS","robots":{"index":"index","follow":"follow","max-snippet":"max-snippet:-1","max-image-preview":"max-image-preview:large","max-video-preview":"max-video-preview:-1"},"canonical":"https:\/\/cvinoticias.com\/v3\/hallaron-muerto-a-un-joven-buscado-en-bernardo-de-irigoyen-hay-un-detenido\/","og_locale":"es_ES","og_type":"article","og_title":"Hallaron muerto a un joven buscado en Bernardo de Irigoyen: hay un detenido | CVI NOTICIAS","og_description":"Hoy a la ma\u00f1ana, los efectivos de la Unidad Regional XII de Bernardo de Irigoyen, detuvieron a un joven de 18 a\u00f1os, se\u00f1alado de ser el autor del homicidio de Ariel Camargo de Lara, un joven de 19 a\u00f1os desaparecido desde el jueves pasado en horas de la madrugada, quien fue hallado a las 13hs [&hellip;]","og_url":"https:\/\/cvinoticias.com\/v3\/hallaron-muerto-a-un-joven-buscado-en-bernardo-de-irigoyen-hay-un-detenido\/","og_site_name":"CVI NOTICIAS","article_publisher":"https:\/\/www.facebook.com\/cvinoticias","article_published_time":"2022-02-09T23:35:57+00:00","og_image":[{"width":634,"height":1280,"url":"https:\/\/cvinoticias.com\/wp-content\/uploads\/2022\/02\/IMG-20220209-WA0096.jpg","type":"image\/jpeg"}],"author":"f1000024","twitter_card":"summary_large_image","twitter_misc":{"Escrito por":"f1000024","Tiempo de lectura":"1 minuto"},"schema":{"@context":"https:\/\/schema.org","@graph":[{"@type":"Article","@id":"https:\/\/cvinoticias.com\/v3\/hallaron-muerto-a-un-joven-buscado-en-bernardo-de-irigoyen-hay-un-detenido\/#article","isPartOf":{"@id":"https:\/\/cvinoticias.com\/v3\/hallaron-muerto-a-un-joven-buscado-en-bernardo-de-irigoyen-hay-un-detenido\/"},"author":{"name":"f1000024","@id":"https:\/\/cvinoticias.com\/v3\/#\/schema\/person\/2db77e3c6bc03c538495d7b2b8be9b66"},"headline":"Hallaron muerto a un joven buscado en Bernardo de Irigoyen: hay un detenido","datePublished":"2022-02-09T23:35:57+00:00","mainEntityOfPage":{"@id":"https:\/\/cvinoticias.com\/v3\/hallaron-muerto-a-un-joven-buscado-en-bernardo-de-irigoyen-hay-un-detenido\/"},"wordCount":301,"commentCount":0,"publisher":{"@id":"https:\/\/cvinoticias.com\/v3\/#organization"},"image":{"@id":"https:\/\/cvinoticias.com\/v3\/hallaron-muerto-a-un-joven-buscado-en-bernardo-de-irigoyen-hay-un-detenido\/#primaryimage"},"thumbnailUrl":"https:\/\/cvinoticias.com\/wp-content\/uploads\/2022\/02\/IMG-20220209-WA0096.jpg","articleSection":["Policiales"],"inLanguage":"es","potentialAction":[{"@type":"CommentAction","name":"Comment","target":["https:\/\/cvinoticias.com\/v3\/hallaron-muerto-a-un-joven-buscado-en-bernardo-de-irigoyen-hay-un-detenido\/#respond"]}]},{"@type":"WebPage","@id":"https:\/\/cvinoticias.com\/v3\/hallaron-muerto-a-un-joven-buscado-en-bernardo-de-irigoyen-hay-un-detenido\/","url":"https:\/\/cvinoticias.com\/v3\/hallaron-muerto-a-un-joven-buscado-en-bernardo-de-irigoyen-hay-un-detenido\/","name":"Hallaron muerto a un joven buscado en Bernardo de Irigoyen: hay un detenido | CVI NOTICIAS","isPartOf":{"@id":"https:\/\/cvinoticias.com\/v3\/#website"},"primaryImageOfPage":{"@id":"https:\/\/cvinoticias.com\/v3\/hallaron-muerto-a-un-joven-buscado-en-bernardo-de-irigoyen-hay-un-detenido\/#primaryimage"},"image":{"@id":"https:\/\/cvinoticias.com\/v3\/hallaron-muerto-a-un-joven-buscado-en-bernardo-de-irigoyen-hay-un-detenido\/#primaryimage"},"thumbnailUrl":"https:\/\/cvinoticias.com\/wp-content\/uploads\/2022\/02\/IMG-20220209-WA0096.jpg","datePublished":"2022-02-09T23:35:57+00:00","breadcrumb":{"@id":"https:\/\/cvinoticias.com\/v3\/hallaron-muerto-a-un-joven-buscado-en-bernardo-de-irigoyen-hay-un-detenido\/#breadcrumb"},"inLanguage":"es","potentialAction":[{"@type":"ReadAction","target":["https:\/\/cvinoticias.com\/v3\/hallaron-muerto-a-un-joven-buscado-en-bernardo-de-irigoyen-hay-un-detenido\/"]}]},{"@type":"ImageObject","inLanguage":"es","@id":"https:\/\/cvinoticias.com\/v3\/hallaron-muerto-a-un-joven-buscado-en-bernardo-de-irigoyen-hay-un-detenido\/#primaryimage","url":"https:\/\/cvinoticias.com\/wp-content\/uploads\/2022\/02\/IMG-20220209-WA0096.jpg","contentUrl":"https:\/\/cvinoticias.com\/wp-content\/uploads\/2022\/02\/IMG-20220209-WA0096.jpg","width":634,"height":1280},{"@type":"BreadcrumbList","@id":"https:\/\/cvinoticias.com\/v3\/hallaron-muerto-a-un-joven-buscado-en-bernardo-de-irigoyen-hay-un-detenido\/#breadcrumb","itemListElement":[{"@type":"ListItem","position":1,"name":"Portada","item":"https:\/\/cvinoticias.com\/v3\/"},{"@type":"ListItem","position":2,"name":"Hallaron muerto a un joven buscado en Bernardo de Irigoyen: hay un detenido"}]},{"@type":"WebSite","@id":"https:\/\/cvinoticias.com\/v3\/#website","url":"https:\/\/cvinoticias.com\/v3\/","name":"CVI NOTICIAS","description":"","publisher":{"@id":"https:\/\/cvinoticias.com\/v3\/#organization"},"alternateName":"CVI","potentialAction":[{"@type":"SearchAction","target":{"@type":"EntryPoint","urlTemplate":"https:\/\/cvinoticias.com\/v3\/?s={search_term_string}"},"query-input":{"@type":"PropertyValueSpecification","valueRequired":true,"valueName":"search_term_string"}}],"inLanguage":"es"},{"@type":"Organization","@id":"https:\/\/cvinoticias.com\/v3\/#organization","name":"CVI NOTICIAS","url":"https:\/\/cvinoticias.com\/v3\/","logo":{"@type":"ImageObject","inLanguage":"es","@id":"https:\/\/cvinoticias.com\/v3\/#\/schema\/logo\/image\/","url":"https:\/\/cvinoticias.com\/wp-content\/uploads\/2023\/04\/cropped-cropped-cropped-cropped-cropped-3-1.png","contentUrl":"https:\/\/cvinoticias.com\/wp-content\/uploads\/2023\/04\/cropped-cropped-cropped-cropped-cropped-3-1.png","width":95,"height":122,"caption":"CVI NOTICIAS"},"image":{"@id":"https:\/\/cvinoticias.com\/v3\/#\/schema\/logo\/image\/"},"sameAs":["https:\/\/www.facebook.com\/cvinoticias","https:\/\/www.instagram.com\/cvinoticias\/","https:\/\/www.youtube.com\/@CVINOTICIAS"]},{"@type":"Person","@id":"https:\/\/cvinoticias.com\/v3\/#\/schema\/person\/2db77e3c6bc03c538495d7b2b8be9b66","name":"f1000024","image":{"@type":"ImageObject","inLanguage":"es","@id":"https:\/\/secure.gravatar.com\/avatar\/d4fe7459cfc51ff5129ce1a732bbef5928568b8092d412ef95611616376bbeed?s=96&d=mm&r=g","url":"https:\/\/secure.gravatar.com\/avatar\/d4fe7459cfc51ff5129ce1a732bbef5928568b8092d412ef95611616376bbeed?s=96&d=mm&r=g","contentUrl":"https:\/\/secure.gravatar.com\/avatar\/d4fe7459cfc51ff5129ce1a732bbef5928568b8092d412ef95611616376bbeed?s=96&d=mm&r=g","caption":"f1000024"},"url":"https:\/\/cvinoticias.com\/v3\/author\/f1000024\/"}]}},"_links":{"self":[{"href":"https:\/\/cvinoticias.com\/v3\/wp-json\/wp\/v2\/posts\/13079","targetHints":{"allow":["GET"]}}],"collection":[{"href":"https:\/\/cvinoticias.com\/v3\/wp-json\/wp\/v2\/posts"}],"about":[{"href":"https:\/\/cvinoticias.com\/v3\/wp-json\/wp\/v2\/types\/post"}],"author":[{"embeddable":true,"href":"https:\/\/cvinoticias.com\/v3\/wp-json\/wp\/v2\/users\/2"}],"replies":[{"embeddable":true,"href":"https:\/\/cvinoticias.com\/v3\/wp-json\/wp\/v2\/comments?post=13079"}],"version-history":[{"count":1,"href":"https:\/\/cvinoticias.com\/v3\/wp-json\/wp\/v2\/posts\/13079\/revisions"}],"predecessor-version":[{"id":13083,"href":"https:\/\/cvinoticias.com\/v3\/wp-json\/wp\/v2\/posts\/13079\/revisions\/13083"}],"wp:featuredmedia":[{"embeddable":true,"href":"https:\/\/cvinoticias.com\/v3\/wp-json\/wp\/v2\/media\/13082"}],"wp:attachment":[{"href":"https:\/\/cvinoticias.com\/v3\/wp-json\/wp\/v2\/media?parent=13079"}],"wp:term":[{"taxonomy":"category","embeddable":true,"href":"https:\/\/cvinoticias.com\/v3\/wp-json\/wp\/v2\/categories?post=13079"},{"taxonomy":"post_tag","embeddable":true,"href":"https:\/\/cvinoticias.com\/v3\/wp-json\/wp\/v2\/tags?post=13079"}],"curies":[{"name":"wp","href":"https:\/\/api.w.org\/{rel}","templated":true}]}}