{"id":13076,"date":"2022-02-09T20:29:39","date_gmt":"2022-02-09T20:29:39","guid":{"rendered":"https:\/\/cvinoticias.com\/v3\/?p=13076"},"modified":"2022-02-09T20:29:39","modified_gmt":"2022-02-09T20:29:39","slug":"anses-las-jubilaciones-aumentarian-un-12-en-marzo","status":"publish","type":"post","link":"https:\/\/cvinoticias.com\/v3\/anses-las-jubilaciones-aumentarian-un-12-en-marzo\/","title":{"rendered":"Anses: Las jubilaciones aumentar\u00edan un 12% en marzo"},"content":{"rendered":"\n<p><strong><em>Se trata del primer incremento del a\u00f1o, que se calcula mediante la f\u00f3rmula de la ley de movilidad, tambi\u00e9n alcanza a pensiones y asignaciones.<\/em><\/strong><\/p>\n\n\n\n<p>En marzo corresponde un nuevo incremento de haberes para jubilados nacionales de la Anses, y si\u00a0bien resta conocer cifras oficiales que integran la f\u00f3rmula de movilidad, se estima que el aumento trimestral de las jubilaciones, pensiones y dem\u00e1s prestaciones sociales rondar\u00e1 el 12%.<\/p>\n\n\n\n<p>El incremento abarca tambi\u00e9n las Asignaciones Familiares, la Asignaci\u00f3n Universal por Hijo (AUH), pensiones no contributivas y PUAM (pensi\u00f3n universal al adulto mayor),\u00a0por lo que se estima que contemplar\u00e1 a un universo de 18 millones de personas.<\/p>\n\n\n\n<p><strong>La suba deber\u00e1 aplicarse a partir del 1\u00b0 de marzo hasta el 31 de mayo.<\/strong><\/p>\n\n\n\n<p>De esta manera, el haber m\u00ednimo de $ 29.062 subir\u00eda a poco m\u00e1s de $ 32.000. La PUAM de $ 23.249 a m\u00e1s de $ 25.800. Las pensiones no contributivas de $ 20.343 a m\u00e1s de $ 22.500. Y el haber m\u00e1ximo de $ 195.557 a m\u00e1s de $ 217.000.<\/p>\n\n\n\n<p id=\"la-formula-de-movilidad-jubilatoria\"><strong>LA F\u00d3RMULA DE MOVILIDAD JUBILATORIA<\/strong><\/p>\n\n\n\n<p>La f\u00f3rmula jubilatoria que rige actualmente surge de la f\u00f3rmula de movilidad que combina una mitad de la variaci\u00f3n trimestral de los salarios, seg\u00fan el RIPTE (Remuneraci\u00f3n Imponible de Trabajadores Estables que elabora Seguridad Social) y el \u00cdndice de Salarios del INDEC, de ambos el mayor.<\/p>\n\n\n\n<p>La otra mitad de la f\u00f3rmula se compone de la variaci\u00f3n interanual trimestral de la recaudaci\u00f3n impositiva por beneficiario que va a la Seguridad Social.<\/p>\n\n\n\n<p>El \u00edndice salarial del INDEC de febrero a\u00fan no fue publicado (se difundir\u00e1 el pr\u00f3ximo jueves), en tanto que la suba trimestral del RIPTE fue del 9%.<\/p>\n","protected":false},"excerpt":{"rendered":"<p>Se trata del primer incremento del a\u00f1o, que se calcula mediante la f\u00f3rmula de la ley de movilidad, tambi\u00e9n alcanza a pensiones y asignaciones. En marzo corresponde un nuevo incremento de haberes para jubilados nacionales de la Anses, y si\u00a0bien resta conocer cifras oficiales que integran la f\u00f3rmula de movilidad, se estima que el aumento [&hellip;]<\/p>\n","protected":false},"author":2,"featured_media":13077,"comment_status":"open","ping_status":"open","sticky":false,"template":"","format":"standard","meta":{"footnotes":""},"categories":[35],"tags":[],"class_list":["post-13076","post","type-post","status-publish","format-standard","has-post-thumbnail","hentry","category-informacion-general"],"yoast_head":"<!-- This site is optimized with the Yoast SEO plugin v27.5 - https:\/\/yoast.com\/product\/yoast-seo-wordpress\/ -->\n<title>Anses: Las jubilaciones aumentar\u00edan un 12% en marzo | CVI NOTICIAS<\/title>\n<meta name=\"robots\" content=\"index, follow, max-snippet:-1, max-image-preview:large, max-video-preview:-1\" \/>\n<link rel=\"canonical\" href=\"https:\/\/cvinoticias.com\/v3\/anses-las-jubilaciones-aumentarian-un-12-en-marzo\/\" \/>\n<meta property=\"og:locale\" content=\"es_ES\" \/>\n<meta property=\"og:type\" content=\"article\" \/>\n<meta property=\"og:title\" content=\"Anses: Las jubilaciones aumentar\u00edan un 12% en marzo | CVI NOTICIAS\" \/>\n<meta property=\"og:description\" content=\"Se trata del primer incremento del a\u00f1o, que se calcula mediante la f\u00f3rmula de la ley de movilidad, tambi\u00e9n alcanza a pensiones y asignaciones. En marzo corresponde un nuevo incremento de haberes para jubilados nacionales de la Anses, y si\u00a0bien resta conocer cifras oficiales que integran la f\u00f3rmula de movilidad, se estima que el aumento [&hellip;]\" \/>\n<meta property=\"og:url\" content=\"https:\/\/cvinoticias.com\/v3\/anses-las-jubilaciones-aumentarian-un-12-en-marzo\/\" \/>\n<meta property=\"og:site_name\" content=\"CVI NOTICIAS\" \/>\n<meta property=\"article:publisher\" content=\"https:\/\/www.facebook.com\/cvinoticias\" \/>\n<meta property=\"article:published_time\" content=\"2022-02-09T20:29:39+00:00\" \/>\n<meta property=\"og:image\" content=\"https:\/\/cvinoticias.com\/wp-content\/uploads\/2022\/02\/unnamed-1.jpg\" \/>\n\t<meta property=\"og:image:width\" content=\"512\" \/>\n\t<meta property=\"og:image:height\" content=\"345\" \/>\n\t<meta property=\"og:image:type\" content=\"image\/jpeg\" \/>\n<meta name=\"author\" content=\"f1000024\" \/>\n<meta name=\"twitter:card\" content=\"summary_large_image\" \/>\n<meta name=\"twitter:label1\" content=\"Escrito por\" \/>\n\t<meta name=\"twitter:data1\" content=\"f1000024\" \/>\n\t<meta name=\"twitter:label2\" content=\"Tiempo de lectura\" \/>\n\t<meta name=\"twitter:data2\" content=\"1 minuto\" \/>\n<script type=\"application\/ld+json\" class=\"yoast-schema-graph\">{\"@context\":\"https:\\\/\\\/schema.org\",\"@graph\":[{\"@type\":\"Article\",\"@id\":\"https:\\\/\\\/cvinoticias.com\\\/v3\\\/anses-las-jubilaciones-aumentarian-un-12-en-marzo\\\/#article\",\"isPartOf\":{\"@id\":\"https:\\\/\\\/cvinoticias.com\\\/v3\\\/anses-las-jubilaciones-aumentarian-un-12-en-marzo\\\/\"},\"author\":{\"name\":\"f1000024\",\"@id\":\"https:\\\/\\\/cvinoticias.com\\\/v3\\\/#\\\/schema\\\/person\\\/2db77e3c6bc03c538495d7b2b8be9b66\"},\"headline\":\"Anses: Las jubilaciones aumentar\u00edan un 12% en marzo\",\"datePublished\":\"2022-02-09T20:29:39+00:00\",\"mainEntityOfPage\":{\"@id\":\"https:\\\/\\\/cvinoticias.com\\\/v3\\\/anses-las-jubilaciones-aumentarian-un-12-en-marzo\\\/\"},\"wordCount\":287,\"commentCount\":0,\"publisher\":{\"@id\":\"https:\\\/\\\/cvinoticias.com\\\/v3\\\/#organization\"},\"image\":{\"@id\":\"https:\\\/\\\/cvinoticias.com\\\/v3\\\/anses-las-jubilaciones-aumentarian-un-12-en-marzo\\\/#primaryimage\"},\"thumbnailUrl\":\"https:\\\/\\\/cvinoticias.com\\\/wp-content\\\/uploads\\\/2022\\\/02\\\/unnamed-1.jpg\",\"articleSection\":[\"Informaci\u00f3n General\"],\"inLanguage\":\"es\",\"potentialAction\":[{\"@type\":\"CommentAction\",\"name\":\"Comment\",\"target\":[\"https:\\\/\\\/cvinoticias.com\\\/v3\\\/anses-las-jubilaciones-aumentarian-un-12-en-marzo\\\/#respond\"]}]},{\"@type\":\"WebPage\",\"@id\":\"https:\\\/\\\/cvinoticias.com\\\/v3\\\/anses-las-jubilaciones-aumentarian-un-12-en-marzo\\\/\",\"url\":\"https:\\\/\\\/cvinoticias.com\\\/v3\\\/anses-las-jubilaciones-aumentarian-un-12-en-marzo\\\/\",\"name\":\"Anses: Las jubilaciones aumentar\u00edan un 12% en marzo | CVI NOTICIAS\",\"isPartOf\":{\"@id\":\"https:\\\/\\\/cvinoticias.com\\\/v3\\\/#website\"},\"primaryImageOfPage\":{\"@id\":\"https:\\\/\\\/cvinoticias.com\\\/v3\\\/anses-las-jubilaciones-aumentarian-un-12-en-marzo\\\/#primaryimage\"},\"image\":{\"@id\":\"https:\\\/\\\/cvinoticias.com\\\/v3\\\/anses-las-jubilaciones-aumentarian-un-12-en-marzo\\\/#primaryimage\"},\"thumbnailUrl\":\"https:\\\/\\\/cvinoticias.com\\\/wp-content\\\/uploads\\\/2022\\\/02\\\/unnamed-1.jpg\",\"datePublished\":\"2022-02-09T20:29:39+00:00\",\"breadcrumb\":{\"@id\":\"https:\\\/\\\/cvinoticias.com\\\/v3\\\/anses-las-jubilaciones-aumentarian-un-12-en-marzo\\\/#breadcrumb\"},\"inLanguage\":\"es\",\"potentialAction\":[{\"@type\":\"ReadAction\",\"target\":[\"https:\\\/\\\/cvinoticias.com\\\/v3\\\/anses-las-jubilaciones-aumentarian-un-12-en-marzo\\\/\"]}]},{\"@type\":\"ImageObject\",\"inLanguage\":\"es\",\"@id\":\"https:\\\/\\\/cvinoticias.com\\\/v3\\\/anses-las-jubilaciones-aumentarian-un-12-en-marzo\\\/#primaryimage\",\"url\":\"https:\\\/\\\/cvinoticias.com\\\/wp-content\\\/uploads\\\/2022\\\/02\\\/unnamed-1.jpg\",\"contentUrl\":\"https:\\\/\\\/cvinoticias.com\\\/wp-content\\\/uploads\\\/2022\\\/02\\\/unnamed-1.jpg\",\"width\":512,\"height\":345},{\"@type\":\"BreadcrumbList\",\"@id\":\"https:\\\/\\\/cvinoticias.com\\\/v3\\\/anses-las-jubilaciones-aumentarian-un-12-en-marzo\\\/#breadcrumb\",\"itemListElement\":[{\"@type\":\"ListItem\",\"position\":1,\"name\":\"Portada\",\"item\":\"https:\\\/\\\/cvinoticias.com\\\/v3\\\/\"},{\"@type\":\"ListItem\",\"position\":2,\"name\":\"Anses: Las jubilaciones aumentar\u00edan un 12% en marzo\"}]},{\"@type\":\"WebSite\",\"@id\":\"https:\\\/\\\/cvinoticias.com\\\/v3\\\/#website\",\"url\":\"https:\\\/\\\/cvinoticias.com\\\/v3\\\/\",\"name\":\"CVI NOTICIAS\",\"description\":\"\",\"publisher\":{\"@id\":\"https:\\\/\\\/cvinoticias.com\\\/v3\\\/#organization\"},\"alternateName\":\"CVI\",\"potentialAction\":[{\"@type\":\"SearchAction\",\"target\":{\"@type\":\"EntryPoint\",\"urlTemplate\":\"https:\\\/\\\/cvinoticias.com\\\/v3\\\/?s={search_term_string}\"},\"query-input\":{\"@type\":\"PropertyValueSpecification\",\"valueRequired\":true,\"valueName\":\"search_term_string\"}}],\"inLanguage\":\"es\"},{\"@type\":\"Organization\",\"@id\":\"https:\\\/\\\/cvinoticias.com\\\/v3\\\/#organization\",\"name\":\"CVI NOTICIAS\",\"url\":\"https:\\\/\\\/cvinoticias.com\\\/v3\\\/\",\"logo\":{\"@type\":\"ImageObject\",\"inLanguage\":\"es\",\"@id\":\"https:\\\/\\\/cvinoticias.com\\\/v3\\\/#\\\/schema\\\/logo\\\/image\\\/\",\"url\":\"https:\\\/\\\/cvinoticias.com\\\/wp-content\\\/uploads\\\/2023\\\/04\\\/cropped-cropped-cropped-cropped-cropped-3-1.png\",\"contentUrl\":\"https:\\\/\\\/cvinoticias.com\\\/wp-content\\\/uploads\\\/2023\\\/04\\\/cropped-cropped-cropped-cropped-cropped-3-1.png\",\"width\":95,\"height\":122,\"caption\":\"CVI NOTICIAS\"},\"image\":{\"@id\":\"https:\\\/\\\/cvinoticias.com\\\/v3\\\/#\\\/schema\\\/logo\\\/image\\\/\"},\"sameAs\":[\"https:\\\/\\\/www.facebook.com\\\/cvinoticias\",\"https:\\\/\\\/www.instagram.com\\\/cvinoticias\\\/\",\"https:\\\/\\\/www.youtube.com\\\/@CVINOTICIAS\"]},{\"@type\":\"Person\",\"@id\":\"https:\\\/\\\/cvinoticias.com\\\/v3\\\/#\\\/schema\\\/person\\\/2db77e3c6bc03c538495d7b2b8be9b66\",\"name\":\"f1000024\",\"image\":{\"@type\":\"ImageObject\",\"inLanguage\":\"es\",\"@id\":\"https:\\\/\\\/secure.gravatar.com\\\/avatar\\\/d4fe7459cfc51ff5129ce1a732bbef5928568b8092d412ef95611616376bbeed?s=96&d=mm&r=g\",\"url\":\"https:\\\/\\\/secure.gravatar.com\\\/avatar\\\/d4fe7459cfc51ff5129ce1a732bbef5928568b8092d412ef95611616376bbeed?s=96&d=mm&r=g\",\"contentUrl\":\"https:\\\/\\\/secure.gravatar.com\\\/avatar\\\/d4fe7459cfc51ff5129ce1a732bbef5928568b8092d412ef95611616376bbeed?s=96&d=mm&r=g\",\"caption\":\"f1000024\"},\"url\":\"https:\\\/\\\/cvinoticias.com\\\/v3\\\/author\\\/f1000024\\\/\"}]}<\/script>\n<!-- \/ Yoast SEO plugin. -->","yoast_head_json":{"title":"Anses: Las jubilaciones aumentar\u00edan un 12% en marzo | CVI NOTICIAS","robots":{"index":"index","follow":"follow","max-snippet":"max-snippet:-1","max-image-preview":"max-image-preview:large","max-video-preview":"max-video-preview:-1"},"canonical":"https:\/\/cvinoticias.com\/v3\/anses-las-jubilaciones-aumentarian-un-12-en-marzo\/","og_locale":"es_ES","og_type":"article","og_title":"Anses: Las jubilaciones aumentar\u00edan un 12% en marzo | CVI NOTICIAS","og_description":"Se trata del primer incremento del a\u00f1o, que se calcula mediante la f\u00f3rmula de la ley de movilidad, tambi\u00e9n alcanza a pensiones y asignaciones. En marzo corresponde un nuevo incremento de haberes para jubilados nacionales de la Anses, y si\u00a0bien resta conocer cifras oficiales que integran la f\u00f3rmula de movilidad, se estima que el aumento [&hellip;]","og_url":"https:\/\/cvinoticias.com\/v3\/anses-las-jubilaciones-aumentarian-un-12-en-marzo\/","og_site_name":"CVI NOTICIAS","article_publisher":"https:\/\/www.facebook.com\/cvinoticias","article_published_time":"2022-02-09T20:29:39+00:00","og_image":[{"width":512,"height":345,"url":"https:\/\/cvinoticias.com\/wp-content\/uploads\/2022\/02\/unnamed-1.jpg","type":"image\/jpeg"}],"author":"f1000024","twitter_card":"summary_large_image","twitter_misc":{"Escrito por":"f1000024","Tiempo de lectura":"1 minuto"},"schema":{"@context":"https:\/\/schema.org","@graph":[{"@type":"Article","@id":"https:\/\/cvinoticias.com\/v3\/anses-las-jubilaciones-aumentarian-un-12-en-marzo\/#article","isPartOf":{"@id":"https:\/\/cvinoticias.com\/v3\/anses-las-jubilaciones-aumentarian-un-12-en-marzo\/"},"author":{"name":"f1000024","@id":"https:\/\/cvinoticias.com\/v3\/#\/schema\/person\/2db77e3c6bc03c538495d7b2b8be9b66"},"headline":"Anses: Las jubilaciones aumentar\u00edan un 12% en marzo","datePublished":"2022-02-09T20:29:39+00:00","mainEntityOfPage":{"@id":"https:\/\/cvinoticias.com\/v3\/anses-las-jubilaciones-aumentarian-un-12-en-marzo\/"},"wordCount":287,"commentCount":0,"publisher":{"@id":"https:\/\/cvinoticias.com\/v3\/#organization"},"image":{"@id":"https:\/\/cvinoticias.com\/v3\/anses-las-jubilaciones-aumentarian-un-12-en-marzo\/#primaryimage"},"thumbnailUrl":"https:\/\/cvinoticias.com\/wp-content\/uploads\/2022\/02\/unnamed-1.jpg","articleSection":["Informaci\u00f3n General"],"inLanguage":"es","potentialAction":[{"@type":"CommentAction","name":"Comment","target":["https:\/\/cvinoticias.com\/v3\/anses-las-jubilaciones-aumentarian-un-12-en-marzo\/#respond"]}]},{"@type":"WebPage","@id":"https:\/\/cvinoticias.com\/v3\/anses-las-jubilaciones-aumentarian-un-12-en-marzo\/","url":"https:\/\/cvinoticias.com\/v3\/anses-las-jubilaciones-aumentarian-un-12-en-marzo\/","name":"Anses: Las jubilaciones aumentar\u00edan un 12% en marzo | CVI NOTICIAS","isPartOf":{"@id":"https:\/\/cvinoticias.com\/v3\/#website"},"primaryImageOfPage":{"@id":"https:\/\/cvinoticias.com\/v3\/anses-las-jubilaciones-aumentarian-un-12-en-marzo\/#primaryimage"},"image":{"@id":"https:\/\/cvinoticias.com\/v3\/anses-las-jubilaciones-aumentarian-un-12-en-marzo\/#primaryimage"},"thumbnailUrl":"https:\/\/cvinoticias.com\/wp-content\/uploads\/2022\/02\/unnamed-1.jpg","datePublished":"2022-02-09T20:29:39+00:00","breadcrumb":{"@id":"https:\/\/cvinoticias.com\/v3\/anses-las-jubilaciones-aumentarian-un-12-en-marzo\/#breadcrumb"},"inLanguage":"es","potentialAction":[{"@type":"ReadAction","target":["https:\/\/cvinoticias.com\/v3\/anses-las-jubilaciones-aumentarian-un-12-en-marzo\/"]}]},{"@type":"ImageObject","inLanguage":"es","@id":"https:\/\/cvinoticias.com\/v3\/anses-las-jubilaciones-aumentarian-un-12-en-marzo\/#primaryimage","url":"https:\/\/cvinoticias.com\/wp-content\/uploads\/2022\/02\/unnamed-1.jpg","contentUrl":"https:\/\/cvinoticias.com\/wp-content\/uploads\/2022\/02\/unnamed-1.jpg","width":512,"height":345},{"@type":"BreadcrumbList","@id":"https:\/\/cvinoticias.com\/v3\/anses-las-jubilaciones-aumentarian-un-12-en-marzo\/#breadcrumb","itemListElement":[{"@type":"ListItem","position":1,"name":"Portada","item":"https:\/\/cvinoticias.com\/v3\/"},{"@type":"ListItem","position":2,"name":"Anses: Las jubilaciones aumentar\u00edan un 12% en marzo"}]},{"@type":"WebSite","@id":"https:\/\/cvinoticias.com\/v3\/#website","url":"https:\/\/cvinoticias.com\/v3\/","name":"CVI NOTICIAS","description":"","publisher":{"@id":"https:\/\/cvinoticias.com\/v3\/#organization"},"alternateName":"CVI","potentialAction":[{"@type":"SearchAction","target":{"@type":"EntryPoint","urlTemplate":"https:\/\/cvinoticias.com\/v3\/?s={search_term_string}"},"query-input":{"@type":"PropertyValueSpecification","valueRequired":true,"valueName":"search_term_string"}}],"inLanguage":"es"},{"@type":"Organization","@id":"https:\/\/cvinoticias.com\/v3\/#organization","name":"CVI NOTICIAS","url":"https:\/\/cvinoticias.com\/v3\/","logo":{"@type":"ImageObject","inLanguage":"es","@id":"https:\/\/cvinoticias.com\/v3\/#\/schema\/logo\/image\/","url":"https:\/\/cvinoticias.com\/wp-content\/uploads\/2023\/04\/cropped-cropped-cropped-cropped-cropped-3-1.png","contentUrl":"https:\/\/cvinoticias.com\/wp-content\/uploads\/2023\/04\/cropped-cropped-cropped-cropped-cropped-3-1.png","width":95,"height":122,"caption":"CVI NOTICIAS"},"image":{"@id":"https:\/\/cvinoticias.com\/v3\/#\/schema\/logo\/image\/"},"sameAs":["https:\/\/www.facebook.com\/cvinoticias","https:\/\/www.instagram.com\/cvinoticias\/","https:\/\/www.youtube.com\/@CVINOTICIAS"]},{"@type":"Person","@id":"https:\/\/cvinoticias.com\/v3\/#\/schema\/person\/2db77e3c6bc03c538495d7b2b8be9b66","name":"f1000024","image":{"@type":"ImageObject","inLanguage":"es","@id":"https:\/\/secure.gravatar.com\/avatar\/d4fe7459cfc51ff5129ce1a732bbef5928568b8092d412ef95611616376bbeed?s=96&d=mm&r=g","url":"https:\/\/secure.gravatar.com\/avatar\/d4fe7459cfc51ff5129ce1a732bbef5928568b8092d412ef95611616376bbeed?s=96&d=mm&r=g","contentUrl":"https:\/\/secure.gravatar.com\/avatar\/d4fe7459cfc51ff5129ce1a732bbef5928568b8092d412ef95611616376bbeed?s=96&d=mm&r=g","caption":"f1000024"},"url":"https:\/\/cvinoticias.com\/v3\/author\/f1000024\/"}]}},"_links":{"self":[{"href":"https:\/\/cvinoticias.com\/v3\/wp-json\/wp\/v2\/posts\/13076","targetHints":{"allow":["GET"]}}],"collection":[{"href":"https:\/\/cvinoticias.com\/v3\/wp-json\/wp\/v2\/posts"}],"about":[{"href":"https:\/\/cvinoticias.com\/v3\/wp-json\/wp\/v2\/types\/post"}],"author":[{"embeddable":true,"href":"https:\/\/cvinoticias.com\/v3\/wp-json\/wp\/v2\/users\/2"}],"replies":[{"embeddable":true,"href":"https:\/\/cvinoticias.com\/v3\/wp-json\/wp\/v2\/comments?post=13076"}],"version-history":[{"count":1,"href":"https:\/\/cvinoticias.com\/v3\/wp-json\/wp\/v2\/posts\/13076\/revisions"}],"predecessor-version":[{"id":13078,"href":"https:\/\/cvinoticias.com\/v3\/wp-json\/wp\/v2\/posts\/13076\/revisions\/13078"}],"wp:featuredmedia":[{"embeddable":true,"href":"https:\/\/cvinoticias.com\/v3\/wp-json\/wp\/v2\/media\/13077"}],"wp:attachment":[{"href":"https:\/\/cvinoticias.com\/v3\/wp-json\/wp\/v2\/media?parent=13076"}],"wp:term":[{"taxonomy":"category","embeddable":true,"href":"https:\/\/cvinoticias.com\/v3\/wp-json\/wp\/v2\/categories?post=13076"},{"taxonomy":"post_tag","embeddable":true,"href":"https:\/\/cvinoticias.com\/v3\/wp-json\/wp\/v2\/tags?post=13076"}],"curies":[{"name":"wp","href":"https:\/\/api.w.org\/{rel}","templated":true}]}}