{"id":13063,"date":"2022-02-09T16:07:53","date_gmt":"2022-02-09T16:07:53","guid":{"rendered":"https:\/\/cvinoticias.com\/v3\/?p=13063"},"modified":"2022-02-09T16:07:53","modified_gmt":"2022-02-09T16:07:53","slug":"el-alcazar-retuvieron-preventivamente-a-un-automovilista-que-transportaba-combustible-de-manera-irregular","status":"publish","type":"post","link":"https:\/\/cvinoticias.com\/v3\/el-alcazar-retuvieron-preventivamente-a-un-automovilista-que-transportaba-combustible-de-manera-irregular\/","title":{"rendered":"El Alc\u00e1zar: Retuvieron preventivamente a un automovilista que transportaba combustible de manera irregular"},"content":{"rendered":"\n<p><strong><em>Un hombre de 49 a\u00f1os que conduc\u00eda un Peugeot 207 sobre la Ruta Provincial N.\u00ba 211 a la altura Km 3 de esta localidad, fue interceptado est\u00e1 ma\u00f1ana por los integrantes de la comisar\u00eda del Alc\u00e1zar cuando transportaba de manera irregular (20) bidones de Gasoil de unos 20 Litros cada uno, los cuales quedaron retenidos junto al veh\u00edculo.<\/em><\/strong><\/p>\n\n\n\n<p>El procedimiento se llev\u00f3 a cabo cerca de las 09:30 horas cuando los efectivos realizaban un control vehicular, en ese momento advirtieron al automovilista y le ordenaron que se estacionara a un costado. Al requerirle las documentaciones constataron el faltante de la licencia de conducir. Asimismo, visualizaron en los asientos de atr\u00e1s que llevaba varios bidones.<\/p>\n\n\n\n<p>Ante esto y al ser consultado por el l\u00edquido que trasladaba, est\u00e9 manifest\u00f3 que se trataba de combustible. Por esta raz\u00f3n, tras consultas con el magistrado interviniente, los polic\u00edas retuvieron el auto junto con la carga, la cual no reun\u00eda las medidas de seguridad para su transporte.<\/p>\n\n\n\n<p>El rodado fue llevado a la comisar\u00eda local jurisdiccional al igual que el cargamento, la cual permanecer\u00e1 preventivamente, hasta que el propietario cuente con el transporte adecuado para llevar dicha sustancia.<\/p>\n\n\n\n<figure class=\"wp-block-image size-large\"><a href=\"https:\/\/cvinoticias.com\/wp-content\/uploads\/2022\/02\/IMG-20220209-WA0059.jpg\"><img decoding=\"async\" width=\"1024\" height=\"768\" data-src=\"https:\/\/cvinoticias.com\/wp-content\/uploads\/2022\/02\/IMG-20220209-WA0059-1024x768.jpg\" alt=\"\" class=\"wp-image-13065 lazyload\" data-srcset=\"https:\/\/cvinoticias.com\/wp-content\/uploads\/2022\/02\/IMG-20220209-WA0059-1024x768.jpg 1024w, https:\/\/cvinoticias.com\/wp-content\/uploads\/2022\/02\/IMG-20220209-WA0059-300x225.jpg 300w, https:\/\/cvinoticias.com\/wp-content\/uploads\/2022\/02\/IMG-20220209-WA0059-768x576.jpg 768w, https:\/\/cvinoticias.com\/wp-content\/uploads\/2022\/02\/IMG-20220209-WA0059.jpg 1280w\" data-sizes=\"(max-width: 1024px) 100vw, 1024px\" src=\"data:image\/svg+xml;base64,PHN2ZyB3aWR0aD0iMSIgaGVpZ2h0PSIxIiB4bWxucz0iaHR0cDovL3d3dy53My5vcmcvMjAwMC9zdmciPjwvc3ZnPg==\" style=\"--smush-placeholder-width: 1024px; --smush-placeholder-aspect-ratio: 1024\/768;\" \/><\/a><\/figure>\n","protected":false},"excerpt":{"rendered":"<p>Un hombre de 49 a\u00f1os que conduc\u00eda un Peugeot 207 sobre la Ruta Provincial N.\u00ba 211 a la altura Km 3 de esta localidad, fue interceptado est\u00e1 ma\u00f1ana por los integrantes de la comisar\u00eda del Alc\u00e1zar cuando transportaba de manera irregular (20) bidones de Gasoil de unos 20 Litros cada uno, los cuales quedaron retenidos [&hellip;]<\/p>\n","protected":false},"author":2,"featured_media":13064,"comment_status":"open","ping_status":"open","sticky":false,"template":"","format":"standard","meta":{"footnotes":""},"categories":[41],"tags":[],"class_list":["post-13063","post","type-post","status-publish","format-standard","has-post-thumbnail","hentry","category-policiales"],"yoast_head":"<!-- This site is optimized with the Yoast SEO plugin v27.5 - https:\/\/yoast.com\/product\/yoast-seo-wordpress\/ -->\n<title>El Alc\u00e1zar: Retuvieron preventivamente a un automovilista que transportaba combustible de manera irregular | CVI NOTICIAS<\/title>\n<meta name=\"robots\" content=\"index, follow, max-snippet:-1, max-image-preview:large, max-video-preview:-1\" \/>\n<link rel=\"canonical\" href=\"https:\/\/cvinoticias.com\/v3\/el-alcazar-retuvieron-preventivamente-a-un-automovilista-que-transportaba-combustible-de-manera-irregular\/\" \/>\n<meta property=\"og:locale\" content=\"es_ES\" \/>\n<meta property=\"og:type\" content=\"article\" \/>\n<meta property=\"og:title\" content=\"El Alc\u00e1zar: Retuvieron preventivamente a un automovilista que transportaba combustible de manera irregular | CVI NOTICIAS\" \/>\n<meta property=\"og:description\" content=\"Un hombre de 49 a\u00f1os que conduc\u00eda un Peugeot 207 sobre la Ruta Provincial N.\u00ba 211 a la altura Km 3 de esta localidad, fue interceptado est\u00e1 ma\u00f1ana por los integrantes de la comisar\u00eda del Alc\u00e1zar cuando transportaba de manera irregular (20) bidones de Gasoil de unos 20 Litros cada uno, los cuales quedaron retenidos [&hellip;]\" \/>\n<meta property=\"og:url\" content=\"https:\/\/cvinoticias.com\/v3\/el-alcazar-retuvieron-preventivamente-a-un-automovilista-que-transportaba-combustible-de-manera-irregular\/\" \/>\n<meta property=\"og:site_name\" content=\"CVI NOTICIAS\" \/>\n<meta property=\"article:publisher\" content=\"https:\/\/www.facebook.com\/cvinoticias\" \/>\n<meta property=\"article:published_time\" content=\"2022-02-09T16:07:53+00:00\" \/>\n<meta property=\"og:image\" content=\"https:\/\/cvinoticias.com\/wp-content\/uploads\/2022\/02\/IMG-20220209-WA0060.jpg\" \/>\n\t<meta property=\"og:image:width\" content=\"1280\" \/>\n\t<meta property=\"og:image:height\" content=\"960\" \/>\n\t<meta property=\"og:image:type\" content=\"image\/jpeg\" \/>\n<meta name=\"author\" content=\"f1000024\" \/>\n<meta name=\"twitter:card\" content=\"summary_large_image\" \/>\n<meta name=\"twitter:label1\" content=\"Escrito por\" \/>\n\t<meta name=\"twitter:data1\" content=\"f1000024\" \/>\n\t<meta name=\"twitter:label2\" content=\"Tiempo de lectura\" \/>\n\t<meta name=\"twitter:data2\" content=\"1 minuto\" \/>\n<script type=\"application\/ld+json\" class=\"yoast-schema-graph\">{\"@context\":\"https:\\\/\\\/schema.org\",\"@graph\":[{\"@type\":\"Article\",\"@id\":\"https:\\\/\\\/cvinoticias.com\\\/v3\\\/el-alcazar-retuvieron-preventivamente-a-un-automovilista-que-transportaba-combustible-de-manera-irregular\\\/#article\",\"isPartOf\":{\"@id\":\"https:\\\/\\\/cvinoticias.com\\\/v3\\\/el-alcazar-retuvieron-preventivamente-a-un-automovilista-que-transportaba-combustible-de-manera-irregular\\\/\"},\"author\":{\"name\":\"f1000024\",\"@id\":\"https:\\\/\\\/cvinoticias.com\\\/v3\\\/#\\\/schema\\\/person\\\/2db77e3c6bc03c538495d7b2b8be9b66\"},\"headline\":\"El Alc\u00e1zar: Retuvieron preventivamente a un automovilista que transportaba combustible de manera irregular\",\"datePublished\":\"2022-02-09T16:07:53+00:00\",\"mainEntityOfPage\":{\"@id\":\"https:\\\/\\\/cvinoticias.com\\\/v3\\\/el-alcazar-retuvieron-preventivamente-a-un-automovilista-que-transportaba-combustible-de-manera-irregular\\\/\"},\"wordCount\":211,\"commentCount\":0,\"publisher\":{\"@id\":\"https:\\\/\\\/cvinoticias.com\\\/v3\\\/#organization\"},\"image\":{\"@id\":\"https:\\\/\\\/cvinoticias.com\\\/v3\\\/el-alcazar-retuvieron-preventivamente-a-un-automovilista-que-transportaba-combustible-de-manera-irregular\\\/#primaryimage\"},\"thumbnailUrl\":\"https:\\\/\\\/cvinoticias.com\\\/wp-content\\\/uploads\\\/2022\\\/02\\\/IMG-20220209-WA0060.jpg\",\"articleSection\":[\"Policiales\"],\"inLanguage\":\"es\",\"potentialAction\":[{\"@type\":\"CommentAction\",\"name\":\"Comment\",\"target\":[\"https:\\\/\\\/cvinoticias.com\\\/v3\\\/el-alcazar-retuvieron-preventivamente-a-un-automovilista-que-transportaba-combustible-de-manera-irregular\\\/#respond\"]}]},{\"@type\":\"WebPage\",\"@id\":\"https:\\\/\\\/cvinoticias.com\\\/v3\\\/el-alcazar-retuvieron-preventivamente-a-un-automovilista-que-transportaba-combustible-de-manera-irregular\\\/\",\"url\":\"https:\\\/\\\/cvinoticias.com\\\/v3\\\/el-alcazar-retuvieron-preventivamente-a-un-automovilista-que-transportaba-combustible-de-manera-irregular\\\/\",\"name\":\"El Alc\u00e1zar: Retuvieron preventivamente a un automovilista que transportaba combustible de manera irregular | CVI NOTICIAS\",\"isPartOf\":{\"@id\":\"https:\\\/\\\/cvinoticias.com\\\/v3\\\/#website\"},\"primaryImageOfPage\":{\"@id\":\"https:\\\/\\\/cvinoticias.com\\\/v3\\\/el-alcazar-retuvieron-preventivamente-a-un-automovilista-que-transportaba-combustible-de-manera-irregular\\\/#primaryimage\"},\"image\":{\"@id\":\"https:\\\/\\\/cvinoticias.com\\\/v3\\\/el-alcazar-retuvieron-preventivamente-a-un-automovilista-que-transportaba-combustible-de-manera-irregular\\\/#primaryimage\"},\"thumbnailUrl\":\"https:\\\/\\\/cvinoticias.com\\\/wp-content\\\/uploads\\\/2022\\\/02\\\/IMG-20220209-WA0060.jpg\",\"datePublished\":\"2022-02-09T16:07:53+00:00\",\"breadcrumb\":{\"@id\":\"https:\\\/\\\/cvinoticias.com\\\/v3\\\/el-alcazar-retuvieron-preventivamente-a-un-automovilista-que-transportaba-combustible-de-manera-irregular\\\/#breadcrumb\"},\"inLanguage\":\"es\",\"potentialAction\":[{\"@type\":\"ReadAction\",\"target\":[\"https:\\\/\\\/cvinoticias.com\\\/v3\\\/el-alcazar-retuvieron-preventivamente-a-un-automovilista-que-transportaba-combustible-de-manera-irregular\\\/\"]}]},{\"@type\":\"ImageObject\",\"inLanguage\":\"es\",\"@id\":\"https:\\\/\\\/cvinoticias.com\\\/v3\\\/el-alcazar-retuvieron-preventivamente-a-un-automovilista-que-transportaba-combustible-de-manera-irregular\\\/#primaryimage\",\"url\":\"https:\\\/\\\/cvinoticias.com\\\/wp-content\\\/uploads\\\/2022\\\/02\\\/IMG-20220209-WA0060.jpg\",\"contentUrl\":\"https:\\\/\\\/cvinoticias.com\\\/wp-content\\\/uploads\\\/2022\\\/02\\\/IMG-20220209-WA0060.jpg\",\"width\":1280,\"height\":960},{\"@type\":\"BreadcrumbList\",\"@id\":\"https:\\\/\\\/cvinoticias.com\\\/v3\\\/el-alcazar-retuvieron-preventivamente-a-un-automovilista-que-transportaba-combustible-de-manera-irregular\\\/#breadcrumb\",\"itemListElement\":[{\"@type\":\"ListItem\",\"position\":1,\"name\":\"Portada\",\"item\":\"https:\\\/\\\/cvinoticias.com\\\/v3\\\/\"},{\"@type\":\"ListItem\",\"position\":2,\"name\":\"El Alc\u00e1zar: Retuvieron preventivamente a un automovilista que transportaba combustible de manera irregular\"}]},{\"@type\":\"WebSite\",\"@id\":\"https:\\\/\\\/cvinoticias.com\\\/v3\\\/#website\",\"url\":\"https:\\\/\\\/cvinoticias.com\\\/v3\\\/\",\"name\":\"CVI NOTICIAS\",\"description\":\"\",\"publisher\":{\"@id\":\"https:\\\/\\\/cvinoticias.com\\\/v3\\\/#organization\"},\"alternateName\":\"CVI\",\"potentialAction\":[{\"@type\":\"SearchAction\",\"target\":{\"@type\":\"EntryPoint\",\"urlTemplate\":\"https:\\\/\\\/cvinoticias.com\\\/v3\\\/?s={search_term_string}\"},\"query-input\":{\"@type\":\"PropertyValueSpecification\",\"valueRequired\":true,\"valueName\":\"search_term_string\"}}],\"inLanguage\":\"es\"},{\"@type\":\"Organization\",\"@id\":\"https:\\\/\\\/cvinoticias.com\\\/v3\\\/#organization\",\"name\":\"CVI NOTICIAS\",\"url\":\"https:\\\/\\\/cvinoticias.com\\\/v3\\\/\",\"logo\":{\"@type\":\"ImageObject\",\"inLanguage\":\"es\",\"@id\":\"https:\\\/\\\/cvinoticias.com\\\/v3\\\/#\\\/schema\\\/logo\\\/image\\\/\",\"url\":\"https:\\\/\\\/cvinoticias.com\\\/wp-content\\\/uploads\\\/2023\\\/04\\\/cropped-cropped-cropped-cropped-cropped-3-1.png\",\"contentUrl\":\"https:\\\/\\\/cvinoticias.com\\\/wp-content\\\/uploads\\\/2023\\\/04\\\/cropped-cropped-cropped-cropped-cropped-3-1.png\",\"width\":95,\"height\":122,\"caption\":\"CVI NOTICIAS\"},\"image\":{\"@id\":\"https:\\\/\\\/cvinoticias.com\\\/v3\\\/#\\\/schema\\\/logo\\\/image\\\/\"},\"sameAs\":[\"https:\\\/\\\/www.facebook.com\\\/cvinoticias\",\"https:\\\/\\\/www.instagram.com\\\/cvinoticias\\\/\",\"https:\\\/\\\/www.youtube.com\\\/@CVINOTICIAS\"]},{\"@type\":\"Person\",\"@id\":\"https:\\\/\\\/cvinoticias.com\\\/v3\\\/#\\\/schema\\\/person\\\/2db77e3c6bc03c538495d7b2b8be9b66\",\"name\":\"f1000024\",\"image\":{\"@type\":\"ImageObject\",\"inLanguage\":\"es\",\"@id\":\"https:\\\/\\\/secure.gravatar.com\\\/avatar\\\/d4fe7459cfc51ff5129ce1a732bbef5928568b8092d412ef95611616376bbeed?s=96&d=mm&r=g\",\"url\":\"https:\\\/\\\/secure.gravatar.com\\\/avatar\\\/d4fe7459cfc51ff5129ce1a732bbef5928568b8092d412ef95611616376bbeed?s=96&d=mm&r=g\",\"contentUrl\":\"https:\\\/\\\/secure.gravatar.com\\\/avatar\\\/d4fe7459cfc51ff5129ce1a732bbef5928568b8092d412ef95611616376bbeed?s=96&d=mm&r=g\",\"caption\":\"f1000024\"},\"url\":\"https:\\\/\\\/cvinoticias.com\\\/v3\\\/author\\\/f1000024\\\/\"}]}<\/script>\n<!-- \/ Yoast SEO plugin. -->","yoast_head_json":{"title":"El Alc\u00e1zar: Retuvieron preventivamente a un automovilista que transportaba combustible de manera irregular | CVI NOTICIAS","robots":{"index":"index","follow":"follow","max-snippet":"max-snippet:-1","max-image-preview":"max-image-preview:large","max-video-preview":"max-video-preview:-1"},"canonical":"https:\/\/cvinoticias.com\/v3\/el-alcazar-retuvieron-preventivamente-a-un-automovilista-que-transportaba-combustible-de-manera-irregular\/","og_locale":"es_ES","og_type":"article","og_title":"El Alc\u00e1zar: Retuvieron preventivamente a un automovilista que transportaba combustible de manera irregular | CVI NOTICIAS","og_description":"Un hombre de 49 a\u00f1os que conduc\u00eda un Peugeot 207 sobre la Ruta Provincial N.\u00ba 211 a la altura Km 3 de esta localidad, fue interceptado est\u00e1 ma\u00f1ana por los integrantes de la comisar\u00eda del Alc\u00e1zar cuando transportaba de manera irregular (20) bidones de Gasoil de unos 20 Litros cada uno, los cuales quedaron retenidos [&hellip;]","og_url":"https:\/\/cvinoticias.com\/v3\/el-alcazar-retuvieron-preventivamente-a-un-automovilista-que-transportaba-combustible-de-manera-irregular\/","og_site_name":"CVI NOTICIAS","article_publisher":"https:\/\/www.facebook.com\/cvinoticias","article_published_time":"2022-02-09T16:07:53+00:00","og_image":[{"width":1280,"height":960,"url":"https:\/\/cvinoticias.com\/wp-content\/uploads\/2022\/02\/IMG-20220209-WA0060.jpg","type":"image\/jpeg"}],"author":"f1000024","twitter_card":"summary_large_image","twitter_misc":{"Escrito por":"f1000024","Tiempo de lectura":"1 minuto"},"schema":{"@context":"https:\/\/schema.org","@graph":[{"@type":"Article","@id":"https:\/\/cvinoticias.com\/v3\/el-alcazar-retuvieron-preventivamente-a-un-automovilista-que-transportaba-combustible-de-manera-irregular\/#article","isPartOf":{"@id":"https:\/\/cvinoticias.com\/v3\/el-alcazar-retuvieron-preventivamente-a-un-automovilista-que-transportaba-combustible-de-manera-irregular\/"},"author":{"name":"f1000024","@id":"https:\/\/cvinoticias.com\/v3\/#\/schema\/person\/2db77e3c6bc03c538495d7b2b8be9b66"},"headline":"El Alc\u00e1zar: Retuvieron preventivamente a un automovilista que transportaba combustible de manera irregular","datePublished":"2022-02-09T16:07:53+00:00","mainEntityOfPage":{"@id":"https:\/\/cvinoticias.com\/v3\/el-alcazar-retuvieron-preventivamente-a-un-automovilista-que-transportaba-combustible-de-manera-irregular\/"},"wordCount":211,"commentCount":0,"publisher":{"@id":"https:\/\/cvinoticias.com\/v3\/#organization"},"image":{"@id":"https:\/\/cvinoticias.com\/v3\/el-alcazar-retuvieron-preventivamente-a-un-automovilista-que-transportaba-combustible-de-manera-irregular\/#primaryimage"},"thumbnailUrl":"https:\/\/cvinoticias.com\/wp-content\/uploads\/2022\/02\/IMG-20220209-WA0060.jpg","articleSection":["Policiales"],"inLanguage":"es","potentialAction":[{"@type":"CommentAction","name":"Comment","target":["https:\/\/cvinoticias.com\/v3\/el-alcazar-retuvieron-preventivamente-a-un-automovilista-que-transportaba-combustible-de-manera-irregular\/#respond"]}]},{"@type":"WebPage","@id":"https:\/\/cvinoticias.com\/v3\/el-alcazar-retuvieron-preventivamente-a-un-automovilista-que-transportaba-combustible-de-manera-irregular\/","url":"https:\/\/cvinoticias.com\/v3\/el-alcazar-retuvieron-preventivamente-a-un-automovilista-que-transportaba-combustible-de-manera-irregular\/","name":"El Alc\u00e1zar: Retuvieron preventivamente a un automovilista que transportaba combustible de manera irregular | CVI NOTICIAS","isPartOf":{"@id":"https:\/\/cvinoticias.com\/v3\/#website"},"primaryImageOfPage":{"@id":"https:\/\/cvinoticias.com\/v3\/el-alcazar-retuvieron-preventivamente-a-un-automovilista-que-transportaba-combustible-de-manera-irregular\/#primaryimage"},"image":{"@id":"https:\/\/cvinoticias.com\/v3\/el-alcazar-retuvieron-preventivamente-a-un-automovilista-que-transportaba-combustible-de-manera-irregular\/#primaryimage"},"thumbnailUrl":"https:\/\/cvinoticias.com\/wp-content\/uploads\/2022\/02\/IMG-20220209-WA0060.jpg","datePublished":"2022-02-09T16:07:53+00:00","breadcrumb":{"@id":"https:\/\/cvinoticias.com\/v3\/el-alcazar-retuvieron-preventivamente-a-un-automovilista-que-transportaba-combustible-de-manera-irregular\/#breadcrumb"},"inLanguage":"es","potentialAction":[{"@type":"ReadAction","target":["https:\/\/cvinoticias.com\/v3\/el-alcazar-retuvieron-preventivamente-a-un-automovilista-que-transportaba-combustible-de-manera-irregular\/"]}]},{"@type":"ImageObject","inLanguage":"es","@id":"https:\/\/cvinoticias.com\/v3\/el-alcazar-retuvieron-preventivamente-a-un-automovilista-que-transportaba-combustible-de-manera-irregular\/#primaryimage","url":"https:\/\/cvinoticias.com\/wp-content\/uploads\/2022\/02\/IMG-20220209-WA0060.jpg","contentUrl":"https:\/\/cvinoticias.com\/wp-content\/uploads\/2022\/02\/IMG-20220209-WA0060.jpg","width":1280,"height":960},{"@type":"BreadcrumbList","@id":"https:\/\/cvinoticias.com\/v3\/el-alcazar-retuvieron-preventivamente-a-un-automovilista-que-transportaba-combustible-de-manera-irregular\/#breadcrumb","itemListElement":[{"@type":"ListItem","position":1,"name":"Portada","item":"https:\/\/cvinoticias.com\/v3\/"},{"@type":"ListItem","position":2,"name":"El Alc\u00e1zar: Retuvieron preventivamente a un automovilista que transportaba combustible de manera irregular"}]},{"@type":"WebSite","@id":"https:\/\/cvinoticias.com\/v3\/#website","url":"https:\/\/cvinoticias.com\/v3\/","name":"CVI NOTICIAS","description":"","publisher":{"@id":"https:\/\/cvinoticias.com\/v3\/#organization"},"alternateName":"CVI","potentialAction":[{"@type":"SearchAction","target":{"@type":"EntryPoint","urlTemplate":"https:\/\/cvinoticias.com\/v3\/?s={search_term_string}"},"query-input":{"@type":"PropertyValueSpecification","valueRequired":true,"valueName":"search_term_string"}}],"inLanguage":"es"},{"@type":"Organization","@id":"https:\/\/cvinoticias.com\/v3\/#organization","name":"CVI NOTICIAS","url":"https:\/\/cvinoticias.com\/v3\/","logo":{"@type":"ImageObject","inLanguage":"es","@id":"https:\/\/cvinoticias.com\/v3\/#\/schema\/logo\/image\/","url":"https:\/\/cvinoticias.com\/wp-content\/uploads\/2023\/04\/cropped-cropped-cropped-cropped-cropped-3-1.png","contentUrl":"https:\/\/cvinoticias.com\/wp-content\/uploads\/2023\/04\/cropped-cropped-cropped-cropped-cropped-3-1.png","width":95,"height":122,"caption":"CVI NOTICIAS"},"image":{"@id":"https:\/\/cvinoticias.com\/v3\/#\/schema\/logo\/image\/"},"sameAs":["https:\/\/www.facebook.com\/cvinoticias","https:\/\/www.instagram.com\/cvinoticias\/","https:\/\/www.youtube.com\/@CVINOTICIAS"]},{"@type":"Person","@id":"https:\/\/cvinoticias.com\/v3\/#\/schema\/person\/2db77e3c6bc03c538495d7b2b8be9b66","name":"f1000024","image":{"@type":"ImageObject","inLanguage":"es","@id":"https:\/\/secure.gravatar.com\/avatar\/d4fe7459cfc51ff5129ce1a732bbef5928568b8092d412ef95611616376bbeed?s=96&d=mm&r=g","url":"https:\/\/secure.gravatar.com\/avatar\/d4fe7459cfc51ff5129ce1a732bbef5928568b8092d412ef95611616376bbeed?s=96&d=mm&r=g","contentUrl":"https:\/\/secure.gravatar.com\/avatar\/d4fe7459cfc51ff5129ce1a732bbef5928568b8092d412ef95611616376bbeed?s=96&d=mm&r=g","caption":"f1000024"},"url":"https:\/\/cvinoticias.com\/v3\/author\/f1000024\/"}]}},"_links":{"self":[{"href":"https:\/\/cvinoticias.com\/v3\/wp-json\/wp\/v2\/posts\/13063","targetHints":{"allow":["GET"]}}],"collection":[{"href":"https:\/\/cvinoticias.com\/v3\/wp-json\/wp\/v2\/posts"}],"about":[{"href":"https:\/\/cvinoticias.com\/v3\/wp-json\/wp\/v2\/types\/post"}],"author":[{"embeddable":true,"href":"https:\/\/cvinoticias.com\/v3\/wp-json\/wp\/v2\/users\/2"}],"replies":[{"embeddable":true,"href":"https:\/\/cvinoticias.com\/v3\/wp-json\/wp\/v2\/comments?post=13063"}],"version-history":[{"count":1,"href":"https:\/\/cvinoticias.com\/v3\/wp-json\/wp\/v2\/posts\/13063\/revisions"}],"predecessor-version":[{"id":13066,"href":"https:\/\/cvinoticias.com\/v3\/wp-json\/wp\/v2\/posts\/13063\/revisions\/13066"}],"wp:featuredmedia":[{"embeddable":true,"href":"https:\/\/cvinoticias.com\/v3\/wp-json\/wp\/v2\/media\/13064"}],"wp:attachment":[{"href":"https:\/\/cvinoticias.com\/v3\/wp-json\/wp\/v2\/media?parent=13063"}],"wp:term":[{"taxonomy":"category","embeddable":true,"href":"https:\/\/cvinoticias.com\/v3\/wp-json\/wp\/v2\/categories?post=13063"},{"taxonomy":"post_tag","embeddable":true,"href":"https:\/\/cvinoticias.com\/v3\/wp-json\/wp\/v2\/tags?post=13063"}],"curies":[{"name":"wp","href":"https:\/\/api.w.org\/{rel}","templated":true}]}}