{"id":13016,"date":"2022-02-08T16:45:59","date_gmt":"2022-02-08T16:45:59","guid":{"rendered":"https:\/\/cvinoticias.com\/v3\/?p=13016"},"modified":"2022-02-08T16:45:59","modified_gmt":"2022-02-08T16:45:59","slug":"oscar-herrera-ahuad-por-encima-de-la-grieta-y-con-la-impronta-de-24-7-es-el-gobernador-con-mejor-imagen-del-pais","status":"publish","type":"post","link":"https:\/\/cvinoticias.com\/v3\/oscar-herrera-ahuad-por-encima-de-la-grieta-y-con-la-impronta-de-24-7-es-el-gobernador-con-mejor-imagen-del-pais\/","title":{"rendered":"Oscar Herrera Ahuad, por encima de la grieta y con la impronta de 24\/7, es el Gobernador con mejor imagen del pa\u00eds"},"content":{"rendered":"\n<p><strong><em>La reciente medici\u00f3n publicada por la Consultora CB, ubica al tope del ranking al Gobernador de Misiones que se destaca por su trabajo incansable.<\/em><\/strong><\/p>\n\n\n\n<p>El ranking de imagen de los 23 mandatarios provinciales -y el Jefe de Gobierno de CABA- que publica desde mayo de 2020 CB Consultora Opini\u00f3n P\u00fablica tuvo su \u00faltima actualizaci\u00f3n para el mes de febrero.<\/p>\n\n\n\n<p>La encuesta se hizo en base a un relevamiento de 600 a 1.020 casos por distrito entre el 2 y 3 de febrero, con +\/- 3,8% de margen de error.<\/p>\n\n\n\n<p>Es conocido que Oscar Herrera Ahuad se mantiene desde hace meses en el top 3 de gobernadores con mejor imagen en el pa\u00eds, pero para este mes de febrero logr\u00f3 subir al primer puesto del podio, al pasar de una imagen positiva de 69,8% en enero al 71,9% en el presente mes.<\/p>\n\n\n\n<p>Detr\u00e1s se ubicaron el juje\u00f1o Gerardo Morales -71,5%-, el sanjuanino Sergio U\u00f1ac -70,7%-, el cordob\u00e9s Juan Schiaretti -70,2%-, Gustavo Valdes de Corrientes -69,1%-, el Jefe de Gobierno de CABA Horacio Rodr\u00edguez Larreta -68,8%-, el mendocino Rodolfo Su\u00e1rez -68,3%-, el gobernador de La Pampa Sergio Ziliotto -66,2%-, y el sanluise\u00f1o Alberto Rodr\u00edguez Sa\u00e1 -65,7%-.<\/p>\n\n\n\n<p>En el medio de la tabla aparecen el gobernador suplente de Tucum\u00e1n Osvaldo Jaldo -64,5%-, el chaque\u00f1o Capitanich -61,3%-, Gustavo Bordet de Entre R\u00edos -61,2%-, el santiague\u00f1o Gerardo Zamora -58,8%-, Ra\u00fal Jalil de Catamarca -56,7%-, y el neuquino Omar Guti\u00e9rrez -56,2%-.<\/p>\n\n\n\n<p>Finalmente, el ranking lo cierran Gildo Insfr\u00e1n -54,5%-, el fueguino Gustavo Melella -51,2%-, Mariano Arcioni de Chubut -49,3%-, la rionegrina Arabela Carreras -49,1%-, el gobernador de Salta Gustavo S\u00e1enz -48,4%-, Ricardo Quintela de la Rioja -45,5%, Alicia Kirchner de Santa Cruz -44,6%-, el santafesino Omar Perotti -43,4%- y Axel Kicillof -43,1%-.<\/p>\n\n\n\n<p>Que Oscar Herrera sea el mandatario argentino con mayor imagen positiva refleja su accionar cotidiano, su gesti\u00f3n de cercan\u00eda y la valoraci\u00f3n que los misioneros hacen de la misma.<\/p>\n\n\n\n<p>El caso de los incendios forestales es ejemplificador: el gobernador no monitore\u00f3 las acciones c\u00f3modamente desde su oficina, sino que estuvo en repetidas ocasiones apoyando in situ, colaborando con la distribuci\u00f3n de insumos y con lo que necesitasen los voluntarios que se abocaron a la heroica tarea de combatir el fuego.<\/p>\n","protected":false},"excerpt":{"rendered":"<p>La reciente medici\u00f3n publicada por la Consultora CB, ubica al tope del ranking al Gobernador de Misiones que se destaca por su trabajo incansable. El ranking de imagen de los 23 mandatarios provinciales -y el Jefe de Gobierno de CABA- que publica desde mayo de 2020 CB Consultora Opini\u00f3n P\u00fablica tuvo su \u00faltima actualizaci\u00f3n para [&hellip;]<\/p>\n","protected":false},"author":2,"featured_media":13017,"comment_status":"open","ping_status":"open","sticky":false,"template":"","format":"standard","meta":{"footnotes":""},"categories":[35],"tags":[],"class_list":["post-13016","post","type-post","status-publish","format-standard","has-post-thumbnail","hentry","category-informacion-general"],"yoast_head":"<!-- This site is optimized with the Yoast SEO plugin v27.4 - https:\/\/yoast.com\/product\/yoast-seo-wordpress\/ -->\n<title>Oscar Herrera Ahuad, por encima de la grieta y con la impronta de 24\/7, es el Gobernador con mejor imagen del pa\u00eds | CVI NOTICIAS<\/title>\n<meta name=\"robots\" content=\"index, follow, max-snippet:-1, max-image-preview:large, max-video-preview:-1\" \/>\n<link rel=\"canonical\" href=\"https:\/\/cvinoticias.com\/v3\/oscar-herrera-ahuad-por-encima-de-la-grieta-y-con-la-impronta-de-24-7-es-el-gobernador-con-mejor-imagen-del-pais\/\" \/>\n<meta property=\"og:locale\" content=\"es_ES\" \/>\n<meta property=\"og:type\" content=\"article\" \/>\n<meta property=\"og:title\" content=\"Oscar Herrera Ahuad, por encima de la grieta y con la impronta de 24\/7, es el Gobernador con mejor imagen del pa\u00eds | CVI NOTICIAS\" \/>\n<meta property=\"og:description\" content=\"La reciente medici\u00f3n publicada por la Consultora CB, ubica al tope del ranking al Gobernador de Misiones que se destaca por su trabajo incansable. El ranking de imagen de los 23 mandatarios provinciales -y el Jefe de Gobierno de CABA- que publica desde mayo de 2020 CB Consultora Opini\u00f3n P\u00fablica tuvo su \u00faltima actualizaci\u00f3n para [&hellip;]\" \/>\n<meta property=\"og:url\" content=\"https:\/\/cvinoticias.com\/v3\/oscar-herrera-ahuad-por-encima-de-la-grieta-y-con-la-impronta-de-24-7-es-el-gobernador-con-mejor-imagen-del-pais\/\" \/>\n<meta property=\"og:site_name\" content=\"CVI NOTICIAS\" \/>\n<meta property=\"article:publisher\" content=\"https:\/\/www.facebook.com\/cvinoticias\" \/>\n<meta property=\"article:published_time\" content=\"2022-02-08T16:45:59+00:00\" \/>\n<meta property=\"og:image\" content=\"https:\/\/cvinoticias.com\/wp-content\/uploads\/2022\/02\/IMG-20220208-WA0044.jpg\" \/>\n\t<meta property=\"og:image:width\" content=\"1280\" \/>\n\t<meta property=\"og:image:height\" content=\"853\" \/>\n\t<meta property=\"og:image:type\" content=\"image\/jpeg\" \/>\n<meta name=\"author\" content=\"f1000024\" \/>\n<meta name=\"twitter:card\" content=\"summary_large_image\" \/>\n<meta name=\"twitter:label1\" content=\"Escrito por\" \/>\n\t<meta name=\"twitter:data1\" content=\"f1000024\" \/>\n\t<meta name=\"twitter:label2\" content=\"Tiempo de lectura\" \/>\n\t<meta name=\"twitter:data2\" content=\"2 minutos\" \/>\n<script type=\"application\/ld+json\" class=\"yoast-schema-graph\">{\"@context\":\"https:\\\/\\\/schema.org\",\"@graph\":[{\"@type\":\"Article\",\"@id\":\"https:\\\/\\\/cvinoticias.com\\\/v3\\\/oscar-herrera-ahuad-por-encima-de-la-grieta-y-con-la-impronta-de-24-7-es-el-gobernador-con-mejor-imagen-del-pais\\\/#article\",\"isPartOf\":{\"@id\":\"https:\\\/\\\/cvinoticias.com\\\/v3\\\/oscar-herrera-ahuad-por-encima-de-la-grieta-y-con-la-impronta-de-24-7-es-el-gobernador-con-mejor-imagen-del-pais\\\/\"},\"author\":{\"name\":\"f1000024\",\"@id\":\"https:\\\/\\\/cvinoticias.com\\\/v3\\\/#\\\/schema\\\/person\\\/2db77e3c6bc03c538495d7b2b8be9b66\"},\"headline\":\"Oscar Herrera Ahuad, por encima de la grieta y con la impronta de 24\\\/7, es el Gobernador con mejor imagen del pa\u00eds\",\"datePublished\":\"2022-02-08T16:45:59+00:00\",\"mainEntityOfPage\":{\"@id\":\"https:\\\/\\\/cvinoticias.com\\\/v3\\\/oscar-herrera-ahuad-por-encima-de-la-grieta-y-con-la-impronta-de-24-7-es-el-gobernador-con-mejor-imagen-del-pais\\\/\"},\"wordCount\":426,\"commentCount\":0,\"publisher\":{\"@id\":\"https:\\\/\\\/cvinoticias.com\\\/v3\\\/#organization\"},\"image\":{\"@id\":\"https:\\\/\\\/cvinoticias.com\\\/v3\\\/oscar-herrera-ahuad-por-encima-de-la-grieta-y-con-la-impronta-de-24-7-es-el-gobernador-con-mejor-imagen-del-pais\\\/#primaryimage\"},\"thumbnailUrl\":\"https:\\\/\\\/cvinoticias.com\\\/wp-content\\\/uploads\\\/2022\\\/02\\\/IMG-20220208-WA0044.jpg\",\"articleSection\":[\"Informaci\u00f3n General\"],\"inLanguage\":\"es\",\"potentialAction\":[{\"@type\":\"CommentAction\",\"name\":\"Comment\",\"target\":[\"https:\\\/\\\/cvinoticias.com\\\/v3\\\/oscar-herrera-ahuad-por-encima-de-la-grieta-y-con-la-impronta-de-24-7-es-el-gobernador-con-mejor-imagen-del-pais\\\/#respond\"]}]},{\"@type\":\"WebPage\",\"@id\":\"https:\\\/\\\/cvinoticias.com\\\/v3\\\/oscar-herrera-ahuad-por-encima-de-la-grieta-y-con-la-impronta-de-24-7-es-el-gobernador-con-mejor-imagen-del-pais\\\/\",\"url\":\"https:\\\/\\\/cvinoticias.com\\\/v3\\\/oscar-herrera-ahuad-por-encima-de-la-grieta-y-con-la-impronta-de-24-7-es-el-gobernador-con-mejor-imagen-del-pais\\\/\",\"name\":\"Oscar Herrera Ahuad, por encima de la grieta y con la impronta de 24\\\/7, es el Gobernador con mejor imagen del pa\u00eds | CVI NOTICIAS\",\"isPartOf\":{\"@id\":\"https:\\\/\\\/cvinoticias.com\\\/v3\\\/#website\"},\"primaryImageOfPage\":{\"@id\":\"https:\\\/\\\/cvinoticias.com\\\/v3\\\/oscar-herrera-ahuad-por-encima-de-la-grieta-y-con-la-impronta-de-24-7-es-el-gobernador-con-mejor-imagen-del-pais\\\/#primaryimage\"},\"image\":{\"@id\":\"https:\\\/\\\/cvinoticias.com\\\/v3\\\/oscar-herrera-ahuad-por-encima-de-la-grieta-y-con-la-impronta-de-24-7-es-el-gobernador-con-mejor-imagen-del-pais\\\/#primaryimage\"},\"thumbnailUrl\":\"https:\\\/\\\/cvinoticias.com\\\/wp-content\\\/uploads\\\/2022\\\/02\\\/IMG-20220208-WA0044.jpg\",\"datePublished\":\"2022-02-08T16:45:59+00:00\",\"breadcrumb\":{\"@id\":\"https:\\\/\\\/cvinoticias.com\\\/v3\\\/oscar-herrera-ahuad-por-encima-de-la-grieta-y-con-la-impronta-de-24-7-es-el-gobernador-con-mejor-imagen-del-pais\\\/#breadcrumb\"},\"inLanguage\":\"es\",\"potentialAction\":[{\"@type\":\"ReadAction\",\"target\":[\"https:\\\/\\\/cvinoticias.com\\\/v3\\\/oscar-herrera-ahuad-por-encima-de-la-grieta-y-con-la-impronta-de-24-7-es-el-gobernador-con-mejor-imagen-del-pais\\\/\"]}]},{\"@type\":\"ImageObject\",\"inLanguage\":\"es\",\"@id\":\"https:\\\/\\\/cvinoticias.com\\\/v3\\\/oscar-herrera-ahuad-por-encima-de-la-grieta-y-con-la-impronta-de-24-7-es-el-gobernador-con-mejor-imagen-del-pais\\\/#primaryimage\",\"url\":\"https:\\\/\\\/cvinoticias.com\\\/wp-content\\\/uploads\\\/2022\\\/02\\\/IMG-20220208-WA0044.jpg\",\"contentUrl\":\"https:\\\/\\\/cvinoticias.com\\\/wp-content\\\/uploads\\\/2022\\\/02\\\/IMG-20220208-WA0044.jpg\",\"width\":1280,\"height\":853},{\"@type\":\"BreadcrumbList\",\"@id\":\"https:\\\/\\\/cvinoticias.com\\\/v3\\\/oscar-herrera-ahuad-por-encima-de-la-grieta-y-con-la-impronta-de-24-7-es-el-gobernador-con-mejor-imagen-del-pais\\\/#breadcrumb\",\"itemListElement\":[{\"@type\":\"ListItem\",\"position\":1,\"name\":\"Portada\",\"item\":\"https:\\\/\\\/cvinoticias.com\\\/v3\\\/\"},{\"@type\":\"ListItem\",\"position\":2,\"name\":\"Oscar Herrera Ahuad, por encima de la grieta y con la impronta de 24\\\/7, es el Gobernador con mejor imagen del pa\u00eds\"}]},{\"@type\":\"WebSite\",\"@id\":\"https:\\\/\\\/cvinoticias.com\\\/v3\\\/#website\",\"url\":\"https:\\\/\\\/cvinoticias.com\\\/v3\\\/\",\"name\":\"CVI NOTICIAS\",\"description\":\"\",\"publisher\":{\"@id\":\"https:\\\/\\\/cvinoticias.com\\\/v3\\\/#organization\"},\"alternateName\":\"CVI\",\"potentialAction\":[{\"@type\":\"SearchAction\",\"target\":{\"@type\":\"EntryPoint\",\"urlTemplate\":\"https:\\\/\\\/cvinoticias.com\\\/v3\\\/?s={search_term_string}\"},\"query-input\":{\"@type\":\"PropertyValueSpecification\",\"valueRequired\":true,\"valueName\":\"search_term_string\"}}],\"inLanguage\":\"es\"},{\"@type\":\"Organization\",\"@id\":\"https:\\\/\\\/cvinoticias.com\\\/v3\\\/#organization\",\"name\":\"CVI NOTICIAS\",\"url\":\"https:\\\/\\\/cvinoticias.com\\\/v3\\\/\",\"logo\":{\"@type\":\"ImageObject\",\"inLanguage\":\"es\",\"@id\":\"https:\\\/\\\/cvinoticias.com\\\/v3\\\/#\\\/schema\\\/logo\\\/image\\\/\",\"url\":\"https:\\\/\\\/cvinoticias.com\\\/wp-content\\\/uploads\\\/2023\\\/04\\\/cropped-cropped-cropped-cropped-cropped-3-1.png\",\"contentUrl\":\"https:\\\/\\\/cvinoticias.com\\\/wp-content\\\/uploads\\\/2023\\\/04\\\/cropped-cropped-cropped-cropped-cropped-3-1.png\",\"width\":95,\"height\":122,\"caption\":\"CVI NOTICIAS\"},\"image\":{\"@id\":\"https:\\\/\\\/cvinoticias.com\\\/v3\\\/#\\\/schema\\\/logo\\\/image\\\/\"},\"sameAs\":[\"https:\\\/\\\/www.facebook.com\\\/cvinoticias\",\"https:\\\/\\\/www.instagram.com\\\/cvinoticias\\\/\",\"https:\\\/\\\/www.youtube.com\\\/@CVINOTICIAS\"]},{\"@type\":\"Person\",\"@id\":\"https:\\\/\\\/cvinoticias.com\\\/v3\\\/#\\\/schema\\\/person\\\/2db77e3c6bc03c538495d7b2b8be9b66\",\"name\":\"f1000024\",\"image\":{\"@type\":\"ImageObject\",\"inLanguage\":\"es\",\"@id\":\"https:\\\/\\\/secure.gravatar.com\\\/avatar\\\/d4fe7459cfc51ff5129ce1a732bbef5928568b8092d412ef95611616376bbeed?s=96&d=mm&r=g\",\"url\":\"https:\\\/\\\/secure.gravatar.com\\\/avatar\\\/d4fe7459cfc51ff5129ce1a732bbef5928568b8092d412ef95611616376bbeed?s=96&d=mm&r=g\",\"contentUrl\":\"https:\\\/\\\/secure.gravatar.com\\\/avatar\\\/d4fe7459cfc51ff5129ce1a732bbef5928568b8092d412ef95611616376bbeed?s=96&d=mm&r=g\",\"caption\":\"f1000024\"},\"url\":\"https:\\\/\\\/cvinoticias.com\\\/v3\\\/author\\\/f1000024\\\/\"}]}<\/script>\n<!-- \/ Yoast SEO plugin. -->","yoast_head_json":{"title":"Oscar Herrera Ahuad, por encima de la grieta y con la impronta de 24\/7, es el Gobernador con mejor imagen del pa\u00eds | CVI NOTICIAS","robots":{"index":"index","follow":"follow","max-snippet":"max-snippet:-1","max-image-preview":"max-image-preview:large","max-video-preview":"max-video-preview:-1"},"canonical":"https:\/\/cvinoticias.com\/v3\/oscar-herrera-ahuad-por-encima-de-la-grieta-y-con-la-impronta-de-24-7-es-el-gobernador-con-mejor-imagen-del-pais\/","og_locale":"es_ES","og_type":"article","og_title":"Oscar Herrera Ahuad, por encima de la grieta y con la impronta de 24\/7, es el Gobernador con mejor imagen del pa\u00eds | CVI NOTICIAS","og_description":"La reciente medici\u00f3n publicada por la Consultora CB, ubica al tope del ranking al Gobernador de Misiones que se destaca por su trabajo incansable. El ranking de imagen de los 23 mandatarios provinciales -y el Jefe de Gobierno de CABA- que publica desde mayo de 2020 CB Consultora Opini\u00f3n P\u00fablica tuvo su \u00faltima actualizaci\u00f3n para [&hellip;]","og_url":"https:\/\/cvinoticias.com\/v3\/oscar-herrera-ahuad-por-encima-de-la-grieta-y-con-la-impronta-de-24-7-es-el-gobernador-con-mejor-imagen-del-pais\/","og_site_name":"CVI NOTICIAS","article_publisher":"https:\/\/www.facebook.com\/cvinoticias","article_published_time":"2022-02-08T16:45:59+00:00","og_image":[{"width":1280,"height":853,"url":"https:\/\/cvinoticias.com\/wp-content\/uploads\/2022\/02\/IMG-20220208-WA0044.jpg","type":"image\/jpeg"}],"author":"f1000024","twitter_card":"summary_large_image","twitter_misc":{"Escrito por":"f1000024","Tiempo de lectura":"2 minutos"},"schema":{"@context":"https:\/\/schema.org","@graph":[{"@type":"Article","@id":"https:\/\/cvinoticias.com\/v3\/oscar-herrera-ahuad-por-encima-de-la-grieta-y-con-la-impronta-de-24-7-es-el-gobernador-con-mejor-imagen-del-pais\/#article","isPartOf":{"@id":"https:\/\/cvinoticias.com\/v3\/oscar-herrera-ahuad-por-encima-de-la-grieta-y-con-la-impronta-de-24-7-es-el-gobernador-con-mejor-imagen-del-pais\/"},"author":{"name":"f1000024","@id":"https:\/\/cvinoticias.com\/v3\/#\/schema\/person\/2db77e3c6bc03c538495d7b2b8be9b66"},"headline":"Oscar Herrera Ahuad, por encima de la grieta y con la impronta de 24\/7, es el Gobernador con mejor imagen del pa\u00eds","datePublished":"2022-02-08T16:45:59+00:00","mainEntityOfPage":{"@id":"https:\/\/cvinoticias.com\/v3\/oscar-herrera-ahuad-por-encima-de-la-grieta-y-con-la-impronta-de-24-7-es-el-gobernador-con-mejor-imagen-del-pais\/"},"wordCount":426,"commentCount":0,"publisher":{"@id":"https:\/\/cvinoticias.com\/v3\/#organization"},"image":{"@id":"https:\/\/cvinoticias.com\/v3\/oscar-herrera-ahuad-por-encima-de-la-grieta-y-con-la-impronta-de-24-7-es-el-gobernador-con-mejor-imagen-del-pais\/#primaryimage"},"thumbnailUrl":"https:\/\/cvinoticias.com\/wp-content\/uploads\/2022\/02\/IMG-20220208-WA0044.jpg","articleSection":["Informaci\u00f3n General"],"inLanguage":"es","potentialAction":[{"@type":"CommentAction","name":"Comment","target":["https:\/\/cvinoticias.com\/v3\/oscar-herrera-ahuad-por-encima-de-la-grieta-y-con-la-impronta-de-24-7-es-el-gobernador-con-mejor-imagen-del-pais\/#respond"]}]},{"@type":"WebPage","@id":"https:\/\/cvinoticias.com\/v3\/oscar-herrera-ahuad-por-encima-de-la-grieta-y-con-la-impronta-de-24-7-es-el-gobernador-con-mejor-imagen-del-pais\/","url":"https:\/\/cvinoticias.com\/v3\/oscar-herrera-ahuad-por-encima-de-la-grieta-y-con-la-impronta-de-24-7-es-el-gobernador-con-mejor-imagen-del-pais\/","name":"Oscar Herrera Ahuad, por encima de la grieta y con la impronta de 24\/7, es el Gobernador con mejor imagen del pa\u00eds | CVI NOTICIAS","isPartOf":{"@id":"https:\/\/cvinoticias.com\/v3\/#website"},"primaryImageOfPage":{"@id":"https:\/\/cvinoticias.com\/v3\/oscar-herrera-ahuad-por-encima-de-la-grieta-y-con-la-impronta-de-24-7-es-el-gobernador-con-mejor-imagen-del-pais\/#primaryimage"},"image":{"@id":"https:\/\/cvinoticias.com\/v3\/oscar-herrera-ahuad-por-encima-de-la-grieta-y-con-la-impronta-de-24-7-es-el-gobernador-con-mejor-imagen-del-pais\/#primaryimage"},"thumbnailUrl":"https:\/\/cvinoticias.com\/wp-content\/uploads\/2022\/02\/IMG-20220208-WA0044.jpg","datePublished":"2022-02-08T16:45:59+00:00","breadcrumb":{"@id":"https:\/\/cvinoticias.com\/v3\/oscar-herrera-ahuad-por-encima-de-la-grieta-y-con-la-impronta-de-24-7-es-el-gobernador-con-mejor-imagen-del-pais\/#breadcrumb"},"inLanguage":"es","potentialAction":[{"@type":"ReadAction","target":["https:\/\/cvinoticias.com\/v3\/oscar-herrera-ahuad-por-encima-de-la-grieta-y-con-la-impronta-de-24-7-es-el-gobernador-con-mejor-imagen-del-pais\/"]}]},{"@type":"ImageObject","inLanguage":"es","@id":"https:\/\/cvinoticias.com\/v3\/oscar-herrera-ahuad-por-encima-de-la-grieta-y-con-la-impronta-de-24-7-es-el-gobernador-con-mejor-imagen-del-pais\/#primaryimage","url":"https:\/\/cvinoticias.com\/wp-content\/uploads\/2022\/02\/IMG-20220208-WA0044.jpg","contentUrl":"https:\/\/cvinoticias.com\/wp-content\/uploads\/2022\/02\/IMG-20220208-WA0044.jpg","width":1280,"height":853},{"@type":"BreadcrumbList","@id":"https:\/\/cvinoticias.com\/v3\/oscar-herrera-ahuad-por-encima-de-la-grieta-y-con-la-impronta-de-24-7-es-el-gobernador-con-mejor-imagen-del-pais\/#breadcrumb","itemListElement":[{"@type":"ListItem","position":1,"name":"Portada","item":"https:\/\/cvinoticias.com\/v3\/"},{"@type":"ListItem","position":2,"name":"Oscar Herrera Ahuad, por encima de la grieta y con la impronta de 24\/7, es el Gobernador con mejor imagen del pa\u00eds"}]},{"@type":"WebSite","@id":"https:\/\/cvinoticias.com\/v3\/#website","url":"https:\/\/cvinoticias.com\/v3\/","name":"CVI NOTICIAS","description":"","publisher":{"@id":"https:\/\/cvinoticias.com\/v3\/#organization"},"alternateName":"CVI","potentialAction":[{"@type":"SearchAction","target":{"@type":"EntryPoint","urlTemplate":"https:\/\/cvinoticias.com\/v3\/?s={search_term_string}"},"query-input":{"@type":"PropertyValueSpecification","valueRequired":true,"valueName":"search_term_string"}}],"inLanguage":"es"},{"@type":"Organization","@id":"https:\/\/cvinoticias.com\/v3\/#organization","name":"CVI NOTICIAS","url":"https:\/\/cvinoticias.com\/v3\/","logo":{"@type":"ImageObject","inLanguage":"es","@id":"https:\/\/cvinoticias.com\/v3\/#\/schema\/logo\/image\/","url":"https:\/\/cvinoticias.com\/wp-content\/uploads\/2023\/04\/cropped-cropped-cropped-cropped-cropped-3-1.png","contentUrl":"https:\/\/cvinoticias.com\/wp-content\/uploads\/2023\/04\/cropped-cropped-cropped-cropped-cropped-3-1.png","width":95,"height":122,"caption":"CVI NOTICIAS"},"image":{"@id":"https:\/\/cvinoticias.com\/v3\/#\/schema\/logo\/image\/"},"sameAs":["https:\/\/www.facebook.com\/cvinoticias","https:\/\/www.instagram.com\/cvinoticias\/","https:\/\/www.youtube.com\/@CVINOTICIAS"]},{"@type":"Person","@id":"https:\/\/cvinoticias.com\/v3\/#\/schema\/person\/2db77e3c6bc03c538495d7b2b8be9b66","name":"f1000024","image":{"@type":"ImageObject","inLanguage":"es","@id":"https:\/\/secure.gravatar.com\/avatar\/d4fe7459cfc51ff5129ce1a732bbef5928568b8092d412ef95611616376bbeed?s=96&d=mm&r=g","url":"https:\/\/secure.gravatar.com\/avatar\/d4fe7459cfc51ff5129ce1a732bbef5928568b8092d412ef95611616376bbeed?s=96&d=mm&r=g","contentUrl":"https:\/\/secure.gravatar.com\/avatar\/d4fe7459cfc51ff5129ce1a732bbef5928568b8092d412ef95611616376bbeed?s=96&d=mm&r=g","caption":"f1000024"},"url":"https:\/\/cvinoticias.com\/v3\/author\/f1000024\/"}]}},"_links":{"self":[{"href":"https:\/\/cvinoticias.com\/v3\/wp-json\/wp\/v2\/posts\/13016","targetHints":{"allow":["GET"]}}],"collection":[{"href":"https:\/\/cvinoticias.com\/v3\/wp-json\/wp\/v2\/posts"}],"about":[{"href":"https:\/\/cvinoticias.com\/v3\/wp-json\/wp\/v2\/types\/post"}],"author":[{"embeddable":true,"href":"https:\/\/cvinoticias.com\/v3\/wp-json\/wp\/v2\/users\/2"}],"replies":[{"embeddable":true,"href":"https:\/\/cvinoticias.com\/v3\/wp-json\/wp\/v2\/comments?post=13016"}],"version-history":[{"count":1,"href":"https:\/\/cvinoticias.com\/v3\/wp-json\/wp\/v2\/posts\/13016\/revisions"}],"predecessor-version":[{"id":13018,"href":"https:\/\/cvinoticias.com\/v3\/wp-json\/wp\/v2\/posts\/13016\/revisions\/13018"}],"wp:featuredmedia":[{"embeddable":true,"href":"https:\/\/cvinoticias.com\/v3\/wp-json\/wp\/v2\/media\/13017"}],"wp:attachment":[{"href":"https:\/\/cvinoticias.com\/v3\/wp-json\/wp\/v2\/media?parent=13016"}],"wp:term":[{"taxonomy":"category","embeddable":true,"href":"https:\/\/cvinoticias.com\/v3\/wp-json\/wp\/v2\/categories?post=13016"},{"taxonomy":"post_tag","embeddable":true,"href":"https:\/\/cvinoticias.com\/v3\/wp-json\/wp\/v2\/tags?post=13016"}],"curies":[{"name":"wp","href":"https:\/\/api.w.org\/{rel}","templated":true}]}}