{"id":13004,"date":"2022-02-08T14:04:04","date_gmt":"2022-02-08T14:04:04","guid":{"rendered":"https:\/\/cvinoticias.com\/v3\/?p=13004"},"modified":"2022-02-08T14:04:04","modified_gmt":"2022-02-08T14:04:04","slug":"anses-pagara-33-mil-a-un-grupo-de-personas-de-18-a-65-anos-quienes-acceden-a-este-beneficio","status":"publish","type":"post","link":"https:\/\/cvinoticias.com\/v3\/anses-pagara-33-mil-a-un-grupo-de-personas-de-18-a-65-anos-quienes-acceden-a-este-beneficio\/","title":{"rendered":"Anses pagar\u00e1 $ 33 mil a un grupo de personas de 18 a 65 a\u00f1os: qui\u00e9nes acceden a este beneficio"},"content":{"rendered":"\n<p><strong><em>El Gobierno nacional, a trav\u00e9s de la Administraci\u00f3n Nacional de la Seguridad Social (Anses), otorgar\u00e1 un beneficio econ\u00f3mico y social integral para mujeres y personas del colectivo LGBTIQ+ que se encuentran en situaci\u00f3n de violencia por motivos de g\u00e9nero.<\/em><\/strong><\/p>\n\n\n\n<p>Se trata del Programa Acompa\u00f1ar, impulsado desde el Ministerio de Mujeres, G\u00e9neros y Diversidad, con el fin de darles a este grupo de personas que est\u00e1n atravesando este tipo de situaci\u00f3n asistencia y la posibilidad de lograr independencia econ\u00f3mica.<\/p>\n\n\n\n<p>El haber de esta prestaci\u00f3n depende del Salario M\u00ednimo, Vital y M\u00f3vil y tambi\u00e9n se les ofrece un acompa\u00f1amiento psicosocial para poder reforzar la asistencia.<\/p>\n\n\n\n<p>De este modo, el monto de la asignaci\u00f3n es de $ 32 mil mensual. Cabe destacar que este mes se recibir\u00e1 un aumento del 3% que impactar\u00e1 reci\u00e9n en el cobro del siguiente mes, por lo que a partir de marzo quienes reciban la asistencia recibir\u00e1n $ 33 mil.<\/p>\n\n\n\n<p>El plan adem\u00e1s es compatible con otras prestaciones de la agencia de Gobierno que lidera Fernanda Raverta como la Asignaci\u00f3n Universal por Hijo (AUH), la Asignaci\u00f3n por Embarazo (AUE), el ingreso por hijo con discapacidad, monotributo social y trabajadoras de casas particulares, sea cual sea su condici\u00f3n laboral.<\/p>\n\n\n\n<p>C\u00f3mo saber si me corresponde cobrar el Programa Acompa\u00f1ar<\/p>\n\n\n\n<p>Con el CUIL, pod\u00e9s chequear si cobr\u00e1s alguna prestaci\u00f3n que entrega el organismo previsional en https:\/\/servicioswww.anses.gob.ar\/dondecobrov2.<\/p>\n\n\n\n<p><strong>Requisitos para acceder al Programa Acompa\u00f1ar<\/strong><\/p>\n\n\n\n<p>Lo cobrar\u00e1n mujeres y personas LGBTIQ+ en situaci\u00f3n de violencia de g\u00e9nero.<br>No se precisa presentar denuncia.<br>Quienes lo soliciten deber\u00e1n tener entre 18 y 65 a\u00f1os.<\/p>\n\n\n\n<p><strong>\u00bfQu\u00e9 prestaciones no son compatibles con este plan?<\/strong><\/p>\n\n\n\n<p>*Ingresos por trabajo en relaci\u00f3n de dependencia registrado en el sector p\u00fablico o privado, monotributo y r\u00e9gimen de aut\u00f3nomos (excepto monotributo social).<\/p>\n\n\n\n<p>*Subsidio o prestaci\u00f3n monetaria no reintegrable con fines de empleo y\/o capacitaci\u00f3n otorgada por el Estado nacional.<\/p>\n\n\n\n<p>*Jubilaciones, Pensiones o Retiros de car\u00e1cter contributivo o no contributivo, sean nacionales, provinciales, municipales, o de la Ciudad Aut\u00f3noma de Buenos Aires.<\/p>\n\n\n\n<p>*Pensi\u00f3n Universal para el Adulto Mayor dispuesta por el Decreto N\u00b0 894\/2016.<\/p>\n\n\n\n<p><strong>Fuente: \u00c1mbito<\/strong><\/p>\n","protected":false},"excerpt":{"rendered":"<p>El Gobierno nacional, a trav\u00e9s de la Administraci\u00f3n Nacional de la Seguridad Social (Anses), otorgar\u00e1 un beneficio econ\u00f3mico y social integral para mujeres y personas del colectivo LGBTIQ+ que se encuentran en situaci\u00f3n de violencia por motivos de g\u00e9nero. Se trata del Programa Acompa\u00f1ar, impulsado desde el Ministerio de Mujeres, G\u00e9neros y Diversidad, con el [&hellip;]<\/p>\n","protected":false},"author":2,"featured_media":13005,"comment_status":"open","ping_status":"open","sticky":false,"template":"","format":"standard","meta":{"footnotes":""},"categories":[35],"tags":[],"class_list":["post-13004","post","type-post","status-publish","format-standard","has-post-thumbnail","hentry","category-informacion-general"],"yoast_head":"<!-- This site is optimized with the Yoast SEO plugin v27.5 - https:\/\/yoast.com\/product\/yoast-seo-wordpress\/ -->\n<title>Anses pagar\u00e1 $ 33 mil a un grupo de personas de 18 a 65 a\u00f1os: qui\u00e9nes acceden a este beneficio | CVI NOTICIAS<\/title>\n<meta name=\"robots\" content=\"index, follow, max-snippet:-1, max-image-preview:large, max-video-preview:-1\" \/>\n<link rel=\"canonical\" href=\"https:\/\/cvinoticias.com\/v3\/anses-pagara-33-mil-a-un-grupo-de-personas-de-18-a-65-anos-quienes-acceden-a-este-beneficio\/\" \/>\n<meta property=\"og:locale\" content=\"es_ES\" \/>\n<meta property=\"og:type\" content=\"article\" \/>\n<meta property=\"og:title\" content=\"Anses pagar\u00e1 $ 33 mil a un grupo de personas de 18 a 65 a\u00f1os: qui\u00e9nes acceden a este beneficio | CVI NOTICIAS\" \/>\n<meta property=\"og:description\" content=\"El Gobierno nacional, a trav\u00e9s de la Administraci\u00f3n Nacional de la Seguridad Social (Anses), otorgar\u00e1 un beneficio econ\u00f3mico y social integral para mujeres y personas del colectivo LGBTIQ+ que se encuentran en situaci\u00f3n de violencia por motivos de g\u00e9nero. Se trata del Programa Acompa\u00f1ar, impulsado desde el Ministerio de Mujeres, G\u00e9neros y Diversidad, con el [&hellip;]\" \/>\n<meta property=\"og:url\" content=\"https:\/\/cvinoticias.com\/v3\/anses-pagara-33-mil-a-un-grupo-de-personas-de-18-a-65-anos-quienes-acceden-a-este-beneficio\/\" \/>\n<meta property=\"og:site_name\" content=\"CVI NOTICIAS\" \/>\n<meta property=\"article:publisher\" content=\"https:\/\/www.facebook.com\/cvinoticias\" \/>\n<meta property=\"article:published_time\" content=\"2022-02-08T14:04:04+00:00\" \/>\n<meta property=\"og:image\" content=\"https:\/\/cvinoticias.com\/wp-content\/uploads\/2022\/02\/277714_a1.jpg\" \/>\n\t<meta property=\"og:image:width\" content=\"1024\" \/>\n\t<meta property=\"og:image:height\" content=\"680\" \/>\n\t<meta property=\"og:image:type\" content=\"image\/jpeg\" \/>\n<meta name=\"author\" content=\"f1000024\" \/>\n<meta name=\"twitter:card\" content=\"summary_large_image\" \/>\n<meta name=\"twitter:label1\" content=\"Escrito por\" \/>\n\t<meta name=\"twitter:data1\" content=\"f1000024\" \/>\n\t<meta name=\"twitter:label2\" content=\"Tiempo de lectura\" \/>\n\t<meta name=\"twitter:data2\" content=\"2 minutos\" \/>\n<script type=\"application\/ld+json\" class=\"yoast-schema-graph\">{\"@context\":\"https:\\\/\\\/schema.org\",\"@graph\":[{\"@type\":\"Article\",\"@id\":\"https:\\\/\\\/cvinoticias.com\\\/v3\\\/anses-pagara-33-mil-a-un-grupo-de-personas-de-18-a-65-anos-quienes-acceden-a-este-beneficio\\\/#article\",\"isPartOf\":{\"@id\":\"https:\\\/\\\/cvinoticias.com\\\/v3\\\/anses-pagara-33-mil-a-un-grupo-de-personas-de-18-a-65-anos-quienes-acceden-a-este-beneficio\\\/\"},\"author\":{\"name\":\"f1000024\",\"@id\":\"https:\\\/\\\/cvinoticias.com\\\/v3\\\/#\\\/schema\\\/person\\\/2db77e3c6bc03c538495d7b2b8be9b66\"},\"headline\":\"Anses pagar\u00e1 $ 33 mil a un grupo de personas de 18 a 65 a\u00f1os: qui\u00e9nes acceden a este beneficio\",\"datePublished\":\"2022-02-08T14:04:04+00:00\",\"mainEntityOfPage\":{\"@id\":\"https:\\\/\\\/cvinoticias.com\\\/v3\\\/anses-pagara-33-mil-a-un-grupo-de-personas-de-18-a-65-anos-quienes-acceden-a-este-beneficio\\\/\"},\"wordCount\":399,\"commentCount\":0,\"publisher\":{\"@id\":\"https:\\\/\\\/cvinoticias.com\\\/v3\\\/#organization\"},\"image\":{\"@id\":\"https:\\\/\\\/cvinoticias.com\\\/v3\\\/anses-pagara-33-mil-a-un-grupo-de-personas-de-18-a-65-anos-quienes-acceden-a-este-beneficio\\\/#primaryimage\"},\"thumbnailUrl\":\"https:\\\/\\\/cvinoticias.com\\\/wp-content\\\/uploads\\\/2022\\\/02\\\/277714_a1.jpg\",\"articleSection\":[\"Informaci\u00f3n General\"],\"inLanguage\":\"es\",\"potentialAction\":[{\"@type\":\"CommentAction\",\"name\":\"Comment\",\"target\":[\"https:\\\/\\\/cvinoticias.com\\\/v3\\\/anses-pagara-33-mil-a-un-grupo-de-personas-de-18-a-65-anos-quienes-acceden-a-este-beneficio\\\/#respond\"]}]},{\"@type\":\"WebPage\",\"@id\":\"https:\\\/\\\/cvinoticias.com\\\/v3\\\/anses-pagara-33-mil-a-un-grupo-de-personas-de-18-a-65-anos-quienes-acceden-a-este-beneficio\\\/\",\"url\":\"https:\\\/\\\/cvinoticias.com\\\/v3\\\/anses-pagara-33-mil-a-un-grupo-de-personas-de-18-a-65-anos-quienes-acceden-a-este-beneficio\\\/\",\"name\":\"Anses pagar\u00e1 $ 33 mil a un grupo de personas de 18 a 65 a\u00f1os: qui\u00e9nes acceden a este beneficio | CVI NOTICIAS\",\"isPartOf\":{\"@id\":\"https:\\\/\\\/cvinoticias.com\\\/v3\\\/#website\"},\"primaryImageOfPage\":{\"@id\":\"https:\\\/\\\/cvinoticias.com\\\/v3\\\/anses-pagara-33-mil-a-un-grupo-de-personas-de-18-a-65-anos-quienes-acceden-a-este-beneficio\\\/#primaryimage\"},\"image\":{\"@id\":\"https:\\\/\\\/cvinoticias.com\\\/v3\\\/anses-pagara-33-mil-a-un-grupo-de-personas-de-18-a-65-anos-quienes-acceden-a-este-beneficio\\\/#primaryimage\"},\"thumbnailUrl\":\"https:\\\/\\\/cvinoticias.com\\\/wp-content\\\/uploads\\\/2022\\\/02\\\/277714_a1.jpg\",\"datePublished\":\"2022-02-08T14:04:04+00:00\",\"breadcrumb\":{\"@id\":\"https:\\\/\\\/cvinoticias.com\\\/v3\\\/anses-pagara-33-mil-a-un-grupo-de-personas-de-18-a-65-anos-quienes-acceden-a-este-beneficio\\\/#breadcrumb\"},\"inLanguage\":\"es\",\"potentialAction\":[{\"@type\":\"ReadAction\",\"target\":[\"https:\\\/\\\/cvinoticias.com\\\/v3\\\/anses-pagara-33-mil-a-un-grupo-de-personas-de-18-a-65-anos-quienes-acceden-a-este-beneficio\\\/\"]}]},{\"@type\":\"ImageObject\",\"inLanguage\":\"es\",\"@id\":\"https:\\\/\\\/cvinoticias.com\\\/v3\\\/anses-pagara-33-mil-a-un-grupo-de-personas-de-18-a-65-anos-quienes-acceden-a-este-beneficio\\\/#primaryimage\",\"url\":\"https:\\\/\\\/cvinoticias.com\\\/wp-content\\\/uploads\\\/2022\\\/02\\\/277714_a1.jpg\",\"contentUrl\":\"https:\\\/\\\/cvinoticias.com\\\/wp-content\\\/uploads\\\/2022\\\/02\\\/277714_a1.jpg\",\"width\":1024,\"height\":680},{\"@type\":\"BreadcrumbList\",\"@id\":\"https:\\\/\\\/cvinoticias.com\\\/v3\\\/anses-pagara-33-mil-a-un-grupo-de-personas-de-18-a-65-anos-quienes-acceden-a-este-beneficio\\\/#breadcrumb\",\"itemListElement\":[{\"@type\":\"ListItem\",\"position\":1,\"name\":\"Portada\",\"item\":\"https:\\\/\\\/cvinoticias.com\\\/v3\\\/\"},{\"@type\":\"ListItem\",\"position\":2,\"name\":\"Anses pagar\u00e1 $ 33 mil a un grupo de personas de 18 a 65 a\u00f1os: qui\u00e9nes acceden a este beneficio\"}]},{\"@type\":\"WebSite\",\"@id\":\"https:\\\/\\\/cvinoticias.com\\\/v3\\\/#website\",\"url\":\"https:\\\/\\\/cvinoticias.com\\\/v3\\\/\",\"name\":\"CVI NOTICIAS\",\"description\":\"\",\"publisher\":{\"@id\":\"https:\\\/\\\/cvinoticias.com\\\/v3\\\/#organization\"},\"alternateName\":\"CVI\",\"potentialAction\":[{\"@type\":\"SearchAction\",\"target\":{\"@type\":\"EntryPoint\",\"urlTemplate\":\"https:\\\/\\\/cvinoticias.com\\\/v3\\\/?s={search_term_string}\"},\"query-input\":{\"@type\":\"PropertyValueSpecification\",\"valueRequired\":true,\"valueName\":\"search_term_string\"}}],\"inLanguage\":\"es\"},{\"@type\":\"Organization\",\"@id\":\"https:\\\/\\\/cvinoticias.com\\\/v3\\\/#organization\",\"name\":\"CVI NOTICIAS\",\"url\":\"https:\\\/\\\/cvinoticias.com\\\/v3\\\/\",\"logo\":{\"@type\":\"ImageObject\",\"inLanguage\":\"es\",\"@id\":\"https:\\\/\\\/cvinoticias.com\\\/v3\\\/#\\\/schema\\\/logo\\\/image\\\/\",\"url\":\"https:\\\/\\\/cvinoticias.com\\\/wp-content\\\/uploads\\\/2023\\\/04\\\/cropped-cropped-cropped-cropped-cropped-3-1.png\",\"contentUrl\":\"https:\\\/\\\/cvinoticias.com\\\/wp-content\\\/uploads\\\/2023\\\/04\\\/cropped-cropped-cropped-cropped-cropped-3-1.png\",\"width\":95,\"height\":122,\"caption\":\"CVI NOTICIAS\"},\"image\":{\"@id\":\"https:\\\/\\\/cvinoticias.com\\\/v3\\\/#\\\/schema\\\/logo\\\/image\\\/\"},\"sameAs\":[\"https:\\\/\\\/www.facebook.com\\\/cvinoticias\",\"https:\\\/\\\/www.instagram.com\\\/cvinoticias\\\/\",\"https:\\\/\\\/www.youtube.com\\\/@CVINOTICIAS\"]},{\"@type\":\"Person\",\"@id\":\"https:\\\/\\\/cvinoticias.com\\\/v3\\\/#\\\/schema\\\/person\\\/2db77e3c6bc03c538495d7b2b8be9b66\",\"name\":\"f1000024\",\"image\":{\"@type\":\"ImageObject\",\"inLanguage\":\"es\",\"@id\":\"https:\\\/\\\/secure.gravatar.com\\\/avatar\\\/d4fe7459cfc51ff5129ce1a732bbef5928568b8092d412ef95611616376bbeed?s=96&d=mm&r=g\",\"url\":\"https:\\\/\\\/secure.gravatar.com\\\/avatar\\\/d4fe7459cfc51ff5129ce1a732bbef5928568b8092d412ef95611616376bbeed?s=96&d=mm&r=g\",\"contentUrl\":\"https:\\\/\\\/secure.gravatar.com\\\/avatar\\\/d4fe7459cfc51ff5129ce1a732bbef5928568b8092d412ef95611616376bbeed?s=96&d=mm&r=g\",\"caption\":\"f1000024\"},\"url\":\"https:\\\/\\\/cvinoticias.com\\\/v3\\\/author\\\/f1000024\\\/\"}]}<\/script>\n<!-- \/ Yoast SEO plugin. -->","yoast_head_json":{"title":"Anses pagar\u00e1 $ 33 mil a un grupo de personas de 18 a 65 a\u00f1os: qui\u00e9nes acceden a este beneficio | CVI NOTICIAS","robots":{"index":"index","follow":"follow","max-snippet":"max-snippet:-1","max-image-preview":"max-image-preview:large","max-video-preview":"max-video-preview:-1"},"canonical":"https:\/\/cvinoticias.com\/v3\/anses-pagara-33-mil-a-un-grupo-de-personas-de-18-a-65-anos-quienes-acceden-a-este-beneficio\/","og_locale":"es_ES","og_type":"article","og_title":"Anses pagar\u00e1 $ 33 mil a un grupo de personas de 18 a 65 a\u00f1os: qui\u00e9nes acceden a este beneficio | CVI NOTICIAS","og_description":"El Gobierno nacional, a trav\u00e9s de la Administraci\u00f3n Nacional de la Seguridad Social (Anses), otorgar\u00e1 un beneficio econ\u00f3mico y social integral para mujeres y personas del colectivo LGBTIQ+ que se encuentran en situaci\u00f3n de violencia por motivos de g\u00e9nero. Se trata del Programa Acompa\u00f1ar, impulsado desde el Ministerio de Mujeres, G\u00e9neros y Diversidad, con el [&hellip;]","og_url":"https:\/\/cvinoticias.com\/v3\/anses-pagara-33-mil-a-un-grupo-de-personas-de-18-a-65-anos-quienes-acceden-a-este-beneficio\/","og_site_name":"CVI NOTICIAS","article_publisher":"https:\/\/www.facebook.com\/cvinoticias","article_published_time":"2022-02-08T14:04:04+00:00","og_image":[{"width":1024,"height":680,"url":"https:\/\/cvinoticias.com\/wp-content\/uploads\/2022\/02\/277714_a1.jpg","type":"image\/jpeg"}],"author":"f1000024","twitter_card":"summary_large_image","twitter_misc":{"Escrito por":"f1000024","Tiempo de lectura":"2 minutos"},"schema":{"@context":"https:\/\/schema.org","@graph":[{"@type":"Article","@id":"https:\/\/cvinoticias.com\/v3\/anses-pagara-33-mil-a-un-grupo-de-personas-de-18-a-65-anos-quienes-acceden-a-este-beneficio\/#article","isPartOf":{"@id":"https:\/\/cvinoticias.com\/v3\/anses-pagara-33-mil-a-un-grupo-de-personas-de-18-a-65-anos-quienes-acceden-a-este-beneficio\/"},"author":{"name":"f1000024","@id":"https:\/\/cvinoticias.com\/v3\/#\/schema\/person\/2db77e3c6bc03c538495d7b2b8be9b66"},"headline":"Anses pagar\u00e1 $ 33 mil a un grupo de personas de 18 a 65 a\u00f1os: qui\u00e9nes acceden a este beneficio","datePublished":"2022-02-08T14:04:04+00:00","mainEntityOfPage":{"@id":"https:\/\/cvinoticias.com\/v3\/anses-pagara-33-mil-a-un-grupo-de-personas-de-18-a-65-anos-quienes-acceden-a-este-beneficio\/"},"wordCount":399,"commentCount":0,"publisher":{"@id":"https:\/\/cvinoticias.com\/v3\/#organization"},"image":{"@id":"https:\/\/cvinoticias.com\/v3\/anses-pagara-33-mil-a-un-grupo-de-personas-de-18-a-65-anos-quienes-acceden-a-este-beneficio\/#primaryimage"},"thumbnailUrl":"https:\/\/cvinoticias.com\/wp-content\/uploads\/2022\/02\/277714_a1.jpg","articleSection":["Informaci\u00f3n General"],"inLanguage":"es","potentialAction":[{"@type":"CommentAction","name":"Comment","target":["https:\/\/cvinoticias.com\/v3\/anses-pagara-33-mil-a-un-grupo-de-personas-de-18-a-65-anos-quienes-acceden-a-este-beneficio\/#respond"]}]},{"@type":"WebPage","@id":"https:\/\/cvinoticias.com\/v3\/anses-pagara-33-mil-a-un-grupo-de-personas-de-18-a-65-anos-quienes-acceden-a-este-beneficio\/","url":"https:\/\/cvinoticias.com\/v3\/anses-pagara-33-mil-a-un-grupo-de-personas-de-18-a-65-anos-quienes-acceden-a-este-beneficio\/","name":"Anses pagar\u00e1 $ 33 mil a un grupo de personas de 18 a 65 a\u00f1os: qui\u00e9nes acceden a este beneficio | CVI NOTICIAS","isPartOf":{"@id":"https:\/\/cvinoticias.com\/v3\/#website"},"primaryImageOfPage":{"@id":"https:\/\/cvinoticias.com\/v3\/anses-pagara-33-mil-a-un-grupo-de-personas-de-18-a-65-anos-quienes-acceden-a-este-beneficio\/#primaryimage"},"image":{"@id":"https:\/\/cvinoticias.com\/v3\/anses-pagara-33-mil-a-un-grupo-de-personas-de-18-a-65-anos-quienes-acceden-a-este-beneficio\/#primaryimage"},"thumbnailUrl":"https:\/\/cvinoticias.com\/wp-content\/uploads\/2022\/02\/277714_a1.jpg","datePublished":"2022-02-08T14:04:04+00:00","breadcrumb":{"@id":"https:\/\/cvinoticias.com\/v3\/anses-pagara-33-mil-a-un-grupo-de-personas-de-18-a-65-anos-quienes-acceden-a-este-beneficio\/#breadcrumb"},"inLanguage":"es","potentialAction":[{"@type":"ReadAction","target":["https:\/\/cvinoticias.com\/v3\/anses-pagara-33-mil-a-un-grupo-de-personas-de-18-a-65-anos-quienes-acceden-a-este-beneficio\/"]}]},{"@type":"ImageObject","inLanguage":"es","@id":"https:\/\/cvinoticias.com\/v3\/anses-pagara-33-mil-a-un-grupo-de-personas-de-18-a-65-anos-quienes-acceden-a-este-beneficio\/#primaryimage","url":"https:\/\/cvinoticias.com\/wp-content\/uploads\/2022\/02\/277714_a1.jpg","contentUrl":"https:\/\/cvinoticias.com\/wp-content\/uploads\/2022\/02\/277714_a1.jpg","width":1024,"height":680},{"@type":"BreadcrumbList","@id":"https:\/\/cvinoticias.com\/v3\/anses-pagara-33-mil-a-un-grupo-de-personas-de-18-a-65-anos-quienes-acceden-a-este-beneficio\/#breadcrumb","itemListElement":[{"@type":"ListItem","position":1,"name":"Portada","item":"https:\/\/cvinoticias.com\/v3\/"},{"@type":"ListItem","position":2,"name":"Anses pagar\u00e1 $ 33 mil a un grupo de personas de 18 a 65 a\u00f1os: qui\u00e9nes acceden a este beneficio"}]},{"@type":"WebSite","@id":"https:\/\/cvinoticias.com\/v3\/#website","url":"https:\/\/cvinoticias.com\/v3\/","name":"CVI NOTICIAS","description":"","publisher":{"@id":"https:\/\/cvinoticias.com\/v3\/#organization"},"alternateName":"CVI","potentialAction":[{"@type":"SearchAction","target":{"@type":"EntryPoint","urlTemplate":"https:\/\/cvinoticias.com\/v3\/?s={search_term_string}"},"query-input":{"@type":"PropertyValueSpecification","valueRequired":true,"valueName":"search_term_string"}}],"inLanguage":"es"},{"@type":"Organization","@id":"https:\/\/cvinoticias.com\/v3\/#organization","name":"CVI NOTICIAS","url":"https:\/\/cvinoticias.com\/v3\/","logo":{"@type":"ImageObject","inLanguage":"es","@id":"https:\/\/cvinoticias.com\/v3\/#\/schema\/logo\/image\/","url":"https:\/\/cvinoticias.com\/wp-content\/uploads\/2023\/04\/cropped-cropped-cropped-cropped-cropped-3-1.png","contentUrl":"https:\/\/cvinoticias.com\/wp-content\/uploads\/2023\/04\/cropped-cropped-cropped-cropped-cropped-3-1.png","width":95,"height":122,"caption":"CVI NOTICIAS"},"image":{"@id":"https:\/\/cvinoticias.com\/v3\/#\/schema\/logo\/image\/"},"sameAs":["https:\/\/www.facebook.com\/cvinoticias","https:\/\/www.instagram.com\/cvinoticias\/","https:\/\/www.youtube.com\/@CVINOTICIAS"]},{"@type":"Person","@id":"https:\/\/cvinoticias.com\/v3\/#\/schema\/person\/2db77e3c6bc03c538495d7b2b8be9b66","name":"f1000024","image":{"@type":"ImageObject","inLanguage":"es","@id":"https:\/\/secure.gravatar.com\/avatar\/d4fe7459cfc51ff5129ce1a732bbef5928568b8092d412ef95611616376bbeed?s=96&d=mm&r=g","url":"https:\/\/secure.gravatar.com\/avatar\/d4fe7459cfc51ff5129ce1a732bbef5928568b8092d412ef95611616376bbeed?s=96&d=mm&r=g","contentUrl":"https:\/\/secure.gravatar.com\/avatar\/d4fe7459cfc51ff5129ce1a732bbef5928568b8092d412ef95611616376bbeed?s=96&d=mm&r=g","caption":"f1000024"},"url":"https:\/\/cvinoticias.com\/v3\/author\/f1000024\/"}]}},"_links":{"self":[{"href":"https:\/\/cvinoticias.com\/v3\/wp-json\/wp\/v2\/posts\/13004","targetHints":{"allow":["GET"]}}],"collection":[{"href":"https:\/\/cvinoticias.com\/v3\/wp-json\/wp\/v2\/posts"}],"about":[{"href":"https:\/\/cvinoticias.com\/v3\/wp-json\/wp\/v2\/types\/post"}],"author":[{"embeddable":true,"href":"https:\/\/cvinoticias.com\/v3\/wp-json\/wp\/v2\/users\/2"}],"replies":[{"embeddable":true,"href":"https:\/\/cvinoticias.com\/v3\/wp-json\/wp\/v2\/comments?post=13004"}],"version-history":[{"count":1,"href":"https:\/\/cvinoticias.com\/v3\/wp-json\/wp\/v2\/posts\/13004\/revisions"}],"predecessor-version":[{"id":13006,"href":"https:\/\/cvinoticias.com\/v3\/wp-json\/wp\/v2\/posts\/13004\/revisions\/13006"}],"wp:featuredmedia":[{"embeddable":true,"href":"https:\/\/cvinoticias.com\/v3\/wp-json\/wp\/v2\/media\/13005"}],"wp:attachment":[{"href":"https:\/\/cvinoticias.com\/v3\/wp-json\/wp\/v2\/media?parent=13004"}],"wp:term":[{"taxonomy":"category","embeddable":true,"href":"https:\/\/cvinoticias.com\/v3\/wp-json\/wp\/v2\/categories?post=13004"},{"taxonomy":"post_tag","embeddable":true,"href":"https:\/\/cvinoticias.com\/v3\/wp-json\/wp\/v2\/tags?post=13004"}],"curies":[{"name":"wp","href":"https:\/\/api.w.org\/{rel}","templated":true}]}}