{"id":12932,"date":"2022-02-05T15:58:15","date_gmt":"2022-02-05T15:58:15","guid":{"rendered":"https:\/\/cvinoticias.com\/v3\/?p=12932"},"modified":"2022-02-05T15:58:15","modified_gmt":"2022-02-05T15:58:15","slug":"esta-vivo-el-grito-emocionado-de-los-rescatistas-que-buscan-salvar-a-rayan","status":"publish","type":"post","link":"https:\/\/cvinoticias.com\/v3\/esta-vivo-el-grito-emocionado-de-los-rescatistas-que-buscan-salvar-a-rayan\/","title":{"rendered":"\u00ab\u00a1Est\u00e1 vivo!\u00bb, el grito emocionado de los rescatistas que buscan salvar a Rayan"},"content":{"rendered":"\n<p><strong><em>\u00abRespira con dificultad pero est\u00e1 vivo\u00bb, dijo uno de los socorristas que procuran sacar al ni\u00f1o marroqu\u00ed del pozo de 32 metros de profundidad\u00a0 donde cay\u00f3 hace cinco d\u00edas.<\/em><\/strong><\/p>\n\n\n\n<p><strong>\u00abRespira con dificultad pero est\u00e1 vivo\u00bb, lanz\u00f3 uno de los socorristas<\/strong>&nbsp;que procuran rescatar del pozo de 32 metros de profundidad en el que Rayan, un ni\u00f1o marroqu\u00ed, cay\u00f3 hace cinco d\u00edas.<\/p>\n\n\n\n<p>La c\u00e1mara de los rescatistas mostraba esta ma\u00f1ana que Rayan se mov\u00eda y su padre confirm\u00f3: \u00abLe habl\u00e9 de lejos por radio, escuch\u00e9 su respiraci\u00f3n, respira con dificultad pero est\u00e1 vivo\u00bb, afirm\u00f3 conmovido el rescatista, seg\u00fan la agencia italiana ANSA.<\/p>\n\n\n\n<p>En tanto, el equipo t\u00e9cnico que trabajaba para intentar liberar al ni\u00f1o de cinco a\u00f1os logr\u00f3 alcanzar con el pozo paralelo la misma profundidad a la que se cree que estar\u00eda el ni\u00f1o, y ya ingresaba al t\u00fanel para rescatar a Ryan, consignaron las agencias DPA y AFP.<\/p>\n\n\n\n<p>Lanzados en una carrera contrarreloj cada vez m\u00e1s desesperada, socorristas marroqu\u00edes trabajaban para intentar salvar a Rayan, un ni\u00f1o de cinco a\u00f1os que cay\u00f3 en un pozo cinco d\u00edas atr\u00e1s y cuya suerte tiene en vilo al pa\u00eds del norte de \u00c1frica.<\/p>\n\n\n\n<figure class=\"wp-block-image size-full\"><a href=\"https:\/\/cvinoticias.com\/wp-content\/uploads\/2022\/02\/rescate-rayan.jpg\"><img decoding=\"async\" width=\"1024\" height=\"683\" data-src=\"https:\/\/cvinoticias.com\/wp-content\/uploads\/2022\/02\/rescate-rayan.jpg\" alt=\"\" class=\"wp-image-12933 lazyload\" data-srcset=\"https:\/\/cvinoticias.com\/wp-content\/uploads\/2022\/02\/rescate-rayan.jpg 1024w, https:\/\/cvinoticias.com\/wp-content\/uploads\/2022\/02\/rescate-rayan-300x200.jpg 300w, https:\/\/cvinoticias.com\/wp-content\/uploads\/2022\/02\/rescate-rayan-768x512.jpg 768w\" data-sizes=\"(max-width: 1024px) 100vw, 1024px\" src=\"data:image\/svg+xml;base64,PHN2ZyB3aWR0aD0iMSIgaGVpZ2h0PSIxIiB4bWxucz0iaHR0cDovL3d3dy53My5vcmcvMjAwMC9zdmciPjwvc3ZnPg==\" style=\"--smush-placeholder-width: 1024px; --smush-placeholder-aspect-ratio: 1024\/683;\" \/><\/a><figcaption>Moroccan authorities and Moroccan civil defense members work to rescue five-year-old child Rayan trapped in a deep well for over two days in the northern province of Chefchaouen near Bab Berred on February 3, 2022. (Photo by AFP) (Photo by STR\/AFP via Getty Images)<\/figcaption><\/figure>\n\n\n\n<p>Los trabajos de perforaci\u00f3n avanzan muy lentamente en un pueblo de la regi\u00f3n del Rif del norte de Marruecos. Y los dos \u00faltimos metros para alcanzar al ni\u00f1o en el fondo de un pozo de 32 metros\u00a0son los m\u00e1s dif\u00edciles por los riesgos de desmoronamiento, consign\u00f3 la agencia de noticias AFP.<\/p>\n\n\n\n<p>Seg\u00fan las autoridades locales, citadas por esa agencia, los rescatistas, entre ellos ingenieros y top\u00f3grafos, cavan un t\u00fanel horizontal de tres metros, mientras los equipos t\u00e9cnicos se encargan de garantizar la seguridad del per\u00edmetro.<\/p>\n\n\n\n<p>Los rescatistas trabajaban en \u00abcondiciones dif\u00edciles\u00bb estas \u00faltimas horas, ayudados por potentes proyectores\u00a0y, seg\u00fan AFP, \u00abno se filtr\u00f3 ninguna informaci\u00f3n sobre la suerte del peque\u00f1o Rayan pero a medida que pasan las horas se instala la duda sobre las posibilidades de hallarlo con vida\u00bb.<\/p>\n\n\n\n<p>Miles de personas,\u00a0algunas originarias de la regi\u00f3n, acudieron para mostrar su solidaridad y acampan all\u00ed a pesar del fr\u00edo glacial de esta zona monta\u00f1osa de la regi\u00f3n marroqu\u00ed de Rif, a unos 700 metros de altitud.<\/p>\n\n\n\n<p>\u00abVinimos a apoyar a los socorristas. Rayan es un ni\u00f1o de nuestra regi\u00f3n, rezamos a Dios para que se salve\u00bb, dijo un voluntario, quien agreg\u00f3. \u00abNo nos iremos hasta que salga del pozo\u00bb.<\/p>\n\n\n\n<p>\u00abYa casi hemos llegado. Trabajamos de manera constante.\u00a0El cansancio se hace sentir, pero todos los equipos de rescate est\u00e1n resistiendo a pesar de los imprevistos\u00bb, dijo uno de los responsables del operativo.<\/p>\n\n\n\n<p>Rayan cay\u00f3 accidentalmente el martes pasado en un pozo seco, estrecho y de dif\u00edcil acceso, excavado a proximidad de la casa familiar, en la aldea de Ighran, cerca de la ciudad de Bab Berred, en la provincia norte\u00f1a de Chefchauen.<\/p>\n\n\n\n<p>\u00abConservo la esperanza de que mi hijo saldr\u00e1 vivo de ese pozo\u00bb, declar\u00f3 anoche el padre de Rayan a un canal marroqu\u00ed. \u00abAgradezco a todas las personas movilizadas y a aquellas que nos apoyan en Marruecos y otros lugares\u00bb, a\u00f1adi\u00f3.<\/p>\n\n\n\n<p><strong><em>Fuente: T\u00e9lam <\/em><\/strong><\/p>\n\n\n\n<p><a href=\"javascript:void(0);\"><\/a><\/p>\n","protected":false},"excerpt":{"rendered":"<p>\u00abRespira con dificultad pero est\u00e1 vivo\u00bb, dijo uno de los socorristas que procuran sacar al ni\u00f1o marroqu\u00ed del pozo de 32 metros de profundidad\u00a0 donde cay\u00f3 hace cinco d\u00edas. \u00abRespira con dificultad pero est\u00e1 vivo\u00bb, lanz\u00f3 uno de los socorristas&nbsp;que procuran rescatar del pozo de 32 metros de profundidad en el que Rayan, un ni\u00f1o [&hellip;]<\/p>\n","protected":false},"author":2,"featured_media":12934,"comment_status":"open","ping_status":"open","sticky":false,"template":"","format":"standard","meta":{"footnotes":""},"categories":[36],"tags":[],"class_list":["post-12932","post","type-post","status-publish","format-standard","has-post-thumbnail","hentry","category-internacionales"],"yoast_head":"<!-- This site is optimized with the Yoast SEO plugin v27.4 - https:\/\/yoast.com\/product\/yoast-seo-wordpress\/ -->\n<title>&quot;\u00a1Est\u00e1 vivo!&quot;, el grito emocionado de los rescatistas que buscan salvar a Rayan | CVI NOTICIAS<\/title>\n<meta name=\"robots\" content=\"index, follow, max-snippet:-1, max-image-preview:large, max-video-preview:-1\" \/>\n<link rel=\"canonical\" href=\"https:\/\/cvinoticias.com\/v3\/esta-vivo-el-grito-emocionado-de-los-rescatistas-que-buscan-salvar-a-rayan\/\" \/>\n<meta property=\"og:locale\" content=\"es_ES\" \/>\n<meta property=\"og:type\" content=\"article\" \/>\n<meta property=\"og:title\" content=\"&quot;\u00a1Est\u00e1 vivo!&quot;, el grito emocionado de los rescatistas que buscan salvar a Rayan | CVI NOTICIAS\" \/>\n<meta property=\"og:description\" content=\"\u00abRespira con dificultad pero est\u00e1 vivo\u00bb, dijo uno de los socorristas que procuran sacar al ni\u00f1o marroqu\u00ed del pozo de 32 metros de profundidad\u00a0 donde cay\u00f3 hace cinco d\u00edas. \u00abRespira con dificultad pero est\u00e1 vivo\u00bb, lanz\u00f3 uno de los socorristas&nbsp;que procuran rescatar del pozo de 32 metros de profundidad en el que Rayan, un ni\u00f1o [&hellip;]\" \/>\n<meta property=\"og:url\" content=\"https:\/\/cvinoticias.com\/v3\/esta-vivo-el-grito-emocionado-de-los-rescatistas-que-buscan-salvar-a-rayan\/\" \/>\n<meta property=\"og:site_name\" content=\"CVI NOTICIAS\" \/>\n<meta property=\"article:publisher\" content=\"https:\/\/www.facebook.com\/cvinoticias\" \/>\n<meta property=\"article:published_time\" content=\"2022-02-05T15:58:15+00:00\" \/>\n<meta property=\"og:image\" content=\"https:\/\/cvinoticias.com\/wp-content\/uploads\/2022\/02\/f608x342-89058_118781_7.jpg\" \/>\n\t<meta property=\"og:image:width\" content=\"608\" \/>\n\t<meta property=\"og:image:height\" content=\"342\" \/>\n\t<meta property=\"og:image:type\" content=\"image\/jpeg\" \/>\n<meta name=\"author\" content=\"f1000024\" \/>\n<meta name=\"twitter:card\" content=\"summary_large_image\" \/>\n<meta name=\"twitter:label1\" content=\"Escrito por\" \/>\n\t<meta name=\"twitter:data1\" content=\"f1000024\" \/>\n\t<meta name=\"twitter:label2\" content=\"Tiempo de lectura\" \/>\n\t<meta name=\"twitter:data2\" content=\"3 minutos\" \/>\n<script type=\"application\/ld+json\" class=\"yoast-schema-graph\">{\"@context\":\"https:\\\/\\\/schema.org\",\"@graph\":[{\"@type\":\"Article\",\"@id\":\"https:\\\/\\\/cvinoticias.com\\\/v3\\\/esta-vivo-el-grito-emocionado-de-los-rescatistas-que-buscan-salvar-a-rayan\\\/#article\",\"isPartOf\":{\"@id\":\"https:\\\/\\\/cvinoticias.com\\\/v3\\\/esta-vivo-el-grito-emocionado-de-los-rescatistas-que-buscan-salvar-a-rayan\\\/\"},\"author\":{\"name\":\"f1000024\",\"@id\":\"https:\\\/\\\/cvinoticias.com\\\/v3\\\/#\\\/schema\\\/person\\\/2db77e3c6bc03c538495d7b2b8be9b66\"},\"headline\":\"\u00ab\u00a1Est\u00e1 vivo!\u00bb, el grito emocionado de los rescatistas que buscan salvar a Rayan\",\"datePublished\":\"2022-02-05T15:58:15+00:00\",\"mainEntityOfPage\":{\"@id\":\"https:\\\/\\\/cvinoticias.com\\\/v3\\\/esta-vivo-el-grito-emocionado-de-los-rescatistas-que-buscan-salvar-a-rayan\\\/\"},\"wordCount\":607,\"commentCount\":0,\"publisher\":{\"@id\":\"https:\\\/\\\/cvinoticias.com\\\/v3\\\/#organization\"},\"image\":{\"@id\":\"https:\\\/\\\/cvinoticias.com\\\/v3\\\/esta-vivo-el-grito-emocionado-de-los-rescatistas-que-buscan-salvar-a-rayan\\\/#primaryimage\"},\"thumbnailUrl\":\"https:\\\/\\\/cvinoticias.com\\\/wp-content\\\/uploads\\\/2022\\\/02\\\/f608x342-89058_118781_7.jpg\",\"articleSection\":[\"Internacionales\"],\"inLanguage\":\"es\",\"potentialAction\":[{\"@type\":\"CommentAction\",\"name\":\"Comment\",\"target\":[\"https:\\\/\\\/cvinoticias.com\\\/v3\\\/esta-vivo-el-grito-emocionado-de-los-rescatistas-que-buscan-salvar-a-rayan\\\/#respond\"]}]},{\"@type\":\"WebPage\",\"@id\":\"https:\\\/\\\/cvinoticias.com\\\/v3\\\/esta-vivo-el-grito-emocionado-de-los-rescatistas-que-buscan-salvar-a-rayan\\\/\",\"url\":\"https:\\\/\\\/cvinoticias.com\\\/v3\\\/esta-vivo-el-grito-emocionado-de-los-rescatistas-que-buscan-salvar-a-rayan\\\/\",\"name\":\"\\\"\u00a1Est\u00e1 vivo!\\\", el grito emocionado de los rescatistas que buscan salvar a Rayan | CVI NOTICIAS\",\"isPartOf\":{\"@id\":\"https:\\\/\\\/cvinoticias.com\\\/v3\\\/#website\"},\"primaryImageOfPage\":{\"@id\":\"https:\\\/\\\/cvinoticias.com\\\/v3\\\/esta-vivo-el-grito-emocionado-de-los-rescatistas-que-buscan-salvar-a-rayan\\\/#primaryimage\"},\"image\":{\"@id\":\"https:\\\/\\\/cvinoticias.com\\\/v3\\\/esta-vivo-el-grito-emocionado-de-los-rescatistas-que-buscan-salvar-a-rayan\\\/#primaryimage\"},\"thumbnailUrl\":\"https:\\\/\\\/cvinoticias.com\\\/wp-content\\\/uploads\\\/2022\\\/02\\\/f608x342-89058_118781_7.jpg\",\"datePublished\":\"2022-02-05T15:58:15+00:00\",\"breadcrumb\":{\"@id\":\"https:\\\/\\\/cvinoticias.com\\\/v3\\\/esta-vivo-el-grito-emocionado-de-los-rescatistas-que-buscan-salvar-a-rayan\\\/#breadcrumb\"},\"inLanguage\":\"es\",\"potentialAction\":[{\"@type\":\"ReadAction\",\"target\":[\"https:\\\/\\\/cvinoticias.com\\\/v3\\\/esta-vivo-el-grito-emocionado-de-los-rescatistas-que-buscan-salvar-a-rayan\\\/\"]}]},{\"@type\":\"ImageObject\",\"inLanguage\":\"es\",\"@id\":\"https:\\\/\\\/cvinoticias.com\\\/v3\\\/esta-vivo-el-grito-emocionado-de-los-rescatistas-que-buscan-salvar-a-rayan\\\/#primaryimage\",\"url\":\"https:\\\/\\\/cvinoticias.com\\\/wp-content\\\/uploads\\\/2022\\\/02\\\/f608x342-89058_118781_7.jpg\",\"contentUrl\":\"https:\\\/\\\/cvinoticias.com\\\/wp-content\\\/uploads\\\/2022\\\/02\\\/f608x342-89058_118781_7.jpg\",\"width\":608,\"height\":342},{\"@type\":\"BreadcrumbList\",\"@id\":\"https:\\\/\\\/cvinoticias.com\\\/v3\\\/esta-vivo-el-grito-emocionado-de-los-rescatistas-que-buscan-salvar-a-rayan\\\/#breadcrumb\",\"itemListElement\":[{\"@type\":\"ListItem\",\"position\":1,\"name\":\"Portada\",\"item\":\"https:\\\/\\\/cvinoticias.com\\\/v3\\\/\"},{\"@type\":\"ListItem\",\"position\":2,\"name\":\"\u00ab\u00a1Est\u00e1 vivo!\u00bb, el grito emocionado de los rescatistas que buscan salvar a Rayan\"}]},{\"@type\":\"WebSite\",\"@id\":\"https:\\\/\\\/cvinoticias.com\\\/v3\\\/#website\",\"url\":\"https:\\\/\\\/cvinoticias.com\\\/v3\\\/\",\"name\":\"CVI NOTICIAS\",\"description\":\"\",\"publisher\":{\"@id\":\"https:\\\/\\\/cvinoticias.com\\\/v3\\\/#organization\"},\"alternateName\":\"CVI\",\"potentialAction\":[{\"@type\":\"SearchAction\",\"target\":{\"@type\":\"EntryPoint\",\"urlTemplate\":\"https:\\\/\\\/cvinoticias.com\\\/v3\\\/?s={search_term_string}\"},\"query-input\":{\"@type\":\"PropertyValueSpecification\",\"valueRequired\":true,\"valueName\":\"search_term_string\"}}],\"inLanguage\":\"es\"},{\"@type\":\"Organization\",\"@id\":\"https:\\\/\\\/cvinoticias.com\\\/v3\\\/#organization\",\"name\":\"CVI NOTICIAS\",\"url\":\"https:\\\/\\\/cvinoticias.com\\\/v3\\\/\",\"logo\":{\"@type\":\"ImageObject\",\"inLanguage\":\"es\",\"@id\":\"https:\\\/\\\/cvinoticias.com\\\/v3\\\/#\\\/schema\\\/logo\\\/image\\\/\",\"url\":\"https:\\\/\\\/cvinoticias.com\\\/wp-content\\\/uploads\\\/2023\\\/04\\\/cropped-cropped-cropped-cropped-cropped-3-1.png\",\"contentUrl\":\"https:\\\/\\\/cvinoticias.com\\\/wp-content\\\/uploads\\\/2023\\\/04\\\/cropped-cropped-cropped-cropped-cropped-3-1.png\",\"width\":95,\"height\":122,\"caption\":\"CVI NOTICIAS\"},\"image\":{\"@id\":\"https:\\\/\\\/cvinoticias.com\\\/v3\\\/#\\\/schema\\\/logo\\\/image\\\/\"},\"sameAs\":[\"https:\\\/\\\/www.facebook.com\\\/cvinoticias\",\"https:\\\/\\\/www.instagram.com\\\/cvinoticias\\\/\",\"https:\\\/\\\/www.youtube.com\\\/@CVINOTICIAS\"]},{\"@type\":\"Person\",\"@id\":\"https:\\\/\\\/cvinoticias.com\\\/v3\\\/#\\\/schema\\\/person\\\/2db77e3c6bc03c538495d7b2b8be9b66\",\"name\":\"f1000024\",\"image\":{\"@type\":\"ImageObject\",\"inLanguage\":\"es\",\"@id\":\"https:\\\/\\\/secure.gravatar.com\\\/avatar\\\/d4fe7459cfc51ff5129ce1a732bbef5928568b8092d412ef95611616376bbeed?s=96&d=mm&r=g\",\"url\":\"https:\\\/\\\/secure.gravatar.com\\\/avatar\\\/d4fe7459cfc51ff5129ce1a732bbef5928568b8092d412ef95611616376bbeed?s=96&d=mm&r=g\",\"contentUrl\":\"https:\\\/\\\/secure.gravatar.com\\\/avatar\\\/d4fe7459cfc51ff5129ce1a732bbef5928568b8092d412ef95611616376bbeed?s=96&d=mm&r=g\",\"caption\":\"f1000024\"},\"url\":\"https:\\\/\\\/cvinoticias.com\\\/v3\\\/author\\\/f1000024\\\/\"}]}<\/script>\n<!-- \/ Yoast SEO plugin. -->","yoast_head_json":{"title":"\"\u00a1Est\u00e1 vivo!\", el grito emocionado de los rescatistas que buscan salvar a Rayan | CVI NOTICIAS","robots":{"index":"index","follow":"follow","max-snippet":"max-snippet:-1","max-image-preview":"max-image-preview:large","max-video-preview":"max-video-preview:-1"},"canonical":"https:\/\/cvinoticias.com\/v3\/esta-vivo-el-grito-emocionado-de-los-rescatistas-que-buscan-salvar-a-rayan\/","og_locale":"es_ES","og_type":"article","og_title":"\"\u00a1Est\u00e1 vivo!\", el grito emocionado de los rescatistas que buscan salvar a Rayan | CVI NOTICIAS","og_description":"\u00abRespira con dificultad pero est\u00e1 vivo\u00bb, dijo uno de los socorristas que procuran sacar al ni\u00f1o marroqu\u00ed del pozo de 32 metros de profundidad\u00a0 donde cay\u00f3 hace cinco d\u00edas. \u00abRespira con dificultad pero est\u00e1 vivo\u00bb, lanz\u00f3 uno de los socorristas&nbsp;que procuran rescatar del pozo de 32 metros de profundidad en el que Rayan, un ni\u00f1o [&hellip;]","og_url":"https:\/\/cvinoticias.com\/v3\/esta-vivo-el-grito-emocionado-de-los-rescatistas-que-buscan-salvar-a-rayan\/","og_site_name":"CVI NOTICIAS","article_publisher":"https:\/\/www.facebook.com\/cvinoticias","article_published_time":"2022-02-05T15:58:15+00:00","og_image":[{"width":608,"height":342,"url":"https:\/\/cvinoticias.com\/wp-content\/uploads\/2022\/02\/f608x342-89058_118781_7.jpg","type":"image\/jpeg"}],"author":"f1000024","twitter_card":"summary_large_image","twitter_misc":{"Escrito por":"f1000024","Tiempo de lectura":"3 minutos"},"schema":{"@context":"https:\/\/schema.org","@graph":[{"@type":"Article","@id":"https:\/\/cvinoticias.com\/v3\/esta-vivo-el-grito-emocionado-de-los-rescatistas-que-buscan-salvar-a-rayan\/#article","isPartOf":{"@id":"https:\/\/cvinoticias.com\/v3\/esta-vivo-el-grito-emocionado-de-los-rescatistas-que-buscan-salvar-a-rayan\/"},"author":{"name":"f1000024","@id":"https:\/\/cvinoticias.com\/v3\/#\/schema\/person\/2db77e3c6bc03c538495d7b2b8be9b66"},"headline":"\u00ab\u00a1Est\u00e1 vivo!\u00bb, el grito emocionado de los rescatistas que buscan salvar a Rayan","datePublished":"2022-02-05T15:58:15+00:00","mainEntityOfPage":{"@id":"https:\/\/cvinoticias.com\/v3\/esta-vivo-el-grito-emocionado-de-los-rescatistas-que-buscan-salvar-a-rayan\/"},"wordCount":607,"commentCount":0,"publisher":{"@id":"https:\/\/cvinoticias.com\/v3\/#organization"},"image":{"@id":"https:\/\/cvinoticias.com\/v3\/esta-vivo-el-grito-emocionado-de-los-rescatistas-que-buscan-salvar-a-rayan\/#primaryimage"},"thumbnailUrl":"https:\/\/cvinoticias.com\/wp-content\/uploads\/2022\/02\/f608x342-89058_118781_7.jpg","articleSection":["Internacionales"],"inLanguage":"es","potentialAction":[{"@type":"CommentAction","name":"Comment","target":["https:\/\/cvinoticias.com\/v3\/esta-vivo-el-grito-emocionado-de-los-rescatistas-que-buscan-salvar-a-rayan\/#respond"]}]},{"@type":"WebPage","@id":"https:\/\/cvinoticias.com\/v3\/esta-vivo-el-grito-emocionado-de-los-rescatistas-que-buscan-salvar-a-rayan\/","url":"https:\/\/cvinoticias.com\/v3\/esta-vivo-el-grito-emocionado-de-los-rescatistas-que-buscan-salvar-a-rayan\/","name":"\"\u00a1Est\u00e1 vivo!\", el grito emocionado de los rescatistas que buscan salvar a Rayan | CVI NOTICIAS","isPartOf":{"@id":"https:\/\/cvinoticias.com\/v3\/#website"},"primaryImageOfPage":{"@id":"https:\/\/cvinoticias.com\/v3\/esta-vivo-el-grito-emocionado-de-los-rescatistas-que-buscan-salvar-a-rayan\/#primaryimage"},"image":{"@id":"https:\/\/cvinoticias.com\/v3\/esta-vivo-el-grito-emocionado-de-los-rescatistas-que-buscan-salvar-a-rayan\/#primaryimage"},"thumbnailUrl":"https:\/\/cvinoticias.com\/wp-content\/uploads\/2022\/02\/f608x342-89058_118781_7.jpg","datePublished":"2022-02-05T15:58:15+00:00","breadcrumb":{"@id":"https:\/\/cvinoticias.com\/v3\/esta-vivo-el-grito-emocionado-de-los-rescatistas-que-buscan-salvar-a-rayan\/#breadcrumb"},"inLanguage":"es","potentialAction":[{"@type":"ReadAction","target":["https:\/\/cvinoticias.com\/v3\/esta-vivo-el-grito-emocionado-de-los-rescatistas-que-buscan-salvar-a-rayan\/"]}]},{"@type":"ImageObject","inLanguage":"es","@id":"https:\/\/cvinoticias.com\/v3\/esta-vivo-el-grito-emocionado-de-los-rescatistas-que-buscan-salvar-a-rayan\/#primaryimage","url":"https:\/\/cvinoticias.com\/wp-content\/uploads\/2022\/02\/f608x342-89058_118781_7.jpg","contentUrl":"https:\/\/cvinoticias.com\/wp-content\/uploads\/2022\/02\/f608x342-89058_118781_7.jpg","width":608,"height":342},{"@type":"BreadcrumbList","@id":"https:\/\/cvinoticias.com\/v3\/esta-vivo-el-grito-emocionado-de-los-rescatistas-que-buscan-salvar-a-rayan\/#breadcrumb","itemListElement":[{"@type":"ListItem","position":1,"name":"Portada","item":"https:\/\/cvinoticias.com\/v3\/"},{"@type":"ListItem","position":2,"name":"\u00ab\u00a1Est\u00e1 vivo!\u00bb, el grito emocionado de los rescatistas que buscan salvar a Rayan"}]},{"@type":"WebSite","@id":"https:\/\/cvinoticias.com\/v3\/#website","url":"https:\/\/cvinoticias.com\/v3\/","name":"CVI NOTICIAS","description":"","publisher":{"@id":"https:\/\/cvinoticias.com\/v3\/#organization"},"alternateName":"CVI","potentialAction":[{"@type":"SearchAction","target":{"@type":"EntryPoint","urlTemplate":"https:\/\/cvinoticias.com\/v3\/?s={search_term_string}"},"query-input":{"@type":"PropertyValueSpecification","valueRequired":true,"valueName":"search_term_string"}}],"inLanguage":"es"},{"@type":"Organization","@id":"https:\/\/cvinoticias.com\/v3\/#organization","name":"CVI NOTICIAS","url":"https:\/\/cvinoticias.com\/v3\/","logo":{"@type":"ImageObject","inLanguage":"es","@id":"https:\/\/cvinoticias.com\/v3\/#\/schema\/logo\/image\/","url":"https:\/\/cvinoticias.com\/wp-content\/uploads\/2023\/04\/cropped-cropped-cropped-cropped-cropped-3-1.png","contentUrl":"https:\/\/cvinoticias.com\/wp-content\/uploads\/2023\/04\/cropped-cropped-cropped-cropped-cropped-3-1.png","width":95,"height":122,"caption":"CVI NOTICIAS"},"image":{"@id":"https:\/\/cvinoticias.com\/v3\/#\/schema\/logo\/image\/"},"sameAs":["https:\/\/www.facebook.com\/cvinoticias","https:\/\/www.instagram.com\/cvinoticias\/","https:\/\/www.youtube.com\/@CVINOTICIAS"]},{"@type":"Person","@id":"https:\/\/cvinoticias.com\/v3\/#\/schema\/person\/2db77e3c6bc03c538495d7b2b8be9b66","name":"f1000024","image":{"@type":"ImageObject","inLanguage":"es","@id":"https:\/\/secure.gravatar.com\/avatar\/d4fe7459cfc51ff5129ce1a732bbef5928568b8092d412ef95611616376bbeed?s=96&d=mm&r=g","url":"https:\/\/secure.gravatar.com\/avatar\/d4fe7459cfc51ff5129ce1a732bbef5928568b8092d412ef95611616376bbeed?s=96&d=mm&r=g","contentUrl":"https:\/\/secure.gravatar.com\/avatar\/d4fe7459cfc51ff5129ce1a732bbef5928568b8092d412ef95611616376bbeed?s=96&d=mm&r=g","caption":"f1000024"},"url":"https:\/\/cvinoticias.com\/v3\/author\/f1000024\/"}]}},"_links":{"self":[{"href":"https:\/\/cvinoticias.com\/v3\/wp-json\/wp\/v2\/posts\/12932","targetHints":{"allow":["GET"]}}],"collection":[{"href":"https:\/\/cvinoticias.com\/v3\/wp-json\/wp\/v2\/posts"}],"about":[{"href":"https:\/\/cvinoticias.com\/v3\/wp-json\/wp\/v2\/types\/post"}],"author":[{"embeddable":true,"href":"https:\/\/cvinoticias.com\/v3\/wp-json\/wp\/v2\/users\/2"}],"replies":[{"embeddable":true,"href":"https:\/\/cvinoticias.com\/v3\/wp-json\/wp\/v2\/comments?post=12932"}],"version-history":[{"count":1,"href":"https:\/\/cvinoticias.com\/v3\/wp-json\/wp\/v2\/posts\/12932\/revisions"}],"predecessor-version":[{"id":12935,"href":"https:\/\/cvinoticias.com\/v3\/wp-json\/wp\/v2\/posts\/12932\/revisions\/12935"}],"wp:featuredmedia":[{"embeddable":true,"href":"https:\/\/cvinoticias.com\/v3\/wp-json\/wp\/v2\/media\/12934"}],"wp:attachment":[{"href":"https:\/\/cvinoticias.com\/v3\/wp-json\/wp\/v2\/media?parent=12932"}],"wp:term":[{"taxonomy":"category","embeddable":true,"href":"https:\/\/cvinoticias.com\/v3\/wp-json\/wp\/v2\/categories?post=12932"},{"taxonomy":"post_tag","embeddable":true,"href":"https:\/\/cvinoticias.com\/v3\/wp-json\/wp\/v2\/tags?post=12932"}],"curies":[{"name":"wp","href":"https:\/\/api.w.org\/{rel}","templated":true}]}}