{"id":12919,"date":"2022-02-05T12:52:20","date_gmt":"2022-02-05T12:52:20","guid":{"rendered":"https:\/\/cvinoticias.com\/v3\/?p=12919"},"modified":"2022-02-05T12:52:20","modified_gmt":"2022-02-05T12:52:20","slug":"puerto-ricoun-motociclista-perdio-la-vida-tras-colisionar-con-un-utilitario-sobre-la-ruta-12","status":"publish","type":"post","link":"https:\/\/cvinoticias.com\/v3\/puerto-ricoun-motociclista-perdio-la-vida-tras-colisionar-con-un-utilitario-sobre-la-ruta-12\/","title":{"rendered":"Puerto Rico<br>Un motociclista perdi\u00f3 la vida tras colisionar con un utilitario sobre la Ruta 12"},"content":{"rendered":"\n<p><strong><em>El siniestro se registr\u00f3 anoche alrededor de las 23 horas sobre la arteria Nacional en el Km 1471 a la altura de la localidad de Puerto Rico, donde un veh\u00edculo Renault Kangoo conducido por un hombre 31 a\u00f1os que circulaba en sentido Iguaz\u00fa-Posadas, choc\u00f3 contra una motocicleta Honda Storm que era guiada por Leonardo Lima de 46 a\u00f1os.<\/em><\/strong><\/p>\n\n\n\n<p>Seg\u00fan las primeras averiguaciones ambos veh\u00edculos impactaron de manera frontal, lo que produjo que el conductor del rodado menor perdiera la vida al instante. El m\u00e9dico policial examin\u00f3 el cuerpo del hombre y constat\u00f3 que falleci\u00f3 en el lugar debido a las fracturas de craneo y politraumatismos.<\/p>\n\n\n\n<p>Por otro lado, el automovilista fue derivado consciente hasta el hospital local. En el accidente trabajaron los efectivos de la comisar\u00eda 1.\u00aa, la Divisi\u00f3n Seguridad Vial y Turismo, el personal de Bomberos Voluntarios y la Divisi\u00f3n Criminal\u00edstica para realizar las tareas planim\u00e9tricas correspondientes.<\/p>\n\n\n\n<p>El Juzgado de Instrucci\u00f3n Nro. 1 de esta localidad dispuso la autopsia y el secuestro de los automotores para pericias m\u00e1s exhaustivas.<\/p>\n","protected":false},"excerpt":{"rendered":"<p>El siniestro se registr\u00f3 anoche alrededor de las 23 horas sobre la arteria Nacional en el Km 1471 a la altura de la localidad de Puerto Rico, donde un veh\u00edculo Renault Kangoo conducido por un hombre 31 a\u00f1os que circulaba en sentido Iguaz\u00fa-Posadas, choc\u00f3 contra una motocicleta Honda Storm que era guiada por Leonardo Lima [&hellip;]<\/p>\n","protected":false},"author":2,"featured_media":12920,"comment_status":"open","ping_status":"open","sticky":false,"template":"","format":"standard","meta":{"footnotes":""},"categories":[41],"tags":[],"class_list":["post-12919","post","type-post","status-publish","format-standard","has-post-thumbnail","hentry","category-policiales"],"yoast_head":"<!-- This site is optimized with the Yoast SEO plugin v27.5 - https:\/\/yoast.com\/product\/yoast-seo-wordpress\/ -->\n<title>Puerto RicoUn motociclista perdi\u00f3 la vida tras colisionar con un utilitario sobre la Ruta 12 | CVI NOTICIAS<\/title>\n<meta name=\"robots\" content=\"index, follow, max-snippet:-1, max-image-preview:large, max-video-preview:-1\" \/>\n<link rel=\"canonical\" href=\"https:\/\/cvinoticias.com\/v3\/puerto-ricoun-motociclista-perdio-la-vida-tras-colisionar-con-un-utilitario-sobre-la-ruta-12\/\" \/>\n<meta property=\"og:locale\" content=\"es_ES\" \/>\n<meta property=\"og:type\" content=\"article\" \/>\n<meta property=\"og:title\" content=\"Puerto RicoUn motociclista perdi\u00f3 la vida tras colisionar con un utilitario sobre la Ruta 12 | CVI NOTICIAS\" \/>\n<meta property=\"og:description\" content=\"El siniestro se registr\u00f3 anoche alrededor de las 23 horas sobre la arteria Nacional en el Km 1471 a la altura de la localidad de Puerto Rico, donde un veh\u00edculo Renault Kangoo conducido por un hombre 31 a\u00f1os que circulaba en sentido Iguaz\u00fa-Posadas, choc\u00f3 contra una motocicleta Honda Storm que era guiada por Leonardo Lima [&hellip;]\" \/>\n<meta property=\"og:url\" content=\"https:\/\/cvinoticias.com\/v3\/puerto-ricoun-motociclista-perdio-la-vida-tras-colisionar-con-un-utilitario-sobre-la-ruta-12\/\" \/>\n<meta property=\"og:site_name\" content=\"CVI NOTICIAS\" \/>\n<meta property=\"article:publisher\" content=\"https:\/\/www.facebook.com\/cvinoticias\" \/>\n<meta property=\"article:published_time\" content=\"2022-02-05T12:52:20+00:00\" \/>\n<meta property=\"og:image\" content=\"https:\/\/cvinoticias.com\/wp-content\/uploads\/2022\/02\/IMG-20220205-WA0009.jpg\" \/>\n\t<meta property=\"og:image:width\" content=\"1600\" \/>\n\t<meta property=\"og:image:height\" content=\"900\" \/>\n\t<meta property=\"og:image:type\" content=\"image\/jpeg\" \/>\n<meta name=\"author\" content=\"f1000024\" \/>\n<meta name=\"twitter:card\" content=\"summary_large_image\" \/>\n<meta name=\"twitter:label1\" content=\"Escrito por\" \/>\n\t<meta name=\"twitter:data1\" content=\"f1000024\" \/>\n\t<meta name=\"twitter:label2\" content=\"Tiempo de lectura\" \/>\n\t<meta name=\"twitter:data2\" content=\"1 minuto\" \/>\n<script type=\"application\/ld+json\" class=\"yoast-schema-graph\">{\"@context\":\"https:\\\/\\\/schema.org\",\"@graph\":[{\"@type\":\"Article\",\"@id\":\"https:\\\/\\\/cvinoticias.com\\\/v3\\\/puerto-ricoun-motociclista-perdio-la-vida-tras-colisionar-con-un-utilitario-sobre-la-ruta-12\\\/#article\",\"isPartOf\":{\"@id\":\"https:\\\/\\\/cvinoticias.com\\\/v3\\\/puerto-ricoun-motociclista-perdio-la-vida-tras-colisionar-con-un-utilitario-sobre-la-ruta-12\\\/\"},\"author\":{\"name\":\"f1000024\",\"@id\":\"https:\\\/\\\/cvinoticias.com\\\/v3\\\/#\\\/schema\\\/person\\\/2db77e3c6bc03c538495d7b2b8be9b66\"},\"headline\":\"Puerto Rico Un motociclista perdi\u00f3 la vida tras colisionar con un utilitario sobre la Ruta 12\",\"datePublished\":\"2022-02-05T12:52:20+00:00\",\"mainEntityOfPage\":{\"@id\":\"https:\\\/\\\/cvinoticias.com\\\/v3\\\/puerto-ricoun-motociclista-perdio-la-vida-tras-colisionar-con-un-utilitario-sobre-la-ruta-12\\\/\"},\"wordCount\":192,\"commentCount\":0,\"publisher\":{\"@id\":\"https:\\\/\\\/cvinoticias.com\\\/v3\\\/#organization\"},\"image\":{\"@id\":\"https:\\\/\\\/cvinoticias.com\\\/v3\\\/puerto-ricoun-motociclista-perdio-la-vida-tras-colisionar-con-un-utilitario-sobre-la-ruta-12\\\/#primaryimage\"},\"thumbnailUrl\":\"https:\\\/\\\/cvinoticias.com\\\/wp-content\\\/uploads\\\/2022\\\/02\\\/IMG-20220205-WA0009.jpg\",\"articleSection\":[\"Policiales\"],\"inLanguage\":\"es\",\"potentialAction\":[{\"@type\":\"CommentAction\",\"name\":\"Comment\",\"target\":[\"https:\\\/\\\/cvinoticias.com\\\/v3\\\/puerto-ricoun-motociclista-perdio-la-vida-tras-colisionar-con-un-utilitario-sobre-la-ruta-12\\\/#respond\"]}]},{\"@type\":\"WebPage\",\"@id\":\"https:\\\/\\\/cvinoticias.com\\\/v3\\\/puerto-ricoun-motociclista-perdio-la-vida-tras-colisionar-con-un-utilitario-sobre-la-ruta-12\\\/\",\"url\":\"https:\\\/\\\/cvinoticias.com\\\/v3\\\/puerto-ricoun-motociclista-perdio-la-vida-tras-colisionar-con-un-utilitario-sobre-la-ruta-12\\\/\",\"name\":\"Puerto Rico Un motociclista perdi\u00f3 la vida tras colisionar con un utilitario sobre la Ruta 12 | CVI NOTICIAS\",\"isPartOf\":{\"@id\":\"https:\\\/\\\/cvinoticias.com\\\/v3\\\/#website\"},\"primaryImageOfPage\":{\"@id\":\"https:\\\/\\\/cvinoticias.com\\\/v3\\\/puerto-ricoun-motociclista-perdio-la-vida-tras-colisionar-con-un-utilitario-sobre-la-ruta-12\\\/#primaryimage\"},\"image\":{\"@id\":\"https:\\\/\\\/cvinoticias.com\\\/v3\\\/puerto-ricoun-motociclista-perdio-la-vida-tras-colisionar-con-un-utilitario-sobre-la-ruta-12\\\/#primaryimage\"},\"thumbnailUrl\":\"https:\\\/\\\/cvinoticias.com\\\/wp-content\\\/uploads\\\/2022\\\/02\\\/IMG-20220205-WA0009.jpg\",\"datePublished\":\"2022-02-05T12:52:20+00:00\",\"breadcrumb\":{\"@id\":\"https:\\\/\\\/cvinoticias.com\\\/v3\\\/puerto-ricoun-motociclista-perdio-la-vida-tras-colisionar-con-un-utilitario-sobre-la-ruta-12\\\/#breadcrumb\"},\"inLanguage\":\"es\",\"potentialAction\":[{\"@type\":\"ReadAction\",\"target\":[\"https:\\\/\\\/cvinoticias.com\\\/v3\\\/puerto-ricoun-motociclista-perdio-la-vida-tras-colisionar-con-un-utilitario-sobre-la-ruta-12\\\/\"]}]},{\"@type\":\"ImageObject\",\"inLanguage\":\"es\",\"@id\":\"https:\\\/\\\/cvinoticias.com\\\/v3\\\/puerto-ricoun-motociclista-perdio-la-vida-tras-colisionar-con-un-utilitario-sobre-la-ruta-12\\\/#primaryimage\",\"url\":\"https:\\\/\\\/cvinoticias.com\\\/wp-content\\\/uploads\\\/2022\\\/02\\\/IMG-20220205-WA0009.jpg\",\"contentUrl\":\"https:\\\/\\\/cvinoticias.com\\\/wp-content\\\/uploads\\\/2022\\\/02\\\/IMG-20220205-WA0009.jpg\",\"width\":1600,\"height\":900},{\"@type\":\"BreadcrumbList\",\"@id\":\"https:\\\/\\\/cvinoticias.com\\\/v3\\\/puerto-ricoun-motociclista-perdio-la-vida-tras-colisionar-con-un-utilitario-sobre-la-ruta-12\\\/#breadcrumb\",\"itemListElement\":[{\"@type\":\"ListItem\",\"position\":1,\"name\":\"Portada\",\"item\":\"https:\\\/\\\/cvinoticias.com\\\/v3\\\/\"},{\"@type\":\"ListItem\",\"position\":2,\"name\":\"Puerto RicoUn motociclista perdi\u00f3 la vida tras colisionar con un utilitario sobre la Ruta 12\"}]},{\"@type\":\"WebSite\",\"@id\":\"https:\\\/\\\/cvinoticias.com\\\/v3\\\/#website\",\"url\":\"https:\\\/\\\/cvinoticias.com\\\/v3\\\/\",\"name\":\"CVI NOTICIAS\",\"description\":\"\",\"publisher\":{\"@id\":\"https:\\\/\\\/cvinoticias.com\\\/v3\\\/#organization\"},\"alternateName\":\"CVI\",\"potentialAction\":[{\"@type\":\"SearchAction\",\"target\":{\"@type\":\"EntryPoint\",\"urlTemplate\":\"https:\\\/\\\/cvinoticias.com\\\/v3\\\/?s={search_term_string}\"},\"query-input\":{\"@type\":\"PropertyValueSpecification\",\"valueRequired\":true,\"valueName\":\"search_term_string\"}}],\"inLanguage\":\"es\"},{\"@type\":\"Organization\",\"@id\":\"https:\\\/\\\/cvinoticias.com\\\/v3\\\/#organization\",\"name\":\"CVI NOTICIAS\",\"url\":\"https:\\\/\\\/cvinoticias.com\\\/v3\\\/\",\"logo\":{\"@type\":\"ImageObject\",\"inLanguage\":\"es\",\"@id\":\"https:\\\/\\\/cvinoticias.com\\\/v3\\\/#\\\/schema\\\/logo\\\/image\\\/\",\"url\":\"https:\\\/\\\/cvinoticias.com\\\/wp-content\\\/uploads\\\/2023\\\/04\\\/cropped-cropped-cropped-cropped-cropped-3-1.png\",\"contentUrl\":\"https:\\\/\\\/cvinoticias.com\\\/wp-content\\\/uploads\\\/2023\\\/04\\\/cropped-cropped-cropped-cropped-cropped-3-1.png\",\"width\":95,\"height\":122,\"caption\":\"CVI NOTICIAS\"},\"image\":{\"@id\":\"https:\\\/\\\/cvinoticias.com\\\/v3\\\/#\\\/schema\\\/logo\\\/image\\\/\"},\"sameAs\":[\"https:\\\/\\\/www.facebook.com\\\/cvinoticias\",\"https:\\\/\\\/www.instagram.com\\\/cvinoticias\\\/\",\"https:\\\/\\\/www.youtube.com\\\/@CVINOTICIAS\"]},{\"@type\":\"Person\",\"@id\":\"https:\\\/\\\/cvinoticias.com\\\/v3\\\/#\\\/schema\\\/person\\\/2db77e3c6bc03c538495d7b2b8be9b66\",\"name\":\"f1000024\",\"image\":{\"@type\":\"ImageObject\",\"inLanguage\":\"es\",\"@id\":\"https:\\\/\\\/secure.gravatar.com\\\/avatar\\\/d4fe7459cfc51ff5129ce1a732bbef5928568b8092d412ef95611616376bbeed?s=96&d=mm&r=g\",\"url\":\"https:\\\/\\\/secure.gravatar.com\\\/avatar\\\/d4fe7459cfc51ff5129ce1a732bbef5928568b8092d412ef95611616376bbeed?s=96&d=mm&r=g\",\"contentUrl\":\"https:\\\/\\\/secure.gravatar.com\\\/avatar\\\/d4fe7459cfc51ff5129ce1a732bbef5928568b8092d412ef95611616376bbeed?s=96&d=mm&r=g\",\"caption\":\"f1000024\"},\"url\":\"https:\\\/\\\/cvinoticias.com\\\/v3\\\/author\\\/f1000024\\\/\"}]}<\/script>\n<!-- \/ Yoast SEO plugin. -->","yoast_head_json":{"title":"Puerto RicoUn motociclista perdi\u00f3 la vida tras colisionar con un utilitario sobre la Ruta 12 | CVI NOTICIAS","robots":{"index":"index","follow":"follow","max-snippet":"max-snippet:-1","max-image-preview":"max-image-preview:large","max-video-preview":"max-video-preview:-1"},"canonical":"https:\/\/cvinoticias.com\/v3\/puerto-ricoun-motociclista-perdio-la-vida-tras-colisionar-con-un-utilitario-sobre-la-ruta-12\/","og_locale":"es_ES","og_type":"article","og_title":"Puerto RicoUn motociclista perdi\u00f3 la vida tras colisionar con un utilitario sobre la Ruta 12 | CVI NOTICIAS","og_description":"El siniestro se registr\u00f3 anoche alrededor de las 23 horas sobre la arteria Nacional en el Km 1471 a la altura de la localidad de Puerto Rico, donde un veh\u00edculo Renault Kangoo conducido por un hombre 31 a\u00f1os que circulaba en sentido Iguaz\u00fa-Posadas, choc\u00f3 contra una motocicleta Honda Storm que era guiada por Leonardo Lima [&hellip;]","og_url":"https:\/\/cvinoticias.com\/v3\/puerto-ricoun-motociclista-perdio-la-vida-tras-colisionar-con-un-utilitario-sobre-la-ruta-12\/","og_site_name":"CVI NOTICIAS","article_publisher":"https:\/\/www.facebook.com\/cvinoticias","article_published_time":"2022-02-05T12:52:20+00:00","og_image":[{"width":1600,"height":900,"url":"https:\/\/cvinoticias.com\/wp-content\/uploads\/2022\/02\/IMG-20220205-WA0009.jpg","type":"image\/jpeg"}],"author":"f1000024","twitter_card":"summary_large_image","twitter_misc":{"Escrito por":"f1000024","Tiempo de lectura":"1 minuto"},"schema":{"@context":"https:\/\/schema.org","@graph":[{"@type":"Article","@id":"https:\/\/cvinoticias.com\/v3\/puerto-ricoun-motociclista-perdio-la-vida-tras-colisionar-con-un-utilitario-sobre-la-ruta-12\/#article","isPartOf":{"@id":"https:\/\/cvinoticias.com\/v3\/puerto-ricoun-motociclista-perdio-la-vida-tras-colisionar-con-un-utilitario-sobre-la-ruta-12\/"},"author":{"name":"f1000024","@id":"https:\/\/cvinoticias.com\/v3\/#\/schema\/person\/2db77e3c6bc03c538495d7b2b8be9b66"},"headline":"Puerto Rico Un motociclista perdi\u00f3 la vida tras colisionar con un utilitario sobre la Ruta 12","datePublished":"2022-02-05T12:52:20+00:00","mainEntityOfPage":{"@id":"https:\/\/cvinoticias.com\/v3\/puerto-ricoun-motociclista-perdio-la-vida-tras-colisionar-con-un-utilitario-sobre-la-ruta-12\/"},"wordCount":192,"commentCount":0,"publisher":{"@id":"https:\/\/cvinoticias.com\/v3\/#organization"},"image":{"@id":"https:\/\/cvinoticias.com\/v3\/puerto-ricoun-motociclista-perdio-la-vida-tras-colisionar-con-un-utilitario-sobre-la-ruta-12\/#primaryimage"},"thumbnailUrl":"https:\/\/cvinoticias.com\/wp-content\/uploads\/2022\/02\/IMG-20220205-WA0009.jpg","articleSection":["Policiales"],"inLanguage":"es","potentialAction":[{"@type":"CommentAction","name":"Comment","target":["https:\/\/cvinoticias.com\/v3\/puerto-ricoun-motociclista-perdio-la-vida-tras-colisionar-con-un-utilitario-sobre-la-ruta-12\/#respond"]}]},{"@type":"WebPage","@id":"https:\/\/cvinoticias.com\/v3\/puerto-ricoun-motociclista-perdio-la-vida-tras-colisionar-con-un-utilitario-sobre-la-ruta-12\/","url":"https:\/\/cvinoticias.com\/v3\/puerto-ricoun-motociclista-perdio-la-vida-tras-colisionar-con-un-utilitario-sobre-la-ruta-12\/","name":"Puerto Rico Un motociclista perdi\u00f3 la vida tras colisionar con un utilitario sobre la Ruta 12 | CVI NOTICIAS","isPartOf":{"@id":"https:\/\/cvinoticias.com\/v3\/#website"},"primaryImageOfPage":{"@id":"https:\/\/cvinoticias.com\/v3\/puerto-ricoun-motociclista-perdio-la-vida-tras-colisionar-con-un-utilitario-sobre-la-ruta-12\/#primaryimage"},"image":{"@id":"https:\/\/cvinoticias.com\/v3\/puerto-ricoun-motociclista-perdio-la-vida-tras-colisionar-con-un-utilitario-sobre-la-ruta-12\/#primaryimage"},"thumbnailUrl":"https:\/\/cvinoticias.com\/wp-content\/uploads\/2022\/02\/IMG-20220205-WA0009.jpg","datePublished":"2022-02-05T12:52:20+00:00","breadcrumb":{"@id":"https:\/\/cvinoticias.com\/v3\/puerto-ricoun-motociclista-perdio-la-vida-tras-colisionar-con-un-utilitario-sobre-la-ruta-12\/#breadcrumb"},"inLanguage":"es","potentialAction":[{"@type":"ReadAction","target":["https:\/\/cvinoticias.com\/v3\/puerto-ricoun-motociclista-perdio-la-vida-tras-colisionar-con-un-utilitario-sobre-la-ruta-12\/"]}]},{"@type":"ImageObject","inLanguage":"es","@id":"https:\/\/cvinoticias.com\/v3\/puerto-ricoun-motociclista-perdio-la-vida-tras-colisionar-con-un-utilitario-sobre-la-ruta-12\/#primaryimage","url":"https:\/\/cvinoticias.com\/wp-content\/uploads\/2022\/02\/IMG-20220205-WA0009.jpg","contentUrl":"https:\/\/cvinoticias.com\/wp-content\/uploads\/2022\/02\/IMG-20220205-WA0009.jpg","width":1600,"height":900},{"@type":"BreadcrumbList","@id":"https:\/\/cvinoticias.com\/v3\/puerto-ricoun-motociclista-perdio-la-vida-tras-colisionar-con-un-utilitario-sobre-la-ruta-12\/#breadcrumb","itemListElement":[{"@type":"ListItem","position":1,"name":"Portada","item":"https:\/\/cvinoticias.com\/v3\/"},{"@type":"ListItem","position":2,"name":"Puerto RicoUn motociclista perdi\u00f3 la vida tras colisionar con un utilitario sobre la Ruta 12"}]},{"@type":"WebSite","@id":"https:\/\/cvinoticias.com\/v3\/#website","url":"https:\/\/cvinoticias.com\/v3\/","name":"CVI NOTICIAS","description":"","publisher":{"@id":"https:\/\/cvinoticias.com\/v3\/#organization"},"alternateName":"CVI","potentialAction":[{"@type":"SearchAction","target":{"@type":"EntryPoint","urlTemplate":"https:\/\/cvinoticias.com\/v3\/?s={search_term_string}"},"query-input":{"@type":"PropertyValueSpecification","valueRequired":true,"valueName":"search_term_string"}}],"inLanguage":"es"},{"@type":"Organization","@id":"https:\/\/cvinoticias.com\/v3\/#organization","name":"CVI NOTICIAS","url":"https:\/\/cvinoticias.com\/v3\/","logo":{"@type":"ImageObject","inLanguage":"es","@id":"https:\/\/cvinoticias.com\/v3\/#\/schema\/logo\/image\/","url":"https:\/\/cvinoticias.com\/wp-content\/uploads\/2023\/04\/cropped-cropped-cropped-cropped-cropped-3-1.png","contentUrl":"https:\/\/cvinoticias.com\/wp-content\/uploads\/2023\/04\/cropped-cropped-cropped-cropped-cropped-3-1.png","width":95,"height":122,"caption":"CVI NOTICIAS"},"image":{"@id":"https:\/\/cvinoticias.com\/v3\/#\/schema\/logo\/image\/"},"sameAs":["https:\/\/www.facebook.com\/cvinoticias","https:\/\/www.instagram.com\/cvinoticias\/","https:\/\/www.youtube.com\/@CVINOTICIAS"]},{"@type":"Person","@id":"https:\/\/cvinoticias.com\/v3\/#\/schema\/person\/2db77e3c6bc03c538495d7b2b8be9b66","name":"f1000024","image":{"@type":"ImageObject","inLanguage":"es","@id":"https:\/\/secure.gravatar.com\/avatar\/d4fe7459cfc51ff5129ce1a732bbef5928568b8092d412ef95611616376bbeed?s=96&d=mm&r=g","url":"https:\/\/secure.gravatar.com\/avatar\/d4fe7459cfc51ff5129ce1a732bbef5928568b8092d412ef95611616376bbeed?s=96&d=mm&r=g","contentUrl":"https:\/\/secure.gravatar.com\/avatar\/d4fe7459cfc51ff5129ce1a732bbef5928568b8092d412ef95611616376bbeed?s=96&d=mm&r=g","caption":"f1000024"},"url":"https:\/\/cvinoticias.com\/v3\/author\/f1000024\/"}]}},"_links":{"self":[{"href":"https:\/\/cvinoticias.com\/v3\/wp-json\/wp\/v2\/posts\/12919","targetHints":{"allow":["GET"]}}],"collection":[{"href":"https:\/\/cvinoticias.com\/v3\/wp-json\/wp\/v2\/posts"}],"about":[{"href":"https:\/\/cvinoticias.com\/v3\/wp-json\/wp\/v2\/types\/post"}],"author":[{"embeddable":true,"href":"https:\/\/cvinoticias.com\/v3\/wp-json\/wp\/v2\/users\/2"}],"replies":[{"embeddable":true,"href":"https:\/\/cvinoticias.com\/v3\/wp-json\/wp\/v2\/comments?post=12919"}],"version-history":[{"count":1,"href":"https:\/\/cvinoticias.com\/v3\/wp-json\/wp\/v2\/posts\/12919\/revisions"}],"predecessor-version":[{"id":12921,"href":"https:\/\/cvinoticias.com\/v3\/wp-json\/wp\/v2\/posts\/12919\/revisions\/12921"}],"wp:featuredmedia":[{"embeddable":true,"href":"https:\/\/cvinoticias.com\/v3\/wp-json\/wp\/v2\/media\/12920"}],"wp:attachment":[{"href":"https:\/\/cvinoticias.com\/v3\/wp-json\/wp\/v2\/media?parent=12919"}],"wp:term":[{"taxonomy":"category","embeddable":true,"href":"https:\/\/cvinoticias.com\/v3\/wp-json\/wp\/v2\/categories?post=12919"},{"taxonomy":"post_tag","embeddable":true,"href":"https:\/\/cvinoticias.com\/v3\/wp-json\/wp\/v2\/tags?post=12919"}],"curies":[{"name":"wp","href":"https:\/\/api.w.org\/{rel}","templated":true}]}}