{"id":12665,"date":"2022-01-28T20:10:49","date_gmt":"2022-01-28T20:10:49","guid":{"rendered":"https:\/\/cvinoticias.com\/v3\/?p=12665"},"modified":"2022-01-28T20:10:49","modified_gmt":"2022-01-28T20:10:49","slug":"el-gobierno-de-misiones-impulsa-a-posadas-como-sede-de-las-olimpiadas-medicas-deportivas","status":"publish","type":"post","link":"https:\/\/cvinoticias.com\/v3\/el-gobierno-de-misiones-impulsa-a-posadas-como-sede-de-las-olimpiadas-medicas-deportivas\/","title":{"rendered":"El Gobierno de Misiones impulsa a Posadas como sede de las Olimpiadas M\u00e9dicas Deportivas"},"content":{"rendered":"\n<p><strong><em>El Gobernador recibi\u00f3 a miembros de la comisi\u00f3n Nacional para mostrarles la infraestructura deportiva y tur\u00edstica con la que cuenta Posadas para ser considerada como potencial sede de las Olimpiadas M\u00e9dicas Deportivas. Autoridades provinciales y la comitiva del evento recorrieron el Parque del Conocimiento, el CePARD y el Polideportivo Provincial Finito Gehrmann.<\/em><\/strong><br><br>Esta ma\u00f1ana, el gobernador Oscar Herrera Ahuad recibi\u00f3 a miembros de la Comisi\u00f3n Nacional de las Olimpiadas M\u00e9dicas Deportivas para fortalecer la postulaci\u00f3n de la ciudad de Posadas como sede del pr\u00f3ximo evento y mostrarles la infraestructura atl\u00e9tica y tur\u00edstica con la que cuenta y que convoca a profesionales de todo el pa\u00eds durante todo el a\u00f1o.\u00a0<br><br>Al respecto, Herrero Ahuad agradeci\u00f3 a la delegaci\u00f3n por visitar la provincia y record\u00f3 que para el a\u00f1o 2020 estaba previsto que la sede fuera Posadas, pero por la pandemia el evento fue suspendido.\u00a0 As\u00ed, precis\u00f3 que la ciudad y Misiones tienen \u201cla capacidad para poder organizar este tipo de actividades que son de alto impacto\u201d, sobre todo en lo referente a lo deportivo, cultural, social y \u201cen la integraci\u00f3n de toda la Argentina, porque eso es a lo que uno apunta\u201d.<\/p>\n\n\n\n<figure class=\"wp-block-image size-large\"><a href=\"https:\/\/cvinoticias.com\/wp-content\/uploads\/2022\/01\/IMG-20220128-WA0042.jpg\"><img decoding=\"async\" width=\"1024\" height=\"683\" data-src=\"https:\/\/cvinoticias.com\/wp-content\/uploads\/2022\/01\/IMG-20220128-WA0042-1024x683.jpg\" alt=\"\" class=\"wp-image-12669 lazyload\" data-srcset=\"https:\/\/cvinoticias.com\/wp-content\/uploads\/2022\/01\/IMG-20220128-WA0042-1024x683.jpg 1024w, https:\/\/cvinoticias.com\/wp-content\/uploads\/2022\/01\/IMG-20220128-WA0042-300x200.jpg 300w, https:\/\/cvinoticias.com\/wp-content\/uploads\/2022\/01\/IMG-20220128-WA0042-768x512.jpg 768w, https:\/\/cvinoticias.com\/wp-content\/uploads\/2022\/01\/IMG-20220128-WA0042.jpg 1280w\" data-sizes=\"(max-width: 1024px) 100vw, 1024px\" src=\"data:image\/svg+xml;base64,PHN2ZyB3aWR0aD0iMSIgaGVpZ2h0PSIxIiB4bWxucz0iaHR0cDovL3d3dy53My5vcmcvMjAwMC9zdmciPjwvc3ZnPg==\" style=\"--smush-placeholder-width: 1024px; --smush-placeholder-aspect-ratio: 1024\/683;\" \/><\/a><\/figure>\n\n\n\n<p><br><br>\u201cHoy nuevamente estamos en carrera con muchas expectativas, con el acompa\u00f1amiento de todo el esquema institucional de Misiones\u201d, remarc\u00f3. Tambi\u00e9n, destac\u00f3 el papel del doctor Leandro Esperanza como el responsable de la provincia en la organizaci\u00f3n de estas olimpiadas. \u201cQueremos que Misiones reconozca a los actores de la salud del \u00e1rea en este tiempo tan importante\u201d, enfatiz\u00f3.<br>Por \u00faltimo, dio cuenta que para el Gobierno provincial es muy importante mostrar \u201cque estamos a la altura de otras ciudades de la Argentina y del mundo en cuanto a la capacidad para poder organizar eventos de esta magnitud\u201d y especific\u00f3 que Misiones cuenta con la seguridad sanitaria necesaria para albergar los juegos.<br><br>En tanto, el doctor Leandro Esperanza de la comisi\u00f3n local de las actuales Olimpiadas 2022, resalt\u00f3 \u201cel orgullo tener a todas las autoridades de Misiones en una mesa recibiendo a los veedores de este evento, lo que demuestra la seriedad y la importancia que le da a la provincia para tomar este evento nacional\u201d. Mientras que el delegado de Corrientes, el doctor Claudio Penizzoto, afirm\u00f3 que Posadas tiene muy buenas chances de ser elegida como sede sobre todo por \u201cel apoyo que nos ha demostrado la provincia\u201d.<br><br><strong>El recorrido por las instalaciones<\/strong><br><br>Tras el primer encuentro en sala de situaci\u00f3n de Casa de Gobierno, el mandatario junto a la comitiva y a autoridades provinciales y locales, recorri\u00f3 establecimientos deportivos y culturales en los que se podr\u00edan realizar las olimpiadas de octubre, en caso de ser confirmada Posadas como sede. Los sitios visitados fueron el Parque del Conocimiento, el Centro de Alto Rendimiento Deportivo (CePARD) y el Polideportivo Provincial Finito Gehrmann. Estos dos \u00faltimos cuentan con las instalaciones necesarias para albergar un evento de tal calibre, como canchas de futbol de sal\u00f3n, basquet, v\u00f3ley entre otros deportes y en el caso del CePARD pistas de atletismo.<\/p>\n\n\n\n<p><br>En la recorrida estuvieron presentes el intendente de la ciudad, Leonardo Stelatto; el ministro de Deportes, H\u00e9ctor Javier Corti; el diputado provincial, Martin Cesino; junto a los delegados de Corrientes, Rosario y Santa Fe.<br><strong><br>La elecci\u00f3n de la sede y la infraestructura posade\u00f1a<\/strong><br><br>Como dato a destacar, Posadas compite con las ciudades de Termas de R\u00edo Hondo y Mar del Plata como posibles sedes de las Olimpiadas M\u00e9dicas Deportivas 2022 a realizarse en el mes de octubre.<br><\/p>\n\n\n\n<p>En los pr\u00f3ximos meses se definir\u00e1 la ciudad que hospedar\u00e1 a los juegos, luego de que los 17 delegados de las provincias recorran todas las posibles sedes y voten para definir. Vale destacar que la capital misionera tiene buenas chances para ser elegida ya que cuenta con infraestructura deportiva, hotelera con m\u00e1s de 2.431 plazas, cultural, y con m\u00e1s de una treintena de vuelos semanales que le permiten recibir a m\u00e1s de 400 mil turistas al a\u00f1o. Mientras su infraestructura y seguridad sanitaria est\u00e1 garantizada por sus establecimientos y su alto nivel de vacunaci\u00f3n.<\/p>\n\n\n\n<p><br><\/p>\n","protected":false},"excerpt":{"rendered":"<p>El Gobernador recibi\u00f3 a miembros de la comisi\u00f3n Nacional para mostrarles la infraestructura deportiva y tur\u00edstica con la que cuenta Posadas para ser considerada como potencial sede de las Olimpiadas M\u00e9dicas Deportivas. Autoridades provinciales y la comitiva del evento recorrieron el Parque del Conocimiento, el CePARD y el Polideportivo Provincial Finito Gehrmann. Esta ma\u00f1ana, el [&hellip;]<\/p>\n","protected":false},"author":2,"featured_media":12667,"comment_status":"open","ping_status":"open","sticky":false,"template":"","format":"standard","meta":{"footnotes":""},"categories":[43],"tags":[],"class_list":["post-12665","post","type-post","status-publish","format-standard","has-post-thumbnail","hentry","category-provinciales"],"yoast_head":"<!-- This site is optimized with the Yoast SEO plugin v27.4 - https:\/\/yoast.com\/product\/yoast-seo-wordpress\/ -->\n<title>El Gobierno de Misiones impulsa a Posadas como sede de las Olimpiadas M\u00e9dicas Deportivas | CVI NOTICIAS<\/title>\n<meta name=\"robots\" content=\"index, follow, max-snippet:-1, max-image-preview:large, max-video-preview:-1\" \/>\n<link rel=\"canonical\" href=\"https:\/\/cvinoticias.com\/v3\/el-gobierno-de-misiones-impulsa-a-posadas-como-sede-de-las-olimpiadas-medicas-deportivas\/\" \/>\n<meta property=\"og:locale\" content=\"es_ES\" \/>\n<meta property=\"og:type\" content=\"article\" \/>\n<meta property=\"og:title\" content=\"El Gobierno de Misiones impulsa a Posadas como sede de las Olimpiadas M\u00e9dicas Deportivas | CVI NOTICIAS\" \/>\n<meta property=\"og:description\" content=\"El Gobernador recibi\u00f3 a miembros de la comisi\u00f3n Nacional para mostrarles la infraestructura deportiva y tur\u00edstica con la que cuenta Posadas para ser considerada como potencial sede de las Olimpiadas M\u00e9dicas Deportivas. Autoridades provinciales y la comitiva del evento recorrieron el Parque del Conocimiento, el CePARD y el Polideportivo Provincial Finito Gehrmann. Esta ma\u00f1ana, el [&hellip;]\" \/>\n<meta property=\"og:url\" content=\"https:\/\/cvinoticias.com\/v3\/el-gobierno-de-misiones-impulsa-a-posadas-como-sede-de-las-olimpiadas-medicas-deportivas\/\" \/>\n<meta property=\"og:site_name\" content=\"CVI NOTICIAS\" \/>\n<meta property=\"article:publisher\" content=\"https:\/\/www.facebook.com\/cvinoticias\" \/>\n<meta property=\"article:published_time\" content=\"2022-01-28T20:10:49+00:00\" \/>\n<meta property=\"og:image\" content=\"https:\/\/cvinoticias.com\/wp-content\/uploads\/2022\/01\/IMG-20220128-WA0044.jpg\" \/>\n\t<meta property=\"og:image:width\" content=\"1280\" \/>\n\t<meta property=\"og:image:height\" content=\"854\" \/>\n\t<meta property=\"og:image:type\" content=\"image\/jpeg\" \/>\n<meta name=\"author\" content=\"f1000024\" \/>\n<meta name=\"twitter:card\" content=\"summary_large_image\" \/>\n<meta name=\"twitter:label1\" content=\"Escrito por\" \/>\n\t<meta name=\"twitter:data1\" content=\"f1000024\" \/>\n\t<meta name=\"twitter:label2\" content=\"Tiempo de lectura\" \/>\n\t<meta name=\"twitter:data2\" content=\"3 minutos\" \/>\n<script type=\"application\/ld+json\" class=\"yoast-schema-graph\">{\"@context\":\"https:\\\/\\\/schema.org\",\"@graph\":[{\"@type\":\"Article\",\"@id\":\"https:\\\/\\\/cvinoticias.com\\\/v3\\\/el-gobierno-de-misiones-impulsa-a-posadas-como-sede-de-las-olimpiadas-medicas-deportivas\\\/#article\",\"isPartOf\":{\"@id\":\"https:\\\/\\\/cvinoticias.com\\\/v3\\\/el-gobierno-de-misiones-impulsa-a-posadas-como-sede-de-las-olimpiadas-medicas-deportivas\\\/\"},\"author\":{\"name\":\"f1000024\",\"@id\":\"https:\\\/\\\/cvinoticias.com\\\/v3\\\/#\\\/schema\\\/person\\\/2db77e3c6bc03c538495d7b2b8be9b66\"},\"headline\":\"El Gobierno de Misiones impulsa a Posadas como sede de las Olimpiadas M\u00e9dicas Deportivas\",\"datePublished\":\"2022-01-28T20:10:49+00:00\",\"mainEntityOfPage\":{\"@id\":\"https:\\\/\\\/cvinoticias.com\\\/v3\\\/el-gobierno-de-misiones-impulsa-a-posadas-como-sede-de-las-olimpiadas-medicas-deportivas\\\/\"},\"wordCount\":710,\"commentCount\":0,\"publisher\":{\"@id\":\"https:\\\/\\\/cvinoticias.com\\\/v3\\\/#organization\"},\"image\":{\"@id\":\"https:\\\/\\\/cvinoticias.com\\\/v3\\\/el-gobierno-de-misiones-impulsa-a-posadas-como-sede-de-las-olimpiadas-medicas-deportivas\\\/#primaryimage\"},\"thumbnailUrl\":\"https:\\\/\\\/cvinoticias.com\\\/wp-content\\\/uploads\\\/2022\\\/01\\\/IMG-20220128-WA0044.jpg\",\"articleSection\":[\"Provinciales\"],\"inLanguage\":\"es\",\"potentialAction\":[{\"@type\":\"CommentAction\",\"name\":\"Comment\",\"target\":[\"https:\\\/\\\/cvinoticias.com\\\/v3\\\/el-gobierno-de-misiones-impulsa-a-posadas-como-sede-de-las-olimpiadas-medicas-deportivas\\\/#respond\"]}]},{\"@type\":\"WebPage\",\"@id\":\"https:\\\/\\\/cvinoticias.com\\\/v3\\\/el-gobierno-de-misiones-impulsa-a-posadas-como-sede-de-las-olimpiadas-medicas-deportivas\\\/\",\"url\":\"https:\\\/\\\/cvinoticias.com\\\/v3\\\/el-gobierno-de-misiones-impulsa-a-posadas-como-sede-de-las-olimpiadas-medicas-deportivas\\\/\",\"name\":\"El Gobierno de Misiones impulsa a Posadas como sede de las Olimpiadas M\u00e9dicas Deportivas | CVI NOTICIAS\",\"isPartOf\":{\"@id\":\"https:\\\/\\\/cvinoticias.com\\\/v3\\\/#website\"},\"primaryImageOfPage\":{\"@id\":\"https:\\\/\\\/cvinoticias.com\\\/v3\\\/el-gobierno-de-misiones-impulsa-a-posadas-como-sede-de-las-olimpiadas-medicas-deportivas\\\/#primaryimage\"},\"image\":{\"@id\":\"https:\\\/\\\/cvinoticias.com\\\/v3\\\/el-gobierno-de-misiones-impulsa-a-posadas-como-sede-de-las-olimpiadas-medicas-deportivas\\\/#primaryimage\"},\"thumbnailUrl\":\"https:\\\/\\\/cvinoticias.com\\\/wp-content\\\/uploads\\\/2022\\\/01\\\/IMG-20220128-WA0044.jpg\",\"datePublished\":\"2022-01-28T20:10:49+00:00\",\"breadcrumb\":{\"@id\":\"https:\\\/\\\/cvinoticias.com\\\/v3\\\/el-gobierno-de-misiones-impulsa-a-posadas-como-sede-de-las-olimpiadas-medicas-deportivas\\\/#breadcrumb\"},\"inLanguage\":\"es\",\"potentialAction\":[{\"@type\":\"ReadAction\",\"target\":[\"https:\\\/\\\/cvinoticias.com\\\/v3\\\/el-gobierno-de-misiones-impulsa-a-posadas-como-sede-de-las-olimpiadas-medicas-deportivas\\\/\"]}]},{\"@type\":\"ImageObject\",\"inLanguage\":\"es\",\"@id\":\"https:\\\/\\\/cvinoticias.com\\\/v3\\\/el-gobierno-de-misiones-impulsa-a-posadas-como-sede-de-las-olimpiadas-medicas-deportivas\\\/#primaryimage\",\"url\":\"https:\\\/\\\/cvinoticias.com\\\/wp-content\\\/uploads\\\/2022\\\/01\\\/IMG-20220128-WA0044.jpg\",\"contentUrl\":\"https:\\\/\\\/cvinoticias.com\\\/wp-content\\\/uploads\\\/2022\\\/01\\\/IMG-20220128-WA0044.jpg\",\"width\":1280,\"height\":854},{\"@type\":\"BreadcrumbList\",\"@id\":\"https:\\\/\\\/cvinoticias.com\\\/v3\\\/el-gobierno-de-misiones-impulsa-a-posadas-como-sede-de-las-olimpiadas-medicas-deportivas\\\/#breadcrumb\",\"itemListElement\":[{\"@type\":\"ListItem\",\"position\":1,\"name\":\"Portada\",\"item\":\"https:\\\/\\\/cvinoticias.com\\\/v3\\\/\"},{\"@type\":\"ListItem\",\"position\":2,\"name\":\"El Gobierno de Misiones impulsa a Posadas como sede de las Olimpiadas M\u00e9dicas Deportivas\"}]},{\"@type\":\"WebSite\",\"@id\":\"https:\\\/\\\/cvinoticias.com\\\/v3\\\/#website\",\"url\":\"https:\\\/\\\/cvinoticias.com\\\/v3\\\/\",\"name\":\"CVI NOTICIAS\",\"description\":\"\",\"publisher\":{\"@id\":\"https:\\\/\\\/cvinoticias.com\\\/v3\\\/#organization\"},\"alternateName\":\"CVI\",\"potentialAction\":[{\"@type\":\"SearchAction\",\"target\":{\"@type\":\"EntryPoint\",\"urlTemplate\":\"https:\\\/\\\/cvinoticias.com\\\/v3\\\/?s={search_term_string}\"},\"query-input\":{\"@type\":\"PropertyValueSpecification\",\"valueRequired\":true,\"valueName\":\"search_term_string\"}}],\"inLanguage\":\"es\"},{\"@type\":\"Organization\",\"@id\":\"https:\\\/\\\/cvinoticias.com\\\/v3\\\/#organization\",\"name\":\"CVI NOTICIAS\",\"url\":\"https:\\\/\\\/cvinoticias.com\\\/v3\\\/\",\"logo\":{\"@type\":\"ImageObject\",\"inLanguage\":\"es\",\"@id\":\"https:\\\/\\\/cvinoticias.com\\\/v3\\\/#\\\/schema\\\/logo\\\/image\\\/\",\"url\":\"https:\\\/\\\/cvinoticias.com\\\/wp-content\\\/uploads\\\/2023\\\/04\\\/cropped-cropped-cropped-cropped-cropped-3-1.png\",\"contentUrl\":\"https:\\\/\\\/cvinoticias.com\\\/wp-content\\\/uploads\\\/2023\\\/04\\\/cropped-cropped-cropped-cropped-cropped-3-1.png\",\"width\":95,\"height\":122,\"caption\":\"CVI NOTICIAS\"},\"image\":{\"@id\":\"https:\\\/\\\/cvinoticias.com\\\/v3\\\/#\\\/schema\\\/logo\\\/image\\\/\"},\"sameAs\":[\"https:\\\/\\\/www.facebook.com\\\/cvinoticias\",\"https:\\\/\\\/www.instagram.com\\\/cvinoticias\\\/\",\"https:\\\/\\\/www.youtube.com\\\/@CVINOTICIAS\"]},{\"@type\":\"Person\",\"@id\":\"https:\\\/\\\/cvinoticias.com\\\/v3\\\/#\\\/schema\\\/person\\\/2db77e3c6bc03c538495d7b2b8be9b66\",\"name\":\"f1000024\",\"image\":{\"@type\":\"ImageObject\",\"inLanguage\":\"es\",\"@id\":\"https:\\\/\\\/secure.gravatar.com\\\/avatar\\\/d4fe7459cfc51ff5129ce1a732bbef5928568b8092d412ef95611616376bbeed?s=96&d=mm&r=g\",\"url\":\"https:\\\/\\\/secure.gravatar.com\\\/avatar\\\/d4fe7459cfc51ff5129ce1a732bbef5928568b8092d412ef95611616376bbeed?s=96&d=mm&r=g\",\"contentUrl\":\"https:\\\/\\\/secure.gravatar.com\\\/avatar\\\/d4fe7459cfc51ff5129ce1a732bbef5928568b8092d412ef95611616376bbeed?s=96&d=mm&r=g\",\"caption\":\"f1000024\"},\"url\":\"https:\\\/\\\/cvinoticias.com\\\/v3\\\/author\\\/f1000024\\\/\"}]}<\/script>\n<!-- \/ Yoast SEO plugin. -->","yoast_head_json":{"title":"El Gobierno de Misiones impulsa a Posadas como sede de las Olimpiadas M\u00e9dicas Deportivas | CVI NOTICIAS","robots":{"index":"index","follow":"follow","max-snippet":"max-snippet:-1","max-image-preview":"max-image-preview:large","max-video-preview":"max-video-preview:-1"},"canonical":"https:\/\/cvinoticias.com\/v3\/el-gobierno-de-misiones-impulsa-a-posadas-como-sede-de-las-olimpiadas-medicas-deportivas\/","og_locale":"es_ES","og_type":"article","og_title":"El Gobierno de Misiones impulsa a Posadas como sede de las Olimpiadas M\u00e9dicas Deportivas | CVI NOTICIAS","og_description":"El Gobernador recibi\u00f3 a miembros de la comisi\u00f3n Nacional para mostrarles la infraestructura deportiva y tur\u00edstica con la que cuenta Posadas para ser considerada como potencial sede de las Olimpiadas M\u00e9dicas Deportivas. Autoridades provinciales y la comitiva del evento recorrieron el Parque del Conocimiento, el CePARD y el Polideportivo Provincial Finito Gehrmann. Esta ma\u00f1ana, el [&hellip;]","og_url":"https:\/\/cvinoticias.com\/v3\/el-gobierno-de-misiones-impulsa-a-posadas-como-sede-de-las-olimpiadas-medicas-deportivas\/","og_site_name":"CVI NOTICIAS","article_publisher":"https:\/\/www.facebook.com\/cvinoticias","article_published_time":"2022-01-28T20:10:49+00:00","og_image":[{"width":1280,"height":854,"url":"https:\/\/cvinoticias.com\/wp-content\/uploads\/2022\/01\/IMG-20220128-WA0044.jpg","type":"image\/jpeg"}],"author":"f1000024","twitter_card":"summary_large_image","twitter_misc":{"Escrito por":"f1000024","Tiempo de lectura":"3 minutos"},"schema":{"@context":"https:\/\/schema.org","@graph":[{"@type":"Article","@id":"https:\/\/cvinoticias.com\/v3\/el-gobierno-de-misiones-impulsa-a-posadas-como-sede-de-las-olimpiadas-medicas-deportivas\/#article","isPartOf":{"@id":"https:\/\/cvinoticias.com\/v3\/el-gobierno-de-misiones-impulsa-a-posadas-como-sede-de-las-olimpiadas-medicas-deportivas\/"},"author":{"name":"f1000024","@id":"https:\/\/cvinoticias.com\/v3\/#\/schema\/person\/2db77e3c6bc03c538495d7b2b8be9b66"},"headline":"El Gobierno de Misiones impulsa a Posadas como sede de las Olimpiadas M\u00e9dicas Deportivas","datePublished":"2022-01-28T20:10:49+00:00","mainEntityOfPage":{"@id":"https:\/\/cvinoticias.com\/v3\/el-gobierno-de-misiones-impulsa-a-posadas-como-sede-de-las-olimpiadas-medicas-deportivas\/"},"wordCount":710,"commentCount":0,"publisher":{"@id":"https:\/\/cvinoticias.com\/v3\/#organization"},"image":{"@id":"https:\/\/cvinoticias.com\/v3\/el-gobierno-de-misiones-impulsa-a-posadas-como-sede-de-las-olimpiadas-medicas-deportivas\/#primaryimage"},"thumbnailUrl":"https:\/\/cvinoticias.com\/wp-content\/uploads\/2022\/01\/IMG-20220128-WA0044.jpg","articleSection":["Provinciales"],"inLanguage":"es","potentialAction":[{"@type":"CommentAction","name":"Comment","target":["https:\/\/cvinoticias.com\/v3\/el-gobierno-de-misiones-impulsa-a-posadas-como-sede-de-las-olimpiadas-medicas-deportivas\/#respond"]}]},{"@type":"WebPage","@id":"https:\/\/cvinoticias.com\/v3\/el-gobierno-de-misiones-impulsa-a-posadas-como-sede-de-las-olimpiadas-medicas-deportivas\/","url":"https:\/\/cvinoticias.com\/v3\/el-gobierno-de-misiones-impulsa-a-posadas-como-sede-de-las-olimpiadas-medicas-deportivas\/","name":"El Gobierno de Misiones impulsa a Posadas como sede de las Olimpiadas M\u00e9dicas Deportivas | CVI NOTICIAS","isPartOf":{"@id":"https:\/\/cvinoticias.com\/v3\/#website"},"primaryImageOfPage":{"@id":"https:\/\/cvinoticias.com\/v3\/el-gobierno-de-misiones-impulsa-a-posadas-como-sede-de-las-olimpiadas-medicas-deportivas\/#primaryimage"},"image":{"@id":"https:\/\/cvinoticias.com\/v3\/el-gobierno-de-misiones-impulsa-a-posadas-como-sede-de-las-olimpiadas-medicas-deportivas\/#primaryimage"},"thumbnailUrl":"https:\/\/cvinoticias.com\/wp-content\/uploads\/2022\/01\/IMG-20220128-WA0044.jpg","datePublished":"2022-01-28T20:10:49+00:00","breadcrumb":{"@id":"https:\/\/cvinoticias.com\/v3\/el-gobierno-de-misiones-impulsa-a-posadas-como-sede-de-las-olimpiadas-medicas-deportivas\/#breadcrumb"},"inLanguage":"es","potentialAction":[{"@type":"ReadAction","target":["https:\/\/cvinoticias.com\/v3\/el-gobierno-de-misiones-impulsa-a-posadas-como-sede-de-las-olimpiadas-medicas-deportivas\/"]}]},{"@type":"ImageObject","inLanguage":"es","@id":"https:\/\/cvinoticias.com\/v3\/el-gobierno-de-misiones-impulsa-a-posadas-como-sede-de-las-olimpiadas-medicas-deportivas\/#primaryimage","url":"https:\/\/cvinoticias.com\/wp-content\/uploads\/2022\/01\/IMG-20220128-WA0044.jpg","contentUrl":"https:\/\/cvinoticias.com\/wp-content\/uploads\/2022\/01\/IMG-20220128-WA0044.jpg","width":1280,"height":854},{"@type":"BreadcrumbList","@id":"https:\/\/cvinoticias.com\/v3\/el-gobierno-de-misiones-impulsa-a-posadas-como-sede-de-las-olimpiadas-medicas-deportivas\/#breadcrumb","itemListElement":[{"@type":"ListItem","position":1,"name":"Portada","item":"https:\/\/cvinoticias.com\/v3\/"},{"@type":"ListItem","position":2,"name":"El Gobierno de Misiones impulsa a Posadas como sede de las Olimpiadas M\u00e9dicas Deportivas"}]},{"@type":"WebSite","@id":"https:\/\/cvinoticias.com\/v3\/#website","url":"https:\/\/cvinoticias.com\/v3\/","name":"CVI NOTICIAS","description":"","publisher":{"@id":"https:\/\/cvinoticias.com\/v3\/#organization"},"alternateName":"CVI","potentialAction":[{"@type":"SearchAction","target":{"@type":"EntryPoint","urlTemplate":"https:\/\/cvinoticias.com\/v3\/?s={search_term_string}"},"query-input":{"@type":"PropertyValueSpecification","valueRequired":true,"valueName":"search_term_string"}}],"inLanguage":"es"},{"@type":"Organization","@id":"https:\/\/cvinoticias.com\/v3\/#organization","name":"CVI NOTICIAS","url":"https:\/\/cvinoticias.com\/v3\/","logo":{"@type":"ImageObject","inLanguage":"es","@id":"https:\/\/cvinoticias.com\/v3\/#\/schema\/logo\/image\/","url":"https:\/\/cvinoticias.com\/wp-content\/uploads\/2023\/04\/cropped-cropped-cropped-cropped-cropped-3-1.png","contentUrl":"https:\/\/cvinoticias.com\/wp-content\/uploads\/2023\/04\/cropped-cropped-cropped-cropped-cropped-3-1.png","width":95,"height":122,"caption":"CVI NOTICIAS"},"image":{"@id":"https:\/\/cvinoticias.com\/v3\/#\/schema\/logo\/image\/"},"sameAs":["https:\/\/www.facebook.com\/cvinoticias","https:\/\/www.instagram.com\/cvinoticias\/","https:\/\/www.youtube.com\/@CVINOTICIAS"]},{"@type":"Person","@id":"https:\/\/cvinoticias.com\/v3\/#\/schema\/person\/2db77e3c6bc03c538495d7b2b8be9b66","name":"f1000024","image":{"@type":"ImageObject","inLanguage":"es","@id":"https:\/\/secure.gravatar.com\/avatar\/d4fe7459cfc51ff5129ce1a732bbef5928568b8092d412ef95611616376bbeed?s=96&d=mm&r=g","url":"https:\/\/secure.gravatar.com\/avatar\/d4fe7459cfc51ff5129ce1a732bbef5928568b8092d412ef95611616376bbeed?s=96&d=mm&r=g","contentUrl":"https:\/\/secure.gravatar.com\/avatar\/d4fe7459cfc51ff5129ce1a732bbef5928568b8092d412ef95611616376bbeed?s=96&d=mm&r=g","caption":"f1000024"},"url":"https:\/\/cvinoticias.com\/v3\/author\/f1000024\/"}]}},"_links":{"self":[{"href":"https:\/\/cvinoticias.com\/v3\/wp-json\/wp\/v2\/posts\/12665","targetHints":{"allow":["GET"]}}],"collection":[{"href":"https:\/\/cvinoticias.com\/v3\/wp-json\/wp\/v2\/posts"}],"about":[{"href":"https:\/\/cvinoticias.com\/v3\/wp-json\/wp\/v2\/types\/post"}],"author":[{"embeddable":true,"href":"https:\/\/cvinoticias.com\/v3\/wp-json\/wp\/v2\/users\/2"}],"replies":[{"embeddable":true,"href":"https:\/\/cvinoticias.com\/v3\/wp-json\/wp\/v2\/comments?post=12665"}],"version-history":[{"count":1,"href":"https:\/\/cvinoticias.com\/v3\/wp-json\/wp\/v2\/posts\/12665\/revisions"}],"predecessor-version":[{"id":12670,"href":"https:\/\/cvinoticias.com\/v3\/wp-json\/wp\/v2\/posts\/12665\/revisions\/12670"}],"wp:featuredmedia":[{"embeddable":true,"href":"https:\/\/cvinoticias.com\/v3\/wp-json\/wp\/v2\/media\/12667"}],"wp:attachment":[{"href":"https:\/\/cvinoticias.com\/v3\/wp-json\/wp\/v2\/media?parent=12665"}],"wp:term":[{"taxonomy":"category","embeddable":true,"href":"https:\/\/cvinoticias.com\/v3\/wp-json\/wp\/v2\/categories?post=12665"},{"taxonomy":"post_tag","embeddable":true,"href":"https:\/\/cvinoticias.com\/v3\/wp-json\/wp\/v2\/tags?post=12665"}],"curies":[{"name":"wp","href":"https:\/\/api.w.org\/{rel}","templated":true}]}}