{"id":12630,"date":"2022-01-27T12:18:55","date_gmt":"2022-01-27T12:18:55","guid":{"rendered":"https:\/\/cvinoticias.com\/v3\/?p=12630"},"modified":"2022-01-27T12:19:53","modified_gmt":"2022-01-27T12:19:53","slug":"varios-danos-ocasionaron-las-inclemencias-del-clima-en-distintos-lugares-de-misiones","status":"publish","type":"post","link":"https:\/\/cvinoticias.com\/v3\/varios-danos-ocasionaron-las-inclemencias-del-clima-en-distintos-lugares-de-misiones\/","title":{"rendered":"Varios da\u00f1os ocasionaron las inclemencias del clima en distintos lugares de Misiones"},"content":{"rendered":"\n<p><strong><em>Se registraron varios siniestros a ra\u00edz de los fuertes vientos que se registraron en algunas localidades de la regi\u00f3n.<\/em><\/strong><\/p>\n\n\n\n<p>En primer lugar, cerca de las 18 horas, en la localidad de Leandro N. Alem, en cercan\u00edas de la Ruta Provincial 4 se registr\u00f3 la ca\u00edda de las ramas de un \u00e1rbol de gran tama\u00f1o que obstaculizaron el tr\u00e1nsito de la calzada. Es por ello, que los efectivos y los bomberos policiales trabajaron hasta poder liberar el sitio.<\/p>\n\n\n\n<p>Por otro lado, pasadas las 18 horas, en la localidad de 25 de mayo, en el Paraje Torta Quemada, se registraron voladuras de techos de viviendas y de galpones a ra\u00edz de los fuertes vientos que azotaron la zona. Colaboraron en el lugar los efectivos de la Comisar\u00eda local y el personal municipal, quienes por estas horas canalizan las asistencias a las familias afectadas por el temporal.<\/p>\n\n\n\n<figure class=\"wp-block-image size-large\"><a href=\"https:\/\/cvinoticias.com\/wp-content\/uploads\/2022\/01\/FB_IMG_1643284886126.jpg\"><img decoding=\"async\" width=\"1024\" height=\"768\" data-src=\"https:\/\/cvinoticias.com\/wp-content\/uploads\/2022\/01\/FB_IMG_1643284886126-1024x768.jpg\" alt=\"\" class=\"wp-image-12632 lazyload\" data-srcset=\"https:\/\/cvinoticias.com\/wp-content\/uploads\/2022\/01\/FB_IMG_1643284886126-1024x768.jpg 1024w, https:\/\/cvinoticias.com\/wp-content\/uploads\/2022\/01\/FB_IMG_1643284886126-300x225.jpg 300w, https:\/\/cvinoticias.com\/wp-content\/uploads\/2022\/01\/FB_IMG_1643284886126-768x576.jpg 768w, https:\/\/cvinoticias.com\/wp-content\/uploads\/2022\/01\/FB_IMG_1643284886126.jpg 1080w\" data-sizes=\"(max-width: 1024px) 100vw, 1024px\" src=\"data:image\/svg+xml;base64,PHN2ZyB3aWR0aD0iMSIgaGVpZ2h0PSIxIiB4bWxucz0iaHR0cDovL3d3dy53My5vcmcvMjAwMC9zdmciPjwvc3ZnPg==\" style=\"--smush-placeholder-width: 1024px; --smush-placeholder-aspect-ratio: 1024\/768;\" \/><\/a><\/figure>\n\n\n\n<p>Por \u00faltimo, en el barrio Lomas de Arroyo del Medio, fuertes ventarrones que golpearon la zona, produjeron la ca\u00edda de los \u00e1rboles y el desprendimiento de las chapas en dos viviendas. Coordinaron tareas en conjunto los efectivos de la Comisar\u00eda local, el personal municipal y tambi\u00e9n colaboraron los vecinos del sitio.<\/p>\n\n\n\n<p>Cabe mencionar que los diferentes sucesos antes contados no se registraron v\u00edctimas ni lesionados, solamente da\u00f1os materiales.<\/p>\n\n\n\n<figure class=\"wp-block-image size-large\"><a href=\"https:\/\/cvinoticias.com\/wp-content\/uploads\/2022\/01\/FB_IMG_1643284880283.jpg\"><img decoding=\"async\" width=\"1024\" height=\"768\" data-src=\"https:\/\/cvinoticias.com\/wp-content\/uploads\/2022\/01\/FB_IMG_1643284880283-1024x768.jpg\" alt=\"\" class=\"wp-image-12634 lazyload\" data-srcset=\"https:\/\/cvinoticias.com\/wp-content\/uploads\/2022\/01\/FB_IMG_1643284880283-1024x768.jpg 1024w, https:\/\/cvinoticias.com\/wp-content\/uploads\/2022\/01\/FB_IMG_1643284880283-300x225.jpg 300w, https:\/\/cvinoticias.com\/wp-content\/uploads\/2022\/01\/FB_IMG_1643284880283-768x576.jpg 768w, https:\/\/cvinoticias.com\/wp-content\/uploads\/2022\/01\/FB_IMG_1643284880283.jpg 1080w\" data-sizes=\"(max-width: 1024px) 100vw, 1024px\" src=\"data:image\/svg+xml;base64,PHN2ZyB3aWR0aD0iMSIgaGVpZ2h0PSIxIiB4bWxucz0iaHR0cDovL3d3dy53My5vcmcvMjAwMC9zdmciPjwvc3ZnPg==\" style=\"--smush-placeholder-width: 1024px; --smush-placeholder-aspect-ratio: 1024\/768;\" \/><\/a><\/figure>\n","protected":false},"excerpt":{"rendered":"<p>Se registraron varios siniestros a ra\u00edz de los fuertes vientos que se registraron en algunas localidades de la regi\u00f3n. En primer lugar, cerca de las 18 horas, en la localidad de Leandro N. Alem, en cercan\u00edas de la Ruta Provincial 4 se registr\u00f3 la ca\u00edda de las ramas de un \u00e1rbol de gran tama\u00f1o que [&hellip;]<\/p>\n","protected":false},"author":2,"featured_media":12631,"comment_status":"open","ping_status":"open","sticky":false,"template":"","format":"standard","meta":{"footnotes":""},"categories":[43],"tags":[],"class_list":["post-12630","post","type-post","status-publish","format-standard","has-post-thumbnail","hentry","category-provinciales"],"yoast_head":"<!-- This site is optimized with the Yoast SEO plugin v27.5 - https:\/\/yoast.com\/product\/yoast-seo-wordpress\/ -->\n<title>Varios da\u00f1os ocasionaron las inclemencias del clima en distintos lugares de Misiones | CVI NOTICIAS<\/title>\n<meta name=\"robots\" content=\"index, follow, max-snippet:-1, max-image-preview:large, max-video-preview:-1\" \/>\n<link rel=\"canonical\" href=\"https:\/\/cvinoticias.com\/v3\/varios-danos-ocasionaron-las-inclemencias-del-clima-en-distintos-lugares-de-misiones\/\" \/>\n<meta property=\"og:locale\" content=\"es_ES\" \/>\n<meta property=\"og:type\" content=\"article\" \/>\n<meta property=\"og:title\" content=\"Varios da\u00f1os ocasionaron las inclemencias del clima en distintos lugares de Misiones | CVI NOTICIAS\" \/>\n<meta property=\"og:description\" content=\"Se registraron varios siniestros a ra\u00edz de los fuertes vientos que se registraron en algunas localidades de la regi\u00f3n. En primer lugar, cerca de las 18 horas, en la localidad de Leandro N. Alem, en cercan\u00edas de la Ruta Provincial 4 se registr\u00f3 la ca\u00edda de las ramas de un \u00e1rbol de gran tama\u00f1o que [&hellip;]\" \/>\n<meta property=\"og:url\" content=\"https:\/\/cvinoticias.com\/v3\/varios-danos-ocasionaron-las-inclemencias-del-clima-en-distintos-lugares-de-misiones\/\" \/>\n<meta property=\"og:site_name\" content=\"CVI NOTICIAS\" \/>\n<meta property=\"article:publisher\" content=\"https:\/\/www.facebook.com\/cvinoticias\" \/>\n<meta property=\"article:published_time\" content=\"2022-01-27T12:18:55+00:00\" \/>\n<meta property=\"article:modified_time\" content=\"2022-01-27T12:19:53+00:00\" \/>\n<meta property=\"og:image\" content=\"https:\/\/cvinoticias.com\/wp-content\/uploads\/2022\/01\/FB_IMG_1643284883122.jpg\" \/>\n\t<meta property=\"og:image:width\" content=\"1080\" \/>\n\t<meta property=\"og:image:height\" content=\"810\" \/>\n\t<meta property=\"og:image:type\" content=\"image\/jpeg\" \/>\n<meta name=\"author\" content=\"f1000024\" \/>\n<meta name=\"twitter:card\" content=\"summary_large_image\" \/>\n<meta name=\"twitter:label1\" content=\"Escrito por\" \/>\n\t<meta name=\"twitter:data1\" content=\"f1000024\" \/>\n\t<meta name=\"twitter:label2\" content=\"Tiempo de lectura\" \/>\n\t<meta name=\"twitter:data2\" content=\"1 minuto\" \/>\n<script type=\"application\/ld+json\" class=\"yoast-schema-graph\">{\"@context\":\"https:\\\/\\\/schema.org\",\"@graph\":[{\"@type\":\"Article\",\"@id\":\"https:\\\/\\\/cvinoticias.com\\\/v3\\\/varios-danos-ocasionaron-las-inclemencias-del-clima-en-distintos-lugares-de-misiones\\\/#article\",\"isPartOf\":{\"@id\":\"https:\\\/\\\/cvinoticias.com\\\/v3\\\/varios-danos-ocasionaron-las-inclemencias-del-clima-en-distintos-lugares-de-misiones\\\/\"},\"author\":{\"name\":\"f1000024\",\"@id\":\"https:\\\/\\\/cvinoticias.com\\\/v3\\\/#\\\/schema\\\/person\\\/2db77e3c6bc03c538495d7b2b8be9b66\"},\"headline\":\"Varios da\u00f1os ocasionaron las inclemencias del clima en distintos lugares de Misiones\",\"datePublished\":\"2022-01-27T12:18:55+00:00\",\"dateModified\":\"2022-01-27T12:19:53+00:00\",\"mainEntityOfPage\":{\"@id\":\"https:\\\/\\\/cvinoticias.com\\\/v3\\\/varios-danos-ocasionaron-las-inclemencias-del-clima-en-distintos-lugares-de-misiones\\\/\"},\"wordCount\":234,\"commentCount\":0,\"publisher\":{\"@id\":\"https:\\\/\\\/cvinoticias.com\\\/v3\\\/#organization\"},\"image\":{\"@id\":\"https:\\\/\\\/cvinoticias.com\\\/v3\\\/varios-danos-ocasionaron-las-inclemencias-del-clima-en-distintos-lugares-de-misiones\\\/#primaryimage\"},\"thumbnailUrl\":\"https:\\\/\\\/cvinoticias.com\\\/wp-content\\\/uploads\\\/2022\\\/01\\\/FB_IMG_1643284883122.jpg\",\"articleSection\":[\"Provinciales\"],\"inLanguage\":\"es\",\"potentialAction\":[{\"@type\":\"CommentAction\",\"name\":\"Comment\",\"target\":[\"https:\\\/\\\/cvinoticias.com\\\/v3\\\/varios-danos-ocasionaron-las-inclemencias-del-clima-en-distintos-lugares-de-misiones\\\/#respond\"]}]},{\"@type\":\"WebPage\",\"@id\":\"https:\\\/\\\/cvinoticias.com\\\/v3\\\/varios-danos-ocasionaron-las-inclemencias-del-clima-en-distintos-lugares-de-misiones\\\/\",\"url\":\"https:\\\/\\\/cvinoticias.com\\\/v3\\\/varios-danos-ocasionaron-las-inclemencias-del-clima-en-distintos-lugares-de-misiones\\\/\",\"name\":\"Varios da\u00f1os ocasionaron las inclemencias del clima en distintos lugares de Misiones | CVI NOTICIAS\",\"isPartOf\":{\"@id\":\"https:\\\/\\\/cvinoticias.com\\\/v3\\\/#website\"},\"primaryImageOfPage\":{\"@id\":\"https:\\\/\\\/cvinoticias.com\\\/v3\\\/varios-danos-ocasionaron-las-inclemencias-del-clima-en-distintos-lugares-de-misiones\\\/#primaryimage\"},\"image\":{\"@id\":\"https:\\\/\\\/cvinoticias.com\\\/v3\\\/varios-danos-ocasionaron-las-inclemencias-del-clima-en-distintos-lugares-de-misiones\\\/#primaryimage\"},\"thumbnailUrl\":\"https:\\\/\\\/cvinoticias.com\\\/wp-content\\\/uploads\\\/2022\\\/01\\\/FB_IMG_1643284883122.jpg\",\"datePublished\":\"2022-01-27T12:18:55+00:00\",\"dateModified\":\"2022-01-27T12:19:53+00:00\",\"breadcrumb\":{\"@id\":\"https:\\\/\\\/cvinoticias.com\\\/v3\\\/varios-danos-ocasionaron-las-inclemencias-del-clima-en-distintos-lugares-de-misiones\\\/#breadcrumb\"},\"inLanguage\":\"es\",\"potentialAction\":[{\"@type\":\"ReadAction\",\"target\":[\"https:\\\/\\\/cvinoticias.com\\\/v3\\\/varios-danos-ocasionaron-las-inclemencias-del-clima-en-distintos-lugares-de-misiones\\\/\"]}]},{\"@type\":\"ImageObject\",\"inLanguage\":\"es\",\"@id\":\"https:\\\/\\\/cvinoticias.com\\\/v3\\\/varios-danos-ocasionaron-las-inclemencias-del-clima-en-distintos-lugares-de-misiones\\\/#primaryimage\",\"url\":\"https:\\\/\\\/cvinoticias.com\\\/wp-content\\\/uploads\\\/2022\\\/01\\\/FB_IMG_1643284883122.jpg\",\"contentUrl\":\"https:\\\/\\\/cvinoticias.com\\\/wp-content\\\/uploads\\\/2022\\\/01\\\/FB_IMG_1643284883122.jpg\",\"width\":1080,\"height\":810},{\"@type\":\"BreadcrumbList\",\"@id\":\"https:\\\/\\\/cvinoticias.com\\\/v3\\\/varios-danos-ocasionaron-las-inclemencias-del-clima-en-distintos-lugares-de-misiones\\\/#breadcrumb\",\"itemListElement\":[{\"@type\":\"ListItem\",\"position\":1,\"name\":\"Portada\",\"item\":\"https:\\\/\\\/cvinoticias.com\\\/v3\\\/\"},{\"@type\":\"ListItem\",\"position\":2,\"name\":\"Varios da\u00f1os ocasionaron las inclemencias del clima en distintos lugares de Misiones\"}]},{\"@type\":\"WebSite\",\"@id\":\"https:\\\/\\\/cvinoticias.com\\\/v3\\\/#website\",\"url\":\"https:\\\/\\\/cvinoticias.com\\\/v3\\\/\",\"name\":\"CVI NOTICIAS\",\"description\":\"\",\"publisher\":{\"@id\":\"https:\\\/\\\/cvinoticias.com\\\/v3\\\/#organization\"},\"alternateName\":\"CVI\",\"potentialAction\":[{\"@type\":\"SearchAction\",\"target\":{\"@type\":\"EntryPoint\",\"urlTemplate\":\"https:\\\/\\\/cvinoticias.com\\\/v3\\\/?s={search_term_string}\"},\"query-input\":{\"@type\":\"PropertyValueSpecification\",\"valueRequired\":true,\"valueName\":\"search_term_string\"}}],\"inLanguage\":\"es\"},{\"@type\":\"Organization\",\"@id\":\"https:\\\/\\\/cvinoticias.com\\\/v3\\\/#organization\",\"name\":\"CVI NOTICIAS\",\"url\":\"https:\\\/\\\/cvinoticias.com\\\/v3\\\/\",\"logo\":{\"@type\":\"ImageObject\",\"inLanguage\":\"es\",\"@id\":\"https:\\\/\\\/cvinoticias.com\\\/v3\\\/#\\\/schema\\\/logo\\\/image\\\/\",\"url\":\"https:\\\/\\\/cvinoticias.com\\\/wp-content\\\/uploads\\\/2023\\\/04\\\/cropped-cropped-cropped-cropped-cropped-3-1.png\",\"contentUrl\":\"https:\\\/\\\/cvinoticias.com\\\/wp-content\\\/uploads\\\/2023\\\/04\\\/cropped-cropped-cropped-cropped-cropped-3-1.png\",\"width\":95,\"height\":122,\"caption\":\"CVI NOTICIAS\"},\"image\":{\"@id\":\"https:\\\/\\\/cvinoticias.com\\\/v3\\\/#\\\/schema\\\/logo\\\/image\\\/\"},\"sameAs\":[\"https:\\\/\\\/www.facebook.com\\\/cvinoticias\",\"https:\\\/\\\/www.instagram.com\\\/cvinoticias\\\/\",\"https:\\\/\\\/www.youtube.com\\\/@CVINOTICIAS\"]},{\"@type\":\"Person\",\"@id\":\"https:\\\/\\\/cvinoticias.com\\\/v3\\\/#\\\/schema\\\/person\\\/2db77e3c6bc03c538495d7b2b8be9b66\",\"name\":\"f1000024\",\"image\":{\"@type\":\"ImageObject\",\"inLanguage\":\"es\",\"@id\":\"https:\\\/\\\/secure.gravatar.com\\\/avatar\\\/d4fe7459cfc51ff5129ce1a732bbef5928568b8092d412ef95611616376bbeed?s=96&d=mm&r=g\",\"url\":\"https:\\\/\\\/secure.gravatar.com\\\/avatar\\\/d4fe7459cfc51ff5129ce1a732bbef5928568b8092d412ef95611616376bbeed?s=96&d=mm&r=g\",\"contentUrl\":\"https:\\\/\\\/secure.gravatar.com\\\/avatar\\\/d4fe7459cfc51ff5129ce1a732bbef5928568b8092d412ef95611616376bbeed?s=96&d=mm&r=g\",\"caption\":\"f1000024\"},\"url\":\"https:\\\/\\\/cvinoticias.com\\\/v3\\\/author\\\/f1000024\\\/\"}]}<\/script>\n<!-- \/ Yoast SEO plugin. -->","yoast_head_json":{"title":"Varios da\u00f1os ocasionaron las inclemencias del clima en distintos lugares de Misiones | CVI NOTICIAS","robots":{"index":"index","follow":"follow","max-snippet":"max-snippet:-1","max-image-preview":"max-image-preview:large","max-video-preview":"max-video-preview:-1"},"canonical":"https:\/\/cvinoticias.com\/v3\/varios-danos-ocasionaron-las-inclemencias-del-clima-en-distintos-lugares-de-misiones\/","og_locale":"es_ES","og_type":"article","og_title":"Varios da\u00f1os ocasionaron las inclemencias del clima en distintos lugares de Misiones | CVI NOTICIAS","og_description":"Se registraron varios siniestros a ra\u00edz de los fuertes vientos que se registraron en algunas localidades de la regi\u00f3n. En primer lugar, cerca de las 18 horas, en la localidad de Leandro N. Alem, en cercan\u00edas de la Ruta Provincial 4 se registr\u00f3 la ca\u00edda de las ramas de un \u00e1rbol de gran tama\u00f1o que [&hellip;]","og_url":"https:\/\/cvinoticias.com\/v3\/varios-danos-ocasionaron-las-inclemencias-del-clima-en-distintos-lugares-de-misiones\/","og_site_name":"CVI NOTICIAS","article_publisher":"https:\/\/www.facebook.com\/cvinoticias","article_published_time":"2022-01-27T12:18:55+00:00","article_modified_time":"2022-01-27T12:19:53+00:00","og_image":[{"width":1080,"height":810,"url":"https:\/\/cvinoticias.com\/wp-content\/uploads\/2022\/01\/FB_IMG_1643284883122.jpg","type":"image\/jpeg"}],"author":"f1000024","twitter_card":"summary_large_image","twitter_misc":{"Escrito por":"f1000024","Tiempo de lectura":"1 minuto"},"schema":{"@context":"https:\/\/schema.org","@graph":[{"@type":"Article","@id":"https:\/\/cvinoticias.com\/v3\/varios-danos-ocasionaron-las-inclemencias-del-clima-en-distintos-lugares-de-misiones\/#article","isPartOf":{"@id":"https:\/\/cvinoticias.com\/v3\/varios-danos-ocasionaron-las-inclemencias-del-clima-en-distintos-lugares-de-misiones\/"},"author":{"name":"f1000024","@id":"https:\/\/cvinoticias.com\/v3\/#\/schema\/person\/2db77e3c6bc03c538495d7b2b8be9b66"},"headline":"Varios da\u00f1os ocasionaron las inclemencias del clima en distintos lugares de Misiones","datePublished":"2022-01-27T12:18:55+00:00","dateModified":"2022-01-27T12:19:53+00:00","mainEntityOfPage":{"@id":"https:\/\/cvinoticias.com\/v3\/varios-danos-ocasionaron-las-inclemencias-del-clima-en-distintos-lugares-de-misiones\/"},"wordCount":234,"commentCount":0,"publisher":{"@id":"https:\/\/cvinoticias.com\/v3\/#organization"},"image":{"@id":"https:\/\/cvinoticias.com\/v3\/varios-danos-ocasionaron-las-inclemencias-del-clima-en-distintos-lugares-de-misiones\/#primaryimage"},"thumbnailUrl":"https:\/\/cvinoticias.com\/wp-content\/uploads\/2022\/01\/FB_IMG_1643284883122.jpg","articleSection":["Provinciales"],"inLanguage":"es","potentialAction":[{"@type":"CommentAction","name":"Comment","target":["https:\/\/cvinoticias.com\/v3\/varios-danos-ocasionaron-las-inclemencias-del-clima-en-distintos-lugares-de-misiones\/#respond"]}]},{"@type":"WebPage","@id":"https:\/\/cvinoticias.com\/v3\/varios-danos-ocasionaron-las-inclemencias-del-clima-en-distintos-lugares-de-misiones\/","url":"https:\/\/cvinoticias.com\/v3\/varios-danos-ocasionaron-las-inclemencias-del-clima-en-distintos-lugares-de-misiones\/","name":"Varios da\u00f1os ocasionaron las inclemencias del clima en distintos lugares de Misiones | CVI NOTICIAS","isPartOf":{"@id":"https:\/\/cvinoticias.com\/v3\/#website"},"primaryImageOfPage":{"@id":"https:\/\/cvinoticias.com\/v3\/varios-danos-ocasionaron-las-inclemencias-del-clima-en-distintos-lugares-de-misiones\/#primaryimage"},"image":{"@id":"https:\/\/cvinoticias.com\/v3\/varios-danos-ocasionaron-las-inclemencias-del-clima-en-distintos-lugares-de-misiones\/#primaryimage"},"thumbnailUrl":"https:\/\/cvinoticias.com\/wp-content\/uploads\/2022\/01\/FB_IMG_1643284883122.jpg","datePublished":"2022-01-27T12:18:55+00:00","dateModified":"2022-01-27T12:19:53+00:00","breadcrumb":{"@id":"https:\/\/cvinoticias.com\/v3\/varios-danos-ocasionaron-las-inclemencias-del-clima-en-distintos-lugares-de-misiones\/#breadcrumb"},"inLanguage":"es","potentialAction":[{"@type":"ReadAction","target":["https:\/\/cvinoticias.com\/v3\/varios-danos-ocasionaron-las-inclemencias-del-clima-en-distintos-lugares-de-misiones\/"]}]},{"@type":"ImageObject","inLanguage":"es","@id":"https:\/\/cvinoticias.com\/v3\/varios-danos-ocasionaron-las-inclemencias-del-clima-en-distintos-lugares-de-misiones\/#primaryimage","url":"https:\/\/cvinoticias.com\/wp-content\/uploads\/2022\/01\/FB_IMG_1643284883122.jpg","contentUrl":"https:\/\/cvinoticias.com\/wp-content\/uploads\/2022\/01\/FB_IMG_1643284883122.jpg","width":1080,"height":810},{"@type":"BreadcrumbList","@id":"https:\/\/cvinoticias.com\/v3\/varios-danos-ocasionaron-las-inclemencias-del-clima-en-distintos-lugares-de-misiones\/#breadcrumb","itemListElement":[{"@type":"ListItem","position":1,"name":"Portada","item":"https:\/\/cvinoticias.com\/v3\/"},{"@type":"ListItem","position":2,"name":"Varios da\u00f1os ocasionaron las inclemencias del clima en distintos lugares de Misiones"}]},{"@type":"WebSite","@id":"https:\/\/cvinoticias.com\/v3\/#website","url":"https:\/\/cvinoticias.com\/v3\/","name":"CVI NOTICIAS","description":"","publisher":{"@id":"https:\/\/cvinoticias.com\/v3\/#organization"},"alternateName":"CVI","potentialAction":[{"@type":"SearchAction","target":{"@type":"EntryPoint","urlTemplate":"https:\/\/cvinoticias.com\/v3\/?s={search_term_string}"},"query-input":{"@type":"PropertyValueSpecification","valueRequired":true,"valueName":"search_term_string"}}],"inLanguage":"es"},{"@type":"Organization","@id":"https:\/\/cvinoticias.com\/v3\/#organization","name":"CVI NOTICIAS","url":"https:\/\/cvinoticias.com\/v3\/","logo":{"@type":"ImageObject","inLanguage":"es","@id":"https:\/\/cvinoticias.com\/v3\/#\/schema\/logo\/image\/","url":"https:\/\/cvinoticias.com\/wp-content\/uploads\/2023\/04\/cropped-cropped-cropped-cropped-cropped-3-1.png","contentUrl":"https:\/\/cvinoticias.com\/wp-content\/uploads\/2023\/04\/cropped-cropped-cropped-cropped-cropped-3-1.png","width":95,"height":122,"caption":"CVI NOTICIAS"},"image":{"@id":"https:\/\/cvinoticias.com\/v3\/#\/schema\/logo\/image\/"},"sameAs":["https:\/\/www.facebook.com\/cvinoticias","https:\/\/www.instagram.com\/cvinoticias\/","https:\/\/www.youtube.com\/@CVINOTICIAS"]},{"@type":"Person","@id":"https:\/\/cvinoticias.com\/v3\/#\/schema\/person\/2db77e3c6bc03c538495d7b2b8be9b66","name":"f1000024","image":{"@type":"ImageObject","inLanguage":"es","@id":"https:\/\/secure.gravatar.com\/avatar\/d4fe7459cfc51ff5129ce1a732bbef5928568b8092d412ef95611616376bbeed?s=96&d=mm&r=g","url":"https:\/\/secure.gravatar.com\/avatar\/d4fe7459cfc51ff5129ce1a732bbef5928568b8092d412ef95611616376bbeed?s=96&d=mm&r=g","contentUrl":"https:\/\/secure.gravatar.com\/avatar\/d4fe7459cfc51ff5129ce1a732bbef5928568b8092d412ef95611616376bbeed?s=96&d=mm&r=g","caption":"f1000024"},"url":"https:\/\/cvinoticias.com\/v3\/author\/f1000024\/"}]}},"_links":{"self":[{"href":"https:\/\/cvinoticias.com\/v3\/wp-json\/wp\/v2\/posts\/12630","targetHints":{"allow":["GET"]}}],"collection":[{"href":"https:\/\/cvinoticias.com\/v3\/wp-json\/wp\/v2\/posts"}],"about":[{"href":"https:\/\/cvinoticias.com\/v3\/wp-json\/wp\/v2\/types\/post"}],"author":[{"embeddable":true,"href":"https:\/\/cvinoticias.com\/v3\/wp-json\/wp\/v2\/users\/2"}],"replies":[{"embeddable":true,"href":"https:\/\/cvinoticias.com\/v3\/wp-json\/wp\/v2\/comments?post=12630"}],"version-history":[{"count":2,"href":"https:\/\/cvinoticias.com\/v3\/wp-json\/wp\/v2\/posts\/12630\/revisions"}],"predecessor-version":[{"id":12636,"href":"https:\/\/cvinoticias.com\/v3\/wp-json\/wp\/v2\/posts\/12630\/revisions\/12636"}],"wp:featuredmedia":[{"embeddable":true,"href":"https:\/\/cvinoticias.com\/v3\/wp-json\/wp\/v2\/media\/12631"}],"wp:attachment":[{"href":"https:\/\/cvinoticias.com\/v3\/wp-json\/wp\/v2\/media?parent=12630"}],"wp:term":[{"taxonomy":"category","embeddable":true,"href":"https:\/\/cvinoticias.com\/v3\/wp-json\/wp\/v2\/categories?post=12630"},{"taxonomy":"post_tag","embeddable":true,"href":"https:\/\/cvinoticias.com\/v3\/wp-json\/wp\/v2\/tags?post=12630"}],"curies":[{"name":"wp","href":"https:\/\/api.w.org\/{rel}","templated":true}]}}