{"id":12627,"date":"2022-01-27T11:57:23","date_gmt":"2022-01-27T11:57:23","guid":{"rendered":"https:\/\/cvinoticias.com\/v3\/?p=12627"},"modified":"2022-01-27T11:57:23","modified_gmt":"2022-01-27T11:57:23","slug":"el-ministerio-de-turismo-ya-trabaja-en-el-programa-previaje-3","status":"publish","type":"post","link":"https:\/\/cvinoticias.com\/v3\/el-ministerio-de-turismo-ya-trabaja-en-el-programa-previaje-3\/","title":{"rendered":"El Ministerio de Turismo ya trabaja en el Programa PreViaje 3"},"content":{"rendered":"\n<p><strong><em>As\u00ed se lo anticip\u00f3 Yanina Mart\u00ednez, secretaria de Promoci\u00f3n Tur\u00edstica, quien se\u00f1al\u00f3 adem\u00e1s que la idea es lograr el consenso \u00abpara poder convertirlo en ley\u00bb.<\/em><\/strong><\/p>\n\n\n\n<p>La secretaria de Promoci\u00f3n Tur\u00edstica, Yanina Mart\u00ednez, dijo este mi\u00e9rcoles que desde el Ministerio de Turismo y Deportes se est\u00e1 trabajando \u00aben el Programa PreViaje 3\u00bb, con el foco puesto en el consenso y la inversi\u00f3n tur\u00edstica, y \u00abpara poder convertirlo en ley\u00bb.<\/p>\n\n\n\n<p>En declaraciones, la funcionaria nacional asegur\u00f3 que ya se estaba trabajando \u00abel PreViaje 3, y queremos que sea un programa consensuado e importante en la promoci\u00f3n, que de eso se trata este Programa\u00bb.<\/p>\n\n\n\n<p>\u00abTambi\u00e9n est\u00e1 trabajando en una ley de inversiones tur\u00edsticas para que el pa\u00eds pueda recibir inversiones tanto de otros lugares del mundo, como tambi\u00e9n para los empresarios argentinos que puedan confiar en la actividad tur\u00edstica\u00bb, agreg\u00f3.<\/p>\n\n\n\n<p>Mart\u00ednez, quien regres\u00f3 de Madrid luego de participar en la Feria Internacional de Turismo (Fitur 2022) donde se reconoci\u00f3 al Programa PreViaje con el premio de Excelencia, destac\u00f3 \u00abesta herramienta que permiti\u00f3 movilizar a 4,5 millones de argentinos y 99 mil millones de pesos, una inyecci\u00f3n tremenda de ahorro privado a la actividad tur\u00edstica\u00bb.<\/p>\n\n\n\n<p>Asimismo, rescat\u00f3 la convergencia entre las diferentes miradas pol\u00edticas sobre lo beneficioso del Programa, \u00ablo que le otorga una transversalidad que atraviesa a las distintas clases sociales y que recibi\u00f3 elogios desde Jujuy a Tierra del Fuego por todo el arco tur\u00edstico y pol\u00edtico\u00bb.<\/p>\n\n\n\n<p>\u00abEs un gran incentivo a la demanda -continu\u00f3- que moviliza el ahorro privado y genera movilidad en todo el pa\u00eds\u00bb y que \u00abfue muy buena para la reactivaci\u00f3n despu\u00e9s de la pandemia\u00bb.<\/p>\n\n\n\n<p>Eso, agregado al plan de vacunaci\u00f3n que calific\u00f3 de \u00abhist\u00f3rico\u00bb, y que hizo que la gente \u00abpierda el miedo y vuelva a viajar viendo al turismo como una necesidad y una sensaci\u00f3n de bienestar\u00bb.<\/p>\n\n\n\n<p>En cuanto a la posibilidad de transformar el Programa en una ley, Mart\u00ednez asegur\u00f3 el ministro de Turismo y Deportes, Mat\u00edas Lammens, estaba trabajando para esa consolidaci\u00f3n.<\/p>\n\n\n\n<p>\u00abL\u00f3gicamente hay que ver la situaci\u00f3n y los momentos en que est\u00e1 viviendo la argentina, con algunas modificaciones a realizarse para fortalecer por ah\u00ed mas los destinos emergentes y que no solo el consumo se de en los destinos que est\u00e9n consolidados\u00bb, a\u00f1adi\u00f3..<\/p>\n\n\n\n<p>Mart\u00ednez dijo que \u00abse viene con una visi\u00f3n bien federal habiendo tenido la experiencia de este PreViaje 1 y 2\u00bb, y que para establecerlo como ley se va a trabajar \u00abcon los gobernadores, con todas las c\u00e1maras tur\u00edsticas, y que por el Congreso se puede establecer como una pol\u00edtica p\u00fablica con cierto reajuste\u00bb.<\/p>\n\n\n\n<p>La funcionaria se posicion\u00f3 junto a informe de la Organizaci\u00f3n Mundial de la Salud (OMS) que pide a todos los Estados que abran las fronteras.<\/p>\n\n\n\n<p>En ese sentido, dijo que \u00abhay una necesidad de cuidar la econom\u00eda y a su vez la salud mental de muchas personas del mundo, y eso es lo que tenemos que trabajar ahora\u00bb.<\/p>\n\n\n\n<p><strong>Fuente: T\u00e9lam<\/strong><\/p>\n","protected":false},"excerpt":{"rendered":"<p>As\u00ed se lo anticip\u00f3 Yanina Mart\u00ednez, secretaria de Promoci\u00f3n Tur\u00edstica, quien se\u00f1al\u00f3 adem\u00e1s que la idea es lograr el consenso \u00abpara poder convertirlo en ley\u00bb. La secretaria de Promoci\u00f3n Tur\u00edstica, Yanina Mart\u00ednez, dijo este mi\u00e9rcoles que desde el Ministerio de Turismo y Deportes se est\u00e1 trabajando \u00aben el Programa PreViaje 3\u00bb, con el foco puesto [&hellip;]<\/p>\n","protected":false},"author":2,"featured_media":12628,"comment_status":"open","ping_status":"open","sticky":false,"template":"","format":"standard","meta":{"footnotes":""},"categories":[50],"tags":[],"class_list":["post-12627","post","type-post","status-publish","format-standard","has-post-thumbnail","hentry","category-turismo"],"yoast_head":"<!-- This site is optimized with the Yoast SEO plugin v27.4 - https:\/\/yoast.com\/product\/yoast-seo-wordpress\/ -->\n<title>El Ministerio de Turismo ya trabaja en el Programa PreViaje 3 | CVI NOTICIAS<\/title>\n<meta name=\"robots\" content=\"index, follow, max-snippet:-1, max-image-preview:large, max-video-preview:-1\" \/>\n<link rel=\"canonical\" href=\"https:\/\/cvinoticias.com\/v3\/el-ministerio-de-turismo-ya-trabaja-en-el-programa-previaje-3\/\" \/>\n<meta property=\"og:locale\" content=\"es_ES\" \/>\n<meta property=\"og:type\" content=\"article\" \/>\n<meta property=\"og:title\" content=\"El Ministerio de Turismo ya trabaja en el Programa PreViaje 3 | CVI NOTICIAS\" \/>\n<meta property=\"og:description\" content=\"As\u00ed se lo anticip\u00f3 Yanina Mart\u00ednez, secretaria de Promoci\u00f3n Tur\u00edstica, quien se\u00f1al\u00f3 adem\u00e1s que la idea es lograr el consenso \u00abpara poder convertirlo en ley\u00bb. La secretaria de Promoci\u00f3n Tur\u00edstica, Yanina Mart\u00ednez, dijo este mi\u00e9rcoles que desde el Ministerio de Turismo y Deportes se est\u00e1 trabajando \u00aben el Programa PreViaje 3\u00bb, con el foco puesto [&hellip;]\" \/>\n<meta property=\"og:url\" content=\"https:\/\/cvinoticias.com\/v3\/el-ministerio-de-turismo-ya-trabaja-en-el-programa-previaje-3\/\" \/>\n<meta property=\"og:site_name\" content=\"CVI NOTICIAS\" \/>\n<meta property=\"article:publisher\" content=\"https:\/\/www.facebook.com\/cvinoticias\" \/>\n<meta property=\"article:published_time\" content=\"2022-01-27T11:57:23+00:00\" \/>\n<meta property=\"og:image\" content=\"https:\/\/cvinoticias.com\/wp-content\/uploads\/2022\/01\/FB_IMG_1629560271869.jpg\" \/>\n\t<meta property=\"og:image:width\" content=\"960\" \/>\n\t<meta property=\"og:image:height\" content=\"696\" \/>\n\t<meta property=\"og:image:type\" content=\"image\/jpeg\" \/>\n<meta name=\"author\" content=\"f1000024\" \/>\n<meta name=\"twitter:card\" content=\"summary_large_image\" \/>\n<meta name=\"twitter:label1\" content=\"Escrito por\" \/>\n\t<meta name=\"twitter:data1\" content=\"f1000024\" \/>\n\t<meta name=\"twitter:label2\" content=\"Tiempo de lectura\" \/>\n\t<meta name=\"twitter:data2\" content=\"3 minutos\" \/>\n<script type=\"application\/ld+json\" class=\"yoast-schema-graph\">{\"@context\":\"https:\\\/\\\/schema.org\",\"@graph\":[{\"@type\":\"Article\",\"@id\":\"https:\\\/\\\/cvinoticias.com\\\/v3\\\/el-ministerio-de-turismo-ya-trabaja-en-el-programa-previaje-3\\\/#article\",\"isPartOf\":{\"@id\":\"https:\\\/\\\/cvinoticias.com\\\/v3\\\/el-ministerio-de-turismo-ya-trabaja-en-el-programa-previaje-3\\\/\"},\"author\":{\"name\":\"f1000024\",\"@id\":\"https:\\\/\\\/cvinoticias.com\\\/v3\\\/#\\\/schema\\\/person\\\/2db77e3c6bc03c538495d7b2b8be9b66\"},\"headline\":\"El Ministerio de Turismo ya trabaja en el Programa PreViaje 3\",\"datePublished\":\"2022-01-27T11:57:23+00:00\",\"mainEntityOfPage\":{\"@id\":\"https:\\\/\\\/cvinoticias.com\\\/v3\\\/el-ministerio-de-turismo-ya-trabaja-en-el-programa-previaje-3\\\/\"},\"wordCount\":533,\"commentCount\":0,\"publisher\":{\"@id\":\"https:\\\/\\\/cvinoticias.com\\\/v3\\\/#organization\"},\"image\":{\"@id\":\"https:\\\/\\\/cvinoticias.com\\\/v3\\\/el-ministerio-de-turismo-ya-trabaja-en-el-programa-previaje-3\\\/#primaryimage\"},\"thumbnailUrl\":\"https:\\\/\\\/cvinoticias.com\\\/wp-content\\\/uploads\\\/2022\\\/01\\\/FB_IMG_1629560271869.jpg\",\"articleSection\":[\"Turismo\"],\"inLanguage\":\"es\",\"potentialAction\":[{\"@type\":\"CommentAction\",\"name\":\"Comment\",\"target\":[\"https:\\\/\\\/cvinoticias.com\\\/v3\\\/el-ministerio-de-turismo-ya-trabaja-en-el-programa-previaje-3\\\/#respond\"]}]},{\"@type\":\"WebPage\",\"@id\":\"https:\\\/\\\/cvinoticias.com\\\/v3\\\/el-ministerio-de-turismo-ya-trabaja-en-el-programa-previaje-3\\\/\",\"url\":\"https:\\\/\\\/cvinoticias.com\\\/v3\\\/el-ministerio-de-turismo-ya-trabaja-en-el-programa-previaje-3\\\/\",\"name\":\"El Ministerio de Turismo ya trabaja en el Programa PreViaje 3 | CVI NOTICIAS\",\"isPartOf\":{\"@id\":\"https:\\\/\\\/cvinoticias.com\\\/v3\\\/#website\"},\"primaryImageOfPage\":{\"@id\":\"https:\\\/\\\/cvinoticias.com\\\/v3\\\/el-ministerio-de-turismo-ya-trabaja-en-el-programa-previaje-3\\\/#primaryimage\"},\"image\":{\"@id\":\"https:\\\/\\\/cvinoticias.com\\\/v3\\\/el-ministerio-de-turismo-ya-trabaja-en-el-programa-previaje-3\\\/#primaryimage\"},\"thumbnailUrl\":\"https:\\\/\\\/cvinoticias.com\\\/wp-content\\\/uploads\\\/2022\\\/01\\\/FB_IMG_1629560271869.jpg\",\"datePublished\":\"2022-01-27T11:57:23+00:00\",\"breadcrumb\":{\"@id\":\"https:\\\/\\\/cvinoticias.com\\\/v3\\\/el-ministerio-de-turismo-ya-trabaja-en-el-programa-previaje-3\\\/#breadcrumb\"},\"inLanguage\":\"es\",\"potentialAction\":[{\"@type\":\"ReadAction\",\"target\":[\"https:\\\/\\\/cvinoticias.com\\\/v3\\\/el-ministerio-de-turismo-ya-trabaja-en-el-programa-previaje-3\\\/\"]}]},{\"@type\":\"ImageObject\",\"inLanguage\":\"es\",\"@id\":\"https:\\\/\\\/cvinoticias.com\\\/v3\\\/el-ministerio-de-turismo-ya-trabaja-en-el-programa-previaje-3\\\/#primaryimage\",\"url\":\"https:\\\/\\\/cvinoticias.com\\\/wp-content\\\/uploads\\\/2022\\\/01\\\/FB_IMG_1629560271869.jpg\",\"contentUrl\":\"https:\\\/\\\/cvinoticias.com\\\/wp-content\\\/uploads\\\/2022\\\/01\\\/FB_IMG_1629560271869.jpg\",\"width\":960,\"height\":696},{\"@type\":\"BreadcrumbList\",\"@id\":\"https:\\\/\\\/cvinoticias.com\\\/v3\\\/el-ministerio-de-turismo-ya-trabaja-en-el-programa-previaje-3\\\/#breadcrumb\",\"itemListElement\":[{\"@type\":\"ListItem\",\"position\":1,\"name\":\"Portada\",\"item\":\"https:\\\/\\\/cvinoticias.com\\\/v3\\\/\"},{\"@type\":\"ListItem\",\"position\":2,\"name\":\"El Ministerio de Turismo ya trabaja en el Programa PreViaje 3\"}]},{\"@type\":\"WebSite\",\"@id\":\"https:\\\/\\\/cvinoticias.com\\\/v3\\\/#website\",\"url\":\"https:\\\/\\\/cvinoticias.com\\\/v3\\\/\",\"name\":\"CVI NOTICIAS\",\"description\":\"\",\"publisher\":{\"@id\":\"https:\\\/\\\/cvinoticias.com\\\/v3\\\/#organization\"},\"alternateName\":\"CVI\",\"potentialAction\":[{\"@type\":\"SearchAction\",\"target\":{\"@type\":\"EntryPoint\",\"urlTemplate\":\"https:\\\/\\\/cvinoticias.com\\\/v3\\\/?s={search_term_string}\"},\"query-input\":{\"@type\":\"PropertyValueSpecification\",\"valueRequired\":true,\"valueName\":\"search_term_string\"}}],\"inLanguage\":\"es\"},{\"@type\":\"Organization\",\"@id\":\"https:\\\/\\\/cvinoticias.com\\\/v3\\\/#organization\",\"name\":\"CVI NOTICIAS\",\"url\":\"https:\\\/\\\/cvinoticias.com\\\/v3\\\/\",\"logo\":{\"@type\":\"ImageObject\",\"inLanguage\":\"es\",\"@id\":\"https:\\\/\\\/cvinoticias.com\\\/v3\\\/#\\\/schema\\\/logo\\\/image\\\/\",\"url\":\"https:\\\/\\\/cvinoticias.com\\\/wp-content\\\/uploads\\\/2023\\\/04\\\/cropped-cropped-cropped-cropped-cropped-3-1.png\",\"contentUrl\":\"https:\\\/\\\/cvinoticias.com\\\/wp-content\\\/uploads\\\/2023\\\/04\\\/cropped-cropped-cropped-cropped-cropped-3-1.png\",\"width\":95,\"height\":122,\"caption\":\"CVI NOTICIAS\"},\"image\":{\"@id\":\"https:\\\/\\\/cvinoticias.com\\\/v3\\\/#\\\/schema\\\/logo\\\/image\\\/\"},\"sameAs\":[\"https:\\\/\\\/www.facebook.com\\\/cvinoticias\",\"https:\\\/\\\/www.instagram.com\\\/cvinoticias\\\/\",\"https:\\\/\\\/www.youtube.com\\\/@CVINOTICIAS\"]},{\"@type\":\"Person\",\"@id\":\"https:\\\/\\\/cvinoticias.com\\\/v3\\\/#\\\/schema\\\/person\\\/2db77e3c6bc03c538495d7b2b8be9b66\",\"name\":\"f1000024\",\"image\":{\"@type\":\"ImageObject\",\"inLanguage\":\"es\",\"@id\":\"https:\\\/\\\/secure.gravatar.com\\\/avatar\\\/d4fe7459cfc51ff5129ce1a732bbef5928568b8092d412ef95611616376bbeed?s=96&d=mm&r=g\",\"url\":\"https:\\\/\\\/secure.gravatar.com\\\/avatar\\\/d4fe7459cfc51ff5129ce1a732bbef5928568b8092d412ef95611616376bbeed?s=96&d=mm&r=g\",\"contentUrl\":\"https:\\\/\\\/secure.gravatar.com\\\/avatar\\\/d4fe7459cfc51ff5129ce1a732bbef5928568b8092d412ef95611616376bbeed?s=96&d=mm&r=g\",\"caption\":\"f1000024\"},\"url\":\"https:\\\/\\\/cvinoticias.com\\\/v3\\\/author\\\/f1000024\\\/\"}]}<\/script>\n<!-- \/ Yoast SEO plugin. -->","yoast_head_json":{"title":"El Ministerio de Turismo ya trabaja en el Programa PreViaje 3 | CVI NOTICIAS","robots":{"index":"index","follow":"follow","max-snippet":"max-snippet:-1","max-image-preview":"max-image-preview:large","max-video-preview":"max-video-preview:-1"},"canonical":"https:\/\/cvinoticias.com\/v3\/el-ministerio-de-turismo-ya-trabaja-en-el-programa-previaje-3\/","og_locale":"es_ES","og_type":"article","og_title":"El Ministerio de Turismo ya trabaja en el Programa PreViaje 3 | CVI NOTICIAS","og_description":"As\u00ed se lo anticip\u00f3 Yanina Mart\u00ednez, secretaria de Promoci\u00f3n Tur\u00edstica, quien se\u00f1al\u00f3 adem\u00e1s que la idea es lograr el consenso \u00abpara poder convertirlo en ley\u00bb. La secretaria de Promoci\u00f3n Tur\u00edstica, Yanina Mart\u00ednez, dijo este mi\u00e9rcoles que desde el Ministerio de Turismo y Deportes se est\u00e1 trabajando \u00aben el Programa PreViaje 3\u00bb, con el foco puesto [&hellip;]","og_url":"https:\/\/cvinoticias.com\/v3\/el-ministerio-de-turismo-ya-trabaja-en-el-programa-previaje-3\/","og_site_name":"CVI NOTICIAS","article_publisher":"https:\/\/www.facebook.com\/cvinoticias","article_published_time":"2022-01-27T11:57:23+00:00","og_image":[{"width":960,"height":696,"url":"https:\/\/cvinoticias.com\/wp-content\/uploads\/2022\/01\/FB_IMG_1629560271869.jpg","type":"image\/jpeg"}],"author":"f1000024","twitter_card":"summary_large_image","twitter_misc":{"Escrito por":"f1000024","Tiempo de lectura":"3 minutos"},"schema":{"@context":"https:\/\/schema.org","@graph":[{"@type":"Article","@id":"https:\/\/cvinoticias.com\/v3\/el-ministerio-de-turismo-ya-trabaja-en-el-programa-previaje-3\/#article","isPartOf":{"@id":"https:\/\/cvinoticias.com\/v3\/el-ministerio-de-turismo-ya-trabaja-en-el-programa-previaje-3\/"},"author":{"name":"f1000024","@id":"https:\/\/cvinoticias.com\/v3\/#\/schema\/person\/2db77e3c6bc03c538495d7b2b8be9b66"},"headline":"El Ministerio de Turismo ya trabaja en el Programa PreViaje 3","datePublished":"2022-01-27T11:57:23+00:00","mainEntityOfPage":{"@id":"https:\/\/cvinoticias.com\/v3\/el-ministerio-de-turismo-ya-trabaja-en-el-programa-previaje-3\/"},"wordCount":533,"commentCount":0,"publisher":{"@id":"https:\/\/cvinoticias.com\/v3\/#organization"},"image":{"@id":"https:\/\/cvinoticias.com\/v3\/el-ministerio-de-turismo-ya-trabaja-en-el-programa-previaje-3\/#primaryimage"},"thumbnailUrl":"https:\/\/cvinoticias.com\/wp-content\/uploads\/2022\/01\/FB_IMG_1629560271869.jpg","articleSection":["Turismo"],"inLanguage":"es","potentialAction":[{"@type":"CommentAction","name":"Comment","target":["https:\/\/cvinoticias.com\/v3\/el-ministerio-de-turismo-ya-trabaja-en-el-programa-previaje-3\/#respond"]}]},{"@type":"WebPage","@id":"https:\/\/cvinoticias.com\/v3\/el-ministerio-de-turismo-ya-trabaja-en-el-programa-previaje-3\/","url":"https:\/\/cvinoticias.com\/v3\/el-ministerio-de-turismo-ya-trabaja-en-el-programa-previaje-3\/","name":"El Ministerio de Turismo ya trabaja en el Programa PreViaje 3 | CVI NOTICIAS","isPartOf":{"@id":"https:\/\/cvinoticias.com\/v3\/#website"},"primaryImageOfPage":{"@id":"https:\/\/cvinoticias.com\/v3\/el-ministerio-de-turismo-ya-trabaja-en-el-programa-previaje-3\/#primaryimage"},"image":{"@id":"https:\/\/cvinoticias.com\/v3\/el-ministerio-de-turismo-ya-trabaja-en-el-programa-previaje-3\/#primaryimage"},"thumbnailUrl":"https:\/\/cvinoticias.com\/wp-content\/uploads\/2022\/01\/FB_IMG_1629560271869.jpg","datePublished":"2022-01-27T11:57:23+00:00","breadcrumb":{"@id":"https:\/\/cvinoticias.com\/v3\/el-ministerio-de-turismo-ya-trabaja-en-el-programa-previaje-3\/#breadcrumb"},"inLanguage":"es","potentialAction":[{"@type":"ReadAction","target":["https:\/\/cvinoticias.com\/v3\/el-ministerio-de-turismo-ya-trabaja-en-el-programa-previaje-3\/"]}]},{"@type":"ImageObject","inLanguage":"es","@id":"https:\/\/cvinoticias.com\/v3\/el-ministerio-de-turismo-ya-trabaja-en-el-programa-previaje-3\/#primaryimage","url":"https:\/\/cvinoticias.com\/wp-content\/uploads\/2022\/01\/FB_IMG_1629560271869.jpg","contentUrl":"https:\/\/cvinoticias.com\/wp-content\/uploads\/2022\/01\/FB_IMG_1629560271869.jpg","width":960,"height":696},{"@type":"BreadcrumbList","@id":"https:\/\/cvinoticias.com\/v3\/el-ministerio-de-turismo-ya-trabaja-en-el-programa-previaje-3\/#breadcrumb","itemListElement":[{"@type":"ListItem","position":1,"name":"Portada","item":"https:\/\/cvinoticias.com\/v3\/"},{"@type":"ListItem","position":2,"name":"El Ministerio de Turismo ya trabaja en el Programa PreViaje 3"}]},{"@type":"WebSite","@id":"https:\/\/cvinoticias.com\/v3\/#website","url":"https:\/\/cvinoticias.com\/v3\/","name":"CVI NOTICIAS","description":"","publisher":{"@id":"https:\/\/cvinoticias.com\/v3\/#organization"},"alternateName":"CVI","potentialAction":[{"@type":"SearchAction","target":{"@type":"EntryPoint","urlTemplate":"https:\/\/cvinoticias.com\/v3\/?s={search_term_string}"},"query-input":{"@type":"PropertyValueSpecification","valueRequired":true,"valueName":"search_term_string"}}],"inLanguage":"es"},{"@type":"Organization","@id":"https:\/\/cvinoticias.com\/v3\/#organization","name":"CVI NOTICIAS","url":"https:\/\/cvinoticias.com\/v3\/","logo":{"@type":"ImageObject","inLanguage":"es","@id":"https:\/\/cvinoticias.com\/v3\/#\/schema\/logo\/image\/","url":"https:\/\/cvinoticias.com\/wp-content\/uploads\/2023\/04\/cropped-cropped-cropped-cropped-cropped-3-1.png","contentUrl":"https:\/\/cvinoticias.com\/wp-content\/uploads\/2023\/04\/cropped-cropped-cropped-cropped-cropped-3-1.png","width":95,"height":122,"caption":"CVI NOTICIAS"},"image":{"@id":"https:\/\/cvinoticias.com\/v3\/#\/schema\/logo\/image\/"},"sameAs":["https:\/\/www.facebook.com\/cvinoticias","https:\/\/www.instagram.com\/cvinoticias\/","https:\/\/www.youtube.com\/@CVINOTICIAS"]},{"@type":"Person","@id":"https:\/\/cvinoticias.com\/v3\/#\/schema\/person\/2db77e3c6bc03c538495d7b2b8be9b66","name":"f1000024","image":{"@type":"ImageObject","inLanguage":"es","@id":"https:\/\/secure.gravatar.com\/avatar\/d4fe7459cfc51ff5129ce1a732bbef5928568b8092d412ef95611616376bbeed?s=96&d=mm&r=g","url":"https:\/\/secure.gravatar.com\/avatar\/d4fe7459cfc51ff5129ce1a732bbef5928568b8092d412ef95611616376bbeed?s=96&d=mm&r=g","contentUrl":"https:\/\/secure.gravatar.com\/avatar\/d4fe7459cfc51ff5129ce1a732bbef5928568b8092d412ef95611616376bbeed?s=96&d=mm&r=g","caption":"f1000024"},"url":"https:\/\/cvinoticias.com\/v3\/author\/f1000024\/"}]}},"_links":{"self":[{"href":"https:\/\/cvinoticias.com\/v3\/wp-json\/wp\/v2\/posts\/12627","targetHints":{"allow":["GET"]}}],"collection":[{"href":"https:\/\/cvinoticias.com\/v3\/wp-json\/wp\/v2\/posts"}],"about":[{"href":"https:\/\/cvinoticias.com\/v3\/wp-json\/wp\/v2\/types\/post"}],"author":[{"embeddable":true,"href":"https:\/\/cvinoticias.com\/v3\/wp-json\/wp\/v2\/users\/2"}],"replies":[{"embeddable":true,"href":"https:\/\/cvinoticias.com\/v3\/wp-json\/wp\/v2\/comments?post=12627"}],"version-history":[{"count":1,"href":"https:\/\/cvinoticias.com\/v3\/wp-json\/wp\/v2\/posts\/12627\/revisions"}],"predecessor-version":[{"id":12629,"href":"https:\/\/cvinoticias.com\/v3\/wp-json\/wp\/v2\/posts\/12627\/revisions\/12629"}],"wp:featuredmedia":[{"embeddable":true,"href":"https:\/\/cvinoticias.com\/v3\/wp-json\/wp\/v2\/media\/12628"}],"wp:attachment":[{"href":"https:\/\/cvinoticias.com\/v3\/wp-json\/wp\/v2\/media?parent=12627"}],"wp:term":[{"taxonomy":"category","embeddable":true,"href":"https:\/\/cvinoticias.com\/v3\/wp-json\/wp\/v2\/categories?post=12627"},{"taxonomy":"post_tag","embeddable":true,"href":"https:\/\/cvinoticias.com\/v3\/wp-json\/wp\/v2\/tags?post=12627"}],"curies":[{"name":"wp","href":"https:\/\/api.w.org\/{rel}","templated":true}]}}