{"id":12613,"date":"2022-01-26T17:59:14","date_gmt":"2022-01-26T17:59:14","guid":{"rendered":"https:\/\/cvinoticias.com\/v3\/?p=12613"},"modified":"2022-01-26T17:59:14","modified_gmt":"2022-01-26T17:59:14","slug":"iguazu-lo-detuvieron-por-quebrantar-las-medidas-de-restriccion-respecto-de-su-ex-pareja","status":"publish","type":"post","link":"https:\/\/cvinoticias.com\/v3\/iguazu-lo-detuvieron-por-quebrantar-las-medidas-de-restriccion-respecto-de-su-ex-pareja\/","title":{"rendered":"Iguaz\u00fa: Lo detuvieron por quebrantar las medidas de restricci\u00f3n respecto de su ex pareja"},"content":{"rendered":"\n<p><strong><em>Fue en un procedimiento realizado por integrantes de la Comisar\u00eda de la Mujer URV, en el cual detuvieron a un hombre de 38 a\u00f1os de edad acusado de haber amenazado y quebrantado las medidas judiciales.<\/em><\/strong><\/p>\n\n\n\n<p>La v\u00edctima, una mujer de 28 a\u00f1os de edad quien cursa un embarazo de seis meses, denunci\u00f3 que su ex pareja quebranto las medidas de restricci\u00f3n profiriendo amenazas de maneras constantes hacia la misma temiendo por su integridad f\u00edsica.<\/p>\n\n\n\n<p>Conocido el hecho, en la jornada de ayer en el marco de una investigaci\u00f3n, tras una allanamiento la Polic\u00eda detuvo al violento y secuestro un cuchillo tipo pu\u00f1al y traslado al mismo hasta sede policial donde permanece alojado a disposici\u00f3n de la justicia.<\/p>\n\n\n\n<figure class=\"wp-block-image size-large\"><a href=\"https:\/\/cvinoticias.com\/wp-content\/uploads\/2022\/01\/FB_IMG_1643219548484.jpg\"><img decoding=\"async\" width=\"696\" height=\"1024\" data-src=\"https:\/\/cvinoticias.com\/wp-content\/uploads\/2022\/01\/FB_IMG_1643219548484-696x1024.jpg\" alt=\"\" class=\"wp-image-12614 lazyload\" data-srcset=\"https:\/\/cvinoticias.com\/wp-content\/uploads\/2022\/01\/FB_IMG_1643219548484-696x1024.jpg 696w, https:\/\/cvinoticias.com\/wp-content\/uploads\/2022\/01\/FB_IMG_1643219548484-204x300.jpg 204w, https:\/\/cvinoticias.com\/wp-content\/uploads\/2022\/01\/FB_IMG_1643219548484-768x1130.jpg 768w, https:\/\/cvinoticias.com\/wp-content\/uploads\/2022\/01\/FB_IMG_1643219548484.jpg 785w\" data-sizes=\"(max-width: 696px) 100vw, 696px\" src=\"data:image\/svg+xml;base64,PHN2ZyB3aWR0aD0iMSIgaGVpZ2h0PSIxIiB4bWxucz0iaHR0cDovL3d3dy53My5vcmcvMjAwMC9zdmciPjwvc3ZnPg==\" style=\"--smush-placeholder-width: 696px; --smush-placeholder-aspect-ratio: 696\/1024;\" \/><\/a><\/figure>\n","protected":false},"excerpt":{"rendered":"<p>Fue en un procedimiento realizado por integrantes de la Comisar\u00eda de la Mujer URV, en el cual detuvieron a un hombre de 38 a\u00f1os de edad acusado de haber amenazado y quebrantado las medidas judiciales. La v\u00edctima, una mujer de 28 a\u00f1os de edad quien cursa un embarazo de seis meses, denunci\u00f3 que su ex [&hellip;]<\/p>\n","protected":false},"author":2,"featured_media":12615,"comment_status":"open","ping_status":"open","sticky":false,"template":"","format":"standard","meta":{"footnotes":""},"categories":[41],"tags":[],"class_list":["post-12613","post","type-post","status-publish","format-standard","has-post-thumbnail","hentry","category-policiales"],"yoast_head":"<!-- This site is optimized with the Yoast SEO plugin v27.4 - https:\/\/yoast.com\/product\/yoast-seo-wordpress\/ -->\n<title>Iguaz\u00fa: Lo detuvieron por quebrantar las medidas de restricci\u00f3n respecto de su ex pareja | CVI NOTICIAS<\/title>\n<meta name=\"robots\" content=\"index, follow, max-snippet:-1, max-image-preview:large, max-video-preview:-1\" \/>\n<link rel=\"canonical\" href=\"https:\/\/cvinoticias.com\/v3\/iguazu-lo-detuvieron-por-quebrantar-las-medidas-de-restriccion-respecto-de-su-ex-pareja\/\" \/>\n<meta property=\"og:locale\" content=\"es_ES\" \/>\n<meta property=\"og:type\" content=\"article\" \/>\n<meta property=\"og:title\" content=\"Iguaz\u00fa: Lo detuvieron por quebrantar las medidas de restricci\u00f3n respecto de su ex pareja | CVI NOTICIAS\" \/>\n<meta property=\"og:description\" content=\"Fue en un procedimiento realizado por integrantes de la Comisar\u00eda de la Mujer URV, en el cual detuvieron a un hombre de 38 a\u00f1os de edad acusado de haber amenazado y quebrantado las medidas judiciales. La v\u00edctima, una mujer de 28 a\u00f1os de edad quien cursa un embarazo de seis meses, denunci\u00f3 que su ex [&hellip;]\" \/>\n<meta property=\"og:url\" content=\"https:\/\/cvinoticias.com\/v3\/iguazu-lo-detuvieron-por-quebrantar-las-medidas-de-restriccion-respecto-de-su-ex-pareja\/\" \/>\n<meta property=\"og:site_name\" content=\"CVI NOTICIAS\" \/>\n<meta property=\"article:publisher\" content=\"https:\/\/www.facebook.com\/cvinoticias\" \/>\n<meta property=\"article:published_time\" content=\"2022-01-26T17:59:14+00:00\" \/>\n<meta property=\"og:image\" content=\"https:\/\/cvinoticias.com\/wp-content\/uploads\/2022\/01\/FB_IMG_1643219546043.jpg\" \/>\n\t<meta property=\"og:image:width\" content=\"1080\" \/>\n\t<meta property=\"og:image:height\" content=\"1328\" \/>\n\t<meta property=\"og:image:type\" content=\"image\/jpeg\" \/>\n<meta name=\"author\" content=\"f1000024\" \/>\n<meta name=\"twitter:card\" content=\"summary_large_image\" \/>\n<meta name=\"twitter:label1\" content=\"Escrito por\" \/>\n\t<meta name=\"twitter:data1\" content=\"f1000024\" \/>\n\t<meta name=\"twitter:label2\" content=\"Tiempo de lectura\" \/>\n\t<meta name=\"twitter:data2\" content=\"1 minuto\" \/>\n<script type=\"application\/ld+json\" class=\"yoast-schema-graph\">{\"@context\":\"https:\\\/\\\/schema.org\",\"@graph\":[{\"@type\":\"Article\",\"@id\":\"https:\\\/\\\/cvinoticias.com\\\/v3\\\/iguazu-lo-detuvieron-por-quebrantar-las-medidas-de-restriccion-respecto-de-su-ex-pareja\\\/#article\",\"isPartOf\":{\"@id\":\"https:\\\/\\\/cvinoticias.com\\\/v3\\\/iguazu-lo-detuvieron-por-quebrantar-las-medidas-de-restriccion-respecto-de-su-ex-pareja\\\/\"},\"author\":{\"name\":\"f1000024\",\"@id\":\"https:\\\/\\\/cvinoticias.com\\\/v3\\\/#\\\/schema\\\/person\\\/2db77e3c6bc03c538495d7b2b8be9b66\"},\"headline\":\"Iguaz\u00fa: Lo detuvieron por quebrantar las medidas de restricci\u00f3n respecto de su ex pareja\",\"datePublished\":\"2022-01-26T17:59:14+00:00\",\"mainEntityOfPage\":{\"@id\":\"https:\\\/\\\/cvinoticias.com\\\/v3\\\/iguazu-lo-detuvieron-por-quebrantar-las-medidas-de-restriccion-respecto-de-su-ex-pareja\\\/\"},\"wordCount\":140,\"commentCount\":0,\"publisher\":{\"@id\":\"https:\\\/\\\/cvinoticias.com\\\/v3\\\/#organization\"},\"image\":{\"@id\":\"https:\\\/\\\/cvinoticias.com\\\/v3\\\/iguazu-lo-detuvieron-por-quebrantar-las-medidas-de-restriccion-respecto-de-su-ex-pareja\\\/#primaryimage\"},\"thumbnailUrl\":\"https:\\\/\\\/cvinoticias.com\\\/wp-content\\\/uploads\\\/2022\\\/01\\\/FB_IMG_1643219546043.jpg\",\"articleSection\":[\"Policiales\"],\"inLanguage\":\"es\",\"potentialAction\":[{\"@type\":\"CommentAction\",\"name\":\"Comment\",\"target\":[\"https:\\\/\\\/cvinoticias.com\\\/v3\\\/iguazu-lo-detuvieron-por-quebrantar-las-medidas-de-restriccion-respecto-de-su-ex-pareja\\\/#respond\"]}]},{\"@type\":\"WebPage\",\"@id\":\"https:\\\/\\\/cvinoticias.com\\\/v3\\\/iguazu-lo-detuvieron-por-quebrantar-las-medidas-de-restriccion-respecto-de-su-ex-pareja\\\/\",\"url\":\"https:\\\/\\\/cvinoticias.com\\\/v3\\\/iguazu-lo-detuvieron-por-quebrantar-las-medidas-de-restriccion-respecto-de-su-ex-pareja\\\/\",\"name\":\"Iguaz\u00fa: Lo detuvieron por quebrantar las medidas de restricci\u00f3n respecto de su ex pareja | CVI NOTICIAS\",\"isPartOf\":{\"@id\":\"https:\\\/\\\/cvinoticias.com\\\/v3\\\/#website\"},\"primaryImageOfPage\":{\"@id\":\"https:\\\/\\\/cvinoticias.com\\\/v3\\\/iguazu-lo-detuvieron-por-quebrantar-las-medidas-de-restriccion-respecto-de-su-ex-pareja\\\/#primaryimage\"},\"image\":{\"@id\":\"https:\\\/\\\/cvinoticias.com\\\/v3\\\/iguazu-lo-detuvieron-por-quebrantar-las-medidas-de-restriccion-respecto-de-su-ex-pareja\\\/#primaryimage\"},\"thumbnailUrl\":\"https:\\\/\\\/cvinoticias.com\\\/wp-content\\\/uploads\\\/2022\\\/01\\\/FB_IMG_1643219546043.jpg\",\"datePublished\":\"2022-01-26T17:59:14+00:00\",\"breadcrumb\":{\"@id\":\"https:\\\/\\\/cvinoticias.com\\\/v3\\\/iguazu-lo-detuvieron-por-quebrantar-las-medidas-de-restriccion-respecto-de-su-ex-pareja\\\/#breadcrumb\"},\"inLanguage\":\"es\",\"potentialAction\":[{\"@type\":\"ReadAction\",\"target\":[\"https:\\\/\\\/cvinoticias.com\\\/v3\\\/iguazu-lo-detuvieron-por-quebrantar-las-medidas-de-restriccion-respecto-de-su-ex-pareja\\\/\"]}]},{\"@type\":\"ImageObject\",\"inLanguage\":\"es\",\"@id\":\"https:\\\/\\\/cvinoticias.com\\\/v3\\\/iguazu-lo-detuvieron-por-quebrantar-las-medidas-de-restriccion-respecto-de-su-ex-pareja\\\/#primaryimage\",\"url\":\"https:\\\/\\\/cvinoticias.com\\\/wp-content\\\/uploads\\\/2022\\\/01\\\/FB_IMG_1643219546043.jpg\",\"contentUrl\":\"https:\\\/\\\/cvinoticias.com\\\/wp-content\\\/uploads\\\/2022\\\/01\\\/FB_IMG_1643219546043.jpg\",\"width\":1080,\"height\":1328},{\"@type\":\"BreadcrumbList\",\"@id\":\"https:\\\/\\\/cvinoticias.com\\\/v3\\\/iguazu-lo-detuvieron-por-quebrantar-las-medidas-de-restriccion-respecto-de-su-ex-pareja\\\/#breadcrumb\",\"itemListElement\":[{\"@type\":\"ListItem\",\"position\":1,\"name\":\"Portada\",\"item\":\"https:\\\/\\\/cvinoticias.com\\\/v3\\\/\"},{\"@type\":\"ListItem\",\"position\":2,\"name\":\"Iguaz\u00fa: Lo detuvieron por quebrantar las medidas de restricci\u00f3n respecto de su ex pareja\"}]},{\"@type\":\"WebSite\",\"@id\":\"https:\\\/\\\/cvinoticias.com\\\/v3\\\/#website\",\"url\":\"https:\\\/\\\/cvinoticias.com\\\/v3\\\/\",\"name\":\"CVI NOTICIAS\",\"description\":\"\",\"publisher\":{\"@id\":\"https:\\\/\\\/cvinoticias.com\\\/v3\\\/#organization\"},\"alternateName\":\"CVI\",\"potentialAction\":[{\"@type\":\"SearchAction\",\"target\":{\"@type\":\"EntryPoint\",\"urlTemplate\":\"https:\\\/\\\/cvinoticias.com\\\/v3\\\/?s={search_term_string}\"},\"query-input\":{\"@type\":\"PropertyValueSpecification\",\"valueRequired\":true,\"valueName\":\"search_term_string\"}}],\"inLanguage\":\"es\"},{\"@type\":\"Organization\",\"@id\":\"https:\\\/\\\/cvinoticias.com\\\/v3\\\/#organization\",\"name\":\"CVI NOTICIAS\",\"url\":\"https:\\\/\\\/cvinoticias.com\\\/v3\\\/\",\"logo\":{\"@type\":\"ImageObject\",\"inLanguage\":\"es\",\"@id\":\"https:\\\/\\\/cvinoticias.com\\\/v3\\\/#\\\/schema\\\/logo\\\/image\\\/\",\"url\":\"https:\\\/\\\/cvinoticias.com\\\/wp-content\\\/uploads\\\/2023\\\/04\\\/cropped-cropped-cropped-cropped-cropped-3-1.png\",\"contentUrl\":\"https:\\\/\\\/cvinoticias.com\\\/wp-content\\\/uploads\\\/2023\\\/04\\\/cropped-cropped-cropped-cropped-cropped-3-1.png\",\"width\":95,\"height\":122,\"caption\":\"CVI NOTICIAS\"},\"image\":{\"@id\":\"https:\\\/\\\/cvinoticias.com\\\/v3\\\/#\\\/schema\\\/logo\\\/image\\\/\"},\"sameAs\":[\"https:\\\/\\\/www.facebook.com\\\/cvinoticias\",\"https:\\\/\\\/www.instagram.com\\\/cvinoticias\\\/\",\"https:\\\/\\\/www.youtube.com\\\/@CVINOTICIAS\"]},{\"@type\":\"Person\",\"@id\":\"https:\\\/\\\/cvinoticias.com\\\/v3\\\/#\\\/schema\\\/person\\\/2db77e3c6bc03c538495d7b2b8be9b66\",\"name\":\"f1000024\",\"image\":{\"@type\":\"ImageObject\",\"inLanguage\":\"es\",\"@id\":\"https:\\\/\\\/secure.gravatar.com\\\/avatar\\\/d4fe7459cfc51ff5129ce1a732bbef5928568b8092d412ef95611616376bbeed?s=96&d=mm&r=g\",\"url\":\"https:\\\/\\\/secure.gravatar.com\\\/avatar\\\/d4fe7459cfc51ff5129ce1a732bbef5928568b8092d412ef95611616376bbeed?s=96&d=mm&r=g\",\"contentUrl\":\"https:\\\/\\\/secure.gravatar.com\\\/avatar\\\/d4fe7459cfc51ff5129ce1a732bbef5928568b8092d412ef95611616376bbeed?s=96&d=mm&r=g\",\"caption\":\"f1000024\"},\"url\":\"https:\\\/\\\/cvinoticias.com\\\/v3\\\/author\\\/f1000024\\\/\"}]}<\/script>\n<!-- \/ Yoast SEO plugin. -->","yoast_head_json":{"title":"Iguaz\u00fa: Lo detuvieron por quebrantar las medidas de restricci\u00f3n respecto de su ex pareja | CVI NOTICIAS","robots":{"index":"index","follow":"follow","max-snippet":"max-snippet:-1","max-image-preview":"max-image-preview:large","max-video-preview":"max-video-preview:-1"},"canonical":"https:\/\/cvinoticias.com\/v3\/iguazu-lo-detuvieron-por-quebrantar-las-medidas-de-restriccion-respecto-de-su-ex-pareja\/","og_locale":"es_ES","og_type":"article","og_title":"Iguaz\u00fa: Lo detuvieron por quebrantar las medidas de restricci\u00f3n respecto de su ex pareja | CVI NOTICIAS","og_description":"Fue en un procedimiento realizado por integrantes de la Comisar\u00eda de la Mujer URV, en el cual detuvieron a un hombre de 38 a\u00f1os de edad acusado de haber amenazado y quebrantado las medidas judiciales. La v\u00edctima, una mujer de 28 a\u00f1os de edad quien cursa un embarazo de seis meses, denunci\u00f3 que su ex [&hellip;]","og_url":"https:\/\/cvinoticias.com\/v3\/iguazu-lo-detuvieron-por-quebrantar-las-medidas-de-restriccion-respecto-de-su-ex-pareja\/","og_site_name":"CVI NOTICIAS","article_publisher":"https:\/\/www.facebook.com\/cvinoticias","article_published_time":"2022-01-26T17:59:14+00:00","og_image":[{"width":1080,"height":1328,"url":"https:\/\/cvinoticias.com\/wp-content\/uploads\/2022\/01\/FB_IMG_1643219546043.jpg","type":"image\/jpeg"}],"author":"f1000024","twitter_card":"summary_large_image","twitter_misc":{"Escrito por":"f1000024","Tiempo de lectura":"1 minuto"},"schema":{"@context":"https:\/\/schema.org","@graph":[{"@type":"Article","@id":"https:\/\/cvinoticias.com\/v3\/iguazu-lo-detuvieron-por-quebrantar-las-medidas-de-restriccion-respecto-de-su-ex-pareja\/#article","isPartOf":{"@id":"https:\/\/cvinoticias.com\/v3\/iguazu-lo-detuvieron-por-quebrantar-las-medidas-de-restriccion-respecto-de-su-ex-pareja\/"},"author":{"name":"f1000024","@id":"https:\/\/cvinoticias.com\/v3\/#\/schema\/person\/2db77e3c6bc03c538495d7b2b8be9b66"},"headline":"Iguaz\u00fa: Lo detuvieron por quebrantar las medidas de restricci\u00f3n respecto de su ex pareja","datePublished":"2022-01-26T17:59:14+00:00","mainEntityOfPage":{"@id":"https:\/\/cvinoticias.com\/v3\/iguazu-lo-detuvieron-por-quebrantar-las-medidas-de-restriccion-respecto-de-su-ex-pareja\/"},"wordCount":140,"commentCount":0,"publisher":{"@id":"https:\/\/cvinoticias.com\/v3\/#organization"},"image":{"@id":"https:\/\/cvinoticias.com\/v3\/iguazu-lo-detuvieron-por-quebrantar-las-medidas-de-restriccion-respecto-de-su-ex-pareja\/#primaryimage"},"thumbnailUrl":"https:\/\/cvinoticias.com\/wp-content\/uploads\/2022\/01\/FB_IMG_1643219546043.jpg","articleSection":["Policiales"],"inLanguage":"es","potentialAction":[{"@type":"CommentAction","name":"Comment","target":["https:\/\/cvinoticias.com\/v3\/iguazu-lo-detuvieron-por-quebrantar-las-medidas-de-restriccion-respecto-de-su-ex-pareja\/#respond"]}]},{"@type":"WebPage","@id":"https:\/\/cvinoticias.com\/v3\/iguazu-lo-detuvieron-por-quebrantar-las-medidas-de-restriccion-respecto-de-su-ex-pareja\/","url":"https:\/\/cvinoticias.com\/v3\/iguazu-lo-detuvieron-por-quebrantar-las-medidas-de-restriccion-respecto-de-su-ex-pareja\/","name":"Iguaz\u00fa: Lo detuvieron por quebrantar las medidas de restricci\u00f3n respecto de su ex pareja | CVI NOTICIAS","isPartOf":{"@id":"https:\/\/cvinoticias.com\/v3\/#website"},"primaryImageOfPage":{"@id":"https:\/\/cvinoticias.com\/v3\/iguazu-lo-detuvieron-por-quebrantar-las-medidas-de-restriccion-respecto-de-su-ex-pareja\/#primaryimage"},"image":{"@id":"https:\/\/cvinoticias.com\/v3\/iguazu-lo-detuvieron-por-quebrantar-las-medidas-de-restriccion-respecto-de-su-ex-pareja\/#primaryimage"},"thumbnailUrl":"https:\/\/cvinoticias.com\/wp-content\/uploads\/2022\/01\/FB_IMG_1643219546043.jpg","datePublished":"2022-01-26T17:59:14+00:00","breadcrumb":{"@id":"https:\/\/cvinoticias.com\/v3\/iguazu-lo-detuvieron-por-quebrantar-las-medidas-de-restriccion-respecto-de-su-ex-pareja\/#breadcrumb"},"inLanguage":"es","potentialAction":[{"@type":"ReadAction","target":["https:\/\/cvinoticias.com\/v3\/iguazu-lo-detuvieron-por-quebrantar-las-medidas-de-restriccion-respecto-de-su-ex-pareja\/"]}]},{"@type":"ImageObject","inLanguage":"es","@id":"https:\/\/cvinoticias.com\/v3\/iguazu-lo-detuvieron-por-quebrantar-las-medidas-de-restriccion-respecto-de-su-ex-pareja\/#primaryimage","url":"https:\/\/cvinoticias.com\/wp-content\/uploads\/2022\/01\/FB_IMG_1643219546043.jpg","contentUrl":"https:\/\/cvinoticias.com\/wp-content\/uploads\/2022\/01\/FB_IMG_1643219546043.jpg","width":1080,"height":1328},{"@type":"BreadcrumbList","@id":"https:\/\/cvinoticias.com\/v3\/iguazu-lo-detuvieron-por-quebrantar-las-medidas-de-restriccion-respecto-de-su-ex-pareja\/#breadcrumb","itemListElement":[{"@type":"ListItem","position":1,"name":"Portada","item":"https:\/\/cvinoticias.com\/v3\/"},{"@type":"ListItem","position":2,"name":"Iguaz\u00fa: Lo detuvieron por quebrantar las medidas de restricci\u00f3n respecto de su ex pareja"}]},{"@type":"WebSite","@id":"https:\/\/cvinoticias.com\/v3\/#website","url":"https:\/\/cvinoticias.com\/v3\/","name":"CVI NOTICIAS","description":"","publisher":{"@id":"https:\/\/cvinoticias.com\/v3\/#organization"},"alternateName":"CVI","potentialAction":[{"@type":"SearchAction","target":{"@type":"EntryPoint","urlTemplate":"https:\/\/cvinoticias.com\/v3\/?s={search_term_string}"},"query-input":{"@type":"PropertyValueSpecification","valueRequired":true,"valueName":"search_term_string"}}],"inLanguage":"es"},{"@type":"Organization","@id":"https:\/\/cvinoticias.com\/v3\/#organization","name":"CVI NOTICIAS","url":"https:\/\/cvinoticias.com\/v3\/","logo":{"@type":"ImageObject","inLanguage":"es","@id":"https:\/\/cvinoticias.com\/v3\/#\/schema\/logo\/image\/","url":"https:\/\/cvinoticias.com\/wp-content\/uploads\/2023\/04\/cropped-cropped-cropped-cropped-cropped-3-1.png","contentUrl":"https:\/\/cvinoticias.com\/wp-content\/uploads\/2023\/04\/cropped-cropped-cropped-cropped-cropped-3-1.png","width":95,"height":122,"caption":"CVI NOTICIAS"},"image":{"@id":"https:\/\/cvinoticias.com\/v3\/#\/schema\/logo\/image\/"},"sameAs":["https:\/\/www.facebook.com\/cvinoticias","https:\/\/www.instagram.com\/cvinoticias\/","https:\/\/www.youtube.com\/@CVINOTICIAS"]},{"@type":"Person","@id":"https:\/\/cvinoticias.com\/v3\/#\/schema\/person\/2db77e3c6bc03c538495d7b2b8be9b66","name":"f1000024","image":{"@type":"ImageObject","inLanguage":"es","@id":"https:\/\/secure.gravatar.com\/avatar\/d4fe7459cfc51ff5129ce1a732bbef5928568b8092d412ef95611616376bbeed?s=96&d=mm&r=g","url":"https:\/\/secure.gravatar.com\/avatar\/d4fe7459cfc51ff5129ce1a732bbef5928568b8092d412ef95611616376bbeed?s=96&d=mm&r=g","contentUrl":"https:\/\/secure.gravatar.com\/avatar\/d4fe7459cfc51ff5129ce1a732bbef5928568b8092d412ef95611616376bbeed?s=96&d=mm&r=g","caption":"f1000024"},"url":"https:\/\/cvinoticias.com\/v3\/author\/f1000024\/"}]}},"_links":{"self":[{"href":"https:\/\/cvinoticias.com\/v3\/wp-json\/wp\/v2\/posts\/12613","targetHints":{"allow":["GET"]}}],"collection":[{"href":"https:\/\/cvinoticias.com\/v3\/wp-json\/wp\/v2\/posts"}],"about":[{"href":"https:\/\/cvinoticias.com\/v3\/wp-json\/wp\/v2\/types\/post"}],"author":[{"embeddable":true,"href":"https:\/\/cvinoticias.com\/v3\/wp-json\/wp\/v2\/users\/2"}],"replies":[{"embeddable":true,"href":"https:\/\/cvinoticias.com\/v3\/wp-json\/wp\/v2\/comments?post=12613"}],"version-history":[{"count":1,"href":"https:\/\/cvinoticias.com\/v3\/wp-json\/wp\/v2\/posts\/12613\/revisions"}],"predecessor-version":[{"id":12616,"href":"https:\/\/cvinoticias.com\/v3\/wp-json\/wp\/v2\/posts\/12613\/revisions\/12616"}],"wp:featuredmedia":[{"embeddable":true,"href":"https:\/\/cvinoticias.com\/v3\/wp-json\/wp\/v2\/media\/12615"}],"wp:attachment":[{"href":"https:\/\/cvinoticias.com\/v3\/wp-json\/wp\/v2\/media?parent=12613"}],"wp:term":[{"taxonomy":"category","embeddable":true,"href":"https:\/\/cvinoticias.com\/v3\/wp-json\/wp\/v2\/categories?post=12613"},{"taxonomy":"post_tag","embeddable":true,"href":"https:\/\/cvinoticias.com\/v3\/wp-json\/wp\/v2\/tags?post=12613"}],"curies":[{"name":"wp","href":"https:\/\/api.w.org\/{rel}","templated":true}]}}