{"id":12599,"date":"2022-01-26T13:56:05","date_gmt":"2022-01-26T13:56:05","guid":{"rendered":"https:\/\/cvinoticias.com\/v3\/?p=12599"},"modified":"2022-01-26T13:56:05","modified_gmt":"2022-01-26T13:56:05","slug":"el-bayern-munich-y-misiones-se-unen-para-ofrecer-oportunidades-de-desarrollo-a-jovenes-promesas","status":"publish","type":"post","link":"https:\/\/cvinoticias.com\/v3\/el-bayern-munich-y-misiones-se-unen-para-ofrecer-oportunidades-de-desarrollo-a-jovenes-promesas\/","title":{"rendered":"El Bayern M\u00fanich y Misiones se unen para ofrecer oportunidades de desarrollo a j\u00f3venes promesas"},"content":{"rendered":"\n<p><strong><em>El prestigioso equipo alem\u00e1n estableci\u00f3 un convenio con la provincia que llevar\u00e1 programas de entrenamiento y oportunidades dise\u00f1adas para fomentar el desarrollo de jugadores de f\u00fatbol. Esta oportunidad hist\u00f3rica es el reconocimiento de las pol\u00edticas de innovaci\u00f3n ejecutadas por el gobierno provincial.<\/em><\/strong><\/p>\n\n\n\n<p>El Gobierno de Misiones y el Bayern M\u00fanich han anunciado hoy un convenio que llevar\u00e1 programas de entrenamiento y oportunidades dise\u00f1adas para fomentar el desarrollo de jugadores de f\u00fatbol de Argentina.<br>\u201cNos alegra tener esta colaboraci\u00f3n en Argentina, un pa\u00eds que cuenta con una tremenda tradici\u00f3n futbolera y una gran pasi\u00f3n por este deporte. Queremos apoyar a ni\u00f1os y ni\u00f1as y tener buenos resultados que salgan de este intercambio con el Gobierno de Misiones\u201d, coment\u00f3 Andreas Jung, Director de Marketing de FC Bayern.<\/p>\n\n\n\n<p>El acuerdo multianual ofrecer\u00e1 varias iniciativas de desarrollo a j\u00f3venes prospectos, incluyendo la implementaci\u00f3n de campamentos de f\u00fatbol y programas de aprendizaje para entrenadores locales, adem\u00e1s de llevar a cabo el prestigioso torneo juvenil, FC Bayern Youth Cup, por primera vez en Argentina.<\/p>\n\n\n\n<p>\u201cFC Bayern es uno de los clubes m\u00e1s grandes del mundo y tiene una de las academias m\u00e1s exitosas\u201d, coment\u00f3 el Gobernador de Misiones, Dr. Oscar Herrera Ahuad. \u201cHemos estado buscando la organizaci\u00f3n perfecta para traer programas de primer nivel que tengan un impacto positivo dentro y fuera de la cancha para ni\u00f1os y ni\u00f1as en nuestra provincia. Creemos que los campeones de Alemania est\u00e1n perfectamente posicionados para apoyar nuestro objetivo\u201d, agreg\u00f3.<\/p>\n\n\n\n<p>Como parte del convenio, los campamentos de f\u00fatbol incluir\u00e1n la presencia de entrenadores certificados por el FC Bayern en programas de dos semanas de duraci\u00f3n para ni\u00f1os y ni\u00f1as. Las sesiones intensivas ofrecen entrenamientos \u00fanicos para jugadores j\u00f3venes. La alianza tambi\u00e9n incluir\u00e1 la llegada del FC Bayern Youth Cup a Argentina. El torneo internacional juvenil es el m\u00e1s grande y antiguo del mundo ofrecido por un club de f\u00fatbol y busca darles la oportunidad a jugadores de 14 a 16 a\u00f1os de mostrar su talento y representar a su pa\u00eds en M\u00fanich.<\/p>\n\n\n\n<p>\u201cEl f\u00fatbol es una poderosa herramienta social\u201d, coment\u00f3 el Presidente de las Am\u00e9ricas de FC Bayern, Rudolf Vidal. \u201cTrabajaremos de cerca con el Gobierno de Misiones para compartir la metodolog\u00eda y filosof\u00eda del FC Bayern con jugadores j\u00f3venes y entrenadores. \u201cNuestra meta es usar el f\u00fatbol para que estos jugadores puedan desarrollar valores importantes en la vida como el trabajo en equipo, la motivaci\u00f3n, la confianza y el respeto\u201d, agreg\u00f3.<br>Adicionalmente, el club tambi\u00e9n ofrecer\u00e1 un Programa de Educaci\u00f3n de Entrenadores a 20 entrenadores de Misiones que tambi\u00e9n tendr\u00e1n la oportunidad de trabajar en M\u00fanich una vez al a\u00f1o.<\/p>\n\n\n\n<p><strong>Reconocimiento a la innovaci\u00f3n<\/strong><\/p>\n\n\n\n<p>Esta acci\u00f3n se enmarca en una planificaci\u00f3n que Misiones ejecuta hace varios a\u00f1os y contin\u00faa profundizando: Silicon Misiones, educaci\u00f3n disruptiva -\u00e1rea que despert\u00f3 inter\u00e9s en el club germano con una posible pronta iniciativa de un sistema de intercambios-, estrategia integral de desarrollo sustentable y verde, leyes e instituciones para combatir el cambio clim\u00e1tico, incursiones en tecnolog\u00eda blockchain y criptomonedas.<\/p>\n\n\n\n<p>A estas cuestiones se le suma ahora el fomento deportivo integral: desarrollo de j\u00f3venes prospectos, formaci\u00f3n para entrenadores y coaching deportivo del m\u00e1s alto nivel internacional.<\/p>\n\n\n\n<p>En relaci\u00f3n a la apuesta disruptiva realizada por la provincia, el conductor del Frente Renovador Ing. Carlos Rovira se\u00f1al\u00f3 que \u201cMisiones es una provincia de startups que desde hace un tiempo le est\u00e1 mostrando al mundo sus avances con los primeros productos disruptivos de una estrategia proyectada a largo plazo\u201d.<\/p>\n\n\n\n<p>Y agreg\u00f3: \u201cCon la innovaci\u00f3n, las nuevas tecnolog\u00edas, las pol\u00edticas ambientales y ahora las oportunidades deportivas de primer nivel internacional, la Provincia se est\u00e1 consolidando en los nuevos nichos econ\u00f3micos en que se mueve el mundo\u201d.<\/p>\n\n\n\n<p>Finalmente, el titular de la C\u00e1mara de Representantes afirm\u00f3 que la llegada a Misiones de un gigante mundial del deporte como el Bayern M\u00fanich representa \u201cla creaci\u00f3n de un espacio de startups in\u00e9dito para el desarrollo deportivo, las pr\u00e1cticas saludables y el coaching de alto nivel mundial. Es una oportunidad hist\u00f3rica para nuestros j\u00f3venes\u201d.<\/p>\n","protected":false},"excerpt":{"rendered":"<p>El prestigioso equipo alem\u00e1n estableci\u00f3 un convenio con la provincia que llevar\u00e1 programas de entrenamiento y oportunidades dise\u00f1adas para fomentar el desarrollo de jugadores de f\u00fatbol. Esta oportunidad hist\u00f3rica es el reconocimiento de las pol\u00edticas de innovaci\u00f3n ejecutadas por el gobierno provincial. El Gobierno de Misiones y el Bayern M\u00fanich han anunciado hoy un convenio [&hellip;]<\/p>\n","protected":false},"author":2,"featured_media":12600,"comment_status":"open","ping_status":"open","sticky":false,"template":"","format":"standard","meta":{"footnotes":""},"categories":[24],"tags":[],"class_list":["post-12599","post","type-post","status-publish","format-standard","has-post-thumbnail","hentry","category-deportes"],"yoast_head":"<!-- This site is optimized with the Yoast SEO plugin v27.5 - https:\/\/yoast.com\/product\/yoast-seo-wordpress\/ -->\n<title>El Bayern M\u00fanich y Misiones se unen para ofrecer oportunidades de desarrollo a j\u00f3venes promesas | CVI NOTICIAS<\/title>\n<meta name=\"robots\" content=\"index, follow, max-snippet:-1, max-image-preview:large, max-video-preview:-1\" \/>\n<link rel=\"canonical\" href=\"https:\/\/cvinoticias.com\/v3\/el-bayern-munich-y-misiones-se-unen-para-ofrecer-oportunidades-de-desarrollo-a-jovenes-promesas\/\" \/>\n<meta property=\"og:locale\" content=\"es_ES\" \/>\n<meta property=\"og:type\" content=\"article\" \/>\n<meta property=\"og:title\" content=\"El Bayern M\u00fanich y Misiones se unen para ofrecer oportunidades de desarrollo a j\u00f3venes promesas | CVI NOTICIAS\" \/>\n<meta property=\"og:description\" content=\"El prestigioso equipo alem\u00e1n estableci\u00f3 un convenio con la provincia que llevar\u00e1 programas de entrenamiento y oportunidades dise\u00f1adas para fomentar el desarrollo de jugadores de f\u00fatbol. Esta oportunidad hist\u00f3rica es el reconocimiento de las pol\u00edticas de innovaci\u00f3n ejecutadas por el gobierno provincial. El Gobierno de Misiones y el Bayern M\u00fanich han anunciado hoy un convenio [&hellip;]\" \/>\n<meta property=\"og:url\" content=\"https:\/\/cvinoticias.com\/v3\/el-bayern-munich-y-misiones-se-unen-para-ofrecer-oportunidades-de-desarrollo-a-jovenes-promesas\/\" \/>\n<meta property=\"og:site_name\" content=\"CVI NOTICIAS\" \/>\n<meta property=\"article:publisher\" content=\"https:\/\/www.facebook.com\/cvinoticias\" \/>\n<meta property=\"article:published_time\" content=\"2022-01-26T13:56:05+00:00\" \/>\n<meta property=\"og:image\" content=\"https:\/\/cvinoticias.com\/wp-content\/uploads\/2022\/01\/IMG-20220126-WA0010.jpg\" \/>\n\t<meta property=\"og:image:width\" content=\"1280\" \/>\n\t<meta property=\"og:image:height\" content=\"1280\" \/>\n\t<meta property=\"og:image:type\" content=\"image\/jpeg\" \/>\n<meta name=\"author\" content=\"f1000024\" \/>\n<meta name=\"twitter:card\" content=\"summary_large_image\" \/>\n<meta name=\"twitter:label1\" content=\"Escrito por\" \/>\n\t<meta name=\"twitter:data1\" content=\"f1000024\" \/>\n\t<meta name=\"twitter:label2\" content=\"Tiempo de lectura\" \/>\n\t<meta name=\"twitter:data2\" content=\"4 minutos\" \/>\n<script type=\"application\/ld+json\" class=\"yoast-schema-graph\">{\"@context\":\"https:\\\/\\\/schema.org\",\"@graph\":[{\"@type\":\"Article\",\"@id\":\"https:\\\/\\\/cvinoticias.com\\\/v3\\\/el-bayern-munich-y-misiones-se-unen-para-ofrecer-oportunidades-de-desarrollo-a-jovenes-promesas\\\/#article\",\"isPartOf\":{\"@id\":\"https:\\\/\\\/cvinoticias.com\\\/v3\\\/el-bayern-munich-y-misiones-se-unen-para-ofrecer-oportunidades-de-desarrollo-a-jovenes-promesas\\\/\"},\"author\":{\"name\":\"f1000024\",\"@id\":\"https:\\\/\\\/cvinoticias.com\\\/v3\\\/#\\\/schema\\\/person\\\/2db77e3c6bc03c538495d7b2b8be9b66\"},\"headline\":\"El Bayern M\u00fanich y Misiones se unen para ofrecer oportunidades de desarrollo a j\u00f3venes promesas\",\"datePublished\":\"2022-01-26T13:56:05+00:00\",\"mainEntityOfPage\":{\"@id\":\"https:\\\/\\\/cvinoticias.com\\\/v3\\\/el-bayern-munich-y-misiones-se-unen-para-ofrecer-oportunidades-de-desarrollo-a-jovenes-promesas\\\/\"},\"wordCount\":750,\"commentCount\":0,\"publisher\":{\"@id\":\"https:\\\/\\\/cvinoticias.com\\\/v3\\\/#organization\"},\"image\":{\"@id\":\"https:\\\/\\\/cvinoticias.com\\\/v3\\\/el-bayern-munich-y-misiones-se-unen-para-ofrecer-oportunidades-de-desarrollo-a-jovenes-promesas\\\/#primaryimage\"},\"thumbnailUrl\":\"https:\\\/\\\/cvinoticias.com\\\/wp-content\\\/uploads\\\/2022\\\/01\\\/IMG-20220126-WA0010.jpg\",\"articleSection\":[\"Deportes\"],\"inLanguage\":\"es\",\"potentialAction\":[{\"@type\":\"CommentAction\",\"name\":\"Comment\",\"target\":[\"https:\\\/\\\/cvinoticias.com\\\/v3\\\/el-bayern-munich-y-misiones-se-unen-para-ofrecer-oportunidades-de-desarrollo-a-jovenes-promesas\\\/#respond\"]}]},{\"@type\":\"WebPage\",\"@id\":\"https:\\\/\\\/cvinoticias.com\\\/v3\\\/el-bayern-munich-y-misiones-se-unen-para-ofrecer-oportunidades-de-desarrollo-a-jovenes-promesas\\\/\",\"url\":\"https:\\\/\\\/cvinoticias.com\\\/v3\\\/el-bayern-munich-y-misiones-se-unen-para-ofrecer-oportunidades-de-desarrollo-a-jovenes-promesas\\\/\",\"name\":\"El Bayern M\u00fanich y Misiones se unen para ofrecer oportunidades de desarrollo a j\u00f3venes promesas | CVI NOTICIAS\",\"isPartOf\":{\"@id\":\"https:\\\/\\\/cvinoticias.com\\\/v3\\\/#website\"},\"primaryImageOfPage\":{\"@id\":\"https:\\\/\\\/cvinoticias.com\\\/v3\\\/el-bayern-munich-y-misiones-se-unen-para-ofrecer-oportunidades-de-desarrollo-a-jovenes-promesas\\\/#primaryimage\"},\"image\":{\"@id\":\"https:\\\/\\\/cvinoticias.com\\\/v3\\\/el-bayern-munich-y-misiones-se-unen-para-ofrecer-oportunidades-de-desarrollo-a-jovenes-promesas\\\/#primaryimage\"},\"thumbnailUrl\":\"https:\\\/\\\/cvinoticias.com\\\/wp-content\\\/uploads\\\/2022\\\/01\\\/IMG-20220126-WA0010.jpg\",\"datePublished\":\"2022-01-26T13:56:05+00:00\",\"breadcrumb\":{\"@id\":\"https:\\\/\\\/cvinoticias.com\\\/v3\\\/el-bayern-munich-y-misiones-se-unen-para-ofrecer-oportunidades-de-desarrollo-a-jovenes-promesas\\\/#breadcrumb\"},\"inLanguage\":\"es\",\"potentialAction\":[{\"@type\":\"ReadAction\",\"target\":[\"https:\\\/\\\/cvinoticias.com\\\/v3\\\/el-bayern-munich-y-misiones-se-unen-para-ofrecer-oportunidades-de-desarrollo-a-jovenes-promesas\\\/\"]}]},{\"@type\":\"ImageObject\",\"inLanguage\":\"es\",\"@id\":\"https:\\\/\\\/cvinoticias.com\\\/v3\\\/el-bayern-munich-y-misiones-se-unen-para-ofrecer-oportunidades-de-desarrollo-a-jovenes-promesas\\\/#primaryimage\",\"url\":\"https:\\\/\\\/cvinoticias.com\\\/wp-content\\\/uploads\\\/2022\\\/01\\\/IMG-20220126-WA0010.jpg\",\"contentUrl\":\"https:\\\/\\\/cvinoticias.com\\\/wp-content\\\/uploads\\\/2022\\\/01\\\/IMG-20220126-WA0010.jpg\",\"width\":1280,\"height\":1280},{\"@type\":\"BreadcrumbList\",\"@id\":\"https:\\\/\\\/cvinoticias.com\\\/v3\\\/el-bayern-munich-y-misiones-se-unen-para-ofrecer-oportunidades-de-desarrollo-a-jovenes-promesas\\\/#breadcrumb\",\"itemListElement\":[{\"@type\":\"ListItem\",\"position\":1,\"name\":\"Portada\",\"item\":\"https:\\\/\\\/cvinoticias.com\\\/v3\\\/\"},{\"@type\":\"ListItem\",\"position\":2,\"name\":\"El Bayern M\u00fanich y Misiones se unen para ofrecer oportunidades de desarrollo a j\u00f3venes promesas\"}]},{\"@type\":\"WebSite\",\"@id\":\"https:\\\/\\\/cvinoticias.com\\\/v3\\\/#website\",\"url\":\"https:\\\/\\\/cvinoticias.com\\\/v3\\\/\",\"name\":\"CVI NOTICIAS\",\"description\":\"\",\"publisher\":{\"@id\":\"https:\\\/\\\/cvinoticias.com\\\/v3\\\/#organization\"},\"alternateName\":\"CVI\",\"potentialAction\":[{\"@type\":\"SearchAction\",\"target\":{\"@type\":\"EntryPoint\",\"urlTemplate\":\"https:\\\/\\\/cvinoticias.com\\\/v3\\\/?s={search_term_string}\"},\"query-input\":{\"@type\":\"PropertyValueSpecification\",\"valueRequired\":true,\"valueName\":\"search_term_string\"}}],\"inLanguage\":\"es\"},{\"@type\":\"Organization\",\"@id\":\"https:\\\/\\\/cvinoticias.com\\\/v3\\\/#organization\",\"name\":\"CVI NOTICIAS\",\"url\":\"https:\\\/\\\/cvinoticias.com\\\/v3\\\/\",\"logo\":{\"@type\":\"ImageObject\",\"inLanguage\":\"es\",\"@id\":\"https:\\\/\\\/cvinoticias.com\\\/v3\\\/#\\\/schema\\\/logo\\\/image\\\/\",\"url\":\"https:\\\/\\\/cvinoticias.com\\\/wp-content\\\/uploads\\\/2023\\\/04\\\/cropped-cropped-cropped-cropped-cropped-3-1.png\",\"contentUrl\":\"https:\\\/\\\/cvinoticias.com\\\/wp-content\\\/uploads\\\/2023\\\/04\\\/cropped-cropped-cropped-cropped-cropped-3-1.png\",\"width\":95,\"height\":122,\"caption\":\"CVI NOTICIAS\"},\"image\":{\"@id\":\"https:\\\/\\\/cvinoticias.com\\\/v3\\\/#\\\/schema\\\/logo\\\/image\\\/\"},\"sameAs\":[\"https:\\\/\\\/www.facebook.com\\\/cvinoticias\",\"https:\\\/\\\/www.instagram.com\\\/cvinoticias\\\/\",\"https:\\\/\\\/www.youtube.com\\\/@CVINOTICIAS\"]},{\"@type\":\"Person\",\"@id\":\"https:\\\/\\\/cvinoticias.com\\\/v3\\\/#\\\/schema\\\/person\\\/2db77e3c6bc03c538495d7b2b8be9b66\",\"name\":\"f1000024\",\"image\":{\"@type\":\"ImageObject\",\"inLanguage\":\"es\",\"@id\":\"https:\\\/\\\/secure.gravatar.com\\\/avatar\\\/d4fe7459cfc51ff5129ce1a732bbef5928568b8092d412ef95611616376bbeed?s=96&d=mm&r=g\",\"url\":\"https:\\\/\\\/secure.gravatar.com\\\/avatar\\\/d4fe7459cfc51ff5129ce1a732bbef5928568b8092d412ef95611616376bbeed?s=96&d=mm&r=g\",\"contentUrl\":\"https:\\\/\\\/secure.gravatar.com\\\/avatar\\\/d4fe7459cfc51ff5129ce1a732bbef5928568b8092d412ef95611616376bbeed?s=96&d=mm&r=g\",\"caption\":\"f1000024\"},\"url\":\"https:\\\/\\\/cvinoticias.com\\\/v3\\\/author\\\/f1000024\\\/\"}]}<\/script>\n<!-- \/ Yoast SEO plugin. -->","yoast_head_json":{"title":"El Bayern M\u00fanich y Misiones se unen para ofrecer oportunidades de desarrollo a j\u00f3venes promesas | CVI NOTICIAS","robots":{"index":"index","follow":"follow","max-snippet":"max-snippet:-1","max-image-preview":"max-image-preview:large","max-video-preview":"max-video-preview:-1"},"canonical":"https:\/\/cvinoticias.com\/v3\/el-bayern-munich-y-misiones-se-unen-para-ofrecer-oportunidades-de-desarrollo-a-jovenes-promesas\/","og_locale":"es_ES","og_type":"article","og_title":"El Bayern M\u00fanich y Misiones se unen para ofrecer oportunidades de desarrollo a j\u00f3venes promesas | CVI NOTICIAS","og_description":"El prestigioso equipo alem\u00e1n estableci\u00f3 un convenio con la provincia que llevar\u00e1 programas de entrenamiento y oportunidades dise\u00f1adas para fomentar el desarrollo de jugadores de f\u00fatbol. Esta oportunidad hist\u00f3rica es el reconocimiento de las pol\u00edticas de innovaci\u00f3n ejecutadas por el gobierno provincial. El Gobierno de Misiones y el Bayern M\u00fanich han anunciado hoy un convenio [&hellip;]","og_url":"https:\/\/cvinoticias.com\/v3\/el-bayern-munich-y-misiones-se-unen-para-ofrecer-oportunidades-de-desarrollo-a-jovenes-promesas\/","og_site_name":"CVI NOTICIAS","article_publisher":"https:\/\/www.facebook.com\/cvinoticias","article_published_time":"2022-01-26T13:56:05+00:00","og_image":[{"width":1280,"height":1280,"url":"https:\/\/cvinoticias.com\/wp-content\/uploads\/2022\/01\/IMG-20220126-WA0010.jpg","type":"image\/jpeg"}],"author":"f1000024","twitter_card":"summary_large_image","twitter_misc":{"Escrito por":"f1000024","Tiempo de lectura":"4 minutos"},"schema":{"@context":"https:\/\/schema.org","@graph":[{"@type":"Article","@id":"https:\/\/cvinoticias.com\/v3\/el-bayern-munich-y-misiones-se-unen-para-ofrecer-oportunidades-de-desarrollo-a-jovenes-promesas\/#article","isPartOf":{"@id":"https:\/\/cvinoticias.com\/v3\/el-bayern-munich-y-misiones-se-unen-para-ofrecer-oportunidades-de-desarrollo-a-jovenes-promesas\/"},"author":{"name":"f1000024","@id":"https:\/\/cvinoticias.com\/v3\/#\/schema\/person\/2db77e3c6bc03c538495d7b2b8be9b66"},"headline":"El Bayern M\u00fanich y Misiones se unen para ofrecer oportunidades de desarrollo a j\u00f3venes promesas","datePublished":"2022-01-26T13:56:05+00:00","mainEntityOfPage":{"@id":"https:\/\/cvinoticias.com\/v3\/el-bayern-munich-y-misiones-se-unen-para-ofrecer-oportunidades-de-desarrollo-a-jovenes-promesas\/"},"wordCount":750,"commentCount":0,"publisher":{"@id":"https:\/\/cvinoticias.com\/v3\/#organization"},"image":{"@id":"https:\/\/cvinoticias.com\/v3\/el-bayern-munich-y-misiones-se-unen-para-ofrecer-oportunidades-de-desarrollo-a-jovenes-promesas\/#primaryimage"},"thumbnailUrl":"https:\/\/cvinoticias.com\/wp-content\/uploads\/2022\/01\/IMG-20220126-WA0010.jpg","articleSection":["Deportes"],"inLanguage":"es","potentialAction":[{"@type":"CommentAction","name":"Comment","target":["https:\/\/cvinoticias.com\/v3\/el-bayern-munich-y-misiones-se-unen-para-ofrecer-oportunidades-de-desarrollo-a-jovenes-promesas\/#respond"]}]},{"@type":"WebPage","@id":"https:\/\/cvinoticias.com\/v3\/el-bayern-munich-y-misiones-se-unen-para-ofrecer-oportunidades-de-desarrollo-a-jovenes-promesas\/","url":"https:\/\/cvinoticias.com\/v3\/el-bayern-munich-y-misiones-se-unen-para-ofrecer-oportunidades-de-desarrollo-a-jovenes-promesas\/","name":"El Bayern M\u00fanich y Misiones se unen para ofrecer oportunidades de desarrollo a j\u00f3venes promesas | CVI NOTICIAS","isPartOf":{"@id":"https:\/\/cvinoticias.com\/v3\/#website"},"primaryImageOfPage":{"@id":"https:\/\/cvinoticias.com\/v3\/el-bayern-munich-y-misiones-se-unen-para-ofrecer-oportunidades-de-desarrollo-a-jovenes-promesas\/#primaryimage"},"image":{"@id":"https:\/\/cvinoticias.com\/v3\/el-bayern-munich-y-misiones-se-unen-para-ofrecer-oportunidades-de-desarrollo-a-jovenes-promesas\/#primaryimage"},"thumbnailUrl":"https:\/\/cvinoticias.com\/wp-content\/uploads\/2022\/01\/IMG-20220126-WA0010.jpg","datePublished":"2022-01-26T13:56:05+00:00","breadcrumb":{"@id":"https:\/\/cvinoticias.com\/v3\/el-bayern-munich-y-misiones-se-unen-para-ofrecer-oportunidades-de-desarrollo-a-jovenes-promesas\/#breadcrumb"},"inLanguage":"es","potentialAction":[{"@type":"ReadAction","target":["https:\/\/cvinoticias.com\/v3\/el-bayern-munich-y-misiones-se-unen-para-ofrecer-oportunidades-de-desarrollo-a-jovenes-promesas\/"]}]},{"@type":"ImageObject","inLanguage":"es","@id":"https:\/\/cvinoticias.com\/v3\/el-bayern-munich-y-misiones-se-unen-para-ofrecer-oportunidades-de-desarrollo-a-jovenes-promesas\/#primaryimage","url":"https:\/\/cvinoticias.com\/wp-content\/uploads\/2022\/01\/IMG-20220126-WA0010.jpg","contentUrl":"https:\/\/cvinoticias.com\/wp-content\/uploads\/2022\/01\/IMG-20220126-WA0010.jpg","width":1280,"height":1280},{"@type":"BreadcrumbList","@id":"https:\/\/cvinoticias.com\/v3\/el-bayern-munich-y-misiones-se-unen-para-ofrecer-oportunidades-de-desarrollo-a-jovenes-promesas\/#breadcrumb","itemListElement":[{"@type":"ListItem","position":1,"name":"Portada","item":"https:\/\/cvinoticias.com\/v3\/"},{"@type":"ListItem","position":2,"name":"El Bayern M\u00fanich y Misiones se unen para ofrecer oportunidades de desarrollo a j\u00f3venes promesas"}]},{"@type":"WebSite","@id":"https:\/\/cvinoticias.com\/v3\/#website","url":"https:\/\/cvinoticias.com\/v3\/","name":"CVI NOTICIAS","description":"","publisher":{"@id":"https:\/\/cvinoticias.com\/v3\/#organization"},"alternateName":"CVI","potentialAction":[{"@type":"SearchAction","target":{"@type":"EntryPoint","urlTemplate":"https:\/\/cvinoticias.com\/v3\/?s={search_term_string}"},"query-input":{"@type":"PropertyValueSpecification","valueRequired":true,"valueName":"search_term_string"}}],"inLanguage":"es"},{"@type":"Organization","@id":"https:\/\/cvinoticias.com\/v3\/#organization","name":"CVI NOTICIAS","url":"https:\/\/cvinoticias.com\/v3\/","logo":{"@type":"ImageObject","inLanguage":"es","@id":"https:\/\/cvinoticias.com\/v3\/#\/schema\/logo\/image\/","url":"https:\/\/cvinoticias.com\/wp-content\/uploads\/2023\/04\/cropped-cropped-cropped-cropped-cropped-3-1.png","contentUrl":"https:\/\/cvinoticias.com\/wp-content\/uploads\/2023\/04\/cropped-cropped-cropped-cropped-cropped-3-1.png","width":95,"height":122,"caption":"CVI NOTICIAS"},"image":{"@id":"https:\/\/cvinoticias.com\/v3\/#\/schema\/logo\/image\/"},"sameAs":["https:\/\/www.facebook.com\/cvinoticias","https:\/\/www.instagram.com\/cvinoticias\/","https:\/\/www.youtube.com\/@CVINOTICIAS"]},{"@type":"Person","@id":"https:\/\/cvinoticias.com\/v3\/#\/schema\/person\/2db77e3c6bc03c538495d7b2b8be9b66","name":"f1000024","image":{"@type":"ImageObject","inLanguage":"es","@id":"https:\/\/secure.gravatar.com\/avatar\/d4fe7459cfc51ff5129ce1a732bbef5928568b8092d412ef95611616376bbeed?s=96&d=mm&r=g","url":"https:\/\/secure.gravatar.com\/avatar\/d4fe7459cfc51ff5129ce1a732bbef5928568b8092d412ef95611616376bbeed?s=96&d=mm&r=g","contentUrl":"https:\/\/secure.gravatar.com\/avatar\/d4fe7459cfc51ff5129ce1a732bbef5928568b8092d412ef95611616376bbeed?s=96&d=mm&r=g","caption":"f1000024"},"url":"https:\/\/cvinoticias.com\/v3\/author\/f1000024\/"}]}},"_links":{"self":[{"href":"https:\/\/cvinoticias.com\/v3\/wp-json\/wp\/v2\/posts\/12599","targetHints":{"allow":["GET"]}}],"collection":[{"href":"https:\/\/cvinoticias.com\/v3\/wp-json\/wp\/v2\/posts"}],"about":[{"href":"https:\/\/cvinoticias.com\/v3\/wp-json\/wp\/v2\/types\/post"}],"author":[{"embeddable":true,"href":"https:\/\/cvinoticias.com\/v3\/wp-json\/wp\/v2\/users\/2"}],"replies":[{"embeddable":true,"href":"https:\/\/cvinoticias.com\/v3\/wp-json\/wp\/v2\/comments?post=12599"}],"version-history":[{"count":1,"href":"https:\/\/cvinoticias.com\/v3\/wp-json\/wp\/v2\/posts\/12599\/revisions"}],"predecessor-version":[{"id":12601,"href":"https:\/\/cvinoticias.com\/v3\/wp-json\/wp\/v2\/posts\/12599\/revisions\/12601"}],"wp:featuredmedia":[{"embeddable":true,"href":"https:\/\/cvinoticias.com\/v3\/wp-json\/wp\/v2\/media\/12600"}],"wp:attachment":[{"href":"https:\/\/cvinoticias.com\/v3\/wp-json\/wp\/v2\/media?parent=12599"}],"wp:term":[{"taxonomy":"category","embeddable":true,"href":"https:\/\/cvinoticias.com\/v3\/wp-json\/wp\/v2\/categories?post=12599"},{"taxonomy":"post_tag","embeddable":true,"href":"https:\/\/cvinoticias.com\/v3\/wp-json\/wp\/v2\/tags?post=12599"}],"curies":[{"name":"wp","href":"https:\/\/api.w.org\/{rel}","templated":true}]}}