{"id":12571,"date":"2022-01-25T04:34:05","date_gmt":"2022-01-25T04:34:05","guid":{"rendered":"https:\/\/cvinoticias.com\/v3\/?p=12571"},"modified":"2022-01-25T04:34:05","modified_gmt":"2022-01-25T04:34:05","slug":"medidas-basicas-para-evitar-accidentes-y-afecciones-de-salud-en-el-verano","status":"publish","type":"post","link":"https:\/\/cvinoticias.com\/v3\/medidas-basicas-para-evitar-accidentes-y-afecciones-de-salud-en-el-verano\/","title":{"rendered":"Medidas b\u00e1sicas para evitar accidentes y afecciones de salud en el verano"},"content":{"rendered":"\n<p class=\"wp-block-paragraph\"><strong><em>El Ministerio de Salud P\u00fablica recuerda medidas b\u00e1sicas para evitar accidentes y afecciones de salud durante este verano<\/em><\/strong><\/p>\n\n\n\n<p class=\"wp-block-paragraph\">Siempre es importante para cualquier excursi\u00f3n o viaje, avisar sobre lo que planeas hacer. Si vamos a caminar por zonas alejadas, o salir en bote a pescar, comentemos con alguien nuestro rumbo, la cantidad de personas y el horario de regreso previsto. Puede ser vital para enviar ayuda a tiempo, en caso de necesitarla.<\/p>\n\n\n\n<p class=\"wp-block-paragraph\">Lleva de la mano a ni\u00f1os, ni\u00f1as y personas que necesitan asistencia, al cruzar las calles y en medio de aglomeraciones.<\/p>\n\n\n\n<p class=\"wp-block-paragraph\">Para evitar lesiones no intencionales, que pueden resultar muy graves, en la ruta, en el agua y en la playa, es necesario tomar precauciones.<\/p>\n\n\n\n<p class=\"wp-block-paragraph\"><strong>Para evitar accidentes viales<\/strong>:<\/p>\n\n\n\n<p class=\"wp-block-paragraph\">\u2022 Us\u00e1 cintur\u00f3n de seguridad y, si manej\u00e1s, nunca tomes alcohol.<br>\u2022 Las chicas y los chicos siempre tienen que viajar atr\u00e1s y deben utilizar siempre un sistema de retenci\u00f3n infantil (com\u00fanmente llamado sillita), acorde al veh\u00edculo y la edad.<br>\u2022 Us\u00e1 casco para andar en bici, moto, cuatriciclo, etc.<br>\u2022 No circules por la playa en veh\u00edculos motorizados.<br>\u2022 No permitas que chicos y chicas conduzcan veh\u00edculos motorizados en ning\u00fan lugar ni circunstancia (aunque no haya otras personas, es muy peligroso para s\u00ed mismos).<br>\u2022 Evit\u00e1 caminar por la banquina de la ruta. Si fuera imprescindible hacerlo, us\u00e1 ropa refractaria o fluorescente para ser bien visible, caminando lo m\u00e1s lejos posible de la banda asf\u00e1ltica y en sentido contrario al tr\u00e1nsito del carril m\u00e1s cercano<\/p>\n\n\n\n<p class=\"wp-block-paragraph\"><strong>Para evitar accidentes en el agua:<\/strong><\/p>\n\n\n\n<p class=\"wp-block-paragraph\">\u2022 Asegurate de que siempre haya una persona mayor de edad y responsable que sepa nadar controlando a los ni\u00f1os y las ni\u00f1as.<br>\u2022 Evit\u00e1 que ni\u00f1os, ni\u00f1as y adolescentes jueguen o se sumerjan en aguas no autorizadas o desconocidas.<br>\u2022 Ense\u00f1ales a los ni\u00f1os, ni\u00f1as y adolescentes a nadar y a respetar las se\u00f1ales de peligro.<br>\u2022 Record\u00e1 que los y las m\u00e1s peque\u00f1os\/as pueden ahogarse en poca agua y en pocos minutos.<\/p>\n\n\n\n<p class=\"wp-block-paragraph\"><strong>Para evitar quemaduras de sol<\/strong><\/p>\n\n\n\n<p class=\"wp-block-paragraph\">\u2022 Evit\u00e1 la exposici\u00f3n entre las 10 de la ma\u00f1ana y las 4 de la tarde, busc\u00e1 preferentemente la sombra y permanec\u00e9 en espacios ventilados.<br>\u2022 Us\u00e1 protector solar con factor de 30 o m\u00e1s y renovalo cada 2 horas y despu\u00e9s de salir del agua.<br>\u2022 Los beb\u00e9s menores de 1 a\u00f1o no deben recibir el sol directo. Desde los 6 meses en adelante deben usar protector solar (FPS 50 o mayor), renovado cada 2 horas y al salir del agua<br>\u2022 Si vas a realizar actividad f\u00edsica, hacelo en las horas de menos calor, us\u00e1 ropa holgada, liviana, de colores claros. Cubrite la cabeza con un gorro o un pa\u00f1uelo. Llev\u00e1 siempre una botella de agua para mantenerte hidratado. No esperes a tener sed. Tom\u00e1 abundante agua antes, durante y despu\u00e9s del ejercicio.<\/p>\n\n\n\n<p class=\"wp-block-paragraph\">Hay grupos que potencialmente pueden resultar m\u00e1s afectados: las mujeres embarazadas; los beb\u00e9s y ni\u00f1os peque\u00f1os; las personas mayores de 65 a\u00f1os; y quienes padecen enfermedades cr\u00f3nicas como, por ejemplo, afecciones respiratorias o card\u00edacas, hipertensi\u00f3n arterial, obesidad y\/o diabetes.<\/p>\n\n\n\n<p class=\"wp-block-paragraph\"><strong>Para prevenir infecciones que se transmiten por el agua:<\/strong><\/p>\n\n\n\n<p class=\"wp-block-paragraph\">\u2022 Toda pileta para nataci\u00f3n o recreo necesita cloro (tambi\u00e9n la de lona) para que no transmita enfermedades. Se agrega siempre a la noche (cuando ya no se usa), en cantidad adecuada. Asesorate (porque el exceso de cloro tambi\u00e9n es peligroso).<br>\u2022 Evit\u00e1 tragar agua.<br>\u2022 Nunca te ba\u00f1es en agua estancada.<br>\u2022 Siempre lavate las manos con agua segura y jab\u00f3n despu\u00e9s de ir al ba\u00f1o.<br>\u2022 Para evitar infecciones en los o\u00eddos, sec\u00e1telos bien despu\u00e9s del ba\u00f1o. Pod\u00e9s usar una toalla de manera suave y te aconsejamos inclinar la cabeza hacia los lados para que los o\u00eddos queden en posici\u00f3n que permita que el agua salga.<\/p>\n\n\n\n<p class=\"wp-block-paragraph\"><strong>Si est\u00e1s en la playa, salto o cascada y se desata una tormenta el\u00e9ctrica:<\/strong><\/p>\n\n\n\n<p class=\"wp-block-paragraph\">\u2022 Sal\u00ed del agua.<br>\u2022 Ponete ropa y calzado secos.<br>\u2022 Andate del lugar.<br>\u2022 No te refugies bajo un \u00e1rbol, un paraguas o una sombrilla.<br>\u2022 Alejate de los objetos met\u00e1licos.<\/p>\n","protected":false},"excerpt":{"rendered":"<p>El Ministerio de Salud P\u00fablica recuerda medidas b\u00e1sicas para evitar accidentes y afecciones de salud durante este verano Siempre es importante para cualquier excursi\u00f3n o viaje, avisar sobre lo que planeas hacer. Si vamos a caminar por zonas alejadas, o salir en bote a pescar, comentemos con alguien nuestro rumbo, la cantidad de personas y [&hellip;]<\/p>\n","protected":false},"author":2,"featured_media":12572,"comment_status":"open","ping_status":"open","sticky":false,"template":"","format":"standard","meta":{"footnotes":""},"categories":[22],"tags":[],"class_list":["post-12571","post","type-post","status-publish","format-standard","has-post-thumbnail","hentry","category-salud"],"yoast_head":"<!-- This site is optimized with the Yoast SEO plugin v28.4 - https:\/\/yoast.com\/product\/yoast-seo-wordpress\/ -->\n<title>Medidas b\u00e1sicas para evitar accidentes y afecciones de salud en el verano | CVI NOTICIAS<\/title>\n<meta name=\"robots\" content=\"index, follow, max-snippet:-1, max-image-preview:large, max-video-preview:-1\" \/>\n<link rel=\"canonical\" href=\"https:\/\/cvinoticias.com\/v3\/medidas-basicas-para-evitar-accidentes-y-afecciones-de-salud-en-el-verano\/\" \/>\n<meta property=\"og:locale\" content=\"es_ES\" \/>\n<meta property=\"og:type\" content=\"article\" \/>\n<meta property=\"og:title\" content=\"Medidas b\u00e1sicas para evitar accidentes y afecciones de salud en el verano | CVI NOTICIAS\" \/>\n<meta property=\"og:description\" content=\"El Ministerio de Salud P\u00fablica recuerda medidas b\u00e1sicas para evitar accidentes y afecciones de salud durante este verano Siempre es importante para cualquier excursi\u00f3n o viaje, avisar sobre lo que planeas hacer. Si vamos a caminar por zonas alejadas, o salir en bote a pescar, comentemos con alguien nuestro rumbo, la cantidad de personas y [&hellip;]\" \/>\n<meta property=\"og:url\" content=\"https:\/\/cvinoticias.com\/v3\/medidas-basicas-para-evitar-accidentes-y-afecciones-de-salud-en-el-verano\/\" \/>\n<meta property=\"og:site_name\" content=\"CVI NOTICIAS\" \/>\n<meta property=\"article:publisher\" content=\"https:\/\/www.facebook.com\/cvinoticias\" \/>\n<meta property=\"article:published_time\" content=\"2022-01-25T04:34:05+00:00\" \/>\n<meta property=\"og:image\" content=\"https:\/\/cvinoticias.com\/wp-content\/uploads\/2022\/01\/180704-Original-CESE-e1530727673392.jpg\" \/>\n\t<meta property=\"og:image:width\" content=\"691\" \/>\n\t<meta property=\"og:image:height\" content=\"400\" \/>\n\t<meta property=\"og:image:type\" content=\"image\/jpeg\" \/>\n<meta name=\"author\" content=\"f1000024\" \/>\n<meta name=\"twitter:card\" content=\"summary_large_image\" \/>\n<meta name=\"twitter:label1\" content=\"Escrito por\" \/>\n\t<meta name=\"twitter:data1\" content=\"f1000024\" \/>\n\t<meta name=\"twitter:label2\" content=\"Tiempo de lectura\" \/>\n\t<meta name=\"twitter:data2\" content=\"4 minutos\" \/>\n<script type=\"application\/ld+json\" class=\"yoast-schema-graph\">{\"@context\":\"https:\\\/\\\/schema.org\",\"@graph\":[{\"@type\":\"Article\",\"@id\":\"https:\\\/\\\/cvinoticias.com\\\/v3\\\/medidas-basicas-para-evitar-accidentes-y-afecciones-de-salud-en-el-verano\\\/#article\",\"isPartOf\":{\"@id\":\"https:\\\/\\\/cvinoticias.com\\\/v3\\\/medidas-basicas-para-evitar-accidentes-y-afecciones-de-salud-en-el-verano\\\/\"},\"author\":{\"name\":\"f1000024\",\"@id\":\"https:\\\/\\\/cvinoticias.com\\\/v3\\\/#\\\/schema\\\/person\\\/2db77e3c6bc03c538495d7b2b8be9b66\"},\"headline\":\"Medidas b\u00e1sicas para evitar accidentes y afecciones de salud en el verano\",\"datePublished\":\"2022-01-25T04:34:05+00:00\",\"mainEntityOfPage\":{\"@id\":\"https:\\\/\\\/cvinoticias.com\\\/v3\\\/medidas-basicas-para-evitar-accidentes-y-afecciones-de-salud-en-el-verano\\\/\"},\"wordCount\":713,\"commentCount\":0,\"publisher\":{\"@id\":\"https:\\\/\\\/cvinoticias.com\\\/v3\\\/#organization\"},\"image\":{\"@id\":\"https:\\\/\\\/cvinoticias.com\\\/v3\\\/medidas-basicas-para-evitar-accidentes-y-afecciones-de-salud-en-el-verano\\\/#primaryimage\"},\"thumbnailUrl\":\"https:\\\/\\\/cvinoticias.com\\\/wp-content\\\/uploads\\\/2022\\\/01\\\/180704-Original-CESE-e1530727673392.jpg\",\"articleSection\":[\"Salud\"],\"inLanguage\":\"es\",\"potentialAction\":[{\"@type\":\"CommentAction\",\"name\":\"Comment\",\"target\":[\"https:\\\/\\\/cvinoticias.com\\\/v3\\\/medidas-basicas-para-evitar-accidentes-y-afecciones-de-salud-en-el-verano\\\/#respond\"]}]},{\"@type\":\"WebPage\",\"@id\":\"https:\\\/\\\/cvinoticias.com\\\/v3\\\/medidas-basicas-para-evitar-accidentes-y-afecciones-de-salud-en-el-verano\\\/\",\"url\":\"https:\\\/\\\/cvinoticias.com\\\/v3\\\/medidas-basicas-para-evitar-accidentes-y-afecciones-de-salud-en-el-verano\\\/\",\"name\":\"Medidas b\u00e1sicas para evitar accidentes y afecciones de salud en el verano | CVI NOTICIAS\",\"isPartOf\":{\"@id\":\"https:\\\/\\\/cvinoticias.com\\\/v3\\\/#website\"},\"primaryImageOfPage\":{\"@id\":\"https:\\\/\\\/cvinoticias.com\\\/v3\\\/medidas-basicas-para-evitar-accidentes-y-afecciones-de-salud-en-el-verano\\\/#primaryimage\"},\"image\":{\"@id\":\"https:\\\/\\\/cvinoticias.com\\\/v3\\\/medidas-basicas-para-evitar-accidentes-y-afecciones-de-salud-en-el-verano\\\/#primaryimage\"},\"thumbnailUrl\":\"https:\\\/\\\/cvinoticias.com\\\/wp-content\\\/uploads\\\/2022\\\/01\\\/180704-Original-CESE-e1530727673392.jpg\",\"datePublished\":\"2022-01-25T04:34:05+00:00\",\"breadcrumb\":{\"@id\":\"https:\\\/\\\/cvinoticias.com\\\/v3\\\/medidas-basicas-para-evitar-accidentes-y-afecciones-de-salud-en-el-verano\\\/#breadcrumb\"},\"inLanguage\":\"es\",\"potentialAction\":[{\"@type\":\"ReadAction\",\"target\":[\"https:\\\/\\\/cvinoticias.com\\\/v3\\\/medidas-basicas-para-evitar-accidentes-y-afecciones-de-salud-en-el-verano\\\/\"]}]},{\"@type\":\"ImageObject\",\"inLanguage\":\"es\",\"@id\":\"https:\\\/\\\/cvinoticias.com\\\/v3\\\/medidas-basicas-para-evitar-accidentes-y-afecciones-de-salud-en-el-verano\\\/#primaryimage\",\"url\":\"https:\\\/\\\/cvinoticias.com\\\/wp-content\\\/uploads\\\/2022\\\/01\\\/180704-Original-CESE-e1530727673392.jpg\",\"contentUrl\":\"https:\\\/\\\/cvinoticias.com\\\/wp-content\\\/uploads\\\/2022\\\/01\\\/180704-Original-CESE-e1530727673392.jpg\",\"width\":691,\"height\":400},{\"@type\":\"BreadcrumbList\",\"@id\":\"https:\\\/\\\/cvinoticias.com\\\/v3\\\/medidas-basicas-para-evitar-accidentes-y-afecciones-de-salud-en-el-verano\\\/#breadcrumb\",\"itemListElement\":[{\"@type\":\"ListItem\",\"position\":1,\"name\":\"Portada\",\"item\":\"https:\\\/\\\/cvinoticias.com\\\/v3\\\/\"},{\"@type\":\"ListItem\",\"position\":2,\"name\":\"Medidas b\u00e1sicas para evitar accidentes y afecciones de salud en el verano\"}]},{\"@type\":\"WebSite\",\"@id\":\"https:\\\/\\\/cvinoticias.com\\\/v3\\\/#website\",\"url\":\"https:\\\/\\\/cvinoticias.com\\\/v3\\\/\",\"name\":\"CVI NOTICIAS\",\"description\":\"\",\"publisher\":{\"@id\":\"https:\\\/\\\/cvinoticias.com\\\/v3\\\/#organization\"},\"alternateName\":\"CVI\",\"potentialAction\":[{\"@type\":\"SearchAction\",\"target\":{\"@type\":\"EntryPoint\",\"urlTemplate\":\"https:\\\/\\\/cvinoticias.com\\\/v3\\\/?s={search_term_string}\"},\"query-input\":{\"@type\":\"PropertyValueSpecification\",\"valueRequired\":true,\"valueName\":\"search_term_string\"}}],\"inLanguage\":\"es\"},{\"@type\":\"Organization\",\"@id\":\"https:\\\/\\\/cvinoticias.com\\\/v3\\\/#organization\",\"name\":\"CVI NOTICIAS\",\"url\":\"https:\\\/\\\/cvinoticias.com\\\/v3\\\/\",\"logo\":{\"@type\":\"ImageObject\",\"inLanguage\":\"es\",\"@id\":\"https:\\\/\\\/cvinoticias.com\\\/v3\\\/#\\\/schema\\\/logo\\\/image\\\/\",\"url\":\"https:\\\/\\\/cvinoticias.com\\\/wp-content\\\/uploads\\\/2023\\\/04\\\/cropped-cropped-cropped-cropped-cropped-3-1.png\",\"contentUrl\":\"https:\\\/\\\/cvinoticias.com\\\/wp-content\\\/uploads\\\/2023\\\/04\\\/cropped-cropped-cropped-cropped-cropped-3-1.png\",\"width\":95,\"height\":122,\"caption\":\"CVI NOTICIAS\"},\"image\":{\"@id\":\"https:\\\/\\\/cvinoticias.com\\\/v3\\\/#\\\/schema\\\/logo\\\/image\\\/\"},\"sameAs\":[\"https:\\\/\\\/www.facebook.com\\\/cvinoticias\",\"https:\\\/\\\/www.instagram.com\\\/cvinoticias\\\/\",\"https:\\\/\\\/www.youtube.com\\\/@CVINOTICIAS\"]},{\"@type\":\"Person\",\"@id\":\"https:\\\/\\\/cvinoticias.com\\\/v3\\\/#\\\/schema\\\/person\\\/2db77e3c6bc03c538495d7b2b8be9b66\",\"name\":\"f1000024\",\"image\":{\"@type\":\"ImageObject\",\"inLanguage\":\"es\",\"@id\":\"https:\\\/\\\/secure.gravatar.com\\\/avatar\\\/d4fe7459cfc51ff5129ce1a732bbef5928568b8092d412ef95611616376bbeed?s=96&d=mm&r=g\",\"url\":\"https:\\\/\\\/secure.gravatar.com\\\/avatar\\\/d4fe7459cfc51ff5129ce1a732bbef5928568b8092d412ef95611616376bbeed?s=96&d=mm&r=g\",\"contentUrl\":\"https:\\\/\\\/secure.gravatar.com\\\/avatar\\\/d4fe7459cfc51ff5129ce1a732bbef5928568b8092d412ef95611616376bbeed?s=96&d=mm&r=g\",\"caption\":\"f1000024\"},\"url\":\"https:\\\/\\\/cvinoticias.com\\\/v3\\\/author\\\/f1000024\\\/\"}]}<\/script>\n<!-- \/ Yoast SEO plugin. -->","yoast_head_json":{"title":"Medidas b\u00e1sicas para evitar accidentes y afecciones de salud en el verano | CVI NOTICIAS","robots":{"index":"index","follow":"follow","max-snippet":"max-snippet:-1","max-image-preview":"max-image-preview:large","max-video-preview":"max-video-preview:-1"},"canonical":"https:\/\/cvinoticias.com\/v3\/medidas-basicas-para-evitar-accidentes-y-afecciones-de-salud-en-el-verano\/","og_locale":"es_ES","og_type":"article","og_title":"Medidas b\u00e1sicas para evitar accidentes y afecciones de salud en el verano | CVI NOTICIAS","og_description":"El Ministerio de Salud P\u00fablica recuerda medidas b\u00e1sicas para evitar accidentes y afecciones de salud durante este verano Siempre es importante para cualquier excursi\u00f3n o viaje, avisar sobre lo que planeas hacer. Si vamos a caminar por zonas alejadas, o salir en bote a pescar, comentemos con alguien nuestro rumbo, la cantidad de personas y [&hellip;]","og_url":"https:\/\/cvinoticias.com\/v3\/medidas-basicas-para-evitar-accidentes-y-afecciones-de-salud-en-el-verano\/","og_site_name":"CVI NOTICIAS","article_publisher":"https:\/\/www.facebook.com\/cvinoticias","article_published_time":"2022-01-25T04:34:05+00:00","og_image":[{"width":691,"height":400,"url":"https:\/\/cvinoticias.com\/wp-content\/uploads\/2022\/01\/180704-Original-CESE-e1530727673392.jpg","type":"image\/jpeg"}],"author":"f1000024","twitter_card":"summary_large_image","twitter_misc":{"Escrito por":"f1000024","Tiempo de lectura":"4 minutos"},"schema":{"@context":"https:\/\/schema.org","@graph":[{"@type":"Article","@id":"https:\/\/cvinoticias.com\/v3\/medidas-basicas-para-evitar-accidentes-y-afecciones-de-salud-en-el-verano\/#article","isPartOf":{"@id":"https:\/\/cvinoticias.com\/v3\/medidas-basicas-para-evitar-accidentes-y-afecciones-de-salud-en-el-verano\/"},"author":{"name":"f1000024","@id":"https:\/\/cvinoticias.com\/v3\/#\/schema\/person\/2db77e3c6bc03c538495d7b2b8be9b66"},"headline":"Medidas b\u00e1sicas para evitar accidentes y afecciones de salud en el verano","datePublished":"2022-01-25T04:34:05+00:00","mainEntityOfPage":{"@id":"https:\/\/cvinoticias.com\/v3\/medidas-basicas-para-evitar-accidentes-y-afecciones-de-salud-en-el-verano\/"},"wordCount":713,"commentCount":0,"publisher":{"@id":"https:\/\/cvinoticias.com\/v3\/#organization"},"image":{"@id":"https:\/\/cvinoticias.com\/v3\/medidas-basicas-para-evitar-accidentes-y-afecciones-de-salud-en-el-verano\/#primaryimage"},"thumbnailUrl":"https:\/\/cvinoticias.com\/wp-content\/uploads\/2022\/01\/180704-Original-CESE-e1530727673392.jpg","articleSection":["Salud"],"inLanguage":"es","potentialAction":[{"@type":"CommentAction","name":"Comment","target":["https:\/\/cvinoticias.com\/v3\/medidas-basicas-para-evitar-accidentes-y-afecciones-de-salud-en-el-verano\/#respond"]}]},{"@type":"WebPage","@id":"https:\/\/cvinoticias.com\/v3\/medidas-basicas-para-evitar-accidentes-y-afecciones-de-salud-en-el-verano\/","url":"https:\/\/cvinoticias.com\/v3\/medidas-basicas-para-evitar-accidentes-y-afecciones-de-salud-en-el-verano\/","name":"Medidas b\u00e1sicas para evitar accidentes y afecciones de salud en el verano | CVI NOTICIAS","isPartOf":{"@id":"https:\/\/cvinoticias.com\/v3\/#website"},"primaryImageOfPage":{"@id":"https:\/\/cvinoticias.com\/v3\/medidas-basicas-para-evitar-accidentes-y-afecciones-de-salud-en-el-verano\/#primaryimage"},"image":{"@id":"https:\/\/cvinoticias.com\/v3\/medidas-basicas-para-evitar-accidentes-y-afecciones-de-salud-en-el-verano\/#primaryimage"},"thumbnailUrl":"https:\/\/cvinoticias.com\/wp-content\/uploads\/2022\/01\/180704-Original-CESE-e1530727673392.jpg","datePublished":"2022-01-25T04:34:05+00:00","breadcrumb":{"@id":"https:\/\/cvinoticias.com\/v3\/medidas-basicas-para-evitar-accidentes-y-afecciones-de-salud-en-el-verano\/#breadcrumb"},"inLanguage":"es","potentialAction":[{"@type":"ReadAction","target":["https:\/\/cvinoticias.com\/v3\/medidas-basicas-para-evitar-accidentes-y-afecciones-de-salud-en-el-verano\/"]}]},{"@type":"ImageObject","inLanguage":"es","@id":"https:\/\/cvinoticias.com\/v3\/medidas-basicas-para-evitar-accidentes-y-afecciones-de-salud-en-el-verano\/#primaryimage","url":"https:\/\/cvinoticias.com\/wp-content\/uploads\/2022\/01\/180704-Original-CESE-e1530727673392.jpg","contentUrl":"https:\/\/cvinoticias.com\/wp-content\/uploads\/2022\/01\/180704-Original-CESE-e1530727673392.jpg","width":691,"height":400},{"@type":"BreadcrumbList","@id":"https:\/\/cvinoticias.com\/v3\/medidas-basicas-para-evitar-accidentes-y-afecciones-de-salud-en-el-verano\/#breadcrumb","itemListElement":[{"@type":"ListItem","position":1,"name":"Portada","item":"https:\/\/cvinoticias.com\/v3\/"},{"@type":"ListItem","position":2,"name":"Medidas b\u00e1sicas para evitar accidentes y afecciones de salud en el verano"}]},{"@type":"WebSite","@id":"https:\/\/cvinoticias.com\/v3\/#website","url":"https:\/\/cvinoticias.com\/v3\/","name":"CVI NOTICIAS","description":"","publisher":{"@id":"https:\/\/cvinoticias.com\/v3\/#organization"},"alternateName":"CVI","potentialAction":[{"@type":"SearchAction","target":{"@type":"EntryPoint","urlTemplate":"https:\/\/cvinoticias.com\/v3\/?s={search_term_string}"},"query-input":{"@type":"PropertyValueSpecification","valueRequired":true,"valueName":"search_term_string"}}],"inLanguage":"es"},{"@type":"Organization","@id":"https:\/\/cvinoticias.com\/v3\/#organization","name":"CVI NOTICIAS","url":"https:\/\/cvinoticias.com\/v3\/","logo":{"@type":"ImageObject","inLanguage":"es","@id":"https:\/\/cvinoticias.com\/v3\/#\/schema\/logo\/image\/","url":"https:\/\/cvinoticias.com\/wp-content\/uploads\/2023\/04\/cropped-cropped-cropped-cropped-cropped-3-1.png","contentUrl":"https:\/\/cvinoticias.com\/wp-content\/uploads\/2023\/04\/cropped-cropped-cropped-cropped-cropped-3-1.png","width":95,"height":122,"caption":"CVI NOTICIAS"},"image":{"@id":"https:\/\/cvinoticias.com\/v3\/#\/schema\/logo\/image\/"},"sameAs":["https:\/\/www.facebook.com\/cvinoticias","https:\/\/www.instagram.com\/cvinoticias\/","https:\/\/www.youtube.com\/@CVINOTICIAS"]},{"@type":"Person","@id":"https:\/\/cvinoticias.com\/v3\/#\/schema\/person\/2db77e3c6bc03c538495d7b2b8be9b66","name":"f1000024","image":{"@type":"ImageObject","inLanguage":"es","@id":"https:\/\/secure.gravatar.com\/avatar\/d4fe7459cfc51ff5129ce1a732bbef5928568b8092d412ef95611616376bbeed?s=96&d=mm&r=g","url":"https:\/\/secure.gravatar.com\/avatar\/d4fe7459cfc51ff5129ce1a732bbef5928568b8092d412ef95611616376bbeed?s=96&d=mm&r=g","contentUrl":"https:\/\/secure.gravatar.com\/avatar\/d4fe7459cfc51ff5129ce1a732bbef5928568b8092d412ef95611616376bbeed?s=96&d=mm&r=g","caption":"f1000024"},"url":"https:\/\/cvinoticias.com\/v3\/author\/f1000024\/"}]}},"_links":{"self":[{"href":"https:\/\/cvinoticias.com\/v3\/wp-json\/wp\/v2\/posts\/12571","targetHints":{"allow":["GET"]}}],"collection":[{"href":"https:\/\/cvinoticias.com\/v3\/wp-json\/wp\/v2\/posts"}],"about":[{"href":"https:\/\/cvinoticias.com\/v3\/wp-json\/wp\/v2\/types\/post"}],"author":[{"embeddable":true,"href":"https:\/\/cvinoticias.com\/v3\/wp-json\/wp\/v2\/users\/2"}],"replies":[{"embeddable":true,"href":"https:\/\/cvinoticias.com\/v3\/wp-json\/wp\/v2\/comments?post=12571"}],"version-history":[{"count":1,"href":"https:\/\/cvinoticias.com\/v3\/wp-json\/wp\/v2\/posts\/12571\/revisions"}],"predecessor-version":[{"id":12573,"href":"https:\/\/cvinoticias.com\/v3\/wp-json\/wp\/v2\/posts\/12571\/revisions\/12573"}],"wp:featuredmedia":[{"embeddable":true,"href":"https:\/\/cvinoticias.com\/v3\/wp-json\/wp\/v2\/media\/12572"}],"wp:attachment":[{"href":"https:\/\/cvinoticias.com\/v3\/wp-json\/wp\/v2\/media?parent=12571"}],"wp:term":[{"taxonomy":"category","embeddable":true,"href":"https:\/\/cvinoticias.com\/v3\/wp-json\/wp\/v2\/categories?post=12571"},{"taxonomy":"post_tag","embeddable":true,"href":"https:\/\/cvinoticias.com\/v3\/wp-json\/wp\/v2\/tags?post=12571"}],"curies":[{"name":"wp","href":"https:\/\/api.w.org\/{rel}","templated":true}]}}