{"id":12467,"date":"2022-01-19T12:19:05","date_gmt":"2022-01-19T12:19:05","guid":{"rendered":"https:\/\/cvinoticias.com\/v3\/?p=12467"},"modified":"2022-01-19T12:29:28","modified_gmt":"2022-01-19T12:29:28","slug":"la-justicia-determino-que-los-partidos-de-river-y-boca-deberan-verse-por-cable-basico-y-no-por-codificado","status":"publish","type":"post","link":"https:\/\/cvinoticias.com\/v3\/la-justicia-determino-que-los-partidos-de-river-y-boca-deberan-verse-por-cable-basico-y-no-por-codificado\/","title":{"rendered":"La justicia determin\u00f3 que los partidos de River y Boca deber\u00e1n verse por cable b\u00e1sico y no por codificado"},"content":{"rendered":"\n<p><strong><em>La\u00a0Secretar\u00eda de Defensa de la Competencia\u00a0determin\u00f3 que\u00a0Disney-Fox\u00a0deber\u00e1 concretar una desinversi\u00f3n y vender a terceros algunas de las se\u00f1ales que tiene en su poder debido a la posici\u00f3n mayoritaria que tienen en el segmento de canales de deportes, al tiempo que determin\u00f3 tambi\u00e9n que deber\u00e1 transmitir encuentros gratis de\u00a0River\u00a0y\u00a0Boca, como as\u00ed tambi\u00e9n de la\u00a0Champions League, hasta que finalice el proceso.<\/em><\/strong>,<\/p>\n\n\n\n<p>La compra de\u00a0Fox\u00a0por parte de\u00a0Disney\u00a0en marzo del 2019 hizo que en\u00a0Argentina, el nuevo actor se quedara con el 64% del share correspondiente a 7 de las 9 se\u00f1ales deportivas b\u00e1sicas, las otras dos son\u00a0TyC\u00a0y\u00a0DeporTV.<\/p>\n\n\n\n<p>Esta posici\u00f3n&nbsp;<em>\u00abdisminuye, restringe o distorsiona la competencia en el mercado de comercializaci\u00f3n de se\u00f1ales deportivas b\u00e1sicas y perjudica el inter\u00e9s econ\u00f3mico general\u00bb<\/em>, destac\u00f3 la informaci\u00f3n.<\/p>\n\n\n\n<p>Para evitar este perjuicio, la empresa\u00a0Disney-Fox\u00a0<em>\u00abtienen plazo de un a\u00f1o para desinvertir\u00bb<\/em>, es decir, desprenderse de alguna de esas se\u00f1ales,\u00a0<em>\u00abcon una pr\u00f3rroga de seis meses\u00bb<\/em>\u00a0para llevar adelante ese cometido.<\/p>\n\n\n\n<p>Hasta que la desinversi\u00f3n se lleve a cabo,\u00a0<em>\u00abtienen que transmitir de manera abierta y gratuita eventos deportivos relevantes de cada una de las competencias definidas como contenidos fundamentales\u00bb<\/em>, como son la\u00a0Copa Libertadores, la\u00a0UEFA,\u00a0NFL,\u00a0MLB\u00a0o la\u00a0F\u00f3rmula 1.<\/p>\n\n\n\n<p>Adem\u00e1s, deber\u00e1n transmitir bajo esta modalidad un partido de\u00a0Boca\u00a0o de\u00a0River\u00a0cada fecha del torneo local de f\u00fatbol.<\/p>\n\n\n\n<p>La\u00a0Secretar\u00eda de Defensa de la Competencia\u00a0determin\u00f3 tambi\u00e9n que\u00a0<em>\u00abdeber\u00e1n mantener un m\u00e1ximo de cuatro se\u00f1ales lineales deportivas b\u00e1sicas en la grilla de canales ofrecidos en la Rep\u00fablica Argentina\u00bb<\/em>.<\/p>\n\n\n\n<p>Si en los 18 meses establecidos no se efectiviz\u00f3 la desinversi\u00f3n,<em>\u00a0\u00abestas transmisiones abiertas y gratuitas se extender\u00e1n durante cinco a\u00f1os<\/em>\u00ab, advirti\u00f3 la dependencia que funciona en la \u00f3rbita del\u00a0Ministerio de Desarrollo Productivo.<\/p>\n\n\n\n<p>Mientras las partes no concreten la desinversi\u00f3n, deber\u00e1n mantener estable la relaci\u00f3n existente previa a la fusi\u00f3n entre el precio de las se\u00f1ales deportivas y el precio del abono b\u00e1sico.<\/p>\n\n\n\n<p>Fuentes de la\u00a0Comisi\u00f3n de Defensa de la Competencia\u00a0apuntaron a que en pa\u00edses como\u00a0M\u00e9xico,\u00a0Estados Unidos,\u00a0Europa,\u00a0Chile\u00a0y\u00a0Brasil, las autoridades\u00a0<em>\u00abtambi\u00e9n identificaron efectos y riesgos espec\u00edficos en sus mercados e impusieron condicionamientos tanto de conductas como de estructura para evitar problemas de concentraci\u00f3n\u00bb<\/em>.<\/p>\n\n\n\n<p>Fuentes de la\u00a0Secretar\u00eda de Comercio Interior\u00a0recordaron que en marzo de 2019 tuvo lugar la adquisici\u00f3n de\u00a021st. Century Fox\u00a0por\u00a0The Walt Disney Company.<\/p>\n\n\n\n<p>En el caso de la\u00a0Argentina, si se habilitase esa fusi\u00f3n, el nuevo actor se quedar\u00eda con el 64% del share correspondiente a 7 de las 9 se\u00f1ales deportivas b\u00e1sicas.<\/p>\n\n\n\n<p>A criterio de la\u00a0Comisi\u00f3n de Defensa\u00a0esto puede determinar que disminuya, restrinja o distorsione la competencia en el mercado de comercializaci\u00f3n de se\u00f1ales deportivas b\u00e1sicas y perjudica el inter\u00e9s econ\u00f3mico general.<\/p>\n\n\n\n<p>En un informe preliminar publicado en noviembre de 2020, la\u00a0Comisi\u00f3n Nacional de Defensa de la Competencia\u00a0advirti\u00f3 que\u00a0<em>\u00abla operaci\u00f3n de concentraci\u00f3n bajo an\u00e1lisis eliminar\u00eda un competidor relevante en el mercado de se\u00f1ales deportivas dado que las se\u00f1ales ESPN y Fox Sports son los competidores m\u00e1s cercanos en dicho mercado\u00bb<\/em>.<\/p>\n\n\n\n<p>Tambi\u00e9n se\u00f1alaron que&nbsp;<em>\u00abel incremento sustancial de la concentraci\u00f3n como resultado de la operaci\u00f3n implicar\u00eda un aumento significativo en el poder de mercado y de negociaci\u00f3n de las empresas notificantes, con la posibilidad de potenciales aumentos de los precios de las se\u00f1ales y de los abonos que pagan los consumidores finales\u00bb.<\/em><\/p>\n\n\n\n<p><em>\u00abAdem\u00e1s, dado que las empresas comercializan sus se\u00f1ales de manera paquetizada, el aumento de poder de mercado en las se\u00f1ales deportivas podr\u00eda trasladarse al resto de sus se\u00f1ales de televisi\u00f3n paga en detrimento de los consumidores, que tambi\u00e9n por esta raz\u00f3n podr\u00edan ver incrementado el valor del abono de televisi\u00f3n paga y podr\u00edan recibir una oferta m\u00e1s reducida, menos variada y con productos de menor calidad\u00bb<\/em>, alert\u00f3 de manera preliminar la dependencia nacional.<\/p>\n","protected":false},"excerpt":{"rendered":"<p>La\u00a0Secretar\u00eda de Defensa de la Competencia\u00a0determin\u00f3 que\u00a0Disney-Fox\u00a0deber\u00e1 concretar una desinversi\u00f3n y vender a terceros algunas de las se\u00f1ales que tiene en su poder debido a la posici\u00f3n mayoritaria que tienen en el segmento de canales de deportes, al tiempo que determin\u00f3 tambi\u00e9n que deber\u00e1 transmitir encuentros gratis de\u00a0River\u00a0y\u00a0Boca, como as\u00ed tambi\u00e9n de la\u00a0Champions League, hasta [&hellip;]<\/p>\n","protected":false},"author":2,"featured_media":12468,"comment_status":"open","ping_status":"open","sticky":false,"template":"","format":"standard","meta":{"footnotes":""},"categories":[24],"tags":[],"class_list":["post-12467","post","type-post","status-publish","format-standard","has-post-thumbnail","hentry","category-deportes"],"yoast_head":"<!-- This site is optimized with the Yoast SEO plugin v27.5 - https:\/\/yoast.com\/product\/yoast-seo-wordpress\/ -->\n<title>La justicia determin\u00f3 que los partidos de River y Boca deber\u00e1n verse por cable b\u00e1sico y no por codificado | CVI NOTICIAS<\/title>\n<meta name=\"robots\" content=\"index, follow, max-snippet:-1, max-image-preview:large, max-video-preview:-1\" \/>\n<link rel=\"canonical\" href=\"https:\/\/cvinoticias.com\/v3\/la-justicia-determino-que-los-partidos-de-river-y-boca-deberan-verse-por-cable-basico-y-no-por-codificado\/\" \/>\n<meta property=\"og:locale\" content=\"es_ES\" \/>\n<meta property=\"og:type\" content=\"article\" \/>\n<meta property=\"og:title\" content=\"La justicia determin\u00f3 que los partidos de River y Boca deber\u00e1n verse por cable b\u00e1sico y no por codificado | CVI NOTICIAS\" \/>\n<meta property=\"og:description\" content=\"La\u00a0Secretar\u00eda de Defensa de la Competencia\u00a0determin\u00f3 que\u00a0Disney-Fox\u00a0deber\u00e1 concretar una desinversi\u00f3n y vender a terceros algunas de las se\u00f1ales que tiene en su poder debido a la posici\u00f3n mayoritaria que tienen en el segmento de canales de deportes, al tiempo que determin\u00f3 tambi\u00e9n que deber\u00e1 transmitir encuentros gratis de\u00a0River\u00a0y\u00a0Boca, como as\u00ed tambi\u00e9n de la\u00a0Champions League, hasta [&hellip;]\" \/>\n<meta property=\"og:url\" content=\"https:\/\/cvinoticias.com\/v3\/la-justicia-determino-que-los-partidos-de-river-y-boca-deberan-verse-por-cable-basico-y-no-por-codificado\/\" \/>\n<meta property=\"og:site_name\" content=\"CVI NOTICIAS\" \/>\n<meta property=\"article:publisher\" content=\"https:\/\/www.facebook.com\/cvinoticias\" \/>\n<meta property=\"article:published_time\" content=\"2022-01-19T12:19:05+00:00\" \/>\n<meta property=\"article:modified_time\" content=\"2022-01-19T12:29:28+00:00\" \/>\n<meta property=\"og:image\" content=\"https:\/\/cvinoticias.com\/wp-content\/uploads\/2022\/01\/la-justicia-no-suspendera-la-supercopa-pero-abrio-una-investigacion-y-convoco-reunion.jpg\" \/>\n\t<meta property=\"og:image:width\" content=\"540\" \/>\n\t<meta property=\"og:image:height\" content=\"405\" \/>\n\t<meta property=\"og:image:type\" content=\"image\/jpeg\" \/>\n<meta name=\"author\" content=\"f1000024\" \/>\n<meta name=\"twitter:card\" content=\"summary_large_image\" \/>\n<meta name=\"twitter:label1\" content=\"Escrito por\" \/>\n\t<meta name=\"twitter:data1\" content=\"f1000024\" \/>\n\t<meta name=\"twitter:label2\" content=\"Tiempo de lectura\" \/>\n\t<meta name=\"twitter:data2\" content=\"4 minutos\" \/>\n<script type=\"application\/ld+json\" class=\"yoast-schema-graph\">{\"@context\":\"https:\\\/\\\/schema.org\",\"@graph\":[{\"@type\":\"Article\",\"@id\":\"https:\\\/\\\/cvinoticias.com\\\/v3\\\/la-justicia-determino-que-los-partidos-de-river-y-boca-deberan-verse-por-cable-basico-y-no-por-codificado\\\/#article\",\"isPartOf\":{\"@id\":\"https:\\\/\\\/cvinoticias.com\\\/v3\\\/la-justicia-determino-que-los-partidos-de-river-y-boca-deberan-verse-por-cable-basico-y-no-por-codificado\\\/\"},\"author\":{\"name\":\"f1000024\",\"@id\":\"https:\\\/\\\/cvinoticias.com\\\/v3\\\/#\\\/schema\\\/person\\\/2db77e3c6bc03c538495d7b2b8be9b66\"},\"headline\":\"La justicia determin\u00f3 que los partidos de River y Boca deber\u00e1n verse por cable b\u00e1sico y no por codificado\",\"datePublished\":\"2022-01-19T12:19:05+00:00\",\"dateModified\":\"2022-01-19T12:29:28+00:00\",\"mainEntityOfPage\":{\"@id\":\"https:\\\/\\\/cvinoticias.com\\\/v3\\\/la-justicia-determino-que-los-partidos-de-river-y-boca-deberan-verse-por-cable-basico-y-no-por-codificado\\\/\"},\"wordCount\":730,\"commentCount\":0,\"publisher\":{\"@id\":\"https:\\\/\\\/cvinoticias.com\\\/v3\\\/#organization\"},\"image\":{\"@id\":\"https:\\\/\\\/cvinoticias.com\\\/v3\\\/la-justicia-determino-que-los-partidos-de-river-y-boca-deberan-verse-por-cable-basico-y-no-por-codificado\\\/#primaryimage\"},\"thumbnailUrl\":\"https:\\\/\\\/cvinoticias.com\\\/wp-content\\\/uploads\\\/2022\\\/01\\\/la-justicia-no-suspendera-la-supercopa-pero-abrio-una-investigacion-y-convoco-reunion.jpg\",\"articleSection\":[\"Deportes\"],\"inLanguage\":\"es\",\"potentialAction\":[{\"@type\":\"CommentAction\",\"name\":\"Comment\",\"target\":[\"https:\\\/\\\/cvinoticias.com\\\/v3\\\/la-justicia-determino-que-los-partidos-de-river-y-boca-deberan-verse-por-cable-basico-y-no-por-codificado\\\/#respond\"]}]},{\"@type\":\"WebPage\",\"@id\":\"https:\\\/\\\/cvinoticias.com\\\/v3\\\/la-justicia-determino-que-los-partidos-de-river-y-boca-deberan-verse-por-cable-basico-y-no-por-codificado\\\/\",\"url\":\"https:\\\/\\\/cvinoticias.com\\\/v3\\\/la-justicia-determino-que-los-partidos-de-river-y-boca-deberan-verse-por-cable-basico-y-no-por-codificado\\\/\",\"name\":\"La justicia determin\u00f3 que los partidos de River y Boca deber\u00e1n verse por cable b\u00e1sico y no por codificado | CVI NOTICIAS\",\"isPartOf\":{\"@id\":\"https:\\\/\\\/cvinoticias.com\\\/v3\\\/#website\"},\"primaryImageOfPage\":{\"@id\":\"https:\\\/\\\/cvinoticias.com\\\/v3\\\/la-justicia-determino-que-los-partidos-de-river-y-boca-deberan-verse-por-cable-basico-y-no-por-codificado\\\/#primaryimage\"},\"image\":{\"@id\":\"https:\\\/\\\/cvinoticias.com\\\/v3\\\/la-justicia-determino-que-los-partidos-de-river-y-boca-deberan-verse-por-cable-basico-y-no-por-codificado\\\/#primaryimage\"},\"thumbnailUrl\":\"https:\\\/\\\/cvinoticias.com\\\/wp-content\\\/uploads\\\/2022\\\/01\\\/la-justicia-no-suspendera-la-supercopa-pero-abrio-una-investigacion-y-convoco-reunion.jpg\",\"datePublished\":\"2022-01-19T12:19:05+00:00\",\"dateModified\":\"2022-01-19T12:29:28+00:00\",\"breadcrumb\":{\"@id\":\"https:\\\/\\\/cvinoticias.com\\\/v3\\\/la-justicia-determino-que-los-partidos-de-river-y-boca-deberan-verse-por-cable-basico-y-no-por-codificado\\\/#breadcrumb\"},\"inLanguage\":\"es\",\"potentialAction\":[{\"@type\":\"ReadAction\",\"target\":[\"https:\\\/\\\/cvinoticias.com\\\/v3\\\/la-justicia-determino-que-los-partidos-de-river-y-boca-deberan-verse-por-cable-basico-y-no-por-codificado\\\/\"]}]},{\"@type\":\"ImageObject\",\"inLanguage\":\"es\",\"@id\":\"https:\\\/\\\/cvinoticias.com\\\/v3\\\/la-justicia-determino-que-los-partidos-de-river-y-boca-deberan-verse-por-cable-basico-y-no-por-codificado\\\/#primaryimage\",\"url\":\"https:\\\/\\\/cvinoticias.com\\\/wp-content\\\/uploads\\\/2022\\\/01\\\/la-justicia-no-suspendera-la-supercopa-pero-abrio-una-investigacion-y-convoco-reunion.jpg\",\"contentUrl\":\"https:\\\/\\\/cvinoticias.com\\\/wp-content\\\/uploads\\\/2022\\\/01\\\/la-justicia-no-suspendera-la-supercopa-pero-abrio-una-investigacion-y-convoco-reunion.jpg\",\"width\":540,\"height\":405},{\"@type\":\"BreadcrumbList\",\"@id\":\"https:\\\/\\\/cvinoticias.com\\\/v3\\\/la-justicia-determino-que-los-partidos-de-river-y-boca-deberan-verse-por-cable-basico-y-no-por-codificado\\\/#breadcrumb\",\"itemListElement\":[{\"@type\":\"ListItem\",\"position\":1,\"name\":\"Portada\",\"item\":\"https:\\\/\\\/cvinoticias.com\\\/v3\\\/\"},{\"@type\":\"ListItem\",\"position\":2,\"name\":\"La justicia determin\u00f3 que los partidos de River y Boca deber\u00e1n verse por cable b\u00e1sico y no por codificado\"}]},{\"@type\":\"WebSite\",\"@id\":\"https:\\\/\\\/cvinoticias.com\\\/v3\\\/#website\",\"url\":\"https:\\\/\\\/cvinoticias.com\\\/v3\\\/\",\"name\":\"CVI NOTICIAS\",\"description\":\"\",\"publisher\":{\"@id\":\"https:\\\/\\\/cvinoticias.com\\\/v3\\\/#organization\"},\"alternateName\":\"CVI\",\"potentialAction\":[{\"@type\":\"SearchAction\",\"target\":{\"@type\":\"EntryPoint\",\"urlTemplate\":\"https:\\\/\\\/cvinoticias.com\\\/v3\\\/?s={search_term_string}\"},\"query-input\":{\"@type\":\"PropertyValueSpecification\",\"valueRequired\":true,\"valueName\":\"search_term_string\"}}],\"inLanguage\":\"es\"},{\"@type\":\"Organization\",\"@id\":\"https:\\\/\\\/cvinoticias.com\\\/v3\\\/#organization\",\"name\":\"CVI NOTICIAS\",\"url\":\"https:\\\/\\\/cvinoticias.com\\\/v3\\\/\",\"logo\":{\"@type\":\"ImageObject\",\"inLanguage\":\"es\",\"@id\":\"https:\\\/\\\/cvinoticias.com\\\/v3\\\/#\\\/schema\\\/logo\\\/image\\\/\",\"url\":\"https:\\\/\\\/cvinoticias.com\\\/wp-content\\\/uploads\\\/2023\\\/04\\\/cropped-cropped-cropped-cropped-cropped-3-1.png\",\"contentUrl\":\"https:\\\/\\\/cvinoticias.com\\\/wp-content\\\/uploads\\\/2023\\\/04\\\/cropped-cropped-cropped-cropped-cropped-3-1.png\",\"width\":95,\"height\":122,\"caption\":\"CVI NOTICIAS\"},\"image\":{\"@id\":\"https:\\\/\\\/cvinoticias.com\\\/v3\\\/#\\\/schema\\\/logo\\\/image\\\/\"},\"sameAs\":[\"https:\\\/\\\/www.facebook.com\\\/cvinoticias\",\"https:\\\/\\\/www.instagram.com\\\/cvinoticias\\\/\",\"https:\\\/\\\/www.youtube.com\\\/@CVINOTICIAS\"]},{\"@type\":\"Person\",\"@id\":\"https:\\\/\\\/cvinoticias.com\\\/v3\\\/#\\\/schema\\\/person\\\/2db77e3c6bc03c538495d7b2b8be9b66\",\"name\":\"f1000024\",\"image\":{\"@type\":\"ImageObject\",\"inLanguage\":\"es\",\"@id\":\"https:\\\/\\\/secure.gravatar.com\\\/avatar\\\/d4fe7459cfc51ff5129ce1a732bbef5928568b8092d412ef95611616376bbeed?s=96&d=mm&r=g\",\"url\":\"https:\\\/\\\/secure.gravatar.com\\\/avatar\\\/d4fe7459cfc51ff5129ce1a732bbef5928568b8092d412ef95611616376bbeed?s=96&d=mm&r=g\",\"contentUrl\":\"https:\\\/\\\/secure.gravatar.com\\\/avatar\\\/d4fe7459cfc51ff5129ce1a732bbef5928568b8092d412ef95611616376bbeed?s=96&d=mm&r=g\",\"caption\":\"f1000024\"},\"url\":\"https:\\\/\\\/cvinoticias.com\\\/v3\\\/author\\\/f1000024\\\/\"}]}<\/script>\n<!-- \/ Yoast SEO plugin. -->","yoast_head_json":{"title":"La justicia determin\u00f3 que los partidos de River y Boca deber\u00e1n verse por cable b\u00e1sico y no por codificado | CVI NOTICIAS","robots":{"index":"index","follow":"follow","max-snippet":"max-snippet:-1","max-image-preview":"max-image-preview:large","max-video-preview":"max-video-preview:-1"},"canonical":"https:\/\/cvinoticias.com\/v3\/la-justicia-determino-que-los-partidos-de-river-y-boca-deberan-verse-por-cable-basico-y-no-por-codificado\/","og_locale":"es_ES","og_type":"article","og_title":"La justicia determin\u00f3 que los partidos de River y Boca deber\u00e1n verse por cable b\u00e1sico y no por codificado | CVI NOTICIAS","og_description":"La\u00a0Secretar\u00eda de Defensa de la Competencia\u00a0determin\u00f3 que\u00a0Disney-Fox\u00a0deber\u00e1 concretar una desinversi\u00f3n y vender a terceros algunas de las se\u00f1ales que tiene en su poder debido a la posici\u00f3n mayoritaria que tienen en el segmento de canales de deportes, al tiempo que determin\u00f3 tambi\u00e9n que deber\u00e1 transmitir encuentros gratis de\u00a0River\u00a0y\u00a0Boca, como as\u00ed tambi\u00e9n de la\u00a0Champions League, hasta [&hellip;]","og_url":"https:\/\/cvinoticias.com\/v3\/la-justicia-determino-que-los-partidos-de-river-y-boca-deberan-verse-por-cable-basico-y-no-por-codificado\/","og_site_name":"CVI NOTICIAS","article_publisher":"https:\/\/www.facebook.com\/cvinoticias","article_published_time":"2022-01-19T12:19:05+00:00","article_modified_time":"2022-01-19T12:29:28+00:00","og_image":[{"width":540,"height":405,"url":"https:\/\/cvinoticias.com\/wp-content\/uploads\/2022\/01\/la-justicia-no-suspendera-la-supercopa-pero-abrio-una-investigacion-y-convoco-reunion.jpg","type":"image\/jpeg"}],"author":"f1000024","twitter_card":"summary_large_image","twitter_misc":{"Escrito por":"f1000024","Tiempo de lectura":"4 minutos"},"schema":{"@context":"https:\/\/schema.org","@graph":[{"@type":"Article","@id":"https:\/\/cvinoticias.com\/v3\/la-justicia-determino-que-los-partidos-de-river-y-boca-deberan-verse-por-cable-basico-y-no-por-codificado\/#article","isPartOf":{"@id":"https:\/\/cvinoticias.com\/v3\/la-justicia-determino-que-los-partidos-de-river-y-boca-deberan-verse-por-cable-basico-y-no-por-codificado\/"},"author":{"name":"f1000024","@id":"https:\/\/cvinoticias.com\/v3\/#\/schema\/person\/2db77e3c6bc03c538495d7b2b8be9b66"},"headline":"La justicia determin\u00f3 que los partidos de River y Boca deber\u00e1n verse por cable b\u00e1sico y no por codificado","datePublished":"2022-01-19T12:19:05+00:00","dateModified":"2022-01-19T12:29:28+00:00","mainEntityOfPage":{"@id":"https:\/\/cvinoticias.com\/v3\/la-justicia-determino-que-los-partidos-de-river-y-boca-deberan-verse-por-cable-basico-y-no-por-codificado\/"},"wordCount":730,"commentCount":0,"publisher":{"@id":"https:\/\/cvinoticias.com\/v3\/#organization"},"image":{"@id":"https:\/\/cvinoticias.com\/v3\/la-justicia-determino-que-los-partidos-de-river-y-boca-deberan-verse-por-cable-basico-y-no-por-codificado\/#primaryimage"},"thumbnailUrl":"https:\/\/cvinoticias.com\/wp-content\/uploads\/2022\/01\/la-justicia-no-suspendera-la-supercopa-pero-abrio-una-investigacion-y-convoco-reunion.jpg","articleSection":["Deportes"],"inLanguage":"es","potentialAction":[{"@type":"CommentAction","name":"Comment","target":["https:\/\/cvinoticias.com\/v3\/la-justicia-determino-que-los-partidos-de-river-y-boca-deberan-verse-por-cable-basico-y-no-por-codificado\/#respond"]}]},{"@type":"WebPage","@id":"https:\/\/cvinoticias.com\/v3\/la-justicia-determino-que-los-partidos-de-river-y-boca-deberan-verse-por-cable-basico-y-no-por-codificado\/","url":"https:\/\/cvinoticias.com\/v3\/la-justicia-determino-que-los-partidos-de-river-y-boca-deberan-verse-por-cable-basico-y-no-por-codificado\/","name":"La justicia determin\u00f3 que los partidos de River y Boca deber\u00e1n verse por cable b\u00e1sico y no por codificado | CVI NOTICIAS","isPartOf":{"@id":"https:\/\/cvinoticias.com\/v3\/#website"},"primaryImageOfPage":{"@id":"https:\/\/cvinoticias.com\/v3\/la-justicia-determino-que-los-partidos-de-river-y-boca-deberan-verse-por-cable-basico-y-no-por-codificado\/#primaryimage"},"image":{"@id":"https:\/\/cvinoticias.com\/v3\/la-justicia-determino-que-los-partidos-de-river-y-boca-deberan-verse-por-cable-basico-y-no-por-codificado\/#primaryimage"},"thumbnailUrl":"https:\/\/cvinoticias.com\/wp-content\/uploads\/2022\/01\/la-justicia-no-suspendera-la-supercopa-pero-abrio-una-investigacion-y-convoco-reunion.jpg","datePublished":"2022-01-19T12:19:05+00:00","dateModified":"2022-01-19T12:29:28+00:00","breadcrumb":{"@id":"https:\/\/cvinoticias.com\/v3\/la-justicia-determino-que-los-partidos-de-river-y-boca-deberan-verse-por-cable-basico-y-no-por-codificado\/#breadcrumb"},"inLanguage":"es","potentialAction":[{"@type":"ReadAction","target":["https:\/\/cvinoticias.com\/v3\/la-justicia-determino-que-los-partidos-de-river-y-boca-deberan-verse-por-cable-basico-y-no-por-codificado\/"]}]},{"@type":"ImageObject","inLanguage":"es","@id":"https:\/\/cvinoticias.com\/v3\/la-justicia-determino-que-los-partidos-de-river-y-boca-deberan-verse-por-cable-basico-y-no-por-codificado\/#primaryimage","url":"https:\/\/cvinoticias.com\/wp-content\/uploads\/2022\/01\/la-justicia-no-suspendera-la-supercopa-pero-abrio-una-investigacion-y-convoco-reunion.jpg","contentUrl":"https:\/\/cvinoticias.com\/wp-content\/uploads\/2022\/01\/la-justicia-no-suspendera-la-supercopa-pero-abrio-una-investigacion-y-convoco-reunion.jpg","width":540,"height":405},{"@type":"BreadcrumbList","@id":"https:\/\/cvinoticias.com\/v3\/la-justicia-determino-que-los-partidos-de-river-y-boca-deberan-verse-por-cable-basico-y-no-por-codificado\/#breadcrumb","itemListElement":[{"@type":"ListItem","position":1,"name":"Portada","item":"https:\/\/cvinoticias.com\/v3\/"},{"@type":"ListItem","position":2,"name":"La justicia determin\u00f3 que los partidos de River y Boca deber\u00e1n verse por cable b\u00e1sico y no por codificado"}]},{"@type":"WebSite","@id":"https:\/\/cvinoticias.com\/v3\/#website","url":"https:\/\/cvinoticias.com\/v3\/","name":"CVI NOTICIAS","description":"","publisher":{"@id":"https:\/\/cvinoticias.com\/v3\/#organization"},"alternateName":"CVI","potentialAction":[{"@type":"SearchAction","target":{"@type":"EntryPoint","urlTemplate":"https:\/\/cvinoticias.com\/v3\/?s={search_term_string}"},"query-input":{"@type":"PropertyValueSpecification","valueRequired":true,"valueName":"search_term_string"}}],"inLanguage":"es"},{"@type":"Organization","@id":"https:\/\/cvinoticias.com\/v3\/#organization","name":"CVI NOTICIAS","url":"https:\/\/cvinoticias.com\/v3\/","logo":{"@type":"ImageObject","inLanguage":"es","@id":"https:\/\/cvinoticias.com\/v3\/#\/schema\/logo\/image\/","url":"https:\/\/cvinoticias.com\/wp-content\/uploads\/2023\/04\/cropped-cropped-cropped-cropped-cropped-3-1.png","contentUrl":"https:\/\/cvinoticias.com\/wp-content\/uploads\/2023\/04\/cropped-cropped-cropped-cropped-cropped-3-1.png","width":95,"height":122,"caption":"CVI NOTICIAS"},"image":{"@id":"https:\/\/cvinoticias.com\/v3\/#\/schema\/logo\/image\/"},"sameAs":["https:\/\/www.facebook.com\/cvinoticias","https:\/\/www.instagram.com\/cvinoticias\/","https:\/\/www.youtube.com\/@CVINOTICIAS"]},{"@type":"Person","@id":"https:\/\/cvinoticias.com\/v3\/#\/schema\/person\/2db77e3c6bc03c538495d7b2b8be9b66","name":"f1000024","image":{"@type":"ImageObject","inLanguage":"es","@id":"https:\/\/secure.gravatar.com\/avatar\/d4fe7459cfc51ff5129ce1a732bbef5928568b8092d412ef95611616376bbeed?s=96&d=mm&r=g","url":"https:\/\/secure.gravatar.com\/avatar\/d4fe7459cfc51ff5129ce1a732bbef5928568b8092d412ef95611616376bbeed?s=96&d=mm&r=g","contentUrl":"https:\/\/secure.gravatar.com\/avatar\/d4fe7459cfc51ff5129ce1a732bbef5928568b8092d412ef95611616376bbeed?s=96&d=mm&r=g","caption":"f1000024"},"url":"https:\/\/cvinoticias.com\/v3\/author\/f1000024\/"}]}},"_links":{"self":[{"href":"https:\/\/cvinoticias.com\/v3\/wp-json\/wp\/v2\/posts\/12467","targetHints":{"allow":["GET"]}}],"collection":[{"href":"https:\/\/cvinoticias.com\/v3\/wp-json\/wp\/v2\/posts"}],"about":[{"href":"https:\/\/cvinoticias.com\/v3\/wp-json\/wp\/v2\/types\/post"}],"author":[{"embeddable":true,"href":"https:\/\/cvinoticias.com\/v3\/wp-json\/wp\/v2\/users\/2"}],"replies":[{"embeddable":true,"href":"https:\/\/cvinoticias.com\/v3\/wp-json\/wp\/v2\/comments?post=12467"}],"version-history":[{"count":3,"href":"https:\/\/cvinoticias.com\/v3\/wp-json\/wp\/v2\/posts\/12467\/revisions"}],"predecessor-version":[{"id":12471,"href":"https:\/\/cvinoticias.com\/v3\/wp-json\/wp\/v2\/posts\/12467\/revisions\/12471"}],"wp:featuredmedia":[{"embeddable":true,"href":"https:\/\/cvinoticias.com\/v3\/wp-json\/wp\/v2\/media\/12468"}],"wp:attachment":[{"href":"https:\/\/cvinoticias.com\/v3\/wp-json\/wp\/v2\/media?parent=12467"}],"wp:term":[{"taxonomy":"category","embeddable":true,"href":"https:\/\/cvinoticias.com\/v3\/wp-json\/wp\/v2\/categories?post=12467"},{"taxonomy":"post_tag","embeddable":true,"href":"https:\/\/cvinoticias.com\/v3\/wp-json\/wp\/v2\/tags?post=12467"}],"curies":[{"name":"wp","href":"https:\/\/api.w.org\/{rel}","templated":true}]}}