{"id":12461,"date":"2022-01-19T12:01:35","date_gmt":"2022-01-19T12:01:35","guid":{"rendered":"https:\/\/cvinoticias.com\/v3\/?p=12461"},"modified":"2022-01-19T12:01:35","modified_gmt":"2022-01-19T12:01:35","slug":"continua-la-lucha-contra-los-incendios-en-la-provincia","status":"publish","type":"post","link":"https:\/\/cvinoticias.com\/v3\/continua-la-lucha-contra-los-incendios-en-la-provincia\/","title":{"rendered":"Contin\u00faa la lucha contra los incendios en la Provincia"},"content":{"rendered":"\n<p><strong><em>En la tarde de ayer, el personal de la comisar\u00eda de 25 De Mayo, la comisar\u00eda de la Mujer de 25 de Mayo, los bomberos voluntarios de Santa Rita y 25 De Mayo trabajaron en un incendio forestal del Paraje Salti\u00f1o, el cual inici\u00f3 el pasado lunes. En el procedimiento evacuaron a varios vecinos de la zona.<\/em><\/strong><\/p>\n\n\n\n<p>En otro procedimiento a las 18hs, trabajaron en un foco \u00edgneo una dotaci\u00f3n de bomberos voluntarios de El Soberbio, personal policial de la comisar\u00eda de El Soberbio y vecinos de la zona junto al due\u00f1o del lote da\u00f1ado por las llamas, con una extensi\u00f3n de 5 hect\u00e1reas aproximadamente.<\/p>\n\n\n\n<p>Simult\u00e1neamente, los efectivos de la Seccional 1ra de San Vicente, en conjunto con los bomberos voluntarios arribaron a Picada Cinco Tocos, por un incendio que afect\u00f3 a tres galpones del lugar y a una cosecha de tabaco.<\/p>\n\n\n\n<figure class=\"wp-block-image size-full\"><a href=\"https:\/\/cvinoticias.com\/wp-content\/uploads\/2022\/01\/IMG-20220119-WA0006.jpg\"><img decoding=\"async\" width=\"886\" height=\"522\" data-src=\"https:\/\/cvinoticias.com\/wp-content\/uploads\/2022\/01\/IMG-20220119-WA0006.jpg\" alt=\"\" class=\"wp-image-12465 lazyload\" data-srcset=\"https:\/\/cvinoticias.com\/wp-content\/uploads\/2022\/01\/IMG-20220119-WA0006.jpg 886w, https:\/\/cvinoticias.com\/wp-content\/uploads\/2022\/01\/IMG-20220119-WA0006-300x177.jpg 300w, https:\/\/cvinoticias.com\/wp-content\/uploads\/2022\/01\/IMG-20220119-WA0006-768x452.jpg 768w\" data-sizes=\"(max-width: 886px) 100vw, 886px\" src=\"data:image\/svg+xml;base64,PHN2ZyB3aWR0aD0iMSIgaGVpZ2h0PSIxIiB4bWxucz0iaHR0cDovL3d3dy53My5vcmcvMjAwMC9zdmciPjwvc3ZnPg==\" style=\"--smush-placeholder-width: 886px; --smush-placeholder-aspect-ratio: 886\/522;\" \/><\/a><\/figure>\n\n\n\n<p>Por otra parte, en horas de la noche, el personal comisar\u00eda de General Urquiza, en conjunto con los bomberos voluntarios de Jard\u00edn Am\u00e9rica, combatieron las llamas de una plantaci\u00f3n de yerba mate en el terreno de una empresa en el barrio El Franc\u00e9s.<\/p>\n\n\n\n<p>Cabe mencionar que desde las 17hs se llev\u00f3 a cabo tareas de abastecimiento de agua mediante el avi\u00f3n hidrante M\u00f3vil A\u00e9reo EC-125, abocado a las tareas de sofocaci\u00f3n de incendios en la Colonia Carril, jurisdicci\u00f3n de la Comisaria El Alc\u00e1zar UR-IV, Puerto Rico.<\/p>\n\n\n\n<figure class=\"wp-block-image size-large\"><a href=\"https:\/\/cvinoticias.com\/wp-content\/uploads\/2022\/01\/IMG-20220119-WA0007.jpg\"><img decoding=\"async\" width=\"1024\" height=\"768\" data-src=\"https:\/\/cvinoticias.com\/wp-content\/uploads\/2022\/01\/IMG-20220119-WA0007-1024x768.jpg\" alt=\"\" class=\"wp-image-12464 lazyload\" data-srcset=\"https:\/\/cvinoticias.com\/wp-content\/uploads\/2022\/01\/IMG-20220119-WA0007-1024x768.jpg 1024w, https:\/\/cvinoticias.com\/wp-content\/uploads\/2022\/01\/IMG-20220119-WA0007-300x225.jpg 300w, https:\/\/cvinoticias.com\/wp-content\/uploads\/2022\/01\/IMG-20220119-WA0007-768x576.jpg 768w, https:\/\/cvinoticias.com\/wp-content\/uploads\/2022\/01\/IMG-20220119-WA0007.jpg 1280w\" data-sizes=\"(max-width: 1024px) 100vw, 1024px\" src=\"data:image\/svg+xml;base64,PHN2ZyB3aWR0aD0iMSIgaGVpZ2h0PSIxIiB4bWxucz0iaHR0cDovL3d3dy53My5vcmcvMjAwMC9zdmciPjwvc3ZnPg==\" style=\"--smush-placeholder-width: 1024px; --smush-placeholder-aspect-ratio: 1024\/768;\" \/><\/a><\/figure>\n\n\n\n<p>Afortunadamente, no se registraron lesionados ni v\u00edctimas por los hechos.<\/p>\n\n\n\n<figure class=\"wp-block-image size-full\"><a href=\"https:\/\/cvinoticias.com\/wp-content\/uploads\/2022\/01\/IMG-20220119-WA0003.jpg\"><img decoding=\"async\" width=\"800\" height=\"471\" data-src=\"https:\/\/cvinoticias.com\/wp-content\/uploads\/2022\/01\/IMG-20220119-WA0003.jpg\" alt=\"\" class=\"wp-image-12463 lazyload\" data-srcset=\"https:\/\/cvinoticias.com\/wp-content\/uploads\/2022\/01\/IMG-20220119-WA0003.jpg 800w, https:\/\/cvinoticias.com\/wp-content\/uploads\/2022\/01\/IMG-20220119-WA0003-300x177.jpg 300w, https:\/\/cvinoticias.com\/wp-content\/uploads\/2022\/01\/IMG-20220119-WA0003-768x452.jpg 768w\" data-sizes=\"(max-width: 800px) 100vw, 800px\" src=\"data:image\/svg+xml;base64,PHN2ZyB3aWR0aD0iMSIgaGVpZ2h0PSIxIiB4bWxucz0iaHR0cDovL3d3dy53My5vcmcvMjAwMC9zdmciPjwvc3ZnPg==\" style=\"--smush-placeholder-width: 800px; --smush-placeholder-aspect-ratio: 800\/471;\" \/><\/a><\/figure>\n","protected":false},"excerpt":{"rendered":"<p>En la tarde de ayer, el personal de la comisar\u00eda de 25 De Mayo, la comisar\u00eda de la Mujer de 25 de Mayo, los bomberos voluntarios de Santa Rita y 25 De Mayo trabajaron en un incendio forestal del Paraje Salti\u00f1o, el cual inici\u00f3 el pasado lunes. En el procedimiento evacuaron a varios vecinos de [&hellip;]<\/p>\n","protected":false},"author":2,"featured_media":12462,"comment_status":"open","ping_status":"open","sticky":false,"template":"","format":"standard","meta":{"footnotes":""},"categories":[43],"tags":[],"class_list":["post-12461","post","type-post","status-publish","format-standard","has-post-thumbnail","hentry","category-provinciales"],"yoast_head":"<!-- This site is optimized with the Yoast SEO plugin v27.4 - https:\/\/yoast.com\/product\/yoast-seo-wordpress\/ -->\n<title>Contin\u00faa la lucha contra los incendios en la Provincia | CVI NOTICIAS<\/title>\n<meta name=\"robots\" content=\"index, follow, max-snippet:-1, max-image-preview:large, max-video-preview:-1\" \/>\n<link rel=\"canonical\" href=\"https:\/\/cvinoticias.com\/v3\/continua-la-lucha-contra-los-incendios-en-la-provincia\/\" \/>\n<meta property=\"og:locale\" content=\"es_ES\" \/>\n<meta property=\"og:type\" content=\"article\" \/>\n<meta property=\"og:title\" content=\"Contin\u00faa la lucha contra los incendios en la Provincia | CVI NOTICIAS\" \/>\n<meta property=\"og:description\" content=\"En la tarde de ayer, el personal de la comisar\u00eda de 25 De Mayo, la comisar\u00eda de la Mujer de 25 de Mayo, los bomberos voluntarios de Santa Rita y 25 De Mayo trabajaron en un incendio forestal del Paraje Salti\u00f1o, el cual inici\u00f3 el pasado lunes. En el procedimiento evacuaron a varios vecinos de [&hellip;]\" \/>\n<meta property=\"og:url\" content=\"https:\/\/cvinoticias.com\/v3\/continua-la-lucha-contra-los-incendios-en-la-provincia\/\" \/>\n<meta property=\"og:site_name\" content=\"CVI NOTICIAS\" \/>\n<meta property=\"article:publisher\" content=\"https:\/\/www.facebook.com\/cvinoticias\" \/>\n<meta property=\"article:published_time\" content=\"2022-01-19T12:01:35+00:00\" \/>\n<meta property=\"og:image\" content=\"https:\/\/cvinoticias.com\/wp-content\/uploads\/2022\/01\/IMG-20220119-WA0004.jpg\" \/>\n\t<meta property=\"og:image:width\" content=\"1080\" \/>\n\t<meta property=\"og:image:height\" content=\"636\" \/>\n\t<meta property=\"og:image:type\" content=\"image\/jpeg\" \/>\n<meta name=\"author\" content=\"f1000024\" \/>\n<meta name=\"twitter:card\" content=\"summary_large_image\" \/>\n<meta name=\"twitter:label1\" content=\"Escrito por\" \/>\n\t<meta name=\"twitter:data1\" content=\"f1000024\" \/>\n\t<meta name=\"twitter:label2\" content=\"Tiempo de lectura\" \/>\n\t<meta name=\"twitter:data2\" content=\"1 minuto\" \/>\n<script type=\"application\/ld+json\" class=\"yoast-schema-graph\">{\"@context\":\"https:\\\/\\\/schema.org\",\"@graph\":[{\"@type\":\"Article\",\"@id\":\"https:\\\/\\\/cvinoticias.com\\\/v3\\\/continua-la-lucha-contra-los-incendios-en-la-provincia\\\/#article\",\"isPartOf\":{\"@id\":\"https:\\\/\\\/cvinoticias.com\\\/v3\\\/continua-la-lucha-contra-los-incendios-en-la-provincia\\\/\"},\"author\":{\"name\":\"f1000024\",\"@id\":\"https:\\\/\\\/cvinoticias.com\\\/v3\\\/#\\\/schema\\\/person\\\/2db77e3c6bc03c538495d7b2b8be9b66\"},\"headline\":\"Contin\u00faa la lucha contra los incendios en la Provincia\",\"datePublished\":\"2022-01-19T12:01:35+00:00\",\"mainEntityOfPage\":{\"@id\":\"https:\\\/\\\/cvinoticias.com\\\/v3\\\/continua-la-lucha-contra-los-incendios-en-la-provincia\\\/\"},\"wordCount\":266,\"commentCount\":0,\"publisher\":{\"@id\":\"https:\\\/\\\/cvinoticias.com\\\/v3\\\/#organization\"},\"image\":{\"@id\":\"https:\\\/\\\/cvinoticias.com\\\/v3\\\/continua-la-lucha-contra-los-incendios-en-la-provincia\\\/#primaryimage\"},\"thumbnailUrl\":\"https:\\\/\\\/cvinoticias.com\\\/wp-content\\\/uploads\\\/2022\\\/01\\\/IMG-20220119-WA0004.jpg\",\"articleSection\":[\"Provinciales\"],\"inLanguage\":\"es\",\"potentialAction\":[{\"@type\":\"CommentAction\",\"name\":\"Comment\",\"target\":[\"https:\\\/\\\/cvinoticias.com\\\/v3\\\/continua-la-lucha-contra-los-incendios-en-la-provincia\\\/#respond\"]}]},{\"@type\":\"WebPage\",\"@id\":\"https:\\\/\\\/cvinoticias.com\\\/v3\\\/continua-la-lucha-contra-los-incendios-en-la-provincia\\\/\",\"url\":\"https:\\\/\\\/cvinoticias.com\\\/v3\\\/continua-la-lucha-contra-los-incendios-en-la-provincia\\\/\",\"name\":\"Contin\u00faa la lucha contra los incendios en la Provincia | CVI NOTICIAS\",\"isPartOf\":{\"@id\":\"https:\\\/\\\/cvinoticias.com\\\/v3\\\/#website\"},\"primaryImageOfPage\":{\"@id\":\"https:\\\/\\\/cvinoticias.com\\\/v3\\\/continua-la-lucha-contra-los-incendios-en-la-provincia\\\/#primaryimage\"},\"image\":{\"@id\":\"https:\\\/\\\/cvinoticias.com\\\/v3\\\/continua-la-lucha-contra-los-incendios-en-la-provincia\\\/#primaryimage\"},\"thumbnailUrl\":\"https:\\\/\\\/cvinoticias.com\\\/wp-content\\\/uploads\\\/2022\\\/01\\\/IMG-20220119-WA0004.jpg\",\"datePublished\":\"2022-01-19T12:01:35+00:00\",\"breadcrumb\":{\"@id\":\"https:\\\/\\\/cvinoticias.com\\\/v3\\\/continua-la-lucha-contra-los-incendios-en-la-provincia\\\/#breadcrumb\"},\"inLanguage\":\"es\",\"potentialAction\":[{\"@type\":\"ReadAction\",\"target\":[\"https:\\\/\\\/cvinoticias.com\\\/v3\\\/continua-la-lucha-contra-los-incendios-en-la-provincia\\\/\"]}]},{\"@type\":\"ImageObject\",\"inLanguage\":\"es\",\"@id\":\"https:\\\/\\\/cvinoticias.com\\\/v3\\\/continua-la-lucha-contra-los-incendios-en-la-provincia\\\/#primaryimage\",\"url\":\"https:\\\/\\\/cvinoticias.com\\\/wp-content\\\/uploads\\\/2022\\\/01\\\/IMG-20220119-WA0004.jpg\",\"contentUrl\":\"https:\\\/\\\/cvinoticias.com\\\/wp-content\\\/uploads\\\/2022\\\/01\\\/IMG-20220119-WA0004.jpg\",\"width\":1080,\"height\":636},{\"@type\":\"BreadcrumbList\",\"@id\":\"https:\\\/\\\/cvinoticias.com\\\/v3\\\/continua-la-lucha-contra-los-incendios-en-la-provincia\\\/#breadcrumb\",\"itemListElement\":[{\"@type\":\"ListItem\",\"position\":1,\"name\":\"Portada\",\"item\":\"https:\\\/\\\/cvinoticias.com\\\/v3\\\/\"},{\"@type\":\"ListItem\",\"position\":2,\"name\":\"Contin\u00faa la lucha contra los incendios en la Provincia\"}]},{\"@type\":\"WebSite\",\"@id\":\"https:\\\/\\\/cvinoticias.com\\\/v3\\\/#website\",\"url\":\"https:\\\/\\\/cvinoticias.com\\\/v3\\\/\",\"name\":\"CVI NOTICIAS\",\"description\":\"\",\"publisher\":{\"@id\":\"https:\\\/\\\/cvinoticias.com\\\/v3\\\/#organization\"},\"alternateName\":\"CVI\",\"potentialAction\":[{\"@type\":\"SearchAction\",\"target\":{\"@type\":\"EntryPoint\",\"urlTemplate\":\"https:\\\/\\\/cvinoticias.com\\\/v3\\\/?s={search_term_string}\"},\"query-input\":{\"@type\":\"PropertyValueSpecification\",\"valueRequired\":true,\"valueName\":\"search_term_string\"}}],\"inLanguage\":\"es\"},{\"@type\":\"Organization\",\"@id\":\"https:\\\/\\\/cvinoticias.com\\\/v3\\\/#organization\",\"name\":\"CVI NOTICIAS\",\"url\":\"https:\\\/\\\/cvinoticias.com\\\/v3\\\/\",\"logo\":{\"@type\":\"ImageObject\",\"inLanguage\":\"es\",\"@id\":\"https:\\\/\\\/cvinoticias.com\\\/v3\\\/#\\\/schema\\\/logo\\\/image\\\/\",\"url\":\"https:\\\/\\\/cvinoticias.com\\\/wp-content\\\/uploads\\\/2023\\\/04\\\/cropped-cropped-cropped-cropped-cropped-3-1.png\",\"contentUrl\":\"https:\\\/\\\/cvinoticias.com\\\/wp-content\\\/uploads\\\/2023\\\/04\\\/cropped-cropped-cropped-cropped-cropped-3-1.png\",\"width\":95,\"height\":122,\"caption\":\"CVI NOTICIAS\"},\"image\":{\"@id\":\"https:\\\/\\\/cvinoticias.com\\\/v3\\\/#\\\/schema\\\/logo\\\/image\\\/\"},\"sameAs\":[\"https:\\\/\\\/www.facebook.com\\\/cvinoticias\",\"https:\\\/\\\/www.instagram.com\\\/cvinoticias\\\/\",\"https:\\\/\\\/www.youtube.com\\\/@CVINOTICIAS\"]},{\"@type\":\"Person\",\"@id\":\"https:\\\/\\\/cvinoticias.com\\\/v3\\\/#\\\/schema\\\/person\\\/2db77e3c6bc03c538495d7b2b8be9b66\",\"name\":\"f1000024\",\"image\":{\"@type\":\"ImageObject\",\"inLanguage\":\"es\",\"@id\":\"https:\\\/\\\/secure.gravatar.com\\\/avatar\\\/d4fe7459cfc51ff5129ce1a732bbef5928568b8092d412ef95611616376bbeed?s=96&d=mm&r=g\",\"url\":\"https:\\\/\\\/secure.gravatar.com\\\/avatar\\\/d4fe7459cfc51ff5129ce1a732bbef5928568b8092d412ef95611616376bbeed?s=96&d=mm&r=g\",\"contentUrl\":\"https:\\\/\\\/secure.gravatar.com\\\/avatar\\\/d4fe7459cfc51ff5129ce1a732bbef5928568b8092d412ef95611616376bbeed?s=96&d=mm&r=g\",\"caption\":\"f1000024\"},\"url\":\"https:\\\/\\\/cvinoticias.com\\\/v3\\\/author\\\/f1000024\\\/\"}]}<\/script>\n<!-- \/ Yoast SEO plugin. -->","yoast_head_json":{"title":"Contin\u00faa la lucha contra los incendios en la Provincia | CVI NOTICIAS","robots":{"index":"index","follow":"follow","max-snippet":"max-snippet:-1","max-image-preview":"max-image-preview:large","max-video-preview":"max-video-preview:-1"},"canonical":"https:\/\/cvinoticias.com\/v3\/continua-la-lucha-contra-los-incendios-en-la-provincia\/","og_locale":"es_ES","og_type":"article","og_title":"Contin\u00faa la lucha contra los incendios en la Provincia | CVI NOTICIAS","og_description":"En la tarde de ayer, el personal de la comisar\u00eda de 25 De Mayo, la comisar\u00eda de la Mujer de 25 de Mayo, los bomberos voluntarios de Santa Rita y 25 De Mayo trabajaron en un incendio forestal del Paraje Salti\u00f1o, el cual inici\u00f3 el pasado lunes. En el procedimiento evacuaron a varios vecinos de [&hellip;]","og_url":"https:\/\/cvinoticias.com\/v3\/continua-la-lucha-contra-los-incendios-en-la-provincia\/","og_site_name":"CVI NOTICIAS","article_publisher":"https:\/\/www.facebook.com\/cvinoticias","article_published_time":"2022-01-19T12:01:35+00:00","og_image":[{"width":1080,"height":636,"url":"https:\/\/cvinoticias.com\/wp-content\/uploads\/2022\/01\/IMG-20220119-WA0004.jpg","type":"image\/jpeg"}],"author":"f1000024","twitter_card":"summary_large_image","twitter_misc":{"Escrito por":"f1000024","Tiempo de lectura":"1 minuto"},"schema":{"@context":"https:\/\/schema.org","@graph":[{"@type":"Article","@id":"https:\/\/cvinoticias.com\/v3\/continua-la-lucha-contra-los-incendios-en-la-provincia\/#article","isPartOf":{"@id":"https:\/\/cvinoticias.com\/v3\/continua-la-lucha-contra-los-incendios-en-la-provincia\/"},"author":{"name":"f1000024","@id":"https:\/\/cvinoticias.com\/v3\/#\/schema\/person\/2db77e3c6bc03c538495d7b2b8be9b66"},"headline":"Contin\u00faa la lucha contra los incendios en la Provincia","datePublished":"2022-01-19T12:01:35+00:00","mainEntityOfPage":{"@id":"https:\/\/cvinoticias.com\/v3\/continua-la-lucha-contra-los-incendios-en-la-provincia\/"},"wordCount":266,"commentCount":0,"publisher":{"@id":"https:\/\/cvinoticias.com\/v3\/#organization"},"image":{"@id":"https:\/\/cvinoticias.com\/v3\/continua-la-lucha-contra-los-incendios-en-la-provincia\/#primaryimage"},"thumbnailUrl":"https:\/\/cvinoticias.com\/wp-content\/uploads\/2022\/01\/IMG-20220119-WA0004.jpg","articleSection":["Provinciales"],"inLanguage":"es","potentialAction":[{"@type":"CommentAction","name":"Comment","target":["https:\/\/cvinoticias.com\/v3\/continua-la-lucha-contra-los-incendios-en-la-provincia\/#respond"]}]},{"@type":"WebPage","@id":"https:\/\/cvinoticias.com\/v3\/continua-la-lucha-contra-los-incendios-en-la-provincia\/","url":"https:\/\/cvinoticias.com\/v3\/continua-la-lucha-contra-los-incendios-en-la-provincia\/","name":"Contin\u00faa la lucha contra los incendios en la Provincia | CVI NOTICIAS","isPartOf":{"@id":"https:\/\/cvinoticias.com\/v3\/#website"},"primaryImageOfPage":{"@id":"https:\/\/cvinoticias.com\/v3\/continua-la-lucha-contra-los-incendios-en-la-provincia\/#primaryimage"},"image":{"@id":"https:\/\/cvinoticias.com\/v3\/continua-la-lucha-contra-los-incendios-en-la-provincia\/#primaryimage"},"thumbnailUrl":"https:\/\/cvinoticias.com\/wp-content\/uploads\/2022\/01\/IMG-20220119-WA0004.jpg","datePublished":"2022-01-19T12:01:35+00:00","breadcrumb":{"@id":"https:\/\/cvinoticias.com\/v3\/continua-la-lucha-contra-los-incendios-en-la-provincia\/#breadcrumb"},"inLanguage":"es","potentialAction":[{"@type":"ReadAction","target":["https:\/\/cvinoticias.com\/v3\/continua-la-lucha-contra-los-incendios-en-la-provincia\/"]}]},{"@type":"ImageObject","inLanguage":"es","@id":"https:\/\/cvinoticias.com\/v3\/continua-la-lucha-contra-los-incendios-en-la-provincia\/#primaryimage","url":"https:\/\/cvinoticias.com\/wp-content\/uploads\/2022\/01\/IMG-20220119-WA0004.jpg","contentUrl":"https:\/\/cvinoticias.com\/wp-content\/uploads\/2022\/01\/IMG-20220119-WA0004.jpg","width":1080,"height":636},{"@type":"BreadcrumbList","@id":"https:\/\/cvinoticias.com\/v3\/continua-la-lucha-contra-los-incendios-en-la-provincia\/#breadcrumb","itemListElement":[{"@type":"ListItem","position":1,"name":"Portada","item":"https:\/\/cvinoticias.com\/v3\/"},{"@type":"ListItem","position":2,"name":"Contin\u00faa la lucha contra los incendios en la Provincia"}]},{"@type":"WebSite","@id":"https:\/\/cvinoticias.com\/v3\/#website","url":"https:\/\/cvinoticias.com\/v3\/","name":"CVI NOTICIAS","description":"","publisher":{"@id":"https:\/\/cvinoticias.com\/v3\/#organization"},"alternateName":"CVI","potentialAction":[{"@type":"SearchAction","target":{"@type":"EntryPoint","urlTemplate":"https:\/\/cvinoticias.com\/v3\/?s={search_term_string}"},"query-input":{"@type":"PropertyValueSpecification","valueRequired":true,"valueName":"search_term_string"}}],"inLanguage":"es"},{"@type":"Organization","@id":"https:\/\/cvinoticias.com\/v3\/#organization","name":"CVI NOTICIAS","url":"https:\/\/cvinoticias.com\/v3\/","logo":{"@type":"ImageObject","inLanguage":"es","@id":"https:\/\/cvinoticias.com\/v3\/#\/schema\/logo\/image\/","url":"https:\/\/cvinoticias.com\/wp-content\/uploads\/2023\/04\/cropped-cropped-cropped-cropped-cropped-3-1.png","contentUrl":"https:\/\/cvinoticias.com\/wp-content\/uploads\/2023\/04\/cropped-cropped-cropped-cropped-cropped-3-1.png","width":95,"height":122,"caption":"CVI NOTICIAS"},"image":{"@id":"https:\/\/cvinoticias.com\/v3\/#\/schema\/logo\/image\/"},"sameAs":["https:\/\/www.facebook.com\/cvinoticias","https:\/\/www.instagram.com\/cvinoticias\/","https:\/\/www.youtube.com\/@CVINOTICIAS"]},{"@type":"Person","@id":"https:\/\/cvinoticias.com\/v3\/#\/schema\/person\/2db77e3c6bc03c538495d7b2b8be9b66","name":"f1000024","image":{"@type":"ImageObject","inLanguage":"es","@id":"https:\/\/secure.gravatar.com\/avatar\/d4fe7459cfc51ff5129ce1a732bbef5928568b8092d412ef95611616376bbeed?s=96&d=mm&r=g","url":"https:\/\/secure.gravatar.com\/avatar\/d4fe7459cfc51ff5129ce1a732bbef5928568b8092d412ef95611616376bbeed?s=96&d=mm&r=g","contentUrl":"https:\/\/secure.gravatar.com\/avatar\/d4fe7459cfc51ff5129ce1a732bbef5928568b8092d412ef95611616376bbeed?s=96&d=mm&r=g","caption":"f1000024"},"url":"https:\/\/cvinoticias.com\/v3\/author\/f1000024\/"}]}},"_links":{"self":[{"href":"https:\/\/cvinoticias.com\/v3\/wp-json\/wp\/v2\/posts\/12461","targetHints":{"allow":["GET"]}}],"collection":[{"href":"https:\/\/cvinoticias.com\/v3\/wp-json\/wp\/v2\/posts"}],"about":[{"href":"https:\/\/cvinoticias.com\/v3\/wp-json\/wp\/v2\/types\/post"}],"author":[{"embeddable":true,"href":"https:\/\/cvinoticias.com\/v3\/wp-json\/wp\/v2\/users\/2"}],"replies":[{"embeddable":true,"href":"https:\/\/cvinoticias.com\/v3\/wp-json\/wp\/v2\/comments?post=12461"}],"version-history":[{"count":1,"href":"https:\/\/cvinoticias.com\/v3\/wp-json\/wp\/v2\/posts\/12461\/revisions"}],"predecessor-version":[{"id":12466,"href":"https:\/\/cvinoticias.com\/v3\/wp-json\/wp\/v2\/posts\/12461\/revisions\/12466"}],"wp:featuredmedia":[{"embeddable":true,"href":"https:\/\/cvinoticias.com\/v3\/wp-json\/wp\/v2\/media\/12462"}],"wp:attachment":[{"href":"https:\/\/cvinoticias.com\/v3\/wp-json\/wp\/v2\/media?parent=12461"}],"wp:term":[{"taxonomy":"category","embeddable":true,"href":"https:\/\/cvinoticias.com\/v3\/wp-json\/wp\/v2\/categories?post=12461"},{"taxonomy":"post_tag","embeddable":true,"href":"https:\/\/cvinoticias.com\/v3\/wp-json\/wp\/v2\/tags?post=12461"}],"curies":[{"name":"wp","href":"https:\/\/api.w.org\/{rel}","templated":true}]}}