{"id":12457,"date":"2022-01-18T23:49:10","date_gmt":"2022-01-18T23:49:10","guid":{"rendered":"https:\/\/cvinoticias.com\/v3\/?p=12457"},"modified":"2022-01-18T23:49:10","modified_gmt":"2022-01-18T23:49:10","slug":"misiones-equipada-para-combatir-el-fuego","status":"publish","type":"post","link":"https:\/\/cvinoticias.com\/v3\/misiones-equipada-para-combatir-el-fuego\/","title":{"rendered":"Misiones, equipada para combatir el fuego"},"content":{"rendered":"\n<p><strong><em>En el marco de la lucha contra incendios forestales que se suceden en el pa\u00eds y el mundo, en la provincia el equipamiento destinado a combatir y prevenir los focos \u00edgneos es un aliado vital para lograr tal objetivo. Los bomberos dan cuenta que el \u00e9xito de apagar los fuegos se debe a la infraestructura destinada para tal cuesti\u00f3n: tanto autobombas y camiones cisterna como unidades de helic\u00f3pteros hacen que la situaci\u00f3n se pueda controlar.<\/em><\/strong><\/p>\n\n\n\n<p>48 autobombas, 5 camiones cisterna y unidades a\u00e9reas, encabezadas por el helic\u00f3ptero Airbus de la Polic\u00eda de la Provincia, combaten sin tregua los incendios forestales en Misiones.<br>En el contexto de Emergencia \u00cdgnea que sufre Misiones y gran parte del pa\u00eds, a lo que se suman las altas temperaturas de las \u00faltimas semanas y la falta de lluvia, el Ministerio de Gobierno reforz\u00f3 su aporte de personal, equipamiento y medios en colaboraci\u00f3n con el resto de los organismos provinciales y fuerzas de seguridad para combatir los distintos focos \u00edgneos.<\/p>\n\n\n\n<p>A trav\u00e9s del Decreto de Emergencia H\u00eddrica que dispuso el gobernador Oscar Herrera Ahuad, el Ministerio de Gobierno est\u00e1 llevando adelante medidas necesarias para la prevenci\u00f3n, combate y supresi\u00f3n de los incendios forestales en toda la provincia.<\/p>\n\n\n\n<p>Es as\u00ed que, en lo que respecta a prevenci\u00f3n y detecci\u00f3n temprana de posibles focos de incendios, el ministro de Gobierno, Marcelo Gabriel P\u00e9rez, dispuso que la totalidad de los efectivos policiales act\u00faen de manera inmediata para prevenir y sofocar posibles focos de incendios, como as\u00ed tambi\u00e9n tomar medidas contra los responsables.<\/p>\n\n\n\n<p>Por su parte, en lo referente al equipamiento, el Ministerio de Gobierno -a trav\u00e9s de los Bomberos de la Polic\u00eda de la Provincia- cuenta con 17 autobombas y 5 camiones cisterna distribuidos en las distintas Unidades Regionales. En tanto que los Bomberos Voluntarios est\u00e1n en posesi\u00f3n de 31 unidades m\u00e1s para combatir los incendios, lo que totaliza 48 autobombas.<\/p>\n\n\n\n<p>Adem\u00e1s, uno de los principales aliados estrat\u00e9gicos en este combate sin tregua contra el fuego es el helic\u00f3ptero Airbus H125. Este moderno aparato cuenta con el sistema \u201cBambi Bucket\u201d, especializado en la atenci\u00f3n de incendios forestales, con el fin de garantizar respuestas r\u00e1pidas en espacios naturales y de dif\u00edcil acceso.<br>Este helic\u00f3ptero permite transportar 850 litros de agua a trav\u00e9s de un cubo especial (el mencionado sistema Bambi Bucket), trasladar a bomberos y equipamiento hasta lugares y sectores de dif\u00edcil acceso. Cuenta adem\u00e1s con un piloto autom\u00e1tico que mejora sustancialmente la seguridad, sobre todo cuando las condiciones para volar no son \u00f3ptimas, producto del humo.<\/p>\n\n\n\n<figure class=\"wp-block-image size-large\"><a href=\"https:\/\/cvinoticias.com\/wp-content\/uploads\/2022\/01\/IMG-20220118-WA0163.jpg\"><img decoding=\"async\" width=\"1024\" height=\"576\" data-src=\"https:\/\/cvinoticias.com\/wp-content\/uploads\/2022\/01\/IMG-20220118-WA0163-1024x576.jpg\" alt=\"\" class=\"wp-image-12458 lazyload\" data-srcset=\"https:\/\/cvinoticias.com\/wp-content\/uploads\/2022\/01\/IMG-20220118-WA0163-1024x576.jpg 1024w, https:\/\/cvinoticias.com\/wp-content\/uploads\/2022\/01\/IMG-20220118-WA0163-300x169.jpg 300w, https:\/\/cvinoticias.com\/wp-content\/uploads\/2022\/01\/IMG-20220118-WA0163-768x432.jpg 768w, https:\/\/cvinoticias.com\/wp-content\/uploads\/2022\/01\/IMG-20220118-WA0163.jpg 1280w\" data-sizes=\"(max-width: 1024px) 100vw, 1024px\" src=\"data:image\/svg+xml;base64,PHN2ZyB3aWR0aD0iMSIgaGVpZ2h0PSIxIiB4bWxucz0iaHR0cDovL3d3dy53My5vcmcvMjAwMC9zdmciPjwvc3ZnPg==\" style=\"--smush-placeholder-width: 1024px; --smush-placeholder-aspect-ratio: 1024\/576;\" \/><\/a><\/figure>\n\n\n\n<p>Asimismo, en el pr\u00f3ximo mes llegar\u00e1 un nuevo cami\u00f3n cisterna, que ya fue licitado y tambi\u00e9n se sumar\u00e1 al equipamiento actual.<\/p>\n\n\n\n<p>\u201cDesde la Provincia estamos haciendo un importante esfuerzo para combatir los distintos focos que hay, pero m\u00e1s all\u00e1 del equipamiento que se disponga y todo lo que podamos hacer, como gobierno pedimos que tomen conciencia de no hacer fuego de ning\u00fan tipo. Cuidemos la biodiversidad que tenemos\u201d pidi\u00f3 el ministro Marcelo P\u00e9rez.<\/p>\n\n\n\n<p>Todos estos aportes de medios son una complementariedad al importante y valioso trabajo de bomberos, polic\u00edas y brigadistas especializados en esta lucha que se est\u00e1 dando contra los focos activos de incendios.<br>Que los recursos humanos tengan el equipamiento necesario es la \u00fanica manera de enfrentar a un enemigo que no da un segundo de tregua.<\/p>\n","protected":false},"excerpt":{"rendered":"<p>En el marco de la lucha contra incendios forestales que se suceden en el pa\u00eds y el mundo, en la provincia el equipamiento destinado a combatir y prevenir los focos \u00edgneos es un aliado vital para lograr tal objetivo. Los bomberos dan cuenta que el \u00e9xito de apagar los fuegos se debe a la infraestructura [&hellip;]<\/p>\n","protected":false},"author":2,"featured_media":12459,"comment_status":"open","ping_status":"open","sticky":false,"template":"","format":"standard","meta":{"footnotes":""},"categories":[43],"tags":[],"class_list":["post-12457","post","type-post","status-publish","format-standard","has-post-thumbnail","hentry","category-provinciales"],"yoast_head":"<!-- This site is optimized with the Yoast SEO plugin v27.4 - https:\/\/yoast.com\/product\/yoast-seo-wordpress\/ -->\n<title>Misiones, equipada para combatir el fuego | CVI NOTICIAS<\/title>\n<meta name=\"robots\" content=\"index, follow, max-snippet:-1, max-image-preview:large, max-video-preview:-1\" \/>\n<link rel=\"canonical\" href=\"https:\/\/cvinoticias.com\/v3\/misiones-equipada-para-combatir-el-fuego\/\" \/>\n<meta property=\"og:locale\" content=\"es_ES\" \/>\n<meta property=\"og:type\" content=\"article\" \/>\n<meta property=\"og:title\" content=\"Misiones, equipada para combatir el fuego | CVI NOTICIAS\" \/>\n<meta property=\"og:description\" content=\"En el marco de la lucha contra incendios forestales que se suceden en el pa\u00eds y el mundo, en la provincia el equipamiento destinado a combatir y prevenir los focos \u00edgneos es un aliado vital para lograr tal objetivo. Los bomberos dan cuenta que el \u00e9xito de apagar los fuegos se debe a la infraestructura [&hellip;]\" \/>\n<meta property=\"og:url\" content=\"https:\/\/cvinoticias.com\/v3\/misiones-equipada-para-combatir-el-fuego\/\" \/>\n<meta property=\"og:site_name\" content=\"CVI NOTICIAS\" \/>\n<meta property=\"article:publisher\" content=\"https:\/\/www.facebook.com\/cvinoticias\" \/>\n<meta property=\"article:published_time\" content=\"2022-01-18T23:49:10+00:00\" \/>\n<meta property=\"og:image\" content=\"https:\/\/cvinoticias.com\/wp-content\/uploads\/2022\/01\/IMG-20220118-WA0164.jpg\" \/>\n\t<meta property=\"og:image:width\" content=\"1280\" \/>\n\t<meta property=\"og:image:height\" content=\"960\" \/>\n\t<meta property=\"og:image:type\" content=\"image\/jpeg\" \/>\n<meta name=\"author\" content=\"f1000024\" \/>\n<meta name=\"twitter:card\" content=\"summary_large_image\" \/>\n<meta name=\"twitter:label1\" content=\"Escrito por\" \/>\n\t<meta name=\"twitter:data1\" content=\"f1000024\" \/>\n\t<meta name=\"twitter:label2\" content=\"Tiempo de lectura\" \/>\n\t<meta name=\"twitter:data2\" content=\"3 minutos\" \/>\n<script type=\"application\/ld+json\" class=\"yoast-schema-graph\">{\"@context\":\"https:\\\/\\\/schema.org\",\"@graph\":[{\"@type\":\"Article\",\"@id\":\"https:\\\/\\\/cvinoticias.com\\\/v3\\\/misiones-equipada-para-combatir-el-fuego\\\/#article\",\"isPartOf\":{\"@id\":\"https:\\\/\\\/cvinoticias.com\\\/v3\\\/misiones-equipada-para-combatir-el-fuego\\\/\"},\"author\":{\"name\":\"f1000024\",\"@id\":\"https:\\\/\\\/cvinoticias.com\\\/v3\\\/#\\\/schema\\\/person\\\/2db77e3c6bc03c538495d7b2b8be9b66\"},\"headline\":\"Misiones, equipada para combatir el fuego\",\"datePublished\":\"2022-01-18T23:49:10+00:00\",\"mainEntityOfPage\":{\"@id\":\"https:\\\/\\\/cvinoticias.com\\\/v3\\\/misiones-equipada-para-combatir-el-fuego\\\/\"},\"wordCount\":586,\"commentCount\":0,\"publisher\":{\"@id\":\"https:\\\/\\\/cvinoticias.com\\\/v3\\\/#organization\"},\"image\":{\"@id\":\"https:\\\/\\\/cvinoticias.com\\\/v3\\\/misiones-equipada-para-combatir-el-fuego\\\/#primaryimage\"},\"thumbnailUrl\":\"https:\\\/\\\/cvinoticias.com\\\/wp-content\\\/uploads\\\/2022\\\/01\\\/IMG-20220118-WA0164.jpg\",\"articleSection\":[\"Provinciales\"],\"inLanguage\":\"es\",\"potentialAction\":[{\"@type\":\"CommentAction\",\"name\":\"Comment\",\"target\":[\"https:\\\/\\\/cvinoticias.com\\\/v3\\\/misiones-equipada-para-combatir-el-fuego\\\/#respond\"]}]},{\"@type\":\"WebPage\",\"@id\":\"https:\\\/\\\/cvinoticias.com\\\/v3\\\/misiones-equipada-para-combatir-el-fuego\\\/\",\"url\":\"https:\\\/\\\/cvinoticias.com\\\/v3\\\/misiones-equipada-para-combatir-el-fuego\\\/\",\"name\":\"Misiones, equipada para combatir el fuego | CVI NOTICIAS\",\"isPartOf\":{\"@id\":\"https:\\\/\\\/cvinoticias.com\\\/v3\\\/#website\"},\"primaryImageOfPage\":{\"@id\":\"https:\\\/\\\/cvinoticias.com\\\/v3\\\/misiones-equipada-para-combatir-el-fuego\\\/#primaryimage\"},\"image\":{\"@id\":\"https:\\\/\\\/cvinoticias.com\\\/v3\\\/misiones-equipada-para-combatir-el-fuego\\\/#primaryimage\"},\"thumbnailUrl\":\"https:\\\/\\\/cvinoticias.com\\\/wp-content\\\/uploads\\\/2022\\\/01\\\/IMG-20220118-WA0164.jpg\",\"datePublished\":\"2022-01-18T23:49:10+00:00\",\"breadcrumb\":{\"@id\":\"https:\\\/\\\/cvinoticias.com\\\/v3\\\/misiones-equipada-para-combatir-el-fuego\\\/#breadcrumb\"},\"inLanguage\":\"es\",\"potentialAction\":[{\"@type\":\"ReadAction\",\"target\":[\"https:\\\/\\\/cvinoticias.com\\\/v3\\\/misiones-equipada-para-combatir-el-fuego\\\/\"]}]},{\"@type\":\"ImageObject\",\"inLanguage\":\"es\",\"@id\":\"https:\\\/\\\/cvinoticias.com\\\/v3\\\/misiones-equipada-para-combatir-el-fuego\\\/#primaryimage\",\"url\":\"https:\\\/\\\/cvinoticias.com\\\/wp-content\\\/uploads\\\/2022\\\/01\\\/IMG-20220118-WA0164.jpg\",\"contentUrl\":\"https:\\\/\\\/cvinoticias.com\\\/wp-content\\\/uploads\\\/2022\\\/01\\\/IMG-20220118-WA0164.jpg\",\"width\":1280,\"height\":960},{\"@type\":\"BreadcrumbList\",\"@id\":\"https:\\\/\\\/cvinoticias.com\\\/v3\\\/misiones-equipada-para-combatir-el-fuego\\\/#breadcrumb\",\"itemListElement\":[{\"@type\":\"ListItem\",\"position\":1,\"name\":\"Portada\",\"item\":\"https:\\\/\\\/cvinoticias.com\\\/v3\\\/\"},{\"@type\":\"ListItem\",\"position\":2,\"name\":\"Misiones, equipada para combatir el fuego\"}]},{\"@type\":\"WebSite\",\"@id\":\"https:\\\/\\\/cvinoticias.com\\\/v3\\\/#website\",\"url\":\"https:\\\/\\\/cvinoticias.com\\\/v3\\\/\",\"name\":\"CVI NOTICIAS\",\"description\":\"\",\"publisher\":{\"@id\":\"https:\\\/\\\/cvinoticias.com\\\/v3\\\/#organization\"},\"alternateName\":\"CVI\",\"potentialAction\":[{\"@type\":\"SearchAction\",\"target\":{\"@type\":\"EntryPoint\",\"urlTemplate\":\"https:\\\/\\\/cvinoticias.com\\\/v3\\\/?s={search_term_string}\"},\"query-input\":{\"@type\":\"PropertyValueSpecification\",\"valueRequired\":true,\"valueName\":\"search_term_string\"}}],\"inLanguage\":\"es\"},{\"@type\":\"Organization\",\"@id\":\"https:\\\/\\\/cvinoticias.com\\\/v3\\\/#organization\",\"name\":\"CVI NOTICIAS\",\"url\":\"https:\\\/\\\/cvinoticias.com\\\/v3\\\/\",\"logo\":{\"@type\":\"ImageObject\",\"inLanguage\":\"es\",\"@id\":\"https:\\\/\\\/cvinoticias.com\\\/v3\\\/#\\\/schema\\\/logo\\\/image\\\/\",\"url\":\"https:\\\/\\\/cvinoticias.com\\\/wp-content\\\/uploads\\\/2023\\\/04\\\/cropped-cropped-cropped-cropped-cropped-3-1.png\",\"contentUrl\":\"https:\\\/\\\/cvinoticias.com\\\/wp-content\\\/uploads\\\/2023\\\/04\\\/cropped-cropped-cropped-cropped-cropped-3-1.png\",\"width\":95,\"height\":122,\"caption\":\"CVI NOTICIAS\"},\"image\":{\"@id\":\"https:\\\/\\\/cvinoticias.com\\\/v3\\\/#\\\/schema\\\/logo\\\/image\\\/\"},\"sameAs\":[\"https:\\\/\\\/www.facebook.com\\\/cvinoticias\",\"https:\\\/\\\/www.instagram.com\\\/cvinoticias\\\/\",\"https:\\\/\\\/www.youtube.com\\\/@CVINOTICIAS\"]},{\"@type\":\"Person\",\"@id\":\"https:\\\/\\\/cvinoticias.com\\\/v3\\\/#\\\/schema\\\/person\\\/2db77e3c6bc03c538495d7b2b8be9b66\",\"name\":\"f1000024\",\"image\":{\"@type\":\"ImageObject\",\"inLanguage\":\"es\",\"@id\":\"https:\\\/\\\/secure.gravatar.com\\\/avatar\\\/d4fe7459cfc51ff5129ce1a732bbef5928568b8092d412ef95611616376bbeed?s=96&d=mm&r=g\",\"url\":\"https:\\\/\\\/secure.gravatar.com\\\/avatar\\\/d4fe7459cfc51ff5129ce1a732bbef5928568b8092d412ef95611616376bbeed?s=96&d=mm&r=g\",\"contentUrl\":\"https:\\\/\\\/secure.gravatar.com\\\/avatar\\\/d4fe7459cfc51ff5129ce1a732bbef5928568b8092d412ef95611616376bbeed?s=96&d=mm&r=g\",\"caption\":\"f1000024\"},\"url\":\"https:\\\/\\\/cvinoticias.com\\\/v3\\\/author\\\/f1000024\\\/\"}]}<\/script>\n<!-- \/ Yoast SEO plugin. -->","yoast_head_json":{"title":"Misiones, equipada para combatir el fuego | CVI NOTICIAS","robots":{"index":"index","follow":"follow","max-snippet":"max-snippet:-1","max-image-preview":"max-image-preview:large","max-video-preview":"max-video-preview:-1"},"canonical":"https:\/\/cvinoticias.com\/v3\/misiones-equipada-para-combatir-el-fuego\/","og_locale":"es_ES","og_type":"article","og_title":"Misiones, equipada para combatir el fuego | CVI NOTICIAS","og_description":"En el marco de la lucha contra incendios forestales que se suceden en el pa\u00eds y el mundo, en la provincia el equipamiento destinado a combatir y prevenir los focos \u00edgneos es un aliado vital para lograr tal objetivo. Los bomberos dan cuenta que el \u00e9xito de apagar los fuegos se debe a la infraestructura [&hellip;]","og_url":"https:\/\/cvinoticias.com\/v3\/misiones-equipada-para-combatir-el-fuego\/","og_site_name":"CVI NOTICIAS","article_publisher":"https:\/\/www.facebook.com\/cvinoticias","article_published_time":"2022-01-18T23:49:10+00:00","og_image":[{"width":1280,"height":960,"url":"https:\/\/cvinoticias.com\/wp-content\/uploads\/2022\/01\/IMG-20220118-WA0164.jpg","type":"image\/jpeg"}],"author":"f1000024","twitter_card":"summary_large_image","twitter_misc":{"Escrito por":"f1000024","Tiempo de lectura":"3 minutos"},"schema":{"@context":"https:\/\/schema.org","@graph":[{"@type":"Article","@id":"https:\/\/cvinoticias.com\/v3\/misiones-equipada-para-combatir-el-fuego\/#article","isPartOf":{"@id":"https:\/\/cvinoticias.com\/v3\/misiones-equipada-para-combatir-el-fuego\/"},"author":{"name":"f1000024","@id":"https:\/\/cvinoticias.com\/v3\/#\/schema\/person\/2db77e3c6bc03c538495d7b2b8be9b66"},"headline":"Misiones, equipada para combatir el fuego","datePublished":"2022-01-18T23:49:10+00:00","mainEntityOfPage":{"@id":"https:\/\/cvinoticias.com\/v3\/misiones-equipada-para-combatir-el-fuego\/"},"wordCount":586,"commentCount":0,"publisher":{"@id":"https:\/\/cvinoticias.com\/v3\/#organization"},"image":{"@id":"https:\/\/cvinoticias.com\/v3\/misiones-equipada-para-combatir-el-fuego\/#primaryimage"},"thumbnailUrl":"https:\/\/cvinoticias.com\/wp-content\/uploads\/2022\/01\/IMG-20220118-WA0164.jpg","articleSection":["Provinciales"],"inLanguage":"es","potentialAction":[{"@type":"CommentAction","name":"Comment","target":["https:\/\/cvinoticias.com\/v3\/misiones-equipada-para-combatir-el-fuego\/#respond"]}]},{"@type":"WebPage","@id":"https:\/\/cvinoticias.com\/v3\/misiones-equipada-para-combatir-el-fuego\/","url":"https:\/\/cvinoticias.com\/v3\/misiones-equipada-para-combatir-el-fuego\/","name":"Misiones, equipada para combatir el fuego | CVI NOTICIAS","isPartOf":{"@id":"https:\/\/cvinoticias.com\/v3\/#website"},"primaryImageOfPage":{"@id":"https:\/\/cvinoticias.com\/v3\/misiones-equipada-para-combatir-el-fuego\/#primaryimage"},"image":{"@id":"https:\/\/cvinoticias.com\/v3\/misiones-equipada-para-combatir-el-fuego\/#primaryimage"},"thumbnailUrl":"https:\/\/cvinoticias.com\/wp-content\/uploads\/2022\/01\/IMG-20220118-WA0164.jpg","datePublished":"2022-01-18T23:49:10+00:00","breadcrumb":{"@id":"https:\/\/cvinoticias.com\/v3\/misiones-equipada-para-combatir-el-fuego\/#breadcrumb"},"inLanguage":"es","potentialAction":[{"@type":"ReadAction","target":["https:\/\/cvinoticias.com\/v3\/misiones-equipada-para-combatir-el-fuego\/"]}]},{"@type":"ImageObject","inLanguage":"es","@id":"https:\/\/cvinoticias.com\/v3\/misiones-equipada-para-combatir-el-fuego\/#primaryimage","url":"https:\/\/cvinoticias.com\/wp-content\/uploads\/2022\/01\/IMG-20220118-WA0164.jpg","contentUrl":"https:\/\/cvinoticias.com\/wp-content\/uploads\/2022\/01\/IMG-20220118-WA0164.jpg","width":1280,"height":960},{"@type":"BreadcrumbList","@id":"https:\/\/cvinoticias.com\/v3\/misiones-equipada-para-combatir-el-fuego\/#breadcrumb","itemListElement":[{"@type":"ListItem","position":1,"name":"Portada","item":"https:\/\/cvinoticias.com\/v3\/"},{"@type":"ListItem","position":2,"name":"Misiones, equipada para combatir el fuego"}]},{"@type":"WebSite","@id":"https:\/\/cvinoticias.com\/v3\/#website","url":"https:\/\/cvinoticias.com\/v3\/","name":"CVI NOTICIAS","description":"","publisher":{"@id":"https:\/\/cvinoticias.com\/v3\/#organization"},"alternateName":"CVI","potentialAction":[{"@type":"SearchAction","target":{"@type":"EntryPoint","urlTemplate":"https:\/\/cvinoticias.com\/v3\/?s={search_term_string}"},"query-input":{"@type":"PropertyValueSpecification","valueRequired":true,"valueName":"search_term_string"}}],"inLanguage":"es"},{"@type":"Organization","@id":"https:\/\/cvinoticias.com\/v3\/#organization","name":"CVI NOTICIAS","url":"https:\/\/cvinoticias.com\/v3\/","logo":{"@type":"ImageObject","inLanguage":"es","@id":"https:\/\/cvinoticias.com\/v3\/#\/schema\/logo\/image\/","url":"https:\/\/cvinoticias.com\/wp-content\/uploads\/2023\/04\/cropped-cropped-cropped-cropped-cropped-3-1.png","contentUrl":"https:\/\/cvinoticias.com\/wp-content\/uploads\/2023\/04\/cropped-cropped-cropped-cropped-cropped-3-1.png","width":95,"height":122,"caption":"CVI NOTICIAS"},"image":{"@id":"https:\/\/cvinoticias.com\/v3\/#\/schema\/logo\/image\/"},"sameAs":["https:\/\/www.facebook.com\/cvinoticias","https:\/\/www.instagram.com\/cvinoticias\/","https:\/\/www.youtube.com\/@CVINOTICIAS"]},{"@type":"Person","@id":"https:\/\/cvinoticias.com\/v3\/#\/schema\/person\/2db77e3c6bc03c538495d7b2b8be9b66","name":"f1000024","image":{"@type":"ImageObject","inLanguage":"es","@id":"https:\/\/secure.gravatar.com\/avatar\/d4fe7459cfc51ff5129ce1a732bbef5928568b8092d412ef95611616376bbeed?s=96&d=mm&r=g","url":"https:\/\/secure.gravatar.com\/avatar\/d4fe7459cfc51ff5129ce1a732bbef5928568b8092d412ef95611616376bbeed?s=96&d=mm&r=g","contentUrl":"https:\/\/secure.gravatar.com\/avatar\/d4fe7459cfc51ff5129ce1a732bbef5928568b8092d412ef95611616376bbeed?s=96&d=mm&r=g","caption":"f1000024"},"url":"https:\/\/cvinoticias.com\/v3\/author\/f1000024\/"}]}},"_links":{"self":[{"href":"https:\/\/cvinoticias.com\/v3\/wp-json\/wp\/v2\/posts\/12457","targetHints":{"allow":["GET"]}}],"collection":[{"href":"https:\/\/cvinoticias.com\/v3\/wp-json\/wp\/v2\/posts"}],"about":[{"href":"https:\/\/cvinoticias.com\/v3\/wp-json\/wp\/v2\/types\/post"}],"author":[{"embeddable":true,"href":"https:\/\/cvinoticias.com\/v3\/wp-json\/wp\/v2\/users\/2"}],"replies":[{"embeddable":true,"href":"https:\/\/cvinoticias.com\/v3\/wp-json\/wp\/v2\/comments?post=12457"}],"version-history":[{"count":1,"href":"https:\/\/cvinoticias.com\/v3\/wp-json\/wp\/v2\/posts\/12457\/revisions"}],"predecessor-version":[{"id":12460,"href":"https:\/\/cvinoticias.com\/v3\/wp-json\/wp\/v2\/posts\/12457\/revisions\/12460"}],"wp:featuredmedia":[{"embeddable":true,"href":"https:\/\/cvinoticias.com\/v3\/wp-json\/wp\/v2\/media\/12459"}],"wp:attachment":[{"href":"https:\/\/cvinoticias.com\/v3\/wp-json\/wp\/v2\/media?parent=12457"}],"wp:term":[{"taxonomy":"category","embeddable":true,"href":"https:\/\/cvinoticias.com\/v3\/wp-json\/wp\/v2\/categories?post=12457"},{"taxonomy":"post_tag","embeddable":true,"href":"https:\/\/cvinoticias.com\/v3\/wp-json\/wp\/v2\/tags?post=12457"}],"curies":[{"name":"wp","href":"https:\/\/api.w.org\/{rel}","templated":true}]}}