{"id":12414,"date":"2022-01-17T17:11:34","date_gmt":"2022-01-17T17:11:34","guid":{"rendered":"https:\/\/cvinoticias.com\/v3\/?p=12414"},"modified":"2022-01-17T17:11:34","modified_gmt":"2022-01-17T17:11:34","slug":"herrera-ahuad-presento-ampliacion-del-programa-progresar-para-las-rscuelas-de-la-familia-agricola-efa","status":"publish","type":"post","link":"https:\/\/cvinoticias.com\/v3\/herrera-ahuad-presento-ampliacion-del-programa-progresar-para-las-rscuelas-de-la-familia-agricola-efa\/","title":{"rendered":"Herrera Ahuad present\u00f3 ampliaci\u00f3n del programa Progresar para las Rscuelas de la Familia Agr\u00edcola (EFA)"},"content":{"rendered":"\n<p><strong><em>Mediante una videoconferencia el Gobernador anunci\u00f3 la ampliaci\u00f3n del Programa de Respaldo a Estudiantes Argentinos (Progresar) que en Misiones est\u00e1 destinado a estudiantes de 16 y 17 a\u00f1os. Se incorpor\u00e1n 26 instituciones EFAs, cuyos alumnos, m\u00e1s de 3 mil, podr\u00e1n aplicar a este programa de incentivo para que los estudiantes finalicen sus estudios obligatorios.<\/em><\/strong><\/p>\n\n\n\n<p>Con el objetivo de que todas y todos los j\u00f3venes puedan terminar sus estudios secundarios esta ma\u00f1ana se explic\u00f3 en videoconferencia de prensa, c\u00f3mo se aplicar\u00e1 la nueva ampliaci\u00f3n del programa de becas Progresar en Misiones que estar\u00e1 destinada a estudiantes de escuelas secundarias p\u00fablicas y que tambi\u00e9n incluye a 26 EFAs de gesti\u00f3n privada.<\/p>\n\n\n\n<p>En ese marco, el gobernador Oscar Herrera Ahuad detall\u00f3 que a partir de este a\u00f1o las Escuelas de la Familia Agr\u00edcola comenzar\u00e1n a formar parte de las instituciones alcanzadas por las becas Progresar, lo que permitir\u00e1 que 3 mil estudiantes de Misiones sean beneficiarios de este programa que busca generar un incentivo para que los estudiantes finalicen sus estudios obligatorios.<\/p>\n\n\n\n<p>\u201cEl haber logrado la incorporaci\u00f3n de las EFAs a una beca, y sin duda en este momento complejo que pasa el productor misionero, va a aliviar generando la posibilidad de que su hijo pueda culminar sus estudios\u201d, declar\u00f3. Remarc\u00f3 la responsabilidad de buscar uno por uno a los 3 mil alumnos potenciales beneficiaros. La meta es que \u201cest\u00e9n todos incluidos\u201d y se debe trabajar fuertemente en la comunicaci\u00f3n \u201cen territorio, con todos aquellos que tengan la posibilidad de comunicar a aquel que no le llega la comunicaci\u00f3n por los medios habituales\u201d.<\/p>\n\n\n\n<p>As\u00ed, expres\u00f3 el desaf\u00edo de gestionar para que otras instituciones privadas tengan la posibilidad de acceder a estas becas en los 77 municipios de Misiones. \u201cEs una enorme responsabilidad la de salir en la b\u00fasqueda de todos eso misioneros y misioneras que tienen la oportunidad de acceder y seguir estudiando en la provincia. Y esperamos que al inicio del ciclo lectivo podamos cumplir el objetivo que nos trazamos hoy, por un lado, alcanzar los 3 mil beneficiarios y tambi\u00e9n tener la apertura de otros sistemas educativos de gesti\u00f3n privada\u201d, puntualiz\u00f3.<\/p>\n\n\n\n<figure class=\"wp-block-image size-large\"><a href=\"https:\/\/cvinoticias.com\/wp-content\/uploads\/2022\/01\/FB_IMG_1642439050153.jpg\"><img decoding=\"async\" width=\"1024\" height=\"683\" data-src=\"https:\/\/cvinoticias.com\/wp-content\/uploads\/2022\/01\/FB_IMG_1642439050153-1024x683.jpg\" alt=\"\" class=\"wp-image-12416 lazyload\" data-srcset=\"https:\/\/cvinoticias.com\/wp-content\/uploads\/2022\/01\/FB_IMG_1642439050153-1024x683.jpg 1024w, https:\/\/cvinoticias.com\/wp-content\/uploads\/2022\/01\/FB_IMG_1642439050153-300x200.jpg 300w, https:\/\/cvinoticias.com\/wp-content\/uploads\/2022\/01\/FB_IMG_1642439050153-768x512.jpg 768w, https:\/\/cvinoticias.com\/wp-content\/uploads\/2022\/01\/FB_IMG_1642439050153.jpg 1079w\" data-sizes=\"(max-width: 1024px) 100vw, 1024px\" src=\"data:image\/svg+xml;base64,PHN2ZyB3aWR0aD0iMSIgaGVpZ2h0PSIxIiB4bWxucz0iaHR0cDovL3d3dy53My5vcmcvMjAwMC9zdmciPjwvc3ZnPg==\" style=\"--smush-placeholder-width: 1024px; --smush-placeholder-aspect-ratio: 1024\/683;\" \/><\/a><\/figure>\n\n\n\n<p>\u201cEnero es un mes donde trabajamos fuertemente en la matriz educativa de la provincia para lograr la accesibilidad de nuestros j\u00f3venes en los diferentes niveles\u201d, agreg\u00f3. En ese aspecto, mencion\u00f3 las obras de refacci\u00f3n y construcci\u00f3n que se encuentran en marcha, como instalaci\u00f3n de perforaci\u00f3n de agua en aproximadamente mil establecimientos escolares de Misiones. Todo para iniciar el ciclo lectivo en las mejores condiciones.<\/p>\n\n\n\n<p>Reiter\u00f3 el Gobernador su objetivo de \u201cseguir fortaleciendo el sistema educativo\u201d, sin dejar de contemplar que a\u00fan estamos lejos de los niveles a los que se espera llegar para lograr la inclusi\u00f3n de todos los j\u00f3venes misioneros.<\/p>\n\n\n\n<p>En tanto, el ministro de Educaci\u00f3n, Miguel Sedoff, afirm\u00f3 que la acci\u00f3n es \u201cun apoyo real en el d\u00eda a d\u00eda y nos compromete cada vez m\u00e1s a mejorar el sistema educativo para que los estudiantes entren en la escuela, permanezcan en ella y salgan con los conocimientos que necesitan para desarrollarse en la ciudadan\u00eda de la provincia. Es una demostraci\u00f3n de compromiso pol\u00edtico\u201d. Mientras que la subsecretaria de Educaci\u00f3n, Cielo Linares, coincidi\u00f3 en que la medida beneficia especialmente el trabajo y la inclusi\u00f3n educativa de los estudiantes de las EFAs como al sector productivo.<\/p>\n\n\n\n<p>En la videoconferencia en la Sala de Situaci\u00f3n tambi\u00e9n estuvieron presentes el ministro coordinador de Gabinete, Ricardo Wellbach; el ministro de Hacienda, Adolfo Safr\u00e1n; la vicepresidenta del Consejo de Administraci\u00f3n de la Asociaci\u00f3n Internacional de los Movimientos Familiares de Formaci\u00f3n Rural (AIMFR), Mar\u00eda Cristina Bandera entre otras autoridades del SPEPM.<\/p>\n\n\n\n<p><strong>Una ampliaci\u00f3n clave<\/strong><\/p>\n\n\n\n<p>La incorporaci\u00f3n de las EFAs al Progresar ampl\u00eda el universo de beneficiarios de las becas, por eso ahora se suma a estudiantes de 16 y 17 a\u00f1os (antes era de 18 a 24 a\u00f1os) para potenciar la finalizaci\u00f3n de estudios secundarios y el retorno de quienes abandonaron la escuela durante la pandemia. En Misiones, es una pol\u00edtica que se lleva adelante a trav\u00e9s del Ministerio de Educaci\u00f3n en coordinaci\u00f3n con el de Hacienda. As\u00ed, las becas representan un potencial impacto mensual de m\u00e1s de 150 millones de pesos, recursos que son percibidos por estudiantes y se vuelcan a la econom\u00eda circular de la provincia.<\/p>\n\n\n\n<p>Gracias a las gestiones realizadas por la provincia se incorporan 26 EFA, que en total cuentan con una matr\u00edcula de 3 mil j\u00f3venes en condiciones de solicitar este incentivo. De este modo se crean nuevas oportunidades y marca un precedente, ya que a futuro se podr\u00eda considerar que alumnos de otras escuelas de gesti\u00f3n privada tambi\u00e9n sean alcanzados por el programa. La beca tiene una duraci\u00f3n m\u00e1xima de dos a\u00f1os con $ 5.677 mensuales abonados en 12 cuotas que incluyen el plus de conectividad. De esta manera Misiones alberga a casi 30 mil estudiantes de secundarias como potenciales beneficiarios del incentivo educativo.<\/p>\n\n\n\n<p>Las inscripciones las hace cada estudiante, individualmente. Pero para recuperar las claves que se hayan olvidado, para asesorarlos y acompa\u00f1arlos est\u00e1 la Direcci\u00f3n de Pol\u00edticas Estudiantiles de la subsecretar\u00eda de Educaci\u00f3n donde est\u00e1n preparados para responderles. Las formas de contacto son mediante Instagram en @estudiantes_misioneros, en Facebook @EstudiantesMnes, presencialmente en Posadas en la oficina de Tambor de Tacuar\u00ed 4648 y en cada municipio a trav\u00e9s del \u00c1rea de Juventud u oficinas de empleo.<\/p>\n\n\n\n<p><strong>Los requisitos de inscripci\u00f3n<\/strong><\/p>\n\n\n\n<p>La inscripci\u00f3n al Progresa se encuentra abierta hasta el 31 de enero de 2022 y est\u00e1 dirigida a:<\/p>\n\n\n\n<p>J\u00f3venes de 16 y 17 a\u00f1os que est\u00e9n matriculados en una escuela p\u00fablica (en el caso de Misiones tambi\u00e9n EFAs que dependen del SPEPM) y quienes manifiesten el compromiso de volver a la escuela.<\/p>\n\n\n\n<p><br>Las y los estudiantes deber\u00e1n ser argentinos nativos, naturalizados o extranjeros con 2 (dos) a\u00f1os o m\u00e1s de residencia legal en el pa\u00eds.<br>Igualmente, cabe aclarar que el ingreso del grupo familiar al que pertenece el estudiante no debe superar tres veces al Salario M\u00ednimo Vital y M\u00f3vil vigente en Argentina. Asimismo, la beca es compatible con AUH, con Asignaci\u00f3n familiar por Embarazo y con otros Programas Sociales. Tambi\u00e9n, se debe acreditar asistencia en forma trimestral y acreditar aprendizajes en las diferentes materias.<\/p>\n\n\n\n<figure class=\"wp-block-image size-large\"><a href=\"https:\/\/cvinoticias.com\/wp-content\/uploads\/2022\/01\/FB_IMG_1642439047754.jpg\"><img decoding=\"async\" width=\"1024\" height=\"683\" data-src=\"https:\/\/cvinoticias.com\/wp-content\/uploads\/2022\/01\/FB_IMG_1642439047754-1024x683.jpg\" alt=\"\" class=\"wp-image-12417 lazyload\" data-srcset=\"https:\/\/cvinoticias.com\/wp-content\/uploads\/2022\/01\/FB_IMG_1642439047754-1024x683.jpg 1024w, https:\/\/cvinoticias.com\/wp-content\/uploads\/2022\/01\/FB_IMG_1642439047754-300x200.jpg 300w, https:\/\/cvinoticias.com\/wp-content\/uploads\/2022\/01\/FB_IMG_1642439047754-768x512.jpg 768w, https:\/\/cvinoticias.com\/wp-content\/uploads\/2022\/01\/FB_IMG_1642439047754.jpg 1079w\" data-sizes=\"(max-width: 1024px) 100vw, 1024px\" src=\"data:image\/svg+xml;base64,PHN2ZyB3aWR0aD0iMSIgaGVpZ2h0PSIxIiB4bWxucz0iaHR0cDovL3d3dy53My5vcmcvMjAwMC9zdmciPjwvc3ZnPg==\" style=\"--smush-placeholder-width: 1024px; --smush-placeholder-aspect-ratio: 1024\/683;\" \/><\/a><\/figure>\n","protected":false},"excerpt":{"rendered":"<p>Mediante una videoconferencia el Gobernador anunci\u00f3 la ampliaci\u00f3n del Programa de Respaldo a Estudiantes Argentinos (Progresar) que en Misiones est\u00e1 destinado a estudiantes de 16 y 17 a\u00f1os. Se incorpor\u00e1n 26 instituciones EFAs, cuyos alumnos, m\u00e1s de 3 mil, podr\u00e1n aplicar a este programa de incentivo para que los estudiantes finalicen sus estudios obligatorios. Con [&hellip;]<\/p>\n","protected":false},"author":2,"featured_media":12415,"comment_status":"open","ping_status":"open","sticky":false,"template":"","format":"standard","meta":{"footnotes":""},"categories":[43],"tags":[],"class_list":["post-12414","post","type-post","status-publish","format-standard","has-post-thumbnail","hentry","category-provinciales"],"yoast_head":"<!-- This site is optimized with the Yoast SEO plugin v27.4 - https:\/\/yoast.com\/product\/yoast-seo-wordpress\/ -->\n<title>Herrera Ahuad present\u00f3 ampliaci\u00f3n del programa Progresar para las Rscuelas de la Familia Agr\u00edcola (EFA) | CVI NOTICIAS<\/title>\n<meta name=\"robots\" content=\"index, follow, max-snippet:-1, max-image-preview:large, max-video-preview:-1\" \/>\n<link rel=\"canonical\" href=\"https:\/\/cvinoticias.com\/v3\/herrera-ahuad-presento-ampliacion-del-programa-progresar-para-las-rscuelas-de-la-familia-agricola-efa\/\" \/>\n<meta property=\"og:locale\" content=\"es_ES\" \/>\n<meta property=\"og:type\" content=\"article\" \/>\n<meta property=\"og:title\" content=\"Herrera Ahuad present\u00f3 ampliaci\u00f3n del programa Progresar para las Rscuelas de la Familia Agr\u00edcola (EFA) | CVI NOTICIAS\" \/>\n<meta property=\"og:description\" content=\"Mediante una videoconferencia el Gobernador anunci\u00f3 la ampliaci\u00f3n del Programa de Respaldo a Estudiantes Argentinos (Progresar) que en Misiones est\u00e1 destinado a estudiantes de 16 y 17 a\u00f1os. Se incorpor\u00e1n 26 instituciones EFAs, cuyos alumnos, m\u00e1s de 3 mil, podr\u00e1n aplicar a este programa de incentivo para que los estudiantes finalicen sus estudios obligatorios. Con [&hellip;]\" \/>\n<meta property=\"og:url\" content=\"https:\/\/cvinoticias.com\/v3\/herrera-ahuad-presento-ampliacion-del-programa-progresar-para-las-rscuelas-de-la-familia-agricola-efa\/\" \/>\n<meta property=\"og:site_name\" content=\"CVI NOTICIAS\" \/>\n<meta property=\"article:publisher\" content=\"https:\/\/www.facebook.com\/cvinoticias\" \/>\n<meta property=\"article:published_time\" content=\"2022-01-17T17:11:34+00:00\" \/>\n<meta property=\"og:image\" content=\"https:\/\/cvinoticias.com\/wp-content\/uploads\/2022\/01\/FB_IMG_1642439043038.jpg\" \/>\n\t<meta property=\"og:image:width\" content=\"1079\" \/>\n\t<meta property=\"og:image:height\" content=\"720\" \/>\n\t<meta property=\"og:image:type\" content=\"image\/jpeg\" \/>\n<meta name=\"author\" content=\"f1000024\" \/>\n<meta name=\"twitter:card\" content=\"summary_large_image\" \/>\n<meta name=\"twitter:label1\" content=\"Escrito por\" \/>\n\t<meta name=\"twitter:data1\" content=\"f1000024\" \/>\n\t<meta name=\"twitter:label2\" content=\"Tiempo de lectura\" \/>\n\t<meta name=\"twitter:data2\" content=\"5 minutos\" \/>\n<script type=\"application\/ld+json\" class=\"yoast-schema-graph\">{\"@context\":\"https:\\\/\\\/schema.org\",\"@graph\":[{\"@type\":\"Article\",\"@id\":\"https:\\\/\\\/cvinoticias.com\\\/v3\\\/herrera-ahuad-presento-ampliacion-del-programa-progresar-para-las-rscuelas-de-la-familia-agricola-efa\\\/#article\",\"isPartOf\":{\"@id\":\"https:\\\/\\\/cvinoticias.com\\\/v3\\\/herrera-ahuad-presento-ampliacion-del-programa-progresar-para-las-rscuelas-de-la-familia-agricola-efa\\\/\"},\"author\":{\"name\":\"f1000024\",\"@id\":\"https:\\\/\\\/cvinoticias.com\\\/v3\\\/#\\\/schema\\\/person\\\/2db77e3c6bc03c538495d7b2b8be9b66\"},\"headline\":\"Herrera Ahuad present\u00f3 ampliaci\u00f3n del programa Progresar para las Rscuelas de la Familia Agr\u00edcola (EFA)\",\"datePublished\":\"2022-01-17T17:11:34+00:00\",\"mainEntityOfPage\":{\"@id\":\"https:\\\/\\\/cvinoticias.com\\\/v3\\\/herrera-ahuad-presento-ampliacion-del-programa-progresar-para-las-rscuelas-de-la-familia-agricola-efa\\\/\"},\"wordCount\":1099,\"commentCount\":0,\"publisher\":{\"@id\":\"https:\\\/\\\/cvinoticias.com\\\/v3\\\/#organization\"},\"image\":{\"@id\":\"https:\\\/\\\/cvinoticias.com\\\/v3\\\/herrera-ahuad-presento-ampliacion-del-programa-progresar-para-las-rscuelas-de-la-familia-agricola-efa\\\/#primaryimage\"},\"thumbnailUrl\":\"https:\\\/\\\/cvinoticias.com\\\/wp-content\\\/uploads\\\/2022\\\/01\\\/FB_IMG_1642439043038.jpg\",\"articleSection\":[\"Provinciales\"],\"inLanguage\":\"es\",\"potentialAction\":[{\"@type\":\"CommentAction\",\"name\":\"Comment\",\"target\":[\"https:\\\/\\\/cvinoticias.com\\\/v3\\\/herrera-ahuad-presento-ampliacion-del-programa-progresar-para-las-rscuelas-de-la-familia-agricola-efa\\\/#respond\"]}]},{\"@type\":\"WebPage\",\"@id\":\"https:\\\/\\\/cvinoticias.com\\\/v3\\\/herrera-ahuad-presento-ampliacion-del-programa-progresar-para-las-rscuelas-de-la-familia-agricola-efa\\\/\",\"url\":\"https:\\\/\\\/cvinoticias.com\\\/v3\\\/herrera-ahuad-presento-ampliacion-del-programa-progresar-para-las-rscuelas-de-la-familia-agricola-efa\\\/\",\"name\":\"Herrera Ahuad present\u00f3 ampliaci\u00f3n del programa Progresar para las Rscuelas de la Familia Agr\u00edcola (EFA) | CVI NOTICIAS\",\"isPartOf\":{\"@id\":\"https:\\\/\\\/cvinoticias.com\\\/v3\\\/#website\"},\"primaryImageOfPage\":{\"@id\":\"https:\\\/\\\/cvinoticias.com\\\/v3\\\/herrera-ahuad-presento-ampliacion-del-programa-progresar-para-las-rscuelas-de-la-familia-agricola-efa\\\/#primaryimage\"},\"image\":{\"@id\":\"https:\\\/\\\/cvinoticias.com\\\/v3\\\/herrera-ahuad-presento-ampliacion-del-programa-progresar-para-las-rscuelas-de-la-familia-agricola-efa\\\/#primaryimage\"},\"thumbnailUrl\":\"https:\\\/\\\/cvinoticias.com\\\/wp-content\\\/uploads\\\/2022\\\/01\\\/FB_IMG_1642439043038.jpg\",\"datePublished\":\"2022-01-17T17:11:34+00:00\",\"breadcrumb\":{\"@id\":\"https:\\\/\\\/cvinoticias.com\\\/v3\\\/herrera-ahuad-presento-ampliacion-del-programa-progresar-para-las-rscuelas-de-la-familia-agricola-efa\\\/#breadcrumb\"},\"inLanguage\":\"es\",\"potentialAction\":[{\"@type\":\"ReadAction\",\"target\":[\"https:\\\/\\\/cvinoticias.com\\\/v3\\\/herrera-ahuad-presento-ampliacion-del-programa-progresar-para-las-rscuelas-de-la-familia-agricola-efa\\\/\"]}]},{\"@type\":\"ImageObject\",\"inLanguage\":\"es\",\"@id\":\"https:\\\/\\\/cvinoticias.com\\\/v3\\\/herrera-ahuad-presento-ampliacion-del-programa-progresar-para-las-rscuelas-de-la-familia-agricola-efa\\\/#primaryimage\",\"url\":\"https:\\\/\\\/cvinoticias.com\\\/wp-content\\\/uploads\\\/2022\\\/01\\\/FB_IMG_1642439043038.jpg\",\"contentUrl\":\"https:\\\/\\\/cvinoticias.com\\\/wp-content\\\/uploads\\\/2022\\\/01\\\/FB_IMG_1642439043038.jpg\",\"width\":1079,\"height\":720},{\"@type\":\"BreadcrumbList\",\"@id\":\"https:\\\/\\\/cvinoticias.com\\\/v3\\\/herrera-ahuad-presento-ampliacion-del-programa-progresar-para-las-rscuelas-de-la-familia-agricola-efa\\\/#breadcrumb\",\"itemListElement\":[{\"@type\":\"ListItem\",\"position\":1,\"name\":\"Portada\",\"item\":\"https:\\\/\\\/cvinoticias.com\\\/v3\\\/\"},{\"@type\":\"ListItem\",\"position\":2,\"name\":\"Herrera Ahuad present\u00f3 ampliaci\u00f3n del programa Progresar para las Rscuelas de la Familia Agr\u00edcola (EFA)\"}]},{\"@type\":\"WebSite\",\"@id\":\"https:\\\/\\\/cvinoticias.com\\\/v3\\\/#website\",\"url\":\"https:\\\/\\\/cvinoticias.com\\\/v3\\\/\",\"name\":\"CVI NOTICIAS\",\"description\":\"\",\"publisher\":{\"@id\":\"https:\\\/\\\/cvinoticias.com\\\/v3\\\/#organization\"},\"alternateName\":\"CVI\",\"potentialAction\":[{\"@type\":\"SearchAction\",\"target\":{\"@type\":\"EntryPoint\",\"urlTemplate\":\"https:\\\/\\\/cvinoticias.com\\\/v3\\\/?s={search_term_string}\"},\"query-input\":{\"@type\":\"PropertyValueSpecification\",\"valueRequired\":true,\"valueName\":\"search_term_string\"}}],\"inLanguage\":\"es\"},{\"@type\":\"Organization\",\"@id\":\"https:\\\/\\\/cvinoticias.com\\\/v3\\\/#organization\",\"name\":\"CVI NOTICIAS\",\"url\":\"https:\\\/\\\/cvinoticias.com\\\/v3\\\/\",\"logo\":{\"@type\":\"ImageObject\",\"inLanguage\":\"es\",\"@id\":\"https:\\\/\\\/cvinoticias.com\\\/v3\\\/#\\\/schema\\\/logo\\\/image\\\/\",\"url\":\"https:\\\/\\\/cvinoticias.com\\\/wp-content\\\/uploads\\\/2023\\\/04\\\/cropped-cropped-cropped-cropped-cropped-3-1.png\",\"contentUrl\":\"https:\\\/\\\/cvinoticias.com\\\/wp-content\\\/uploads\\\/2023\\\/04\\\/cropped-cropped-cropped-cropped-cropped-3-1.png\",\"width\":95,\"height\":122,\"caption\":\"CVI NOTICIAS\"},\"image\":{\"@id\":\"https:\\\/\\\/cvinoticias.com\\\/v3\\\/#\\\/schema\\\/logo\\\/image\\\/\"},\"sameAs\":[\"https:\\\/\\\/www.facebook.com\\\/cvinoticias\",\"https:\\\/\\\/www.instagram.com\\\/cvinoticias\\\/\",\"https:\\\/\\\/www.youtube.com\\\/@CVINOTICIAS\"]},{\"@type\":\"Person\",\"@id\":\"https:\\\/\\\/cvinoticias.com\\\/v3\\\/#\\\/schema\\\/person\\\/2db77e3c6bc03c538495d7b2b8be9b66\",\"name\":\"f1000024\",\"image\":{\"@type\":\"ImageObject\",\"inLanguage\":\"es\",\"@id\":\"https:\\\/\\\/secure.gravatar.com\\\/avatar\\\/d4fe7459cfc51ff5129ce1a732bbef5928568b8092d412ef95611616376bbeed?s=96&d=mm&r=g\",\"url\":\"https:\\\/\\\/secure.gravatar.com\\\/avatar\\\/d4fe7459cfc51ff5129ce1a732bbef5928568b8092d412ef95611616376bbeed?s=96&d=mm&r=g\",\"contentUrl\":\"https:\\\/\\\/secure.gravatar.com\\\/avatar\\\/d4fe7459cfc51ff5129ce1a732bbef5928568b8092d412ef95611616376bbeed?s=96&d=mm&r=g\",\"caption\":\"f1000024\"},\"url\":\"https:\\\/\\\/cvinoticias.com\\\/v3\\\/author\\\/f1000024\\\/\"}]}<\/script>\n<!-- \/ Yoast SEO plugin. -->","yoast_head_json":{"title":"Herrera Ahuad present\u00f3 ampliaci\u00f3n del programa Progresar para las Rscuelas de la Familia Agr\u00edcola (EFA) | CVI NOTICIAS","robots":{"index":"index","follow":"follow","max-snippet":"max-snippet:-1","max-image-preview":"max-image-preview:large","max-video-preview":"max-video-preview:-1"},"canonical":"https:\/\/cvinoticias.com\/v3\/herrera-ahuad-presento-ampliacion-del-programa-progresar-para-las-rscuelas-de-la-familia-agricola-efa\/","og_locale":"es_ES","og_type":"article","og_title":"Herrera Ahuad present\u00f3 ampliaci\u00f3n del programa Progresar para las Rscuelas de la Familia Agr\u00edcola (EFA) | CVI NOTICIAS","og_description":"Mediante una videoconferencia el Gobernador anunci\u00f3 la ampliaci\u00f3n del Programa de Respaldo a Estudiantes Argentinos (Progresar) que en Misiones est\u00e1 destinado a estudiantes de 16 y 17 a\u00f1os. Se incorpor\u00e1n 26 instituciones EFAs, cuyos alumnos, m\u00e1s de 3 mil, podr\u00e1n aplicar a este programa de incentivo para que los estudiantes finalicen sus estudios obligatorios. Con [&hellip;]","og_url":"https:\/\/cvinoticias.com\/v3\/herrera-ahuad-presento-ampliacion-del-programa-progresar-para-las-rscuelas-de-la-familia-agricola-efa\/","og_site_name":"CVI NOTICIAS","article_publisher":"https:\/\/www.facebook.com\/cvinoticias","article_published_time":"2022-01-17T17:11:34+00:00","og_image":[{"width":1079,"height":720,"url":"https:\/\/cvinoticias.com\/wp-content\/uploads\/2022\/01\/FB_IMG_1642439043038.jpg","type":"image\/jpeg"}],"author":"f1000024","twitter_card":"summary_large_image","twitter_misc":{"Escrito por":"f1000024","Tiempo de lectura":"5 minutos"},"schema":{"@context":"https:\/\/schema.org","@graph":[{"@type":"Article","@id":"https:\/\/cvinoticias.com\/v3\/herrera-ahuad-presento-ampliacion-del-programa-progresar-para-las-rscuelas-de-la-familia-agricola-efa\/#article","isPartOf":{"@id":"https:\/\/cvinoticias.com\/v3\/herrera-ahuad-presento-ampliacion-del-programa-progresar-para-las-rscuelas-de-la-familia-agricola-efa\/"},"author":{"name":"f1000024","@id":"https:\/\/cvinoticias.com\/v3\/#\/schema\/person\/2db77e3c6bc03c538495d7b2b8be9b66"},"headline":"Herrera Ahuad present\u00f3 ampliaci\u00f3n del programa Progresar para las Rscuelas de la Familia Agr\u00edcola (EFA)","datePublished":"2022-01-17T17:11:34+00:00","mainEntityOfPage":{"@id":"https:\/\/cvinoticias.com\/v3\/herrera-ahuad-presento-ampliacion-del-programa-progresar-para-las-rscuelas-de-la-familia-agricola-efa\/"},"wordCount":1099,"commentCount":0,"publisher":{"@id":"https:\/\/cvinoticias.com\/v3\/#organization"},"image":{"@id":"https:\/\/cvinoticias.com\/v3\/herrera-ahuad-presento-ampliacion-del-programa-progresar-para-las-rscuelas-de-la-familia-agricola-efa\/#primaryimage"},"thumbnailUrl":"https:\/\/cvinoticias.com\/wp-content\/uploads\/2022\/01\/FB_IMG_1642439043038.jpg","articleSection":["Provinciales"],"inLanguage":"es","potentialAction":[{"@type":"CommentAction","name":"Comment","target":["https:\/\/cvinoticias.com\/v3\/herrera-ahuad-presento-ampliacion-del-programa-progresar-para-las-rscuelas-de-la-familia-agricola-efa\/#respond"]}]},{"@type":"WebPage","@id":"https:\/\/cvinoticias.com\/v3\/herrera-ahuad-presento-ampliacion-del-programa-progresar-para-las-rscuelas-de-la-familia-agricola-efa\/","url":"https:\/\/cvinoticias.com\/v3\/herrera-ahuad-presento-ampliacion-del-programa-progresar-para-las-rscuelas-de-la-familia-agricola-efa\/","name":"Herrera Ahuad present\u00f3 ampliaci\u00f3n del programa Progresar para las Rscuelas de la Familia Agr\u00edcola (EFA) | CVI NOTICIAS","isPartOf":{"@id":"https:\/\/cvinoticias.com\/v3\/#website"},"primaryImageOfPage":{"@id":"https:\/\/cvinoticias.com\/v3\/herrera-ahuad-presento-ampliacion-del-programa-progresar-para-las-rscuelas-de-la-familia-agricola-efa\/#primaryimage"},"image":{"@id":"https:\/\/cvinoticias.com\/v3\/herrera-ahuad-presento-ampliacion-del-programa-progresar-para-las-rscuelas-de-la-familia-agricola-efa\/#primaryimage"},"thumbnailUrl":"https:\/\/cvinoticias.com\/wp-content\/uploads\/2022\/01\/FB_IMG_1642439043038.jpg","datePublished":"2022-01-17T17:11:34+00:00","breadcrumb":{"@id":"https:\/\/cvinoticias.com\/v3\/herrera-ahuad-presento-ampliacion-del-programa-progresar-para-las-rscuelas-de-la-familia-agricola-efa\/#breadcrumb"},"inLanguage":"es","potentialAction":[{"@type":"ReadAction","target":["https:\/\/cvinoticias.com\/v3\/herrera-ahuad-presento-ampliacion-del-programa-progresar-para-las-rscuelas-de-la-familia-agricola-efa\/"]}]},{"@type":"ImageObject","inLanguage":"es","@id":"https:\/\/cvinoticias.com\/v3\/herrera-ahuad-presento-ampliacion-del-programa-progresar-para-las-rscuelas-de-la-familia-agricola-efa\/#primaryimage","url":"https:\/\/cvinoticias.com\/wp-content\/uploads\/2022\/01\/FB_IMG_1642439043038.jpg","contentUrl":"https:\/\/cvinoticias.com\/wp-content\/uploads\/2022\/01\/FB_IMG_1642439043038.jpg","width":1079,"height":720},{"@type":"BreadcrumbList","@id":"https:\/\/cvinoticias.com\/v3\/herrera-ahuad-presento-ampliacion-del-programa-progresar-para-las-rscuelas-de-la-familia-agricola-efa\/#breadcrumb","itemListElement":[{"@type":"ListItem","position":1,"name":"Portada","item":"https:\/\/cvinoticias.com\/v3\/"},{"@type":"ListItem","position":2,"name":"Herrera Ahuad present\u00f3 ampliaci\u00f3n del programa Progresar para las Rscuelas de la Familia Agr\u00edcola (EFA)"}]},{"@type":"WebSite","@id":"https:\/\/cvinoticias.com\/v3\/#website","url":"https:\/\/cvinoticias.com\/v3\/","name":"CVI NOTICIAS","description":"","publisher":{"@id":"https:\/\/cvinoticias.com\/v3\/#organization"},"alternateName":"CVI","potentialAction":[{"@type":"SearchAction","target":{"@type":"EntryPoint","urlTemplate":"https:\/\/cvinoticias.com\/v3\/?s={search_term_string}"},"query-input":{"@type":"PropertyValueSpecification","valueRequired":true,"valueName":"search_term_string"}}],"inLanguage":"es"},{"@type":"Organization","@id":"https:\/\/cvinoticias.com\/v3\/#organization","name":"CVI NOTICIAS","url":"https:\/\/cvinoticias.com\/v3\/","logo":{"@type":"ImageObject","inLanguage":"es","@id":"https:\/\/cvinoticias.com\/v3\/#\/schema\/logo\/image\/","url":"https:\/\/cvinoticias.com\/wp-content\/uploads\/2023\/04\/cropped-cropped-cropped-cropped-cropped-3-1.png","contentUrl":"https:\/\/cvinoticias.com\/wp-content\/uploads\/2023\/04\/cropped-cropped-cropped-cropped-cropped-3-1.png","width":95,"height":122,"caption":"CVI NOTICIAS"},"image":{"@id":"https:\/\/cvinoticias.com\/v3\/#\/schema\/logo\/image\/"},"sameAs":["https:\/\/www.facebook.com\/cvinoticias","https:\/\/www.instagram.com\/cvinoticias\/","https:\/\/www.youtube.com\/@CVINOTICIAS"]},{"@type":"Person","@id":"https:\/\/cvinoticias.com\/v3\/#\/schema\/person\/2db77e3c6bc03c538495d7b2b8be9b66","name":"f1000024","image":{"@type":"ImageObject","inLanguage":"es","@id":"https:\/\/secure.gravatar.com\/avatar\/d4fe7459cfc51ff5129ce1a732bbef5928568b8092d412ef95611616376bbeed?s=96&d=mm&r=g","url":"https:\/\/secure.gravatar.com\/avatar\/d4fe7459cfc51ff5129ce1a732bbef5928568b8092d412ef95611616376bbeed?s=96&d=mm&r=g","contentUrl":"https:\/\/secure.gravatar.com\/avatar\/d4fe7459cfc51ff5129ce1a732bbef5928568b8092d412ef95611616376bbeed?s=96&d=mm&r=g","caption":"f1000024"},"url":"https:\/\/cvinoticias.com\/v3\/author\/f1000024\/"}]}},"_links":{"self":[{"href":"https:\/\/cvinoticias.com\/v3\/wp-json\/wp\/v2\/posts\/12414","targetHints":{"allow":["GET"]}}],"collection":[{"href":"https:\/\/cvinoticias.com\/v3\/wp-json\/wp\/v2\/posts"}],"about":[{"href":"https:\/\/cvinoticias.com\/v3\/wp-json\/wp\/v2\/types\/post"}],"author":[{"embeddable":true,"href":"https:\/\/cvinoticias.com\/v3\/wp-json\/wp\/v2\/users\/2"}],"replies":[{"embeddable":true,"href":"https:\/\/cvinoticias.com\/v3\/wp-json\/wp\/v2\/comments?post=12414"}],"version-history":[{"count":1,"href":"https:\/\/cvinoticias.com\/v3\/wp-json\/wp\/v2\/posts\/12414\/revisions"}],"predecessor-version":[{"id":12418,"href":"https:\/\/cvinoticias.com\/v3\/wp-json\/wp\/v2\/posts\/12414\/revisions\/12418"}],"wp:featuredmedia":[{"embeddable":true,"href":"https:\/\/cvinoticias.com\/v3\/wp-json\/wp\/v2\/media\/12415"}],"wp:attachment":[{"href":"https:\/\/cvinoticias.com\/v3\/wp-json\/wp\/v2\/media?parent=12414"}],"wp:term":[{"taxonomy":"category","embeddable":true,"href":"https:\/\/cvinoticias.com\/v3\/wp-json\/wp\/v2\/categories?post=12414"},{"taxonomy":"post_tag","embeddable":true,"href":"https:\/\/cvinoticias.com\/v3\/wp-json\/wp\/v2\/tags?post=12414"}],"curies":[{"name":"wp","href":"https:\/\/api.w.org\/{rel}","templated":true}]}}