{"id":12409,"date":"2022-01-17T16:30:30","date_gmt":"2022-01-17T16:30:30","guid":{"rendered":"https:\/\/cvinoticias.com\/v3\/?p=12409"},"modified":"2022-01-17T16:30:30","modified_gmt":"2022-01-17T16:30:30","slug":"posadas-y-el-rio-una-asociacion-para-el-disfrute-y-la-calidad-de-vida","status":"publish","type":"post","link":"https:\/\/cvinoticias.com\/v3\/posadas-y-el-rio-una-asociacion-para-el-disfrute-y-la-calidad-de-vida\/","title":{"rendered":"Posadas y el r\u00edo, una asociaci\u00f3n para el disfrute y la calidad de vida"},"content":{"rendered":"\n<p><strong><em>Las altas temperaturas del verano misionero han convertido a los balnearios Costa Sur y El Brete en los puntos de encuentro por excelencia, convocando al disfrute y esparcimiento a m\u00e1s de 20 mil personas cada fin de semana. La mayor\u00eda son posade\u00f1os, pero tambi\u00e9n hay miles de visitantes del interior y de otras provincias como Corrientes, Chaco y Entre R\u00edos.<\/em><\/strong><\/p>\n\n\n\n<p>La calidad de las playas, sumado a la belleza de la Costanera, la gran oferta gastron\u00f3mica y las propuestas culturales y deportivas planificadas por el Municipio y la Provincia, han convertido a Posadas en la principal capital del Norte del Pa\u00eds, con una calidad de vida inigualable debido a sus espacios verdes, aire puro, servicios p\u00fablicos, las obras y la infraestructura reciente.<\/p>\n\n\n\n<p>La Ciudad ha emergido en los \u00faltimos a\u00f1os como un destino tur\u00edstico de primer orden, posici\u00f3n que no ten\u00eda antes, logrando romper la dependencia de Puerto Iguaz\u00fa para captar al turismo misionero, nacional e incluso internacional.<\/p>\n\n\n\n<p>Este domingo, en las playas posade\u00f1as estuvieron el Gobernador de la Provincia Oscar Herrera Ahuad, el Intendente de Posadas Leonardo \u201cLalo\u201d Stelatto y el diputado provincial -abanderado del desarrollo de la Econom\u00eda del Conocimiento en Misiones- Lucas Romero Spinelli.<\/p>\n\n\n\n<p>Acompa\u00f1ado por su esposa, el titular del poder Ejecutivo de Misiones estuvo en el balneario disfrutando de un terer\u00e9 de agua y coc\u00fa, una planta aut\u00f3ctona de la provincia. El mandatario destac\u00f3 la temporada tur\u00edstica que est\u00e1 viviendo la capital y se\u00f1al\u00f3 que \u201ces reconfortante recuperar el r\u00edo Paran\u00e1 para la gente\u201d.<\/p>\n\n\n\n<figure class=\"wp-block-image size-full\"><a href=\"https:\/\/cvinoticias.com\/wp-content\/uploads\/2022\/01\/IMG-20220117-WA0054.jpg\"><img decoding=\"async\" width=\"696\" height=\"464\" data-src=\"https:\/\/cvinoticias.com\/wp-content\/uploads\/2022\/01\/IMG-20220117-WA0054.jpg\" alt=\"\" class=\"wp-image-12411 lazyload\" data-srcset=\"https:\/\/cvinoticias.com\/wp-content\/uploads\/2022\/01\/IMG-20220117-WA0054.jpg 696w, https:\/\/cvinoticias.com\/wp-content\/uploads\/2022\/01\/IMG-20220117-WA0054-300x200.jpg 300w\" data-sizes=\"(max-width: 696px) 100vw, 696px\" src=\"data:image\/svg+xml;base64,PHN2ZyB3aWR0aD0iMSIgaGVpZ2h0PSIxIiB4bWxucz0iaHR0cDovL3d3dy53My5vcmcvMjAwMC9zdmciPjwvc3ZnPg==\" style=\"--smush-placeholder-width: 696px; --smush-placeholder-aspect-ratio: 696\/464;\" \/><\/a><\/figure>\n\n\n\n<p>Por su parte, el Intendente Leonardo \u201cLalo\u201d Stelatto se\u00f1al\u00f3 al respecto que \u201cgracias a la obra de la Costanera, impulsada desde la primera gesti\u00f3n del Frente Renovador, todos los posade\u00f1os, m\u00e1s all\u00e1 de la condici\u00f3n social que tengan, dejaron de darle la espalda al r\u00edo y comenzaron a disfrutarlo visualmente y como paisaje\u201d.<\/p>\n\n\n\n<p>\u201cEstamos muy orgullosos porque hoy podemos decir que Posadas es la ciudad m\u00e1s hermosa del norte del pa\u00eds y esto es un logro que alcanzamos con mucho trabajo pensando siempre en los vecinos y en que tengan una mejor calidad de vida\u201d, agreg\u00f3.<\/p>\n\n\n\n<p>En tanto, el presidente de la Legislatura y del Frente Renovador, Carlos Rovira, indic\u00f3 que \u201cel \u00e9xito de las playas de Posadas es un proceso continuador de la transformaci\u00f3n urban\u00edstica que comenz\u00f3 con la obra de la Costanera\u201d.<\/p>\n\n\n\n<p>\u201cSe complet\u00f3 la simbiosis entre la ciudad y el rio. Hoy hemos logrado que sean una asociaci\u00f3n para el disfrute y la calidad de vida en todo su esplendor\u201d, agreg\u00f3.<br>\u201cAntes la gente pod\u00eda disfrutar del r\u00edo desde la Costanera y ahora puede hacerlo desde adentro, con acceso al placer del agua, deportes y paseos n\u00e1uticos, playas y un sinf\u00edn de ofertas pensadas para la felicidad de la gente\u201d, dijo Rovira.<\/p>\n\n\n\n<p><strong>Los turistas, satisfechos<\/strong><\/p>\n\n\n\n<p>Este fin de semana, en las playas de El Brete y Costa Sur, se dieron cita visitantes de diversos puntos del pa\u00eds. Como el caso de una mujer de Villa Ocampo, provincia de Santa Fe, que mencion\u00f3 que estaban parando en Ituzaing\u00f3, Corrientes, pero vinieron a Posadas para pasar el d\u00eda.<\/p>\n\n\n\n<p>La turista que lleg\u00f3 a Posadas con familiares y amigos coment\u00f3 que ve a la playa de la capital misionera \u201chermosa\u201d y agreg\u00f3 que \u201cNo la conoc\u00eda, es la primera vez que venimos a la playa\u201d. Otra de las visitantes dijo que observa a Posadas \u201ccada vez m\u00e1s linda\u201d y que volver\u00eda.<\/p>\n\n\n\n<p>Pero tambi\u00e9n misioneros de otras localidades vienen a disfrutar de los espacios que ofrece la ciudad, como es el caso de un turista que arrib\u00f3 desde Puerto Piray, quien mencion\u00f3 que estaban a punto de meterse al r\u00edo y que la playa \u201cest\u00e1 espectacular con el calor que hay, est\u00e1 para un chapuz\u00f3n\u201d.<\/p>\n\n\n\n<p>\u201cMuy linda nuestra Costa Sur\u201d, dijo una posade\u00f1a que disfrutaba de la tarde de fin de semana en la playa. Expres\u00f3 que prefiere esa playa a la de El Brete, porque \u201ces m\u00e1s grande, tiene m\u00e1s diversidad de cosas. Tiene puestitos para comprar cosas, muy linda est\u00e1. No tenemos nada que ir a hacer a Ituzaing\u00f3\u201d.<\/p>\n\n\n\n<p>Disfrutando del lugar con su familia, se\u00f1al\u00f3 que adem\u00e1s \u201ces econ\u00f3mico, est\u00e1n los colectivos que son interplaya, que agilizan mucho, muy lindo\u201d.<\/p>\n\n\n\n<figure class=\"wp-block-image size-large\"><a href=\"https:\/\/cvinoticias.com\/wp-content\/uploads\/2022\/01\/IMG-20220117-WA0053.jpg\"><img decoding=\"async\" width=\"1024\" height=\"768\" data-src=\"https:\/\/cvinoticias.com\/wp-content\/uploads\/2022\/01\/IMG-20220117-WA0053-1024x768.jpg\" alt=\"\" class=\"wp-image-12412 lazyload\" data-srcset=\"https:\/\/cvinoticias.com\/wp-content\/uploads\/2022\/01\/IMG-20220117-WA0053-1024x768.jpg 1024w, https:\/\/cvinoticias.com\/wp-content\/uploads\/2022\/01\/IMG-20220117-WA0053-300x225.jpg 300w, https:\/\/cvinoticias.com\/wp-content\/uploads\/2022\/01\/IMG-20220117-WA0053-768x576.jpg 768w, https:\/\/cvinoticias.com\/wp-content\/uploads\/2022\/01\/IMG-20220117-WA0053.jpg 1280w\" data-sizes=\"(max-width: 1024px) 100vw, 1024px\" src=\"data:image\/svg+xml;base64,PHN2ZyB3aWR0aD0iMSIgaGVpZ2h0PSIxIiB4bWxucz0iaHR0cDovL3d3dy53My5vcmcvMjAwMC9zdmciPjwvc3ZnPg==\" style=\"--smush-placeholder-width: 1024px; --smush-placeholder-aspect-ratio: 1024\/768;\" \/><\/a><\/figure>\n","protected":false},"excerpt":{"rendered":"<p>Las altas temperaturas del verano misionero han convertido a los balnearios Costa Sur y El Brete en los puntos de encuentro por excelencia, convocando al disfrute y esparcimiento a m\u00e1s de 20 mil personas cada fin de semana. La mayor\u00eda son posade\u00f1os, pero tambi\u00e9n hay miles de visitantes del interior y de otras provincias como [&hellip;]<\/p>\n","protected":false},"author":2,"featured_media":12410,"comment_status":"open","ping_status":"open","sticky":false,"template":"","format":"standard","meta":{"footnotes":""},"categories":[43],"tags":[],"class_list":["post-12409","post","type-post","status-publish","format-standard","has-post-thumbnail","hentry","category-provinciales"],"yoast_head":"<!-- This site is optimized with the Yoast SEO plugin v27.4 - https:\/\/yoast.com\/product\/yoast-seo-wordpress\/ -->\n<title>Posadas y el r\u00edo, una asociaci\u00f3n para el disfrute y la calidad de vida | CVI NOTICIAS<\/title>\n<meta name=\"robots\" content=\"index, follow, max-snippet:-1, max-image-preview:large, max-video-preview:-1\" \/>\n<link rel=\"canonical\" href=\"https:\/\/cvinoticias.com\/v3\/posadas-y-el-rio-una-asociacion-para-el-disfrute-y-la-calidad-de-vida\/\" \/>\n<meta property=\"og:locale\" content=\"es_ES\" \/>\n<meta property=\"og:type\" content=\"article\" \/>\n<meta property=\"og:title\" content=\"Posadas y el r\u00edo, una asociaci\u00f3n para el disfrute y la calidad de vida | CVI NOTICIAS\" \/>\n<meta property=\"og:description\" content=\"Las altas temperaturas del verano misionero han convertido a los balnearios Costa Sur y El Brete en los puntos de encuentro por excelencia, convocando al disfrute y esparcimiento a m\u00e1s de 20 mil personas cada fin de semana. La mayor\u00eda son posade\u00f1os, pero tambi\u00e9n hay miles de visitantes del interior y de otras provincias como [&hellip;]\" \/>\n<meta property=\"og:url\" content=\"https:\/\/cvinoticias.com\/v3\/posadas-y-el-rio-una-asociacion-para-el-disfrute-y-la-calidad-de-vida\/\" \/>\n<meta property=\"og:site_name\" content=\"CVI NOTICIAS\" \/>\n<meta property=\"article:publisher\" content=\"https:\/\/www.facebook.com\/cvinoticias\" \/>\n<meta property=\"article:published_time\" content=\"2022-01-17T16:30:30+00:00\" \/>\n<meta property=\"og:image\" content=\"https:\/\/cvinoticias.com\/wp-content\/uploads\/2022\/01\/IMG-20220117-WA0052.jpg\" \/>\n\t<meta property=\"og:image:width\" content=\"1024\" \/>\n\t<meta property=\"og:image:height\" content=\"682\" \/>\n\t<meta property=\"og:image:type\" content=\"image\/jpeg\" \/>\n<meta name=\"author\" content=\"f1000024\" \/>\n<meta name=\"twitter:card\" content=\"summary_large_image\" \/>\n<meta name=\"twitter:label1\" content=\"Escrito por\" \/>\n\t<meta name=\"twitter:data1\" content=\"f1000024\" \/>\n\t<meta name=\"twitter:label2\" content=\"Tiempo de lectura\" \/>\n\t<meta name=\"twitter:data2\" content=\"4 minutos\" \/>\n<script type=\"application\/ld+json\" class=\"yoast-schema-graph\">{\"@context\":\"https:\\\/\\\/schema.org\",\"@graph\":[{\"@type\":\"Article\",\"@id\":\"https:\\\/\\\/cvinoticias.com\\\/v3\\\/posadas-y-el-rio-una-asociacion-para-el-disfrute-y-la-calidad-de-vida\\\/#article\",\"isPartOf\":{\"@id\":\"https:\\\/\\\/cvinoticias.com\\\/v3\\\/posadas-y-el-rio-una-asociacion-para-el-disfrute-y-la-calidad-de-vida\\\/\"},\"author\":{\"name\":\"f1000024\",\"@id\":\"https:\\\/\\\/cvinoticias.com\\\/v3\\\/#\\\/schema\\\/person\\\/2db77e3c6bc03c538495d7b2b8be9b66\"},\"headline\":\"Posadas y el r\u00edo, una asociaci\u00f3n para el disfrute y la calidad de vida\",\"datePublished\":\"2022-01-17T16:30:30+00:00\",\"mainEntityOfPage\":{\"@id\":\"https:\\\/\\\/cvinoticias.com\\\/v3\\\/posadas-y-el-rio-una-asociacion-para-el-disfrute-y-la-calidad-de-vida\\\/\"},\"wordCount\":755,\"commentCount\":0,\"publisher\":{\"@id\":\"https:\\\/\\\/cvinoticias.com\\\/v3\\\/#organization\"},\"image\":{\"@id\":\"https:\\\/\\\/cvinoticias.com\\\/v3\\\/posadas-y-el-rio-una-asociacion-para-el-disfrute-y-la-calidad-de-vida\\\/#primaryimage\"},\"thumbnailUrl\":\"https:\\\/\\\/cvinoticias.com\\\/wp-content\\\/uploads\\\/2022\\\/01\\\/IMG-20220117-WA0052.jpg\",\"articleSection\":[\"Provinciales\"],\"inLanguage\":\"es\",\"potentialAction\":[{\"@type\":\"CommentAction\",\"name\":\"Comment\",\"target\":[\"https:\\\/\\\/cvinoticias.com\\\/v3\\\/posadas-y-el-rio-una-asociacion-para-el-disfrute-y-la-calidad-de-vida\\\/#respond\"]}]},{\"@type\":\"WebPage\",\"@id\":\"https:\\\/\\\/cvinoticias.com\\\/v3\\\/posadas-y-el-rio-una-asociacion-para-el-disfrute-y-la-calidad-de-vida\\\/\",\"url\":\"https:\\\/\\\/cvinoticias.com\\\/v3\\\/posadas-y-el-rio-una-asociacion-para-el-disfrute-y-la-calidad-de-vida\\\/\",\"name\":\"Posadas y el r\u00edo, una asociaci\u00f3n para el disfrute y la calidad de vida | CVI NOTICIAS\",\"isPartOf\":{\"@id\":\"https:\\\/\\\/cvinoticias.com\\\/v3\\\/#website\"},\"primaryImageOfPage\":{\"@id\":\"https:\\\/\\\/cvinoticias.com\\\/v3\\\/posadas-y-el-rio-una-asociacion-para-el-disfrute-y-la-calidad-de-vida\\\/#primaryimage\"},\"image\":{\"@id\":\"https:\\\/\\\/cvinoticias.com\\\/v3\\\/posadas-y-el-rio-una-asociacion-para-el-disfrute-y-la-calidad-de-vida\\\/#primaryimage\"},\"thumbnailUrl\":\"https:\\\/\\\/cvinoticias.com\\\/wp-content\\\/uploads\\\/2022\\\/01\\\/IMG-20220117-WA0052.jpg\",\"datePublished\":\"2022-01-17T16:30:30+00:00\",\"breadcrumb\":{\"@id\":\"https:\\\/\\\/cvinoticias.com\\\/v3\\\/posadas-y-el-rio-una-asociacion-para-el-disfrute-y-la-calidad-de-vida\\\/#breadcrumb\"},\"inLanguage\":\"es\",\"potentialAction\":[{\"@type\":\"ReadAction\",\"target\":[\"https:\\\/\\\/cvinoticias.com\\\/v3\\\/posadas-y-el-rio-una-asociacion-para-el-disfrute-y-la-calidad-de-vida\\\/\"]}]},{\"@type\":\"ImageObject\",\"inLanguage\":\"es\",\"@id\":\"https:\\\/\\\/cvinoticias.com\\\/v3\\\/posadas-y-el-rio-una-asociacion-para-el-disfrute-y-la-calidad-de-vida\\\/#primaryimage\",\"url\":\"https:\\\/\\\/cvinoticias.com\\\/wp-content\\\/uploads\\\/2022\\\/01\\\/IMG-20220117-WA0052.jpg\",\"contentUrl\":\"https:\\\/\\\/cvinoticias.com\\\/wp-content\\\/uploads\\\/2022\\\/01\\\/IMG-20220117-WA0052.jpg\",\"width\":1024,\"height\":682},{\"@type\":\"BreadcrumbList\",\"@id\":\"https:\\\/\\\/cvinoticias.com\\\/v3\\\/posadas-y-el-rio-una-asociacion-para-el-disfrute-y-la-calidad-de-vida\\\/#breadcrumb\",\"itemListElement\":[{\"@type\":\"ListItem\",\"position\":1,\"name\":\"Portada\",\"item\":\"https:\\\/\\\/cvinoticias.com\\\/v3\\\/\"},{\"@type\":\"ListItem\",\"position\":2,\"name\":\"Posadas y el r\u00edo, una asociaci\u00f3n para el disfrute y la calidad de vida\"}]},{\"@type\":\"WebSite\",\"@id\":\"https:\\\/\\\/cvinoticias.com\\\/v3\\\/#website\",\"url\":\"https:\\\/\\\/cvinoticias.com\\\/v3\\\/\",\"name\":\"CVI NOTICIAS\",\"description\":\"\",\"publisher\":{\"@id\":\"https:\\\/\\\/cvinoticias.com\\\/v3\\\/#organization\"},\"alternateName\":\"CVI\",\"potentialAction\":[{\"@type\":\"SearchAction\",\"target\":{\"@type\":\"EntryPoint\",\"urlTemplate\":\"https:\\\/\\\/cvinoticias.com\\\/v3\\\/?s={search_term_string}\"},\"query-input\":{\"@type\":\"PropertyValueSpecification\",\"valueRequired\":true,\"valueName\":\"search_term_string\"}}],\"inLanguage\":\"es\"},{\"@type\":\"Organization\",\"@id\":\"https:\\\/\\\/cvinoticias.com\\\/v3\\\/#organization\",\"name\":\"CVI NOTICIAS\",\"url\":\"https:\\\/\\\/cvinoticias.com\\\/v3\\\/\",\"logo\":{\"@type\":\"ImageObject\",\"inLanguage\":\"es\",\"@id\":\"https:\\\/\\\/cvinoticias.com\\\/v3\\\/#\\\/schema\\\/logo\\\/image\\\/\",\"url\":\"https:\\\/\\\/cvinoticias.com\\\/wp-content\\\/uploads\\\/2023\\\/04\\\/cropped-cropped-cropped-cropped-cropped-3-1.png\",\"contentUrl\":\"https:\\\/\\\/cvinoticias.com\\\/wp-content\\\/uploads\\\/2023\\\/04\\\/cropped-cropped-cropped-cropped-cropped-3-1.png\",\"width\":95,\"height\":122,\"caption\":\"CVI NOTICIAS\"},\"image\":{\"@id\":\"https:\\\/\\\/cvinoticias.com\\\/v3\\\/#\\\/schema\\\/logo\\\/image\\\/\"},\"sameAs\":[\"https:\\\/\\\/www.facebook.com\\\/cvinoticias\",\"https:\\\/\\\/www.instagram.com\\\/cvinoticias\\\/\",\"https:\\\/\\\/www.youtube.com\\\/@CVINOTICIAS\"]},{\"@type\":\"Person\",\"@id\":\"https:\\\/\\\/cvinoticias.com\\\/v3\\\/#\\\/schema\\\/person\\\/2db77e3c6bc03c538495d7b2b8be9b66\",\"name\":\"f1000024\",\"image\":{\"@type\":\"ImageObject\",\"inLanguage\":\"es\",\"@id\":\"https:\\\/\\\/secure.gravatar.com\\\/avatar\\\/d4fe7459cfc51ff5129ce1a732bbef5928568b8092d412ef95611616376bbeed?s=96&d=mm&r=g\",\"url\":\"https:\\\/\\\/secure.gravatar.com\\\/avatar\\\/d4fe7459cfc51ff5129ce1a732bbef5928568b8092d412ef95611616376bbeed?s=96&d=mm&r=g\",\"contentUrl\":\"https:\\\/\\\/secure.gravatar.com\\\/avatar\\\/d4fe7459cfc51ff5129ce1a732bbef5928568b8092d412ef95611616376bbeed?s=96&d=mm&r=g\",\"caption\":\"f1000024\"},\"url\":\"https:\\\/\\\/cvinoticias.com\\\/v3\\\/author\\\/f1000024\\\/\"}]}<\/script>\n<!-- \/ Yoast SEO plugin. -->","yoast_head_json":{"title":"Posadas y el r\u00edo, una asociaci\u00f3n para el disfrute y la calidad de vida | CVI NOTICIAS","robots":{"index":"index","follow":"follow","max-snippet":"max-snippet:-1","max-image-preview":"max-image-preview:large","max-video-preview":"max-video-preview:-1"},"canonical":"https:\/\/cvinoticias.com\/v3\/posadas-y-el-rio-una-asociacion-para-el-disfrute-y-la-calidad-de-vida\/","og_locale":"es_ES","og_type":"article","og_title":"Posadas y el r\u00edo, una asociaci\u00f3n para el disfrute y la calidad de vida | CVI NOTICIAS","og_description":"Las altas temperaturas del verano misionero han convertido a los balnearios Costa Sur y El Brete en los puntos de encuentro por excelencia, convocando al disfrute y esparcimiento a m\u00e1s de 20 mil personas cada fin de semana. La mayor\u00eda son posade\u00f1os, pero tambi\u00e9n hay miles de visitantes del interior y de otras provincias como [&hellip;]","og_url":"https:\/\/cvinoticias.com\/v3\/posadas-y-el-rio-una-asociacion-para-el-disfrute-y-la-calidad-de-vida\/","og_site_name":"CVI NOTICIAS","article_publisher":"https:\/\/www.facebook.com\/cvinoticias","article_published_time":"2022-01-17T16:30:30+00:00","og_image":[{"width":1024,"height":682,"url":"https:\/\/cvinoticias.com\/wp-content\/uploads\/2022\/01\/IMG-20220117-WA0052.jpg","type":"image\/jpeg"}],"author":"f1000024","twitter_card":"summary_large_image","twitter_misc":{"Escrito por":"f1000024","Tiempo de lectura":"4 minutos"},"schema":{"@context":"https:\/\/schema.org","@graph":[{"@type":"Article","@id":"https:\/\/cvinoticias.com\/v3\/posadas-y-el-rio-una-asociacion-para-el-disfrute-y-la-calidad-de-vida\/#article","isPartOf":{"@id":"https:\/\/cvinoticias.com\/v3\/posadas-y-el-rio-una-asociacion-para-el-disfrute-y-la-calidad-de-vida\/"},"author":{"name":"f1000024","@id":"https:\/\/cvinoticias.com\/v3\/#\/schema\/person\/2db77e3c6bc03c538495d7b2b8be9b66"},"headline":"Posadas y el r\u00edo, una asociaci\u00f3n para el disfrute y la calidad de vida","datePublished":"2022-01-17T16:30:30+00:00","mainEntityOfPage":{"@id":"https:\/\/cvinoticias.com\/v3\/posadas-y-el-rio-una-asociacion-para-el-disfrute-y-la-calidad-de-vida\/"},"wordCount":755,"commentCount":0,"publisher":{"@id":"https:\/\/cvinoticias.com\/v3\/#organization"},"image":{"@id":"https:\/\/cvinoticias.com\/v3\/posadas-y-el-rio-una-asociacion-para-el-disfrute-y-la-calidad-de-vida\/#primaryimage"},"thumbnailUrl":"https:\/\/cvinoticias.com\/wp-content\/uploads\/2022\/01\/IMG-20220117-WA0052.jpg","articleSection":["Provinciales"],"inLanguage":"es","potentialAction":[{"@type":"CommentAction","name":"Comment","target":["https:\/\/cvinoticias.com\/v3\/posadas-y-el-rio-una-asociacion-para-el-disfrute-y-la-calidad-de-vida\/#respond"]}]},{"@type":"WebPage","@id":"https:\/\/cvinoticias.com\/v3\/posadas-y-el-rio-una-asociacion-para-el-disfrute-y-la-calidad-de-vida\/","url":"https:\/\/cvinoticias.com\/v3\/posadas-y-el-rio-una-asociacion-para-el-disfrute-y-la-calidad-de-vida\/","name":"Posadas y el r\u00edo, una asociaci\u00f3n para el disfrute y la calidad de vida | CVI NOTICIAS","isPartOf":{"@id":"https:\/\/cvinoticias.com\/v3\/#website"},"primaryImageOfPage":{"@id":"https:\/\/cvinoticias.com\/v3\/posadas-y-el-rio-una-asociacion-para-el-disfrute-y-la-calidad-de-vida\/#primaryimage"},"image":{"@id":"https:\/\/cvinoticias.com\/v3\/posadas-y-el-rio-una-asociacion-para-el-disfrute-y-la-calidad-de-vida\/#primaryimage"},"thumbnailUrl":"https:\/\/cvinoticias.com\/wp-content\/uploads\/2022\/01\/IMG-20220117-WA0052.jpg","datePublished":"2022-01-17T16:30:30+00:00","breadcrumb":{"@id":"https:\/\/cvinoticias.com\/v3\/posadas-y-el-rio-una-asociacion-para-el-disfrute-y-la-calidad-de-vida\/#breadcrumb"},"inLanguage":"es","potentialAction":[{"@type":"ReadAction","target":["https:\/\/cvinoticias.com\/v3\/posadas-y-el-rio-una-asociacion-para-el-disfrute-y-la-calidad-de-vida\/"]}]},{"@type":"ImageObject","inLanguage":"es","@id":"https:\/\/cvinoticias.com\/v3\/posadas-y-el-rio-una-asociacion-para-el-disfrute-y-la-calidad-de-vida\/#primaryimage","url":"https:\/\/cvinoticias.com\/wp-content\/uploads\/2022\/01\/IMG-20220117-WA0052.jpg","contentUrl":"https:\/\/cvinoticias.com\/wp-content\/uploads\/2022\/01\/IMG-20220117-WA0052.jpg","width":1024,"height":682},{"@type":"BreadcrumbList","@id":"https:\/\/cvinoticias.com\/v3\/posadas-y-el-rio-una-asociacion-para-el-disfrute-y-la-calidad-de-vida\/#breadcrumb","itemListElement":[{"@type":"ListItem","position":1,"name":"Portada","item":"https:\/\/cvinoticias.com\/v3\/"},{"@type":"ListItem","position":2,"name":"Posadas y el r\u00edo, una asociaci\u00f3n para el disfrute y la calidad de vida"}]},{"@type":"WebSite","@id":"https:\/\/cvinoticias.com\/v3\/#website","url":"https:\/\/cvinoticias.com\/v3\/","name":"CVI NOTICIAS","description":"","publisher":{"@id":"https:\/\/cvinoticias.com\/v3\/#organization"},"alternateName":"CVI","potentialAction":[{"@type":"SearchAction","target":{"@type":"EntryPoint","urlTemplate":"https:\/\/cvinoticias.com\/v3\/?s={search_term_string}"},"query-input":{"@type":"PropertyValueSpecification","valueRequired":true,"valueName":"search_term_string"}}],"inLanguage":"es"},{"@type":"Organization","@id":"https:\/\/cvinoticias.com\/v3\/#organization","name":"CVI NOTICIAS","url":"https:\/\/cvinoticias.com\/v3\/","logo":{"@type":"ImageObject","inLanguage":"es","@id":"https:\/\/cvinoticias.com\/v3\/#\/schema\/logo\/image\/","url":"https:\/\/cvinoticias.com\/wp-content\/uploads\/2023\/04\/cropped-cropped-cropped-cropped-cropped-3-1.png","contentUrl":"https:\/\/cvinoticias.com\/wp-content\/uploads\/2023\/04\/cropped-cropped-cropped-cropped-cropped-3-1.png","width":95,"height":122,"caption":"CVI NOTICIAS"},"image":{"@id":"https:\/\/cvinoticias.com\/v3\/#\/schema\/logo\/image\/"},"sameAs":["https:\/\/www.facebook.com\/cvinoticias","https:\/\/www.instagram.com\/cvinoticias\/","https:\/\/www.youtube.com\/@CVINOTICIAS"]},{"@type":"Person","@id":"https:\/\/cvinoticias.com\/v3\/#\/schema\/person\/2db77e3c6bc03c538495d7b2b8be9b66","name":"f1000024","image":{"@type":"ImageObject","inLanguage":"es","@id":"https:\/\/secure.gravatar.com\/avatar\/d4fe7459cfc51ff5129ce1a732bbef5928568b8092d412ef95611616376bbeed?s=96&d=mm&r=g","url":"https:\/\/secure.gravatar.com\/avatar\/d4fe7459cfc51ff5129ce1a732bbef5928568b8092d412ef95611616376bbeed?s=96&d=mm&r=g","contentUrl":"https:\/\/secure.gravatar.com\/avatar\/d4fe7459cfc51ff5129ce1a732bbef5928568b8092d412ef95611616376bbeed?s=96&d=mm&r=g","caption":"f1000024"},"url":"https:\/\/cvinoticias.com\/v3\/author\/f1000024\/"}]}},"_links":{"self":[{"href":"https:\/\/cvinoticias.com\/v3\/wp-json\/wp\/v2\/posts\/12409","targetHints":{"allow":["GET"]}}],"collection":[{"href":"https:\/\/cvinoticias.com\/v3\/wp-json\/wp\/v2\/posts"}],"about":[{"href":"https:\/\/cvinoticias.com\/v3\/wp-json\/wp\/v2\/types\/post"}],"author":[{"embeddable":true,"href":"https:\/\/cvinoticias.com\/v3\/wp-json\/wp\/v2\/users\/2"}],"replies":[{"embeddable":true,"href":"https:\/\/cvinoticias.com\/v3\/wp-json\/wp\/v2\/comments?post=12409"}],"version-history":[{"count":1,"href":"https:\/\/cvinoticias.com\/v3\/wp-json\/wp\/v2\/posts\/12409\/revisions"}],"predecessor-version":[{"id":12413,"href":"https:\/\/cvinoticias.com\/v3\/wp-json\/wp\/v2\/posts\/12409\/revisions\/12413"}],"wp:featuredmedia":[{"embeddable":true,"href":"https:\/\/cvinoticias.com\/v3\/wp-json\/wp\/v2\/media\/12410"}],"wp:attachment":[{"href":"https:\/\/cvinoticias.com\/v3\/wp-json\/wp\/v2\/media?parent=12409"}],"wp:term":[{"taxonomy":"category","embeddable":true,"href":"https:\/\/cvinoticias.com\/v3\/wp-json\/wp\/v2\/categories?post=12409"},{"taxonomy":"post_tag","embeddable":true,"href":"https:\/\/cvinoticias.com\/v3\/wp-json\/wp\/v2\/tags?post=12409"}],"curies":[{"name":"wp","href":"https:\/\/api.w.org\/{rel}","templated":true}]}}