{"id":12403,"date":"2022-01-17T14:26:31","date_gmt":"2022-01-17T14:26:31","guid":{"rendered":"https:\/\/cvinoticias.com\/v3\/?p=12403"},"modified":"2022-01-17T14:26:31","modified_gmt":"2022-01-17T14:26:31","slug":"nuevas-ambulancias-refuerzan-el-sistema-sanitario-en-distintos-puntos-de-la-provincia","status":"publish","type":"post","link":"https:\/\/cvinoticias.com\/v3\/nuevas-ambulancias-refuerzan-el-sistema-sanitario-en-distintos-puntos-de-la-provincia\/","title":{"rendered":"Nuevas ambulancias refuerzan el sistema sanitario en distintos puntos de la provincia"},"content":{"rendered":"\n<p><strong><em>Se incorporaron 11 nuevas ambulancias para mejorar la capacidad de respuesta de la Red de Traslado en el interior de la provincia, y ya son 54 en lo que va de la actual gesti\u00f3n de Gobierno. Durante la entrega el Gobernador insisti\u00f3 en la importancia de adquirir estos nuevos m\u00f3viles que optimizar\u00e1n el sistema sanitario, al tiempo que llam\u00f3 a la concordia de los misioneros para avanzar con la inmunizaci\u00f3n contra el Covid-19 y mantener el estatus de \u201cprovincia segura sanitariamente\u201d.<\/em><\/strong><\/p>\n\n\n\n<p>Esta ma\u00f1ana con la entrega de 11 nuevas ambulancias destinadas a diferentes municipios y centros de salud se avanz\u00f3 en la consolidaci\u00f3n del fortalecimiento del sistema sanitario misionero, con el equipamiento y la capacidad de respuesta necesarios en cada rinc\u00f3n de la provincia. Los nuevos m\u00f3viles de alta y mediana complejidad fueron adquiridos con el fin de fortalecer la red de traslado. Durante la entrega el gobernador Oscar Herrera Ahuad indic\u00f3 que se contin\u00faan incorporando m\u00f3viles con el objetivo de optimizar permanentemente los servicios sanitarios de Misiones.<\/p>\n\n\n\n<figure class=\"wp-block-image size-large\"><a href=\"https:\/\/cvinoticias.com\/wp-content\/uploads\/2022\/01\/FB_IMG_1642429082661.jpg\"><img decoding=\"async\" width=\"1024\" height=\"683\" data-src=\"https:\/\/cvinoticias.com\/wp-content\/uploads\/2022\/01\/FB_IMG_1642429082661-1024x683.jpg\" alt=\"\" class=\"wp-image-12405 lazyload\" data-srcset=\"https:\/\/cvinoticias.com\/wp-content\/uploads\/2022\/01\/FB_IMG_1642429082661-1024x683.jpg 1024w, https:\/\/cvinoticias.com\/wp-content\/uploads\/2022\/01\/FB_IMG_1642429082661-300x200.jpg 300w, https:\/\/cvinoticias.com\/wp-content\/uploads\/2022\/01\/FB_IMG_1642429082661-768x512.jpg 768w, https:\/\/cvinoticias.com\/wp-content\/uploads\/2022\/01\/FB_IMG_1642429082661.jpg 1079w\" data-sizes=\"(max-width: 1024px) 100vw, 1024px\" src=\"data:image\/svg+xml;base64,PHN2ZyB3aWR0aD0iMSIgaGVpZ2h0PSIxIiB4bWxucz0iaHR0cDovL3d3dy53My5vcmcvMjAwMC9zdmciPjwvc3ZnPg==\" style=\"--smush-placeholder-width: 1024px; --smush-placeholder-aspect-ratio: 1024\/683;\" \/><\/a><\/figure>\n\n\n\n<p>Adem\u00e1s, el mandatario expres\u00f3 que se sigue actualizando la flota de la Red de Traslados y Emergencia en el marco de una modernizaci\u00f3n constante del parque automotor sumando unidades de Alta Complejidad. Destac\u00f3 la gesti\u00f3n del Ministerio de Salud P\u00fablica en esta ampliaci\u00f3n de unidades y asegur\u00f3 que \u201ca partir de hoy est\u00e1n disponibles en cada una de las localidades de Misiones para resolver los problemas de la gente\u201d. En la misma l\u00ednea, sostuvo que la incorporaci\u00f3n de nuevas unidades reduce el tiempo de traslado, ya que cada municipio tiene su m\u00f3vil para el movimiento de pacientes.<\/p>\n\n\n\n<p>Por \u00faltimo, sobre la pandemia, llamo a la concordia de todos los misioneros \u201cporque la vacunaci\u00f3n es un acto solidario\u201d y \u201ctratemos de que nuestra provincia de que siga siendo segura sanitariamente\u201d. Tambi\u00e9n, recalc\u00f3 la fuerte labor de los trabajadores de salud de Misiones y que el alto \u00edndice de vacunaci\u00f3n afecta positivamente a la econom\u00eda por lo que \u201ctodo se motoriza en forma mucho m\u00e1s eficiente\u201d.<\/p>\n\n\n\n<p>La entrega de las nuevas unidades se concret\u00f3 en las instalaciones de la Red de Traslados, y acompa\u00f1aron el vicegobernador, Carlos Arce; e ministro coordinador de Gabinete, Ricardo Wellbach; el ministro de Salud, Oscar Alarc\u00f3n; el diputado Provincial Mart\u00edn Cesino; el intendente de Posadas, Leonardo Stelatto adem\u00e1s de jefes comunales de los municipios beneficiados con las nuevas ambulancias.<\/p>\n\n\n\n<p><strong>LAS AMBULANCIAS<\/strong><\/p>\n\n\n\n<p>Esta ma\u00f1ana se entregaron 11 ambulancias destinadas a municipios y hospitales de la provincia. Del total de m\u00f3viles, 9 son de mediana complejidad y 2 de Alta Complejidad y fueron asignados a los municipios de Ap\u00f3stoles, Tres Capones, Dos Arroyos, Gobernador L\u00f3pez, Caraguatay, El Alc\u00e1zar, Colonia Polana. Mientras otros formar\u00e1n parte del parque vial de los hospitales de Alba Posse, Dos de Mayo, Comandante Andresito y de la UTC Posadas.<\/p>\n\n\n\n<p><strong>LAS GESTIONES FRENTE A NACI\u00d3N<\/strong><\/p>\n\n\n\n<p>Despu\u00e9s de la entrega de las unidades m\u00f3viles, el Gobernador hizo declaraciones a la prensa en relaci\u00f3n a las gestiones que encabez\u00f3 la semana pasada ante organismos nacionales en reclamo de obras y beneficios para los misioneros.<\/p>\n\n\n\n<p>En relaci\u00f3n al acceso al agua, Herrera Ahuad se explay\u00f3 sobre el acuerdo logrado para los trabajos de perforaci\u00f3n que se realizar\u00e1n con un ducto para tres municipios en serios problemas con este recurso vital, como M\u00e1rtires, Almafuerte y Gobernador L\u00f3pez.<br>El mandatario indic\u00f3 que las gestiones ante Naci\u00f3n fueron necesarias debido a la falta de sanci\u00f3n del presupuesto 2022 en el Congreso de la Naci\u00f3n que afecta el desarrollo de obras vitales para Misiones, lo que \u201cgenera la obligaci\u00f3n de ir a\u00fan m\u00e1s a Buenos Aires para que esos recursos sean incorporados por DNU para prorrogar el presupuesto 2021\u201d. Estim\u00f3 que se trata de unos 91 mil millones para sumar a las partidas para estructuras necesarias para la salud, seguridad entre otras \u00e1reas importantes. Entre ellos los proyectos ejecutivos para obras en la Ruta Nacional N.\u00ba 12 en la zona de San Ignacio, Santo Pipo y Montecarlo, la Ruta Provincial N.\u00ba 212, N\u00ba 17 y N.\u00ba 7, as\u00ed como el soterramiento de la avenida Quaranta y de la 213 en la ciudad de Posadas.<\/p>\n\n\n\n<p>Entre los otros temas tratados en sus gestiones en la capital nacional mencion\u00f3 que gestion\u00f3 obras para mejorar las condiciones del puerto de Posadas y subsidios en \u00e1rea de transporte, construcciones de playones deportivos y centros de Primera Infancia. Adelant\u00f3 tambi\u00e9n la gesti\u00f3n con el Ministerio de Seguridad de la Naci\u00f3n el d\u00eda de ma\u00f1ana para nuevos m\u00f3viles para las fuerzas policiales, autobombas para los bomberos entre otros refuerzos en materia de log\u00edstica.<\/p>\n\n\n\n<figure class=\"wp-block-image size-large is-resized\"><a href=\"https:\/\/cvinoticias.com\/wp-content\/uploads\/2022\/01\/FB_IMG_1642429063456.jpg\"><img decoding=\"async\" data-src=\"https:\/\/cvinoticias.com\/wp-content\/uploads\/2022\/01\/FB_IMG_1642429063456-1024x683.jpg\" alt=\"\" class=\"wp-image-12406 lazyload\" width=\"677\" height=\"451\" data-srcset=\"https:\/\/cvinoticias.com\/wp-content\/uploads\/2022\/01\/FB_IMG_1642429063456-1024x683.jpg 1024w, https:\/\/cvinoticias.com\/wp-content\/uploads\/2022\/01\/FB_IMG_1642429063456-300x200.jpg 300w, https:\/\/cvinoticias.com\/wp-content\/uploads\/2022\/01\/FB_IMG_1642429063456-768x512.jpg 768w, https:\/\/cvinoticias.com\/wp-content\/uploads\/2022\/01\/FB_IMG_1642429063456.jpg 1079w\" data-sizes=\"(max-width: 677px) 100vw, 677px\" src=\"data:image\/svg+xml;base64,PHN2ZyB3aWR0aD0iMSIgaGVpZ2h0PSIxIiB4bWxucz0iaHR0cDovL3d3dy53My5vcmcvMjAwMC9zdmciPjwvc3ZnPg==\" style=\"--smush-placeholder-width: 677px; --smush-placeholder-aspect-ratio: 677\/451;\" \/><\/a><\/figure>\n\n\n\n<figure class=\"wp-block-image size-large\"><a href=\"https:\/\/cvinoticias.com\/wp-content\/uploads\/2022\/01\/FB_IMG_1642429065848.jpg\"><img decoding=\"async\" width=\"1024\" height=\"683\" data-src=\"https:\/\/cvinoticias.com\/wp-content\/uploads\/2022\/01\/FB_IMG_1642429065848-1024x683.jpg\" alt=\"\" class=\"wp-image-12407 lazyload\" data-srcset=\"https:\/\/cvinoticias.com\/wp-content\/uploads\/2022\/01\/FB_IMG_1642429065848-1024x683.jpg 1024w, https:\/\/cvinoticias.com\/wp-content\/uploads\/2022\/01\/FB_IMG_1642429065848-300x200.jpg 300w, https:\/\/cvinoticias.com\/wp-content\/uploads\/2022\/01\/FB_IMG_1642429065848-768x512.jpg 768w, https:\/\/cvinoticias.com\/wp-content\/uploads\/2022\/01\/FB_IMG_1642429065848.jpg 1079w\" data-sizes=\"(max-width: 1024px) 100vw, 1024px\" src=\"data:image\/svg+xml;base64,PHN2ZyB3aWR0aD0iMSIgaGVpZ2h0PSIxIiB4bWxucz0iaHR0cDovL3d3dy53My5vcmcvMjAwMC9zdmciPjwvc3ZnPg==\" style=\"--smush-placeholder-width: 1024px; --smush-placeholder-aspect-ratio: 1024\/683;\" \/><\/a><\/figure>\n\n\n\n<p><\/p>\n","protected":false},"excerpt":{"rendered":"<p>Se incorporaron 11 nuevas ambulancias para mejorar la capacidad de respuesta de la Red de Traslado en el interior de la provincia, y ya son 54 en lo que va de la actual gesti\u00f3n de Gobierno. Durante la entrega el Gobernador insisti\u00f3 en la importancia de adquirir estos nuevos m\u00f3viles que optimizar\u00e1n el sistema sanitario, [&hellip;]<\/p>\n","protected":false},"author":2,"featured_media":12404,"comment_status":"open","ping_status":"open","sticky":false,"template":"","format":"standard","meta":{"footnotes":""},"categories":[43],"tags":[],"class_list":["post-12403","post","type-post","status-publish","format-standard","has-post-thumbnail","hentry","category-provinciales"],"yoast_head":"<!-- This site is optimized with the Yoast SEO plugin v27.4 - https:\/\/yoast.com\/product\/yoast-seo-wordpress\/ -->\n<title>Nuevas ambulancias refuerzan el sistema sanitario en distintos puntos de la provincia | CVI NOTICIAS<\/title>\n<meta name=\"robots\" content=\"index, follow, max-snippet:-1, max-image-preview:large, max-video-preview:-1\" \/>\n<link rel=\"canonical\" href=\"https:\/\/cvinoticias.com\/v3\/nuevas-ambulancias-refuerzan-el-sistema-sanitario-en-distintos-puntos-de-la-provincia\/\" \/>\n<meta property=\"og:locale\" content=\"es_ES\" \/>\n<meta property=\"og:type\" content=\"article\" \/>\n<meta property=\"og:title\" content=\"Nuevas ambulancias refuerzan el sistema sanitario en distintos puntos de la provincia | CVI NOTICIAS\" \/>\n<meta property=\"og:description\" content=\"Se incorporaron 11 nuevas ambulancias para mejorar la capacidad de respuesta de la Red de Traslado en el interior de la provincia, y ya son 54 en lo que va de la actual gesti\u00f3n de Gobierno. Durante la entrega el Gobernador insisti\u00f3 en la importancia de adquirir estos nuevos m\u00f3viles que optimizar\u00e1n el sistema sanitario, [&hellip;]\" \/>\n<meta property=\"og:url\" content=\"https:\/\/cvinoticias.com\/v3\/nuevas-ambulancias-refuerzan-el-sistema-sanitario-en-distintos-puntos-de-la-provincia\/\" \/>\n<meta property=\"og:site_name\" content=\"CVI NOTICIAS\" \/>\n<meta property=\"article:publisher\" content=\"https:\/\/www.facebook.com\/cvinoticias\" \/>\n<meta property=\"article:published_time\" content=\"2022-01-17T14:26:31+00:00\" \/>\n<meta property=\"og:image\" content=\"https:\/\/cvinoticias.com\/wp-content\/uploads\/2022\/01\/FB_IMG_1642429080074.jpg\" \/>\n\t<meta property=\"og:image:width\" content=\"1079\" \/>\n\t<meta property=\"og:image:height\" content=\"720\" \/>\n\t<meta property=\"og:image:type\" content=\"image\/jpeg\" \/>\n<meta name=\"author\" content=\"f1000024\" \/>\n<meta name=\"twitter:card\" content=\"summary_large_image\" \/>\n<meta name=\"twitter:label1\" content=\"Escrito por\" \/>\n\t<meta name=\"twitter:data1\" content=\"f1000024\" \/>\n\t<meta name=\"twitter:label2\" content=\"Tiempo de lectura\" \/>\n\t<meta name=\"twitter:data2\" content=\"4 minutos\" \/>\n<script type=\"application\/ld+json\" class=\"yoast-schema-graph\">{\"@context\":\"https:\\\/\\\/schema.org\",\"@graph\":[{\"@type\":\"Article\",\"@id\":\"https:\\\/\\\/cvinoticias.com\\\/v3\\\/nuevas-ambulancias-refuerzan-el-sistema-sanitario-en-distintos-puntos-de-la-provincia\\\/#article\",\"isPartOf\":{\"@id\":\"https:\\\/\\\/cvinoticias.com\\\/v3\\\/nuevas-ambulancias-refuerzan-el-sistema-sanitario-en-distintos-puntos-de-la-provincia\\\/\"},\"author\":{\"name\":\"f1000024\",\"@id\":\"https:\\\/\\\/cvinoticias.com\\\/v3\\\/#\\\/schema\\\/person\\\/2db77e3c6bc03c538495d7b2b8be9b66\"},\"headline\":\"Nuevas ambulancias refuerzan el sistema sanitario en distintos puntos de la provincia\",\"datePublished\":\"2022-01-17T14:26:31+00:00\",\"mainEntityOfPage\":{\"@id\":\"https:\\\/\\\/cvinoticias.com\\\/v3\\\/nuevas-ambulancias-refuerzan-el-sistema-sanitario-en-distintos-puntos-de-la-provincia\\\/\"},\"wordCount\":806,\"commentCount\":0,\"publisher\":{\"@id\":\"https:\\\/\\\/cvinoticias.com\\\/v3\\\/#organization\"},\"image\":{\"@id\":\"https:\\\/\\\/cvinoticias.com\\\/v3\\\/nuevas-ambulancias-refuerzan-el-sistema-sanitario-en-distintos-puntos-de-la-provincia\\\/#primaryimage\"},\"thumbnailUrl\":\"https:\\\/\\\/cvinoticias.com\\\/wp-content\\\/uploads\\\/2022\\\/01\\\/FB_IMG_1642429080074.jpg\",\"articleSection\":[\"Provinciales\"],\"inLanguage\":\"es\",\"potentialAction\":[{\"@type\":\"CommentAction\",\"name\":\"Comment\",\"target\":[\"https:\\\/\\\/cvinoticias.com\\\/v3\\\/nuevas-ambulancias-refuerzan-el-sistema-sanitario-en-distintos-puntos-de-la-provincia\\\/#respond\"]}]},{\"@type\":\"WebPage\",\"@id\":\"https:\\\/\\\/cvinoticias.com\\\/v3\\\/nuevas-ambulancias-refuerzan-el-sistema-sanitario-en-distintos-puntos-de-la-provincia\\\/\",\"url\":\"https:\\\/\\\/cvinoticias.com\\\/v3\\\/nuevas-ambulancias-refuerzan-el-sistema-sanitario-en-distintos-puntos-de-la-provincia\\\/\",\"name\":\"Nuevas ambulancias refuerzan el sistema sanitario en distintos puntos de la provincia | CVI NOTICIAS\",\"isPartOf\":{\"@id\":\"https:\\\/\\\/cvinoticias.com\\\/v3\\\/#website\"},\"primaryImageOfPage\":{\"@id\":\"https:\\\/\\\/cvinoticias.com\\\/v3\\\/nuevas-ambulancias-refuerzan-el-sistema-sanitario-en-distintos-puntos-de-la-provincia\\\/#primaryimage\"},\"image\":{\"@id\":\"https:\\\/\\\/cvinoticias.com\\\/v3\\\/nuevas-ambulancias-refuerzan-el-sistema-sanitario-en-distintos-puntos-de-la-provincia\\\/#primaryimage\"},\"thumbnailUrl\":\"https:\\\/\\\/cvinoticias.com\\\/wp-content\\\/uploads\\\/2022\\\/01\\\/FB_IMG_1642429080074.jpg\",\"datePublished\":\"2022-01-17T14:26:31+00:00\",\"breadcrumb\":{\"@id\":\"https:\\\/\\\/cvinoticias.com\\\/v3\\\/nuevas-ambulancias-refuerzan-el-sistema-sanitario-en-distintos-puntos-de-la-provincia\\\/#breadcrumb\"},\"inLanguage\":\"es\",\"potentialAction\":[{\"@type\":\"ReadAction\",\"target\":[\"https:\\\/\\\/cvinoticias.com\\\/v3\\\/nuevas-ambulancias-refuerzan-el-sistema-sanitario-en-distintos-puntos-de-la-provincia\\\/\"]}]},{\"@type\":\"ImageObject\",\"inLanguage\":\"es\",\"@id\":\"https:\\\/\\\/cvinoticias.com\\\/v3\\\/nuevas-ambulancias-refuerzan-el-sistema-sanitario-en-distintos-puntos-de-la-provincia\\\/#primaryimage\",\"url\":\"https:\\\/\\\/cvinoticias.com\\\/wp-content\\\/uploads\\\/2022\\\/01\\\/FB_IMG_1642429080074.jpg\",\"contentUrl\":\"https:\\\/\\\/cvinoticias.com\\\/wp-content\\\/uploads\\\/2022\\\/01\\\/FB_IMG_1642429080074.jpg\",\"width\":1079,\"height\":720},{\"@type\":\"BreadcrumbList\",\"@id\":\"https:\\\/\\\/cvinoticias.com\\\/v3\\\/nuevas-ambulancias-refuerzan-el-sistema-sanitario-en-distintos-puntos-de-la-provincia\\\/#breadcrumb\",\"itemListElement\":[{\"@type\":\"ListItem\",\"position\":1,\"name\":\"Portada\",\"item\":\"https:\\\/\\\/cvinoticias.com\\\/v3\\\/\"},{\"@type\":\"ListItem\",\"position\":2,\"name\":\"Nuevas ambulancias refuerzan el sistema sanitario en distintos puntos de la provincia\"}]},{\"@type\":\"WebSite\",\"@id\":\"https:\\\/\\\/cvinoticias.com\\\/v3\\\/#website\",\"url\":\"https:\\\/\\\/cvinoticias.com\\\/v3\\\/\",\"name\":\"CVI NOTICIAS\",\"description\":\"\",\"publisher\":{\"@id\":\"https:\\\/\\\/cvinoticias.com\\\/v3\\\/#organization\"},\"alternateName\":\"CVI\",\"potentialAction\":[{\"@type\":\"SearchAction\",\"target\":{\"@type\":\"EntryPoint\",\"urlTemplate\":\"https:\\\/\\\/cvinoticias.com\\\/v3\\\/?s={search_term_string}\"},\"query-input\":{\"@type\":\"PropertyValueSpecification\",\"valueRequired\":true,\"valueName\":\"search_term_string\"}}],\"inLanguage\":\"es\"},{\"@type\":\"Organization\",\"@id\":\"https:\\\/\\\/cvinoticias.com\\\/v3\\\/#organization\",\"name\":\"CVI NOTICIAS\",\"url\":\"https:\\\/\\\/cvinoticias.com\\\/v3\\\/\",\"logo\":{\"@type\":\"ImageObject\",\"inLanguage\":\"es\",\"@id\":\"https:\\\/\\\/cvinoticias.com\\\/v3\\\/#\\\/schema\\\/logo\\\/image\\\/\",\"url\":\"https:\\\/\\\/cvinoticias.com\\\/wp-content\\\/uploads\\\/2023\\\/04\\\/cropped-cropped-cropped-cropped-cropped-3-1.png\",\"contentUrl\":\"https:\\\/\\\/cvinoticias.com\\\/wp-content\\\/uploads\\\/2023\\\/04\\\/cropped-cropped-cropped-cropped-cropped-3-1.png\",\"width\":95,\"height\":122,\"caption\":\"CVI NOTICIAS\"},\"image\":{\"@id\":\"https:\\\/\\\/cvinoticias.com\\\/v3\\\/#\\\/schema\\\/logo\\\/image\\\/\"},\"sameAs\":[\"https:\\\/\\\/www.facebook.com\\\/cvinoticias\",\"https:\\\/\\\/www.instagram.com\\\/cvinoticias\\\/\",\"https:\\\/\\\/www.youtube.com\\\/@CVINOTICIAS\"]},{\"@type\":\"Person\",\"@id\":\"https:\\\/\\\/cvinoticias.com\\\/v3\\\/#\\\/schema\\\/person\\\/2db77e3c6bc03c538495d7b2b8be9b66\",\"name\":\"f1000024\",\"image\":{\"@type\":\"ImageObject\",\"inLanguage\":\"es\",\"@id\":\"https:\\\/\\\/secure.gravatar.com\\\/avatar\\\/d4fe7459cfc51ff5129ce1a732bbef5928568b8092d412ef95611616376bbeed?s=96&d=mm&r=g\",\"url\":\"https:\\\/\\\/secure.gravatar.com\\\/avatar\\\/d4fe7459cfc51ff5129ce1a732bbef5928568b8092d412ef95611616376bbeed?s=96&d=mm&r=g\",\"contentUrl\":\"https:\\\/\\\/secure.gravatar.com\\\/avatar\\\/d4fe7459cfc51ff5129ce1a732bbef5928568b8092d412ef95611616376bbeed?s=96&d=mm&r=g\",\"caption\":\"f1000024\"},\"url\":\"https:\\\/\\\/cvinoticias.com\\\/v3\\\/author\\\/f1000024\\\/\"}]}<\/script>\n<!-- \/ Yoast SEO plugin. -->","yoast_head_json":{"title":"Nuevas ambulancias refuerzan el sistema sanitario en distintos puntos de la provincia | CVI NOTICIAS","robots":{"index":"index","follow":"follow","max-snippet":"max-snippet:-1","max-image-preview":"max-image-preview:large","max-video-preview":"max-video-preview:-1"},"canonical":"https:\/\/cvinoticias.com\/v3\/nuevas-ambulancias-refuerzan-el-sistema-sanitario-en-distintos-puntos-de-la-provincia\/","og_locale":"es_ES","og_type":"article","og_title":"Nuevas ambulancias refuerzan el sistema sanitario en distintos puntos de la provincia | CVI NOTICIAS","og_description":"Se incorporaron 11 nuevas ambulancias para mejorar la capacidad de respuesta de la Red de Traslado en el interior de la provincia, y ya son 54 en lo que va de la actual gesti\u00f3n de Gobierno. Durante la entrega el Gobernador insisti\u00f3 en la importancia de adquirir estos nuevos m\u00f3viles que optimizar\u00e1n el sistema sanitario, [&hellip;]","og_url":"https:\/\/cvinoticias.com\/v3\/nuevas-ambulancias-refuerzan-el-sistema-sanitario-en-distintos-puntos-de-la-provincia\/","og_site_name":"CVI NOTICIAS","article_publisher":"https:\/\/www.facebook.com\/cvinoticias","article_published_time":"2022-01-17T14:26:31+00:00","og_image":[{"width":1079,"height":720,"url":"https:\/\/cvinoticias.com\/wp-content\/uploads\/2022\/01\/FB_IMG_1642429080074.jpg","type":"image\/jpeg"}],"author":"f1000024","twitter_card":"summary_large_image","twitter_misc":{"Escrito por":"f1000024","Tiempo de lectura":"4 minutos"},"schema":{"@context":"https:\/\/schema.org","@graph":[{"@type":"Article","@id":"https:\/\/cvinoticias.com\/v3\/nuevas-ambulancias-refuerzan-el-sistema-sanitario-en-distintos-puntos-de-la-provincia\/#article","isPartOf":{"@id":"https:\/\/cvinoticias.com\/v3\/nuevas-ambulancias-refuerzan-el-sistema-sanitario-en-distintos-puntos-de-la-provincia\/"},"author":{"name":"f1000024","@id":"https:\/\/cvinoticias.com\/v3\/#\/schema\/person\/2db77e3c6bc03c538495d7b2b8be9b66"},"headline":"Nuevas ambulancias refuerzan el sistema sanitario en distintos puntos de la provincia","datePublished":"2022-01-17T14:26:31+00:00","mainEntityOfPage":{"@id":"https:\/\/cvinoticias.com\/v3\/nuevas-ambulancias-refuerzan-el-sistema-sanitario-en-distintos-puntos-de-la-provincia\/"},"wordCount":806,"commentCount":0,"publisher":{"@id":"https:\/\/cvinoticias.com\/v3\/#organization"},"image":{"@id":"https:\/\/cvinoticias.com\/v3\/nuevas-ambulancias-refuerzan-el-sistema-sanitario-en-distintos-puntos-de-la-provincia\/#primaryimage"},"thumbnailUrl":"https:\/\/cvinoticias.com\/wp-content\/uploads\/2022\/01\/FB_IMG_1642429080074.jpg","articleSection":["Provinciales"],"inLanguage":"es","potentialAction":[{"@type":"CommentAction","name":"Comment","target":["https:\/\/cvinoticias.com\/v3\/nuevas-ambulancias-refuerzan-el-sistema-sanitario-en-distintos-puntos-de-la-provincia\/#respond"]}]},{"@type":"WebPage","@id":"https:\/\/cvinoticias.com\/v3\/nuevas-ambulancias-refuerzan-el-sistema-sanitario-en-distintos-puntos-de-la-provincia\/","url":"https:\/\/cvinoticias.com\/v3\/nuevas-ambulancias-refuerzan-el-sistema-sanitario-en-distintos-puntos-de-la-provincia\/","name":"Nuevas ambulancias refuerzan el sistema sanitario en distintos puntos de la provincia | CVI NOTICIAS","isPartOf":{"@id":"https:\/\/cvinoticias.com\/v3\/#website"},"primaryImageOfPage":{"@id":"https:\/\/cvinoticias.com\/v3\/nuevas-ambulancias-refuerzan-el-sistema-sanitario-en-distintos-puntos-de-la-provincia\/#primaryimage"},"image":{"@id":"https:\/\/cvinoticias.com\/v3\/nuevas-ambulancias-refuerzan-el-sistema-sanitario-en-distintos-puntos-de-la-provincia\/#primaryimage"},"thumbnailUrl":"https:\/\/cvinoticias.com\/wp-content\/uploads\/2022\/01\/FB_IMG_1642429080074.jpg","datePublished":"2022-01-17T14:26:31+00:00","breadcrumb":{"@id":"https:\/\/cvinoticias.com\/v3\/nuevas-ambulancias-refuerzan-el-sistema-sanitario-en-distintos-puntos-de-la-provincia\/#breadcrumb"},"inLanguage":"es","potentialAction":[{"@type":"ReadAction","target":["https:\/\/cvinoticias.com\/v3\/nuevas-ambulancias-refuerzan-el-sistema-sanitario-en-distintos-puntos-de-la-provincia\/"]}]},{"@type":"ImageObject","inLanguage":"es","@id":"https:\/\/cvinoticias.com\/v3\/nuevas-ambulancias-refuerzan-el-sistema-sanitario-en-distintos-puntos-de-la-provincia\/#primaryimage","url":"https:\/\/cvinoticias.com\/wp-content\/uploads\/2022\/01\/FB_IMG_1642429080074.jpg","contentUrl":"https:\/\/cvinoticias.com\/wp-content\/uploads\/2022\/01\/FB_IMG_1642429080074.jpg","width":1079,"height":720},{"@type":"BreadcrumbList","@id":"https:\/\/cvinoticias.com\/v3\/nuevas-ambulancias-refuerzan-el-sistema-sanitario-en-distintos-puntos-de-la-provincia\/#breadcrumb","itemListElement":[{"@type":"ListItem","position":1,"name":"Portada","item":"https:\/\/cvinoticias.com\/v3\/"},{"@type":"ListItem","position":2,"name":"Nuevas ambulancias refuerzan el sistema sanitario en distintos puntos de la provincia"}]},{"@type":"WebSite","@id":"https:\/\/cvinoticias.com\/v3\/#website","url":"https:\/\/cvinoticias.com\/v3\/","name":"CVI NOTICIAS","description":"","publisher":{"@id":"https:\/\/cvinoticias.com\/v3\/#organization"},"alternateName":"CVI","potentialAction":[{"@type":"SearchAction","target":{"@type":"EntryPoint","urlTemplate":"https:\/\/cvinoticias.com\/v3\/?s={search_term_string}"},"query-input":{"@type":"PropertyValueSpecification","valueRequired":true,"valueName":"search_term_string"}}],"inLanguage":"es"},{"@type":"Organization","@id":"https:\/\/cvinoticias.com\/v3\/#organization","name":"CVI NOTICIAS","url":"https:\/\/cvinoticias.com\/v3\/","logo":{"@type":"ImageObject","inLanguage":"es","@id":"https:\/\/cvinoticias.com\/v3\/#\/schema\/logo\/image\/","url":"https:\/\/cvinoticias.com\/wp-content\/uploads\/2023\/04\/cropped-cropped-cropped-cropped-cropped-3-1.png","contentUrl":"https:\/\/cvinoticias.com\/wp-content\/uploads\/2023\/04\/cropped-cropped-cropped-cropped-cropped-3-1.png","width":95,"height":122,"caption":"CVI NOTICIAS"},"image":{"@id":"https:\/\/cvinoticias.com\/v3\/#\/schema\/logo\/image\/"},"sameAs":["https:\/\/www.facebook.com\/cvinoticias","https:\/\/www.instagram.com\/cvinoticias\/","https:\/\/www.youtube.com\/@CVINOTICIAS"]},{"@type":"Person","@id":"https:\/\/cvinoticias.com\/v3\/#\/schema\/person\/2db77e3c6bc03c538495d7b2b8be9b66","name":"f1000024","image":{"@type":"ImageObject","inLanguage":"es","@id":"https:\/\/secure.gravatar.com\/avatar\/d4fe7459cfc51ff5129ce1a732bbef5928568b8092d412ef95611616376bbeed?s=96&d=mm&r=g","url":"https:\/\/secure.gravatar.com\/avatar\/d4fe7459cfc51ff5129ce1a732bbef5928568b8092d412ef95611616376bbeed?s=96&d=mm&r=g","contentUrl":"https:\/\/secure.gravatar.com\/avatar\/d4fe7459cfc51ff5129ce1a732bbef5928568b8092d412ef95611616376bbeed?s=96&d=mm&r=g","caption":"f1000024"},"url":"https:\/\/cvinoticias.com\/v3\/author\/f1000024\/"}]}},"_links":{"self":[{"href":"https:\/\/cvinoticias.com\/v3\/wp-json\/wp\/v2\/posts\/12403","targetHints":{"allow":["GET"]}}],"collection":[{"href":"https:\/\/cvinoticias.com\/v3\/wp-json\/wp\/v2\/posts"}],"about":[{"href":"https:\/\/cvinoticias.com\/v3\/wp-json\/wp\/v2\/types\/post"}],"author":[{"embeddable":true,"href":"https:\/\/cvinoticias.com\/v3\/wp-json\/wp\/v2\/users\/2"}],"replies":[{"embeddable":true,"href":"https:\/\/cvinoticias.com\/v3\/wp-json\/wp\/v2\/comments?post=12403"}],"version-history":[{"count":1,"href":"https:\/\/cvinoticias.com\/v3\/wp-json\/wp\/v2\/posts\/12403\/revisions"}],"predecessor-version":[{"id":12408,"href":"https:\/\/cvinoticias.com\/v3\/wp-json\/wp\/v2\/posts\/12403\/revisions\/12408"}],"wp:featuredmedia":[{"embeddable":true,"href":"https:\/\/cvinoticias.com\/v3\/wp-json\/wp\/v2\/media\/12404"}],"wp:attachment":[{"href":"https:\/\/cvinoticias.com\/v3\/wp-json\/wp\/v2\/media?parent=12403"}],"wp:term":[{"taxonomy":"category","embeddable":true,"href":"https:\/\/cvinoticias.com\/v3\/wp-json\/wp\/v2\/categories?post=12403"},{"taxonomy":"post_tag","embeddable":true,"href":"https:\/\/cvinoticias.com\/v3\/wp-json\/wp\/v2\/tags?post=12403"}],"curies":[{"name":"wp","href":"https:\/\/api.w.org\/{rel}","templated":true}]}}