{"id":12394,"date":"2022-01-17T13:10:33","date_gmt":"2022-01-17T13:10:33","guid":{"rendered":"https:\/\/cvinoticias.com\/v3\/?p=12394"},"modified":"2022-01-17T13:10:33","modified_gmt":"2022-01-17T13:10:33","slug":"fallecio-un-hombre-tras-un-accidente-de-transito-en-eldorado","status":"publish","type":"post","link":"https:\/\/cvinoticias.com\/v3\/fallecio-un-hombre-tras-un-accidente-de-transito-en-eldorado\/","title":{"rendered":"Falleci\u00f3 un hombre tras un accidente de tr\u00e1nsito en Eldorado"},"content":{"rendered":"\n<p><strong><em>Esta madrugada, el personal policial de la comisar\u00eda 2da tom\u00f3 conocimiento de un siniestro vial fatal ocurrido sobre la Ruta Nacional 12 a la altura de esa ciudad, que dej\u00f3 como saldo la muerte de un hombre identificado como Jorge Arturo S. de 56 a\u00f1os.<\/em><\/strong><\/p>\n\n\n\n<p>Al llegar al lugar, los uniformados visualizaron una bicicleta y a unos metros a una persona tendida en el suelo sin signos vitales. Que por causas que se tratan de establecer, fue colisionado por un autom\u00f3vil marca Citro\u00ebn Berlingo.<\/p>\n\n\n\n<p>Posteriormente, se hall\u00f3 al otro veh\u00edculo involucrado en el siniestro en el Peaje de Colonia Victoria, juntamente con el conductor del mismo, un hombre de 72 a\u00f1os, quien fue notificado de la presente causa y queda a disposici\u00f3n de la justicia para el esclarecimiento del hecho.<\/p>\n\n\n\n<p>Cabe mencionar que el cuerpo sin vida del ciclista ser\u00e1 entregado a sus familiares para su correspondiente inhumaci\u00f3n. Por otra parte, ambos rodados fueron secuestrados.<\/p>\n\n\n\n<p>Trabaj\u00f3 en el lugar el personal de la Polic\u00eda Cient\u00edfica perteneciente a la Unidad Regional Tres, quienes realizaron trabajos de rigor, adem\u00e1s el personal de la Divisi\u00f3n de Seguridad Vial y Personal de Gendarmer\u00eda Nacional prestaron colaboraci\u00f3n con el control vehicular. As\u00ed tambi\u00e9n, se hicieron presentes el M\u00e9dico Policial y el Bioqu\u00edmico.<\/p>\n","protected":false},"excerpt":{"rendered":"<p>Esta madrugada, el personal policial de la comisar\u00eda 2da tom\u00f3 conocimiento de un siniestro vial fatal ocurrido sobre la Ruta Nacional 12 a la altura de esa ciudad, que dej\u00f3 como saldo la muerte de un hombre identificado como Jorge Arturo S. de 56 a\u00f1os. Al llegar al lugar, los uniformados visualizaron una bicicleta y [&hellip;]<\/p>\n","protected":false},"author":2,"featured_media":12395,"comment_status":"open","ping_status":"open","sticky":false,"template":"","format":"standard","meta":{"footnotes":""},"categories":[41],"tags":[],"class_list":["post-12394","post","type-post","status-publish","format-standard","has-post-thumbnail","hentry","category-policiales"],"yoast_head":"<!-- This site is optimized with the Yoast SEO plugin v27.5 - https:\/\/yoast.com\/product\/yoast-seo-wordpress\/ -->\n<title>Falleci\u00f3 un hombre tras un accidente de tr\u00e1nsito en Eldorado | CVI NOTICIAS<\/title>\n<meta name=\"robots\" content=\"index, follow, max-snippet:-1, max-image-preview:large, max-video-preview:-1\" \/>\n<link rel=\"canonical\" href=\"https:\/\/cvinoticias.com\/v3\/fallecio-un-hombre-tras-un-accidente-de-transito-en-eldorado\/\" \/>\n<meta property=\"og:locale\" content=\"es_ES\" \/>\n<meta property=\"og:type\" content=\"article\" \/>\n<meta property=\"og:title\" content=\"Falleci\u00f3 un hombre tras un accidente de tr\u00e1nsito en Eldorado | CVI NOTICIAS\" \/>\n<meta property=\"og:description\" content=\"Esta madrugada, el personal policial de la comisar\u00eda 2da tom\u00f3 conocimiento de un siniestro vial fatal ocurrido sobre la Ruta Nacional 12 a la altura de esa ciudad, que dej\u00f3 como saldo la muerte de un hombre identificado como Jorge Arturo S. de 56 a\u00f1os. Al llegar al lugar, los uniformados visualizaron una bicicleta y [&hellip;]\" \/>\n<meta property=\"og:url\" content=\"https:\/\/cvinoticias.com\/v3\/fallecio-un-hombre-tras-un-accidente-de-transito-en-eldorado\/\" \/>\n<meta property=\"og:site_name\" content=\"CVI NOTICIAS\" \/>\n<meta property=\"article:publisher\" content=\"https:\/\/www.facebook.com\/cvinoticias\" \/>\n<meta property=\"article:published_time\" content=\"2022-01-17T13:10:33+00:00\" \/>\n<meta property=\"og:image\" content=\"https:\/\/cvinoticias.com\/wp-content\/uploads\/2022\/01\/IMG-20220117-WA0002.jpg\" \/>\n\t<meta property=\"og:image:width\" content=\"1280\" \/>\n\t<meta property=\"og:image:height\" content=\"720\" \/>\n\t<meta property=\"og:image:type\" content=\"image\/jpeg\" \/>\n<meta name=\"author\" content=\"f1000024\" \/>\n<meta name=\"twitter:card\" content=\"summary_large_image\" \/>\n<meta name=\"twitter:label1\" content=\"Escrito por\" \/>\n\t<meta name=\"twitter:data1\" content=\"f1000024\" \/>\n\t<meta name=\"twitter:label2\" content=\"Tiempo de lectura\" \/>\n\t<meta name=\"twitter:data2\" content=\"1 minuto\" \/>\n<script type=\"application\/ld+json\" class=\"yoast-schema-graph\">{\"@context\":\"https:\\\/\\\/schema.org\",\"@graph\":[{\"@type\":\"Article\",\"@id\":\"https:\\\/\\\/cvinoticias.com\\\/v3\\\/fallecio-un-hombre-tras-un-accidente-de-transito-en-eldorado\\\/#article\",\"isPartOf\":{\"@id\":\"https:\\\/\\\/cvinoticias.com\\\/v3\\\/fallecio-un-hombre-tras-un-accidente-de-transito-en-eldorado\\\/\"},\"author\":{\"name\":\"f1000024\",\"@id\":\"https:\\\/\\\/cvinoticias.com\\\/v3\\\/#\\\/schema\\\/person\\\/2db77e3c6bc03c538495d7b2b8be9b66\"},\"headline\":\"Falleci\u00f3 un hombre tras un accidente de tr\u00e1nsito en Eldorado\",\"datePublished\":\"2022-01-17T13:10:33+00:00\",\"mainEntityOfPage\":{\"@id\":\"https:\\\/\\\/cvinoticias.com\\\/v3\\\/fallecio-un-hombre-tras-un-accidente-de-transito-en-eldorado\\\/\"},\"wordCount\":232,\"commentCount\":0,\"publisher\":{\"@id\":\"https:\\\/\\\/cvinoticias.com\\\/v3\\\/#organization\"},\"image\":{\"@id\":\"https:\\\/\\\/cvinoticias.com\\\/v3\\\/fallecio-un-hombre-tras-un-accidente-de-transito-en-eldorado\\\/#primaryimage\"},\"thumbnailUrl\":\"https:\\\/\\\/cvinoticias.com\\\/wp-content\\\/uploads\\\/2022\\\/01\\\/IMG-20220117-WA0002.jpg\",\"articleSection\":[\"Policiales\"],\"inLanguage\":\"es\",\"potentialAction\":[{\"@type\":\"CommentAction\",\"name\":\"Comment\",\"target\":[\"https:\\\/\\\/cvinoticias.com\\\/v3\\\/fallecio-un-hombre-tras-un-accidente-de-transito-en-eldorado\\\/#respond\"]}]},{\"@type\":\"WebPage\",\"@id\":\"https:\\\/\\\/cvinoticias.com\\\/v3\\\/fallecio-un-hombre-tras-un-accidente-de-transito-en-eldorado\\\/\",\"url\":\"https:\\\/\\\/cvinoticias.com\\\/v3\\\/fallecio-un-hombre-tras-un-accidente-de-transito-en-eldorado\\\/\",\"name\":\"Falleci\u00f3 un hombre tras un accidente de tr\u00e1nsito en Eldorado | CVI NOTICIAS\",\"isPartOf\":{\"@id\":\"https:\\\/\\\/cvinoticias.com\\\/v3\\\/#website\"},\"primaryImageOfPage\":{\"@id\":\"https:\\\/\\\/cvinoticias.com\\\/v3\\\/fallecio-un-hombre-tras-un-accidente-de-transito-en-eldorado\\\/#primaryimage\"},\"image\":{\"@id\":\"https:\\\/\\\/cvinoticias.com\\\/v3\\\/fallecio-un-hombre-tras-un-accidente-de-transito-en-eldorado\\\/#primaryimage\"},\"thumbnailUrl\":\"https:\\\/\\\/cvinoticias.com\\\/wp-content\\\/uploads\\\/2022\\\/01\\\/IMG-20220117-WA0002.jpg\",\"datePublished\":\"2022-01-17T13:10:33+00:00\",\"breadcrumb\":{\"@id\":\"https:\\\/\\\/cvinoticias.com\\\/v3\\\/fallecio-un-hombre-tras-un-accidente-de-transito-en-eldorado\\\/#breadcrumb\"},\"inLanguage\":\"es\",\"potentialAction\":[{\"@type\":\"ReadAction\",\"target\":[\"https:\\\/\\\/cvinoticias.com\\\/v3\\\/fallecio-un-hombre-tras-un-accidente-de-transito-en-eldorado\\\/\"]}]},{\"@type\":\"ImageObject\",\"inLanguage\":\"es\",\"@id\":\"https:\\\/\\\/cvinoticias.com\\\/v3\\\/fallecio-un-hombre-tras-un-accidente-de-transito-en-eldorado\\\/#primaryimage\",\"url\":\"https:\\\/\\\/cvinoticias.com\\\/wp-content\\\/uploads\\\/2022\\\/01\\\/IMG-20220117-WA0002.jpg\",\"contentUrl\":\"https:\\\/\\\/cvinoticias.com\\\/wp-content\\\/uploads\\\/2022\\\/01\\\/IMG-20220117-WA0002.jpg\",\"width\":1280,\"height\":720},{\"@type\":\"BreadcrumbList\",\"@id\":\"https:\\\/\\\/cvinoticias.com\\\/v3\\\/fallecio-un-hombre-tras-un-accidente-de-transito-en-eldorado\\\/#breadcrumb\",\"itemListElement\":[{\"@type\":\"ListItem\",\"position\":1,\"name\":\"Portada\",\"item\":\"https:\\\/\\\/cvinoticias.com\\\/v3\\\/\"},{\"@type\":\"ListItem\",\"position\":2,\"name\":\"Falleci\u00f3 un hombre tras un accidente de tr\u00e1nsito en Eldorado\"}]},{\"@type\":\"WebSite\",\"@id\":\"https:\\\/\\\/cvinoticias.com\\\/v3\\\/#website\",\"url\":\"https:\\\/\\\/cvinoticias.com\\\/v3\\\/\",\"name\":\"CVI NOTICIAS\",\"description\":\"\",\"publisher\":{\"@id\":\"https:\\\/\\\/cvinoticias.com\\\/v3\\\/#organization\"},\"alternateName\":\"CVI\",\"potentialAction\":[{\"@type\":\"SearchAction\",\"target\":{\"@type\":\"EntryPoint\",\"urlTemplate\":\"https:\\\/\\\/cvinoticias.com\\\/v3\\\/?s={search_term_string}\"},\"query-input\":{\"@type\":\"PropertyValueSpecification\",\"valueRequired\":true,\"valueName\":\"search_term_string\"}}],\"inLanguage\":\"es\"},{\"@type\":\"Organization\",\"@id\":\"https:\\\/\\\/cvinoticias.com\\\/v3\\\/#organization\",\"name\":\"CVI NOTICIAS\",\"url\":\"https:\\\/\\\/cvinoticias.com\\\/v3\\\/\",\"logo\":{\"@type\":\"ImageObject\",\"inLanguage\":\"es\",\"@id\":\"https:\\\/\\\/cvinoticias.com\\\/v3\\\/#\\\/schema\\\/logo\\\/image\\\/\",\"url\":\"https:\\\/\\\/cvinoticias.com\\\/wp-content\\\/uploads\\\/2023\\\/04\\\/cropped-cropped-cropped-cropped-cropped-3-1.png\",\"contentUrl\":\"https:\\\/\\\/cvinoticias.com\\\/wp-content\\\/uploads\\\/2023\\\/04\\\/cropped-cropped-cropped-cropped-cropped-3-1.png\",\"width\":95,\"height\":122,\"caption\":\"CVI NOTICIAS\"},\"image\":{\"@id\":\"https:\\\/\\\/cvinoticias.com\\\/v3\\\/#\\\/schema\\\/logo\\\/image\\\/\"},\"sameAs\":[\"https:\\\/\\\/www.facebook.com\\\/cvinoticias\",\"https:\\\/\\\/www.instagram.com\\\/cvinoticias\\\/\",\"https:\\\/\\\/www.youtube.com\\\/@CVINOTICIAS\"]},{\"@type\":\"Person\",\"@id\":\"https:\\\/\\\/cvinoticias.com\\\/v3\\\/#\\\/schema\\\/person\\\/2db77e3c6bc03c538495d7b2b8be9b66\",\"name\":\"f1000024\",\"image\":{\"@type\":\"ImageObject\",\"inLanguage\":\"es\",\"@id\":\"https:\\\/\\\/secure.gravatar.com\\\/avatar\\\/d4fe7459cfc51ff5129ce1a732bbef5928568b8092d412ef95611616376bbeed?s=96&d=mm&r=g\",\"url\":\"https:\\\/\\\/secure.gravatar.com\\\/avatar\\\/d4fe7459cfc51ff5129ce1a732bbef5928568b8092d412ef95611616376bbeed?s=96&d=mm&r=g\",\"contentUrl\":\"https:\\\/\\\/secure.gravatar.com\\\/avatar\\\/d4fe7459cfc51ff5129ce1a732bbef5928568b8092d412ef95611616376bbeed?s=96&d=mm&r=g\",\"caption\":\"f1000024\"},\"url\":\"https:\\\/\\\/cvinoticias.com\\\/v3\\\/author\\\/f1000024\\\/\"}]}<\/script>\n<!-- \/ Yoast SEO plugin. -->","yoast_head_json":{"title":"Falleci\u00f3 un hombre tras un accidente de tr\u00e1nsito en Eldorado | CVI NOTICIAS","robots":{"index":"index","follow":"follow","max-snippet":"max-snippet:-1","max-image-preview":"max-image-preview:large","max-video-preview":"max-video-preview:-1"},"canonical":"https:\/\/cvinoticias.com\/v3\/fallecio-un-hombre-tras-un-accidente-de-transito-en-eldorado\/","og_locale":"es_ES","og_type":"article","og_title":"Falleci\u00f3 un hombre tras un accidente de tr\u00e1nsito en Eldorado | CVI NOTICIAS","og_description":"Esta madrugada, el personal policial de la comisar\u00eda 2da tom\u00f3 conocimiento de un siniestro vial fatal ocurrido sobre la Ruta Nacional 12 a la altura de esa ciudad, que dej\u00f3 como saldo la muerte de un hombre identificado como Jorge Arturo S. de 56 a\u00f1os. Al llegar al lugar, los uniformados visualizaron una bicicleta y [&hellip;]","og_url":"https:\/\/cvinoticias.com\/v3\/fallecio-un-hombre-tras-un-accidente-de-transito-en-eldorado\/","og_site_name":"CVI NOTICIAS","article_publisher":"https:\/\/www.facebook.com\/cvinoticias","article_published_time":"2022-01-17T13:10:33+00:00","og_image":[{"width":1280,"height":720,"url":"https:\/\/cvinoticias.com\/wp-content\/uploads\/2022\/01\/IMG-20220117-WA0002.jpg","type":"image\/jpeg"}],"author":"f1000024","twitter_card":"summary_large_image","twitter_misc":{"Escrito por":"f1000024","Tiempo de lectura":"1 minuto"},"schema":{"@context":"https:\/\/schema.org","@graph":[{"@type":"Article","@id":"https:\/\/cvinoticias.com\/v3\/fallecio-un-hombre-tras-un-accidente-de-transito-en-eldorado\/#article","isPartOf":{"@id":"https:\/\/cvinoticias.com\/v3\/fallecio-un-hombre-tras-un-accidente-de-transito-en-eldorado\/"},"author":{"name":"f1000024","@id":"https:\/\/cvinoticias.com\/v3\/#\/schema\/person\/2db77e3c6bc03c538495d7b2b8be9b66"},"headline":"Falleci\u00f3 un hombre tras un accidente de tr\u00e1nsito en Eldorado","datePublished":"2022-01-17T13:10:33+00:00","mainEntityOfPage":{"@id":"https:\/\/cvinoticias.com\/v3\/fallecio-un-hombre-tras-un-accidente-de-transito-en-eldorado\/"},"wordCount":232,"commentCount":0,"publisher":{"@id":"https:\/\/cvinoticias.com\/v3\/#organization"},"image":{"@id":"https:\/\/cvinoticias.com\/v3\/fallecio-un-hombre-tras-un-accidente-de-transito-en-eldorado\/#primaryimage"},"thumbnailUrl":"https:\/\/cvinoticias.com\/wp-content\/uploads\/2022\/01\/IMG-20220117-WA0002.jpg","articleSection":["Policiales"],"inLanguage":"es","potentialAction":[{"@type":"CommentAction","name":"Comment","target":["https:\/\/cvinoticias.com\/v3\/fallecio-un-hombre-tras-un-accidente-de-transito-en-eldorado\/#respond"]}]},{"@type":"WebPage","@id":"https:\/\/cvinoticias.com\/v3\/fallecio-un-hombre-tras-un-accidente-de-transito-en-eldorado\/","url":"https:\/\/cvinoticias.com\/v3\/fallecio-un-hombre-tras-un-accidente-de-transito-en-eldorado\/","name":"Falleci\u00f3 un hombre tras un accidente de tr\u00e1nsito en Eldorado | CVI NOTICIAS","isPartOf":{"@id":"https:\/\/cvinoticias.com\/v3\/#website"},"primaryImageOfPage":{"@id":"https:\/\/cvinoticias.com\/v3\/fallecio-un-hombre-tras-un-accidente-de-transito-en-eldorado\/#primaryimage"},"image":{"@id":"https:\/\/cvinoticias.com\/v3\/fallecio-un-hombre-tras-un-accidente-de-transito-en-eldorado\/#primaryimage"},"thumbnailUrl":"https:\/\/cvinoticias.com\/wp-content\/uploads\/2022\/01\/IMG-20220117-WA0002.jpg","datePublished":"2022-01-17T13:10:33+00:00","breadcrumb":{"@id":"https:\/\/cvinoticias.com\/v3\/fallecio-un-hombre-tras-un-accidente-de-transito-en-eldorado\/#breadcrumb"},"inLanguage":"es","potentialAction":[{"@type":"ReadAction","target":["https:\/\/cvinoticias.com\/v3\/fallecio-un-hombre-tras-un-accidente-de-transito-en-eldorado\/"]}]},{"@type":"ImageObject","inLanguage":"es","@id":"https:\/\/cvinoticias.com\/v3\/fallecio-un-hombre-tras-un-accidente-de-transito-en-eldorado\/#primaryimage","url":"https:\/\/cvinoticias.com\/wp-content\/uploads\/2022\/01\/IMG-20220117-WA0002.jpg","contentUrl":"https:\/\/cvinoticias.com\/wp-content\/uploads\/2022\/01\/IMG-20220117-WA0002.jpg","width":1280,"height":720},{"@type":"BreadcrumbList","@id":"https:\/\/cvinoticias.com\/v3\/fallecio-un-hombre-tras-un-accidente-de-transito-en-eldorado\/#breadcrumb","itemListElement":[{"@type":"ListItem","position":1,"name":"Portada","item":"https:\/\/cvinoticias.com\/v3\/"},{"@type":"ListItem","position":2,"name":"Falleci\u00f3 un hombre tras un accidente de tr\u00e1nsito en Eldorado"}]},{"@type":"WebSite","@id":"https:\/\/cvinoticias.com\/v3\/#website","url":"https:\/\/cvinoticias.com\/v3\/","name":"CVI NOTICIAS","description":"","publisher":{"@id":"https:\/\/cvinoticias.com\/v3\/#organization"},"alternateName":"CVI","potentialAction":[{"@type":"SearchAction","target":{"@type":"EntryPoint","urlTemplate":"https:\/\/cvinoticias.com\/v3\/?s={search_term_string}"},"query-input":{"@type":"PropertyValueSpecification","valueRequired":true,"valueName":"search_term_string"}}],"inLanguage":"es"},{"@type":"Organization","@id":"https:\/\/cvinoticias.com\/v3\/#organization","name":"CVI NOTICIAS","url":"https:\/\/cvinoticias.com\/v3\/","logo":{"@type":"ImageObject","inLanguage":"es","@id":"https:\/\/cvinoticias.com\/v3\/#\/schema\/logo\/image\/","url":"https:\/\/cvinoticias.com\/wp-content\/uploads\/2023\/04\/cropped-cropped-cropped-cropped-cropped-3-1.png","contentUrl":"https:\/\/cvinoticias.com\/wp-content\/uploads\/2023\/04\/cropped-cropped-cropped-cropped-cropped-3-1.png","width":95,"height":122,"caption":"CVI NOTICIAS"},"image":{"@id":"https:\/\/cvinoticias.com\/v3\/#\/schema\/logo\/image\/"},"sameAs":["https:\/\/www.facebook.com\/cvinoticias","https:\/\/www.instagram.com\/cvinoticias\/","https:\/\/www.youtube.com\/@CVINOTICIAS"]},{"@type":"Person","@id":"https:\/\/cvinoticias.com\/v3\/#\/schema\/person\/2db77e3c6bc03c538495d7b2b8be9b66","name":"f1000024","image":{"@type":"ImageObject","inLanguage":"es","@id":"https:\/\/secure.gravatar.com\/avatar\/d4fe7459cfc51ff5129ce1a732bbef5928568b8092d412ef95611616376bbeed?s=96&d=mm&r=g","url":"https:\/\/secure.gravatar.com\/avatar\/d4fe7459cfc51ff5129ce1a732bbef5928568b8092d412ef95611616376bbeed?s=96&d=mm&r=g","contentUrl":"https:\/\/secure.gravatar.com\/avatar\/d4fe7459cfc51ff5129ce1a732bbef5928568b8092d412ef95611616376bbeed?s=96&d=mm&r=g","caption":"f1000024"},"url":"https:\/\/cvinoticias.com\/v3\/author\/f1000024\/"}]}},"_links":{"self":[{"href":"https:\/\/cvinoticias.com\/v3\/wp-json\/wp\/v2\/posts\/12394","targetHints":{"allow":["GET"]}}],"collection":[{"href":"https:\/\/cvinoticias.com\/v3\/wp-json\/wp\/v2\/posts"}],"about":[{"href":"https:\/\/cvinoticias.com\/v3\/wp-json\/wp\/v2\/types\/post"}],"author":[{"embeddable":true,"href":"https:\/\/cvinoticias.com\/v3\/wp-json\/wp\/v2\/users\/2"}],"replies":[{"embeddable":true,"href":"https:\/\/cvinoticias.com\/v3\/wp-json\/wp\/v2\/comments?post=12394"}],"version-history":[{"count":1,"href":"https:\/\/cvinoticias.com\/v3\/wp-json\/wp\/v2\/posts\/12394\/revisions"}],"predecessor-version":[{"id":12396,"href":"https:\/\/cvinoticias.com\/v3\/wp-json\/wp\/v2\/posts\/12394\/revisions\/12396"}],"wp:featuredmedia":[{"embeddable":true,"href":"https:\/\/cvinoticias.com\/v3\/wp-json\/wp\/v2\/media\/12395"}],"wp:attachment":[{"href":"https:\/\/cvinoticias.com\/v3\/wp-json\/wp\/v2\/media?parent=12394"}],"wp:term":[{"taxonomy":"category","embeddable":true,"href":"https:\/\/cvinoticias.com\/v3\/wp-json\/wp\/v2\/categories?post=12394"},{"taxonomy":"post_tag","embeddable":true,"href":"https:\/\/cvinoticias.com\/v3\/wp-json\/wp\/v2\/tags?post=12394"}],"curies":[{"name":"wp","href":"https:\/\/api.w.org\/{rel}","templated":true}]}}