{"id":12370,"date":"2022-01-16T09:02:07","date_gmt":"2022-01-16T09:02:07","guid":{"rendered":"https:\/\/cvinoticias.com\/v3\/?p=12370"},"modified":"2022-01-16T09:02:07","modified_gmt":"2022-01-16T09:02:07","slug":"verano-record-con-22-millones-de-turistas-en-menos-de-un-mes-se-espera-la-mejor-temporada-en-10-anos","status":"publish","type":"post","link":"https:\/\/cvinoticias.com\/v3\/verano-record-con-22-millones-de-turistas-en-menos-de-un-mes-se-espera-la-mejor-temporada-en-10-anos\/","title":{"rendered":"Verano r\u00e9cord: Con 22 millones de turistas en menos de un mes, se espera la mejor temporada en 10 a\u00f1os"},"content":{"rendered":"\n<p><strong><em>Esta temporada de verano se perfila como la mejor en los \u00faltimos diez a\u00f1os gracias al impulso del Programa Previaje y las menores restricciones epidemiol\u00f3gicas: \u00bfQu\u00e9 dijo el ministro de Turismo?<\/em><\/strong><\/p>\n\n\n\n<p>La Confederaci\u00f3n Argentina de la Mediana Empresa (CAME) revel\u00f3 los primeros datos sobre la temporada de verano 2022, la cual tan solo lleva dos semanas y ya moviliz\u00f3 a unas 22 millones de personas a lo largo de todo el pa\u00eds con un gasto promedio de $3600 diarios.<\/p>\n\n\n\n<p>As\u00ed lo destac\u00f3 el secretario de Prensa de la entidad, Salvador Femen\u00ed, en di\u00e1logo con Radio Provincia: \u00abHasta el momento est\u00e1 siendo una temporada exitosa. Ahora en enero hay destinos como Mar del Plata, Mar de las Pampas y Pinamar con ocupaci\u00f3n arriba del 95%\u00bb.<\/p>\n\n\n\n<p>Respecto a lo que se espera para febrero y marzo, Femen\u00ed tambi\u00e9n pronostic\u00f3 buenos resultados, con expectativas por encima del promedio de los \u00faltimos a\u00f1os: \u00abPreve\u00edamos que iba a ser fuerte el movimiento de turistas, teniendo en cuenta que hace un a\u00f1o no pudo vacacionar la gente\u00bb, explic\u00f3 el representante del CAME.<\/p>\n\n\n\n<p><strong>LAS DECLARACIONES DE MAT\u00cdAS LAMMENS<\/strong><\/p>\n\n\n\n<p>Por su parte, el ministro de Turismo y Deportes, Mat\u00edas Lammens, destac\u00f3 desde Mar del Plata que la Costa Argentina ha registrado unos 10 millones de viajeros en los \u00faltimos 25 d\u00edas, un ejemplo de que se trata de la \u00abtemporada m\u00e1s importante de la historia\u00bb, seg\u00fan sus declaraciones.<\/p>\n\n\n\n<p>Adem\u00e1s, el funcionario indic\u00f3 que a fines de la temporada 2021\/2022 el registro de turistas que se acercaron al mar argentino podr\u00eda estar \u00abpor encima de los 20 millones\u00bb.<\/p>\n\n\n\n<p>Pese a que desde su cartera s\u00ed esperaban que los n\u00fameros actuales superaran a los de la prepandemia, el ministro de Turismo se sorprendi\u00f3 al constatar que esta ser\u00e1 la mejor temporada en los \u00faltimos 10 a\u00f1os tanto en la cantidad de turistas como en el gasto promedio.<\/p>\n\n\n\n<p>En base a los datos de la CAME de este mi\u00e9rcoles, Lammens analiz\u00f3: \u00abVer que en 25 d\u00edas de temporada los n\u00fameros marcan 10 millones de turistas, cuando una temporada buena era de 15 y 17 millones, me hace pensar que estaremos por arriba de los 20 millones, lo que marcar\u00eda que estamos frente a la temporada m\u00e1s importante de la historia\u00bb.<\/p>\n","protected":false},"excerpt":{"rendered":"<p>Esta temporada de verano se perfila como la mejor en los \u00faltimos diez a\u00f1os gracias al impulso del Programa Previaje y las menores restricciones epidemiol\u00f3gicas: \u00bfQu\u00e9 dijo el ministro de Turismo? La Confederaci\u00f3n Argentina de la Mediana Empresa (CAME) revel\u00f3 los primeros datos sobre la temporada de verano 2022, la cual tan solo lleva dos [&hellip;]<\/p>\n","protected":false},"author":2,"featured_media":12371,"comment_status":"open","ping_status":"open","sticky":false,"template":"","format":"standard","meta":{"footnotes":""},"categories":[50],"tags":[],"class_list":["post-12370","post","type-post","status-publish","format-standard","has-post-thumbnail","hentry","category-turismo"],"yoast_head":"<!-- This site is optimized with the Yoast SEO plugin v27.5 - https:\/\/yoast.com\/product\/yoast-seo-wordpress\/ -->\n<title>Verano r\u00e9cord: Con 22 millones de turistas en menos de un mes, se espera la mejor temporada en 10 a\u00f1os | CVI NOTICIAS<\/title>\n<meta name=\"robots\" content=\"index, follow, max-snippet:-1, max-image-preview:large, max-video-preview:-1\" \/>\n<link rel=\"canonical\" href=\"https:\/\/cvinoticias.com\/v3\/verano-record-con-22-millones-de-turistas-en-menos-de-un-mes-se-espera-la-mejor-temporada-en-10-anos\/\" \/>\n<meta property=\"og:locale\" content=\"es_ES\" \/>\n<meta property=\"og:type\" content=\"article\" \/>\n<meta property=\"og:title\" content=\"Verano r\u00e9cord: Con 22 millones de turistas en menos de un mes, se espera la mejor temporada en 10 a\u00f1os | CVI NOTICIAS\" \/>\n<meta property=\"og:description\" content=\"Esta temporada de verano se perfila como la mejor en los \u00faltimos diez a\u00f1os gracias al impulso del Programa Previaje y las menores restricciones epidemiol\u00f3gicas: \u00bfQu\u00e9 dijo el ministro de Turismo? La Confederaci\u00f3n Argentina de la Mediana Empresa (CAME) revel\u00f3 los primeros datos sobre la temporada de verano 2022, la cual tan solo lleva dos [&hellip;]\" \/>\n<meta property=\"og:url\" content=\"https:\/\/cvinoticias.com\/v3\/verano-record-con-22-millones-de-turistas-en-menos-de-un-mes-se-espera-la-mejor-temporada-en-10-anos\/\" \/>\n<meta property=\"og:site_name\" content=\"CVI NOTICIAS\" \/>\n<meta property=\"article:publisher\" content=\"https:\/\/www.facebook.com\/cvinoticias\" \/>\n<meta property=\"article:published_time\" content=\"2022-01-16T09:02:07+00:00\" \/>\n<meta property=\"og:image\" content=\"https:\/\/cvinoticias.com\/wp-content\/uploads\/2022\/01\/FB_IMG_1633818962848.jpg\" \/>\n\t<meta property=\"og:image:width\" content=\"634\" \/>\n\t<meta property=\"og:image:height\" content=\"960\" \/>\n\t<meta property=\"og:image:type\" content=\"image\/jpeg\" \/>\n<meta name=\"author\" content=\"f1000024\" \/>\n<meta name=\"twitter:card\" content=\"summary_large_image\" \/>\n<meta name=\"twitter:label1\" content=\"Escrito por\" \/>\n\t<meta name=\"twitter:data1\" content=\"f1000024\" \/>\n\t<meta name=\"twitter:label2\" content=\"Tiempo de lectura\" \/>\n\t<meta name=\"twitter:data2\" content=\"2 minutos\" \/>\n<script type=\"application\/ld+json\" class=\"yoast-schema-graph\">{\"@context\":\"https:\\\/\\\/schema.org\",\"@graph\":[{\"@type\":\"Article\",\"@id\":\"https:\\\/\\\/cvinoticias.com\\\/v3\\\/verano-record-con-22-millones-de-turistas-en-menos-de-un-mes-se-espera-la-mejor-temporada-en-10-anos\\\/#article\",\"isPartOf\":{\"@id\":\"https:\\\/\\\/cvinoticias.com\\\/v3\\\/verano-record-con-22-millones-de-turistas-en-menos-de-un-mes-se-espera-la-mejor-temporada-en-10-anos\\\/\"},\"author\":{\"name\":\"f1000024\",\"@id\":\"https:\\\/\\\/cvinoticias.com\\\/v3\\\/#\\\/schema\\\/person\\\/2db77e3c6bc03c538495d7b2b8be9b66\"},\"headline\":\"Verano r\u00e9cord: Con 22 millones de turistas en menos de un mes, se espera la mejor temporada en 10 a\u00f1os\",\"datePublished\":\"2022-01-16T09:02:07+00:00\",\"mainEntityOfPage\":{\"@id\":\"https:\\\/\\\/cvinoticias.com\\\/v3\\\/verano-record-con-22-millones-de-turistas-en-menos-de-un-mes-se-espera-la-mejor-temporada-en-10-anos\\\/\"},\"wordCount\":399,\"commentCount\":0,\"publisher\":{\"@id\":\"https:\\\/\\\/cvinoticias.com\\\/v3\\\/#organization\"},\"image\":{\"@id\":\"https:\\\/\\\/cvinoticias.com\\\/v3\\\/verano-record-con-22-millones-de-turistas-en-menos-de-un-mes-se-espera-la-mejor-temporada-en-10-anos\\\/#primaryimage\"},\"thumbnailUrl\":\"https:\\\/\\\/cvinoticias.com\\\/wp-content\\\/uploads\\\/2022\\\/01\\\/FB_IMG_1633818962848.jpg\",\"articleSection\":[\"Turismo\"],\"inLanguage\":\"es\",\"potentialAction\":[{\"@type\":\"CommentAction\",\"name\":\"Comment\",\"target\":[\"https:\\\/\\\/cvinoticias.com\\\/v3\\\/verano-record-con-22-millones-de-turistas-en-menos-de-un-mes-se-espera-la-mejor-temporada-en-10-anos\\\/#respond\"]}]},{\"@type\":\"WebPage\",\"@id\":\"https:\\\/\\\/cvinoticias.com\\\/v3\\\/verano-record-con-22-millones-de-turistas-en-menos-de-un-mes-se-espera-la-mejor-temporada-en-10-anos\\\/\",\"url\":\"https:\\\/\\\/cvinoticias.com\\\/v3\\\/verano-record-con-22-millones-de-turistas-en-menos-de-un-mes-se-espera-la-mejor-temporada-en-10-anos\\\/\",\"name\":\"Verano r\u00e9cord: Con 22 millones de turistas en menos de un mes, se espera la mejor temporada en 10 a\u00f1os | CVI NOTICIAS\",\"isPartOf\":{\"@id\":\"https:\\\/\\\/cvinoticias.com\\\/v3\\\/#website\"},\"primaryImageOfPage\":{\"@id\":\"https:\\\/\\\/cvinoticias.com\\\/v3\\\/verano-record-con-22-millones-de-turistas-en-menos-de-un-mes-se-espera-la-mejor-temporada-en-10-anos\\\/#primaryimage\"},\"image\":{\"@id\":\"https:\\\/\\\/cvinoticias.com\\\/v3\\\/verano-record-con-22-millones-de-turistas-en-menos-de-un-mes-se-espera-la-mejor-temporada-en-10-anos\\\/#primaryimage\"},\"thumbnailUrl\":\"https:\\\/\\\/cvinoticias.com\\\/wp-content\\\/uploads\\\/2022\\\/01\\\/FB_IMG_1633818962848.jpg\",\"datePublished\":\"2022-01-16T09:02:07+00:00\",\"breadcrumb\":{\"@id\":\"https:\\\/\\\/cvinoticias.com\\\/v3\\\/verano-record-con-22-millones-de-turistas-en-menos-de-un-mes-se-espera-la-mejor-temporada-en-10-anos\\\/#breadcrumb\"},\"inLanguage\":\"es\",\"potentialAction\":[{\"@type\":\"ReadAction\",\"target\":[\"https:\\\/\\\/cvinoticias.com\\\/v3\\\/verano-record-con-22-millones-de-turistas-en-menos-de-un-mes-se-espera-la-mejor-temporada-en-10-anos\\\/\"]}]},{\"@type\":\"ImageObject\",\"inLanguage\":\"es\",\"@id\":\"https:\\\/\\\/cvinoticias.com\\\/v3\\\/verano-record-con-22-millones-de-turistas-en-menos-de-un-mes-se-espera-la-mejor-temporada-en-10-anos\\\/#primaryimage\",\"url\":\"https:\\\/\\\/cvinoticias.com\\\/wp-content\\\/uploads\\\/2022\\\/01\\\/FB_IMG_1633818962848.jpg\",\"contentUrl\":\"https:\\\/\\\/cvinoticias.com\\\/wp-content\\\/uploads\\\/2022\\\/01\\\/FB_IMG_1633818962848.jpg\",\"width\":634,\"height\":960},{\"@type\":\"BreadcrumbList\",\"@id\":\"https:\\\/\\\/cvinoticias.com\\\/v3\\\/verano-record-con-22-millones-de-turistas-en-menos-de-un-mes-se-espera-la-mejor-temporada-en-10-anos\\\/#breadcrumb\",\"itemListElement\":[{\"@type\":\"ListItem\",\"position\":1,\"name\":\"Portada\",\"item\":\"https:\\\/\\\/cvinoticias.com\\\/v3\\\/\"},{\"@type\":\"ListItem\",\"position\":2,\"name\":\"Verano r\u00e9cord: Con 22 millones de turistas en menos de un mes, se espera la mejor temporada en 10 a\u00f1os\"}]},{\"@type\":\"WebSite\",\"@id\":\"https:\\\/\\\/cvinoticias.com\\\/v3\\\/#website\",\"url\":\"https:\\\/\\\/cvinoticias.com\\\/v3\\\/\",\"name\":\"CVI NOTICIAS\",\"description\":\"\",\"publisher\":{\"@id\":\"https:\\\/\\\/cvinoticias.com\\\/v3\\\/#organization\"},\"alternateName\":\"CVI\",\"potentialAction\":[{\"@type\":\"SearchAction\",\"target\":{\"@type\":\"EntryPoint\",\"urlTemplate\":\"https:\\\/\\\/cvinoticias.com\\\/v3\\\/?s={search_term_string}\"},\"query-input\":{\"@type\":\"PropertyValueSpecification\",\"valueRequired\":true,\"valueName\":\"search_term_string\"}}],\"inLanguage\":\"es\"},{\"@type\":\"Organization\",\"@id\":\"https:\\\/\\\/cvinoticias.com\\\/v3\\\/#organization\",\"name\":\"CVI NOTICIAS\",\"url\":\"https:\\\/\\\/cvinoticias.com\\\/v3\\\/\",\"logo\":{\"@type\":\"ImageObject\",\"inLanguage\":\"es\",\"@id\":\"https:\\\/\\\/cvinoticias.com\\\/v3\\\/#\\\/schema\\\/logo\\\/image\\\/\",\"url\":\"https:\\\/\\\/cvinoticias.com\\\/wp-content\\\/uploads\\\/2023\\\/04\\\/cropped-cropped-cropped-cropped-cropped-3-1.png\",\"contentUrl\":\"https:\\\/\\\/cvinoticias.com\\\/wp-content\\\/uploads\\\/2023\\\/04\\\/cropped-cropped-cropped-cropped-cropped-3-1.png\",\"width\":95,\"height\":122,\"caption\":\"CVI NOTICIAS\"},\"image\":{\"@id\":\"https:\\\/\\\/cvinoticias.com\\\/v3\\\/#\\\/schema\\\/logo\\\/image\\\/\"},\"sameAs\":[\"https:\\\/\\\/www.facebook.com\\\/cvinoticias\",\"https:\\\/\\\/www.instagram.com\\\/cvinoticias\\\/\",\"https:\\\/\\\/www.youtube.com\\\/@CVINOTICIAS\"]},{\"@type\":\"Person\",\"@id\":\"https:\\\/\\\/cvinoticias.com\\\/v3\\\/#\\\/schema\\\/person\\\/2db77e3c6bc03c538495d7b2b8be9b66\",\"name\":\"f1000024\",\"image\":{\"@type\":\"ImageObject\",\"inLanguage\":\"es\",\"@id\":\"https:\\\/\\\/secure.gravatar.com\\\/avatar\\\/d4fe7459cfc51ff5129ce1a732bbef5928568b8092d412ef95611616376bbeed?s=96&d=mm&r=g\",\"url\":\"https:\\\/\\\/secure.gravatar.com\\\/avatar\\\/d4fe7459cfc51ff5129ce1a732bbef5928568b8092d412ef95611616376bbeed?s=96&d=mm&r=g\",\"contentUrl\":\"https:\\\/\\\/secure.gravatar.com\\\/avatar\\\/d4fe7459cfc51ff5129ce1a732bbef5928568b8092d412ef95611616376bbeed?s=96&d=mm&r=g\",\"caption\":\"f1000024\"},\"url\":\"https:\\\/\\\/cvinoticias.com\\\/v3\\\/author\\\/f1000024\\\/\"}]}<\/script>\n<!-- \/ Yoast SEO plugin. -->","yoast_head_json":{"title":"Verano r\u00e9cord: Con 22 millones de turistas en menos de un mes, se espera la mejor temporada en 10 a\u00f1os | CVI NOTICIAS","robots":{"index":"index","follow":"follow","max-snippet":"max-snippet:-1","max-image-preview":"max-image-preview:large","max-video-preview":"max-video-preview:-1"},"canonical":"https:\/\/cvinoticias.com\/v3\/verano-record-con-22-millones-de-turistas-en-menos-de-un-mes-se-espera-la-mejor-temporada-en-10-anos\/","og_locale":"es_ES","og_type":"article","og_title":"Verano r\u00e9cord: Con 22 millones de turistas en menos de un mes, se espera la mejor temporada en 10 a\u00f1os | CVI NOTICIAS","og_description":"Esta temporada de verano se perfila como la mejor en los \u00faltimos diez a\u00f1os gracias al impulso del Programa Previaje y las menores restricciones epidemiol\u00f3gicas: \u00bfQu\u00e9 dijo el ministro de Turismo? La Confederaci\u00f3n Argentina de la Mediana Empresa (CAME) revel\u00f3 los primeros datos sobre la temporada de verano 2022, la cual tan solo lleva dos [&hellip;]","og_url":"https:\/\/cvinoticias.com\/v3\/verano-record-con-22-millones-de-turistas-en-menos-de-un-mes-se-espera-la-mejor-temporada-en-10-anos\/","og_site_name":"CVI NOTICIAS","article_publisher":"https:\/\/www.facebook.com\/cvinoticias","article_published_time":"2022-01-16T09:02:07+00:00","og_image":[{"width":634,"height":960,"url":"https:\/\/cvinoticias.com\/wp-content\/uploads\/2022\/01\/FB_IMG_1633818962848.jpg","type":"image\/jpeg"}],"author":"f1000024","twitter_card":"summary_large_image","twitter_misc":{"Escrito por":"f1000024","Tiempo de lectura":"2 minutos"},"schema":{"@context":"https:\/\/schema.org","@graph":[{"@type":"Article","@id":"https:\/\/cvinoticias.com\/v3\/verano-record-con-22-millones-de-turistas-en-menos-de-un-mes-se-espera-la-mejor-temporada-en-10-anos\/#article","isPartOf":{"@id":"https:\/\/cvinoticias.com\/v3\/verano-record-con-22-millones-de-turistas-en-menos-de-un-mes-se-espera-la-mejor-temporada-en-10-anos\/"},"author":{"name":"f1000024","@id":"https:\/\/cvinoticias.com\/v3\/#\/schema\/person\/2db77e3c6bc03c538495d7b2b8be9b66"},"headline":"Verano r\u00e9cord: Con 22 millones de turistas en menos de un mes, se espera la mejor temporada en 10 a\u00f1os","datePublished":"2022-01-16T09:02:07+00:00","mainEntityOfPage":{"@id":"https:\/\/cvinoticias.com\/v3\/verano-record-con-22-millones-de-turistas-en-menos-de-un-mes-se-espera-la-mejor-temporada-en-10-anos\/"},"wordCount":399,"commentCount":0,"publisher":{"@id":"https:\/\/cvinoticias.com\/v3\/#organization"},"image":{"@id":"https:\/\/cvinoticias.com\/v3\/verano-record-con-22-millones-de-turistas-en-menos-de-un-mes-se-espera-la-mejor-temporada-en-10-anos\/#primaryimage"},"thumbnailUrl":"https:\/\/cvinoticias.com\/wp-content\/uploads\/2022\/01\/FB_IMG_1633818962848.jpg","articleSection":["Turismo"],"inLanguage":"es","potentialAction":[{"@type":"CommentAction","name":"Comment","target":["https:\/\/cvinoticias.com\/v3\/verano-record-con-22-millones-de-turistas-en-menos-de-un-mes-se-espera-la-mejor-temporada-en-10-anos\/#respond"]}]},{"@type":"WebPage","@id":"https:\/\/cvinoticias.com\/v3\/verano-record-con-22-millones-de-turistas-en-menos-de-un-mes-se-espera-la-mejor-temporada-en-10-anos\/","url":"https:\/\/cvinoticias.com\/v3\/verano-record-con-22-millones-de-turistas-en-menos-de-un-mes-se-espera-la-mejor-temporada-en-10-anos\/","name":"Verano r\u00e9cord: Con 22 millones de turistas en menos de un mes, se espera la mejor temporada en 10 a\u00f1os | CVI NOTICIAS","isPartOf":{"@id":"https:\/\/cvinoticias.com\/v3\/#website"},"primaryImageOfPage":{"@id":"https:\/\/cvinoticias.com\/v3\/verano-record-con-22-millones-de-turistas-en-menos-de-un-mes-se-espera-la-mejor-temporada-en-10-anos\/#primaryimage"},"image":{"@id":"https:\/\/cvinoticias.com\/v3\/verano-record-con-22-millones-de-turistas-en-menos-de-un-mes-se-espera-la-mejor-temporada-en-10-anos\/#primaryimage"},"thumbnailUrl":"https:\/\/cvinoticias.com\/wp-content\/uploads\/2022\/01\/FB_IMG_1633818962848.jpg","datePublished":"2022-01-16T09:02:07+00:00","breadcrumb":{"@id":"https:\/\/cvinoticias.com\/v3\/verano-record-con-22-millones-de-turistas-en-menos-de-un-mes-se-espera-la-mejor-temporada-en-10-anos\/#breadcrumb"},"inLanguage":"es","potentialAction":[{"@type":"ReadAction","target":["https:\/\/cvinoticias.com\/v3\/verano-record-con-22-millones-de-turistas-en-menos-de-un-mes-se-espera-la-mejor-temporada-en-10-anos\/"]}]},{"@type":"ImageObject","inLanguage":"es","@id":"https:\/\/cvinoticias.com\/v3\/verano-record-con-22-millones-de-turistas-en-menos-de-un-mes-se-espera-la-mejor-temporada-en-10-anos\/#primaryimage","url":"https:\/\/cvinoticias.com\/wp-content\/uploads\/2022\/01\/FB_IMG_1633818962848.jpg","contentUrl":"https:\/\/cvinoticias.com\/wp-content\/uploads\/2022\/01\/FB_IMG_1633818962848.jpg","width":634,"height":960},{"@type":"BreadcrumbList","@id":"https:\/\/cvinoticias.com\/v3\/verano-record-con-22-millones-de-turistas-en-menos-de-un-mes-se-espera-la-mejor-temporada-en-10-anos\/#breadcrumb","itemListElement":[{"@type":"ListItem","position":1,"name":"Portada","item":"https:\/\/cvinoticias.com\/v3\/"},{"@type":"ListItem","position":2,"name":"Verano r\u00e9cord: Con 22 millones de turistas en menos de un mes, se espera la mejor temporada en 10 a\u00f1os"}]},{"@type":"WebSite","@id":"https:\/\/cvinoticias.com\/v3\/#website","url":"https:\/\/cvinoticias.com\/v3\/","name":"CVI NOTICIAS","description":"","publisher":{"@id":"https:\/\/cvinoticias.com\/v3\/#organization"},"alternateName":"CVI","potentialAction":[{"@type":"SearchAction","target":{"@type":"EntryPoint","urlTemplate":"https:\/\/cvinoticias.com\/v3\/?s={search_term_string}"},"query-input":{"@type":"PropertyValueSpecification","valueRequired":true,"valueName":"search_term_string"}}],"inLanguage":"es"},{"@type":"Organization","@id":"https:\/\/cvinoticias.com\/v3\/#organization","name":"CVI NOTICIAS","url":"https:\/\/cvinoticias.com\/v3\/","logo":{"@type":"ImageObject","inLanguage":"es","@id":"https:\/\/cvinoticias.com\/v3\/#\/schema\/logo\/image\/","url":"https:\/\/cvinoticias.com\/wp-content\/uploads\/2023\/04\/cropped-cropped-cropped-cropped-cropped-3-1.png","contentUrl":"https:\/\/cvinoticias.com\/wp-content\/uploads\/2023\/04\/cropped-cropped-cropped-cropped-cropped-3-1.png","width":95,"height":122,"caption":"CVI NOTICIAS"},"image":{"@id":"https:\/\/cvinoticias.com\/v3\/#\/schema\/logo\/image\/"},"sameAs":["https:\/\/www.facebook.com\/cvinoticias","https:\/\/www.instagram.com\/cvinoticias\/","https:\/\/www.youtube.com\/@CVINOTICIAS"]},{"@type":"Person","@id":"https:\/\/cvinoticias.com\/v3\/#\/schema\/person\/2db77e3c6bc03c538495d7b2b8be9b66","name":"f1000024","image":{"@type":"ImageObject","inLanguage":"es","@id":"https:\/\/secure.gravatar.com\/avatar\/d4fe7459cfc51ff5129ce1a732bbef5928568b8092d412ef95611616376bbeed?s=96&d=mm&r=g","url":"https:\/\/secure.gravatar.com\/avatar\/d4fe7459cfc51ff5129ce1a732bbef5928568b8092d412ef95611616376bbeed?s=96&d=mm&r=g","contentUrl":"https:\/\/secure.gravatar.com\/avatar\/d4fe7459cfc51ff5129ce1a732bbef5928568b8092d412ef95611616376bbeed?s=96&d=mm&r=g","caption":"f1000024"},"url":"https:\/\/cvinoticias.com\/v3\/author\/f1000024\/"}]}},"_links":{"self":[{"href":"https:\/\/cvinoticias.com\/v3\/wp-json\/wp\/v2\/posts\/12370","targetHints":{"allow":["GET"]}}],"collection":[{"href":"https:\/\/cvinoticias.com\/v3\/wp-json\/wp\/v2\/posts"}],"about":[{"href":"https:\/\/cvinoticias.com\/v3\/wp-json\/wp\/v2\/types\/post"}],"author":[{"embeddable":true,"href":"https:\/\/cvinoticias.com\/v3\/wp-json\/wp\/v2\/users\/2"}],"replies":[{"embeddable":true,"href":"https:\/\/cvinoticias.com\/v3\/wp-json\/wp\/v2\/comments?post=12370"}],"version-history":[{"count":1,"href":"https:\/\/cvinoticias.com\/v3\/wp-json\/wp\/v2\/posts\/12370\/revisions"}],"predecessor-version":[{"id":12372,"href":"https:\/\/cvinoticias.com\/v3\/wp-json\/wp\/v2\/posts\/12370\/revisions\/12372"}],"wp:featuredmedia":[{"embeddable":true,"href":"https:\/\/cvinoticias.com\/v3\/wp-json\/wp\/v2\/media\/12371"}],"wp:attachment":[{"href":"https:\/\/cvinoticias.com\/v3\/wp-json\/wp\/v2\/media?parent=12370"}],"wp:term":[{"taxonomy":"category","embeddable":true,"href":"https:\/\/cvinoticias.com\/v3\/wp-json\/wp\/v2\/categories?post=12370"},{"taxonomy":"post_tag","embeddable":true,"href":"https:\/\/cvinoticias.com\/v3\/wp-json\/wp\/v2\/tags?post=12370"}],"curies":[{"name":"wp","href":"https:\/\/api.w.org\/{rel}","templated":true}]}}