{"id":12367,"date":"2022-01-16T05:48:25","date_gmt":"2022-01-16T05:48:25","guid":{"rendered":"https:\/\/cvinoticias.com\/v3\/?p=12367"},"modified":"2022-01-16T05:48:25","modified_gmt":"2022-01-16T05:48:25","slug":"mas-calor-a-misiones-la-termica-podria-llegar-a-los-46c-entre-el-lunes-y-miercoles","status":"publish","type":"post","link":"https:\/\/cvinoticias.com\/v3\/mas-calor-a-misiones-la-termica-podria-llegar-a-los-46c-entre-el-lunes-y-miercoles\/","title":{"rendered":"M\u00e1s calor a Misiones: la t\u00e9rmica podr\u00eda llegar a los 46\u00b0C entre el lunes y mi\u00e9rcoles"},"content":{"rendered":"\n<p><strong><em>As\u00ed lo se\u00f1ala Pron\u00f3stico Misiones. Indica que una fuerte ola de calor afectara a Misiones del lunes al mi\u00e9rcoles<\/em><\/strong>.<\/p>\n\n\n\n<p>El n\u00facleo de la ola de calor se posicionar\u00e1 sobre el Sur y Centro de Misiones, con temperaturas m\u00e1ximas por encima de los 40\u00baC, he incluso de hasta 43\u00baC en puntos aislados. Debido al ambiente muy h\u00famedo, elevara las sensaciones t\u00e9rmicas por encima de los 44\u00baC, con picos aislados de hasta 46\u00baC.<\/p>\n\n\n\n<p>Las temperaturas m\u00ednimas estar\u00e1n muy por encima de los valores para una ola de calor. Con valores de entre 26\u00baC Y 28\u00baC, noches y ma\u00f1anitas c\u00e1lidas.<\/p>\n\n\n\n<p>-POSADAS: Max 41\u00baC\/Min 28\u00baC. T\u00e9rmica de 45\u00baC                                                                                                                              -ZONA SUR: Max 40\u00baC\/Min 27\u00baC. T\u00e9rmica de 44\u00baC                                                                                                               &#8211; ZONA CENTRO: Max 40\u00baC\/Min 27\u00baC. T\u00e9rmica de 44\u00baC                                                                                                                 &#8211; ZONA NORTE: Max 39\u00baC\/Min 26\u00baC. T\u00e9rmica de 43\u00baC                                                                                                                    -ZONA NORESTE: Max 36\u00baC\/Min 23\u00baC. T\u00e9rmica de 38\u00baC<\/p>\n\n\n\n<p>Cabe destacar que por la tarde, pueden registrars e chaparrones y tormentas aisladas en cualquier punto de la provincia de Misiones.\u00a0<\/p>\n\n\n\n<p><strong>Fuente y gr\u00e1fico: Pron\u00f3stico Misiones.\u00a0<\/strong><\/p>\n\n\n\n<p><\/p>\n","protected":false},"excerpt":{"rendered":"<p>As\u00ed lo se\u00f1ala Pron\u00f3stico Misiones. Indica que una fuerte ola de calor afectara a Misiones del lunes al mi\u00e9rcoles. El n\u00facleo de la ola de calor se posicionar\u00e1 sobre el Sur y Centro de Misiones, con temperaturas m\u00e1ximas por encima de los 40\u00baC, he incluso de hasta 43\u00baC en puntos aislados. Debido al ambiente muy [&hellip;]<\/p>\n","protected":false},"author":2,"featured_media":12368,"comment_status":"open","ping_status":"open","sticky":false,"template":"","format":"standard","meta":{"footnotes":""},"categories":[47],"tags":[],"class_list":["post-12367","post","type-post","status-publish","format-standard","has-post-thumbnail","hentry","category-sociedad"],"yoast_head":"<!-- This site is optimized with the Yoast SEO plugin v27.4 - https:\/\/yoast.com\/product\/yoast-seo-wordpress\/ -->\n<title>M\u00e1s calor a Misiones: la t\u00e9rmica podr\u00eda llegar a los 46\u00b0C entre el lunes y mi\u00e9rcoles | CVI NOTICIAS<\/title>\n<meta name=\"robots\" content=\"index, follow, max-snippet:-1, max-image-preview:large, max-video-preview:-1\" \/>\n<link rel=\"canonical\" href=\"https:\/\/cvinoticias.com\/v3\/mas-calor-a-misiones-la-termica-podria-llegar-a-los-46c-entre-el-lunes-y-miercoles\/\" \/>\n<meta property=\"og:locale\" content=\"es_ES\" \/>\n<meta property=\"og:type\" content=\"article\" \/>\n<meta property=\"og:title\" content=\"M\u00e1s calor a Misiones: la t\u00e9rmica podr\u00eda llegar a los 46\u00b0C entre el lunes y mi\u00e9rcoles | CVI NOTICIAS\" \/>\n<meta property=\"og:description\" content=\"As\u00ed lo se\u00f1ala Pron\u00f3stico Misiones. Indica que una fuerte ola de calor afectara a Misiones del lunes al mi\u00e9rcoles. El n\u00facleo de la ola de calor se posicionar\u00e1 sobre el Sur y Centro de Misiones, con temperaturas m\u00e1ximas por encima de los 40\u00baC, he incluso de hasta 43\u00baC en puntos aislados. Debido al ambiente muy [&hellip;]\" \/>\n<meta property=\"og:url\" content=\"https:\/\/cvinoticias.com\/v3\/mas-calor-a-misiones-la-termica-podria-llegar-a-los-46c-entre-el-lunes-y-miercoles\/\" \/>\n<meta property=\"og:site_name\" content=\"CVI NOTICIAS\" \/>\n<meta property=\"article:publisher\" content=\"https:\/\/www.facebook.com\/cvinoticias\" \/>\n<meta property=\"article:published_time\" content=\"2022-01-16T05:48:25+00:00\" \/>\n<meta property=\"og:image\" content=\"https:\/\/cvinoticias.com\/wp-content\/uploads\/2022\/01\/FB_IMG_1642311828289.jpg\" \/>\n\t<meta property=\"og:image:width\" content=\"689\" \/>\n\t<meta property=\"og:image:height\" content=\"523\" \/>\n\t<meta property=\"og:image:type\" content=\"image\/jpeg\" \/>\n<meta name=\"author\" content=\"f1000024\" \/>\n<meta name=\"twitter:card\" content=\"summary_large_image\" \/>\n<meta name=\"twitter:label1\" content=\"Escrito por\" \/>\n\t<meta name=\"twitter:data1\" content=\"f1000024\" \/>\n\t<meta name=\"twitter:label2\" content=\"Tiempo de lectura\" \/>\n\t<meta name=\"twitter:data2\" content=\"1 minuto\" \/>\n<script type=\"application\/ld+json\" class=\"yoast-schema-graph\">{\"@context\":\"https:\\\/\\\/schema.org\",\"@graph\":[{\"@type\":\"Article\",\"@id\":\"https:\\\/\\\/cvinoticias.com\\\/v3\\\/mas-calor-a-misiones-la-termica-podria-llegar-a-los-46c-entre-el-lunes-y-miercoles\\\/#article\",\"isPartOf\":{\"@id\":\"https:\\\/\\\/cvinoticias.com\\\/v3\\\/mas-calor-a-misiones-la-termica-podria-llegar-a-los-46c-entre-el-lunes-y-miercoles\\\/\"},\"author\":{\"name\":\"f1000024\",\"@id\":\"https:\\\/\\\/cvinoticias.com\\\/v3\\\/#\\\/schema\\\/person\\\/2db77e3c6bc03c538495d7b2b8be9b66\"},\"headline\":\"M\u00e1s calor a Misiones: la t\u00e9rmica podr\u00eda llegar a los 46\u00b0C entre el lunes y mi\u00e9rcoles\",\"datePublished\":\"2022-01-16T05:48:25+00:00\",\"mainEntityOfPage\":{\"@id\":\"https:\\\/\\\/cvinoticias.com\\\/v3\\\/mas-calor-a-misiones-la-termica-podria-llegar-a-los-46c-entre-el-lunes-y-miercoles\\\/\"},\"wordCount\":207,\"commentCount\":0,\"publisher\":{\"@id\":\"https:\\\/\\\/cvinoticias.com\\\/v3\\\/#organization\"},\"image\":{\"@id\":\"https:\\\/\\\/cvinoticias.com\\\/v3\\\/mas-calor-a-misiones-la-termica-podria-llegar-a-los-46c-entre-el-lunes-y-miercoles\\\/#primaryimage\"},\"thumbnailUrl\":\"https:\\\/\\\/cvinoticias.com\\\/wp-content\\\/uploads\\\/2022\\\/01\\\/FB_IMG_1642311828289.jpg\",\"articleSection\":[\"Sociedad\"],\"inLanguage\":\"es\",\"potentialAction\":[{\"@type\":\"CommentAction\",\"name\":\"Comment\",\"target\":[\"https:\\\/\\\/cvinoticias.com\\\/v3\\\/mas-calor-a-misiones-la-termica-podria-llegar-a-los-46c-entre-el-lunes-y-miercoles\\\/#respond\"]}]},{\"@type\":\"WebPage\",\"@id\":\"https:\\\/\\\/cvinoticias.com\\\/v3\\\/mas-calor-a-misiones-la-termica-podria-llegar-a-los-46c-entre-el-lunes-y-miercoles\\\/\",\"url\":\"https:\\\/\\\/cvinoticias.com\\\/v3\\\/mas-calor-a-misiones-la-termica-podria-llegar-a-los-46c-entre-el-lunes-y-miercoles\\\/\",\"name\":\"M\u00e1s calor a Misiones: la t\u00e9rmica podr\u00eda llegar a los 46\u00b0C entre el lunes y mi\u00e9rcoles | CVI NOTICIAS\",\"isPartOf\":{\"@id\":\"https:\\\/\\\/cvinoticias.com\\\/v3\\\/#website\"},\"primaryImageOfPage\":{\"@id\":\"https:\\\/\\\/cvinoticias.com\\\/v3\\\/mas-calor-a-misiones-la-termica-podria-llegar-a-los-46c-entre-el-lunes-y-miercoles\\\/#primaryimage\"},\"image\":{\"@id\":\"https:\\\/\\\/cvinoticias.com\\\/v3\\\/mas-calor-a-misiones-la-termica-podria-llegar-a-los-46c-entre-el-lunes-y-miercoles\\\/#primaryimage\"},\"thumbnailUrl\":\"https:\\\/\\\/cvinoticias.com\\\/wp-content\\\/uploads\\\/2022\\\/01\\\/FB_IMG_1642311828289.jpg\",\"datePublished\":\"2022-01-16T05:48:25+00:00\",\"breadcrumb\":{\"@id\":\"https:\\\/\\\/cvinoticias.com\\\/v3\\\/mas-calor-a-misiones-la-termica-podria-llegar-a-los-46c-entre-el-lunes-y-miercoles\\\/#breadcrumb\"},\"inLanguage\":\"es\",\"potentialAction\":[{\"@type\":\"ReadAction\",\"target\":[\"https:\\\/\\\/cvinoticias.com\\\/v3\\\/mas-calor-a-misiones-la-termica-podria-llegar-a-los-46c-entre-el-lunes-y-miercoles\\\/\"]}]},{\"@type\":\"ImageObject\",\"inLanguage\":\"es\",\"@id\":\"https:\\\/\\\/cvinoticias.com\\\/v3\\\/mas-calor-a-misiones-la-termica-podria-llegar-a-los-46c-entre-el-lunes-y-miercoles\\\/#primaryimage\",\"url\":\"https:\\\/\\\/cvinoticias.com\\\/wp-content\\\/uploads\\\/2022\\\/01\\\/FB_IMG_1642311828289.jpg\",\"contentUrl\":\"https:\\\/\\\/cvinoticias.com\\\/wp-content\\\/uploads\\\/2022\\\/01\\\/FB_IMG_1642311828289.jpg\",\"width\":689,\"height\":523},{\"@type\":\"BreadcrumbList\",\"@id\":\"https:\\\/\\\/cvinoticias.com\\\/v3\\\/mas-calor-a-misiones-la-termica-podria-llegar-a-los-46c-entre-el-lunes-y-miercoles\\\/#breadcrumb\",\"itemListElement\":[{\"@type\":\"ListItem\",\"position\":1,\"name\":\"Portada\",\"item\":\"https:\\\/\\\/cvinoticias.com\\\/v3\\\/\"},{\"@type\":\"ListItem\",\"position\":2,\"name\":\"M\u00e1s calor a Misiones: la t\u00e9rmica podr\u00eda llegar a los 46\u00b0C entre el lunes y mi\u00e9rcoles\"}]},{\"@type\":\"WebSite\",\"@id\":\"https:\\\/\\\/cvinoticias.com\\\/v3\\\/#website\",\"url\":\"https:\\\/\\\/cvinoticias.com\\\/v3\\\/\",\"name\":\"CVI NOTICIAS\",\"description\":\"\",\"publisher\":{\"@id\":\"https:\\\/\\\/cvinoticias.com\\\/v3\\\/#organization\"},\"alternateName\":\"CVI\",\"potentialAction\":[{\"@type\":\"SearchAction\",\"target\":{\"@type\":\"EntryPoint\",\"urlTemplate\":\"https:\\\/\\\/cvinoticias.com\\\/v3\\\/?s={search_term_string}\"},\"query-input\":{\"@type\":\"PropertyValueSpecification\",\"valueRequired\":true,\"valueName\":\"search_term_string\"}}],\"inLanguage\":\"es\"},{\"@type\":\"Organization\",\"@id\":\"https:\\\/\\\/cvinoticias.com\\\/v3\\\/#organization\",\"name\":\"CVI NOTICIAS\",\"url\":\"https:\\\/\\\/cvinoticias.com\\\/v3\\\/\",\"logo\":{\"@type\":\"ImageObject\",\"inLanguage\":\"es\",\"@id\":\"https:\\\/\\\/cvinoticias.com\\\/v3\\\/#\\\/schema\\\/logo\\\/image\\\/\",\"url\":\"https:\\\/\\\/cvinoticias.com\\\/wp-content\\\/uploads\\\/2023\\\/04\\\/cropped-cropped-cropped-cropped-cropped-3-1.png\",\"contentUrl\":\"https:\\\/\\\/cvinoticias.com\\\/wp-content\\\/uploads\\\/2023\\\/04\\\/cropped-cropped-cropped-cropped-cropped-3-1.png\",\"width\":95,\"height\":122,\"caption\":\"CVI NOTICIAS\"},\"image\":{\"@id\":\"https:\\\/\\\/cvinoticias.com\\\/v3\\\/#\\\/schema\\\/logo\\\/image\\\/\"},\"sameAs\":[\"https:\\\/\\\/www.facebook.com\\\/cvinoticias\",\"https:\\\/\\\/www.instagram.com\\\/cvinoticias\\\/\",\"https:\\\/\\\/www.youtube.com\\\/@CVINOTICIAS\"]},{\"@type\":\"Person\",\"@id\":\"https:\\\/\\\/cvinoticias.com\\\/v3\\\/#\\\/schema\\\/person\\\/2db77e3c6bc03c538495d7b2b8be9b66\",\"name\":\"f1000024\",\"image\":{\"@type\":\"ImageObject\",\"inLanguage\":\"es\",\"@id\":\"https:\\\/\\\/secure.gravatar.com\\\/avatar\\\/d4fe7459cfc51ff5129ce1a732bbef5928568b8092d412ef95611616376bbeed?s=96&d=mm&r=g\",\"url\":\"https:\\\/\\\/secure.gravatar.com\\\/avatar\\\/d4fe7459cfc51ff5129ce1a732bbef5928568b8092d412ef95611616376bbeed?s=96&d=mm&r=g\",\"contentUrl\":\"https:\\\/\\\/secure.gravatar.com\\\/avatar\\\/d4fe7459cfc51ff5129ce1a732bbef5928568b8092d412ef95611616376bbeed?s=96&d=mm&r=g\",\"caption\":\"f1000024\"},\"url\":\"https:\\\/\\\/cvinoticias.com\\\/v3\\\/author\\\/f1000024\\\/\"}]}<\/script>\n<!-- \/ Yoast SEO plugin. -->","yoast_head_json":{"title":"M\u00e1s calor a Misiones: la t\u00e9rmica podr\u00eda llegar a los 46\u00b0C entre el lunes y mi\u00e9rcoles | CVI NOTICIAS","robots":{"index":"index","follow":"follow","max-snippet":"max-snippet:-1","max-image-preview":"max-image-preview:large","max-video-preview":"max-video-preview:-1"},"canonical":"https:\/\/cvinoticias.com\/v3\/mas-calor-a-misiones-la-termica-podria-llegar-a-los-46c-entre-el-lunes-y-miercoles\/","og_locale":"es_ES","og_type":"article","og_title":"M\u00e1s calor a Misiones: la t\u00e9rmica podr\u00eda llegar a los 46\u00b0C entre el lunes y mi\u00e9rcoles | CVI NOTICIAS","og_description":"As\u00ed lo se\u00f1ala Pron\u00f3stico Misiones. Indica que una fuerte ola de calor afectara a Misiones del lunes al mi\u00e9rcoles. El n\u00facleo de la ola de calor se posicionar\u00e1 sobre el Sur y Centro de Misiones, con temperaturas m\u00e1ximas por encima de los 40\u00baC, he incluso de hasta 43\u00baC en puntos aislados. Debido al ambiente muy [&hellip;]","og_url":"https:\/\/cvinoticias.com\/v3\/mas-calor-a-misiones-la-termica-podria-llegar-a-los-46c-entre-el-lunes-y-miercoles\/","og_site_name":"CVI NOTICIAS","article_publisher":"https:\/\/www.facebook.com\/cvinoticias","article_published_time":"2022-01-16T05:48:25+00:00","og_image":[{"width":689,"height":523,"url":"https:\/\/cvinoticias.com\/wp-content\/uploads\/2022\/01\/FB_IMG_1642311828289.jpg","type":"image\/jpeg"}],"author":"f1000024","twitter_card":"summary_large_image","twitter_misc":{"Escrito por":"f1000024","Tiempo de lectura":"1 minuto"},"schema":{"@context":"https:\/\/schema.org","@graph":[{"@type":"Article","@id":"https:\/\/cvinoticias.com\/v3\/mas-calor-a-misiones-la-termica-podria-llegar-a-los-46c-entre-el-lunes-y-miercoles\/#article","isPartOf":{"@id":"https:\/\/cvinoticias.com\/v3\/mas-calor-a-misiones-la-termica-podria-llegar-a-los-46c-entre-el-lunes-y-miercoles\/"},"author":{"name":"f1000024","@id":"https:\/\/cvinoticias.com\/v3\/#\/schema\/person\/2db77e3c6bc03c538495d7b2b8be9b66"},"headline":"M\u00e1s calor a Misiones: la t\u00e9rmica podr\u00eda llegar a los 46\u00b0C entre el lunes y mi\u00e9rcoles","datePublished":"2022-01-16T05:48:25+00:00","mainEntityOfPage":{"@id":"https:\/\/cvinoticias.com\/v3\/mas-calor-a-misiones-la-termica-podria-llegar-a-los-46c-entre-el-lunes-y-miercoles\/"},"wordCount":207,"commentCount":0,"publisher":{"@id":"https:\/\/cvinoticias.com\/v3\/#organization"},"image":{"@id":"https:\/\/cvinoticias.com\/v3\/mas-calor-a-misiones-la-termica-podria-llegar-a-los-46c-entre-el-lunes-y-miercoles\/#primaryimage"},"thumbnailUrl":"https:\/\/cvinoticias.com\/wp-content\/uploads\/2022\/01\/FB_IMG_1642311828289.jpg","articleSection":["Sociedad"],"inLanguage":"es","potentialAction":[{"@type":"CommentAction","name":"Comment","target":["https:\/\/cvinoticias.com\/v3\/mas-calor-a-misiones-la-termica-podria-llegar-a-los-46c-entre-el-lunes-y-miercoles\/#respond"]}]},{"@type":"WebPage","@id":"https:\/\/cvinoticias.com\/v3\/mas-calor-a-misiones-la-termica-podria-llegar-a-los-46c-entre-el-lunes-y-miercoles\/","url":"https:\/\/cvinoticias.com\/v3\/mas-calor-a-misiones-la-termica-podria-llegar-a-los-46c-entre-el-lunes-y-miercoles\/","name":"M\u00e1s calor a Misiones: la t\u00e9rmica podr\u00eda llegar a los 46\u00b0C entre el lunes y mi\u00e9rcoles | CVI NOTICIAS","isPartOf":{"@id":"https:\/\/cvinoticias.com\/v3\/#website"},"primaryImageOfPage":{"@id":"https:\/\/cvinoticias.com\/v3\/mas-calor-a-misiones-la-termica-podria-llegar-a-los-46c-entre-el-lunes-y-miercoles\/#primaryimage"},"image":{"@id":"https:\/\/cvinoticias.com\/v3\/mas-calor-a-misiones-la-termica-podria-llegar-a-los-46c-entre-el-lunes-y-miercoles\/#primaryimage"},"thumbnailUrl":"https:\/\/cvinoticias.com\/wp-content\/uploads\/2022\/01\/FB_IMG_1642311828289.jpg","datePublished":"2022-01-16T05:48:25+00:00","breadcrumb":{"@id":"https:\/\/cvinoticias.com\/v3\/mas-calor-a-misiones-la-termica-podria-llegar-a-los-46c-entre-el-lunes-y-miercoles\/#breadcrumb"},"inLanguage":"es","potentialAction":[{"@type":"ReadAction","target":["https:\/\/cvinoticias.com\/v3\/mas-calor-a-misiones-la-termica-podria-llegar-a-los-46c-entre-el-lunes-y-miercoles\/"]}]},{"@type":"ImageObject","inLanguage":"es","@id":"https:\/\/cvinoticias.com\/v3\/mas-calor-a-misiones-la-termica-podria-llegar-a-los-46c-entre-el-lunes-y-miercoles\/#primaryimage","url":"https:\/\/cvinoticias.com\/wp-content\/uploads\/2022\/01\/FB_IMG_1642311828289.jpg","contentUrl":"https:\/\/cvinoticias.com\/wp-content\/uploads\/2022\/01\/FB_IMG_1642311828289.jpg","width":689,"height":523},{"@type":"BreadcrumbList","@id":"https:\/\/cvinoticias.com\/v3\/mas-calor-a-misiones-la-termica-podria-llegar-a-los-46c-entre-el-lunes-y-miercoles\/#breadcrumb","itemListElement":[{"@type":"ListItem","position":1,"name":"Portada","item":"https:\/\/cvinoticias.com\/v3\/"},{"@type":"ListItem","position":2,"name":"M\u00e1s calor a Misiones: la t\u00e9rmica podr\u00eda llegar a los 46\u00b0C entre el lunes y mi\u00e9rcoles"}]},{"@type":"WebSite","@id":"https:\/\/cvinoticias.com\/v3\/#website","url":"https:\/\/cvinoticias.com\/v3\/","name":"CVI NOTICIAS","description":"","publisher":{"@id":"https:\/\/cvinoticias.com\/v3\/#organization"},"alternateName":"CVI","potentialAction":[{"@type":"SearchAction","target":{"@type":"EntryPoint","urlTemplate":"https:\/\/cvinoticias.com\/v3\/?s={search_term_string}"},"query-input":{"@type":"PropertyValueSpecification","valueRequired":true,"valueName":"search_term_string"}}],"inLanguage":"es"},{"@type":"Organization","@id":"https:\/\/cvinoticias.com\/v3\/#organization","name":"CVI NOTICIAS","url":"https:\/\/cvinoticias.com\/v3\/","logo":{"@type":"ImageObject","inLanguage":"es","@id":"https:\/\/cvinoticias.com\/v3\/#\/schema\/logo\/image\/","url":"https:\/\/cvinoticias.com\/wp-content\/uploads\/2023\/04\/cropped-cropped-cropped-cropped-cropped-3-1.png","contentUrl":"https:\/\/cvinoticias.com\/wp-content\/uploads\/2023\/04\/cropped-cropped-cropped-cropped-cropped-3-1.png","width":95,"height":122,"caption":"CVI NOTICIAS"},"image":{"@id":"https:\/\/cvinoticias.com\/v3\/#\/schema\/logo\/image\/"},"sameAs":["https:\/\/www.facebook.com\/cvinoticias","https:\/\/www.instagram.com\/cvinoticias\/","https:\/\/www.youtube.com\/@CVINOTICIAS"]},{"@type":"Person","@id":"https:\/\/cvinoticias.com\/v3\/#\/schema\/person\/2db77e3c6bc03c538495d7b2b8be9b66","name":"f1000024","image":{"@type":"ImageObject","inLanguage":"es","@id":"https:\/\/secure.gravatar.com\/avatar\/d4fe7459cfc51ff5129ce1a732bbef5928568b8092d412ef95611616376bbeed?s=96&d=mm&r=g","url":"https:\/\/secure.gravatar.com\/avatar\/d4fe7459cfc51ff5129ce1a732bbef5928568b8092d412ef95611616376bbeed?s=96&d=mm&r=g","contentUrl":"https:\/\/secure.gravatar.com\/avatar\/d4fe7459cfc51ff5129ce1a732bbef5928568b8092d412ef95611616376bbeed?s=96&d=mm&r=g","caption":"f1000024"},"url":"https:\/\/cvinoticias.com\/v3\/author\/f1000024\/"}]}},"_links":{"self":[{"href":"https:\/\/cvinoticias.com\/v3\/wp-json\/wp\/v2\/posts\/12367","targetHints":{"allow":["GET"]}}],"collection":[{"href":"https:\/\/cvinoticias.com\/v3\/wp-json\/wp\/v2\/posts"}],"about":[{"href":"https:\/\/cvinoticias.com\/v3\/wp-json\/wp\/v2\/types\/post"}],"author":[{"embeddable":true,"href":"https:\/\/cvinoticias.com\/v3\/wp-json\/wp\/v2\/users\/2"}],"replies":[{"embeddable":true,"href":"https:\/\/cvinoticias.com\/v3\/wp-json\/wp\/v2\/comments?post=12367"}],"version-history":[{"count":1,"href":"https:\/\/cvinoticias.com\/v3\/wp-json\/wp\/v2\/posts\/12367\/revisions"}],"predecessor-version":[{"id":12369,"href":"https:\/\/cvinoticias.com\/v3\/wp-json\/wp\/v2\/posts\/12367\/revisions\/12369"}],"wp:featuredmedia":[{"embeddable":true,"href":"https:\/\/cvinoticias.com\/v3\/wp-json\/wp\/v2\/media\/12368"}],"wp:attachment":[{"href":"https:\/\/cvinoticias.com\/v3\/wp-json\/wp\/v2\/media?parent=12367"}],"wp:term":[{"taxonomy":"category","embeddable":true,"href":"https:\/\/cvinoticias.com\/v3\/wp-json\/wp\/v2\/categories?post=12367"},{"taxonomy":"post_tag","embeddable":true,"href":"https:\/\/cvinoticias.com\/v3\/wp-json\/wp\/v2\/tags?post=12367"}],"curies":[{"name":"wp","href":"https:\/\/api.w.org\/{rel}","templated":true}]}}