{"id":12363,"date":"2022-01-15T17:00:33","date_gmt":"2022-01-15T17:00:33","guid":{"rendered":"https:\/\/cvinoticias.com\/v3\/?p=12363"},"modified":"2022-01-15T17:00:33","modified_gmt":"2022-01-15T17:00:33","slug":"el-ministro-de-salud-de-misiones-mando-sus-salutaciones-a-los-agentes-y-promotores-de-salud-de-misiones-en-su-dia","status":"publish","type":"post","link":"https:\/\/cvinoticias.com\/v3\/el-ministro-de-salud-de-misiones-mando-sus-salutaciones-a-los-agentes-y-promotores-de-salud-de-misiones-en-su-dia\/","title":{"rendered":"El Ministro de Salud de Misiones mando sus salutaciones a los agentes y promotores de Salud de Misiones en su d\u00eda"},"content":{"rendered":"\n<p><strong><em>Los promotores de salud celebran su d\u00eda este d\u00eda de enero.<\/em><\/strong><\/p>\n\n\n\n<p>Su rol es clave para garantizar la salud de todos los misioneros ya que su labor es constante, se extiende en todo el territorio provincial llegando a todas las comunidades, por tal motivo el Dr. Oscar Alarc\u00f3n, titular de la Cartera de Salud de la provincia, saludo y felicito a los promotores de salud en su dia porque \u201cellos son muy importante en esta etapa que vivimos de pandemia y queremos acompa\u00f1arlos en este dia tan especial, d\u00e1ndole fuerzas\u201d.<\/p>\n\n\n\n<figure class=\"wp-block-image size-full\"><a href=\"https:\/\/cvinoticias.com\/wp-content\/uploads\/2022\/01\/WhatsApp-Image-2022-01-15-at-12.53.00.jpeg\"><img decoding=\"async\" width=\"1000\" height=\"600\" data-src=\"https:\/\/cvinoticias.com\/wp-content\/uploads\/2022\/01\/WhatsApp-Image-2022-01-15-at-12.53.00.jpeg\" alt=\"\" class=\"wp-image-12364 lazyload\" data-srcset=\"https:\/\/cvinoticias.com\/wp-content\/uploads\/2022\/01\/WhatsApp-Image-2022-01-15-at-12.53.00.jpeg 1000w, https:\/\/cvinoticias.com\/wp-content\/uploads\/2022\/01\/WhatsApp-Image-2022-01-15-at-12.53.00-300x180.jpeg 300w, https:\/\/cvinoticias.com\/wp-content\/uploads\/2022\/01\/WhatsApp-Image-2022-01-15-at-12.53.00-768x461.jpeg 768w\" data-sizes=\"(max-width: 1000px) 100vw, 1000px\" src=\"data:image\/svg+xml;base64,PHN2ZyB3aWR0aD0iMSIgaGVpZ2h0PSIxIiB4bWxucz0iaHR0cDovL3d3dy53My5vcmcvMjAwMC9zdmciPjwvc3ZnPg==\" style=\"--smush-placeholder-width: 1000px; --smush-placeholder-aspect-ratio: 1000\/600;\" \/><\/a><\/figure>\n\n\n\n<p><\/p>\n","protected":false},"excerpt":{"rendered":"<p>Los promotores de salud celebran su d\u00eda este d\u00eda de enero. Su rol es clave para garantizar la salud de todos los misioneros ya que su labor es constante, se extiende en todo el territorio provincial llegando a todas las comunidades, por tal motivo el Dr. Oscar Alarc\u00f3n, titular de la Cartera de Salud de [&hellip;]<\/p>\n","protected":false},"author":2,"featured_media":12365,"comment_status":"open","ping_status":"open","sticky":false,"template":"","format":"standard","meta":{"footnotes":""},"categories":[22],"tags":[],"class_list":["post-12363","post","type-post","status-publish","format-standard","has-post-thumbnail","hentry","category-salud"],"yoast_head":"<!-- This site is optimized with the Yoast SEO plugin v27.5 - https:\/\/yoast.com\/product\/yoast-seo-wordpress\/ -->\n<title>El Ministro de Salud de Misiones mando sus salutaciones a los agentes y promotores de Salud de Misiones en su d\u00eda | CVI NOTICIAS<\/title>\n<meta name=\"robots\" content=\"index, follow, max-snippet:-1, max-image-preview:large, max-video-preview:-1\" \/>\n<link rel=\"canonical\" href=\"https:\/\/cvinoticias.com\/v3\/el-ministro-de-salud-de-misiones-mando-sus-salutaciones-a-los-agentes-y-promotores-de-salud-de-misiones-en-su-dia\/\" \/>\n<meta property=\"og:locale\" content=\"es_ES\" \/>\n<meta property=\"og:type\" content=\"article\" \/>\n<meta property=\"og:title\" content=\"El Ministro de Salud de Misiones mando sus salutaciones a los agentes y promotores de Salud de Misiones en su d\u00eda | CVI NOTICIAS\" \/>\n<meta property=\"og:description\" content=\"Los promotores de salud celebran su d\u00eda este d\u00eda de enero. Su rol es clave para garantizar la salud de todos los misioneros ya que su labor es constante, se extiende en todo el territorio provincial llegando a todas las comunidades, por tal motivo el Dr. Oscar Alarc\u00f3n, titular de la Cartera de Salud de [&hellip;]\" \/>\n<meta property=\"og:url\" content=\"https:\/\/cvinoticias.com\/v3\/el-ministro-de-salud-de-misiones-mando-sus-salutaciones-a-los-agentes-y-promotores-de-salud-de-misiones-en-su-dia\/\" \/>\n<meta property=\"og:site_name\" content=\"CVI NOTICIAS\" \/>\n<meta property=\"article:publisher\" content=\"https:\/\/www.facebook.com\/cvinoticias\" \/>\n<meta property=\"article:published_time\" content=\"2022-01-15T17:00:33+00:00\" \/>\n<meta property=\"og:image\" content=\"https:\/\/cvinoticias.com\/wp-content\/uploads\/2022\/01\/WhatsApp-Image-2022-01-15-at-12.45.29.jpeg\" \/>\n\t<meta property=\"og:image:width\" content=\"720\" \/>\n\t<meta property=\"og:image:height\" content=\"405\" \/>\n\t<meta property=\"og:image:type\" content=\"image\/jpeg\" \/>\n<meta name=\"author\" content=\"f1000024\" \/>\n<meta name=\"twitter:card\" content=\"summary_large_image\" \/>\n<meta name=\"twitter:label1\" content=\"Escrito por\" \/>\n\t<meta name=\"twitter:data1\" content=\"f1000024\" \/>\n<script type=\"application\/ld+json\" class=\"yoast-schema-graph\">{\"@context\":\"https:\\\/\\\/schema.org\",\"@graph\":[{\"@type\":\"Article\",\"@id\":\"https:\\\/\\\/cvinoticias.com\\\/v3\\\/el-ministro-de-salud-de-misiones-mando-sus-salutaciones-a-los-agentes-y-promotores-de-salud-de-misiones-en-su-dia\\\/#article\",\"isPartOf\":{\"@id\":\"https:\\\/\\\/cvinoticias.com\\\/v3\\\/el-ministro-de-salud-de-misiones-mando-sus-salutaciones-a-los-agentes-y-promotores-de-salud-de-misiones-en-su-dia\\\/\"},\"author\":{\"name\":\"f1000024\",\"@id\":\"https:\\\/\\\/cvinoticias.com\\\/v3\\\/#\\\/schema\\\/person\\\/2db77e3c6bc03c538495d7b2b8be9b66\"},\"headline\":\"El Ministro de Salud de Misiones mando sus salutaciones a los agentes y promotores de Salud de Misiones en su d\u00eda\",\"datePublished\":\"2022-01-15T17:00:33+00:00\",\"mainEntityOfPage\":{\"@id\":\"https:\\\/\\\/cvinoticias.com\\\/v3\\\/el-ministro-de-salud-de-misiones-mando-sus-salutaciones-a-los-agentes-y-promotores-de-salud-de-misiones-en-su-dia\\\/\"},\"wordCount\":117,\"commentCount\":0,\"publisher\":{\"@id\":\"https:\\\/\\\/cvinoticias.com\\\/v3\\\/#organization\"},\"image\":{\"@id\":\"https:\\\/\\\/cvinoticias.com\\\/v3\\\/el-ministro-de-salud-de-misiones-mando-sus-salutaciones-a-los-agentes-y-promotores-de-salud-de-misiones-en-su-dia\\\/#primaryimage\"},\"thumbnailUrl\":\"https:\\\/\\\/cvinoticias.com\\\/wp-content\\\/uploads\\\/2022\\\/01\\\/WhatsApp-Image-2022-01-15-at-12.45.29.jpeg\",\"articleSection\":[\"Salud\"],\"inLanguage\":\"es\",\"potentialAction\":[{\"@type\":\"CommentAction\",\"name\":\"Comment\",\"target\":[\"https:\\\/\\\/cvinoticias.com\\\/v3\\\/el-ministro-de-salud-de-misiones-mando-sus-salutaciones-a-los-agentes-y-promotores-de-salud-de-misiones-en-su-dia\\\/#respond\"]}]},{\"@type\":\"WebPage\",\"@id\":\"https:\\\/\\\/cvinoticias.com\\\/v3\\\/el-ministro-de-salud-de-misiones-mando-sus-salutaciones-a-los-agentes-y-promotores-de-salud-de-misiones-en-su-dia\\\/\",\"url\":\"https:\\\/\\\/cvinoticias.com\\\/v3\\\/el-ministro-de-salud-de-misiones-mando-sus-salutaciones-a-los-agentes-y-promotores-de-salud-de-misiones-en-su-dia\\\/\",\"name\":\"El Ministro de Salud de Misiones mando sus salutaciones a los agentes y promotores de Salud de Misiones en su d\u00eda | CVI NOTICIAS\",\"isPartOf\":{\"@id\":\"https:\\\/\\\/cvinoticias.com\\\/v3\\\/#website\"},\"primaryImageOfPage\":{\"@id\":\"https:\\\/\\\/cvinoticias.com\\\/v3\\\/el-ministro-de-salud-de-misiones-mando-sus-salutaciones-a-los-agentes-y-promotores-de-salud-de-misiones-en-su-dia\\\/#primaryimage\"},\"image\":{\"@id\":\"https:\\\/\\\/cvinoticias.com\\\/v3\\\/el-ministro-de-salud-de-misiones-mando-sus-salutaciones-a-los-agentes-y-promotores-de-salud-de-misiones-en-su-dia\\\/#primaryimage\"},\"thumbnailUrl\":\"https:\\\/\\\/cvinoticias.com\\\/wp-content\\\/uploads\\\/2022\\\/01\\\/WhatsApp-Image-2022-01-15-at-12.45.29.jpeg\",\"datePublished\":\"2022-01-15T17:00:33+00:00\",\"breadcrumb\":{\"@id\":\"https:\\\/\\\/cvinoticias.com\\\/v3\\\/el-ministro-de-salud-de-misiones-mando-sus-salutaciones-a-los-agentes-y-promotores-de-salud-de-misiones-en-su-dia\\\/#breadcrumb\"},\"inLanguage\":\"es\",\"potentialAction\":[{\"@type\":\"ReadAction\",\"target\":[\"https:\\\/\\\/cvinoticias.com\\\/v3\\\/el-ministro-de-salud-de-misiones-mando-sus-salutaciones-a-los-agentes-y-promotores-de-salud-de-misiones-en-su-dia\\\/\"]}]},{\"@type\":\"ImageObject\",\"inLanguage\":\"es\",\"@id\":\"https:\\\/\\\/cvinoticias.com\\\/v3\\\/el-ministro-de-salud-de-misiones-mando-sus-salutaciones-a-los-agentes-y-promotores-de-salud-de-misiones-en-su-dia\\\/#primaryimage\",\"url\":\"https:\\\/\\\/cvinoticias.com\\\/wp-content\\\/uploads\\\/2022\\\/01\\\/WhatsApp-Image-2022-01-15-at-12.45.29.jpeg\",\"contentUrl\":\"https:\\\/\\\/cvinoticias.com\\\/wp-content\\\/uploads\\\/2022\\\/01\\\/WhatsApp-Image-2022-01-15-at-12.45.29.jpeg\",\"width\":720,\"height\":405},{\"@type\":\"BreadcrumbList\",\"@id\":\"https:\\\/\\\/cvinoticias.com\\\/v3\\\/el-ministro-de-salud-de-misiones-mando-sus-salutaciones-a-los-agentes-y-promotores-de-salud-de-misiones-en-su-dia\\\/#breadcrumb\",\"itemListElement\":[{\"@type\":\"ListItem\",\"position\":1,\"name\":\"Portada\",\"item\":\"https:\\\/\\\/cvinoticias.com\\\/v3\\\/\"},{\"@type\":\"ListItem\",\"position\":2,\"name\":\"El Ministro de Salud de Misiones mando sus salutaciones a los agentes y promotores de Salud de Misiones en su d\u00eda\"}]},{\"@type\":\"WebSite\",\"@id\":\"https:\\\/\\\/cvinoticias.com\\\/v3\\\/#website\",\"url\":\"https:\\\/\\\/cvinoticias.com\\\/v3\\\/\",\"name\":\"CVI NOTICIAS\",\"description\":\"\",\"publisher\":{\"@id\":\"https:\\\/\\\/cvinoticias.com\\\/v3\\\/#organization\"},\"alternateName\":\"CVI\",\"potentialAction\":[{\"@type\":\"SearchAction\",\"target\":{\"@type\":\"EntryPoint\",\"urlTemplate\":\"https:\\\/\\\/cvinoticias.com\\\/v3\\\/?s={search_term_string}\"},\"query-input\":{\"@type\":\"PropertyValueSpecification\",\"valueRequired\":true,\"valueName\":\"search_term_string\"}}],\"inLanguage\":\"es\"},{\"@type\":\"Organization\",\"@id\":\"https:\\\/\\\/cvinoticias.com\\\/v3\\\/#organization\",\"name\":\"CVI NOTICIAS\",\"url\":\"https:\\\/\\\/cvinoticias.com\\\/v3\\\/\",\"logo\":{\"@type\":\"ImageObject\",\"inLanguage\":\"es\",\"@id\":\"https:\\\/\\\/cvinoticias.com\\\/v3\\\/#\\\/schema\\\/logo\\\/image\\\/\",\"url\":\"https:\\\/\\\/cvinoticias.com\\\/wp-content\\\/uploads\\\/2023\\\/04\\\/cropped-cropped-cropped-cropped-cropped-3-1.png\",\"contentUrl\":\"https:\\\/\\\/cvinoticias.com\\\/wp-content\\\/uploads\\\/2023\\\/04\\\/cropped-cropped-cropped-cropped-cropped-3-1.png\",\"width\":95,\"height\":122,\"caption\":\"CVI NOTICIAS\"},\"image\":{\"@id\":\"https:\\\/\\\/cvinoticias.com\\\/v3\\\/#\\\/schema\\\/logo\\\/image\\\/\"},\"sameAs\":[\"https:\\\/\\\/www.facebook.com\\\/cvinoticias\",\"https:\\\/\\\/www.instagram.com\\\/cvinoticias\\\/\",\"https:\\\/\\\/www.youtube.com\\\/@CVINOTICIAS\"]},{\"@type\":\"Person\",\"@id\":\"https:\\\/\\\/cvinoticias.com\\\/v3\\\/#\\\/schema\\\/person\\\/2db77e3c6bc03c538495d7b2b8be9b66\",\"name\":\"f1000024\",\"image\":{\"@type\":\"ImageObject\",\"inLanguage\":\"es\",\"@id\":\"https:\\\/\\\/secure.gravatar.com\\\/avatar\\\/d4fe7459cfc51ff5129ce1a732bbef5928568b8092d412ef95611616376bbeed?s=96&d=mm&r=g\",\"url\":\"https:\\\/\\\/secure.gravatar.com\\\/avatar\\\/d4fe7459cfc51ff5129ce1a732bbef5928568b8092d412ef95611616376bbeed?s=96&d=mm&r=g\",\"contentUrl\":\"https:\\\/\\\/secure.gravatar.com\\\/avatar\\\/d4fe7459cfc51ff5129ce1a732bbef5928568b8092d412ef95611616376bbeed?s=96&d=mm&r=g\",\"caption\":\"f1000024\"},\"url\":\"https:\\\/\\\/cvinoticias.com\\\/v3\\\/author\\\/f1000024\\\/\"}]}<\/script>\n<!-- \/ Yoast SEO plugin. -->","yoast_head_json":{"title":"El Ministro de Salud de Misiones mando sus salutaciones a los agentes y promotores de Salud de Misiones en su d\u00eda | CVI NOTICIAS","robots":{"index":"index","follow":"follow","max-snippet":"max-snippet:-1","max-image-preview":"max-image-preview:large","max-video-preview":"max-video-preview:-1"},"canonical":"https:\/\/cvinoticias.com\/v3\/el-ministro-de-salud-de-misiones-mando-sus-salutaciones-a-los-agentes-y-promotores-de-salud-de-misiones-en-su-dia\/","og_locale":"es_ES","og_type":"article","og_title":"El Ministro de Salud de Misiones mando sus salutaciones a los agentes y promotores de Salud de Misiones en su d\u00eda | CVI NOTICIAS","og_description":"Los promotores de salud celebran su d\u00eda este d\u00eda de enero. Su rol es clave para garantizar la salud de todos los misioneros ya que su labor es constante, se extiende en todo el territorio provincial llegando a todas las comunidades, por tal motivo el Dr. Oscar Alarc\u00f3n, titular de la Cartera de Salud de [&hellip;]","og_url":"https:\/\/cvinoticias.com\/v3\/el-ministro-de-salud-de-misiones-mando-sus-salutaciones-a-los-agentes-y-promotores-de-salud-de-misiones-en-su-dia\/","og_site_name":"CVI NOTICIAS","article_publisher":"https:\/\/www.facebook.com\/cvinoticias","article_published_time":"2022-01-15T17:00:33+00:00","og_image":[{"width":720,"height":405,"url":"https:\/\/cvinoticias.com\/wp-content\/uploads\/2022\/01\/WhatsApp-Image-2022-01-15-at-12.45.29.jpeg","type":"image\/jpeg"}],"author":"f1000024","twitter_card":"summary_large_image","twitter_misc":{"Escrito por":"f1000024"},"schema":{"@context":"https:\/\/schema.org","@graph":[{"@type":"Article","@id":"https:\/\/cvinoticias.com\/v3\/el-ministro-de-salud-de-misiones-mando-sus-salutaciones-a-los-agentes-y-promotores-de-salud-de-misiones-en-su-dia\/#article","isPartOf":{"@id":"https:\/\/cvinoticias.com\/v3\/el-ministro-de-salud-de-misiones-mando-sus-salutaciones-a-los-agentes-y-promotores-de-salud-de-misiones-en-su-dia\/"},"author":{"name":"f1000024","@id":"https:\/\/cvinoticias.com\/v3\/#\/schema\/person\/2db77e3c6bc03c538495d7b2b8be9b66"},"headline":"El Ministro de Salud de Misiones mando sus salutaciones a los agentes y promotores de Salud de Misiones en su d\u00eda","datePublished":"2022-01-15T17:00:33+00:00","mainEntityOfPage":{"@id":"https:\/\/cvinoticias.com\/v3\/el-ministro-de-salud-de-misiones-mando-sus-salutaciones-a-los-agentes-y-promotores-de-salud-de-misiones-en-su-dia\/"},"wordCount":117,"commentCount":0,"publisher":{"@id":"https:\/\/cvinoticias.com\/v3\/#organization"},"image":{"@id":"https:\/\/cvinoticias.com\/v3\/el-ministro-de-salud-de-misiones-mando-sus-salutaciones-a-los-agentes-y-promotores-de-salud-de-misiones-en-su-dia\/#primaryimage"},"thumbnailUrl":"https:\/\/cvinoticias.com\/wp-content\/uploads\/2022\/01\/WhatsApp-Image-2022-01-15-at-12.45.29.jpeg","articleSection":["Salud"],"inLanguage":"es","potentialAction":[{"@type":"CommentAction","name":"Comment","target":["https:\/\/cvinoticias.com\/v3\/el-ministro-de-salud-de-misiones-mando-sus-salutaciones-a-los-agentes-y-promotores-de-salud-de-misiones-en-su-dia\/#respond"]}]},{"@type":"WebPage","@id":"https:\/\/cvinoticias.com\/v3\/el-ministro-de-salud-de-misiones-mando-sus-salutaciones-a-los-agentes-y-promotores-de-salud-de-misiones-en-su-dia\/","url":"https:\/\/cvinoticias.com\/v3\/el-ministro-de-salud-de-misiones-mando-sus-salutaciones-a-los-agentes-y-promotores-de-salud-de-misiones-en-su-dia\/","name":"El Ministro de Salud de Misiones mando sus salutaciones a los agentes y promotores de Salud de Misiones en su d\u00eda | CVI NOTICIAS","isPartOf":{"@id":"https:\/\/cvinoticias.com\/v3\/#website"},"primaryImageOfPage":{"@id":"https:\/\/cvinoticias.com\/v3\/el-ministro-de-salud-de-misiones-mando-sus-salutaciones-a-los-agentes-y-promotores-de-salud-de-misiones-en-su-dia\/#primaryimage"},"image":{"@id":"https:\/\/cvinoticias.com\/v3\/el-ministro-de-salud-de-misiones-mando-sus-salutaciones-a-los-agentes-y-promotores-de-salud-de-misiones-en-su-dia\/#primaryimage"},"thumbnailUrl":"https:\/\/cvinoticias.com\/wp-content\/uploads\/2022\/01\/WhatsApp-Image-2022-01-15-at-12.45.29.jpeg","datePublished":"2022-01-15T17:00:33+00:00","breadcrumb":{"@id":"https:\/\/cvinoticias.com\/v3\/el-ministro-de-salud-de-misiones-mando-sus-salutaciones-a-los-agentes-y-promotores-de-salud-de-misiones-en-su-dia\/#breadcrumb"},"inLanguage":"es","potentialAction":[{"@type":"ReadAction","target":["https:\/\/cvinoticias.com\/v3\/el-ministro-de-salud-de-misiones-mando-sus-salutaciones-a-los-agentes-y-promotores-de-salud-de-misiones-en-su-dia\/"]}]},{"@type":"ImageObject","inLanguage":"es","@id":"https:\/\/cvinoticias.com\/v3\/el-ministro-de-salud-de-misiones-mando-sus-salutaciones-a-los-agentes-y-promotores-de-salud-de-misiones-en-su-dia\/#primaryimage","url":"https:\/\/cvinoticias.com\/wp-content\/uploads\/2022\/01\/WhatsApp-Image-2022-01-15-at-12.45.29.jpeg","contentUrl":"https:\/\/cvinoticias.com\/wp-content\/uploads\/2022\/01\/WhatsApp-Image-2022-01-15-at-12.45.29.jpeg","width":720,"height":405},{"@type":"BreadcrumbList","@id":"https:\/\/cvinoticias.com\/v3\/el-ministro-de-salud-de-misiones-mando-sus-salutaciones-a-los-agentes-y-promotores-de-salud-de-misiones-en-su-dia\/#breadcrumb","itemListElement":[{"@type":"ListItem","position":1,"name":"Portada","item":"https:\/\/cvinoticias.com\/v3\/"},{"@type":"ListItem","position":2,"name":"El Ministro de Salud de Misiones mando sus salutaciones a los agentes y promotores de Salud de Misiones en su d\u00eda"}]},{"@type":"WebSite","@id":"https:\/\/cvinoticias.com\/v3\/#website","url":"https:\/\/cvinoticias.com\/v3\/","name":"CVI NOTICIAS","description":"","publisher":{"@id":"https:\/\/cvinoticias.com\/v3\/#organization"},"alternateName":"CVI","potentialAction":[{"@type":"SearchAction","target":{"@type":"EntryPoint","urlTemplate":"https:\/\/cvinoticias.com\/v3\/?s={search_term_string}"},"query-input":{"@type":"PropertyValueSpecification","valueRequired":true,"valueName":"search_term_string"}}],"inLanguage":"es"},{"@type":"Organization","@id":"https:\/\/cvinoticias.com\/v3\/#organization","name":"CVI NOTICIAS","url":"https:\/\/cvinoticias.com\/v3\/","logo":{"@type":"ImageObject","inLanguage":"es","@id":"https:\/\/cvinoticias.com\/v3\/#\/schema\/logo\/image\/","url":"https:\/\/cvinoticias.com\/wp-content\/uploads\/2023\/04\/cropped-cropped-cropped-cropped-cropped-3-1.png","contentUrl":"https:\/\/cvinoticias.com\/wp-content\/uploads\/2023\/04\/cropped-cropped-cropped-cropped-cropped-3-1.png","width":95,"height":122,"caption":"CVI NOTICIAS"},"image":{"@id":"https:\/\/cvinoticias.com\/v3\/#\/schema\/logo\/image\/"},"sameAs":["https:\/\/www.facebook.com\/cvinoticias","https:\/\/www.instagram.com\/cvinoticias\/","https:\/\/www.youtube.com\/@CVINOTICIAS"]},{"@type":"Person","@id":"https:\/\/cvinoticias.com\/v3\/#\/schema\/person\/2db77e3c6bc03c538495d7b2b8be9b66","name":"f1000024","image":{"@type":"ImageObject","inLanguage":"es","@id":"https:\/\/secure.gravatar.com\/avatar\/d4fe7459cfc51ff5129ce1a732bbef5928568b8092d412ef95611616376bbeed?s=96&d=mm&r=g","url":"https:\/\/secure.gravatar.com\/avatar\/d4fe7459cfc51ff5129ce1a732bbef5928568b8092d412ef95611616376bbeed?s=96&d=mm&r=g","contentUrl":"https:\/\/secure.gravatar.com\/avatar\/d4fe7459cfc51ff5129ce1a732bbef5928568b8092d412ef95611616376bbeed?s=96&d=mm&r=g","caption":"f1000024"},"url":"https:\/\/cvinoticias.com\/v3\/author\/f1000024\/"}]}},"_links":{"self":[{"href":"https:\/\/cvinoticias.com\/v3\/wp-json\/wp\/v2\/posts\/12363","targetHints":{"allow":["GET"]}}],"collection":[{"href":"https:\/\/cvinoticias.com\/v3\/wp-json\/wp\/v2\/posts"}],"about":[{"href":"https:\/\/cvinoticias.com\/v3\/wp-json\/wp\/v2\/types\/post"}],"author":[{"embeddable":true,"href":"https:\/\/cvinoticias.com\/v3\/wp-json\/wp\/v2\/users\/2"}],"replies":[{"embeddable":true,"href":"https:\/\/cvinoticias.com\/v3\/wp-json\/wp\/v2\/comments?post=12363"}],"version-history":[{"count":1,"href":"https:\/\/cvinoticias.com\/v3\/wp-json\/wp\/v2\/posts\/12363\/revisions"}],"predecessor-version":[{"id":12366,"href":"https:\/\/cvinoticias.com\/v3\/wp-json\/wp\/v2\/posts\/12363\/revisions\/12366"}],"wp:featuredmedia":[{"embeddable":true,"href":"https:\/\/cvinoticias.com\/v3\/wp-json\/wp\/v2\/media\/12365"}],"wp:attachment":[{"href":"https:\/\/cvinoticias.com\/v3\/wp-json\/wp\/v2\/media?parent=12363"}],"wp:term":[{"taxonomy":"category","embeddable":true,"href":"https:\/\/cvinoticias.com\/v3\/wp-json\/wp\/v2\/categories?post=12363"},{"taxonomy":"post_tag","embeddable":true,"href":"https:\/\/cvinoticias.com\/v3\/wp-json\/wp\/v2\/tags?post=12363"}],"curies":[{"name":"wp","href":"https:\/\/api.w.org\/{rel}","templated":true}]}}