{"id":12347,"date":"2022-01-14T19:59:23","date_gmt":"2022-01-14T19:59:23","guid":{"rendered":"https:\/\/cvinoticias.com\/v3\/?p=12347"},"modified":"2022-01-14T19:59:23","modified_gmt":"2022-01-14T19:59:23","slug":"iguazu-jornada-de-capacitacion-y-actualizacion-de-s-n-i-c-s-a-t","status":"publish","type":"post","link":"https:\/\/cvinoticias.com\/v3\/iguazu-jornada-de-capacitacion-y-actualizacion-de-s-n-i-c-s-a-t\/","title":{"rendered":"Iguaz\u00fa: Jornada de capacitaci\u00f3n y actualizaci\u00f3n de S.N.I.C.- S.A.T."},"content":{"rendered":"\n<p><strong><em>En la Jornada de hoy viernes en las instalaciones de la Unidad Regional V de la Polic\u00eda de Misiones, se dio inicio a una nueva jornada de actualizaci\u00f3n y capacitaci\u00f3n en el Sistema de Informaci\u00f3n Criminal y Sistema de Alerta Temprana, a cargo del personal de la Direcci\u00f3n Nacional de Estad\u00edsticas Criminal.<\/em><\/strong><\/p>\n\n\n\n<p>Dicha instrucci\u00f3n estuvo a cargo de las disertantes Lic. Mar\u00eda Bel\u00e9n Bustamante y Nadia G\u00f3mez, el jefe del Departamento de Estad\u00edsticas de esta Instituci\u00f3n, comisario P\u00e9rez Meza Pedro d\u00f3nde coordinaron tareas con los representantes de las Unidades Regionales III, V, y XII.<\/p>\n\n\n\n<figure class=\"wp-block-image size-full\"><a href=\"https:\/\/cvinoticias.com\/wp-content\/uploads\/2022\/01\/FB_IMG_1642190128707.jpg\"><img decoding=\"async\" width=\"960\" height=\"645\" data-src=\"https:\/\/cvinoticias.com\/wp-content\/uploads\/2022\/01\/FB_IMG_1642190128707.jpg\" alt=\"\" class=\"wp-image-12348 lazyload\" data-srcset=\"https:\/\/cvinoticias.com\/wp-content\/uploads\/2022\/01\/FB_IMG_1642190128707.jpg 960w, https:\/\/cvinoticias.com\/wp-content\/uploads\/2022\/01\/FB_IMG_1642190128707-300x202.jpg 300w, https:\/\/cvinoticias.com\/wp-content\/uploads\/2022\/01\/FB_IMG_1642190128707-768x516.jpg 768w\" data-sizes=\"(max-width: 960px) 100vw, 960px\" src=\"data:image\/svg+xml;base64,PHN2ZyB3aWR0aD0iMSIgaGVpZ2h0PSIxIiB4bWxucz0iaHR0cDovL3d3dy53My5vcmcvMjAwMC9zdmciPjwvc3ZnPg==\" style=\"--smush-placeholder-width: 960px; --smush-placeholder-aspect-ratio: 960\/645;\" \/><\/a><\/figure>\n\n\n\n<p>El Sistema Nacional de Informaci\u00f3n Criminal (SNIC), es un sistema que comprende el conjunto de componentes relacionados y procedimientos organizados para la gesti\u00f3n de informaci\u00f3n criminal en todo el territorio de la Rep\u00fablica Argentina, como uno de los sustentos ineludibles de la pol\u00edtica p\u00fablica de seguridad democr\u00e1tica. Su finalidad es garantizar la existencia de informaci\u00f3n que:<br>\u2022 Sea pertinente, confiable, v\u00e1lida, adecuada y oportuna.<br>\u2022 Permita el desarrollo de pol\u00edticas basadas en evidencia.<br>\u2022 Involucre aspectos estad\u00edsticos, de an\u00e1lisis y de articulaci\u00f3n interinstitucional<\/p>\n\n\n\n<p>Por otro lado, el Sistema de Alerta Temprana es un relevamiento a nivel de \u201cmicrodatos\u201d, cuya fuente es el sumario o preventivo policial, que recolecta informaci\u00f3n con un mayor nivel de desagregaci\u00f3n con respecto al SNIC. Comprende varios aspectos sobre los hechos delictuales, sobre las v\u00edctimas y los supuestos inculpados. Incluye variables espec\u00edficas seg\u00fan cada tipo delictual y las categor\u00edas de cada una, que posibilitan un an\u00e1lisis cualitativo de los eventos delictuales de mayor amplitud y profundidad.<\/p>\n\n\n\n<p>El objetivo es relevar los hechos delictuosos en todo el territorio de la Rep\u00fablica Argentina, a trav\u00e9s de registros administrativos policiales. En la actualidad, el Ministerio de Seguridad de la Naci\u00f3n es quien gestiona el sistema y publica las estad\u00edsticas oficiales de la informaci\u00f3n criminal por a\u00f1o calendario, conforme a lo proporcionado por las provincias.<\/p>\n\n\n\n<p>Prensa Unidad Regional V<\/p>\n\n\n\n<figure class=\"wp-block-image size-large is-resized\"><a href=\"https:\/\/cvinoticias.com\/wp-content\/uploads\/2022\/01\/FB_IMG_1642190133667.jpg\"><img decoding=\"async\" data-src=\"https:\/\/cvinoticias.com\/wp-content\/uploads\/2022\/01\/FB_IMG_1642190133667-1024x670.jpg\" alt=\"\" class=\"wp-image-12349 lazyload\" width=\"846\" height=\"553\" data-srcset=\"https:\/\/cvinoticias.com\/wp-content\/uploads\/2022\/01\/FB_IMG_1642190133667-1024x670.jpg 1024w, https:\/\/cvinoticias.com\/wp-content\/uploads\/2022\/01\/FB_IMG_1642190133667-300x196.jpg 300w, https:\/\/cvinoticias.com\/wp-content\/uploads\/2022\/01\/FB_IMG_1642190133667-768x503.jpg 768w, https:\/\/cvinoticias.com\/wp-content\/uploads\/2022\/01\/FB_IMG_1642190133667.jpg 1080w\" data-sizes=\"(max-width: 846px) 100vw, 846px\" src=\"data:image\/svg+xml;base64,PHN2ZyB3aWR0aD0iMSIgaGVpZ2h0PSIxIiB4bWxucz0iaHR0cDovL3d3dy53My5vcmcvMjAwMC9zdmciPjwvc3ZnPg==\" style=\"--smush-placeholder-width: 846px; --smush-placeholder-aspect-ratio: 846\/553;\" \/><\/a><\/figure>\n","protected":false},"excerpt":{"rendered":"<p>En la Jornada de hoy viernes en las instalaciones de la Unidad Regional V de la Polic\u00eda de Misiones, se dio inicio a una nueva jornada de actualizaci\u00f3n y capacitaci\u00f3n en el Sistema de Informaci\u00f3n Criminal y Sistema de Alerta Temprana, a cargo del personal de la Direcci\u00f3n Nacional de Estad\u00edsticas Criminal. Dicha instrucci\u00f3n estuvo [&hellip;]<\/p>\n","protected":false},"author":2,"featured_media":12350,"comment_status":"open","ping_status":"open","sticky":false,"template":"","format":"standard","meta":{"footnotes":""},"categories":[41],"tags":[],"class_list":["post-12347","post","type-post","status-publish","format-standard","has-post-thumbnail","hentry","category-policiales"],"yoast_head":"<!-- This site is optimized with the Yoast SEO plugin v27.5 - https:\/\/yoast.com\/product\/yoast-seo-wordpress\/ -->\n<title>Iguaz\u00fa: Jornada de capacitaci\u00f3n y actualizaci\u00f3n de S.N.I.C.- S.A.T. | CVI NOTICIAS<\/title>\n<meta name=\"robots\" content=\"index, follow, max-snippet:-1, max-image-preview:large, max-video-preview:-1\" \/>\n<link rel=\"canonical\" href=\"https:\/\/cvinoticias.com\/v3\/iguazu-jornada-de-capacitacion-y-actualizacion-de-s-n-i-c-s-a-t\/\" \/>\n<meta property=\"og:locale\" content=\"es_ES\" \/>\n<meta property=\"og:type\" content=\"article\" \/>\n<meta property=\"og:title\" content=\"Iguaz\u00fa: Jornada de capacitaci\u00f3n y actualizaci\u00f3n de S.N.I.C.- S.A.T. | CVI NOTICIAS\" \/>\n<meta property=\"og:description\" content=\"En la Jornada de hoy viernes en las instalaciones de la Unidad Regional V de la Polic\u00eda de Misiones, se dio inicio a una nueva jornada de actualizaci\u00f3n y capacitaci\u00f3n en el Sistema de Informaci\u00f3n Criminal y Sistema de Alerta Temprana, a cargo del personal de la Direcci\u00f3n Nacional de Estad\u00edsticas Criminal. Dicha instrucci\u00f3n estuvo [&hellip;]\" \/>\n<meta property=\"og:url\" content=\"https:\/\/cvinoticias.com\/v3\/iguazu-jornada-de-capacitacion-y-actualizacion-de-s-n-i-c-s-a-t\/\" \/>\n<meta property=\"og:site_name\" content=\"CVI NOTICIAS\" \/>\n<meta property=\"article:publisher\" content=\"https:\/\/www.facebook.com\/cvinoticias\" \/>\n<meta property=\"article:published_time\" content=\"2022-01-14T19:59:23+00:00\" \/>\n<meta property=\"og:image\" content=\"https:\/\/cvinoticias.com\/wp-content\/uploads\/2022\/01\/FB_IMG_1642190131238.jpg\" \/>\n\t<meta property=\"og:image:width\" content=\"1080\" \/>\n\t<meta property=\"og:image:height\" content=\"705\" \/>\n\t<meta property=\"og:image:type\" content=\"image\/jpeg\" \/>\n<meta name=\"author\" content=\"f1000024\" \/>\n<meta name=\"twitter:card\" content=\"summary_large_image\" \/>\n<meta name=\"twitter:label1\" content=\"Escrito por\" \/>\n\t<meta name=\"twitter:data1\" content=\"f1000024\" \/>\n\t<meta name=\"twitter:label2\" content=\"Tiempo de lectura\" \/>\n\t<meta name=\"twitter:data2\" content=\"2 minutos\" \/>\n<script type=\"application\/ld+json\" class=\"yoast-schema-graph\">{\"@context\":\"https:\\\/\\\/schema.org\",\"@graph\":[{\"@type\":\"Article\",\"@id\":\"https:\\\/\\\/cvinoticias.com\\\/v3\\\/iguazu-jornada-de-capacitacion-y-actualizacion-de-s-n-i-c-s-a-t\\\/#article\",\"isPartOf\":{\"@id\":\"https:\\\/\\\/cvinoticias.com\\\/v3\\\/iguazu-jornada-de-capacitacion-y-actualizacion-de-s-n-i-c-s-a-t\\\/\"},\"author\":{\"name\":\"f1000024\",\"@id\":\"https:\\\/\\\/cvinoticias.com\\\/v3\\\/#\\\/schema\\\/person\\\/2db77e3c6bc03c538495d7b2b8be9b66\"},\"headline\":\"Iguaz\u00fa: Jornada de capacitaci\u00f3n y actualizaci\u00f3n de S.N.I.C.- S.A.T.\",\"datePublished\":\"2022-01-14T19:59:23+00:00\",\"mainEntityOfPage\":{\"@id\":\"https:\\\/\\\/cvinoticias.com\\\/v3\\\/iguazu-jornada-de-capacitacion-y-actualizacion-de-s-n-i-c-s-a-t\\\/\"},\"wordCount\":367,\"commentCount\":0,\"publisher\":{\"@id\":\"https:\\\/\\\/cvinoticias.com\\\/v3\\\/#organization\"},\"image\":{\"@id\":\"https:\\\/\\\/cvinoticias.com\\\/v3\\\/iguazu-jornada-de-capacitacion-y-actualizacion-de-s-n-i-c-s-a-t\\\/#primaryimage\"},\"thumbnailUrl\":\"https:\\\/\\\/cvinoticias.com\\\/wp-content\\\/uploads\\\/2022\\\/01\\\/FB_IMG_1642190131238.jpg\",\"articleSection\":[\"Policiales\"],\"inLanguage\":\"es\",\"potentialAction\":[{\"@type\":\"CommentAction\",\"name\":\"Comment\",\"target\":[\"https:\\\/\\\/cvinoticias.com\\\/v3\\\/iguazu-jornada-de-capacitacion-y-actualizacion-de-s-n-i-c-s-a-t\\\/#respond\"]}]},{\"@type\":\"WebPage\",\"@id\":\"https:\\\/\\\/cvinoticias.com\\\/v3\\\/iguazu-jornada-de-capacitacion-y-actualizacion-de-s-n-i-c-s-a-t\\\/\",\"url\":\"https:\\\/\\\/cvinoticias.com\\\/v3\\\/iguazu-jornada-de-capacitacion-y-actualizacion-de-s-n-i-c-s-a-t\\\/\",\"name\":\"Iguaz\u00fa: Jornada de capacitaci\u00f3n y actualizaci\u00f3n de S.N.I.C.- S.A.T. | CVI NOTICIAS\",\"isPartOf\":{\"@id\":\"https:\\\/\\\/cvinoticias.com\\\/v3\\\/#website\"},\"primaryImageOfPage\":{\"@id\":\"https:\\\/\\\/cvinoticias.com\\\/v3\\\/iguazu-jornada-de-capacitacion-y-actualizacion-de-s-n-i-c-s-a-t\\\/#primaryimage\"},\"image\":{\"@id\":\"https:\\\/\\\/cvinoticias.com\\\/v3\\\/iguazu-jornada-de-capacitacion-y-actualizacion-de-s-n-i-c-s-a-t\\\/#primaryimage\"},\"thumbnailUrl\":\"https:\\\/\\\/cvinoticias.com\\\/wp-content\\\/uploads\\\/2022\\\/01\\\/FB_IMG_1642190131238.jpg\",\"datePublished\":\"2022-01-14T19:59:23+00:00\",\"breadcrumb\":{\"@id\":\"https:\\\/\\\/cvinoticias.com\\\/v3\\\/iguazu-jornada-de-capacitacion-y-actualizacion-de-s-n-i-c-s-a-t\\\/#breadcrumb\"},\"inLanguage\":\"es\",\"potentialAction\":[{\"@type\":\"ReadAction\",\"target\":[\"https:\\\/\\\/cvinoticias.com\\\/v3\\\/iguazu-jornada-de-capacitacion-y-actualizacion-de-s-n-i-c-s-a-t\\\/\"]}]},{\"@type\":\"ImageObject\",\"inLanguage\":\"es\",\"@id\":\"https:\\\/\\\/cvinoticias.com\\\/v3\\\/iguazu-jornada-de-capacitacion-y-actualizacion-de-s-n-i-c-s-a-t\\\/#primaryimage\",\"url\":\"https:\\\/\\\/cvinoticias.com\\\/wp-content\\\/uploads\\\/2022\\\/01\\\/FB_IMG_1642190131238.jpg\",\"contentUrl\":\"https:\\\/\\\/cvinoticias.com\\\/wp-content\\\/uploads\\\/2022\\\/01\\\/FB_IMG_1642190131238.jpg\",\"width\":1080,\"height\":705},{\"@type\":\"BreadcrumbList\",\"@id\":\"https:\\\/\\\/cvinoticias.com\\\/v3\\\/iguazu-jornada-de-capacitacion-y-actualizacion-de-s-n-i-c-s-a-t\\\/#breadcrumb\",\"itemListElement\":[{\"@type\":\"ListItem\",\"position\":1,\"name\":\"Portada\",\"item\":\"https:\\\/\\\/cvinoticias.com\\\/v3\\\/\"},{\"@type\":\"ListItem\",\"position\":2,\"name\":\"Iguaz\u00fa: Jornada de capacitaci\u00f3n y actualizaci\u00f3n de S.N.I.C.- S.A.T.\"}]},{\"@type\":\"WebSite\",\"@id\":\"https:\\\/\\\/cvinoticias.com\\\/v3\\\/#website\",\"url\":\"https:\\\/\\\/cvinoticias.com\\\/v3\\\/\",\"name\":\"CVI NOTICIAS\",\"description\":\"\",\"publisher\":{\"@id\":\"https:\\\/\\\/cvinoticias.com\\\/v3\\\/#organization\"},\"alternateName\":\"CVI\",\"potentialAction\":[{\"@type\":\"SearchAction\",\"target\":{\"@type\":\"EntryPoint\",\"urlTemplate\":\"https:\\\/\\\/cvinoticias.com\\\/v3\\\/?s={search_term_string}\"},\"query-input\":{\"@type\":\"PropertyValueSpecification\",\"valueRequired\":true,\"valueName\":\"search_term_string\"}}],\"inLanguage\":\"es\"},{\"@type\":\"Organization\",\"@id\":\"https:\\\/\\\/cvinoticias.com\\\/v3\\\/#organization\",\"name\":\"CVI NOTICIAS\",\"url\":\"https:\\\/\\\/cvinoticias.com\\\/v3\\\/\",\"logo\":{\"@type\":\"ImageObject\",\"inLanguage\":\"es\",\"@id\":\"https:\\\/\\\/cvinoticias.com\\\/v3\\\/#\\\/schema\\\/logo\\\/image\\\/\",\"url\":\"https:\\\/\\\/cvinoticias.com\\\/wp-content\\\/uploads\\\/2023\\\/04\\\/cropped-cropped-cropped-cropped-cropped-3-1.png\",\"contentUrl\":\"https:\\\/\\\/cvinoticias.com\\\/wp-content\\\/uploads\\\/2023\\\/04\\\/cropped-cropped-cropped-cropped-cropped-3-1.png\",\"width\":95,\"height\":122,\"caption\":\"CVI NOTICIAS\"},\"image\":{\"@id\":\"https:\\\/\\\/cvinoticias.com\\\/v3\\\/#\\\/schema\\\/logo\\\/image\\\/\"},\"sameAs\":[\"https:\\\/\\\/www.facebook.com\\\/cvinoticias\",\"https:\\\/\\\/www.instagram.com\\\/cvinoticias\\\/\",\"https:\\\/\\\/www.youtube.com\\\/@CVINOTICIAS\"]},{\"@type\":\"Person\",\"@id\":\"https:\\\/\\\/cvinoticias.com\\\/v3\\\/#\\\/schema\\\/person\\\/2db77e3c6bc03c538495d7b2b8be9b66\",\"name\":\"f1000024\",\"image\":{\"@type\":\"ImageObject\",\"inLanguage\":\"es\",\"@id\":\"https:\\\/\\\/secure.gravatar.com\\\/avatar\\\/d4fe7459cfc51ff5129ce1a732bbef5928568b8092d412ef95611616376bbeed?s=96&d=mm&r=g\",\"url\":\"https:\\\/\\\/secure.gravatar.com\\\/avatar\\\/d4fe7459cfc51ff5129ce1a732bbef5928568b8092d412ef95611616376bbeed?s=96&d=mm&r=g\",\"contentUrl\":\"https:\\\/\\\/secure.gravatar.com\\\/avatar\\\/d4fe7459cfc51ff5129ce1a732bbef5928568b8092d412ef95611616376bbeed?s=96&d=mm&r=g\",\"caption\":\"f1000024\"},\"url\":\"https:\\\/\\\/cvinoticias.com\\\/v3\\\/author\\\/f1000024\\\/\"}]}<\/script>\n<!-- \/ Yoast SEO plugin. -->","yoast_head_json":{"title":"Iguaz\u00fa: Jornada de capacitaci\u00f3n y actualizaci\u00f3n de S.N.I.C.- S.A.T. | CVI NOTICIAS","robots":{"index":"index","follow":"follow","max-snippet":"max-snippet:-1","max-image-preview":"max-image-preview:large","max-video-preview":"max-video-preview:-1"},"canonical":"https:\/\/cvinoticias.com\/v3\/iguazu-jornada-de-capacitacion-y-actualizacion-de-s-n-i-c-s-a-t\/","og_locale":"es_ES","og_type":"article","og_title":"Iguaz\u00fa: Jornada de capacitaci\u00f3n y actualizaci\u00f3n de S.N.I.C.- S.A.T. | CVI NOTICIAS","og_description":"En la Jornada de hoy viernes en las instalaciones de la Unidad Regional V de la Polic\u00eda de Misiones, se dio inicio a una nueva jornada de actualizaci\u00f3n y capacitaci\u00f3n en el Sistema de Informaci\u00f3n Criminal y Sistema de Alerta Temprana, a cargo del personal de la Direcci\u00f3n Nacional de Estad\u00edsticas Criminal. Dicha instrucci\u00f3n estuvo [&hellip;]","og_url":"https:\/\/cvinoticias.com\/v3\/iguazu-jornada-de-capacitacion-y-actualizacion-de-s-n-i-c-s-a-t\/","og_site_name":"CVI NOTICIAS","article_publisher":"https:\/\/www.facebook.com\/cvinoticias","article_published_time":"2022-01-14T19:59:23+00:00","og_image":[{"width":1080,"height":705,"url":"https:\/\/cvinoticias.com\/wp-content\/uploads\/2022\/01\/FB_IMG_1642190131238.jpg","type":"image\/jpeg"}],"author":"f1000024","twitter_card":"summary_large_image","twitter_misc":{"Escrito por":"f1000024","Tiempo de lectura":"2 minutos"},"schema":{"@context":"https:\/\/schema.org","@graph":[{"@type":"Article","@id":"https:\/\/cvinoticias.com\/v3\/iguazu-jornada-de-capacitacion-y-actualizacion-de-s-n-i-c-s-a-t\/#article","isPartOf":{"@id":"https:\/\/cvinoticias.com\/v3\/iguazu-jornada-de-capacitacion-y-actualizacion-de-s-n-i-c-s-a-t\/"},"author":{"name":"f1000024","@id":"https:\/\/cvinoticias.com\/v3\/#\/schema\/person\/2db77e3c6bc03c538495d7b2b8be9b66"},"headline":"Iguaz\u00fa: Jornada de capacitaci\u00f3n y actualizaci\u00f3n de S.N.I.C.- S.A.T.","datePublished":"2022-01-14T19:59:23+00:00","mainEntityOfPage":{"@id":"https:\/\/cvinoticias.com\/v3\/iguazu-jornada-de-capacitacion-y-actualizacion-de-s-n-i-c-s-a-t\/"},"wordCount":367,"commentCount":0,"publisher":{"@id":"https:\/\/cvinoticias.com\/v3\/#organization"},"image":{"@id":"https:\/\/cvinoticias.com\/v3\/iguazu-jornada-de-capacitacion-y-actualizacion-de-s-n-i-c-s-a-t\/#primaryimage"},"thumbnailUrl":"https:\/\/cvinoticias.com\/wp-content\/uploads\/2022\/01\/FB_IMG_1642190131238.jpg","articleSection":["Policiales"],"inLanguage":"es","potentialAction":[{"@type":"CommentAction","name":"Comment","target":["https:\/\/cvinoticias.com\/v3\/iguazu-jornada-de-capacitacion-y-actualizacion-de-s-n-i-c-s-a-t\/#respond"]}]},{"@type":"WebPage","@id":"https:\/\/cvinoticias.com\/v3\/iguazu-jornada-de-capacitacion-y-actualizacion-de-s-n-i-c-s-a-t\/","url":"https:\/\/cvinoticias.com\/v3\/iguazu-jornada-de-capacitacion-y-actualizacion-de-s-n-i-c-s-a-t\/","name":"Iguaz\u00fa: Jornada de capacitaci\u00f3n y actualizaci\u00f3n de S.N.I.C.- S.A.T. | CVI NOTICIAS","isPartOf":{"@id":"https:\/\/cvinoticias.com\/v3\/#website"},"primaryImageOfPage":{"@id":"https:\/\/cvinoticias.com\/v3\/iguazu-jornada-de-capacitacion-y-actualizacion-de-s-n-i-c-s-a-t\/#primaryimage"},"image":{"@id":"https:\/\/cvinoticias.com\/v3\/iguazu-jornada-de-capacitacion-y-actualizacion-de-s-n-i-c-s-a-t\/#primaryimage"},"thumbnailUrl":"https:\/\/cvinoticias.com\/wp-content\/uploads\/2022\/01\/FB_IMG_1642190131238.jpg","datePublished":"2022-01-14T19:59:23+00:00","breadcrumb":{"@id":"https:\/\/cvinoticias.com\/v3\/iguazu-jornada-de-capacitacion-y-actualizacion-de-s-n-i-c-s-a-t\/#breadcrumb"},"inLanguage":"es","potentialAction":[{"@type":"ReadAction","target":["https:\/\/cvinoticias.com\/v3\/iguazu-jornada-de-capacitacion-y-actualizacion-de-s-n-i-c-s-a-t\/"]}]},{"@type":"ImageObject","inLanguage":"es","@id":"https:\/\/cvinoticias.com\/v3\/iguazu-jornada-de-capacitacion-y-actualizacion-de-s-n-i-c-s-a-t\/#primaryimage","url":"https:\/\/cvinoticias.com\/wp-content\/uploads\/2022\/01\/FB_IMG_1642190131238.jpg","contentUrl":"https:\/\/cvinoticias.com\/wp-content\/uploads\/2022\/01\/FB_IMG_1642190131238.jpg","width":1080,"height":705},{"@type":"BreadcrumbList","@id":"https:\/\/cvinoticias.com\/v3\/iguazu-jornada-de-capacitacion-y-actualizacion-de-s-n-i-c-s-a-t\/#breadcrumb","itemListElement":[{"@type":"ListItem","position":1,"name":"Portada","item":"https:\/\/cvinoticias.com\/v3\/"},{"@type":"ListItem","position":2,"name":"Iguaz\u00fa: Jornada de capacitaci\u00f3n y actualizaci\u00f3n de S.N.I.C.- S.A.T."}]},{"@type":"WebSite","@id":"https:\/\/cvinoticias.com\/v3\/#website","url":"https:\/\/cvinoticias.com\/v3\/","name":"CVI NOTICIAS","description":"","publisher":{"@id":"https:\/\/cvinoticias.com\/v3\/#organization"},"alternateName":"CVI","potentialAction":[{"@type":"SearchAction","target":{"@type":"EntryPoint","urlTemplate":"https:\/\/cvinoticias.com\/v3\/?s={search_term_string}"},"query-input":{"@type":"PropertyValueSpecification","valueRequired":true,"valueName":"search_term_string"}}],"inLanguage":"es"},{"@type":"Organization","@id":"https:\/\/cvinoticias.com\/v3\/#organization","name":"CVI NOTICIAS","url":"https:\/\/cvinoticias.com\/v3\/","logo":{"@type":"ImageObject","inLanguage":"es","@id":"https:\/\/cvinoticias.com\/v3\/#\/schema\/logo\/image\/","url":"https:\/\/cvinoticias.com\/wp-content\/uploads\/2023\/04\/cropped-cropped-cropped-cropped-cropped-3-1.png","contentUrl":"https:\/\/cvinoticias.com\/wp-content\/uploads\/2023\/04\/cropped-cropped-cropped-cropped-cropped-3-1.png","width":95,"height":122,"caption":"CVI NOTICIAS"},"image":{"@id":"https:\/\/cvinoticias.com\/v3\/#\/schema\/logo\/image\/"},"sameAs":["https:\/\/www.facebook.com\/cvinoticias","https:\/\/www.instagram.com\/cvinoticias\/","https:\/\/www.youtube.com\/@CVINOTICIAS"]},{"@type":"Person","@id":"https:\/\/cvinoticias.com\/v3\/#\/schema\/person\/2db77e3c6bc03c538495d7b2b8be9b66","name":"f1000024","image":{"@type":"ImageObject","inLanguage":"es","@id":"https:\/\/secure.gravatar.com\/avatar\/d4fe7459cfc51ff5129ce1a732bbef5928568b8092d412ef95611616376bbeed?s=96&d=mm&r=g","url":"https:\/\/secure.gravatar.com\/avatar\/d4fe7459cfc51ff5129ce1a732bbef5928568b8092d412ef95611616376bbeed?s=96&d=mm&r=g","contentUrl":"https:\/\/secure.gravatar.com\/avatar\/d4fe7459cfc51ff5129ce1a732bbef5928568b8092d412ef95611616376bbeed?s=96&d=mm&r=g","caption":"f1000024"},"url":"https:\/\/cvinoticias.com\/v3\/author\/f1000024\/"}]}},"_links":{"self":[{"href":"https:\/\/cvinoticias.com\/v3\/wp-json\/wp\/v2\/posts\/12347","targetHints":{"allow":["GET"]}}],"collection":[{"href":"https:\/\/cvinoticias.com\/v3\/wp-json\/wp\/v2\/posts"}],"about":[{"href":"https:\/\/cvinoticias.com\/v3\/wp-json\/wp\/v2\/types\/post"}],"author":[{"embeddable":true,"href":"https:\/\/cvinoticias.com\/v3\/wp-json\/wp\/v2\/users\/2"}],"replies":[{"embeddable":true,"href":"https:\/\/cvinoticias.com\/v3\/wp-json\/wp\/v2\/comments?post=12347"}],"version-history":[{"count":1,"href":"https:\/\/cvinoticias.com\/v3\/wp-json\/wp\/v2\/posts\/12347\/revisions"}],"predecessor-version":[{"id":12351,"href":"https:\/\/cvinoticias.com\/v3\/wp-json\/wp\/v2\/posts\/12347\/revisions\/12351"}],"wp:featuredmedia":[{"embeddable":true,"href":"https:\/\/cvinoticias.com\/v3\/wp-json\/wp\/v2\/media\/12350"}],"wp:attachment":[{"href":"https:\/\/cvinoticias.com\/v3\/wp-json\/wp\/v2\/media?parent=12347"}],"wp:term":[{"taxonomy":"category","embeddable":true,"href":"https:\/\/cvinoticias.com\/v3\/wp-json\/wp\/v2\/categories?post=12347"},{"taxonomy":"post_tag","embeddable":true,"href":"https:\/\/cvinoticias.com\/v3\/wp-json\/wp\/v2\/tags?post=12347"}],"curies":[{"name":"wp","href":"https:\/\/api.w.org\/{rel}","templated":true}]}}