{"id":12342,"date":"2022-01-14T19:51:30","date_gmt":"2022-01-14T19:51:30","guid":{"rendered":"https:\/\/cvinoticias.com\/v3\/?p=12342"},"modified":"2022-01-14T19:51:30","modified_gmt":"2022-01-14T19:51:30","slug":"riesgo-de-incendio-prohibieron-el-uso-de-fuego-en-todos-los-parques-nacionales","status":"publish","type":"post","link":"https:\/\/cvinoticias.com\/v3\/riesgo-de-incendio-prohibieron-el-uso-de-fuego-en-todos-los-parques-nacionales\/","title":{"rendered":"Riesgo de incendio: prohibieron el uso de fuego en todos los parques nacionales"},"content":{"rendered":"\n<p><strong><em>As\u00ed lo inform\u00f3 el Gobierno en la Resoluci\u00f3n 12\/2022, publicada este viernes en el Bolet\u00edn Oficial.<\/em><\/strong><\/p>\n\n\n\n<p>En medio de la intensa ola de calor que azota a la Argentina y despu\u00e9s de los m\u00faltiples focos de incendio que afectaron a distintas regiones del pa\u00eds, algunos de los cuales todav\u00eda permanec\u00edan activos, el Gobierno decidi\u00f3 prohibir el uso del fuego en los parques nacionales. As\u00ed lo inform\u00f3 en la Resoluci\u00f3n 12\/2022, publicada este viernes en el Bolet\u00edn Oficial.<\/p>\n\n\n\n<p>La medida tiene como objetivo principal evitar que se sigan produciendo accidentes por llamas que se salen de control y que terminan arrasando miles de hect\u00e1reas. Puntualmente, las autoridades suspendieron \u201cla aplicaci\u00f3n de los protocolos de uso del fuego aprobados por Disposici\u00f3n de las \u00e1reas protegidas dependientes de la Administraci\u00f3n de Parques Nacionales\u201d, por lo que ya no estar\u00e1 permitido iniciar una fogata en estas zonas.<\/p>\n\n\n\n<p>La \u00fanica excepci\u00f3n a esta norma ser\u00e1n \u201clos campamentos organizados que sean administrados por prestadores tur\u00edsticos habilitados, ya sean concesionarios o permisionarios, quienes s\u00ed podr\u00e1n manipular fuego en estos lugares, aunque maximizando los controles.<\/p>\n\n\n\n<p>La prohibici\u00f3n alcanza entonces a la Reserva Nacional El Nogalar de Los Toldos; al Monumento Natural Laguna de los Pozuelos; al Parque Nacional Los Cardones; al Parque Nacional Barit\u00fa; al Parque Nacional El Rey; a la Reserva Nacional Pizarro; al Parque Nacional Aconquija; al Parque Nacional Calilegua; al Parque Nacional Copo y a la Reserva Natural Formosa.<\/p>\n\n\n\n<p>Tambi\u00e9n a la Reserva Natural Educativa Colonia Ben\u00edtez; al Parque Nacional Chaco; al Parque Nacional El Impenetrable; al Parque Nacional Iguaz\u00fa; a la Reserva Natural Estricta San Antonio; al Parque Nacional R\u00edo Pilcomayo; al Parque Nacional Mburucuy\u00e1 y al Parque Nacional Iber\u00e1.<\/p>\n\n\n\n<p>Los mismo aplica para el Parque Nacional El Leoncito; el Parque Nacional Quebrada del Condorito; el Parque Nacional San Guillermo; el Parque Nacional Sierra de las Quijadas; el Parque Nacional Talampaya; el Parque Nacional Traslasierra; el Parque Nacional Campos del Tuy\u00fa; el Parque Nacional Ciervo de los Pantanos; el Parque Nacional El Palmar; el Parque Nacional Islas de Santa Fe y el Parque Nacional Pre-Delta.<\/p>\n\n\n\n<p>Por \u00faltimo, la norma tambi\u00e9n rige en el Parque Interjurisdiccional Marino Isla Ping\u00fcino; el Parque Interjurisdiccional Marino Makenke; el Parque Nacional Bosques Petrificados de Jaramillo; el Parque Nacional Los Glaciares; el Parque Nacional Monte Le\u00f3n; el Parque Nacional Patagonia; el Parque Nacional Perito Moreno; el Parque Nacional Tierra del Fuego; la Reserva Natural Silvestre Isla de los Estados y Archipi\u00e9lago de A\u00f1o Nuevo; el Parque Interjurisdiccional Marino Costero Patagonia Austral; el Parque Nacional Lago Puelo; el Parque Nacional Laguna Blanca; el Parque Nacional Lan\u00edn; el Parque Nacional Lihu\u00e9 Calel; el Parque Nacional Los Alerces; el Parque Nacional Los Arrayanes y el Parque Nacional Nahuel Huapi, as\u00ed como tambi\u00e9n en las \u00e1reas marinas Namuncur\u00e1-Banco Burdwood y Yaganes.<\/p>\n\n\n\n<p>Esta medida se suma a la decisi\u00f3n que tom\u00f3 el Gobierno hace tan solo unos d\u00edas de declarar la emergencia \u00edgnea en todo el territorio nacional por el lapso de un a\u00f1o, como respuesta a la creciente cantidad de focos de incendios forestales, rurales, de pastizales y de interfase en la Argentina.<\/p>\n\n\n\n<p>De hecho, el foco que se registra en los alrededores de la localidad rionegrina de Bariloche, que se encuentra activo desde hace m\u00e1s de un mes, nuevamente se desbord\u00f3 y en las \u00faltimas horas el fuego atraves\u00f3 un tramo de la Ruta Nacional 40, camino a El Bols\u00f3n.<\/p>\n\n\n\n<p>Adem\u00e1s, estos siniestros ocurren en medio de sucesivas jornadas de altas temperaturas: \u201cYa no s\u00e9 qu\u00e9 m\u00e1s nos va a pasar a los argentinos, tuvimos una ola de calor que no se repet\u00eda hac\u00eda no s\u00e9 cu\u00e1ntos a\u00f1os\u201d, lament\u00f3 el presidente Alberto Fern\u00e1ndez ante empresarios.<\/p>\n\n\n\n<p>En los considerandos de la Resoluci\u00f3n publicada este viernes, el Gobierno precis\u00f3 que fue el Director de Lucha contra Incendios Forestales y Emergencias de la Naci\u00f3n el que \u201csolicit\u00f3 el dictado de un acto administrativo que restrinja el uso del fuego en lugares vinculados al uso p\u00fablico, a fin de no agravar los riesgos existentes\u201d.<\/p>\n\n\n\n<p>El funcionario argument\u00f3 este pedido advirtiendo sobre \u201cel estado de alerta meteorol\u00f3gica por altas temperaturas, el estr\u00e9s h\u00eddrico por la falta de lluvias, y el \u00edndice meteorol\u00f3gico de peligro de incendios\u201d.<\/p>\n\n\n\n<p>En este sentido, se sostuvo que \u201ca efectos de prevenir cat\u00e1strofes ambientales\u201d y evitar posibles incendios forestales, correspond\u00eda \u201cprohibir el uso del fuego en todas las \u00c1reas Protegidas dependientes de la Administraci\u00f3n de Parque Nacionales, mientras se mantengan las condiciones\u201d actuales.<\/p>\n\n\n\n<p>Sobre la excepci\u00f3n para los prestadores tur\u00edsticos, se remarc\u00f3 que los mismos podr\u00e1n estar autorizados porque \u201ccuentan con estructura de fogones y\/o parrilla, y adem\u00e1s con personal que puede actuar con inmediatez ante cualquier eventualidad\u201d, aunque, no obstante, se les informar\u00e1 sobre la situaci\u00f3n meteorol\u00f3gica y se les solicitar\u00e1 \u201cmaximizar los controles\u00bb.<\/p>\n","protected":false},"excerpt":{"rendered":"<p>As\u00ed lo inform\u00f3 el Gobierno en la Resoluci\u00f3n 12\/2022, publicada este viernes en el Bolet\u00edn Oficial. En medio de la intensa ola de calor que azota a la Argentina y despu\u00e9s de los m\u00faltiples focos de incendio que afectaron a distintas regiones del pa\u00eds, algunos de los cuales todav\u00eda permanec\u00edan activos, el Gobierno decidi\u00f3 prohibir [&hellip;]<\/p>\n","protected":false},"author":2,"featured_media":12345,"comment_status":"open","ping_status":"open","sticky":false,"template":"","format":"standard","meta":{"footnotes":""},"categories":[35],"tags":[],"class_list":["post-12342","post","type-post","status-publish","format-standard","has-post-thumbnail","hentry","category-informacion-general"],"yoast_head":"<!-- This site is optimized with the Yoast SEO plugin v27.5 - https:\/\/yoast.com\/product\/yoast-seo-wordpress\/ -->\n<title>Riesgo de incendio: prohibieron el uso de fuego en todos los parques nacionales | CVI NOTICIAS<\/title>\n<meta name=\"robots\" content=\"index, follow, max-snippet:-1, max-image-preview:large, max-video-preview:-1\" \/>\n<link rel=\"canonical\" href=\"https:\/\/cvinoticias.com\/v3\/riesgo-de-incendio-prohibieron-el-uso-de-fuego-en-todos-los-parques-nacionales\/\" \/>\n<meta property=\"og:locale\" content=\"es_ES\" \/>\n<meta property=\"og:type\" content=\"article\" \/>\n<meta property=\"og:title\" content=\"Riesgo de incendio: prohibieron el uso de fuego en todos los parques nacionales | CVI NOTICIAS\" \/>\n<meta property=\"og:description\" content=\"As\u00ed lo inform\u00f3 el Gobierno en la Resoluci\u00f3n 12\/2022, publicada este viernes en el Bolet\u00edn Oficial. En medio de la intensa ola de calor que azota a la Argentina y despu\u00e9s de los m\u00faltiples focos de incendio que afectaron a distintas regiones del pa\u00eds, algunos de los cuales todav\u00eda permanec\u00edan activos, el Gobierno decidi\u00f3 prohibir [&hellip;]\" \/>\n<meta property=\"og:url\" content=\"https:\/\/cvinoticias.com\/v3\/riesgo-de-incendio-prohibieron-el-uso-de-fuego-en-todos-los-parques-nacionales\/\" \/>\n<meta property=\"og:site_name\" content=\"CVI NOTICIAS\" \/>\n<meta property=\"article:publisher\" content=\"https:\/\/www.facebook.com\/cvinoticias\" \/>\n<meta property=\"article:published_time\" content=\"2022-01-14T19:51:30+00:00\" \/>\n<meta property=\"og:image\" content=\"https:\/\/cvinoticias.com\/wp-content\/uploads\/2022\/01\/ingreso-parque-nacional-iguazu.jpg\" \/>\n\t<meta property=\"og:image:width\" content=\"764\" \/>\n\t<meta property=\"og:image:height\" content=\"526\" \/>\n\t<meta property=\"og:image:type\" content=\"image\/jpeg\" \/>\n<meta name=\"author\" content=\"f1000024\" \/>\n<meta name=\"twitter:card\" content=\"summary_large_image\" \/>\n<meta name=\"twitter:label1\" content=\"Escrito por\" \/>\n\t<meta name=\"twitter:data1\" content=\"f1000024\" \/>\n\t<meta name=\"twitter:label2\" content=\"Tiempo de lectura\" \/>\n\t<meta name=\"twitter:data2\" content=\"4 minutos\" \/>\n<script type=\"application\/ld+json\" class=\"yoast-schema-graph\">{\"@context\":\"https:\\\/\\\/schema.org\",\"@graph\":[{\"@type\":\"Article\",\"@id\":\"https:\\\/\\\/cvinoticias.com\\\/v3\\\/riesgo-de-incendio-prohibieron-el-uso-de-fuego-en-todos-los-parques-nacionales\\\/#article\",\"isPartOf\":{\"@id\":\"https:\\\/\\\/cvinoticias.com\\\/v3\\\/riesgo-de-incendio-prohibieron-el-uso-de-fuego-en-todos-los-parques-nacionales\\\/\"},\"author\":{\"name\":\"f1000024\",\"@id\":\"https:\\\/\\\/cvinoticias.com\\\/v3\\\/#\\\/schema\\\/person\\\/2db77e3c6bc03c538495d7b2b8be9b66\"},\"headline\":\"Riesgo de incendio: prohibieron el uso de fuego en todos los parques nacionales\",\"datePublished\":\"2022-01-14T19:51:30+00:00\",\"mainEntityOfPage\":{\"@id\":\"https:\\\/\\\/cvinoticias.com\\\/v3\\\/riesgo-de-incendio-prohibieron-el-uso-de-fuego-en-todos-los-parques-nacionales\\\/\"},\"wordCount\":849,\"commentCount\":0,\"publisher\":{\"@id\":\"https:\\\/\\\/cvinoticias.com\\\/v3\\\/#organization\"},\"image\":{\"@id\":\"https:\\\/\\\/cvinoticias.com\\\/v3\\\/riesgo-de-incendio-prohibieron-el-uso-de-fuego-en-todos-los-parques-nacionales\\\/#primaryimage\"},\"thumbnailUrl\":\"https:\\\/\\\/cvinoticias.com\\\/wp-content\\\/uploads\\\/2022\\\/01\\\/ingreso-parque-nacional-iguazu.jpg\",\"articleSection\":[\"Informaci\u00f3n General\"],\"inLanguage\":\"es\",\"potentialAction\":[{\"@type\":\"CommentAction\",\"name\":\"Comment\",\"target\":[\"https:\\\/\\\/cvinoticias.com\\\/v3\\\/riesgo-de-incendio-prohibieron-el-uso-de-fuego-en-todos-los-parques-nacionales\\\/#respond\"]}]},{\"@type\":\"WebPage\",\"@id\":\"https:\\\/\\\/cvinoticias.com\\\/v3\\\/riesgo-de-incendio-prohibieron-el-uso-de-fuego-en-todos-los-parques-nacionales\\\/\",\"url\":\"https:\\\/\\\/cvinoticias.com\\\/v3\\\/riesgo-de-incendio-prohibieron-el-uso-de-fuego-en-todos-los-parques-nacionales\\\/\",\"name\":\"Riesgo de incendio: prohibieron el uso de fuego en todos los parques nacionales | CVI NOTICIAS\",\"isPartOf\":{\"@id\":\"https:\\\/\\\/cvinoticias.com\\\/v3\\\/#website\"},\"primaryImageOfPage\":{\"@id\":\"https:\\\/\\\/cvinoticias.com\\\/v3\\\/riesgo-de-incendio-prohibieron-el-uso-de-fuego-en-todos-los-parques-nacionales\\\/#primaryimage\"},\"image\":{\"@id\":\"https:\\\/\\\/cvinoticias.com\\\/v3\\\/riesgo-de-incendio-prohibieron-el-uso-de-fuego-en-todos-los-parques-nacionales\\\/#primaryimage\"},\"thumbnailUrl\":\"https:\\\/\\\/cvinoticias.com\\\/wp-content\\\/uploads\\\/2022\\\/01\\\/ingreso-parque-nacional-iguazu.jpg\",\"datePublished\":\"2022-01-14T19:51:30+00:00\",\"breadcrumb\":{\"@id\":\"https:\\\/\\\/cvinoticias.com\\\/v3\\\/riesgo-de-incendio-prohibieron-el-uso-de-fuego-en-todos-los-parques-nacionales\\\/#breadcrumb\"},\"inLanguage\":\"es\",\"potentialAction\":[{\"@type\":\"ReadAction\",\"target\":[\"https:\\\/\\\/cvinoticias.com\\\/v3\\\/riesgo-de-incendio-prohibieron-el-uso-de-fuego-en-todos-los-parques-nacionales\\\/\"]}]},{\"@type\":\"ImageObject\",\"inLanguage\":\"es\",\"@id\":\"https:\\\/\\\/cvinoticias.com\\\/v3\\\/riesgo-de-incendio-prohibieron-el-uso-de-fuego-en-todos-los-parques-nacionales\\\/#primaryimage\",\"url\":\"https:\\\/\\\/cvinoticias.com\\\/wp-content\\\/uploads\\\/2022\\\/01\\\/ingreso-parque-nacional-iguazu.jpg\",\"contentUrl\":\"https:\\\/\\\/cvinoticias.com\\\/wp-content\\\/uploads\\\/2022\\\/01\\\/ingreso-parque-nacional-iguazu.jpg\",\"width\":764,\"height\":526},{\"@type\":\"BreadcrumbList\",\"@id\":\"https:\\\/\\\/cvinoticias.com\\\/v3\\\/riesgo-de-incendio-prohibieron-el-uso-de-fuego-en-todos-los-parques-nacionales\\\/#breadcrumb\",\"itemListElement\":[{\"@type\":\"ListItem\",\"position\":1,\"name\":\"Portada\",\"item\":\"https:\\\/\\\/cvinoticias.com\\\/v3\\\/\"},{\"@type\":\"ListItem\",\"position\":2,\"name\":\"Riesgo de incendio: prohibieron el uso de fuego en todos los parques nacionales\"}]},{\"@type\":\"WebSite\",\"@id\":\"https:\\\/\\\/cvinoticias.com\\\/v3\\\/#website\",\"url\":\"https:\\\/\\\/cvinoticias.com\\\/v3\\\/\",\"name\":\"CVI NOTICIAS\",\"description\":\"\",\"publisher\":{\"@id\":\"https:\\\/\\\/cvinoticias.com\\\/v3\\\/#organization\"},\"alternateName\":\"CVI\",\"potentialAction\":[{\"@type\":\"SearchAction\",\"target\":{\"@type\":\"EntryPoint\",\"urlTemplate\":\"https:\\\/\\\/cvinoticias.com\\\/v3\\\/?s={search_term_string}\"},\"query-input\":{\"@type\":\"PropertyValueSpecification\",\"valueRequired\":true,\"valueName\":\"search_term_string\"}}],\"inLanguage\":\"es\"},{\"@type\":\"Organization\",\"@id\":\"https:\\\/\\\/cvinoticias.com\\\/v3\\\/#organization\",\"name\":\"CVI NOTICIAS\",\"url\":\"https:\\\/\\\/cvinoticias.com\\\/v3\\\/\",\"logo\":{\"@type\":\"ImageObject\",\"inLanguage\":\"es\",\"@id\":\"https:\\\/\\\/cvinoticias.com\\\/v3\\\/#\\\/schema\\\/logo\\\/image\\\/\",\"url\":\"https:\\\/\\\/cvinoticias.com\\\/wp-content\\\/uploads\\\/2023\\\/04\\\/cropped-cropped-cropped-cropped-cropped-3-1.png\",\"contentUrl\":\"https:\\\/\\\/cvinoticias.com\\\/wp-content\\\/uploads\\\/2023\\\/04\\\/cropped-cropped-cropped-cropped-cropped-3-1.png\",\"width\":95,\"height\":122,\"caption\":\"CVI NOTICIAS\"},\"image\":{\"@id\":\"https:\\\/\\\/cvinoticias.com\\\/v3\\\/#\\\/schema\\\/logo\\\/image\\\/\"},\"sameAs\":[\"https:\\\/\\\/www.facebook.com\\\/cvinoticias\",\"https:\\\/\\\/www.instagram.com\\\/cvinoticias\\\/\",\"https:\\\/\\\/www.youtube.com\\\/@CVINOTICIAS\"]},{\"@type\":\"Person\",\"@id\":\"https:\\\/\\\/cvinoticias.com\\\/v3\\\/#\\\/schema\\\/person\\\/2db77e3c6bc03c538495d7b2b8be9b66\",\"name\":\"f1000024\",\"image\":{\"@type\":\"ImageObject\",\"inLanguage\":\"es\",\"@id\":\"https:\\\/\\\/secure.gravatar.com\\\/avatar\\\/d4fe7459cfc51ff5129ce1a732bbef5928568b8092d412ef95611616376bbeed?s=96&d=mm&r=g\",\"url\":\"https:\\\/\\\/secure.gravatar.com\\\/avatar\\\/d4fe7459cfc51ff5129ce1a732bbef5928568b8092d412ef95611616376bbeed?s=96&d=mm&r=g\",\"contentUrl\":\"https:\\\/\\\/secure.gravatar.com\\\/avatar\\\/d4fe7459cfc51ff5129ce1a732bbef5928568b8092d412ef95611616376bbeed?s=96&d=mm&r=g\",\"caption\":\"f1000024\"},\"url\":\"https:\\\/\\\/cvinoticias.com\\\/v3\\\/author\\\/f1000024\\\/\"}]}<\/script>\n<!-- \/ Yoast SEO plugin. -->","yoast_head_json":{"title":"Riesgo de incendio: prohibieron el uso de fuego en todos los parques nacionales | CVI NOTICIAS","robots":{"index":"index","follow":"follow","max-snippet":"max-snippet:-1","max-image-preview":"max-image-preview:large","max-video-preview":"max-video-preview:-1"},"canonical":"https:\/\/cvinoticias.com\/v3\/riesgo-de-incendio-prohibieron-el-uso-de-fuego-en-todos-los-parques-nacionales\/","og_locale":"es_ES","og_type":"article","og_title":"Riesgo de incendio: prohibieron el uso de fuego en todos los parques nacionales | CVI NOTICIAS","og_description":"As\u00ed lo inform\u00f3 el Gobierno en la Resoluci\u00f3n 12\/2022, publicada este viernes en el Bolet\u00edn Oficial. En medio de la intensa ola de calor que azota a la Argentina y despu\u00e9s de los m\u00faltiples focos de incendio que afectaron a distintas regiones del pa\u00eds, algunos de los cuales todav\u00eda permanec\u00edan activos, el Gobierno decidi\u00f3 prohibir [&hellip;]","og_url":"https:\/\/cvinoticias.com\/v3\/riesgo-de-incendio-prohibieron-el-uso-de-fuego-en-todos-los-parques-nacionales\/","og_site_name":"CVI NOTICIAS","article_publisher":"https:\/\/www.facebook.com\/cvinoticias","article_published_time":"2022-01-14T19:51:30+00:00","og_image":[{"width":764,"height":526,"url":"https:\/\/cvinoticias.com\/wp-content\/uploads\/2022\/01\/ingreso-parque-nacional-iguazu.jpg","type":"image\/jpeg"}],"author":"f1000024","twitter_card":"summary_large_image","twitter_misc":{"Escrito por":"f1000024","Tiempo de lectura":"4 minutos"},"schema":{"@context":"https:\/\/schema.org","@graph":[{"@type":"Article","@id":"https:\/\/cvinoticias.com\/v3\/riesgo-de-incendio-prohibieron-el-uso-de-fuego-en-todos-los-parques-nacionales\/#article","isPartOf":{"@id":"https:\/\/cvinoticias.com\/v3\/riesgo-de-incendio-prohibieron-el-uso-de-fuego-en-todos-los-parques-nacionales\/"},"author":{"name":"f1000024","@id":"https:\/\/cvinoticias.com\/v3\/#\/schema\/person\/2db77e3c6bc03c538495d7b2b8be9b66"},"headline":"Riesgo de incendio: prohibieron el uso de fuego en todos los parques nacionales","datePublished":"2022-01-14T19:51:30+00:00","mainEntityOfPage":{"@id":"https:\/\/cvinoticias.com\/v3\/riesgo-de-incendio-prohibieron-el-uso-de-fuego-en-todos-los-parques-nacionales\/"},"wordCount":849,"commentCount":0,"publisher":{"@id":"https:\/\/cvinoticias.com\/v3\/#organization"},"image":{"@id":"https:\/\/cvinoticias.com\/v3\/riesgo-de-incendio-prohibieron-el-uso-de-fuego-en-todos-los-parques-nacionales\/#primaryimage"},"thumbnailUrl":"https:\/\/cvinoticias.com\/wp-content\/uploads\/2022\/01\/ingreso-parque-nacional-iguazu.jpg","articleSection":["Informaci\u00f3n General"],"inLanguage":"es","potentialAction":[{"@type":"CommentAction","name":"Comment","target":["https:\/\/cvinoticias.com\/v3\/riesgo-de-incendio-prohibieron-el-uso-de-fuego-en-todos-los-parques-nacionales\/#respond"]}]},{"@type":"WebPage","@id":"https:\/\/cvinoticias.com\/v3\/riesgo-de-incendio-prohibieron-el-uso-de-fuego-en-todos-los-parques-nacionales\/","url":"https:\/\/cvinoticias.com\/v3\/riesgo-de-incendio-prohibieron-el-uso-de-fuego-en-todos-los-parques-nacionales\/","name":"Riesgo de incendio: prohibieron el uso de fuego en todos los parques nacionales | CVI NOTICIAS","isPartOf":{"@id":"https:\/\/cvinoticias.com\/v3\/#website"},"primaryImageOfPage":{"@id":"https:\/\/cvinoticias.com\/v3\/riesgo-de-incendio-prohibieron-el-uso-de-fuego-en-todos-los-parques-nacionales\/#primaryimage"},"image":{"@id":"https:\/\/cvinoticias.com\/v3\/riesgo-de-incendio-prohibieron-el-uso-de-fuego-en-todos-los-parques-nacionales\/#primaryimage"},"thumbnailUrl":"https:\/\/cvinoticias.com\/wp-content\/uploads\/2022\/01\/ingreso-parque-nacional-iguazu.jpg","datePublished":"2022-01-14T19:51:30+00:00","breadcrumb":{"@id":"https:\/\/cvinoticias.com\/v3\/riesgo-de-incendio-prohibieron-el-uso-de-fuego-en-todos-los-parques-nacionales\/#breadcrumb"},"inLanguage":"es","potentialAction":[{"@type":"ReadAction","target":["https:\/\/cvinoticias.com\/v3\/riesgo-de-incendio-prohibieron-el-uso-de-fuego-en-todos-los-parques-nacionales\/"]}]},{"@type":"ImageObject","inLanguage":"es","@id":"https:\/\/cvinoticias.com\/v3\/riesgo-de-incendio-prohibieron-el-uso-de-fuego-en-todos-los-parques-nacionales\/#primaryimage","url":"https:\/\/cvinoticias.com\/wp-content\/uploads\/2022\/01\/ingreso-parque-nacional-iguazu.jpg","contentUrl":"https:\/\/cvinoticias.com\/wp-content\/uploads\/2022\/01\/ingreso-parque-nacional-iguazu.jpg","width":764,"height":526},{"@type":"BreadcrumbList","@id":"https:\/\/cvinoticias.com\/v3\/riesgo-de-incendio-prohibieron-el-uso-de-fuego-en-todos-los-parques-nacionales\/#breadcrumb","itemListElement":[{"@type":"ListItem","position":1,"name":"Portada","item":"https:\/\/cvinoticias.com\/v3\/"},{"@type":"ListItem","position":2,"name":"Riesgo de incendio: prohibieron el uso de fuego en todos los parques nacionales"}]},{"@type":"WebSite","@id":"https:\/\/cvinoticias.com\/v3\/#website","url":"https:\/\/cvinoticias.com\/v3\/","name":"CVI NOTICIAS","description":"","publisher":{"@id":"https:\/\/cvinoticias.com\/v3\/#organization"},"alternateName":"CVI","potentialAction":[{"@type":"SearchAction","target":{"@type":"EntryPoint","urlTemplate":"https:\/\/cvinoticias.com\/v3\/?s={search_term_string}"},"query-input":{"@type":"PropertyValueSpecification","valueRequired":true,"valueName":"search_term_string"}}],"inLanguage":"es"},{"@type":"Organization","@id":"https:\/\/cvinoticias.com\/v3\/#organization","name":"CVI NOTICIAS","url":"https:\/\/cvinoticias.com\/v3\/","logo":{"@type":"ImageObject","inLanguage":"es","@id":"https:\/\/cvinoticias.com\/v3\/#\/schema\/logo\/image\/","url":"https:\/\/cvinoticias.com\/wp-content\/uploads\/2023\/04\/cropped-cropped-cropped-cropped-cropped-3-1.png","contentUrl":"https:\/\/cvinoticias.com\/wp-content\/uploads\/2023\/04\/cropped-cropped-cropped-cropped-cropped-3-1.png","width":95,"height":122,"caption":"CVI NOTICIAS"},"image":{"@id":"https:\/\/cvinoticias.com\/v3\/#\/schema\/logo\/image\/"},"sameAs":["https:\/\/www.facebook.com\/cvinoticias","https:\/\/www.instagram.com\/cvinoticias\/","https:\/\/www.youtube.com\/@CVINOTICIAS"]},{"@type":"Person","@id":"https:\/\/cvinoticias.com\/v3\/#\/schema\/person\/2db77e3c6bc03c538495d7b2b8be9b66","name":"f1000024","image":{"@type":"ImageObject","inLanguage":"es","@id":"https:\/\/secure.gravatar.com\/avatar\/d4fe7459cfc51ff5129ce1a732bbef5928568b8092d412ef95611616376bbeed?s=96&d=mm&r=g","url":"https:\/\/secure.gravatar.com\/avatar\/d4fe7459cfc51ff5129ce1a732bbef5928568b8092d412ef95611616376bbeed?s=96&d=mm&r=g","contentUrl":"https:\/\/secure.gravatar.com\/avatar\/d4fe7459cfc51ff5129ce1a732bbef5928568b8092d412ef95611616376bbeed?s=96&d=mm&r=g","caption":"f1000024"},"url":"https:\/\/cvinoticias.com\/v3\/author\/f1000024\/"}]}},"_links":{"self":[{"href":"https:\/\/cvinoticias.com\/v3\/wp-json\/wp\/v2\/posts\/12342","targetHints":{"allow":["GET"]}}],"collection":[{"href":"https:\/\/cvinoticias.com\/v3\/wp-json\/wp\/v2\/posts"}],"about":[{"href":"https:\/\/cvinoticias.com\/v3\/wp-json\/wp\/v2\/types\/post"}],"author":[{"embeddable":true,"href":"https:\/\/cvinoticias.com\/v3\/wp-json\/wp\/v2\/users\/2"}],"replies":[{"embeddable":true,"href":"https:\/\/cvinoticias.com\/v3\/wp-json\/wp\/v2\/comments?post=12342"}],"version-history":[{"count":1,"href":"https:\/\/cvinoticias.com\/v3\/wp-json\/wp\/v2\/posts\/12342\/revisions"}],"predecessor-version":[{"id":12346,"href":"https:\/\/cvinoticias.com\/v3\/wp-json\/wp\/v2\/posts\/12342\/revisions\/12346"}],"wp:featuredmedia":[{"embeddable":true,"href":"https:\/\/cvinoticias.com\/v3\/wp-json\/wp\/v2\/media\/12345"}],"wp:attachment":[{"href":"https:\/\/cvinoticias.com\/v3\/wp-json\/wp\/v2\/media?parent=12342"}],"wp:term":[{"taxonomy":"category","embeddable":true,"href":"https:\/\/cvinoticias.com\/v3\/wp-json\/wp\/v2\/categories?post=12342"},{"taxonomy":"post_tag","embeddable":true,"href":"https:\/\/cvinoticias.com\/v3\/wp-json\/wp\/v2\/tags?post=12342"}],"curies":[{"name":"wp","href":"https:\/\/api.w.org\/{rel}","templated":true}]}}